{"id":2996,"date":"2018-01-17T08:25:59","date_gmt":"2018-01-17T07:25:59","guid":{"rendered":"https:\/\/www.organisator.ch\/?p=2996"},"modified":"2018-01-17T08:25:59","modified_gmt":"2018-01-17T07:25:59","slug":"ict-branche-umsatzstark-und-optimistisch-in-die-zukunft","status":"publish","type":"post","link":"https:\/\/www.organisator.ch\/en\/management\/it\/2018-01-17\/ict-branche-umsatzstark-und-optimistisch-in-die-zukunft\/","title":{"rendered":"ICT industry: strong sales and optimistic about the future"},"content":{"rendered":"<figure id=\"attachment_2998\" aria-describedby=\"caption-attachment-2998\" style=\"width: 640px\" class=\"wp-caption alignnone\"><img loading=\"lazy\" decoding=\"async\" class=\"size-full wp-image-2998\" src=\"https:\/\/www.organisator.ch\/wp-content\/uploads\/2018\/01\/ICT-Branche-umsatzstark-und-optimistisch-in-die-Zukunft_Organisator.jpg\" alt=\"\" width=\"640\" height=\"428\" srcset=\"https:\/\/www.organisator.ch\/wp-content\/uploads\/2018\/01\/ICT-Branche-umsatzstark-und-optimistisch-in-die-Zukunft_Organisator.jpg 640w, https:\/\/www.organisator.ch\/wp-content\/uploads\/2018\/01\/ICT-Branche-umsatzstark-und-optimistisch-in-die-Zukunft_Organisator-16x12.jpg 16w, https:\/\/www.organisator.ch\/wp-content\/uploads\/2018\/01\/ICT-Branche-umsatzstark-und-optimistisch-in-die-Zukunft_Organisator-262x175.jpg 262w, https:\/\/www.organisator.ch\/wp-content\/uploads\/2018\/01\/ICT-Branche-umsatzstark-und-optimistisch-in-die-Zukunft_Organisator-523x350.jpg 523w, https:\/\/www.organisator.ch\/wp-content\/uploads\/2018\/01\/ICT-Branche-umsatzstark-und-optimistisch-in-die-Zukunft_Organisator-300x201.jpg 300w\" sizes=\"auto, (max-width: 640px) 100vw, 640px\" \/><figcaption id=\"caption-attachment-2998\" class=\"wp-caption-text\">The ICT industry in Switzerland is more optimistic than it has been for a long time. (Image: Fotolia.com)<\/figcaption><\/figure>\n<p>The Swiss ICT market grew by 2.3 percent in 2017, generating total sales of CHF 31.4 billion. This is shown by the latest data from the European Technology Observatory (EITO), which was presented at the Swico annual media conference in Zurich on January 16. For 2018, EITO again forecasts a 2.2 percent increase in sales for the Swiss ICT industry. The European ICT market is also doing well: Total revenue grew by 2.5 percent in 2017 to 688 billion euros.<\/p>\n<h2>Successfully representing the interests of the ICT industry<\/h2>\n<p>Swico's intensive lobbying for the interests of the ICT industry seems to be paying off: There was a clear increase in Parliament's understanding of the need to revise the labor law. The Federal Council has made the required upward adjustments to the quotas. Furthermore, it is becoming apparent that the referendum against the network blocks in the Gaming Act, which Swico has strongly supported, will be carried out.<\/p>\n<p>As the trade association of Digital Switzerland, Swico will continue to campaign for a free and secure network in 2018, for example in the consultation on the nationwide cyber strategy or in the vote on the Money Gaming Act. Another topic remains the Switzerland-wide electronic identity (eID): \"A practicable eID is the central prerequisite for numerous new digital business models,\" says Swico CEO Jean-Marc Hensch. Politicians tend to respond reflexively to technical innovations with new bans and restrictions. Therefore, Jean-Marc Hensch is convinced that the strong voice of the supplier side is needed more than ever. \"We are the association of digitalizers. If our member companies can't do their job, then the Swiss economy as a whole has a problem.\"<\/p>\n<h2>Arrived in French-speaking Switzerland<\/h2>\n<p>The Swico community is growing: In 2017, the association once again welcomed numerous new members and for the first time counted over 500 members. Particularly pleasing is the accession of over two dozen start-up companies, for which the association set up a special program in 2017. Swico also successfully expanded its presence in French-speaking Switzerland.<\/p>\n<h2>Shortage of ICT specialists puts the brakes on growth prospects<\/h2>\n<p>One key issue that continues to preoccupy the industry is the shortage of well-trained ICT specialists. \"Demand from industry is high and prices are correspondingly stable. However, sales forecasts would be much better if companies were able to recruit enough qualified ICT specialists,\" emphasizes Giancarlo Palmisani, member of the Swico Executive Board. Swico is once again making an urgent appeal to politicians.<\/p>\n<h2>Review 2017: The Swiss ICT market in figures<strong><span style=\"color: #606060; font-family: Verdana; font-size: small;\"><br \/>\n<\/span><\/strong><\/h2>\n<p>The Swiss IT market (excluding telecoms) generated sales of CHF 19.8 billion in 2017, representing growth of 3.5 percent. At 6 percent, the software segment again posted the strongest growth, generating sales of CHF 6.4 billion. At 20.4 percent, the market share of the Swiss Software segment is significantly higher than the European comparison (EU: 13.8 percent). IT Services, still the largest segment in terms of volume, grew by three percent to a total of 10.6 billion Swiss francs. The IT Hardware segment lost slightly (-0.5 percent) and generated sales of 2.8 billion Swiss francs.<\/p>\n<p>The telecoms market recorded slight growth of 0.3 percent in 2017 and generated a total of CHF 11.6 billion. Switzerland remains a smartphone country: After the market slumped in 2016 (-21.6 percent), there was moderate growth in 2017 (+4.5 percent) to CHF 1.7 billion. A total of 3.2 million units were sold, which means that sales stabilized at the level of 2016.<\/p>\n<p><a href=\"http:\/\/www.swico.ch\"><em>www.swico.ch<\/em><\/a><\/p>","protected":false},"excerpt":{"rendered":"<p>Der Schweizer ICT-Markt ist 2017 um 2.3 Prozent gewachsen und erzielt einen Gesamtumsatz von 31.4 Milliarden Schweizer Franken. Das zeigen die aktuellen Daten des European Technology Observatory (EITO), die\u00a0am 16. Januar\u00a0an der Swico Jahresmedienkonferenz in Z\u00fcrich pr\u00e4sentiert wurden. F\u00fcr das Jahr 2018 prognostiziert EITO der Schweizer ICT-Branche erneut ein Umsatzplus von 2.2 Prozent. Auch dem [&hellip;]<\/p>\n","protected":false},"author":4,"featured_media":2998,"comment_status":"open","ping_status":"open","sticky":false,"template":"","format":"standard","meta":{"_acf_changed":false,"_yoast_wpseo_focuskw":"ICT-Branche","_yoast_wpseo_metadesc":"Der Schweizer ICT-Markt w\u00e4chst weiterhin dank Investitionen im IT-Bereich und blickt f\u00fcr 2018 so optimistisch in die Zukunft, wie seit sieben Jahren nicht mehr.","articlekey":"","footnotes":""},"categories":[27],"tags":[156,286,288,531],"class_list":["post-2996","post","type-post","status-publish","format-standard","has-post-thumbnail","hentry","category-it","tag-digitalisierung","tag-it","tag-it-business-software","tag-wirtschaftspolitik"],"acf":[],"yoast_head":"<!-- This site is optimized with the Yoast SEO plugin v27.4 - https:\/\/yoast.com\/product\/yoast-seo-wordpress\/ -->\n<title>ICT-Branche: umsatzstark und optimistisch in die Zukunft - Organisator<\/title>\n<meta name=\"description\" content=\"Der Schweizer ICT-Markt w\u00e4chst weiterhin dank Investitionen im IT-Bereich und blickt f\u00fcr 2018 so optimistisch in die Zukunft, wie seit sieben Jahren nicht mehr.\" \/>\n<meta name=\"robots\" content=\"index, follow, max-snippet:-1, max-image-preview:large, max-video-preview:-1\" \/>\n<link rel=\"canonical\" href=\"https:\/\/www.organisator.ch\/en\/management\/it\/2018-01-17\/ict-branche-umsatzstark-und-optimistisch-in-die-zukunft\/\" \/>\n<meta property=\"og:locale\" content=\"en_US\" \/>\n<meta property=\"og:type\" content=\"article\" \/>\n<meta property=\"og:title\" content=\"ICT-Branche: umsatzstark und optimistisch in die Zukunft\" \/>\n<meta property=\"og:description\" content=\"Der Schweizer #ICT-Markt w\u00e4chst weiterhin dank Investitionen im #IT-Bereich und blickt f\u00fcr 2018 so optimistisch in die Zukunft, wie seit sieben Jahren nicht mehr.\" \/>\n<meta property=\"og:url\" content=\"https:\/\/www.organisator.ch\/en\/management\/it\/2018-01-17\/ict-branche-umsatzstark-und-optimistisch-in-die-zukunft\/\" \/>\n<meta property=\"og:site_name\" content=\"Organisator\" \/>\n<meta property=\"article:publisher\" content=\"https:\/\/www.facebook.com\/OrganisatorFachmagazin\" \/>\n<meta property=\"article:published_time\" content=\"2018-01-17T07:25:59+00:00\" \/>\n<meta property=\"og:image\" content=\"https:\/\/www.organisator.ch\/wp-content\/uploads\/2018\/01\/ICT-Branche-umsatzstark-und-optimistisch-in-die-Zukunft_Organisator.jpg\" \/>\n\t<meta property=\"og:image:width\" content=\"640\" \/>\n\t<meta property=\"og:image:height\" content=\"428\" \/>\n\t<meta property=\"og:image:type\" content=\"image\/jpeg\" \/>\n<meta name=\"author\" content=\"thomas.berner\" \/>\n<meta name=\"twitter:card\" content=\"summary_large_image\" \/>\n<meta name=\"twitter:title\" content=\"#ICT-Branche: umsatzstark und optimistisch in die Zukunft\" \/>\n<meta name=\"twitter:description\" content=\"Der Schweizer #ICT-Markt w\u00e4chst weiterhin dank Investitionen im #IT-Bereich und blickt f\u00fcr 2018 so optimistisch in die Zukunft, wie seit sieben Jahren nicht mehr.\" \/>\n<meta name=\"twitter:image\" content=\"https:\/\/www.organisator.ch\/wp-content\/uploads\/2018\/01\/ICT-Branche-umsatzstark-und-optimistisch-in-die-Zukunft_Organisator.jpg\" \/>\n<script type=\"application\/ld+json\" class=\"yoast-schema-graph\">{\"@context\":\"https:\\\/\\\/schema.org\",\"@graph\":[{\"@type\":\"Article\",\"@id\":\"https:\\\/\\\/www.organisator.ch\\\/management\\\/it\\\/2018-01-17\\\/ict-branche-umsatzstark-und-optimistisch-in-die-zukunft\\\/#article\",\"isPartOf\":{\"@id\":\"https:\\\/\\\/www.organisator.ch\\\/management\\\/it\\\/2018-01-17\\\/ict-branche-umsatzstark-und-optimistisch-in-die-zukunft\\\/\"},\"author\":{\"name\":\"thomas.berner\",\"@id\":\"https:\\\/\\\/www.organisator.ch\\\/#\\\/schema\\\/person\\\/6f650f90b2842cd4c0cc334b4e36f67e\"},\"headline\":\"ICT-Branche: umsatzstark und optimistisch in die Zukunft\",\"datePublished\":\"2018-01-17T07:25:59+00:00\",\"mainEntityOfPage\":{\"@id\":\"https:\\\/\\\/www.organisator.ch\\\/management\\\/it\\\/2018-01-17\\\/ict-branche-umsatzstark-und-optimistisch-in-die-zukunft\\\/\"},\"wordCount\":549,\"commentCount\":0,\"publisher\":{\"@id\":\"https:\\\/\\\/www.organisator.ch\\\/#organization\"},\"image\":{\"@id\":\"https:\\\/\\\/www.organisator.ch\\\/management\\\/it\\\/2018-01-17\\\/ict-branche-umsatzstark-und-optimistisch-in-die-zukunft\\\/#primaryimage\"},\"thumbnailUrl\":\"https:\\\/\\\/www.organisator.ch\\\/wp-content\\\/uploads\\\/2018\\\/01\\\/ICT-Branche-umsatzstark-und-optimistisch-in-die-Zukunft_Organisator.jpg\",\"keywords\":[\"Digitalisierung\",\"IT\",\"IT &amp; Business Software\",\"Wirtschaftspolitik\"],\"articleSection\":[\"IT\"],\"inLanguage\":\"en-US\"},{\"@type\":\"WebPage\",\"@id\":\"https:\\\/\\\/www.organisator.ch\\\/management\\\/it\\\/2018-01-17\\\/ict-branche-umsatzstark-und-optimistisch-in-die-zukunft\\\/\",\"url\":\"https:\\\/\\\/www.organisator.ch\\\/management\\\/it\\\/2018-01-17\\\/ict-branche-umsatzstark-und-optimistisch-in-die-zukunft\\\/\",\"name\":\"ICT-Branche: umsatzstark und optimistisch in die Zukunft - Organisator\",\"isPartOf\":{\"@id\":\"https:\\\/\\\/www.organisator.ch\\\/#website\"},\"primaryImageOfPage\":{\"@id\":\"https:\\\/\\\/www.organisator.ch\\\/management\\\/it\\\/2018-01-17\\\/ict-branche-umsatzstark-und-optimistisch-in-die-zukunft\\\/#primaryimage\"},\"image\":{\"@id\":\"https:\\\/\\\/www.organisator.ch\\\/management\\\/it\\\/2018-01-17\\\/ict-branche-umsatzstark-und-optimistisch-in-die-zukunft\\\/#primaryimage\"},\"thumbnailUrl\":\"https:\\\/\\\/www.organisator.ch\\\/wp-content\\\/uploads\\\/2018\\\/01\\\/ICT-Branche-umsatzstark-und-optimistisch-in-die-Zukunft_Organisator.jpg\",\"datePublished\":\"2018-01-17T07:25:59+00:00\",\"description\":\"Der Schweizer ICT-Markt w\u00e4chst weiterhin dank Investitionen im IT-Bereich und blickt f\u00fcr 2018 so optimistisch in die Zukunft, wie seit sieben Jahren nicht mehr.\",\"breadcrumb\":{\"@id\":\"https:\\\/\\\/www.organisator.ch\\\/management\\\/it\\\/2018-01-17\\\/ict-branche-umsatzstark-und-optimistisch-in-die-zukunft\\\/#breadcrumb\"},\"inLanguage\":\"en-US\",\"potentialAction\":[{\"@type\":\"ReadAction\",\"target\":[\"https:\\\/\\\/www.organisator.ch\\\/management\\\/it\\\/2018-01-17\\\/ict-branche-umsatzstark-und-optimistisch-in-die-zukunft\\\/\"]}]},{\"@type\":\"ImageObject\",\"inLanguage\":\"en-US\",\"@id\":\"https:\\\/\\\/www.organisator.ch\\\/management\\\/it\\\/2018-01-17\\\/ict-branche-umsatzstark-und-optimistisch-in-die-zukunft\\\/#primaryimage\",\"url\":\"https:\\\/\\\/www.organisator.ch\\\/wp-content\\\/uploads\\\/2018\\\/01\\\/ICT-Branche-umsatzstark-und-optimistisch-in-die-Zukunft_Organisator.jpg\",\"contentUrl\":\"https:\\\/\\\/www.organisator.ch\\\/wp-content\\\/uploads\\\/2018\\\/01\\\/ICT-Branche-umsatzstark-und-optimistisch-in-die-Zukunft_Organisator.jpg\",\"width\":640,\"height\":428,\"caption\":\"Die ICT-Branche in der Schweiz ist so optimistisch wie schon lange nicht mehr. (Bild: Fotolia.com)\"},{\"@type\":\"BreadcrumbList\",\"@id\":\"https:\\\/\\\/www.organisator.ch\\\/management\\\/it\\\/2018-01-17\\\/ict-branche-umsatzstark-und-optimistisch-in-die-zukunft\\\/#breadcrumb\",\"itemListElement\":[{\"@type\":\"ListItem\",\"position\":1,\"name\":\"Home\",\"item\":\"https:\\\/\\\/www.organisator.ch\\\/\"},{\"@type\":\"ListItem\",\"position\":2,\"name\":\"ICT-Branche: umsatzstark und optimistisch in die Zukunft\"}]},{\"@type\":\"WebSite\",\"@id\":\"https:\\\/\\\/www.organisator.ch\\\/#website\",\"url\":\"https:\\\/\\\/www.organisator.ch\\\/\",\"name\":\"Organisator\",\"description\":\"Kompetent. Praxisnah. Der ORGANISATOR bereitet in 10 Ausgaben pro Jahr die wesentlichen Themen f\u00fcr F\u00fchrungskr\u00e4fte von KMU auf.\",\"publisher\":{\"@id\":\"https:\\\/\\\/www.organisator.ch\\\/#organization\"},\"potentialAction\":[{\"@type\":\"SearchAction\",\"target\":{\"@type\":\"EntryPoint\",\"urlTemplate\":\"https:\\\/\\\/www.organisator.ch\\\/?s={search_term_string}\"},\"query-input\":{\"@type\":\"PropertyValueSpecification\",\"valueRequired\":true,\"valueName\":\"search_term_string\"}}],\"inLanguage\":\"en-US\"},{\"@type\":\"Organization\",\"@id\":\"https:\\\/\\\/www.organisator.ch\\\/#organization\",\"name\":\"Organisator\",\"url\":\"https:\\\/\\\/www.organisator.ch\\\/\",\"logo\":{\"@type\":\"ImageObject\",\"inLanguage\":\"en-US\",\"@id\":\"https:\\\/\\\/www.organisator.ch\\\/#\\\/schema\\\/logo\\\/image\\\/\",\"url\":\"https:\\\/\\\/www.organisator.ch\\\/wp-content\\\/uploads\\\/2022\\\/01\\\/Logo_Organisator_Website.png\",\"contentUrl\":\"https:\\\/\\\/www.organisator.ch\\\/wp-content\\\/uploads\\\/2022\\\/01\\\/Logo_Organisator_Website.png\",\"width\":800,\"height\":77,\"caption\":\"Organisator\"},\"image\":{\"@id\":\"https:\\\/\\\/www.organisator.ch\\\/#\\\/schema\\\/logo\\\/image\\\/\"},\"sameAs\":[\"https:\\\/\\\/www.facebook.com\\\/OrganisatorFachmagazin\",\"https:\\\/\\\/www.linkedin.com\\\/showcase\\\/organisator-das-magazin-fr-kmu\",\"https:\\\/\\\/www.xing.com\\\/news\\\/pages\\\/organisator-ch-695\",\"https:\\\/\\\/www.youtube.com\\\/channel\\\/UCGP2Sq0iWaZwT3BdIAQFYpw\"]},{\"@type\":\"Person\",\"@id\":\"https:\\\/\\\/www.organisator.ch\\\/#\\\/schema\\\/person\\\/6f650f90b2842cd4c0cc334b4e36f67e\",\"name\":\"thomas.berner\",\"image\":{\"@type\":\"ImageObject\",\"inLanguage\":\"en-US\",\"@id\":\"https:\\\/\\\/secure.gravatar.com\\\/avatar\\\/ac5001d2a36cb6c6cd3e50789007ffca834b477b74a2144564522e944eabff61?s=96&d=mm&r=g\",\"url\":\"https:\\\/\\\/secure.gravatar.com\\\/avatar\\\/ac5001d2a36cb6c6cd3e50789007ffca834b477b74a2144564522e944eabff61?s=96&d=mm&r=g\",\"contentUrl\":\"https:\\\/\\\/secure.gravatar.com\\\/avatar\\\/ac5001d2a36cb6c6cd3e50789007ffca834b477b74a2144564522e944eabff61?s=96&d=mm&r=g\",\"caption\":\"thomas.berner\"},\"url\":\"https:\\\/\\\/www.organisator.ch\\\/en\\\/author\\\/thomas-berner\\\/\"}]}<\/script>\n<!-- \/ Yoast SEO plugin. -->","yoast_head_json":{"title":"ICT industry: strong sales and optimistic about the future - Organizer","description":"The Swiss ICT market continues to grow thanks to investments in the IT sector and is more optimistic about the future in 2018 than it has been for seven years.","robots":{"index":"index","follow":"follow","max-snippet":"max-snippet:-1","max-image-preview":"max-image-preview:large","max-video-preview":"max-video-preview:-1"},"canonical":"https:\/\/www.organisator.ch\/en\/management\/it\/2018-01-17\/ict-branche-umsatzstark-und-optimistisch-in-die-zukunft\/","og_locale":"en_US","og_type":"article","og_title":"ICT-Branche: umsatzstark und optimistisch in die Zukunft","og_description":"Der Schweizer #ICT-Markt w\u00e4chst weiterhin dank Investitionen im #IT-Bereich und blickt f\u00fcr 2018 so optimistisch in die Zukunft, wie seit sieben Jahren nicht mehr.","og_url":"https:\/\/www.organisator.ch\/en\/management\/it\/2018-01-17\/ict-branche-umsatzstark-und-optimistisch-in-die-zukunft\/","og_site_name":"Organisator","article_publisher":"https:\/\/www.facebook.com\/OrganisatorFachmagazin","article_published_time":"2018-01-17T07:25:59+00:00","og_image":[{"width":640,"height":428,"url":"https:\/\/www.organisator.ch\/wp-content\/uploads\/2018\/01\/ICT-Branche-umsatzstark-und-optimistisch-in-die-Zukunft_Organisator.jpg","type":"image\/jpeg"}],"author":"thomas.berner","twitter_card":"summary_large_image","twitter_title":"#ICT-Branche: umsatzstark und optimistisch in die Zukunft","twitter_description":"Der Schweizer #ICT-Markt w\u00e4chst weiterhin dank Investitionen im #IT-Bereich und blickt f\u00fcr 2018 so optimistisch in die Zukunft, wie seit sieben Jahren nicht mehr.","twitter_image":"https:\/\/www.organisator.ch\/wp-content\/uploads\/2018\/01\/ICT-Branche-umsatzstark-und-optimistisch-in-die-Zukunft_Organisator.jpg","schema":{"@context":"https:\/\/schema.org","@graph":[{"@type":"Article","@id":"https:\/\/www.organisator.ch\/management\/it\/2018-01-17\/ict-branche-umsatzstark-und-optimistisch-in-die-zukunft\/#article","isPartOf":{"@id":"https:\/\/www.organisator.ch\/management\/it\/2018-01-17\/ict-branche-umsatzstark-und-optimistisch-in-die-zukunft\/"},"author":{"name":"thomas.berner","@id":"https:\/\/www.organisator.ch\/#\/schema\/person\/6f650f90b2842cd4c0cc334b4e36f67e"},"headline":"ICT-Branche: umsatzstark und optimistisch in die Zukunft","datePublished":"2018-01-17T07:25:59+00:00","mainEntityOfPage":{"@id":"https:\/\/www.organisator.ch\/management\/it\/2018-01-17\/ict-branche-umsatzstark-und-optimistisch-in-die-zukunft\/"},"wordCount":549,"commentCount":0,"publisher":{"@id":"https:\/\/www.organisator.ch\/#organization"},"image":{"@id":"https:\/\/www.organisator.ch\/management\/it\/2018-01-17\/ict-branche-umsatzstark-und-optimistisch-in-die-zukunft\/#primaryimage"},"thumbnailUrl":"https:\/\/www.organisator.ch\/wp-content\/uploads\/2018\/01\/ICT-Branche-umsatzstark-und-optimistisch-in-die-Zukunft_Organisator.jpg","keywords":["Digitalisierung","IT","IT &amp; Business Software","Wirtschaftspolitik"],"articleSection":["IT"],"inLanguage":"en-US"},{"@type":"WebPage","@id":"https:\/\/www.organisator.ch\/management\/it\/2018-01-17\/ict-branche-umsatzstark-und-optimistisch-in-die-zukunft\/","url":"https:\/\/www.organisator.ch\/management\/it\/2018-01-17\/ict-branche-umsatzstark-und-optimistisch-in-die-zukunft\/","name":"ICT industry: strong sales and optimistic about the future - Organizer","isPartOf":{"@id":"https:\/\/www.organisator.ch\/#website"},"primaryImageOfPage":{"@id":"https:\/\/www.organisator.ch\/management\/it\/2018-01-17\/ict-branche-umsatzstark-und-optimistisch-in-die-zukunft\/#primaryimage"},"image":{"@id":"https:\/\/www.organisator.ch\/management\/it\/2018-01-17\/ict-branche-umsatzstark-und-optimistisch-in-die-zukunft\/#primaryimage"},"thumbnailUrl":"https:\/\/www.organisator.ch\/wp-content\/uploads\/2018\/01\/ICT-Branche-umsatzstark-und-optimistisch-in-die-Zukunft_Organisator.jpg","datePublished":"2018-01-17T07:25:59+00:00","description":"The Swiss ICT market continues to grow thanks to investments in the IT sector and is more optimistic about the future in 2018 than it has been for seven years.","breadcrumb":{"@id":"https:\/\/www.organisator.ch\/management\/it\/2018-01-17\/ict-branche-umsatzstark-und-optimistisch-in-die-zukunft\/#breadcrumb"},"inLanguage":"en-US","potentialAction":[{"@type":"ReadAction","target":["https:\/\/www.organisator.ch\/management\/it\/2018-01-17\/ict-branche-umsatzstark-und-optimistisch-in-die-zukunft\/"]}]},{"@type":"ImageObject","inLanguage":"en-US","@id":"https:\/\/www.organisator.ch\/management\/it\/2018-01-17\/ict-branche-umsatzstark-und-optimistisch-in-die-zukunft\/#primaryimage","url":"https:\/\/www.organisator.ch\/wp-content\/uploads\/2018\/01\/ICT-Branche-umsatzstark-und-optimistisch-in-die-Zukunft_Organisator.jpg","contentUrl":"https:\/\/www.organisator.ch\/wp-content\/uploads\/2018\/01\/ICT-Branche-umsatzstark-und-optimistisch-in-die-Zukunft_Organisator.jpg","width":640,"height":428,"caption":"Die ICT-Branche in der Schweiz ist so optimistisch wie schon lange nicht mehr. (Bild: Fotolia.com)"},{"@type":"BreadcrumbList","@id":"https:\/\/www.organisator.ch\/management\/it\/2018-01-17\/ict-branche-umsatzstark-und-optimistisch-in-die-zukunft\/#breadcrumb","itemListElement":[{"@type":"ListItem","position":1,"name":"Home","item":"https:\/\/www.organisator.ch\/"},{"@type":"ListItem","position":2,"name":"ICT-Branche: umsatzstark und optimistisch in die Zukunft"}]},{"@type":"WebSite","@id":"https:\/\/www.organisator.ch\/#website","url":"https:\/\/www.organisator.ch\/","name":"Organizer","description":"Competent. Practical. In 10 issues per year, ORGANISATOR presents the essential topics for managers of SMEs.","publisher":{"@id":"https:\/\/www.organisator.ch\/#organization"},"potentialAction":[{"@type":"SearchAction","target":{"@type":"EntryPoint","urlTemplate":"https:\/\/www.organisator.ch\/?s={search_term_string}"},"query-input":{"@type":"PropertyValueSpecification","valueRequired":true,"valueName":"search_term_string"}}],"inLanguage":"en-US"},{"@type":"Organization","@id":"https:\/\/www.organisator.ch\/#organization","name":"Organizer","url":"https:\/\/www.organisator.ch\/","logo":{"@type":"ImageObject","inLanguage":"en-US","@id":"https:\/\/www.organisator.ch\/#\/schema\/logo\/image\/","url":"https:\/\/www.organisator.ch\/wp-content\/uploads\/2022\/01\/Logo_Organisator_Website.png","contentUrl":"https:\/\/www.organisator.ch\/wp-content\/uploads\/2022\/01\/Logo_Organisator_Website.png","width":800,"height":77,"caption":"Organisator"},"image":{"@id":"https:\/\/www.organisator.ch\/#\/schema\/logo\/image\/"},"sameAs":["https:\/\/www.facebook.com\/OrganisatorFachmagazin","https:\/\/www.linkedin.com\/showcase\/organisator-das-magazin-fr-kmu","https:\/\/www.xing.com\/news\/pages\/organisator-ch-695","https:\/\/www.youtube.com\/channel\/UCGP2Sq0iWaZwT3BdIAQFYpw"]},{"@type":"Person","@id":"https:\/\/www.organisator.ch\/#\/schema\/person\/6f650f90b2842cd4c0cc334b4e36f67e","name":"thomas.berner","image":{"@type":"ImageObject","inLanguage":"en-US","@id":"https:\/\/secure.gravatar.com\/avatar\/ac5001d2a36cb6c6cd3e50789007ffca834b477b74a2144564522e944eabff61?s=96&d=mm&r=g","url":"https:\/\/secure.gravatar.com\/avatar\/ac5001d2a36cb6c6cd3e50789007ffca834b477b74a2144564522e944eabff61?s=96&d=mm&r=g","contentUrl":"https:\/\/secure.gravatar.com\/avatar\/ac5001d2a36cb6c6cd3e50789007ffca834b477b74a2144564522e944eabff61?s=96&d=mm&r=g","caption":"thomas.berner"},"url":"https:\/\/www.organisator.ch\/en\/author\/thomas-berner\/"}]}},"_links":{"self":[{"href":"https:\/\/www.organisator.ch\/en\/wp-json\/wp\/v2\/posts\/2996","targetHints":{"allow":["GET"]}}],"collection":[{"href":"https:\/\/www.organisator.ch\/en\/wp-json\/wp\/v2\/posts"}],"about":[{"href":"https:\/\/www.organisator.ch\/en\/wp-json\/wp\/v2\/types\/post"}],"author":[{"embeddable":true,"href":"https:\/\/www.organisator.ch\/en\/wp-json\/wp\/v2\/users\/4"}],"replies":[{"embeddable":true,"href":"https:\/\/www.organisator.ch\/en\/wp-json\/wp\/v2\/comments?post=2996"}],"version-history":[{"count":0,"href":"https:\/\/www.organisator.ch\/en\/wp-json\/wp\/v2\/posts\/2996\/revisions"}],"wp:featuredmedia":[{"embeddable":true,"href":"https:\/\/www.organisator.ch\/en\/wp-json\/wp\/v2\/media\/2998"}],"wp:attachment":[{"href":"https:\/\/www.organisator.ch\/en\/wp-json\/wp\/v2\/media?parent=2996"}],"wp:term":[{"taxonomy":"category","embeddable":true,"href":"https:\/\/www.organisator.ch\/en\/wp-json\/wp\/v2\/categories?post=2996"},{"taxonomy":"post_tag","embeddable":true,"href":"https:\/\/www.organisator.ch\/en\/wp-json\/wp\/v2\/tags?post=2996"}],"curies":[{"name":"wp","href":"https:\/\/api.w.org\/{rel}","templated":true}]}}