{"id":29997,"date":"2024-09-23T10:10:27","date_gmt":"2024-09-23T08:10:27","guid":{"rendered":"https:\/\/www.m-q.ch\/?p=20339"},"modified":"2024-11-08T08:25:20","modified_gmt":"2024-11-08T07:25:20","slug":"sr-technics-eroeffnet-neue-gtf-werkshalle-und-zweite-testzelle","status":"publish","type":"post","link":"https:\/\/www.organisator.ch\/en\/operational-excellence\/2024-09-23\/sr-technics-eroeffnet-neue-gtf-werkshalle-und-zweite-testzelle\/","title":{"rendered":"SR Technics opens new GTF factory building and second test cell"},"content":{"rendered":"<figure id=\"attachment_20341\" class=\"wp-caption alignnone\" style=\"width: 680px\" aria-describedby=\"caption-attachment-20341\"><img class=\"alignnone wp-image-20341 size-full\" src=\"https:\/\/www.m-q.ch\/wp-content\/uploads\/2024\/09\/SR-Technics_Bild1_ps.jpg\" alt=\"SR Technics Pratt\" width=\"680\" height=\"371\" \/>\r\n<figcaption id=\"caption-attachment-20341\" class=\"wp-caption-text\">An official opening ceremony was held in Zurich with representatives from Pratt &amp; Whitney, business partners and all employees at the site. (Image: www.srtechnics.com)<\/figcaption>\r\n<\/figure>\r\n<p>SR Technics has opened a new state-of-the-art workshop for Pratt &amp; Whitney GTF engines and the refurbished second test cell. The facility at Zurich Airport is the 17th active site in the global GTF network. It is used for the complete disassembly, assembly and testing of PW1100G-JM engines for the Airbus A320neo series.<\/p>\r\n<p>To celebrate the occasion, an official opening ceremony was held in Zurich with representatives from Pratt &amp; Whitney, business partners and all employees at the site, during which guests were given an exclusive tour of the newly built factory hall and the second test cell.<\/p>\r\n<p>SR Technics signed an agreement with Pratt &amp; Whitney in April 2022 to become part of the Geared Turbofan\u2122 (GTF) engine maintenance network. SR Technics thus joined the global network of providers. With this agreement, SR Technics expands its portfolio and increases its competitiveness by securing and expanding its highly skilled workforce in Switzerland to meet the increased capacity demand. A double-digit million Swiss franc investment in specialized tools, maintenance equipment, employee training and the new test cell has been made in the facilities at Zurich Airport. SR Technics plans to maintain around 1,000 GTF engines during the agreed contract period and already started work on the first engine in July.<\/p>\r\n<p>\"Over the past 18 months, the SR Technics team has done a great job of building up new employees and new infrastructure. We are grateful for the support of our partners who have been involved in this complex project. This investment marks a new chapter for future business development in our company,\" says Owen McClave, Chief Executive Officer of SR Technics.<\/p>\r\n<p>\"SR Technics will play an integral role in supporting the growing GTF fleet worldwide,\" said Rob Griffiths, Senior Vice President, Commercial Engines Operations at Pratt &amp; Whitney. \"With more than 90 years of experience, we are confident they will provide the industry-leading services our customers expect.\"<\/p>\r\n<p>\"With the GTF engines from Pratt &amp; Whitney, SR Technics will be maintaining the engine of the hour - the state of the art in the engine world, so to speak. They are future-oriented, as they consume less fuel, emit fewer pollutants and are quieter overall,\" says Christian Hegner, Director of the FOCA.<\/p>\r\n<p><em>Source: <a href=\"http:\/\/www.srtechnics.com\/\">www.srtechnics.com<\/a><\/em><\/p>\n<p class=\"syndicated-attribution\">This article originally appeared on m-q.ch - <a href=\"https:\/\/www.m-q.ch\/de\/sr-technics-eroeffnet-neue-gtf-werkshalle-und-zweite-testzelle\/\" target=\"_blank\">https:\/\/www.m-q.ch\/de\/sr-technics-eroeffnet-neue-gtf-werkshalle-und-zweite-testzelle\/<\/a><\/p>","protected":false},"excerpt":{"rendered":"<p>SR Technics celebrates a significant milestone with the opening of the GTF engine hall and the second test cell.<\/p>","protected":false},"author":58,"featured_media":0,"comment_status":"closed","ping_status":"closed","sticky":false,"template":"","format":"standard","meta":{"_acf_changed":false,"_yoast_wpseo_focuskw":"SR Technics Pratt","_yoast_wpseo_metadesc":"SR Technics er\u00f6ffnet neue Werkstatt f\u00fcr GTF-Triebwerke und erweitert Wartungskapazit\u00e4ten am Flughafen Z\u00fcrich.","articlekey":"","footnotes":""},"categories":[582],"tags":[4525,605,424,492,2728],"class_list":["post-29997","post","type-post","status-publish","format-standard","hentry","category-operational-excellence","tag-gtf-triebwerke","tag-qualitaetsmanagement","tag-schweiz","tag-unternehmen","tag-wartung"],"acf":[],"yoast_head":"<!-- This site is optimized with the Yoast SEO plugin v27.5 - https:\/\/yoast.com\/product\/yoast-seo-wordpress\/ -->\n<title>SR Technics er\u00f6ffnet neue GTF-Werkshalle und zweite Testzelle - Organisator<\/title>\n<meta name=\"description\" content=\"SR Technics er\u00f6ffnet neue Werkstatt f\u00fcr GTF-Triebwerke und erweitert Wartungskapazit\u00e4ten am Flughafen Z\u00fcrich.\" \/>\n<meta name=\"robots\" content=\"index, follow, max-snippet:-1, max-image-preview:large, max-video-preview:-1\" \/>\n<link rel=\"canonical\" href=\"https:\/\/www.organisator.ch\/en\/operational-excellence\/2024-09-23\/sr-technics-eroeffnet-neue-gtf-werkshalle-und-zweite-testzelle\/\" \/>\n<meta property=\"og:locale\" content=\"en_US\" \/>\n<meta property=\"og:type\" content=\"article\" \/>\n<meta property=\"og:title\" content=\"SR Technics er\u00f6ffnet neue GTF-Werkshalle und zweite Testzelle - Organisator\" \/>\n<meta property=\"og:description\" content=\"SR Technics er\u00f6ffnet neue Werkstatt f\u00fcr GTF-Triebwerke und erweitert Wartungskapazit\u00e4ten am Flughafen Z\u00fcrich.\" \/>\n<meta property=\"og:url\" content=\"https:\/\/www.organisator.ch\/en\/operational-excellence\/2024-09-23\/sr-technics-eroeffnet-neue-gtf-werkshalle-und-zweite-testzelle\/\" \/>\n<meta property=\"og:site_name\" content=\"Organisator\" \/>\n<meta property=\"article:publisher\" content=\"https:\/\/www.facebook.com\/OrganisatorFachmagazin\" \/>\n<meta property=\"article:published_time\" content=\"2024-09-23T08:10:27+00:00\" \/>\n<meta property=\"article:modified_time\" content=\"2024-11-08T07:25:20+00:00\" \/>\n<meta property=\"og:image\" content=\"https:\/\/www.m-q.ch\/wp-content\/uploads\/2024\/09\/SR-Technics_Bild1_ps.jpg\" \/>\n<meta name=\"author\" content=\"Adelisa Kalajdzini\" \/>\n<meta name=\"twitter:card\" content=\"summary_large_image\" \/>\n<script type=\"application\/ld+json\" class=\"yoast-schema-graph\">{\"@context\":\"https:\\\/\\\/schema.org\",\"@graph\":[{\"@type\":\"Article\",\"@id\":\"https:\\\/\\\/www.organisator.ch\\\/operational-excellence\\\/2024-09-23\\\/sr-technics-eroeffnet-neue-gtf-werkshalle-und-zweite-testzelle\\\/#article\",\"isPartOf\":{\"@id\":\"https:\\\/\\\/www.organisator.ch\\\/operational-excellence\\\/2024-09-23\\\/sr-technics-eroeffnet-neue-gtf-werkshalle-und-zweite-testzelle\\\/\"},\"author\":{\"name\":\"Adelisa Kalajdzini\",\"@id\":\"https:\\\/\\\/www.organisator.ch\\\/#\\\/schema\\\/person\\\/2e1314a2172123f874db408d8911d3f3\"},\"headline\":\"SR Technics er\u00f6ffnet neue GTF-Werkshalle und zweite Testzelle\",\"datePublished\":\"2024-09-23T08:10:27+00:00\",\"dateModified\":\"2024-11-08T07:25:20+00:00\",\"mainEntityOfPage\":{\"@id\":\"https:\\\/\\\/www.organisator.ch\\\/operational-excellence\\\/2024-09-23\\\/sr-technics-eroeffnet-neue-gtf-werkshalle-und-zweite-testzelle\\\/\"},\"wordCount\":419,\"publisher\":{\"@id\":\"https:\\\/\\\/www.organisator.ch\\\/#organization\"},\"image\":{\"@id\":\"https:\\\/\\\/www.organisator.ch\\\/operational-excellence\\\/2024-09-23\\\/sr-technics-eroeffnet-neue-gtf-werkshalle-und-zweite-testzelle\\\/#primaryimage\"},\"thumbnailUrl\":\"https:\\\/\\\/www.m-q.ch\\\/wp-content\\\/uploads\\\/2024\\\/09\\\/SR-Technics_Bild1_ps.jpg\",\"keywords\":[\"GTF-Triebwerke\",\"Qualit\u00e4tsmanagement\",\"Schweiz\",\"Unternehmen\",\"Wartung\"],\"articleSection\":[\"OPERATIONAL EXCELLENCE\"],\"inLanguage\":\"en-US\"},{\"@type\":\"WebPage\",\"@id\":\"https:\\\/\\\/www.organisator.ch\\\/operational-excellence\\\/2024-09-23\\\/sr-technics-eroeffnet-neue-gtf-werkshalle-und-zweite-testzelle\\\/\",\"url\":\"https:\\\/\\\/www.organisator.ch\\\/operational-excellence\\\/2024-09-23\\\/sr-technics-eroeffnet-neue-gtf-werkshalle-und-zweite-testzelle\\\/\",\"name\":\"SR Technics er\u00f6ffnet neue GTF-Werkshalle und zweite Testzelle - Organisator\",\"isPartOf\":{\"@id\":\"https:\\\/\\\/www.organisator.ch\\\/#website\"},\"primaryImageOfPage\":{\"@id\":\"https:\\\/\\\/www.organisator.ch\\\/operational-excellence\\\/2024-09-23\\\/sr-technics-eroeffnet-neue-gtf-werkshalle-und-zweite-testzelle\\\/#primaryimage\"},\"image\":{\"@id\":\"https:\\\/\\\/www.organisator.ch\\\/operational-excellence\\\/2024-09-23\\\/sr-technics-eroeffnet-neue-gtf-werkshalle-und-zweite-testzelle\\\/#primaryimage\"},\"thumbnailUrl\":\"https:\\\/\\\/www.m-q.ch\\\/wp-content\\\/uploads\\\/2024\\\/09\\\/SR-Technics_Bild1_ps.jpg\",\"datePublished\":\"2024-09-23T08:10:27+00:00\",\"dateModified\":\"2024-11-08T07:25:20+00:00\",\"description\":\"SR Technics er\u00f6ffnet neue Werkstatt f\u00fcr GTF-Triebwerke und erweitert Wartungskapazit\u00e4ten am Flughafen Z\u00fcrich.\",\"breadcrumb\":{\"@id\":\"https:\\\/\\\/www.organisator.ch\\\/operational-excellence\\\/2024-09-23\\\/sr-technics-eroeffnet-neue-gtf-werkshalle-und-zweite-testzelle\\\/#breadcrumb\"},\"inLanguage\":\"en-US\",\"potentialAction\":[{\"@type\":\"ReadAction\",\"target\":[\"https:\\\/\\\/www.organisator.ch\\\/operational-excellence\\\/2024-09-23\\\/sr-technics-eroeffnet-neue-gtf-werkshalle-und-zweite-testzelle\\\/\"]}]},{\"@type\":\"ImageObject\",\"inLanguage\":\"en-US\",\"@id\":\"https:\\\/\\\/www.organisator.ch\\\/operational-excellence\\\/2024-09-23\\\/sr-technics-eroeffnet-neue-gtf-werkshalle-und-zweite-testzelle\\\/#primaryimage\",\"url\":\"https:\\\/\\\/www.m-q.ch\\\/wp-content\\\/uploads\\\/2024\\\/09\\\/SR-Technics_Bild1_ps.jpg\",\"contentUrl\":\"https:\\\/\\\/www.m-q.ch\\\/wp-content\\\/uploads\\\/2024\\\/09\\\/SR-Technics_Bild1_ps.jpg\"},{\"@type\":\"BreadcrumbList\",\"@id\":\"https:\\\/\\\/www.organisator.ch\\\/operational-excellence\\\/2024-09-23\\\/sr-technics-eroeffnet-neue-gtf-werkshalle-und-zweite-testzelle\\\/#breadcrumb\",\"itemListElement\":[{\"@type\":\"ListItem\",\"position\":1,\"name\":\"Home\",\"item\":\"https:\\\/\\\/www.organisator.ch\\\/\"},{\"@type\":\"ListItem\",\"position\":2,\"name\":\"SR Technics er\u00f6ffnet neue GTF-Werkshalle und zweite Testzelle\"}]},{\"@type\":\"WebSite\",\"@id\":\"https:\\\/\\\/www.organisator.ch\\\/#website\",\"url\":\"https:\\\/\\\/www.organisator.ch\\\/\",\"name\":\"Organisator\",\"description\":\"Kompetent. Praxisnah. Der ORGANISATOR bereitet in 10 Ausgaben pro Jahr die wesentlichen Themen f\u00fcr F\u00fchrungskr\u00e4fte von KMU auf.\",\"publisher\":{\"@id\":\"https:\\\/\\\/www.organisator.ch\\\/#organization\"},\"potentialAction\":[{\"@type\":\"SearchAction\",\"target\":{\"@type\":\"EntryPoint\",\"urlTemplate\":\"https:\\\/\\\/www.organisator.ch\\\/?s={search_term_string}\"},\"query-input\":{\"@type\":\"PropertyValueSpecification\",\"valueRequired\":true,\"valueName\":\"search_term_string\"}}],\"inLanguage\":\"en-US\"},{\"@type\":\"Organization\",\"@id\":\"https:\\\/\\\/www.organisator.ch\\\/#organization\",\"name\":\"Organisator\",\"url\":\"https:\\\/\\\/www.organisator.ch\\\/\",\"logo\":{\"@type\":\"ImageObject\",\"inLanguage\":\"en-US\",\"@id\":\"https:\\\/\\\/www.organisator.ch\\\/#\\\/schema\\\/logo\\\/image\\\/\",\"url\":\"https:\\\/\\\/www.organisator.ch\\\/wp-content\\\/uploads\\\/2022\\\/01\\\/Logo_Organisator_Website.png\",\"contentUrl\":\"https:\\\/\\\/www.organisator.ch\\\/wp-content\\\/uploads\\\/2022\\\/01\\\/Logo_Organisator_Website.png\",\"width\":800,\"height\":77,\"caption\":\"Organisator\"},\"image\":{\"@id\":\"https:\\\/\\\/www.organisator.ch\\\/#\\\/schema\\\/logo\\\/image\\\/\"},\"sameAs\":[\"https:\\\/\\\/www.facebook.com\\\/OrganisatorFachmagazin\",\"https:\\\/\\\/www.linkedin.com\\\/showcase\\\/organisator-das-magazin-fr-kmu\",\"https:\\\/\\\/www.xing.com\\\/news\\\/pages\\\/organisator-ch-695\",\"https:\\\/\\\/www.youtube.com\\\/channel\\\/UCGP2Sq0iWaZwT3BdIAQFYpw\"]},{\"@type\":\"Person\",\"@id\":\"https:\\\/\\\/www.organisator.ch\\\/#\\\/schema\\\/person\\\/2e1314a2172123f874db408d8911d3f3\",\"name\":\"Adelisa Kalajdzini\",\"image\":{\"@type\":\"ImageObject\",\"inLanguage\":\"en-US\",\"@id\":\"https:\\\/\\\/secure.gravatar.com\\\/avatar\\\/09a397c22ac58cad6f160ee8306348599df9df58a8ede73696226897b9fa4b24?s=96&d=mm&r=g\",\"url\":\"https:\\\/\\\/secure.gravatar.com\\\/avatar\\\/09a397c22ac58cad6f160ee8306348599df9df58a8ede73696226897b9fa4b24?s=96&d=mm&r=g\",\"contentUrl\":\"https:\\\/\\\/secure.gravatar.com\\\/avatar\\\/09a397c22ac58cad6f160ee8306348599df9df58a8ede73696226897b9fa4b24?s=96&d=mm&r=g\",\"caption\":\"Adelisa Kalajdzini\"},\"url\":\"https:\\\/\\\/www.organisator.ch\\\/en\\\/author\\\/adelisa-kalajdzini\\\/\"}]}<\/script>\n<!-- \/ Yoast SEO plugin. -->","yoast_head_json":{"title":"SR Technics opens new GTF factory building and second test cell - Organizer","description":"SR Technics opens new workshop for GTF engines and expands maintenance capacities at Zurich Airport.","robots":{"index":"index","follow":"follow","max-snippet":"max-snippet:-1","max-image-preview":"max-image-preview:large","max-video-preview":"max-video-preview:-1"},"canonical":"https:\/\/www.organisator.ch\/en\/operational-excellence\/2024-09-23\/sr-technics-eroeffnet-neue-gtf-werkshalle-und-zweite-testzelle\/","og_locale":"en_US","og_type":"article","og_title":"SR Technics er\u00f6ffnet neue GTF-Werkshalle und zweite Testzelle - Organisator","og_description":"SR Technics er\u00f6ffnet neue Werkstatt f\u00fcr GTF-Triebwerke und erweitert Wartungskapazit\u00e4ten am Flughafen Z\u00fcrich.","og_url":"https:\/\/www.organisator.ch\/en\/operational-excellence\/2024-09-23\/sr-technics-eroeffnet-neue-gtf-werkshalle-und-zweite-testzelle\/","og_site_name":"Organisator","article_publisher":"https:\/\/www.facebook.com\/OrganisatorFachmagazin","article_published_time":"2024-09-23T08:10:27+00:00","article_modified_time":"2024-11-08T07:25:20+00:00","og_image":[{"url":"https:\/\/www.m-q.ch\/wp-content\/uploads\/2024\/09\/SR-Technics_Bild1_ps.jpg","type":"","width":"","height":""}],"author":"Adelisa Kalajdzini","twitter_card":"summary_large_image","schema":{"@context":"https:\/\/schema.org","@graph":[{"@type":"Article","@id":"https:\/\/www.organisator.ch\/operational-excellence\/2024-09-23\/sr-technics-eroeffnet-neue-gtf-werkshalle-und-zweite-testzelle\/#article","isPartOf":{"@id":"https:\/\/www.organisator.ch\/operational-excellence\/2024-09-23\/sr-technics-eroeffnet-neue-gtf-werkshalle-und-zweite-testzelle\/"},"author":{"name":"Adelisa Kalajdzini","@id":"https:\/\/www.organisator.ch\/#\/schema\/person\/2e1314a2172123f874db408d8911d3f3"},"headline":"SR Technics er\u00f6ffnet neue GTF-Werkshalle und zweite Testzelle","datePublished":"2024-09-23T08:10:27+00:00","dateModified":"2024-11-08T07:25:20+00:00","mainEntityOfPage":{"@id":"https:\/\/www.organisator.ch\/operational-excellence\/2024-09-23\/sr-technics-eroeffnet-neue-gtf-werkshalle-und-zweite-testzelle\/"},"wordCount":419,"publisher":{"@id":"https:\/\/www.organisator.ch\/#organization"},"image":{"@id":"https:\/\/www.organisator.ch\/operational-excellence\/2024-09-23\/sr-technics-eroeffnet-neue-gtf-werkshalle-und-zweite-testzelle\/#primaryimage"},"thumbnailUrl":"https:\/\/www.m-q.ch\/wp-content\/uploads\/2024\/09\/SR-Technics_Bild1_ps.jpg","keywords":["GTF-Triebwerke","Qualit\u00e4tsmanagement","Schweiz","Unternehmen","Wartung"],"articleSection":["OPERATIONAL EXCELLENCE"],"inLanguage":"en-US"},{"@type":"WebPage","@id":"https:\/\/www.organisator.ch\/operational-excellence\/2024-09-23\/sr-technics-eroeffnet-neue-gtf-werkshalle-und-zweite-testzelle\/","url":"https:\/\/www.organisator.ch\/operational-excellence\/2024-09-23\/sr-technics-eroeffnet-neue-gtf-werkshalle-und-zweite-testzelle\/","name":"SR Technics opens new GTF factory building and second test cell - Organizer","isPartOf":{"@id":"https:\/\/www.organisator.ch\/#website"},"primaryImageOfPage":{"@id":"https:\/\/www.organisator.ch\/operational-excellence\/2024-09-23\/sr-technics-eroeffnet-neue-gtf-werkshalle-und-zweite-testzelle\/#primaryimage"},"image":{"@id":"https:\/\/www.organisator.ch\/operational-excellence\/2024-09-23\/sr-technics-eroeffnet-neue-gtf-werkshalle-und-zweite-testzelle\/#primaryimage"},"thumbnailUrl":"https:\/\/www.m-q.ch\/wp-content\/uploads\/2024\/09\/SR-Technics_Bild1_ps.jpg","datePublished":"2024-09-23T08:10:27+00:00","dateModified":"2024-11-08T07:25:20+00:00","description":"SR Technics opens new workshop for GTF engines and expands maintenance capacities at Zurich Airport.","breadcrumb":{"@id":"https:\/\/www.organisator.ch\/operational-excellence\/2024-09-23\/sr-technics-eroeffnet-neue-gtf-werkshalle-und-zweite-testzelle\/#breadcrumb"},"inLanguage":"en-US","potentialAction":[{"@type":"ReadAction","target":["https:\/\/www.organisator.ch\/operational-excellence\/2024-09-23\/sr-technics-eroeffnet-neue-gtf-werkshalle-und-zweite-testzelle\/"]}]},{"@type":"ImageObject","inLanguage":"en-US","@id":"https:\/\/www.organisator.ch\/operational-excellence\/2024-09-23\/sr-technics-eroeffnet-neue-gtf-werkshalle-und-zweite-testzelle\/#primaryimage","url":"https:\/\/www.m-q.ch\/wp-content\/uploads\/2024\/09\/SR-Technics_Bild1_ps.jpg","contentUrl":"https:\/\/www.m-q.ch\/wp-content\/uploads\/2024\/09\/SR-Technics_Bild1_ps.jpg"},{"@type":"BreadcrumbList","@id":"https:\/\/www.organisator.ch\/operational-excellence\/2024-09-23\/sr-technics-eroeffnet-neue-gtf-werkshalle-und-zweite-testzelle\/#breadcrumb","itemListElement":[{"@type":"ListItem","position":1,"name":"Home","item":"https:\/\/www.organisator.ch\/"},{"@type":"ListItem","position":2,"name":"SR Technics er\u00f6ffnet neue GTF-Werkshalle und zweite Testzelle"}]},{"@type":"WebSite","@id":"https:\/\/www.organisator.ch\/#website","url":"https:\/\/www.organisator.ch\/","name":"Organizer","description":"Competent. Practical. In 10 issues per year, ORGANISATOR presents the essential topics for managers of SMEs.","publisher":{"@id":"https:\/\/www.organisator.ch\/#organization"},"potentialAction":[{"@type":"SearchAction","target":{"@type":"EntryPoint","urlTemplate":"https:\/\/www.organisator.ch\/?s={search_term_string}"},"query-input":{"@type":"PropertyValueSpecification","valueRequired":true,"valueName":"search_term_string"}}],"inLanguage":"en-US"},{"@type":"Organization","@id":"https:\/\/www.organisator.ch\/#organization","name":"Organizer","url":"https:\/\/www.organisator.ch\/","logo":{"@type":"ImageObject","inLanguage":"en-US","@id":"https:\/\/www.organisator.ch\/#\/schema\/logo\/image\/","url":"https:\/\/www.organisator.ch\/wp-content\/uploads\/2022\/01\/Logo_Organisator_Website.png","contentUrl":"https:\/\/www.organisator.ch\/wp-content\/uploads\/2022\/01\/Logo_Organisator_Website.png","width":800,"height":77,"caption":"Organisator"},"image":{"@id":"https:\/\/www.organisator.ch\/#\/schema\/logo\/image\/"},"sameAs":["https:\/\/www.facebook.com\/OrganisatorFachmagazin","https:\/\/www.linkedin.com\/showcase\/organisator-das-magazin-fr-kmu","https:\/\/www.xing.com\/news\/pages\/organisator-ch-695","https:\/\/www.youtube.com\/channel\/UCGP2Sq0iWaZwT3BdIAQFYpw"]},{"@type":"Person","@id":"https:\/\/www.organisator.ch\/#\/schema\/person\/2e1314a2172123f874db408d8911d3f3","name":"Adelisa Kalajdzini","image":{"@type":"ImageObject","inLanguage":"en-US","@id":"https:\/\/secure.gravatar.com\/avatar\/09a397c22ac58cad6f160ee8306348599df9df58a8ede73696226897b9fa4b24?s=96&d=mm&r=g","url":"https:\/\/secure.gravatar.com\/avatar\/09a397c22ac58cad6f160ee8306348599df9df58a8ede73696226897b9fa4b24?s=96&d=mm&r=g","contentUrl":"https:\/\/secure.gravatar.com\/avatar\/09a397c22ac58cad6f160ee8306348599df9df58a8ede73696226897b9fa4b24?s=96&d=mm&r=g","caption":"Adelisa Kalajdzini"},"url":"https:\/\/www.organisator.ch\/en\/author\/adelisa-kalajdzini\/"}]}},"_links":{"self":[{"href":"https:\/\/www.organisator.ch\/en\/wp-json\/wp\/v2\/posts\/29997","targetHints":{"allow":["GET"]}}],"collection":[{"href":"https:\/\/www.organisator.ch\/en\/wp-json\/wp\/v2\/posts"}],"about":[{"href":"https:\/\/www.organisator.ch\/en\/wp-json\/wp\/v2\/types\/post"}],"author":[{"embeddable":true,"href":"https:\/\/www.organisator.ch\/en\/wp-json\/wp\/v2\/users\/58"}],"replies":[{"embeddable":true,"href":"https:\/\/www.organisator.ch\/en\/wp-json\/wp\/v2\/comments?post=29997"}],"version-history":[{"count":6,"href":"https:\/\/www.organisator.ch\/en\/wp-json\/wp\/v2\/posts\/29997\/revisions"}],"predecessor-version":[{"id":31895,"href":"https:\/\/www.organisator.ch\/en\/wp-json\/wp\/v2\/posts\/29997\/revisions\/31895"}],"wp:attachment":[{"href":"https:\/\/www.organisator.ch\/en\/wp-json\/wp\/v2\/media?parent=29997"}],"wp:term":[{"taxonomy":"category","embeddable":true,"href":"https:\/\/www.organisator.ch\/en\/wp-json\/wp\/v2\/categories?post=29997"},{"taxonomy":"post_tag","embeddable":true,"href":"https:\/\/www.organisator.ch\/en\/wp-json\/wp\/v2\/tags?post=29997"}],"curies":[{"name":"wp","href":"https:\/\/api.w.org\/{rel}","templated":true}]}}