{"id":30008,"date":"2024-09-24T08:15:13","date_gmt":"2024-09-24T06:15:13","guid":{"rendered":"https:\/\/www.organisator.ch\/?p=30008"},"modified":"2024-09-23T16:51:16","modified_gmt":"2024-09-23T14:51:16","slug":"geschaeftsleitungsmitglied-edith-mueller-verlaesst-die-suva","status":"publish","type":"post","link":"https:\/\/www.organisator.ch\/en\/management\/2024-09-24\/geschaeftsleitungsmitglied-edith-mueller-verlaesst-die-suva\/","title":{"rendered":"Executive Board member Edith M\u00fcller leaves Suva"},"content":{"rendered":"<figure id=\"attachment_30010\" aria-describedby=\"caption-attachment-30010\" style=\"width: 680px\" class=\"wp-caption alignnone\"><img loading=\"lazy\" decoding=\"async\" class=\"size-full wp-image-30010\" src=\"https:\/\/www.organisator.ch\/wp-content\/uploads\/2024\/09\/Suva_Bild1_ps.jpg\" alt=\"\" width=\"680\" height=\"582\" srcset=\"https:\/\/www.organisator.ch\/wp-content\/uploads\/2024\/09\/Suva_Bild1_ps.jpg 680w, https:\/\/www.organisator.ch\/wp-content\/uploads\/2024\/09\/Suva_Bild1_ps-14x12.jpg 14w, https:\/\/www.organisator.ch\/wp-content\/uploads\/2024\/09\/Suva_Bild1_ps-351x300.jpg 351w, https:\/\/www.organisator.ch\/wp-content\/uploads\/2024\/09\/Suva_Bild1_ps-409x350.jpg 409w\" sizes=\"auto, (max-width: 680px) 100vw, 680px\" \/><figcaption id=\"caption-attachment-30010\" class=\"wp-caption-text\">Executive Board member Edith M\u00fcller is leaving Suva at the end of June 2025. (Image: www.suva.ch)<\/figcaption><\/figure>\n<p>As a member of the Executive Board and head of the \"Health Protection and Personnel\" department, Edith M\u00fcller Loretz has played a key role in driving forward Suva's prevention work in recent years. She was responsible for the 2020+ prevention program. \"It has always been important to me that prevention is approached holistically, that the culture of prevention is firmly anchored in companies and that proof of effectiveness is systematically provided,\" says Edith M\u00fcller Loretz. She has also brought this concern to the EKAS, the BFU and Health Promotion Switzerland. She was active in the strategic committees of these organizations. In 2021, she also took over responsibility for human resources on the Suva Executive Board. She has driven forward changes to the corporate culture and working conditions that increase Suva's attractiveness as an employer for current and future employees.\u00a0\u00a0<\/p>\n<p>\"Edith M\u00fcller Loretz has taken Suva a big step forward in fulfilling its prevention mandate. She was also responsible for the development of our new working environment and thus played a key role in shaping our corporate culture with a great deal of empathy and interest in the concerns of our employees,\" says Felix Weber, Chairman of Suva's Executive Board, in recognition of the important contribution made by his departing Executive Board member.\u00a0<\/p>\n<p>\"It's not a decision against Suva,\" says Edith M\u00fcller Loretz, \"After 27 years at Suva, I would like to take a new direction and contribute my skills and interests in a new environment. Where that will be is still open. I am very grateful for everything I have been able to achieve and make happen at Suva and for all the wonderful contacts with Suva employees.\"<\/p>\n<p>The Suva Council Committee, as the body responsible for elections, will initiate the succession process in the coming days.<\/p>\n<p><em>Source: <a href=\"http:\/\/www.suva.ch\">www.suva.ch<\/a><\/em><\/p>","protected":false},"excerpt":{"rendered":"<p>Edith M\u00fcller Loretz joined Suva on June 1, 1998 as project manager for snow sports. After around ten years of project work, she joined the management team and on April 1, 2019, she became the first woman to be elected to Suva's Executive Board - responsible for the \"Health Protection and Human Resources\" department. After 27 years at Suva, Edith M\u00fcller would like to find a new direction and contribute her skills and interests in a new environment after she leaves at the end of June next year. <\/p>","protected":false},"author":58,"featured_media":30010,"comment_status":"closed","ping_status":"closed","sticky":false,"template":"","format":"standard","meta":{"_acf_changed":false,"_yoast_wpseo_focuskw":"Edith M\u00fcller","_yoast_wpseo_metadesc":"Edith M\u00fcller wurde am 1. April 2019 als erste Frau in die Gesch\u00e4ftsleitung der Suva gew\u00e4hlt - zust\u00e4ndig f\u00fcr das Departement \u00abGesundheitsschutz und Personal\u00bb.","articlekey":"","footnotes":""},"categories":[28],"tags":[4144,334,463,492],"class_list":["post-30008","post","type-post","status-publish","format-standard","has-post-thumbnail","hentry","category-management","tag-geschaeftsleitungsmitglied","tag-management","tag-suva","tag-unternehmen"],"acf":[],"yoast_head":"<!-- This site is optimized with the Yoast SEO plugin v27.5 - https:\/\/yoast.com\/product\/yoast-seo-wordpress\/ -->\n<title>Gesch\u00e4ftsleitungsmitglied Edith M\u00fcller verl\u00e4sst die Suva - Organisator<\/title>\n<meta name=\"description\" content=\"Edith M\u00fcller wurde am 1. April 2019 als erste Frau in die Gesch\u00e4ftsleitung der Suva gew\u00e4hlt - zust\u00e4ndig f\u00fcr das Departement \u00abGesundheitsschutz und Personal\u00bb.\" \/>\n<meta name=\"robots\" content=\"index, follow, max-snippet:-1, max-image-preview:large, max-video-preview:-1\" \/>\n<link rel=\"canonical\" href=\"https:\/\/www.organisator.ch\/en\/management\/2024-09-24\/geschaeftsleitungsmitglied-edith-mueller-verlaesst-die-suva\/\" \/>\n<meta property=\"og:locale\" content=\"en_US\" \/>\n<meta property=\"og:type\" content=\"article\" \/>\n<meta property=\"og:title\" content=\"Gesch\u00e4ftsleitungsmitglied Edith M\u00fcller verl\u00e4sst die Suva\" \/>\n<meta property=\"og:description\" content=\"Edith M\u00fcller wurde am 1. April 2019 als erste Frau in die Gesch\u00e4ftsleitung der Suva gew\u00e4hlt - zust\u00e4ndig f\u00fcr das Departement \u00abGesundheitsschutz und Personal\u00bb.\" \/>\n<meta property=\"og:url\" content=\"https:\/\/www.organisator.ch\/en\/management\/2024-09-24\/geschaeftsleitungsmitglied-edith-mueller-verlaesst-die-suva\/\" \/>\n<meta property=\"og:site_name\" content=\"Organisator\" \/>\n<meta property=\"article:publisher\" content=\"https:\/\/www.facebook.com\/OrganisatorFachmagazin\" \/>\n<meta property=\"article:published_time\" content=\"2024-09-24T06:15:13+00:00\" \/>\n<meta property=\"og:image\" content=\"https:\/\/www.organisator.ch\/wp-content\/uploads\/2024\/09\/Suva_Bild1_ps.jpg\" \/>\n\t<meta property=\"og:image:width\" content=\"680\" \/>\n\t<meta property=\"og:image:height\" content=\"582\" \/>\n\t<meta property=\"og:image:type\" content=\"image\/jpeg\" \/>\n<meta name=\"author\" content=\"Adelisa Kalajdzini\" \/>\n<meta name=\"twitter:card\" content=\"summary_large_image\" \/>\n<meta name=\"twitter:title\" content=\"Gesch\u00e4ftsleitungsmitglied Edith M\u00fcller verl\u00e4sst die Suva\" \/>\n<meta name=\"twitter:description\" content=\"#Edith #M\u00fcller wurde am 1. April 2019 als #erste #Frau in die #Gesch\u00e4ftsleitung der #Suva gew\u00e4hlt - zust\u00e4ndig f\u00fcr das Departement \u00abGesundheitsschutz und Personal\u00bb.\" \/>\n<meta name=\"twitter:image\" content=\"https:\/\/www.organisator.ch\/wp-content\/uploads\/2024\/09\/Suva_Bild1_ps.jpg\" \/>\n<script type=\"application\/ld+json\" class=\"yoast-schema-graph\">{\"@context\":\"https:\\\/\\\/schema.org\",\"@graph\":[{\"@type\":\"Article\",\"@id\":\"https:\\\/\\\/www.organisator.ch\\\/management\\\/2024-09-24\\\/geschaeftsleitungsmitglied-edith-mueller-verlaesst-die-suva\\\/#article\",\"isPartOf\":{\"@id\":\"https:\\\/\\\/www.organisator.ch\\\/management\\\/2024-09-24\\\/geschaeftsleitungsmitglied-edith-mueller-verlaesst-die-suva\\\/\"},\"author\":{\"name\":\"Adelisa Kalajdzini\",\"@id\":\"https:\\\/\\\/www.organisator.ch\\\/#\\\/schema\\\/person\\\/2e1314a2172123f874db408d8911d3f3\"},\"headline\":\"Gesch\u00e4ftsleitungsmitglied Edith M\u00fcller verl\u00e4sst die Suva\",\"datePublished\":\"2024-09-24T06:15:13+00:00\",\"mainEntityOfPage\":{\"@id\":\"https:\\\/\\\/www.organisator.ch\\\/management\\\/2024-09-24\\\/geschaeftsleitungsmitglied-edith-mueller-verlaesst-die-suva\\\/\"},\"wordCount\":318,\"publisher\":{\"@id\":\"https:\\\/\\\/www.organisator.ch\\\/#organization\"},\"image\":{\"@id\":\"https:\\\/\\\/www.organisator.ch\\\/management\\\/2024-09-24\\\/geschaeftsleitungsmitglied-edith-mueller-verlaesst-die-suva\\\/#primaryimage\"},\"thumbnailUrl\":\"https:\\\/\\\/www.organisator.ch\\\/wp-content\\\/uploads\\\/2024\\\/09\\\/Suva_Bild1_ps.jpg\",\"keywords\":[\"Gesch\u00e4ftsleitungsmitglied\",\"Management\",\"SUVA\",\"Unternehmen\"],\"articleSection\":[\"MANAGEMENT\"],\"inLanguage\":\"en-US\"},{\"@type\":\"WebPage\",\"@id\":\"https:\\\/\\\/www.organisator.ch\\\/management\\\/2024-09-24\\\/geschaeftsleitungsmitglied-edith-mueller-verlaesst-die-suva\\\/\",\"url\":\"https:\\\/\\\/www.organisator.ch\\\/management\\\/2024-09-24\\\/geschaeftsleitungsmitglied-edith-mueller-verlaesst-die-suva\\\/\",\"name\":\"Gesch\u00e4ftsleitungsmitglied Edith M\u00fcller verl\u00e4sst die Suva - Organisator\",\"isPartOf\":{\"@id\":\"https:\\\/\\\/www.organisator.ch\\\/#website\"},\"primaryImageOfPage\":{\"@id\":\"https:\\\/\\\/www.organisator.ch\\\/management\\\/2024-09-24\\\/geschaeftsleitungsmitglied-edith-mueller-verlaesst-die-suva\\\/#primaryimage\"},\"image\":{\"@id\":\"https:\\\/\\\/www.organisator.ch\\\/management\\\/2024-09-24\\\/geschaeftsleitungsmitglied-edith-mueller-verlaesst-die-suva\\\/#primaryimage\"},\"thumbnailUrl\":\"https:\\\/\\\/www.organisator.ch\\\/wp-content\\\/uploads\\\/2024\\\/09\\\/Suva_Bild1_ps.jpg\",\"datePublished\":\"2024-09-24T06:15:13+00:00\",\"description\":\"Edith M\u00fcller wurde am 1. April 2019 als erste Frau in die Gesch\u00e4ftsleitung der Suva gew\u00e4hlt - zust\u00e4ndig f\u00fcr das Departement \u00abGesundheitsschutz und Personal\u00bb.\",\"breadcrumb\":{\"@id\":\"https:\\\/\\\/www.organisator.ch\\\/management\\\/2024-09-24\\\/geschaeftsleitungsmitglied-edith-mueller-verlaesst-die-suva\\\/#breadcrumb\"},\"inLanguage\":\"en-US\",\"potentialAction\":[{\"@type\":\"ReadAction\",\"target\":[\"https:\\\/\\\/www.organisator.ch\\\/management\\\/2024-09-24\\\/geschaeftsleitungsmitglied-edith-mueller-verlaesst-die-suva\\\/\"]}]},{\"@type\":\"ImageObject\",\"inLanguage\":\"en-US\",\"@id\":\"https:\\\/\\\/www.organisator.ch\\\/management\\\/2024-09-24\\\/geschaeftsleitungsmitglied-edith-mueller-verlaesst-die-suva\\\/#primaryimage\",\"url\":\"https:\\\/\\\/www.organisator.ch\\\/wp-content\\\/uploads\\\/2024\\\/09\\\/Suva_Bild1_ps.jpg\",\"contentUrl\":\"https:\\\/\\\/www.organisator.ch\\\/wp-content\\\/uploads\\\/2024\\\/09\\\/Suva_Bild1_ps.jpg\",\"width\":680,\"height\":582,\"caption\":\"Gesch\u00e4ftsleitungsmitglied Edith M\u00fcller verl\u00e4sst die Suva Ende Juni 2025. (Bild: www.suva.ch)\"},{\"@type\":\"BreadcrumbList\",\"@id\":\"https:\\\/\\\/www.organisator.ch\\\/management\\\/2024-09-24\\\/geschaeftsleitungsmitglied-edith-mueller-verlaesst-die-suva\\\/#breadcrumb\",\"itemListElement\":[{\"@type\":\"ListItem\",\"position\":1,\"name\":\"Home\",\"item\":\"https:\\\/\\\/www.organisator.ch\\\/\"},{\"@type\":\"ListItem\",\"position\":2,\"name\":\"Gesch\u00e4ftsleitungsmitglied Edith M\u00fcller verl\u00e4sst die Suva\"}]},{\"@type\":\"WebSite\",\"@id\":\"https:\\\/\\\/www.organisator.ch\\\/#website\",\"url\":\"https:\\\/\\\/www.organisator.ch\\\/\",\"name\":\"Organisator\",\"description\":\"Kompetent. Praxisnah. Der ORGANISATOR bereitet in 10 Ausgaben pro Jahr die wesentlichen Themen f\u00fcr F\u00fchrungskr\u00e4fte von KMU auf.\",\"publisher\":{\"@id\":\"https:\\\/\\\/www.organisator.ch\\\/#organization\"},\"potentialAction\":[{\"@type\":\"SearchAction\",\"target\":{\"@type\":\"EntryPoint\",\"urlTemplate\":\"https:\\\/\\\/www.organisator.ch\\\/?s={search_term_string}\"},\"query-input\":{\"@type\":\"PropertyValueSpecification\",\"valueRequired\":true,\"valueName\":\"search_term_string\"}}],\"inLanguage\":\"en-US\"},{\"@type\":\"Organization\",\"@id\":\"https:\\\/\\\/www.organisator.ch\\\/#organization\",\"name\":\"Organisator\",\"url\":\"https:\\\/\\\/www.organisator.ch\\\/\",\"logo\":{\"@type\":\"ImageObject\",\"inLanguage\":\"en-US\",\"@id\":\"https:\\\/\\\/www.organisator.ch\\\/#\\\/schema\\\/logo\\\/image\\\/\",\"url\":\"https:\\\/\\\/www.organisator.ch\\\/wp-content\\\/uploads\\\/2022\\\/01\\\/Logo_Organisator_Website.png\",\"contentUrl\":\"https:\\\/\\\/www.organisator.ch\\\/wp-content\\\/uploads\\\/2022\\\/01\\\/Logo_Organisator_Website.png\",\"width\":800,\"height\":77,\"caption\":\"Organisator\"},\"image\":{\"@id\":\"https:\\\/\\\/www.organisator.ch\\\/#\\\/schema\\\/logo\\\/image\\\/\"},\"sameAs\":[\"https:\\\/\\\/www.facebook.com\\\/OrganisatorFachmagazin\",\"https:\\\/\\\/www.linkedin.com\\\/showcase\\\/organisator-das-magazin-fr-kmu\",\"https:\\\/\\\/www.xing.com\\\/news\\\/pages\\\/organisator-ch-695\",\"https:\\\/\\\/www.youtube.com\\\/channel\\\/UCGP2Sq0iWaZwT3BdIAQFYpw\"]},{\"@type\":\"Person\",\"@id\":\"https:\\\/\\\/www.organisator.ch\\\/#\\\/schema\\\/person\\\/2e1314a2172123f874db408d8911d3f3\",\"name\":\"Adelisa Kalajdzini\",\"image\":{\"@type\":\"ImageObject\",\"inLanguage\":\"en-US\",\"@id\":\"https:\\\/\\\/secure.gravatar.com\\\/avatar\\\/09a397c22ac58cad6f160ee8306348599df9df58a8ede73696226897b9fa4b24?s=96&d=mm&r=g\",\"url\":\"https:\\\/\\\/secure.gravatar.com\\\/avatar\\\/09a397c22ac58cad6f160ee8306348599df9df58a8ede73696226897b9fa4b24?s=96&d=mm&r=g\",\"contentUrl\":\"https:\\\/\\\/secure.gravatar.com\\\/avatar\\\/09a397c22ac58cad6f160ee8306348599df9df58a8ede73696226897b9fa4b24?s=96&d=mm&r=g\",\"caption\":\"Adelisa Kalajdzini\"},\"url\":\"https:\\\/\\\/www.organisator.ch\\\/en\\\/author\\\/adelisa-kalajdzini\\\/\"}]}<\/script>\n<!-- \/ Yoast SEO plugin. -->","yoast_head_json":{"title":"Executive Board member Edith M\u00fcller leaves Suva - Organizer","description":"On April 1, 2019, Edith M\u00fcller became the first woman to be elected to the Suva Executive Board - responsible for the \"Health Protection and Human Resources\" department.","robots":{"index":"index","follow":"follow","max-snippet":"max-snippet:-1","max-image-preview":"max-image-preview:large","max-video-preview":"max-video-preview:-1"},"canonical":"https:\/\/www.organisator.ch\/en\/management\/2024-09-24\/geschaeftsleitungsmitglied-edith-mueller-verlaesst-die-suva\/","og_locale":"en_US","og_type":"article","og_title":"Gesch\u00e4ftsleitungsmitglied Edith M\u00fcller verl\u00e4sst die Suva","og_description":"Edith M\u00fcller wurde am 1. April 2019 als erste Frau in die Gesch\u00e4ftsleitung der Suva gew\u00e4hlt - zust\u00e4ndig f\u00fcr das Departement \u00abGesundheitsschutz und Personal\u00bb.","og_url":"https:\/\/www.organisator.ch\/en\/management\/2024-09-24\/geschaeftsleitungsmitglied-edith-mueller-verlaesst-die-suva\/","og_site_name":"Organisator","article_publisher":"https:\/\/www.facebook.com\/OrganisatorFachmagazin","article_published_time":"2024-09-24T06:15:13+00:00","og_image":[{"width":680,"height":582,"url":"https:\/\/www.organisator.ch\/wp-content\/uploads\/2024\/09\/Suva_Bild1_ps.jpg","type":"image\/jpeg"}],"author":"Adelisa Kalajdzini","twitter_card":"summary_large_image","twitter_title":"Gesch\u00e4ftsleitungsmitglied Edith M\u00fcller verl\u00e4sst die Suva","twitter_description":"#Edith #M\u00fcller wurde am 1. April 2019 als #erste #Frau in die #Gesch\u00e4ftsleitung der #Suva gew\u00e4hlt - zust\u00e4ndig f\u00fcr das Departement \u00abGesundheitsschutz und Personal\u00bb.","twitter_image":"https:\/\/www.organisator.ch\/wp-content\/uploads\/2024\/09\/Suva_Bild1_ps.jpg","schema":{"@context":"https:\/\/schema.org","@graph":[{"@type":"Article","@id":"https:\/\/www.organisator.ch\/management\/2024-09-24\/geschaeftsleitungsmitglied-edith-mueller-verlaesst-die-suva\/#article","isPartOf":{"@id":"https:\/\/www.organisator.ch\/management\/2024-09-24\/geschaeftsleitungsmitglied-edith-mueller-verlaesst-die-suva\/"},"author":{"name":"Adelisa Kalajdzini","@id":"https:\/\/www.organisator.ch\/#\/schema\/person\/2e1314a2172123f874db408d8911d3f3"},"headline":"Gesch\u00e4ftsleitungsmitglied Edith M\u00fcller verl\u00e4sst die Suva","datePublished":"2024-09-24T06:15:13+00:00","mainEntityOfPage":{"@id":"https:\/\/www.organisator.ch\/management\/2024-09-24\/geschaeftsleitungsmitglied-edith-mueller-verlaesst-die-suva\/"},"wordCount":318,"publisher":{"@id":"https:\/\/www.organisator.ch\/#organization"},"image":{"@id":"https:\/\/www.organisator.ch\/management\/2024-09-24\/geschaeftsleitungsmitglied-edith-mueller-verlaesst-die-suva\/#primaryimage"},"thumbnailUrl":"https:\/\/www.organisator.ch\/wp-content\/uploads\/2024\/09\/Suva_Bild1_ps.jpg","keywords":["Gesch\u00e4ftsleitungsmitglied","Management","SUVA","Unternehmen"],"articleSection":["MANAGEMENT"],"inLanguage":"en-US"},{"@type":"WebPage","@id":"https:\/\/www.organisator.ch\/management\/2024-09-24\/geschaeftsleitungsmitglied-edith-mueller-verlaesst-die-suva\/","url":"https:\/\/www.organisator.ch\/management\/2024-09-24\/geschaeftsleitungsmitglied-edith-mueller-verlaesst-die-suva\/","name":"Executive Board member Edith M\u00fcller leaves Suva - Organizer","isPartOf":{"@id":"https:\/\/www.organisator.ch\/#website"},"primaryImageOfPage":{"@id":"https:\/\/www.organisator.ch\/management\/2024-09-24\/geschaeftsleitungsmitglied-edith-mueller-verlaesst-die-suva\/#primaryimage"},"image":{"@id":"https:\/\/www.organisator.ch\/management\/2024-09-24\/geschaeftsleitungsmitglied-edith-mueller-verlaesst-die-suva\/#primaryimage"},"thumbnailUrl":"https:\/\/www.organisator.ch\/wp-content\/uploads\/2024\/09\/Suva_Bild1_ps.jpg","datePublished":"2024-09-24T06:15:13+00:00","description":"On April 1, 2019, Edith M\u00fcller became the first woman to be elected to the Suva Executive Board - responsible for the \"Health Protection and Human Resources\" department.","breadcrumb":{"@id":"https:\/\/www.organisator.ch\/management\/2024-09-24\/geschaeftsleitungsmitglied-edith-mueller-verlaesst-die-suva\/#breadcrumb"},"inLanguage":"en-US","potentialAction":[{"@type":"ReadAction","target":["https:\/\/www.organisator.ch\/management\/2024-09-24\/geschaeftsleitungsmitglied-edith-mueller-verlaesst-die-suva\/"]}]},{"@type":"ImageObject","inLanguage":"en-US","@id":"https:\/\/www.organisator.ch\/management\/2024-09-24\/geschaeftsleitungsmitglied-edith-mueller-verlaesst-die-suva\/#primaryimage","url":"https:\/\/www.organisator.ch\/wp-content\/uploads\/2024\/09\/Suva_Bild1_ps.jpg","contentUrl":"https:\/\/www.organisator.ch\/wp-content\/uploads\/2024\/09\/Suva_Bild1_ps.jpg","width":680,"height":582,"caption":"Gesch\u00e4ftsleitungsmitglied Edith M\u00fcller verl\u00e4sst die Suva Ende Juni 2025. (Bild: www.suva.ch)"},{"@type":"BreadcrumbList","@id":"https:\/\/www.organisator.ch\/management\/2024-09-24\/geschaeftsleitungsmitglied-edith-mueller-verlaesst-die-suva\/#breadcrumb","itemListElement":[{"@type":"ListItem","position":1,"name":"Home","item":"https:\/\/www.organisator.ch\/"},{"@type":"ListItem","position":2,"name":"Gesch\u00e4ftsleitungsmitglied Edith M\u00fcller verl\u00e4sst die Suva"}]},{"@type":"WebSite","@id":"https:\/\/www.organisator.ch\/#website","url":"https:\/\/www.organisator.ch\/","name":"Organizer","description":"Competent. Practical. In 10 issues per year, ORGANISATOR presents the essential topics for managers of SMEs.","publisher":{"@id":"https:\/\/www.organisator.ch\/#organization"},"potentialAction":[{"@type":"SearchAction","target":{"@type":"EntryPoint","urlTemplate":"https:\/\/www.organisator.ch\/?s={search_term_string}"},"query-input":{"@type":"PropertyValueSpecification","valueRequired":true,"valueName":"search_term_string"}}],"inLanguage":"en-US"},{"@type":"Organization","@id":"https:\/\/www.organisator.ch\/#organization","name":"Organizer","url":"https:\/\/www.organisator.ch\/","logo":{"@type":"ImageObject","inLanguage":"en-US","@id":"https:\/\/www.organisator.ch\/#\/schema\/logo\/image\/","url":"https:\/\/www.organisator.ch\/wp-content\/uploads\/2022\/01\/Logo_Organisator_Website.png","contentUrl":"https:\/\/www.organisator.ch\/wp-content\/uploads\/2022\/01\/Logo_Organisator_Website.png","width":800,"height":77,"caption":"Organisator"},"image":{"@id":"https:\/\/www.organisator.ch\/#\/schema\/logo\/image\/"},"sameAs":["https:\/\/www.facebook.com\/OrganisatorFachmagazin","https:\/\/www.linkedin.com\/showcase\/organisator-das-magazin-fr-kmu","https:\/\/www.xing.com\/news\/pages\/organisator-ch-695","https:\/\/www.youtube.com\/channel\/UCGP2Sq0iWaZwT3BdIAQFYpw"]},{"@type":"Person","@id":"https:\/\/www.organisator.ch\/#\/schema\/person\/2e1314a2172123f874db408d8911d3f3","name":"Adelisa Kalajdzini","image":{"@type":"ImageObject","inLanguage":"en-US","@id":"https:\/\/secure.gravatar.com\/avatar\/09a397c22ac58cad6f160ee8306348599df9df58a8ede73696226897b9fa4b24?s=96&d=mm&r=g","url":"https:\/\/secure.gravatar.com\/avatar\/09a397c22ac58cad6f160ee8306348599df9df58a8ede73696226897b9fa4b24?s=96&d=mm&r=g","contentUrl":"https:\/\/secure.gravatar.com\/avatar\/09a397c22ac58cad6f160ee8306348599df9df58a8ede73696226897b9fa4b24?s=96&d=mm&r=g","caption":"Adelisa Kalajdzini"},"url":"https:\/\/www.organisator.ch\/en\/author\/adelisa-kalajdzini\/"}]}},"_links":{"self":[{"href":"https:\/\/www.organisator.ch\/en\/wp-json\/wp\/v2\/posts\/30008","targetHints":{"allow":["GET"]}}],"collection":[{"href":"https:\/\/www.organisator.ch\/en\/wp-json\/wp\/v2\/posts"}],"about":[{"href":"https:\/\/www.organisator.ch\/en\/wp-json\/wp\/v2\/types\/post"}],"author":[{"embeddable":true,"href":"https:\/\/www.organisator.ch\/en\/wp-json\/wp\/v2\/users\/58"}],"replies":[{"embeddable":true,"href":"https:\/\/www.organisator.ch\/en\/wp-json\/wp\/v2\/comments?post=30008"}],"version-history":[{"count":6,"href":"https:\/\/www.organisator.ch\/en\/wp-json\/wp\/v2\/posts\/30008\/revisions"}],"predecessor-version":[{"id":30068,"href":"https:\/\/www.organisator.ch\/en\/wp-json\/wp\/v2\/posts\/30008\/revisions\/30068"}],"wp:featuredmedia":[{"embeddable":true,"href":"https:\/\/www.organisator.ch\/en\/wp-json\/wp\/v2\/media\/30010"}],"wp:attachment":[{"href":"https:\/\/www.organisator.ch\/en\/wp-json\/wp\/v2\/media?parent=30008"}],"wp:term":[{"taxonomy":"category","embeddable":true,"href":"https:\/\/www.organisator.ch\/en\/wp-json\/wp\/v2\/categories?post=30008"},{"taxonomy":"post_tag","embeddable":true,"href":"https:\/\/www.organisator.ch\/en\/wp-json\/wp\/v2\/tags?post=30008"}],"curies":[{"name":"wp","href":"https:\/\/api.w.org\/{rel}","templated":true}]}}