{"id":3004,"date":"2020-04-14T23:35:04","date_gmt":"2020-04-14T21:35:04","guid":{"rendered":"https:\/\/www.umweltperspektiven.ch\/?p=3004"},"modified":"2024-11-07T05:40:19","modified_gmt":"2024-11-07T04:40:19","slug":"ekz-stattet-kirche-mit-solarpaneelen-aus","status":"publish","type":"post","link":"https:\/\/www.organisator.ch\/en\/sustainability\/2020-04-14\/ekz-stattet-kirche-mit-solarpaneelen-aus\/","title":{"rendered":"EKZ equips church with solar panels"},"content":{"rendered":"<p>&nbsp;<\/p>\n<figure id=\"attachment_3005\" aria-describedby=\"caption-attachment-3005\" style=\"width: 680px\" class=\"wp-caption alignnone\"><img loading=\"lazy\" decoding=\"async\" class=\"wp-image-3005 size-medium\" src=\"https:\/\/www.organisator.ch\/wp-content\/uploads\/2020\/04\/Kirche_Adliswil_1612-680x425.jpg\" alt=\"EKZ \" width=\"680\" height=\"425\" srcset=\"https:\/\/www.organisator.ch\/wp-content\/uploads\/2020\/04\/Kirche_Adliswil_1612-680x425.jpg 680w, https:\/\/www.organisator.ch\/wp-content\/uploads\/2020\/04\/Kirche_Adliswil_1612-1024x640.jpg 1024w, https:\/\/www.organisator.ch\/wp-content\/uploads\/2020\/04\/Kirche_Adliswil_1612-768x480.jpg 768w, https:\/\/www.organisator.ch\/wp-content\/uploads\/2020\/04\/Kirche_Adliswil_1612-1536x960.jpg 1536w, https:\/\/www.organisator.ch\/wp-content\/uploads\/2020\/04\/Kirche_Adliswil_1612-18x12.jpg 18w, https:\/\/www.organisator.ch\/wp-content\/uploads\/2020\/04\/Kirche_Adliswil_1612-280x175.jpg 280w, https:\/\/www.organisator.ch\/wp-content\/uploads\/2020\/04\/Kirche_Adliswil_1612-560x350.jpg 560w, https:\/\/www.organisator.ch\/wp-content\/uploads\/2020\/04\/Kirche_Adliswil_1612-1279x800.jpg 1279w, https:\/\/www.organisator.ch\/wp-content\/uploads\/2020\/04\/Kirche_Adliswil_1612-920x575.jpg 920w, https:\/\/www.organisator.ch\/wp-content\/uploads\/2020\/04\/Kirche_Adliswil_1612-1400x875.jpg 1400w, https:\/\/www.organisator.ch\/wp-content\/uploads\/2020\/04\/Kirche_Adliswil_1612-300x188.jpg 300w, https:\/\/www.organisator.ch\/wp-content\/uploads\/2020\/04\/Kirche_Adliswil_1612.jpg 1612w\" sizes=\"auto, (max-width: 680px) 100vw, 680px\" \/><figcaption id=\"caption-attachment-3005\" class=\"wp-caption-text\">The completed photovoltaic system on the Adliswil parish hall also produces electricity for the church properties. (Image: EKZ)<\/figcaption><\/figure>\n<p>The Electricity Works of the Canton of Zurich (EKZ) have installed a solar system on each of the parish hall and the rectory of the Reformed Church in Adliswil. 174 solar modules now produce electricity that could supply eleven four-person households.<\/p>\n<p class=\"bodytext\">The Reformed Church in Adliswil now draws most of its electricity from its own photovoltaic system. After two and a half months of planning and construction, installed\u00a0<a href=\"\/\/www.ekz.ch\/blue\/de\/aktuell.html\" target=\"_blank\" rel=\"noopener\">EKZ<\/a>\u00a0174 solar panels on the roofs of their church parish and rectory. They produce 54.81 kilowatt-peak electricity. This could supply eleven four-person households.<\/p>\n<p class=\"bodytext\">\"Through our simple solar control, we are able to maximize the amount of self-consumed electricity. That means we increase self-consumption to an optimum,\" Werner Baumann, head of resources properties at the Reformed Church in Adliswil, is quoted as saying in a\u00a0<a href=\"\/\/www.ekz.ch\/blue\/de\/wissen\/2020\/Solaranlage.html\" target=\"_blank\" rel=\"noopener\">Media release<\/a>\u00a0of the FCA quoted.<\/p>\n<p class=\"bodytext\">In addition, all electricity meters of the parish hall and the administration building were connected together. In this way, the economic efficiency can be increased once again, according to the press release.<\/p>","protected":false},"excerpt":{"rendered":"<p>&nbsp; Die Elektrizit\u00e4tswerke des Kantons Z\u00fcrich (EKZ) haben auf dem Kirchgemeindehaus und dem Pfarrhaus der reformierten Kirche in Adliswil je eine Solaranlage installiert. 174 Solarmodule produzieren nun Strom, der elf Vierpersonenhaushalte versorgen k\u00f6nnte. Die reformierte Kirche in Adliswil bezieht ihren Strom nun weitgehend aus einer eigenen Photovoltaikanlage. Nach zweieinhalb Monaten Planungs- und Bauzeit installierte\u00a0EKZ\u00a0auf den [&hellip;]<\/p>\n","protected":false},"author":5,"featured_media":3005,"comment_status":"closed","ping_status":"closed","sticky":false,"template":"","format":"standard","meta":{"_acf_changed":false,"_yoast_wpseo_focuskw":"EKZ","_yoast_wpseo_metadesc":"Die EKZ haben 174 Solarmodule auf Kirche und Pfarrhaus in Adliswil installiert, die elf Haushalte mit Strom versorgen k\u00f6nnen.","articlekey":"","footnotes":""},"categories":[580],"tags":[673,1029,1493,373,1908,2138],"class_list":["post-3004","post","type-post","status-publish","format-standard","has-post-thumbnail","hentry","category-sustainability","tag-adliswil","tag-ekz","tag-kirche","tag-panel","tag-photovoltaik","tag-solar"],"acf":[],"yoast_head":"<!-- This site is optimized with the Yoast SEO plugin v27.4 - https:\/\/yoast.com\/product\/yoast-seo-wordpress\/ -->\n<title>EKZ stattet Kirche mit Solarpaneelen aus - Organisator<\/title>\n<meta name=\"description\" content=\"Die EKZ haben 174 Solarmodule auf Kirche und Pfarrhaus in Adliswil installiert, die elf Haushalte mit Strom versorgen k\u00f6nnen.\" \/>\n<meta name=\"robots\" content=\"index, follow, max-snippet:-1, max-image-preview:large, max-video-preview:-1\" \/>\n<link rel=\"canonical\" href=\"https:\/\/www.organisator.ch\/en\/sustainability\/2020-04-14\/ekz-stattet-kirche-mit-solarpaneelen-aus\/\" \/>\n<meta property=\"og:locale\" content=\"en_US\" \/>\n<meta property=\"og:type\" content=\"article\" \/>\n<meta property=\"og:title\" content=\"EKZ stattet Kirche mit Solarpaneelen aus - Organisator\" \/>\n<meta property=\"og:description\" content=\"Die EKZ haben 174 Solarmodule auf Kirche und Pfarrhaus in Adliswil installiert, die elf Haushalte mit Strom versorgen k\u00f6nnen.\" \/>\n<meta property=\"og:url\" content=\"https:\/\/www.organisator.ch\/en\/sustainability\/2020-04-14\/ekz-stattet-kirche-mit-solarpaneelen-aus\/\" \/>\n<meta property=\"og:site_name\" content=\"Organisator\" \/>\n<meta property=\"article:publisher\" content=\"https:\/\/www.facebook.com\/OrganisatorFachmagazin\" \/>\n<meta property=\"article:published_time\" content=\"2020-04-14T21:35:04+00:00\" \/>\n<meta property=\"article:modified_time\" content=\"2024-11-07T04:40:19+00:00\" \/>\n<meta property=\"og:image\" content=\"https:\/\/www.organisator.ch\/wp-content\/uploads\/2020\/04\/Kirche_Adliswil_1612.jpg\" \/>\n\t<meta property=\"og:image:width\" content=\"1612\" \/>\n\t<meta property=\"og:image:height\" content=\"1008\" \/>\n\t<meta property=\"og:image:type\" content=\"image\/jpeg\" \/>\n<meta name=\"author\" content=\"michael.merz\" \/>\n<meta name=\"twitter:card\" content=\"summary_large_image\" \/>\n<script type=\"application\/ld+json\" class=\"yoast-schema-graph\">{\"@context\":\"https:\\\/\\\/schema.org\",\"@graph\":[{\"@type\":\"Article\",\"@id\":\"https:\\\/\\\/www.organisator.ch\\\/sustainability\\\/2020-04-14\\\/ekz-stattet-kirche-mit-solarpaneelen-aus\\\/#article\",\"isPartOf\":{\"@id\":\"https:\\\/\\\/www.organisator.ch\\\/sustainability\\\/2020-04-14\\\/ekz-stattet-kirche-mit-solarpaneelen-aus\\\/\"},\"author\":{\"name\":\"michael.merz\",\"@id\":\"https:\\\/\\\/www.organisator.ch\\\/#\\\/schema\\\/person\\\/134708ca9321c57b0362cceb7948ffbd\"},\"headline\":\"EKZ stattet Kirche mit Solarpaneelen aus\",\"datePublished\":\"2020-04-14T21:35:04+00:00\",\"dateModified\":\"2024-11-07T04:40:19+00:00\",\"mainEntityOfPage\":{\"@id\":\"https:\\\/\\\/www.organisator.ch\\\/sustainability\\\/2020-04-14\\\/ekz-stattet-kirche-mit-solarpaneelen-aus\\\/\"},\"wordCount\":176,\"publisher\":{\"@id\":\"https:\\\/\\\/www.organisator.ch\\\/#organization\"},\"image\":{\"@id\":\"https:\\\/\\\/www.organisator.ch\\\/sustainability\\\/2020-04-14\\\/ekz-stattet-kirche-mit-solarpaneelen-aus\\\/#primaryimage\"},\"thumbnailUrl\":\"https:\\\/\\\/www.organisator.ch\\\/wp-content\\\/uploads\\\/2020\\\/04\\\/Kirche_Adliswil_1612.jpg\",\"keywords\":[\"Adliswil\",\"EKZ\",\"Kirche\",\"Panel\",\"Photovoltaik\",\"Solar\"],\"articleSection\":[\"SUSTAINABILITY\"],\"inLanguage\":\"en-US\"},{\"@type\":\"WebPage\",\"@id\":\"https:\\\/\\\/www.organisator.ch\\\/sustainability\\\/2020-04-14\\\/ekz-stattet-kirche-mit-solarpaneelen-aus\\\/\",\"url\":\"https:\\\/\\\/www.organisator.ch\\\/sustainability\\\/2020-04-14\\\/ekz-stattet-kirche-mit-solarpaneelen-aus\\\/\",\"name\":\"EKZ stattet Kirche mit Solarpaneelen aus - Organisator\",\"isPartOf\":{\"@id\":\"https:\\\/\\\/www.organisator.ch\\\/#website\"},\"primaryImageOfPage\":{\"@id\":\"https:\\\/\\\/www.organisator.ch\\\/sustainability\\\/2020-04-14\\\/ekz-stattet-kirche-mit-solarpaneelen-aus\\\/#primaryimage\"},\"image\":{\"@id\":\"https:\\\/\\\/www.organisator.ch\\\/sustainability\\\/2020-04-14\\\/ekz-stattet-kirche-mit-solarpaneelen-aus\\\/#primaryimage\"},\"thumbnailUrl\":\"https:\\\/\\\/www.organisator.ch\\\/wp-content\\\/uploads\\\/2020\\\/04\\\/Kirche_Adliswil_1612.jpg\",\"datePublished\":\"2020-04-14T21:35:04+00:00\",\"dateModified\":\"2024-11-07T04:40:19+00:00\",\"description\":\"Die EKZ haben 174 Solarmodule auf Kirche und Pfarrhaus in Adliswil installiert, die elf Haushalte mit Strom versorgen k\u00f6nnen.\",\"breadcrumb\":{\"@id\":\"https:\\\/\\\/www.organisator.ch\\\/sustainability\\\/2020-04-14\\\/ekz-stattet-kirche-mit-solarpaneelen-aus\\\/#breadcrumb\"},\"inLanguage\":\"en-US\",\"potentialAction\":[{\"@type\":\"ReadAction\",\"target\":[\"https:\\\/\\\/www.organisator.ch\\\/sustainability\\\/2020-04-14\\\/ekz-stattet-kirche-mit-solarpaneelen-aus\\\/\"]}]},{\"@type\":\"ImageObject\",\"inLanguage\":\"en-US\",\"@id\":\"https:\\\/\\\/www.organisator.ch\\\/sustainability\\\/2020-04-14\\\/ekz-stattet-kirche-mit-solarpaneelen-aus\\\/#primaryimage\",\"url\":\"https:\\\/\\\/www.organisator.ch\\\/wp-content\\\/uploads\\\/2020\\\/04\\\/Kirche_Adliswil_1612.jpg\",\"contentUrl\":\"https:\\\/\\\/www.organisator.ch\\\/wp-content\\\/uploads\\\/2020\\\/04\\\/Kirche_Adliswil_1612.jpg\",\"width\":1612,\"height\":1008,\"caption\":\"Die fertige Photovoltaik-Anlage auf dem Kirchgemeindehaus Adliswil produziert auch Strom f\u00fcr die kirchlichen Liegenschaften.\"},{\"@type\":\"BreadcrumbList\",\"@id\":\"https:\\\/\\\/www.organisator.ch\\\/sustainability\\\/2020-04-14\\\/ekz-stattet-kirche-mit-solarpaneelen-aus\\\/#breadcrumb\",\"itemListElement\":[{\"@type\":\"ListItem\",\"position\":1,\"name\":\"Home\",\"item\":\"https:\\\/\\\/www.organisator.ch\\\/\"},{\"@type\":\"ListItem\",\"position\":2,\"name\":\"EKZ stattet Kirche mit Solarpaneelen aus\"}]},{\"@type\":\"WebSite\",\"@id\":\"https:\\\/\\\/www.organisator.ch\\\/#website\",\"url\":\"https:\\\/\\\/www.organisator.ch\\\/\",\"name\":\"Organisator\",\"description\":\"Kompetent. Praxisnah. Der ORGANISATOR bereitet in 10 Ausgaben pro Jahr die wesentlichen Themen f\u00fcr F\u00fchrungskr\u00e4fte von KMU auf.\",\"publisher\":{\"@id\":\"https:\\\/\\\/www.organisator.ch\\\/#organization\"},\"potentialAction\":[{\"@type\":\"SearchAction\",\"target\":{\"@type\":\"EntryPoint\",\"urlTemplate\":\"https:\\\/\\\/www.organisator.ch\\\/?s={search_term_string}\"},\"query-input\":{\"@type\":\"PropertyValueSpecification\",\"valueRequired\":true,\"valueName\":\"search_term_string\"}}],\"inLanguage\":\"en-US\"},{\"@type\":\"Organization\",\"@id\":\"https:\\\/\\\/www.organisator.ch\\\/#organization\",\"name\":\"Organisator\",\"url\":\"https:\\\/\\\/www.organisator.ch\\\/\",\"logo\":{\"@type\":\"ImageObject\",\"inLanguage\":\"en-US\",\"@id\":\"https:\\\/\\\/www.organisator.ch\\\/#\\\/schema\\\/logo\\\/image\\\/\",\"url\":\"https:\\\/\\\/www.organisator.ch\\\/wp-content\\\/uploads\\\/2022\\\/01\\\/Logo_Organisator_Website.png\",\"contentUrl\":\"https:\\\/\\\/www.organisator.ch\\\/wp-content\\\/uploads\\\/2022\\\/01\\\/Logo_Organisator_Website.png\",\"width\":800,\"height\":77,\"caption\":\"Organisator\"},\"image\":{\"@id\":\"https:\\\/\\\/www.organisator.ch\\\/#\\\/schema\\\/logo\\\/image\\\/\"},\"sameAs\":[\"https:\\\/\\\/www.facebook.com\\\/OrganisatorFachmagazin\",\"https:\\\/\\\/www.linkedin.com\\\/showcase\\\/organisator-das-magazin-fr-kmu\",\"https:\\\/\\\/www.xing.com\\\/news\\\/pages\\\/organisator-ch-695\",\"https:\\\/\\\/www.youtube.com\\\/channel\\\/UCGP2Sq0iWaZwT3BdIAQFYpw\"]},{\"@type\":\"Person\",\"@id\":\"https:\\\/\\\/www.organisator.ch\\\/#\\\/schema\\\/person\\\/134708ca9321c57b0362cceb7948ffbd\",\"name\":\"michael.merz\",\"image\":{\"@type\":\"ImageObject\",\"inLanguage\":\"en-US\",\"@id\":\"https:\\\/\\\/secure.gravatar.com\\\/avatar\\\/?s=96&d=mm&r=g\",\"url\":\"https:\\\/\\\/secure.gravatar.com\\\/avatar\\\/?s=96&d=mm&r=g\",\"contentUrl\":\"https:\\\/\\\/secure.gravatar.com\\\/avatar\\\/?s=96&d=mm&r=g\",\"caption\":\"michael.merz\"},\"url\":\"https:\\\/\\\/www.organisator.ch\\\/en\\\/author\\\/michael-merz\\\/\"}]}<\/script>\n<!-- \/ Yoast SEO plugin. -->","yoast_head_json":{"title":"EKZ equips church with solar panels - organizer","description":"EKZ has installed 174 solar modules on the church and rectory in Adliswil, which can supply eleven households with electricity.","robots":{"index":"index","follow":"follow","max-snippet":"max-snippet:-1","max-image-preview":"max-image-preview:large","max-video-preview":"max-video-preview:-1"},"canonical":"https:\/\/www.organisator.ch\/en\/sustainability\/2020-04-14\/ekz-stattet-kirche-mit-solarpaneelen-aus\/","og_locale":"en_US","og_type":"article","og_title":"EKZ stattet Kirche mit Solarpaneelen aus - Organisator","og_description":"Die EKZ haben 174 Solarmodule auf Kirche und Pfarrhaus in Adliswil installiert, die elf Haushalte mit Strom versorgen k\u00f6nnen.","og_url":"https:\/\/www.organisator.ch\/en\/sustainability\/2020-04-14\/ekz-stattet-kirche-mit-solarpaneelen-aus\/","og_site_name":"Organisator","article_publisher":"https:\/\/www.facebook.com\/OrganisatorFachmagazin","article_published_time":"2020-04-14T21:35:04+00:00","article_modified_time":"2024-11-07T04:40:19+00:00","og_image":[{"width":1612,"height":1008,"url":"https:\/\/www.organisator.ch\/wp-content\/uploads\/2020\/04\/Kirche_Adliswil_1612.jpg","type":"image\/jpeg"}],"author":"michael.merz","twitter_card":"summary_large_image","schema":{"@context":"https:\/\/schema.org","@graph":[{"@type":"Article","@id":"https:\/\/www.organisator.ch\/sustainability\/2020-04-14\/ekz-stattet-kirche-mit-solarpaneelen-aus\/#article","isPartOf":{"@id":"https:\/\/www.organisator.ch\/sustainability\/2020-04-14\/ekz-stattet-kirche-mit-solarpaneelen-aus\/"},"author":{"name":"michael.merz","@id":"https:\/\/www.organisator.ch\/#\/schema\/person\/134708ca9321c57b0362cceb7948ffbd"},"headline":"EKZ stattet Kirche mit Solarpaneelen aus","datePublished":"2020-04-14T21:35:04+00:00","dateModified":"2024-11-07T04:40:19+00:00","mainEntityOfPage":{"@id":"https:\/\/www.organisator.ch\/sustainability\/2020-04-14\/ekz-stattet-kirche-mit-solarpaneelen-aus\/"},"wordCount":176,"publisher":{"@id":"https:\/\/www.organisator.ch\/#organization"},"image":{"@id":"https:\/\/www.organisator.ch\/sustainability\/2020-04-14\/ekz-stattet-kirche-mit-solarpaneelen-aus\/#primaryimage"},"thumbnailUrl":"https:\/\/www.organisator.ch\/wp-content\/uploads\/2020\/04\/Kirche_Adliswil_1612.jpg","keywords":["Adliswil","EKZ","Kirche","Panel","Photovoltaik","Solar"],"articleSection":["SUSTAINABILITY"],"inLanguage":"en-US"},{"@type":"WebPage","@id":"https:\/\/www.organisator.ch\/sustainability\/2020-04-14\/ekz-stattet-kirche-mit-solarpaneelen-aus\/","url":"https:\/\/www.organisator.ch\/sustainability\/2020-04-14\/ekz-stattet-kirche-mit-solarpaneelen-aus\/","name":"EKZ equips church with solar panels - organizer","isPartOf":{"@id":"https:\/\/www.organisator.ch\/#website"},"primaryImageOfPage":{"@id":"https:\/\/www.organisator.ch\/sustainability\/2020-04-14\/ekz-stattet-kirche-mit-solarpaneelen-aus\/#primaryimage"},"image":{"@id":"https:\/\/www.organisator.ch\/sustainability\/2020-04-14\/ekz-stattet-kirche-mit-solarpaneelen-aus\/#primaryimage"},"thumbnailUrl":"https:\/\/www.organisator.ch\/wp-content\/uploads\/2020\/04\/Kirche_Adliswil_1612.jpg","datePublished":"2020-04-14T21:35:04+00:00","dateModified":"2024-11-07T04:40:19+00:00","description":"EKZ has installed 174 solar modules on the church and rectory in Adliswil, which can supply eleven households with electricity.","breadcrumb":{"@id":"https:\/\/www.organisator.ch\/sustainability\/2020-04-14\/ekz-stattet-kirche-mit-solarpaneelen-aus\/#breadcrumb"},"inLanguage":"en-US","potentialAction":[{"@type":"ReadAction","target":["https:\/\/www.organisator.ch\/sustainability\/2020-04-14\/ekz-stattet-kirche-mit-solarpaneelen-aus\/"]}]},{"@type":"ImageObject","inLanguage":"en-US","@id":"https:\/\/www.organisator.ch\/sustainability\/2020-04-14\/ekz-stattet-kirche-mit-solarpaneelen-aus\/#primaryimage","url":"https:\/\/www.organisator.ch\/wp-content\/uploads\/2020\/04\/Kirche_Adliswil_1612.jpg","contentUrl":"https:\/\/www.organisator.ch\/wp-content\/uploads\/2020\/04\/Kirche_Adliswil_1612.jpg","width":1612,"height":1008,"caption":"Die fertige Photovoltaik-Anlage auf dem Kirchgemeindehaus Adliswil produziert auch Strom f\u00fcr die kirchlichen Liegenschaften."},{"@type":"BreadcrumbList","@id":"https:\/\/www.organisator.ch\/sustainability\/2020-04-14\/ekz-stattet-kirche-mit-solarpaneelen-aus\/#breadcrumb","itemListElement":[{"@type":"ListItem","position":1,"name":"Home","item":"https:\/\/www.organisator.ch\/"},{"@type":"ListItem","position":2,"name":"EKZ stattet Kirche mit Solarpaneelen aus"}]},{"@type":"WebSite","@id":"https:\/\/www.organisator.ch\/#website","url":"https:\/\/www.organisator.ch\/","name":"Organizer","description":"Competent. Practical. In 10 issues per year, ORGANISATOR presents the essential topics for managers of SMEs.","publisher":{"@id":"https:\/\/www.organisator.ch\/#organization"},"potentialAction":[{"@type":"SearchAction","target":{"@type":"EntryPoint","urlTemplate":"https:\/\/www.organisator.ch\/?s={search_term_string}"},"query-input":{"@type":"PropertyValueSpecification","valueRequired":true,"valueName":"search_term_string"}}],"inLanguage":"en-US"},{"@type":"Organization","@id":"https:\/\/www.organisator.ch\/#organization","name":"Organizer","url":"https:\/\/www.organisator.ch\/","logo":{"@type":"ImageObject","inLanguage":"en-US","@id":"https:\/\/www.organisator.ch\/#\/schema\/logo\/image\/","url":"https:\/\/www.organisator.ch\/wp-content\/uploads\/2022\/01\/Logo_Organisator_Website.png","contentUrl":"https:\/\/www.organisator.ch\/wp-content\/uploads\/2022\/01\/Logo_Organisator_Website.png","width":800,"height":77,"caption":"Organisator"},"image":{"@id":"https:\/\/www.organisator.ch\/#\/schema\/logo\/image\/"},"sameAs":["https:\/\/www.facebook.com\/OrganisatorFachmagazin","https:\/\/www.linkedin.com\/showcase\/organisator-das-magazin-fr-kmu","https:\/\/www.xing.com\/news\/pages\/organisator-ch-695","https:\/\/www.youtube.com\/channel\/UCGP2Sq0iWaZwT3BdIAQFYpw"]},{"@type":"Person","@id":"https:\/\/www.organisator.ch\/#\/schema\/person\/134708ca9321c57b0362cceb7948ffbd","name":"michael.merz","image":{"@type":"ImageObject","inLanguage":"en-US","@id":"https:\/\/secure.gravatar.com\/avatar\/?s=96&d=mm&r=g","url":"https:\/\/secure.gravatar.com\/avatar\/?s=96&d=mm&r=g","contentUrl":"https:\/\/secure.gravatar.com\/avatar\/?s=96&d=mm&r=g","caption":"michael.merz"},"url":"https:\/\/www.organisator.ch\/en\/author\/michael-merz\/"}]}},"_links":{"self":[{"href":"https:\/\/www.organisator.ch\/en\/wp-json\/wp\/v2\/posts\/3004","targetHints":{"allow":["GET"]}}],"collection":[{"href":"https:\/\/www.organisator.ch\/en\/wp-json\/wp\/v2\/posts"}],"about":[{"href":"https:\/\/www.organisator.ch\/en\/wp-json\/wp\/v2\/types\/post"}],"author":[{"embeddable":true,"href":"https:\/\/www.organisator.ch\/en\/wp-json\/wp\/v2\/users\/5"}],"replies":[{"embeddable":true,"href":"https:\/\/www.organisator.ch\/en\/wp-json\/wp\/v2\/comments?post=3004"}],"version-history":[{"count":2,"href":"https:\/\/www.organisator.ch\/en\/wp-json\/wp\/v2\/posts\/3004\/revisions"}],"predecessor-version":[{"id":31611,"href":"https:\/\/www.organisator.ch\/en\/wp-json\/wp\/v2\/posts\/3004\/revisions\/31611"}],"wp:featuredmedia":[{"embeddable":true,"href":"https:\/\/www.organisator.ch\/en\/wp-json\/wp\/v2\/media\/3005"}],"wp:attachment":[{"href":"https:\/\/www.organisator.ch\/en\/wp-json\/wp\/v2\/media?parent=3004"}],"wp:term":[{"taxonomy":"category","embeddable":true,"href":"https:\/\/www.organisator.ch\/en\/wp-json\/wp\/v2\/categories?post=3004"},{"taxonomy":"post_tag","embeddable":true,"href":"https:\/\/www.organisator.ch\/en\/wp-json\/wp\/v2\/tags?post=3004"}],"curies":[{"name":"wp","href":"https:\/\/api.w.org\/{rel}","templated":true}]}}