{"id":30193,"date":"2024-09-27T09:33:16","date_gmt":"2024-09-27T07:33:16","guid":{"rendered":"https:\/\/www.markt-kom.com\/?p=224024"},"modified":"2024-11-08T06:53:10","modified_gmt":"2024-11-08T05:53:10","slug":"staempfli-kommunikation-gewinnt-vssm-pitch","status":"publish","type":"post","link":"https:\/\/www.organisator.ch\/en\/marketing\/2024-09-27\/staempfli-kommunikation-gewinnt-vssm-pitch\/","title":{"rendered":"St\u00e4mpfli Kommunikation wins VSSM pitch"},"content":{"rendered":"<figure id=\"attachment_224025\" class=\"wp-caption aligncenter\" style=\"width: 1200px\" aria-describedby=\"caption-attachment-224025\"><img class=\"aligncenter wp-image-224025 size-full\" src=\"https:\/\/www.markt-kom.com\/wp-content\/uploads\/2024\/09\/macher23_unikat_mit_schreiner_m_w.jpg\" alt=\"VSSM umbrella campaign 2024\" width=\"1200\" height=\"900\" \/>\r\n<figcaption id=\"caption-attachment-224025\" class=\"wp-caption-text\">(Image: zVg.)<\/figcaption>\r\n<\/figure>\r\n<p>The challenges of the modern world of communication and growing competition make it necessary to further develop and strengthen the image of the VSSM. The member companies of the VSSM act as innovative movers and shakers, which should increase the attractiveness of the profession in the long term.<\/p>\r\n<p>St\u00e4mpfli Kommunikation will be responsible for the VSSM's new umbrella campaign. With a clear focus on innovation, authenticity and craftsmanship, the agency has developed a strategy to strengthen the association's image and at the same time inspire young talent and career changers. The central aim is to sustainably increase the visibility of the carpentry profession in the public eye and to specifically combat the shortage of skilled workers and apprentices. The focus is not only on the carpentry profession, but also on the wide range of services and products that the 2,000 member companies provide for the public.<\/p>\r\n<p>Visual highlights and emotional messages are used to highlight the diversity of the carpentry profession - from precise craftsmanship and passionate commitment to the innovative power of modern technologies. St\u00e4mpfli Kommunikation's creative approach presents the carpentry industry as a future-proof and exciting profession that combines tradition with modern technology.<strong><br \/>\r\n<\/strong>The campaign will be based on various communication channels, including out-of-home, print, social media and digital platforms. Particular attention will be paid to targeting young people who are interested in training or a career change into the carpentry industry. The carpentry profession is positioned as a creative and future-proof option.<\/p>\r\n<hr \/>\r\n<p><strong>Responsible at the Association of Swiss Master Carpenters and Furniture Manufacturers VSSM: <\/strong>Daniel Furrer (Director), Michael Poysden (Head of Marketing &amp; Communication), Claudio Valenti (Head of Marketing) and Rolf K\u00fcmin (Head of Education). <strong>Responsible at St\u00e4mpfli Kommunikation: <\/strong>Benjamin Scheurer (Creative Director, Team Leader Creation), Monica Masciadri (Senior Consultant Communications Agency), Andi Huggel (Head of Association Communications) and Adriana Siragusano (Junior Consultant \/ Project Manager).<\/p>","protected":false},"excerpt":{"rendered":"<p>St\u00e4mpfli Kommunikation has won the pitch of the Association of Swiss Master Carpenters and Furniture Manufacturers VSSM. With an umbrella campaign and a clear focus on creative craftsmanship, St\u00e4mpfli will redefine the image of the carpentry trade in Switzerland and strengthen the industry's visibility in the long term.<\/p>","protected":false},"author":8,"featured_media":0,"comment_status":"closed","ping_status":"closed","sticky":false,"template":"","format":"standard","meta":{"_acf_changed":false,"_yoast_wpseo_focuskw":"VSSM Dachkampagne 2024","_yoast_wpseo_metadesc":"eue VSSM-Kampagne von St\u00e4mpfli Kommunikation st\u00e4rkt das Image der Schreinerbranche und bek\u00e4mpft Fachkr\u00e4fte- und Lehrlingsmangel.","articlekey":"","footnotes":""},"categories":[29],"tags":[2855,4070,4554],"class_list":["post-30193","post","type-post","status-publish","format-standard","hentry","category-marketing","tag-etats","tag-staempfli-kommunikation","tag-vssm"],"acf":[],"yoast_head":"<!-- This site is optimized with the Yoast SEO plugin v27.5 - https:\/\/yoast.com\/product\/yoast-seo-wordpress\/ -->\n<title>St\u00e4mpfli Kommunikation gewinnt VSSM-Pitch - Organisator<\/title>\n<meta name=\"description\" content=\"eue VSSM-Kampagne von St\u00e4mpfli Kommunikation st\u00e4rkt das Image der Schreinerbranche und bek\u00e4mpft Fachkr\u00e4fte- und Lehrlingsmangel.\" \/>\n<meta name=\"robots\" content=\"index, follow, max-snippet:-1, max-image-preview:large, max-video-preview:-1\" \/>\n<link rel=\"canonical\" href=\"https:\/\/www.organisator.ch\/en\/marketing\/2024-09-27\/staempfli-kommunikation-gewinnt-vssm-pitch\/\" \/>\n<meta property=\"og:locale\" content=\"en_US\" \/>\n<meta property=\"og:type\" content=\"article\" \/>\n<meta property=\"og:title\" content=\"St\u00e4mpfli Kommunikation gewinnt VSSM-Pitch - Organisator\" \/>\n<meta property=\"og:description\" content=\"eue VSSM-Kampagne von St\u00e4mpfli Kommunikation st\u00e4rkt das Image der Schreinerbranche und bek\u00e4mpft Fachkr\u00e4fte- und Lehrlingsmangel.\" \/>\n<meta property=\"og:url\" content=\"https:\/\/www.organisator.ch\/en\/marketing\/2024-09-27\/staempfli-kommunikation-gewinnt-vssm-pitch\/\" \/>\n<meta property=\"og:site_name\" content=\"Organisator\" \/>\n<meta property=\"article:publisher\" content=\"https:\/\/www.facebook.com\/OrganisatorFachmagazin\" \/>\n<meta property=\"article:published_time\" content=\"2024-09-27T07:33:16+00:00\" \/>\n<meta property=\"article:modified_time\" content=\"2024-11-08T05:53:10+00:00\" \/>\n<meta property=\"og:image\" content=\"https:\/\/www.markt-kom.com\/wp-content\/uploads\/2024\/09\/macher23_unikat_mit_schreiner_m_w.jpg\" \/>\n<meta name=\"author\" content=\"galledia\" \/>\n<meta name=\"twitter:card\" content=\"summary_large_image\" \/>\n<meta name=\"twitter:creator\" content=\"@admin\" \/>\n<script type=\"application\/ld+json\" class=\"yoast-schema-graph\">{\"@context\":\"https:\\\/\\\/schema.org\",\"@graph\":[{\"@type\":\"Article\",\"@id\":\"https:\\\/\\\/www.organisator.ch\\\/marketing\\\/2024-09-27\\\/staempfli-kommunikation-gewinnt-vssm-pitch\\\/#article\",\"isPartOf\":{\"@id\":\"https:\\\/\\\/www.organisator.ch\\\/marketing\\\/2024-09-27\\\/staempfli-kommunikation-gewinnt-vssm-pitch\\\/\"},\"author\":{\"name\":\"galledia\",\"@id\":\"https:\\\/\\\/www.organisator.ch\\\/#\\\/schema\\\/person\\\/4e51799071cd2dd1232ac003643ef5f0\"},\"headline\":\"St\u00e4mpfli Kommunikation gewinnt VSSM-Pitch\",\"datePublished\":\"2024-09-27T07:33:16+00:00\",\"dateModified\":\"2024-11-08T05:53:10+00:00\",\"mainEntityOfPage\":{\"@id\":\"https:\\\/\\\/www.organisator.ch\\\/marketing\\\/2024-09-27\\\/staempfli-kommunikation-gewinnt-vssm-pitch\\\/\"},\"wordCount\":305,\"publisher\":{\"@id\":\"https:\\\/\\\/www.organisator.ch\\\/#organization\"},\"image\":{\"@id\":\"https:\\\/\\\/www.organisator.ch\\\/marketing\\\/2024-09-27\\\/staempfli-kommunikation-gewinnt-vssm-pitch\\\/#primaryimage\"},\"thumbnailUrl\":\"https:\\\/\\\/www.markt-kom.com\\\/wp-content\\\/uploads\\\/2024\\\/09\\\/macher23_unikat_mit_schreiner_m_w.jpg\",\"keywords\":[\"Etats\",\"St\u00e4mpfli Kommunikation\",\"VSSM\"],\"articleSection\":[\"MARKETING\"],\"inLanguage\":\"en-US\"},{\"@type\":\"WebPage\",\"@id\":\"https:\\\/\\\/www.organisator.ch\\\/marketing\\\/2024-09-27\\\/staempfli-kommunikation-gewinnt-vssm-pitch\\\/\",\"url\":\"https:\\\/\\\/www.organisator.ch\\\/marketing\\\/2024-09-27\\\/staempfli-kommunikation-gewinnt-vssm-pitch\\\/\",\"name\":\"St\u00e4mpfli Kommunikation gewinnt VSSM-Pitch - Organisator\",\"isPartOf\":{\"@id\":\"https:\\\/\\\/www.organisator.ch\\\/#website\"},\"primaryImageOfPage\":{\"@id\":\"https:\\\/\\\/www.organisator.ch\\\/marketing\\\/2024-09-27\\\/staempfli-kommunikation-gewinnt-vssm-pitch\\\/#primaryimage\"},\"image\":{\"@id\":\"https:\\\/\\\/www.organisator.ch\\\/marketing\\\/2024-09-27\\\/staempfli-kommunikation-gewinnt-vssm-pitch\\\/#primaryimage\"},\"thumbnailUrl\":\"https:\\\/\\\/www.markt-kom.com\\\/wp-content\\\/uploads\\\/2024\\\/09\\\/macher23_unikat_mit_schreiner_m_w.jpg\",\"datePublished\":\"2024-09-27T07:33:16+00:00\",\"dateModified\":\"2024-11-08T05:53:10+00:00\",\"description\":\"eue VSSM-Kampagne von St\u00e4mpfli Kommunikation st\u00e4rkt das Image der Schreinerbranche und bek\u00e4mpft Fachkr\u00e4fte- und Lehrlingsmangel.\",\"breadcrumb\":{\"@id\":\"https:\\\/\\\/www.organisator.ch\\\/marketing\\\/2024-09-27\\\/staempfli-kommunikation-gewinnt-vssm-pitch\\\/#breadcrumb\"},\"inLanguage\":\"en-US\",\"potentialAction\":[{\"@type\":\"ReadAction\",\"target\":[\"https:\\\/\\\/www.organisator.ch\\\/marketing\\\/2024-09-27\\\/staempfli-kommunikation-gewinnt-vssm-pitch\\\/\"]}]},{\"@type\":\"ImageObject\",\"inLanguage\":\"en-US\",\"@id\":\"https:\\\/\\\/www.organisator.ch\\\/marketing\\\/2024-09-27\\\/staempfli-kommunikation-gewinnt-vssm-pitch\\\/#primaryimage\",\"url\":\"https:\\\/\\\/www.markt-kom.com\\\/wp-content\\\/uploads\\\/2024\\\/09\\\/macher23_unikat_mit_schreiner_m_w.jpg\",\"contentUrl\":\"https:\\\/\\\/www.markt-kom.com\\\/wp-content\\\/uploads\\\/2024\\\/09\\\/macher23_unikat_mit_schreiner_m_w.jpg\"},{\"@type\":\"BreadcrumbList\",\"@id\":\"https:\\\/\\\/www.organisator.ch\\\/marketing\\\/2024-09-27\\\/staempfli-kommunikation-gewinnt-vssm-pitch\\\/#breadcrumb\",\"itemListElement\":[{\"@type\":\"ListItem\",\"position\":1,\"name\":\"Home\",\"item\":\"https:\\\/\\\/www.organisator.ch\\\/\"},{\"@type\":\"ListItem\",\"position\":2,\"name\":\"St\u00e4mpfli Kommunikation gewinnt VSSM-Pitch\"}]},{\"@type\":\"WebSite\",\"@id\":\"https:\\\/\\\/www.organisator.ch\\\/#website\",\"url\":\"https:\\\/\\\/www.organisator.ch\\\/\",\"name\":\"Organisator\",\"description\":\"Kompetent. Praxisnah. Der ORGANISATOR bereitet in 10 Ausgaben pro Jahr die wesentlichen Themen f\u00fcr F\u00fchrungskr\u00e4fte von KMU auf.\",\"publisher\":{\"@id\":\"https:\\\/\\\/www.organisator.ch\\\/#organization\"},\"potentialAction\":[{\"@type\":\"SearchAction\",\"target\":{\"@type\":\"EntryPoint\",\"urlTemplate\":\"https:\\\/\\\/www.organisator.ch\\\/?s={search_term_string}\"},\"query-input\":{\"@type\":\"PropertyValueSpecification\",\"valueRequired\":true,\"valueName\":\"search_term_string\"}}],\"inLanguage\":\"en-US\"},{\"@type\":\"Organization\",\"@id\":\"https:\\\/\\\/www.organisator.ch\\\/#organization\",\"name\":\"Organisator\",\"url\":\"https:\\\/\\\/www.organisator.ch\\\/\",\"logo\":{\"@type\":\"ImageObject\",\"inLanguage\":\"en-US\",\"@id\":\"https:\\\/\\\/www.organisator.ch\\\/#\\\/schema\\\/logo\\\/image\\\/\",\"url\":\"https:\\\/\\\/www.organisator.ch\\\/wp-content\\\/uploads\\\/2022\\\/01\\\/Logo_Organisator_Website.png\",\"contentUrl\":\"https:\\\/\\\/www.organisator.ch\\\/wp-content\\\/uploads\\\/2022\\\/01\\\/Logo_Organisator_Website.png\",\"width\":800,\"height\":77,\"caption\":\"Organisator\"},\"image\":{\"@id\":\"https:\\\/\\\/www.organisator.ch\\\/#\\\/schema\\\/logo\\\/image\\\/\"},\"sameAs\":[\"https:\\\/\\\/www.facebook.com\\\/OrganisatorFachmagazin\",\"https:\\\/\\\/www.linkedin.com\\\/showcase\\\/organisator-das-magazin-fr-kmu\",\"https:\\\/\\\/www.xing.com\\\/news\\\/pages\\\/organisator-ch-695\",\"https:\\\/\\\/www.youtube.com\\\/channel\\\/UCGP2Sq0iWaZwT3BdIAQFYpw\"]},{\"@type\":\"Person\",\"@id\":\"https:\\\/\\\/www.organisator.ch\\\/#\\\/schema\\\/person\\\/4e51799071cd2dd1232ac003643ef5f0\",\"name\":\"galledia\",\"image\":{\"@type\":\"ImageObject\",\"inLanguage\":\"en-US\",\"@id\":\"https:\\\/\\\/secure.gravatar.com\\\/avatar\\\/78a7f90c01fc2bfc875782a0d4922b37cde2cf184ce347b91316d23cd7f69a36?s=96&d=mm&r=g\",\"url\":\"https:\\\/\\\/secure.gravatar.com\\\/avatar\\\/78a7f90c01fc2bfc875782a0d4922b37cde2cf184ce347b91316d23cd7f69a36?s=96&d=mm&r=g\",\"contentUrl\":\"https:\\\/\\\/secure.gravatar.com\\\/avatar\\\/78a7f90c01fc2bfc875782a0d4922b37cde2cf184ce347b91316d23cd7f69a36?s=96&d=mm&r=g\",\"caption\":\"galledia\"},\"sameAs\":[\"https:\\\/\\\/x.com\\\/admin\"],\"url\":\"https:\\\/\\\/www.organisator.ch\\\/en\\\/author\\\/galledia\\\/\"}]}<\/script>\n<!-- \/ Yoast SEO plugin. -->","yoast_head_json":{"title":"St\u00e4mpfli Kommunikation wins VSSM pitch - organizer","description":"The new VSSM campaign by St\u00e4mpfli Kommunikation strengthens the image of the carpentry industry and combats the shortage of skilled workers and apprentices.","robots":{"index":"index","follow":"follow","max-snippet":"max-snippet:-1","max-image-preview":"max-image-preview:large","max-video-preview":"max-video-preview:-1"},"canonical":"https:\/\/www.organisator.ch\/en\/marketing\/2024-09-27\/staempfli-kommunikation-gewinnt-vssm-pitch\/","og_locale":"en_US","og_type":"article","og_title":"St\u00e4mpfli Kommunikation gewinnt VSSM-Pitch - Organisator","og_description":"eue VSSM-Kampagne von St\u00e4mpfli Kommunikation st\u00e4rkt das Image der Schreinerbranche und bek\u00e4mpft Fachkr\u00e4fte- und Lehrlingsmangel.","og_url":"https:\/\/www.organisator.ch\/en\/marketing\/2024-09-27\/staempfli-kommunikation-gewinnt-vssm-pitch\/","og_site_name":"Organisator","article_publisher":"https:\/\/www.facebook.com\/OrganisatorFachmagazin","article_published_time":"2024-09-27T07:33:16+00:00","article_modified_time":"2024-11-08T05:53:10+00:00","og_image":[{"url":"https:\/\/www.markt-kom.com\/wp-content\/uploads\/2024\/09\/macher23_unikat_mit_schreiner_m_w.jpg","type":"","width":"","height":""}],"author":"galledia","twitter_card":"summary_large_image","twitter_creator":"@admin","schema":{"@context":"https:\/\/schema.org","@graph":[{"@type":"Article","@id":"https:\/\/www.organisator.ch\/marketing\/2024-09-27\/staempfli-kommunikation-gewinnt-vssm-pitch\/#article","isPartOf":{"@id":"https:\/\/www.organisator.ch\/marketing\/2024-09-27\/staempfli-kommunikation-gewinnt-vssm-pitch\/"},"author":{"name":"galledia","@id":"https:\/\/www.organisator.ch\/#\/schema\/person\/4e51799071cd2dd1232ac003643ef5f0"},"headline":"St\u00e4mpfli Kommunikation gewinnt VSSM-Pitch","datePublished":"2024-09-27T07:33:16+00:00","dateModified":"2024-11-08T05:53:10+00:00","mainEntityOfPage":{"@id":"https:\/\/www.organisator.ch\/marketing\/2024-09-27\/staempfli-kommunikation-gewinnt-vssm-pitch\/"},"wordCount":305,"publisher":{"@id":"https:\/\/www.organisator.ch\/#organization"},"image":{"@id":"https:\/\/www.organisator.ch\/marketing\/2024-09-27\/staempfli-kommunikation-gewinnt-vssm-pitch\/#primaryimage"},"thumbnailUrl":"https:\/\/www.markt-kom.com\/wp-content\/uploads\/2024\/09\/macher23_unikat_mit_schreiner_m_w.jpg","keywords":["Etats","St\u00e4mpfli Kommunikation","VSSM"],"articleSection":["MARKETING"],"inLanguage":"en-US"},{"@type":"WebPage","@id":"https:\/\/www.organisator.ch\/marketing\/2024-09-27\/staempfli-kommunikation-gewinnt-vssm-pitch\/","url":"https:\/\/www.organisator.ch\/marketing\/2024-09-27\/staempfli-kommunikation-gewinnt-vssm-pitch\/","name":"St\u00e4mpfli Kommunikation wins VSSM pitch - organizer","isPartOf":{"@id":"https:\/\/www.organisator.ch\/#website"},"primaryImageOfPage":{"@id":"https:\/\/www.organisator.ch\/marketing\/2024-09-27\/staempfli-kommunikation-gewinnt-vssm-pitch\/#primaryimage"},"image":{"@id":"https:\/\/www.organisator.ch\/marketing\/2024-09-27\/staempfli-kommunikation-gewinnt-vssm-pitch\/#primaryimage"},"thumbnailUrl":"https:\/\/www.markt-kom.com\/wp-content\/uploads\/2024\/09\/macher23_unikat_mit_schreiner_m_w.jpg","datePublished":"2024-09-27T07:33:16+00:00","dateModified":"2024-11-08T05:53:10+00:00","description":"The new VSSM campaign by St\u00e4mpfli Kommunikation strengthens the image of the carpentry industry and combats the shortage of skilled workers and apprentices.","breadcrumb":{"@id":"https:\/\/www.organisator.ch\/marketing\/2024-09-27\/staempfli-kommunikation-gewinnt-vssm-pitch\/#breadcrumb"},"inLanguage":"en-US","potentialAction":[{"@type":"ReadAction","target":["https:\/\/www.organisator.ch\/marketing\/2024-09-27\/staempfli-kommunikation-gewinnt-vssm-pitch\/"]}]},{"@type":"ImageObject","inLanguage":"en-US","@id":"https:\/\/www.organisator.ch\/marketing\/2024-09-27\/staempfli-kommunikation-gewinnt-vssm-pitch\/#primaryimage","url":"https:\/\/www.markt-kom.com\/wp-content\/uploads\/2024\/09\/macher23_unikat_mit_schreiner_m_w.jpg","contentUrl":"https:\/\/www.markt-kom.com\/wp-content\/uploads\/2024\/09\/macher23_unikat_mit_schreiner_m_w.jpg"},{"@type":"BreadcrumbList","@id":"https:\/\/www.organisator.ch\/marketing\/2024-09-27\/staempfli-kommunikation-gewinnt-vssm-pitch\/#breadcrumb","itemListElement":[{"@type":"ListItem","position":1,"name":"Home","item":"https:\/\/www.organisator.ch\/"},{"@type":"ListItem","position":2,"name":"St\u00e4mpfli Kommunikation gewinnt VSSM-Pitch"}]},{"@type":"WebSite","@id":"https:\/\/www.organisator.ch\/#website","url":"https:\/\/www.organisator.ch\/","name":"Organizer","description":"Competent. Practical. In 10 issues per year, ORGANISATOR presents the essential topics for managers of SMEs.","publisher":{"@id":"https:\/\/www.organisator.ch\/#organization"},"potentialAction":[{"@type":"SearchAction","target":{"@type":"EntryPoint","urlTemplate":"https:\/\/www.organisator.ch\/?s={search_term_string}"},"query-input":{"@type":"PropertyValueSpecification","valueRequired":true,"valueName":"search_term_string"}}],"inLanguage":"en-US"},{"@type":"Organization","@id":"https:\/\/www.organisator.ch\/#organization","name":"Organizer","url":"https:\/\/www.organisator.ch\/","logo":{"@type":"ImageObject","inLanguage":"en-US","@id":"https:\/\/www.organisator.ch\/#\/schema\/logo\/image\/","url":"https:\/\/www.organisator.ch\/wp-content\/uploads\/2022\/01\/Logo_Organisator_Website.png","contentUrl":"https:\/\/www.organisator.ch\/wp-content\/uploads\/2022\/01\/Logo_Organisator_Website.png","width":800,"height":77,"caption":"Organisator"},"image":{"@id":"https:\/\/www.organisator.ch\/#\/schema\/logo\/image\/"},"sameAs":["https:\/\/www.facebook.com\/OrganisatorFachmagazin","https:\/\/www.linkedin.com\/showcase\/organisator-das-magazin-fr-kmu","https:\/\/www.xing.com\/news\/pages\/organisator-ch-695","https:\/\/www.youtube.com\/channel\/UCGP2Sq0iWaZwT3BdIAQFYpw"]},{"@type":"Person","@id":"https:\/\/www.organisator.ch\/#\/schema\/person\/4e51799071cd2dd1232ac003643ef5f0","name":"galledia","image":{"@type":"ImageObject","inLanguage":"en-US","@id":"https:\/\/secure.gravatar.com\/avatar\/78a7f90c01fc2bfc875782a0d4922b37cde2cf184ce347b91316d23cd7f69a36?s=96&d=mm&r=g","url":"https:\/\/secure.gravatar.com\/avatar\/78a7f90c01fc2bfc875782a0d4922b37cde2cf184ce347b91316d23cd7f69a36?s=96&d=mm&r=g","contentUrl":"https:\/\/secure.gravatar.com\/avatar\/78a7f90c01fc2bfc875782a0d4922b37cde2cf184ce347b91316d23cd7f69a36?s=96&d=mm&r=g","caption":"galledia"},"sameAs":["https:\/\/x.com\/admin"],"url":"https:\/\/www.organisator.ch\/en\/author\/galledia\/"}]}},"_links":{"self":[{"href":"https:\/\/www.organisator.ch\/en\/wp-json\/wp\/v2\/posts\/30193","targetHints":{"allow":["GET"]}}],"collection":[{"href":"https:\/\/www.organisator.ch\/en\/wp-json\/wp\/v2\/posts"}],"about":[{"href":"https:\/\/www.organisator.ch\/en\/wp-json\/wp\/v2\/types\/post"}],"author":[{"embeddable":true,"href":"https:\/\/www.organisator.ch\/en\/wp-json\/wp\/v2\/users\/8"}],"replies":[{"embeddable":true,"href":"https:\/\/www.organisator.ch\/en\/wp-json\/wp\/v2\/comments?post=30193"}],"version-history":[{"count":4,"href":"https:\/\/www.organisator.ch\/en\/wp-json\/wp\/v2\/posts\/30193\/revisions"}],"predecessor-version":[{"id":31863,"href":"https:\/\/www.organisator.ch\/en\/wp-json\/wp\/v2\/posts\/30193\/revisions\/31863"}],"wp:attachment":[{"href":"https:\/\/www.organisator.ch\/en\/wp-json\/wp\/v2\/media?parent=30193"}],"wp:term":[{"taxonomy":"category","embeddable":true,"href":"https:\/\/www.organisator.ch\/en\/wp-json\/wp\/v2\/categories?post=30193"},{"taxonomy":"post_tag","embeddable":true,"href":"https:\/\/www.organisator.ch\/en\/wp-json\/wp\/v2\/tags?post=30193"}],"curies":[{"name":"wp","href":"https:\/\/api.w.org\/{rel}","templated":true}]}}