{"id":3024,"date":"2018-01-19T08:31:22","date_gmt":"2018-01-19T07:31:22","guid":{"rendered":"https:\/\/www.organisator.ch\/?p=3024"},"modified":"2018-01-19T08:31:22","modified_gmt":"2018-01-19T07:31:22","slug":"prix-svc-wirtschaftsraum-zuerich-2018-schibli-gruppe-ueberzeugt","status":"publish","type":"post","link":"https:\/\/www.organisator.ch\/en\/allgemein\/2018-01-19\/prix-svc-wirtschaftsraum-zuerich-2018-schibli-gruppe-ueberzeugt\/","title":{"rendered":"Prix SVC Wirtschaftsraum Z\u00fcrich 2018: Schibli Group convinces"},"content":{"rendered":"<figure id=\"attachment_3025\" aria-describedby=\"caption-attachment-3025\" style=\"width: 680px\" class=\"wp-caption alignnone\"><img loading=\"lazy\" decoding=\"async\" class=\"size-medium wp-image-3025\" src=\"https:\/\/www.organisator.ch\/wp-content\/uploads\/2018\/01\/SVC18_Schibli_DerSieger.jpg\" alt=\"\" width=\"680\" height=\"474\" srcset=\"https:\/\/www.organisator.ch\/wp-content\/uploads\/2018\/01\/SVC18_Schibli_DerSieger.jpg 1799w, https:\/\/www.organisator.ch\/wp-content\/uploads\/2018\/01\/SVC18_Schibli_DerSieger-680x474.jpg 680w, https:\/\/www.organisator.ch\/wp-content\/uploads\/2018\/01\/SVC18_Schibli_DerSieger-1024x714.jpg 1024w, https:\/\/www.organisator.ch\/wp-content\/uploads\/2018\/01\/SVC18_Schibli_DerSieger-768x535.jpg 768w, https:\/\/www.organisator.ch\/wp-content\/uploads\/2018\/01\/SVC18_Schibli_DerSieger-1536x1071.jpg 1536w, https:\/\/www.organisator.ch\/wp-content\/uploads\/2018\/01\/SVC18_Schibli_DerSieger-16x12.jpg 16w, https:\/\/www.organisator.ch\/wp-content\/uploads\/2018\/01\/SVC18_Schibli_DerSieger-251x175.jpg 251w, https:\/\/www.organisator.ch\/wp-content\/uploads\/2018\/01\/SVC18_Schibli_DerSieger-502x350.jpg 502w, https:\/\/www.organisator.ch\/wp-content\/uploads\/2018\/01\/SVC18_Schibli_DerSieger-1148x800.jpg 1148w, https:\/\/www.organisator.ch\/wp-content\/uploads\/2018\/01\/SVC18_Schibli_DerSieger-920x641.jpg 920w, https:\/\/www.organisator.ch\/wp-content\/uploads\/2018\/01\/SVC18_Schibli_DerSieger-1400x976.jpg 1400w, https:\/\/www.organisator.ch\/wp-content\/uploads\/2018\/01\/SVC18_Schibli_DerSieger-300x209.jpg 300w\" sizes=\"auto, (max-width: 680px) 100vw, 680px\" \/><figcaption id=\"caption-attachment-3025\" class=\"wp-caption-text\">The Swiss Venture Club (SVC) entrepreneurial network awards the Prix SVC every two years. The Prix SVC Wirtschaftsraum Z\u00fcrich 2018 went to the Schibli Group (500 employees, 90 of them apprentices), the Zurich-based family business for electrical, security, building and communications technology. Picture (from left): the surprised winner Jan Schibli, Reichle De-Massari AG CEO Michael Riva (center), jury president Michael Steinmann. (Picture: Michael Merz)<\/figcaption><\/figure>\n<p>For the sixth time, the Swiss Venture Club (SVC) honors exemplary small and medium-sized enterprises (SMEs) in the region with the Prix SVC Wirtschaftsraum Z\u00fcrich. The event offered the more than 2,200 invited guests from business, science, politics and the media insights into the region's impressive and diverse entrepreneurship. Presenter Nik Hartmann led the award ceremony at the Hallenstadion Zurich.<\/p>\n<p>The sponsor and initiator of the Prix SVC is the Swiss Venture Club, an independent, non-profit association for the promotion and support of SMEs in Switzerland. Steven Himmelsbach, SVC Regional Head of the Zurich Economic Area, emphasizes: \"We award companies that belong to Switzerland's SME elite. Our focus is on exemplary companies that create jobs and help shape the Swiss economy.\"<\/p>\n<p><strong>First place for the Schibli Group from Zurich<\/strong><\/p>\n<p>The winner of the Prix SVC Wirtschaftsraum Z\u00fcrich 2018 is the Schibli Group from Zurich. The Schibli Group offers comprehensive services in the fields of electrical engineering, building technology, automation, communications and IT. These six award winners were able to prevail over hundreds of companies in the region in a multi-stage selection process.<\/p>\n<p>The family business, now in its third generation and led by CEO Jan Schibli, successfully combines comprehensive services in the fields of electrical engineering, building services, IT, communications and automation. With 15 locations in Switzerland and one in Dresden (D) and around 500 employees, including 90 apprentices, Schibli offers its customers everything from a single source, from electrical installation to intelligent building automation or video surveillance systems to IT infrastructure or customized cloud solutions.<\/p>\n<p>The successful market positioning goes hand in hand with winning the coveted Prix SVC Wirtschaftsraum Z\u00fcrich. Michael Steinmann, president of the 16-member jury of experts, pays tribute to the freshly crowned winner in his laudation: \"The Schibli Group is an entrepreneurial pearl that stands for far more than electrification of Zurich apartments and houses.\" And further: \"Business acumen, sense of family, promotion of talents and respect for the individual ambitions of the employees, such points impressed the jury.\"<\/p>\n<p>In addition, the family-owned company from Wetzikon impressed entrepreneurs and attendees such as the government councilor and economic director Carmen Walter Sp\u00e4h with its high apprenticeship quota. \"According to the Zurich KV,\" said the presenter, \"the Schibli Group has the highest quota in the region with 90 apprentices out of 500 employees.\"<\/p>\n<p><strong>Reichle &amp; De-Massari and Transa Backpacking AG in second and third place<\/strong><\/p>\n<p>Second place went to the Swiss family-owned company Reichle &amp; De-Massari (R&amp;M). \"R&amp;M is a successful transformation and growth story in a highly competitive future market,\" as jury president Michael Steinmann emphasized in his laudatory speech. Reichle &amp; De-Massari develops complete cabling solutions for high-quality data communications networks in office buildings and data centers, for industry and in telecommunications. Leading the Swiss market, Reichle &amp; De-Massari is now active in over 40 countries and has its own market organizations on six continents. The company employs 920 people worldwide, 250 of them in Switzerland, and is led by CEO Michel Riva.<\/p>\n<p>Transa Backpacking AG, the leading supplier of travel and outdoor equipment in Switzerland, took bronze. The company has been on the market for 40 years and today offers over 33,740 products from 521 different brands in ten branches and outlets. In addition to providing qualified advice, Transa relies on its 320 employees and 19 apprentices to share their own outdoor experience. With an extensive range of services, user courses and test facilities, Transa, under the leadership of CEO Daniel Humbel, offers its customers a comprehensive service package covering all aspects of diverse travel and outdoor activities.<\/p>\n<p><strong>Awards for Meister Abrasives AG, Pumpstation Gastro GmbH and Qualipet AG<\/strong><\/p>\n<p>Also honored were Meister Abrasives AG from Andelfingen, a global leader in manufacturing processes using highly productive grinding tools, the successful and innovative catering company Pumpstation Gastro GmbH from Zurich, and Qualipet AG from Dietlikon, a leader in Swiss pet supplies and in the production of natural pet food.<\/p>\n<p><a href=\"http:\/\/www.swiss-venture-club.ch\">http:\/\/www.swiss-venture-club.ch<\/a><\/p>","protected":false},"excerpt":{"rendered":"<p>Der Swiss Venture Club (SVC) zeichnet mit dem Prix SVC Wirtschaftsraum Z\u00fcrich bereits zum sechsten Mal vorbildliche kleine und mittlere Unternehmen (KMU) der Region aus. Der Anlass bot den \u00fcber 2\u2018200 geladenen G\u00e4sten aus Wirtschaft, Wissenschaft, Politik und Medien Einblicke in das beeindruckende und vielf\u00e4ltige Unternehmertum der Region. Durch die Preisverleihung im Hallenstadion Z\u00fcrich f\u00fchrte [&hellip;]<\/p>\n","protected":false},"author":5,"featured_media":3020,"comment_status":"open","ping_status":"open","sticky":false,"template":"","format":"standard","meta":{"_acf_changed":false,"_yoast_wpseo_focuskw":"Prix SVC Wirtschaftsraum Z\u00fcrich","_yoast_wpseo_metadesc":"Die Schibli-Gruppe gewinnt den Prix SVC Wirtschaftsraum Z\u00fcrich 2018. Der Swiss Venture Club beeindruckte einmal mehr \u00fcber 2'200 G\u00e4ste und KMU Verantwortliche.","articlekey":"","footnotes":""},"categories":[1],"tags":[199,301,392,466],"class_list":["post-3024","post","type-post","status-publish","format-standard","has-post-thumbnail","hentry","category-allgemein","tag-finalisten","tag-kmu","tag-prix-svc-wirtschaftsraum-zuerich","tag-swiss-venture-club"],"acf":[],"yoast_head":"<!-- This site is optimized with the Yoast SEO plugin v27.4 - https:\/\/yoast.com\/product\/yoast-seo-wordpress\/ -->\n<title>Prix SVC Wirtschaftsraum Z\u00fcrich 2018: Schibli-Gruppe \u00fcberzeugt - Organisator<\/title>\n<meta name=\"description\" content=\"Die Schibli-Gruppe gewinnt den Prix SVC Wirtschaftsraum Z\u00fcrich 2018. Der Swiss Venture Club beeindruckte einmal mehr \u00fcber 2&#039;200 G\u00e4ste und KMU Verantwortliche.\" \/>\n<meta name=\"robots\" content=\"index, follow, max-snippet:-1, max-image-preview:large, max-video-preview:-1\" \/>\n<link rel=\"canonical\" href=\"https:\/\/www.organisator.ch\/en\/general\/2018-01-19\/prix-svc-wirtschaftsraum-zuerich-2018-schibli-gruppe-ueberzeugt\/\" \/>\n<meta property=\"og:locale\" content=\"en_US\" \/>\n<meta property=\"og:type\" content=\"article\" \/>\n<meta property=\"og:title\" content=\"Prix SVC Wirtschaftsraum Z\u00fcrich 2018: Schibli-Gruppe \u00fcberzeugt - Organisator\" \/>\n<meta property=\"og:description\" content=\"Die Schibli-Gruppe gewinnt den Prix SVC Wirtschaftsraum Z\u00fcrich 2018. Der Swiss Venture Club beeindruckte einmal mehr \u00fcber 2&#039;200 G\u00e4ste und KMU Verantwortliche.\" \/>\n<meta property=\"og:url\" content=\"https:\/\/www.organisator.ch\/en\/general\/2018-01-19\/prix-svc-wirtschaftsraum-zuerich-2018-schibli-gruppe-ueberzeugt\/\" \/>\n<meta property=\"og:site_name\" content=\"Organisator\" \/>\n<meta property=\"article:publisher\" content=\"https:\/\/www.facebook.com\/OrganisatorFachmagazin\" \/>\n<meta property=\"article:published_time\" content=\"2018-01-19T07:31:22+00:00\" \/>\n<meta property=\"og:image\" content=\"https:\/\/www.organisator.ch\/wp-content\/uploads\/2018\/01\/Schibli-Gruppe-ist-Gewinnerin-des-Prix-SVC-Wirtschaftsraum-Zuerich-2018_Organisator.jpg\" \/>\n\t<meta property=\"og:image:width\" content=\"640\" \/>\n\t<meta property=\"og:image:height\" content=\"427\" \/>\n\t<meta property=\"og:image:type\" content=\"image\/jpeg\" \/>\n<meta name=\"author\" content=\"michael.merz\" \/>\n<meta name=\"twitter:card\" content=\"summary_large_image\" \/>\n<script type=\"application\/ld+json\" class=\"yoast-schema-graph\">{\"@context\":\"https:\\\/\\\/schema.org\",\"@graph\":[{\"@type\":\"Article\",\"@id\":\"https:\\\/\\\/www.organisator.ch\\\/fr\\\/general\\\/2018-01-19\\\/prix-svc-wirtschaftsraum-zuerich-2018-schibli-gruppe-ueberzeugt\\\/#article\",\"isPartOf\":{\"@id\":\"https:\\\/\\\/www.organisator.ch\\\/fr\\\/general\\\/2018-01-19\\\/prix-svc-wirtschaftsraum-zuerich-2018-schibli-gruppe-ueberzeugt\\\/\"},\"author\":{\"name\":\"michael.merz\",\"@id\":\"https:\\\/\\\/www.organisator.ch\\\/#\\\/schema\\\/person\\\/134708ca9321c57b0362cceb7948ffbd\"},\"headline\":\"Prix SVC Wirtschaftsraum Z\u00fcrich 2018: Schibli-Gruppe \u00fcberzeugt\",\"datePublished\":\"2018-01-19T07:31:22+00:00\",\"mainEntityOfPage\":{\"@id\":\"https:\\\/\\\/www.organisator.ch\\\/fr\\\/general\\\/2018-01-19\\\/prix-svc-wirtschaftsraum-zuerich-2018-schibli-gruppe-ueberzeugt\\\/\"},\"wordCount\":712,\"commentCount\":0,\"publisher\":{\"@id\":\"https:\\\/\\\/www.organisator.ch\\\/#organization\"},\"image\":{\"@id\":\"https:\\\/\\\/www.organisator.ch\\\/fr\\\/general\\\/2018-01-19\\\/prix-svc-wirtschaftsraum-zuerich-2018-schibli-gruppe-ueberzeugt\\\/#primaryimage\"},\"thumbnailUrl\":\"https:\\\/\\\/www.organisator.ch\\\/wp-content\\\/uploads\\\/2018\\\/01\\\/Schibli-Gruppe-ist-Gewinnerin-des-Prix-SVC-Wirtschaftsraum-Zuerich-2018_Organisator.jpg\",\"keywords\":[\"Finalisten\",\"KMU\",\"Prix SVC Wirtschaftsraum Z\u00fcrich\",\"Swiss Venture Club\"],\"articleSection\":[\"Allgemein\"],\"inLanguage\":\"en-US\"},{\"@type\":\"WebPage\",\"@id\":\"https:\\\/\\\/www.organisator.ch\\\/fr\\\/general\\\/2018-01-19\\\/prix-svc-wirtschaftsraum-zuerich-2018-schibli-gruppe-ueberzeugt\\\/\",\"url\":\"https:\\\/\\\/www.organisator.ch\\\/fr\\\/general\\\/2018-01-19\\\/prix-svc-wirtschaftsraum-zuerich-2018-schibli-gruppe-ueberzeugt\\\/\",\"name\":\"Prix SVC Wirtschaftsraum Z\u00fcrich 2018: Schibli-Gruppe \u00fcberzeugt - Organisator\",\"isPartOf\":{\"@id\":\"https:\\\/\\\/www.organisator.ch\\\/#website\"},\"primaryImageOfPage\":{\"@id\":\"https:\\\/\\\/www.organisator.ch\\\/fr\\\/general\\\/2018-01-19\\\/prix-svc-wirtschaftsraum-zuerich-2018-schibli-gruppe-ueberzeugt\\\/#primaryimage\"},\"image\":{\"@id\":\"https:\\\/\\\/www.organisator.ch\\\/fr\\\/general\\\/2018-01-19\\\/prix-svc-wirtschaftsraum-zuerich-2018-schibli-gruppe-ueberzeugt\\\/#primaryimage\"},\"thumbnailUrl\":\"https:\\\/\\\/www.organisator.ch\\\/wp-content\\\/uploads\\\/2018\\\/01\\\/Schibli-Gruppe-ist-Gewinnerin-des-Prix-SVC-Wirtschaftsraum-Zuerich-2018_Organisator.jpg\",\"datePublished\":\"2018-01-19T07:31:22+00:00\",\"description\":\"Die Schibli-Gruppe gewinnt den Prix SVC Wirtschaftsraum Z\u00fcrich 2018. Der Swiss Venture Club beeindruckte einmal mehr \u00fcber 2'200 G\u00e4ste und KMU Verantwortliche.\",\"breadcrumb\":{\"@id\":\"https:\\\/\\\/www.organisator.ch\\\/fr\\\/general\\\/2018-01-19\\\/prix-svc-wirtschaftsraum-zuerich-2018-schibli-gruppe-ueberzeugt\\\/#breadcrumb\"},\"inLanguage\":\"en-US\",\"potentialAction\":[{\"@type\":\"ReadAction\",\"target\":[\"https:\\\/\\\/www.organisator.ch\\\/fr\\\/general\\\/2018-01-19\\\/prix-svc-wirtschaftsraum-zuerich-2018-schibli-gruppe-ueberzeugt\\\/\"]}]},{\"@type\":\"ImageObject\",\"inLanguage\":\"en-US\",\"@id\":\"https:\\\/\\\/www.organisator.ch\\\/fr\\\/general\\\/2018-01-19\\\/prix-svc-wirtschaftsraum-zuerich-2018-schibli-gruppe-ueberzeugt\\\/#primaryimage\",\"url\":\"https:\\\/\\\/www.organisator.ch\\\/wp-content\\\/uploads\\\/2018\\\/01\\\/Schibli-Gruppe-ist-Gewinnerin-des-Prix-SVC-Wirtschaftsraum-Zuerich-2018_Organisator.jpg\",\"contentUrl\":\"https:\\\/\\\/www.organisator.ch\\\/wp-content\\\/uploads\\\/2018\\\/01\\\/Schibli-Gruppe-ist-Gewinnerin-des-Prix-SVC-Wirtschaftsraum-Zuerich-2018_Organisator.jpg\",\"width\":640,\"height\":427,\"caption\":\"Der Gewinner des Prix SVC Wirtschaftsraum Zuerich 2018, Jan Schibli, CEO Schibli Gruppe, links freut sich ueber den ersten Preis waehrend der Preisverleihung am Donnerstag 18. Januar 2017 im Hallenstadion Zuerich. Der Swiss Venture Club zeichnet mit dem Prix SVC innovative Unternehmen aus, die durch herausragende Leistungen einen wesentlichen und nachhaltigen wirtschaftlichen Erfolg.erzielen. (PPR\\\/Manuel Lopez)\"},{\"@type\":\"BreadcrumbList\",\"@id\":\"https:\\\/\\\/www.organisator.ch\\\/fr\\\/general\\\/2018-01-19\\\/prix-svc-wirtschaftsraum-zuerich-2018-schibli-gruppe-ueberzeugt\\\/#breadcrumb\",\"itemListElement\":[{\"@type\":\"ListItem\",\"position\":1,\"name\":\"Home\",\"item\":\"https:\\\/\\\/www.organisator.ch\\\/\"},{\"@type\":\"ListItem\",\"position\":2,\"name\":\"Prix SVC Wirtschaftsraum Z\u00fcrich 2018: Schibli-Gruppe \u00fcberzeugt\"}]},{\"@type\":\"WebSite\",\"@id\":\"https:\\\/\\\/www.organisator.ch\\\/#website\",\"url\":\"https:\\\/\\\/www.organisator.ch\\\/\",\"name\":\"Organisator\",\"description\":\"Kompetent. Praxisnah. Der ORGANISATOR bereitet in 10 Ausgaben pro Jahr die wesentlichen Themen f\u00fcr F\u00fchrungskr\u00e4fte von KMU auf.\",\"publisher\":{\"@id\":\"https:\\\/\\\/www.organisator.ch\\\/#organization\"},\"potentialAction\":[{\"@type\":\"SearchAction\",\"target\":{\"@type\":\"EntryPoint\",\"urlTemplate\":\"https:\\\/\\\/www.organisator.ch\\\/?s={search_term_string}\"},\"query-input\":{\"@type\":\"PropertyValueSpecification\",\"valueRequired\":true,\"valueName\":\"search_term_string\"}}],\"inLanguage\":\"en-US\"},{\"@type\":\"Organization\",\"@id\":\"https:\\\/\\\/www.organisator.ch\\\/#organization\",\"name\":\"Organisator\",\"url\":\"https:\\\/\\\/www.organisator.ch\\\/\",\"logo\":{\"@type\":\"ImageObject\",\"inLanguage\":\"en-US\",\"@id\":\"https:\\\/\\\/www.organisator.ch\\\/#\\\/schema\\\/logo\\\/image\\\/\",\"url\":\"https:\\\/\\\/www.organisator.ch\\\/wp-content\\\/uploads\\\/2022\\\/01\\\/Logo_Organisator_Website.png\",\"contentUrl\":\"https:\\\/\\\/www.organisator.ch\\\/wp-content\\\/uploads\\\/2022\\\/01\\\/Logo_Organisator_Website.png\",\"width\":800,\"height\":77,\"caption\":\"Organisator\"},\"image\":{\"@id\":\"https:\\\/\\\/www.organisator.ch\\\/#\\\/schema\\\/logo\\\/image\\\/\"},\"sameAs\":[\"https:\\\/\\\/www.facebook.com\\\/OrganisatorFachmagazin\",\"https:\\\/\\\/www.linkedin.com\\\/showcase\\\/organisator-das-magazin-fr-kmu\",\"https:\\\/\\\/www.xing.com\\\/news\\\/pages\\\/organisator-ch-695\",\"https:\\\/\\\/www.youtube.com\\\/channel\\\/UCGP2Sq0iWaZwT3BdIAQFYpw\"]},{\"@type\":\"Person\",\"@id\":\"https:\\\/\\\/www.organisator.ch\\\/#\\\/schema\\\/person\\\/134708ca9321c57b0362cceb7948ffbd\",\"name\":\"michael.merz\",\"image\":{\"@type\":\"ImageObject\",\"inLanguage\":\"en-US\",\"@id\":\"https:\\\/\\\/secure.gravatar.com\\\/avatar\\\/?s=96&d=mm&r=g\",\"url\":\"https:\\\/\\\/secure.gravatar.com\\\/avatar\\\/?s=96&d=mm&r=g\",\"contentUrl\":\"https:\\\/\\\/secure.gravatar.com\\\/avatar\\\/?s=96&d=mm&r=g\",\"caption\":\"michael.merz\"},\"url\":\"https:\\\/\\\/www.organisator.ch\\\/en\\\/author\\\/michael-merz\\\/\"}]}<\/script>\n<!-- \/ Yoast SEO plugin. -->","yoast_head_json":{"title":"Prix SVC Wirtschaftsraum Z\u00fcrich 2018: Schibli Group convinces - Organizer","description":"The Schibli Group wins the Prix SVC Wirtschaftsraum Z\u00fcrich 2018. The Swiss Venture Club once again impressed more than 2,200 guests and SME managers.","robots":{"index":"index","follow":"follow","max-snippet":"max-snippet:-1","max-image-preview":"max-image-preview:large","max-video-preview":"max-video-preview:-1"},"canonical":"https:\/\/www.organisator.ch\/en\/general\/2018-01-19\/prix-svc-wirtschaftsraum-zuerich-2018-schibli-gruppe-ueberzeugt\/","og_locale":"en_US","og_type":"article","og_title":"Prix SVC Wirtschaftsraum Z\u00fcrich 2018: Schibli-Gruppe \u00fcberzeugt - Organisator","og_description":"Die Schibli-Gruppe gewinnt den Prix SVC Wirtschaftsraum Z\u00fcrich 2018. Der Swiss Venture Club beeindruckte einmal mehr \u00fcber 2'200 G\u00e4ste und KMU Verantwortliche.","og_url":"https:\/\/www.organisator.ch\/en\/general\/2018-01-19\/prix-svc-wirtschaftsraum-zuerich-2018-schibli-gruppe-ueberzeugt\/","og_site_name":"Organisator","article_publisher":"https:\/\/www.facebook.com\/OrganisatorFachmagazin","article_published_time":"2018-01-19T07:31:22+00:00","og_image":[{"width":640,"height":427,"url":"https:\/\/www.organisator.ch\/wp-content\/uploads\/2018\/01\/Schibli-Gruppe-ist-Gewinnerin-des-Prix-SVC-Wirtschaftsraum-Zuerich-2018_Organisator.jpg","type":"image\/jpeg"}],"author":"michael.merz","twitter_card":"summary_large_image","schema":{"@context":"https:\/\/schema.org","@graph":[{"@type":"Article","@id":"https:\/\/www.organisator.ch\/fr\/general\/2018-01-19\/prix-svc-wirtschaftsraum-zuerich-2018-schibli-gruppe-ueberzeugt\/#article","isPartOf":{"@id":"https:\/\/www.organisator.ch\/fr\/general\/2018-01-19\/prix-svc-wirtschaftsraum-zuerich-2018-schibli-gruppe-ueberzeugt\/"},"author":{"name":"michael.merz","@id":"https:\/\/www.organisator.ch\/#\/schema\/person\/134708ca9321c57b0362cceb7948ffbd"},"headline":"Prix SVC Wirtschaftsraum Z\u00fcrich 2018: Schibli-Gruppe \u00fcberzeugt","datePublished":"2018-01-19T07:31:22+00:00","mainEntityOfPage":{"@id":"https:\/\/www.organisator.ch\/fr\/general\/2018-01-19\/prix-svc-wirtschaftsraum-zuerich-2018-schibli-gruppe-ueberzeugt\/"},"wordCount":712,"commentCount":0,"publisher":{"@id":"https:\/\/www.organisator.ch\/#organization"},"image":{"@id":"https:\/\/www.organisator.ch\/fr\/general\/2018-01-19\/prix-svc-wirtschaftsraum-zuerich-2018-schibli-gruppe-ueberzeugt\/#primaryimage"},"thumbnailUrl":"https:\/\/www.organisator.ch\/wp-content\/uploads\/2018\/01\/Schibli-Gruppe-ist-Gewinnerin-des-Prix-SVC-Wirtschaftsraum-Zuerich-2018_Organisator.jpg","keywords":["Finalisten","KMU","Prix SVC Wirtschaftsraum Z\u00fcrich","Swiss Venture Club"],"articleSection":["Allgemein"],"inLanguage":"en-US"},{"@type":"WebPage","@id":"https:\/\/www.organisator.ch\/fr\/general\/2018-01-19\/prix-svc-wirtschaftsraum-zuerich-2018-schibli-gruppe-ueberzeugt\/","url":"https:\/\/www.organisator.ch\/fr\/general\/2018-01-19\/prix-svc-wirtschaftsraum-zuerich-2018-schibli-gruppe-ueberzeugt\/","name":"Prix SVC Wirtschaftsraum Z\u00fcrich 2018: Schibli Group convinces - Organizer","isPartOf":{"@id":"https:\/\/www.organisator.ch\/#website"},"primaryImageOfPage":{"@id":"https:\/\/www.organisator.ch\/fr\/general\/2018-01-19\/prix-svc-wirtschaftsraum-zuerich-2018-schibli-gruppe-ueberzeugt\/#primaryimage"},"image":{"@id":"https:\/\/www.organisator.ch\/fr\/general\/2018-01-19\/prix-svc-wirtschaftsraum-zuerich-2018-schibli-gruppe-ueberzeugt\/#primaryimage"},"thumbnailUrl":"https:\/\/www.organisator.ch\/wp-content\/uploads\/2018\/01\/Schibli-Gruppe-ist-Gewinnerin-des-Prix-SVC-Wirtschaftsraum-Zuerich-2018_Organisator.jpg","datePublished":"2018-01-19T07:31:22+00:00","description":"The Schibli Group wins the Prix SVC Wirtschaftsraum Z\u00fcrich 2018. The Swiss Venture Club once again impressed more than 2,200 guests and SME managers.","breadcrumb":{"@id":"https:\/\/www.organisator.ch\/fr\/general\/2018-01-19\/prix-svc-wirtschaftsraum-zuerich-2018-schibli-gruppe-ueberzeugt\/#breadcrumb"},"inLanguage":"en-US","potentialAction":[{"@type":"ReadAction","target":["https:\/\/www.organisator.ch\/fr\/general\/2018-01-19\/prix-svc-wirtschaftsraum-zuerich-2018-schibli-gruppe-ueberzeugt\/"]}]},{"@type":"ImageObject","inLanguage":"en-US","@id":"https:\/\/www.organisator.ch\/fr\/general\/2018-01-19\/prix-svc-wirtschaftsraum-zuerich-2018-schibli-gruppe-ueberzeugt\/#primaryimage","url":"https:\/\/www.organisator.ch\/wp-content\/uploads\/2018\/01\/Schibli-Gruppe-ist-Gewinnerin-des-Prix-SVC-Wirtschaftsraum-Zuerich-2018_Organisator.jpg","contentUrl":"https:\/\/www.organisator.ch\/wp-content\/uploads\/2018\/01\/Schibli-Gruppe-ist-Gewinnerin-des-Prix-SVC-Wirtschaftsraum-Zuerich-2018_Organisator.jpg","width":640,"height":427,"caption":"Der Gewinner des Prix SVC Wirtschaftsraum Zuerich 2018, Jan Schibli, CEO Schibli Gruppe, links freut sich ueber den ersten Preis waehrend der Preisverleihung am Donnerstag 18. Januar 2017 im Hallenstadion Zuerich. Der Swiss Venture Club zeichnet mit dem Prix SVC innovative Unternehmen aus, die durch herausragende Leistungen einen wesentlichen und nachhaltigen wirtschaftlichen Erfolg.erzielen. (PPR\/Manuel Lopez)"},{"@type":"BreadcrumbList","@id":"https:\/\/www.organisator.ch\/fr\/general\/2018-01-19\/prix-svc-wirtschaftsraum-zuerich-2018-schibli-gruppe-ueberzeugt\/#breadcrumb","itemListElement":[{"@type":"ListItem","position":1,"name":"Home","item":"https:\/\/www.organisator.ch\/"},{"@type":"ListItem","position":2,"name":"Prix SVC Wirtschaftsraum Z\u00fcrich 2018: Schibli-Gruppe \u00fcberzeugt"}]},{"@type":"WebSite","@id":"https:\/\/www.organisator.ch\/#website","url":"https:\/\/www.organisator.ch\/","name":"Organizer","description":"Competent. Practical. In 10 issues per year, ORGANISATOR presents the essential topics for managers of SMEs.","publisher":{"@id":"https:\/\/www.organisator.ch\/#organization"},"potentialAction":[{"@type":"SearchAction","target":{"@type":"EntryPoint","urlTemplate":"https:\/\/www.organisator.ch\/?s={search_term_string}"},"query-input":{"@type":"PropertyValueSpecification","valueRequired":true,"valueName":"search_term_string"}}],"inLanguage":"en-US"},{"@type":"Organization","@id":"https:\/\/www.organisator.ch\/#organization","name":"Organizer","url":"https:\/\/www.organisator.ch\/","logo":{"@type":"ImageObject","inLanguage":"en-US","@id":"https:\/\/www.organisator.ch\/#\/schema\/logo\/image\/","url":"https:\/\/www.organisator.ch\/wp-content\/uploads\/2022\/01\/Logo_Organisator_Website.png","contentUrl":"https:\/\/www.organisator.ch\/wp-content\/uploads\/2022\/01\/Logo_Organisator_Website.png","width":800,"height":77,"caption":"Organisator"},"image":{"@id":"https:\/\/www.organisator.ch\/#\/schema\/logo\/image\/"},"sameAs":["https:\/\/www.facebook.com\/OrganisatorFachmagazin","https:\/\/www.linkedin.com\/showcase\/organisator-das-magazin-fr-kmu","https:\/\/www.xing.com\/news\/pages\/organisator-ch-695","https:\/\/www.youtube.com\/channel\/UCGP2Sq0iWaZwT3BdIAQFYpw"]},{"@type":"Person","@id":"https:\/\/www.organisator.ch\/#\/schema\/person\/134708ca9321c57b0362cceb7948ffbd","name":"michael.merz","image":{"@type":"ImageObject","inLanguage":"en-US","@id":"https:\/\/secure.gravatar.com\/avatar\/?s=96&d=mm&r=g","url":"https:\/\/secure.gravatar.com\/avatar\/?s=96&d=mm&r=g","contentUrl":"https:\/\/secure.gravatar.com\/avatar\/?s=96&d=mm&r=g","caption":"michael.merz"},"url":"https:\/\/www.organisator.ch\/en\/author\/michael-merz\/"}]}},"_links":{"self":[{"href":"https:\/\/www.organisator.ch\/en\/wp-json\/wp\/v2\/posts\/3024","targetHints":{"allow":["GET"]}}],"collection":[{"href":"https:\/\/www.organisator.ch\/en\/wp-json\/wp\/v2\/posts"}],"about":[{"href":"https:\/\/www.organisator.ch\/en\/wp-json\/wp\/v2\/types\/post"}],"author":[{"embeddable":true,"href":"https:\/\/www.organisator.ch\/en\/wp-json\/wp\/v2\/users\/5"}],"replies":[{"embeddable":true,"href":"https:\/\/www.organisator.ch\/en\/wp-json\/wp\/v2\/comments?post=3024"}],"version-history":[{"count":0,"href":"https:\/\/www.organisator.ch\/en\/wp-json\/wp\/v2\/posts\/3024\/revisions"}],"wp:featuredmedia":[{"embeddable":true,"href":"https:\/\/www.organisator.ch\/en\/wp-json\/wp\/v2\/media\/3020"}],"wp:attachment":[{"href":"https:\/\/www.organisator.ch\/en\/wp-json\/wp\/v2\/media?parent=3024"}],"wp:term":[{"taxonomy":"category","embeddable":true,"href":"https:\/\/www.organisator.ch\/en\/wp-json\/wp\/v2\/categories?post=3024"},{"taxonomy":"post_tag","embeddable":true,"href":"https:\/\/www.organisator.ch\/en\/wp-json\/wp\/v2\/tags?post=3024"}],"curies":[{"name":"wp","href":"https:\/\/api.w.org\/{rel}","templated":true}]}}