{"id":30248,"date":"2024-09-30T17:00:02","date_gmt":"2024-09-30T15:00:02","guid":{"rendered":"https:\/\/www.organisator.ch\/?p=30248"},"modified":"2024-09-30T12:00:57","modified_gmt":"2024-09-30T10:00:57","slug":"hans-huber-stiftung-verlieh-anerkennungspreise-an-ostschweizer-und-vorarlberger","status":"publish","type":"post","link":"https:\/\/www.organisator.ch\/en\/management\/2024-09-30\/hans-huber-stiftung-verlieh-anerkennungspreise-an-ostschweizer-und-vorarlberger\/","title":{"rendered":"Hans Huber Foundation awards recognition prizes to Eastern Switzerland and Vorarlberg"},"content":{"rendered":"<figure id=\"attachment_30249\" aria-describedby=\"caption-attachment-30249\" style=\"width: 680px\" class=\"wp-caption alignnone\"><img loading=\"lazy\" decoding=\"async\" class=\"size-full wp-image-30249\" src=\"https:\/\/www.organisator.ch\/wp-content\/uploads\/2024\/09\/hhs_fiechter_buhl_peter_Bild1_ps.jpg\" alt=\"\" width=\"680\" height=\"453\" srcset=\"https:\/\/www.organisator.ch\/wp-content\/uploads\/2024\/09\/hhs_fiechter_buhl_peter_Bild1_ps.jpg 680w, https:\/\/www.organisator.ch\/wp-content\/uploads\/2024\/09\/hhs_fiechter_buhl_peter_Bild1_ps-18x12.jpg 18w, https:\/\/www.organisator.ch\/wp-content\/uploads\/2024\/09\/hhs_fiechter_buhl_peter_Bild1_ps-375x250.jpg 375w, https:\/\/www.organisator.ch\/wp-content\/uploads\/2024\/09\/hhs_fiechter_buhl_peter_Bild1_ps-525x350.jpg 525w\" sizes=\"auto, (max-width: 680px) 100vw, 680px\" \/><figcaption id=\"caption-attachment-30249\" class=\"wp-caption-text\">From left: Christian Fiechter congratulates Christian Buhl and Urs Peter on receiving the Hans Huber Foundation's recognition award. (Image: www.hanshuberstiftung.org)<\/figcaption><\/figure>\n<p>Geberit CEO Christian Buhl has recognized the signs of the times: He knows that the company's success also depends in part on its own successful vocational training, said Christian Fiechter, President of the Hans Huber Foundation, in his laudatory speech. It is exemplary when Buhl says of himself that, even as CEO of a global corporation, he himself always wants to remain a learner. His courageous commitment is helping to combat the shortage of skilled workers.<\/p>\n<p>The Vorarlberg roofing entrepreneur Urs Peter is in no way inferior to him. He has made a virtue out of necessity, because 20 years ago his roofing and tinsmith company was still struggling to attract the odd application for an apprenticeship. Today, things are different: Peter Dach has become a popular training company with exciting incentives in monetary and non-monetary form as well as holistic personal development, and even runs its own vocational academy.<\/p>\n<p>Urs Berger, former CEO and Chairman of the Board of Directors of \"Mobiliar\", paid tribute to the educational landscape in his speech, referring to the two award winners. The system is \"perfect for being able to react to challenges in the future\". As a result, the economy and society have always remained adaptable and have developed further, seized opportunities and found innovative ways: \"This requires people who are courageous and willing to get involved.\"<\/p>\n<p><em>Source: <a href=\"http:\/\/www.hanshuberstiftung.org\/\">www.hanshuberstiftung.org<\/a><\/em><\/p>","protected":false},"excerpt":{"rendered":"<p>As a globally active CEO, one always wants to remain a learner, and the other wants to lead specialists from apprenticeship to retirement: With the presentation of its recognition awards, the Hans Huber Foundation focused on role models on Friday evening, September 27, 2024 in Heerbrugg. <\/p>","protected":false},"author":80,"featured_media":30249,"comment_status":"closed","ping_status":"closed","sticky":false,"template":"","format":"standard","meta":{"_acf_changed":false,"_yoast_wpseo_focuskw":"Anerkennungspreise","_yoast_wpseo_metadesc":"Mit der Verleihung ihrer Anerkennungspreise setzte die Hans Huber Stiftung am Freitagabend, 27. September 2024 in Heerbrugg auf Vorbilder.","articlekey":"","footnotes":""},"categories":[28],"tags":[4563,73,904,4461,492],"class_list":["post-30248","post","type-post","status-publish","format-standard","has-post-thumbnail","hentry","category-management","tag-anerkennungspreise","tag-berufsbildung","tag-ceo","tag-lernende","tag-unternehmen"],"acf":[],"yoast_head":"<!-- This site is optimized with the Yoast SEO plugin v27.4 - https:\/\/yoast.com\/product\/yoast-seo-wordpress\/ -->\n<title>Hans Huber Stiftung verlieh Anerkennungspreise an Ostschweizer und Vorarlberger - Organisator<\/title>\n<meta name=\"description\" content=\"Mit der Verleihung ihrer Anerkennungspreise setzte die Hans Huber Stiftung am Freitagabend, 27. September 2024 in Heerbrugg auf Vorbilder.\" \/>\n<meta name=\"robots\" content=\"index, follow, max-snippet:-1, max-image-preview:large, max-video-preview:-1\" \/>\n<link rel=\"canonical\" href=\"https:\/\/www.organisator.ch\/en\/management\/2024-09-30\/hans-huber-stiftung-verlieh-anerkennungspreise-an-ostschweizer-und-vorarlberger\/\" \/>\n<meta property=\"og:locale\" content=\"en_US\" \/>\n<meta property=\"og:type\" content=\"article\" \/>\n<meta property=\"og:title\" content=\"Hans Huber Stiftung verlieh Anerkennungspreise an Ostschweizer und Vorarlberger\" \/>\n<meta property=\"og:description\" content=\"Mit der Verleihung ihrer Anerkennungspreise setzte die Hans Huber Stiftung am Freitagabend, 27. September 2024 in Heerbrugg auf Vorbilder.\" \/>\n<meta property=\"og:url\" content=\"https:\/\/www.organisator.ch\/en\/management\/2024-09-30\/hans-huber-stiftung-verlieh-anerkennungspreise-an-ostschweizer-und-vorarlberger\/\" \/>\n<meta property=\"og:site_name\" content=\"Organisator\" \/>\n<meta property=\"article:publisher\" content=\"https:\/\/www.facebook.com\/OrganisatorFachmagazin\" \/>\n<meta property=\"article:published_time\" content=\"2024-09-30T15:00:02+00:00\" \/>\n<meta property=\"og:image\" content=\"https:\/\/www.organisator.ch\/wp-content\/uploads\/2024\/09\/hhs_fiechter_buhl_peter_Bild1_ps.jpg\" \/>\n\t<meta property=\"og:image:width\" content=\"680\" \/>\n\t<meta property=\"og:image:height\" content=\"453\" \/>\n\t<meta property=\"og:image:type\" content=\"image\/jpeg\" \/>\n<meta name=\"author\" content=\"Dzana Muminovic\" \/>\n<meta name=\"twitter:card\" content=\"summary_large_image\" \/>\n<meta name=\"twitter:title\" content=\"Hans Huber Stiftung verlieh Anerkennungspreise an Ostschweizer und Vorarlberger\" \/>\n<meta name=\"twitter:description\" content=\"Mit der Verleihung ihrer #Anerkennungspreise setzte die #Hans #Huber #Stiftung am Freitagabend, 27. September 2024 in Heerbrugg auf #Vorbilder.\" \/>\n<meta name=\"twitter:image\" content=\"https:\/\/www.organisator.ch\/wp-content\/uploads\/2024\/09\/hhs_fiechter_buhl_peter_Bild1_ps.jpg\" \/>\n<script type=\"application\/ld+json\" class=\"yoast-schema-graph\">{\"@context\":\"https:\\\/\\\/schema.org\",\"@graph\":[{\"@type\":\"Article\",\"@id\":\"https:\\\/\\\/www.organisator.ch\\\/management\\\/2024-09-30\\\/hans-huber-stiftung-verlieh-anerkennungspreise-an-ostschweizer-und-vorarlberger\\\/#article\",\"isPartOf\":{\"@id\":\"https:\\\/\\\/www.organisator.ch\\\/management\\\/2024-09-30\\\/hans-huber-stiftung-verlieh-anerkennungspreise-an-ostschweizer-und-vorarlberger\\\/\"},\"author\":{\"name\":\"Dzana Muminovic\",\"@id\":\"https:\\\/\\\/www.organisator.ch\\\/#\\\/schema\\\/person\\\/afccda3a71c06d4be2ed9100dd163db7\"},\"headline\":\"Hans Huber Stiftung verlieh Anerkennungspreise an Ostschweizer und Vorarlberger\",\"datePublished\":\"2024-09-30T15:00:02+00:00\",\"mainEntityOfPage\":{\"@id\":\"https:\\\/\\\/www.organisator.ch\\\/management\\\/2024-09-30\\\/hans-huber-stiftung-verlieh-anerkennungspreise-an-ostschweizer-und-vorarlberger\\\/\"},\"wordCount\":263,\"publisher\":{\"@id\":\"https:\\\/\\\/www.organisator.ch\\\/#organization\"},\"image\":{\"@id\":\"https:\\\/\\\/www.organisator.ch\\\/management\\\/2024-09-30\\\/hans-huber-stiftung-verlieh-anerkennungspreise-an-ostschweizer-und-vorarlberger\\\/#primaryimage\"},\"thumbnailUrl\":\"https:\\\/\\\/www.organisator.ch\\\/wp-content\\\/uploads\\\/2024\\\/09\\\/hhs_fiechter_buhl_peter_Bild1_ps.jpg\",\"keywords\":[\"Anerkennungspreise\",\"Berufsbildung\",\"CEO\",\"Lernende\",\"Unternehmen\"],\"articleSection\":[\"MANAGEMENT\"],\"inLanguage\":\"en-US\"},{\"@type\":\"WebPage\",\"@id\":\"https:\\\/\\\/www.organisator.ch\\\/management\\\/2024-09-30\\\/hans-huber-stiftung-verlieh-anerkennungspreise-an-ostschweizer-und-vorarlberger\\\/\",\"url\":\"https:\\\/\\\/www.organisator.ch\\\/management\\\/2024-09-30\\\/hans-huber-stiftung-verlieh-anerkennungspreise-an-ostschweizer-und-vorarlberger\\\/\",\"name\":\"Hans Huber Stiftung verlieh Anerkennungspreise an Ostschweizer und Vorarlberger - Organisator\",\"isPartOf\":{\"@id\":\"https:\\\/\\\/www.organisator.ch\\\/#website\"},\"primaryImageOfPage\":{\"@id\":\"https:\\\/\\\/www.organisator.ch\\\/management\\\/2024-09-30\\\/hans-huber-stiftung-verlieh-anerkennungspreise-an-ostschweizer-und-vorarlberger\\\/#primaryimage\"},\"image\":{\"@id\":\"https:\\\/\\\/www.organisator.ch\\\/management\\\/2024-09-30\\\/hans-huber-stiftung-verlieh-anerkennungspreise-an-ostschweizer-und-vorarlberger\\\/#primaryimage\"},\"thumbnailUrl\":\"https:\\\/\\\/www.organisator.ch\\\/wp-content\\\/uploads\\\/2024\\\/09\\\/hhs_fiechter_buhl_peter_Bild1_ps.jpg\",\"datePublished\":\"2024-09-30T15:00:02+00:00\",\"description\":\"Mit der Verleihung ihrer Anerkennungspreise setzte die Hans Huber Stiftung am Freitagabend, 27. September 2024 in Heerbrugg auf Vorbilder.\",\"breadcrumb\":{\"@id\":\"https:\\\/\\\/www.organisator.ch\\\/management\\\/2024-09-30\\\/hans-huber-stiftung-verlieh-anerkennungspreise-an-ostschweizer-und-vorarlberger\\\/#breadcrumb\"},\"inLanguage\":\"en-US\",\"potentialAction\":[{\"@type\":\"ReadAction\",\"target\":[\"https:\\\/\\\/www.organisator.ch\\\/management\\\/2024-09-30\\\/hans-huber-stiftung-verlieh-anerkennungspreise-an-ostschweizer-und-vorarlberger\\\/\"]}]},{\"@type\":\"ImageObject\",\"inLanguage\":\"en-US\",\"@id\":\"https:\\\/\\\/www.organisator.ch\\\/management\\\/2024-09-30\\\/hans-huber-stiftung-verlieh-anerkennungspreise-an-ostschweizer-und-vorarlberger\\\/#primaryimage\",\"url\":\"https:\\\/\\\/www.organisator.ch\\\/wp-content\\\/uploads\\\/2024\\\/09\\\/hhs_fiechter_buhl_peter_Bild1_ps.jpg\",\"contentUrl\":\"https:\\\/\\\/www.organisator.ch\\\/wp-content\\\/uploads\\\/2024\\\/09\\\/hhs_fiechter_buhl_peter_Bild1_ps.jpg\",\"width\":680,\"height\":453,\"caption\":\"Von links: Christian Fiechter gratuliert Christian Buhl und Urs Peter zum Anerkennungspreis der Hans Huber Stiftung. (Bild: www.hanshuberstiftung.org)\"},{\"@type\":\"BreadcrumbList\",\"@id\":\"https:\\\/\\\/www.organisator.ch\\\/management\\\/2024-09-30\\\/hans-huber-stiftung-verlieh-anerkennungspreise-an-ostschweizer-und-vorarlberger\\\/#breadcrumb\",\"itemListElement\":[{\"@type\":\"ListItem\",\"position\":1,\"name\":\"Home\",\"item\":\"https:\\\/\\\/www.organisator.ch\\\/\"},{\"@type\":\"ListItem\",\"position\":2,\"name\":\"Hans Huber Stiftung verlieh Anerkennungspreise an Ostschweizer und Vorarlberger\"}]},{\"@type\":\"WebSite\",\"@id\":\"https:\\\/\\\/www.organisator.ch\\\/#website\",\"url\":\"https:\\\/\\\/www.organisator.ch\\\/\",\"name\":\"Organisator\",\"description\":\"Kompetent. Praxisnah. Der ORGANISATOR bereitet in 10 Ausgaben pro Jahr die wesentlichen Themen f\u00fcr F\u00fchrungskr\u00e4fte von KMU auf.\",\"publisher\":{\"@id\":\"https:\\\/\\\/www.organisator.ch\\\/#organization\"},\"potentialAction\":[{\"@type\":\"SearchAction\",\"target\":{\"@type\":\"EntryPoint\",\"urlTemplate\":\"https:\\\/\\\/www.organisator.ch\\\/?s={search_term_string}\"},\"query-input\":{\"@type\":\"PropertyValueSpecification\",\"valueRequired\":true,\"valueName\":\"search_term_string\"}}],\"inLanguage\":\"en-US\"},{\"@type\":\"Organization\",\"@id\":\"https:\\\/\\\/www.organisator.ch\\\/#organization\",\"name\":\"Organisator\",\"url\":\"https:\\\/\\\/www.organisator.ch\\\/\",\"logo\":{\"@type\":\"ImageObject\",\"inLanguage\":\"en-US\",\"@id\":\"https:\\\/\\\/www.organisator.ch\\\/#\\\/schema\\\/logo\\\/image\\\/\",\"url\":\"https:\\\/\\\/www.organisator.ch\\\/wp-content\\\/uploads\\\/2022\\\/01\\\/Logo_Organisator_Website.png\",\"contentUrl\":\"https:\\\/\\\/www.organisator.ch\\\/wp-content\\\/uploads\\\/2022\\\/01\\\/Logo_Organisator_Website.png\",\"width\":800,\"height\":77,\"caption\":\"Organisator\"},\"image\":{\"@id\":\"https:\\\/\\\/www.organisator.ch\\\/#\\\/schema\\\/logo\\\/image\\\/\"},\"sameAs\":[\"https:\\\/\\\/www.facebook.com\\\/OrganisatorFachmagazin\",\"https:\\\/\\\/www.linkedin.com\\\/showcase\\\/organisator-das-magazin-fr-kmu\",\"https:\\\/\\\/www.xing.com\\\/news\\\/pages\\\/organisator-ch-695\",\"https:\\\/\\\/www.youtube.com\\\/channel\\\/UCGP2Sq0iWaZwT3BdIAQFYpw\"]},{\"@type\":\"Person\",\"@id\":\"https:\\\/\\\/www.organisator.ch\\\/#\\\/schema\\\/person\\\/afccda3a71c06d4be2ed9100dd163db7\",\"name\":\"Dzana Muminovic\",\"image\":{\"@type\":\"ImageObject\",\"inLanguage\":\"en-US\",\"@id\":\"https:\\\/\\\/secure.gravatar.com\\\/avatar\\\/909c5c71aff4b38e88686f2ab2f1ba152571f394f41ed8bae431ea56ced93050?s=96&d=mm&r=g\",\"url\":\"https:\\\/\\\/secure.gravatar.com\\\/avatar\\\/909c5c71aff4b38e88686f2ab2f1ba152571f394f41ed8bae431ea56ced93050?s=96&d=mm&r=g\",\"contentUrl\":\"https:\\\/\\\/secure.gravatar.com\\\/avatar\\\/909c5c71aff4b38e88686f2ab2f1ba152571f394f41ed8bae431ea56ced93050?s=96&d=mm&r=g\",\"caption\":\"Dzana Muminovic\"},\"url\":\"https:\\\/\\\/www.organisator.ch\\\/en\\\/author\\\/dzana-muminovic\\\/\"}]}<\/script>\n<!-- \/ Yoast SEO plugin. -->","yoast_head_json":{"title":"Hans Huber Foundation awards recognition prizes to Eastern Switzerland and Vorarlberg - Organizer","description":"With the presentation of its recognition awards, the Hans Huber Foundation focused on role models on Friday evening, September 27, 2024 in Heerbrugg.","robots":{"index":"index","follow":"follow","max-snippet":"max-snippet:-1","max-image-preview":"max-image-preview:large","max-video-preview":"max-video-preview:-1"},"canonical":"https:\/\/www.organisator.ch\/en\/management\/2024-09-30\/hans-huber-stiftung-verlieh-anerkennungspreise-an-ostschweizer-und-vorarlberger\/","og_locale":"en_US","og_type":"article","og_title":"Hans Huber Stiftung verlieh Anerkennungspreise an Ostschweizer und Vorarlberger","og_description":"Mit der Verleihung ihrer Anerkennungspreise setzte die Hans Huber Stiftung am Freitagabend, 27. September 2024 in Heerbrugg auf Vorbilder.","og_url":"https:\/\/www.organisator.ch\/en\/management\/2024-09-30\/hans-huber-stiftung-verlieh-anerkennungspreise-an-ostschweizer-und-vorarlberger\/","og_site_name":"Organisator","article_publisher":"https:\/\/www.facebook.com\/OrganisatorFachmagazin","article_published_time":"2024-09-30T15:00:02+00:00","og_image":[{"width":680,"height":453,"url":"https:\/\/www.organisator.ch\/wp-content\/uploads\/2024\/09\/hhs_fiechter_buhl_peter_Bild1_ps.jpg","type":"image\/jpeg"}],"author":"Dzana Muminovic","twitter_card":"summary_large_image","twitter_title":"Hans Huber Stiftung verlieh Anerkennungspreise an Ostschweizer und Vorarlberger","twitter_description":"Mit der Verleihung ihrer #Anerkennungspreise setzte die #Hans #Huber #Stiftung am Freitagabend, 27. September 2024 in Heerbrugg auf #Vorbilder.","twitter_image":"https:\/\/www.organisator.ch\/wp-content\/uploads\/2024\/09\/hhs_fiechter_buhl_peter_Bild1_ps.jpg","schema":{"@context":"https:\/\/schema.org","@graph":[{"@type":"Article","@id":"https:\/\/www.organisator.ch\/management\/2024-09-30\/hans-huber-stiftung-verlieh-anerkennungspreise-an-ostschweizer-und-vorarlberger\/#article","isPartOf":{"@id":"https:\/\/www.organisator.ch\/management\/2024-09-30\/hans-huber-stiftung-verlieh-anerkennungspreise-an-ostschweizer-und-vorarlberger\/"},"author":{"name":"Dzana Muminovic","@id":"https:\/\/www.organisator.ch\/#\/schema\/person\/afccda3a71c06d4be2ed9100dd163db7"},"headline":"Hans Huber Stiftung verlieh Anerkennungspreise an Ostschweizer und Vorarlberger","datePublished":"2024-09-30T15:00:02+00:00","mainEntityOfPage":{"@id":"https:\/\/www.organisator.ch\/management\/2024-09-30\/hans-huber-stiftung-verlieh-anerkennungspreise-an-ostschweizer-und-vorarlberger\/"},"wordCount":263,"publisher":{"@id":"https:\/\/www.organisator.ch\/#organization"},"image":{"@id":"https:\/\/www.organisator.ch\/management\/2024-09-30\/hans-huber-stiftung-verlieh-anerkennungspreise-an-ostschweizer-und-vorarlberger\/#primaryimage"},"thumbnailUrl":"https:\/\/www.organisator.ch\/wp-content\/uploads\/2024\/09\/hhs_fiechter_buhl_peter_Bild1_ps.jpg","keywords":["Anerkennungspreise","Berufsbildung","CEO","Lernende","Unternehmen"],"articleSection":["MANAGEMENT"],"inLanguage":"en-US"},{"@type":"WebPage","@id":"https:\/\/www.organisator.ch\/management\/2024-09-30\/hans-huber-stiftung-verlieh-anerkennungspreise-an-ostschweizer-und-vorarlberger\/","url":"https:\/\/www.organisator.ch\/management\/2024-09-30\/hans-huber-stiftung-verlieh-anerkennungspreise-an-ostschweizer-und-vorarlberger\/","name":"Hans Huber Foundation awards recognition prizes to Eastern Switzerland and Vorarlberg - Organizer","isPartOf":{"@id":"https:\/\/www.organisator.ch\/#website"},"primaryImageOfPage":{"@id":"https:\/\/www.organisator.ch\/management\/2024-09-30\/hans-huber-stiftung-verlieh-anerkennungspreise-an-ostschweizer-und-vorarlberger\/#primaryimage"},"image":{"@id":"https:\/\/www.organisator.ch\/management\/2024-09-30\/hans-huber-stiftung-verlieh-anerkennungspreise-an-ostschweizer-und-vorarlberger\/#primaryimage"},"thumbnailUrl":"https:\/\/www.organisator.ch\/wp-content\/uploads\/2024\/09\/hhs_fiechter_buhl_peter_Bild1_ps.jpg","datePublished":"2024-09-30T15:00:02+00:00","description":"With the presentation of its recognition awards, the Hans Huber Foundation focused on role models on Friday evening, September 27, 2024 in Heerbrugg.","breadcrumb":{"@id":"https:\/\/www.organisator.ch\/management\/2024-09-30\/hans-huber-stiftung-verlieh-anerkennungspreise-an-ostschweizer-und-vorarlberger\/#breadcrumb"},"inLanguage":"en-US","potentialAction":[{"@type":"ReadAction","target":["https:\/\/www.organisator.ch\/management\/2024-09-30\/hans-huber-stiftung-verlieh-anerkennungspreise-an-ostschweizer-und-vorarlberger\/"]}]},{"@type":"ImageObject","inLanguage":"en-US","@id":"https:\/\/www.organisator.ch\/management\/2024-09-30\/hans-huber-stiftung-verlieh-anerkennungspreise-an-ostschweizer-und-vorarlberger\/#primaryimage","url":"https:\/\/www.organisator.ch\/wp-content\/uploads\/2024\/09\/hhs_fiechter_buhl_peter_Bild1_ps.jpg","contentUrl":"https:\/\/www.organisator.ch\/wp-content\/uploads\/2024\/09\/hhs_fiechter_buhl_peter_Bild1_ps.jpg","width":680,"height":453,"caption":"Von links: Christian Fiechter gratuliert Christian Buhl und Urs Peter zum Anerkennungspreis der Hans Huber Stiftung. (Bild: www.hanshuberstiftung.org)"},{"@type":"BreadcrumbList","@id":"https:\/\/www.organisator.ch\/management\/2024-09-30\/hans-huber-stiftung-verlieh-anerkennungspreise-an-ostschweizer-und-vorarlberger\/#breadcrumb","itemListElement":[{"@type":"ListItem","position":1,"name":"Home","item":"https:\/\/www.organisator.ch\/"},{"@type":"ListItem","position":2,"name":"Hans Huber Stiftung verlieh Anerkennungspreise an Ostschweizer und Vorarlberger"}]},{"@type":"WebSite","@id":"https:\/\/www.organisator.ch\/#website","url":"https:\/\/www.organisator.ch\/","name":"Organizer","description":"Competent. Practical. In 10 issues per year, ORGANISATOR presents the essential topics for managers of SMEs.","publisher":{"@id":"https:\/\/www.organisator.ch\/#organization"},"potentialAction":[{"@type":"SearchAction","target":{"@type":"EntryPoint","urlTemplate":"https:\/\/www.organisator.ch\/?s={search_term_string}"},"query-input":{"@type":"PropertyValueSpecification","valueRequired":true,"valueName":"search_term_string"}}],"inLanguage":"en-US"},{"@type":"Organization","@id":"https:\/\/www.organisator.ch\/#organization","name":"Organizer","url":"https:\/\/www.organisator.ch\/","logo":{"@type":"ImageObject","inLanguage":"en-US","@id":"https:\/\/www.organisator.ch\/#\/schema\/logo\/image\/","url":"https:\/\/www.organisator.ch\/wp-content\/uploads\/2022\/01\/Logo_Organisator_Website.png","contentUrl":"https:\/\/www.organisator.ch\/wp-content\/uploads\/2022\/01\/Logo_Organisator_Website.png","width":800,"height":77,"caption":"Organisator"},"image":{"@id":"https:\/\/www.organisator.ch\/#\/schema\/logo\/image\/"},"sameAs":["https:\/\/www.facebook.com\/OrganisatorFachmagazin","https:\/\/www.linkedin.com\/showcase\/organisator-das-magazin-fr-kmu","https:\/\/www.xing.com\/news\/pages\/organisator-ch-695","https:\/\/www.youtube.com\/channel\/UCGP2Sq0iWaZwT3BdIAQFYpw"]},{"@type":"Person","@id":"https:\/\/www.organisator.ch\/#\/schema\/person\/afccda3a71c06d4be2ed9100dd163db7","name":"Dzana Muminovic","image":{"@type":"ImageObject","inLanguage":"en-US","@id":"https:\/\/secure.gravatar.com\/avatar\/909c5c71aff4b38e88686f2ab2f1ba152571f394f41ed8bae431ea56ced93050?s=96&d=mm&r=g","url":"https:\/\/secure.gravatar.com\/avatar\/909c5c71aff4b38e88686f2ab2f1ba152571f394f41ed8bae431ea56ced93050?s=96&d=mm&r=g","contentUrl":"https:\/\/secure.gravatar.com\/avatar\/909c5c71aff4b38e88686f2ab2f1ba152571f394f41ed8bae431ea56ced93050?s=96&d=mm&r=g","caption":"Dzana Muminovic"},"url":"https:\/\/www.organisator.ch\/en\/author\/dzana-muminovic\/"}]}},"_links":{"self":[{"href":"https:\/\/www.organisator.ch\/en\/wp-json\/wp\/v2\/posts\/30248","targetHints":{"allow":["GET"]}}],"collection":[{"href":"https:\/\/www.organisator.ch\/en\/wp-json\/wp\/v2\/posts"}],"about":[{"href":"https:\/\/www.organisator.ch\/en\/wp-json\/wp\/v2\/types\/post"}],"author":[{"embeddable":true,"href":"https:\/\/www.organisator.ch\/en\/wp-json\/wp\/v2\/users\/80"}],"replies":[{"embeddable":true,"href":"https:\/\/www.organisator.ch\/en\/wp-json\/wp\/v2\/comments?post=30248"}],"version-history":[{"count":3,"href":"https:\/\/www.organisator.ch\/en\/wp-json\/wp\/v2\/posts\/30248\/revisions"}],"predecessor-version":[{"id":30286,"href":"https:\/\/www.organisator.ch\/en\/wp-json\/wp\/v2\/posts\/30248\/revisions\/30286"}],"wp:featuredmedia":[{"embeddable":true,"href":"https:\/\/www.organisator.ch\/en\/wp-json\/wp\/v2\/media\/30249"}],"wp:attachment":[{"href":"https:\/\/www.organisator.ch\/en\/wp-json\/wp\/v2\/media?parent=30248"}],"wp:term":[{"taxonomy":"category","embeddable":true,"href":"https:\/\/www.organisator.ch\/en\/wp-json\/wp\/v2\/categories?post=30248"},{"taxonomy":"post_tag","embeddable":true,"href":"https:\/\/www.organisator.ch\/en\/wp-json\/wp\/v2\/tags?post=30248"}],"curies":[{"name":"wp","href":"https:\/\/api.w.org\/{rel}","templated":true}]}}