{"id":30270,"date":"2024-09-30T18:28:28","date_gmt":"2024-09-30T16:28:28","guid":{"rendered":"https:\/\/www.markt-kom.com\/?p=224136"},"modified":"2024-11-08T06:18:23","modified_gmt":"2024-11-08T05:18:23","slug":"studie-von-staempfli-beleuchtet-die-verbandskommunikation","status":"publish","type":"post","link":"https:\/\/www.organisator.ch\/en\/marketing\/2024-09-30\/studie-von-staempfli-beleuchtet-die-verbandskommunikation\/","title":{"rendered":"Study by St\u00e4mpfli sheds light on association communication"},"content":{"rendered":"<figure id=\"attachment_224138\" class=\"wp-caption aligncenter\" style=\"width: 1200px\" aria-describedby=\"caption-attachment-224138\"><img class=\"aligncenter wp-image-224138 size-full\" src=\"https:\/\/www.markt-kom.com\/wp-content\/uploads\/2024\/09\/staempfli-vmi-studie-verbaende-grafik-1.jpg\" alt=\"Association communication\" width=\"1200\" height=\"900\" \/>\r\n<figcaption id=\"caption-attachment-224138\" class=\"wp-caption-text\">(Graphic: St\u00e4mpfli\/VMI)<\/figcaption>\r\n<\/figure>\r\n<p>St\u00e4mpfli Kommunikation and the Association Management Institute (VMI) at the University of Fribourg have once again gained insights into the current communication practices and challenges of Swiss associations as part of their second comprehensive survey. A total of 379 organizations took part in the online survey - a record number, according to St\u00e4mpfli, which underlines the growing importance of digital and strategic communication.<\/p>\r\n<p>The study highlights clear trends in the digital transformation, sheds light on resource bottlenecks and provides practical ideas on how associations can make their communication and marketing fit for the future.<\/p>\r\n<h3>Where do the associations stand today?<\/h3>\r\n<p>Compared to the previous study from 2017, there are clear trends: the use of social media is still on the rise. LinkedIn and Instagram in particular have gained massively in importance in association communication. While traditional advertising media are losing relevance, events and face-to-face meetings remain key communication platforms. \"The results are a reflection of increasing digitalization, but also of the durability of proven communication channels,\" says Nathalie Maring, co-author of the study.<\/p>\r\n<h3>Resources and target groups as challenges<\/h3>\r\n<p>In addition to the trends, the study also sheds light on the current challenges facing associations. Many are struggling with limited resources and the growing pressure to appeal to younger target groups. Almost three out of five associations are therefore planning targeted measures to rejuvenate their members - a key issue that could determine the relevance of many organizations in the future.<\/p>\r\n<h3>Targeted support for modern communication strategies<\/h3>\r\n<p>St\u00e4mpfli Kommunikation plans to use the results of the study in a targeted manner to support clients in the further development of their communication strategies. \"We will use the new findings of the study to guide our clients through the challenges of digital communication and offer them targeted added value,\" emphasizes Monica Masciadri, Co-Head of Association Communications.<\/p>\r\n<p>Although the detailed scientific publication of the study will not be published until the end of October 2024, associations can already access findings that they can use to optimize their communication strategies. \"The study not only takes stock of the current situation, but also provides practical ideas on how associations can future-proof their communication,\" explains Prof. Dr. Markus Gm\u00fcr from VMI.<\/p>","protected":false},"excerpt":{"rendered":"<p>The current association study by St\u00e4mpfli Kommunikation and the Association Management Institute VMI at the University of Fribourg offers insights into the current communication strategies and challenges of Swiss associations.<\/p>","protected":false},"author":8,"featured_media":0,"comment_status":"closed","ping_status":"closed","sticky":false,"template":"","format":"standard","meta":{"_acf_changed":false,"_yoast_wpseo_focuskw":"Verbandskommunikation","_yoast_wpseo_metadesc":"Neue Studie von St\u00e4mpfli und VMI zeigt digitale Trends und Herausforderungen der Schweizer Verb\u00e4nde auf.","articlekey":"","footnotes":""},"categories":[29],"tags":[4343,4070,459,503],"class_list":["post-30270","post","type-post","status-publish","format-standard","hentry","category-marketing","tag-markom","tag-staempfli-kommunikation","tag-studie","tag-verbaende"],"acf":[],"yoast_head":"<!-- This site is optimized with the Yoast SEO plugin v27.5 - https:\/\/yoast.com\/product\/yoast-seo-wordpress\/ -->\n<title>Studie von St\u00e4mpfli beleuchtet die Verbandskommunikation - Organisator<\/title>\n<meta name=\"description\" content=\"Neue Studie von St\u00e4mpfli und VMI zeigt digitale Trends und Herausforderungen der Schweizer Verb\u00e4nde auf.\" \/>\n<meta name=\"robots\" content=\"index, follow, max-snippet:-1, max-image-preview:large, max-video-preview:-1\" \/>\n<link rel=\"canonical\" href=\"https:\/\/www.organisator.ch\/en\/marketing\/2024-09-30\/studie-von-staempfli-beleuchtet-die-verbandskommunikation\/\" \/>\n<meta property=\"og:locale\" content=\"en_US\" \/>\n<meta property=\"og:type\" content=\"article\" \/>\n<meta property=\"og:title\" content=\"Studie von St\u00e4mpfli beleuchtet die Verbandskommunikation - Organisator\" \/>\n<meta property=\"og:description\" content=\"Neue Studie von St\u00e4mpfli und VMI zeigt digitale Trends und Herausforderungen der Schweizer Verb\u00e4nde auf.\" \/>\n<meta property=\"og:url\" content=\"https:\/\/www.organisator.ch\/en\/marketing\/2024-09-30\/studie-von-staempfli-beleuchtet-die-verbandskommunikation\/\" \/>\n<meta property=\"og:site_name\" content=\"Organisator\" \/>\n<meta property=\"article:publisher\" content=\"https:\/\/www.facebook.com\/OrganisatorFachmagazin\" \/>\n<meta property=\"article:published_time\" content=\"2024-09-30T16:28:28+00:00\" \/>\n<meta property=\"article:modified_time\" content=\"2024-11-08T05:18:23+00:00\" \/>\n<meta property=\"og:image\" content=\"https:\/\/www.markt-kom.com\/wp-content\/uploads\/2024\/09\/staempfli-vmi-studie-verbaende-grafik-1.jpg\" \/>\n<meta name=\"author\" content=\"galledia\" \/>\n<meta name=\"twitter:card\" content=\"summary_large_image\" \/>\n<meta name=\"twitter:creator\" content=\"@admin\" \/>\n<script type=\"application\/ld+json\" class=\"yoast-schema-graph\">{\"@context\":\"https:\\\/\\\/schema.org\",\"@graph\":[{\"@type\":\"Article\",\"@id\":\"https:\\\/\\\/www.organisator.ch\\\/marketing\\\/2024-09-30\\\/studie-von-staempfli-beleuchtet-die-verbandskommunikation\\\/#article\",\"isPartOf\":{\"@id\":\"https:\\\/\\\/www.organisator.ch\\\/marketing\\\/2024-09-30\\\/studie-von-staempfli-beleuchtet-die-verbandskommunikation\\\/\"},\"author\":{\"name\":\"galledia\",\"@id\":\"https:\\\/\\\/www.organisator.ch\\\/#\\\/schema\\\/person\\\/4e51799071cd2dd1232ac003643ef5f0\"},\"headline\":\"Studie von St\u00e4mpfli beleuchtet die Verbandskommunikation\",\"datePublished\":\"2024-09-30T16:28:28+00:00\",\"dateModified\":\"2024-11-08T05:18:23+00:00\",\"mainEntityOfPage\":{\"@id\":\"https:\\\/\\\/www.organisator.ch\\\/marketing\\\/2024-09-30\\\/studie-von-staempfli-beleuchtet-die-verbandskommunikation\\\/\"},\"wordCount\":351,\"publisher\":{\"@id\":\"https:\\\/\\\/www.organisator.ch\\\/#organization\"},\"image\":{\"@id\":\"https:\\\/\\\/www.organisator.ch\\\/marketing\\\/2024-09-30\\\/studie-von-staempfli-beleuchtet-die-verbandskommunikation\\\/#primaryimage\"},\"thumbnailUrl\":\"https:\\\/\\\/www.markt-kom.com\\\/wp-content\\\/uploads\\\/2024\\\/09\\\/staempfli-vmi-studie-verbaende-grafik-1.jpg\",\"keywords\":[\"MarKom\",\"St\u00e4mpfli Kommunikation\",\"Studie\",\"Verb\u00e4nde\"],\"articleSection\":[\"MARKETING\"],\"inLanguage\":\"en-US\"},{\"@type\":\"WebPage\",\"@id\":\"https:\\\/\\\/www.organisator.ch\\\/marketing\\\/2024-09-30\\\/studie-von-staempfli-beleuchtet-die-verbandskommunikation\\\/\",\"url\":\"https:\\\/\\\/www.organisator.ch\\\/marketing\\\/2024-09-30\\\/studie-von-staempfli-beleuchtet-die-verbandskommunikation\\\/\",\"name\":\"Studie von St\u00e4mpfli beleuchtet die Verbandskommunikation - Organisator\",\"isPartOf\":{\"@id\":\"https:\\\/\\\/www.organisator.ch\\\/#website\"},\"primaryImageOfPage\":{\"@id\":\"https:\\\/\\\/www.organisator.ch\\\/marketing\\\/2024-09-30\\\/studie-von-staempfli-beleuchtet-die-verbandskommunikation\\\/#primaryimage\"},\"image\":{\"@id\":\"https:\\\/\\\/www.organisator.ch\\\/marketing\\\/2024-09-30\\\/studie-von-staempfli-beleuchtet-die-verbandskommunikation\\\/#primaryimage\"},\"thumbnailUrl\":\"https:\\\/\\\/www.markt-kom.com\\\/wp-content\\\/uploads\\\/2024\\\/09\\\/staempfli-vmi-studie-verbaende-grafik-1.jpg\",\"datePublished\":\"2024-09-30T16:28:28+00:00\",\"dateModified\":\"2024-11-08T05:18:23+00:00\",\"description\":\"Neue Studie von St\u00e4mpfli und VMI zeigt digitale Trends und Herausforderungen der Schweizer Verb\u00e4nde auf.\",\"breadcrumb\":{\"@id\":\"https:\\\/\\\/www.organisator.ch\\\/marketing\\\/2024-09-30\\\/studie-von-staempfli-beleuchtet-die-verbandskommunikation\\\/#breadcrumb\"},\"inLanguage\":\"en-US\",\"potentialAction\":[{\"@type\":\"ReadAction\",\"target\":[\"https:\\\/\\\/www.organisator.ch\\\/marketing\\\/2024-09-30\\\/studie-von-staempfli-beleuchtet-die-verbandskommunikation\\\/\"]}]},{\"@type\":\"ImageObject\",\"inLanguage\":\"en-US\",\"@id\":\"https:\\\/\\\/www.organisator.ch\\\/marketing\\\/2024-09-30\\\/studie-von-staempfli-beleuchtet-die-verbandskommunikation\\\/#primaryimage\",\"url\":\"https:\\\/\\\/www.markt-kom.com\\\/wp-content\\\/uploads\\\/2024\\\/09\\\/staempfli-vmi-studie-verbaende-grafik-1.jpg\",\"contentUrl\":\"https:\\\/\\\/www.markt-kom.com\\\/wp-content\\\/uploads\\\/2024\\\/09\\\/staempfli-vmi-studie-verbaende-grafik-1.jpg\"},{\"@type\":\"BreadcrumbList\",\"@id\":\"https:\\\/\\\/www.organisator.ch\\\/marketing\\\/2024-09-30\\\/studie-von-staempfli-beleuchtet-die-verbandskommunikation\\\/#breadcrumb\",\"itemListElement\":[{\"@type\":\"ListItem\",\"position\":1,\"name\":\"Home\",\"item\":\"https:\\\/\\\/www.organisator.ch\\\/\"},{\"@type\":\"ListItem\",\"position\":2,\"name\":\"Studie von St\u00e4mpfli beleuchtet die Verbandskommunikation\"}]},{\"@type\":\"WebSite\",\"@id\":\"https:\\\/\\\/www.organisator.ch\\\/#website\",\"url\":\"https:\\\/\\\/www.organisator.ch\\\/\",\"name\":\"Organisator\",\"description\":\"Kompetent. Praxisnah. Der ORGANISATOR bereitet in 10 Ausgaben pro Jahr die wesentlichen Themen f\u00fcr F\u00fchrungskr\u00e4fte von KMU auf.\",\"publisher\":{\"@id\":\"https:\\\/\\\/www.organisator.ch\\\/#organization\"},\"potentialAction\":[{\"@type\":\"SearchAction\",\"target\":{\"@type\":\"EntryPoint\",\"urlTemplate\":\"https:\\\/\\\/www.organisator.ch\\\/?s={search_term_string}\"},\"query-input\":{\"@type\":\"PropertyValueSpecification\",\"valueRequired\":true,\"valueName\":\"search_term_string\"}}],\"inLanguage\":\"en-US\"},{\"@type\":\"Organization\",\"@id\":\"https:\\\/\\\/www.organisator.ch\\\/#organization\",\"name\":\"Organisator\",\"url\":\"https:\\\/\\\/www.organisator.ch\\\/\",\"logo\":{\"@type\":\"ImageObject\",\"inLanguage\":\"en-US\",\"@id\":\"https:\\\/\\\/www.organisator.ch\\\/#\\\/schema\\\/logo\\\/image\\\/\",\"url\":\"https:\\\/\\\/www.organisator.ch\\\/wp-content\\\/uploads\\\/2022\\\/01\\\/Logo_Organisator_Website.png\",\"contentUrl\":\"https:\\\/\\\/www.organisator.ch\\\/wp-content\\\/uploads\\\/2022\\\/01\\\/Logo_Organisator_Website.png\",\"width\":800,\"height\":77,\"caption\":\"Organisator\"},\"image\":{\"@id\":\"https:\\\/\\\/www.organisator.ch\\\/#\\\/schema\\\/logo\\\/image\\\/\"},\"sameAs\":[\"https:\\\/\\\/www.facebook.com\\\/OrganisatorFachmagazin\",\"https:\\\/\\\/www.linkedin.com\\\/showcase\\\/organisator-das-magazin-fr-kmu\",\"https:\\\/\\\/www.xing.com\\\/news\\\/pages\\\/organisator-ch-695\",\"https:\\\/\\\/www.youtube.com\\\/channel\\\/UCGP2Sq0iWaZwT3BdIAQFYpw\"]},{\"@type\":\"Person\",\"@id\":\"https:\\\/\\\/www.organisator.ch\\\/#\\\/schema\\\/person\\\/4e51799071cd2dd1232ac003643ef5f0\",\"name\":\"galledia\",\"image\":{\"@type\":\"ImageObject\",\"inLanguage\":\"en-US\",\"@id\":\"https:\\\/\\\/secure.gravatar.com\\\/avatar\\\/78a7f90c01fc2bfc875782a0d4922b37cde2cf184ce347b91316d23cd7f69a36?s=96&d=mm&r=g\",\"url\":\"https:\\\/\\\/secure.gravatar.com\\\/avatar\\\/78a7f90c01fc2bfc875782a0d4922b37cde2cf184ce347b91316d23cd7f69a36?s=96&d=mm&r=g\",\"contentUrl\":\"https:\\\/\\\/secure.gravatar.com\\\/avatar\\\/78a7f90c01fc2bfc875782a0d4922b37cde2cf184ce347b91316d23cd7f69a36?s=96&d=mm&r=g\",\"caption\":\"galledia\"},\"sameAs\":[\"https:\\\/\\\/x.com\\\/admin\"],\"url\":\"https:\\\/\\\/www.organisator.ch\\\/en\\\/author\\\/galledia\\\/\"}]}<\/script>\n<!-- \/ Yoast SEO plugin. -->","yoast_head_json":{"title":"Study by St\u00e4mpfli sheds light on association communication - Organizer","description":"New study by St\u00e4mpfli and VMI reveals digital trends and challenges facing Swiss associations.","robots":{"index":"index","follow":"follow","max-snippet":"max-snippet:-1","max-image-preview":"max-image-preview:large","max-video-preview":"max-video-preview:-1"},"canonical":"https:\/\/www.organisator.ch\/en\/marketing\/2024-09-30\/studie-von-staempfli-beleuchtet-die-verbandskommunikation\/","og_locale":"en_US","og_type":"article","og_title":"Studie von St\u00e4mpfli beleuchtet die Verbandskommunikation - Organisator","og_description":"Neue Studie von St\u00e4mpfli und VMI zeigt digitale Trends und Herausforderungen der Schweizer Verb\u00e4nde auf.","og_url":"https:\/\/www.organisator.ch\/en\/marketing\/2024-09-30\/studie-von-staempfli-beleuchtet-die-verbandskommunikation\/","og_site_name":"Organisator","article_publisher":"https:\/\/www.facebook.com\/OrganisatorFachmagazin","article_published_time":"2024-09-30T16:28:28+00:00","article_modified_time":"2024-11-08T05:18:23+00:00","og_image":[{"url":"https:\/\/www.markt-kom.com\/wp-content\/uploads\/2024\/09\/staempfli-vmi-studie-verbaende-grafik-1.jpg","type":"","width":"","height":""}],"author":"galledia","twitter_card":"summary_large_image","twitter_creator":"@admin","schema":{"@context":"https:\/\/schema.org","@graph":[{"@type":"Article","@id":"https:\/\/www.organisator.ch\/marketing\/2024-09-30\/studie-von-staempfli-beleuchtet-die-verbandskommunikation\/#article","isPartOf":{"@id":"https:\/\/www.organisator.ch\/marketing\/2024-09-30\/studie-von-staempfli-beleuchtet-die-verbandskommunikation\/"},"author":{"name":"galledia","@id":"https:\/\/www.organisator.ch\/#\/schema\/person\/4e51799071cd2dd1232ac003643ef5f0"},"headline":"Studie von St\u00e4mpfli beleuchtet die Verbandskommunikation","datePublished":"2024-09-30T16:28:28+00:00","dateModified":"2024-11-08T05:18:23+00:00","mainEntityOfPage":{"@id":"https:\/\/www.organisator.ch\/marketing\/2024-09-30\/studie-von-staempfli-beleuchtet-die-verbandskommunikation\/"},"wordCount":351,"publisher":{"@id":"https:\/\/www.organisator.ch\/#organization"},"image":{"@id":"https:\/\/www.organisator.ch\/marketing\/2024-09-30\/studie-von-staempfli-beleuchtet-die-verbandskommunikation\/#primaryimage"},"thumbnailUrl":"https:\/\/www.markt-kom.com\/wp-content\/uploads\/2024\/09\/staempfli-vmi-studie-verbaende-grafik-1.jpg","keywords":["MarKom","St\u00e4mpfli Kommunikation","Studie","Verb\u00e4nde"],"articleSection":["MARKETING"],"inLanguage":"en-US"},{"@type":"WebPage","@id":"https:\/\/www.organisator.ch\/marketing\/2024-09-30\/studie-von-staempfli-beleuchtet-die-verbandskommunikation\/","url":"https:\/\/www.organisator.ch\/marketing\/2024-09-30\/studie-von-staempfli-beleuchtet-die-verbandskommunikation\/","name":"Study by St\u00e4mpfli sheds light on association communication - Organizer","isPartOf":{"@id":"https:\/\/www.organisator.ch\/#website"},"primaryImageOfPage":{"@id":"https:\/\/www.organisator.ch\/marketing\/2024-09-30\/studie-von-staempfli-beleuchtet-die-verbandskommunikation\/#primaryimage"},"image":{"@id":"https:\/\/www.organisator.ch\/marketing\/2024-09-30\/studie-von-staempfli-beleuchtet-die-verbandskommunikation\/#primaryimage"},"thumbnailUrl":"https:\/\/www.markt-kom.com\/wp-content\/uploads\/2024\/09\/staempfli-vmi-studie-verbaende-grafik-1.jpg","datePublished":"2024-09-30T16:28:28+00:00","dateModified":"2024-11-08T05:18:23+00:00","description":"New study by St\u00e4mpfli and VMI reveals digital trends and challenges facing Swiss associations.","breadcrumb":{"@id":"https:\/\/www.organisator.ch\/marketing\/2024-09-30\/studie-von-staempfli-beleuchtet-die-verbandskommunikation\/#breadcrumb"},"inLanguage":"en-US","potentialAction":[{"@type":"ReadAction","target":["https:\/\/www.organisator.ch\/marketing\/2024-09-30\/studie-von-staempfli-beleuchtet-die-verbandskommunikation\/"]}]},{"@type":"ImageObject","inLanguage":"en-US","@id":"https:\/\/www.organisator.ch\/marketing\/2024-09-30\/studie-von-staempfli-beleuchtet-die-verbandskommunikation\/#primaryimage","url":"https:\/\/www.markt-kom.com\/wp-content\/uploads\/2024\/09\/staempfli-vmi-studie-verbaende-grafik-1.jpg","contentUrl":"https:\/\/www.markt-kom.com\/wp-content\/uploads\/2024\/09\/staempfli-vmi-studie-verbaende-grafik-1.jpg"},{"@type":"BreadcrumbList","@id":"https:\/\/www.organisator.ch\/marketing\/2024-09-30\/studie-von-staempfli-beleuchtet-die-verbandskommunikation\/#breadcrumb","itemListElement":[{"@type":"ListItem","position":1,"name":"Home","item":"https:\/\/www.organisator.ch\/"},{"@type":"ListItem","position":2,"name":"Studie von St\u00e4mpfli beleuchtet die Verbandskommunikation"}]},{"@type":"WebSite","@id":"https:\/\/www.organisator.ch\/#website","url":"https:\/\/www.organisator.ch\/","name":"Organizer","description":"Competent. Practical. In 10 issues per year, ORGANISATOR presents the essential topics for managers of SMEs.","publisher":{"@id":"https:\/\/www.organisator.ch\/#organization"},"potentialAction":[{"@type":"SearchAction","target":{"@type":"EntryPoint","urlTemplate":"https:\/\/www.organisator.ch\/?s={search_term_string}"},"query-input":{"@type":"PropertyValueSpecification","valueRequired":true,"valueName":"search_term_string"}}],"inLanguage":"en-US"},{"@type":"Organization","@id":"https:\/\/www.organisator.ch\/#organization","name":"Organizer","url":"https:\/\/www.organisator.ch\/","logo":{"@type":"ImageObject","inLanguage":"en-US","@id":"https:\/\/www.organisator.ch\/#\/schema\/logo\/image\/","url":"https:\/\/www.organisator.ch\/wp-content\/uploads\/2022\/01\/Logo_Organisator_Website.png","contentUrl":"https:\/\/www.organisator.ch\/wp-content\/uploads\/2022\/01\/Logo_Organisator_Website.png","width":800,"height":77,"caption":"Organisator"},"image":{"@id":"https:\/\/www.organisator.ch\/#\/schema\/logo\/image\/"},"sameAs":["https:\/\/www.facebook.com\/OrganisatorFachmagazin","https:\/\/www.linkedin.com\/showcase\/organisator-das-magazin-fr-kmu","https:\/\/www.xing.com\/news\/pages\/organisator-ch-695","https:\/\/www.youtube.com\/channel\/UCGP2Sq0iWaZwT3BdIAQFYpw"]},{"@type":"Person","@id":"https:\/\/www.organisator.ch\/#\/schema\/person\/4e51799071cd2dd1232ac003643ef5f0","name":"galledia","image":{"@type":"ImageObject","inLanguage":"en-US","@id":"https:\/\/secure.gravatar.com\/avatar\/78a7f90c01fc2bfc875782a0d4922b37cde2cf184ce347b91316d23cd7f69a36?s=96&d=mm&r=g","url":"https:\/\/secure.gravatar.com\/avatar\/78a7f90c01fc2bfc875782a0d4922b37cde2cf184ce347b91316d23cd7f69a36?s=96&d=mm&r=g","contentUrl":"https:\/\/secure.gravatar.com\/avatar\/78a7f90c01fc2bfc875782a0d4922b37cde2cf184ce347b91316d23cd7f69a36?s=96&d=mm&r=g","caption":"galledia"},"sameAs":["https:\/\/x.com\/admin"],"url":"https:\/\/www.organisator.ch\/en\/author\/galledia\/"}]}},"_links":{"self":[{"href":"https:\/\/www.organisator.ch\/en\/wp-json\/wp\/v2\/posts\/30270","targetHints":{"allow":["GET"]}}],"collection":[{"href":"https:\/\/www.organisator.ch\/en\/wp-json\/wp\/v2\/posts"}],"about":[{"href":"https:\/\/www.organisator.ch\/en\/wp-json\/wp\/v2\/types\/post"}],"author":[{"embeddable":true,"href":"https:\/\/www.organisator.ch\/en\/wp-json\/wp\/v2\/users\/8"}],"replies":[{"embeddable":true,"href":"https:\/\/www.organisator.ch\/en\/wp-json\/wp\/v2\/comments?post=30270"}],"version-history":[{"count":5,"href":"https:\/\/www.organisator.ch\/en\/wp-json\/wp\/v2\/posts\/30270\/revisions"}],"predecessor-version":[{"id":31849,"href":"https:\/\/www.organisator.ch\/en\/wp-json\/wp\/v2\/posts\/30270\/revisions\/31849"}],"wp:attachment":[{"href":"https:\/\/www.organisator.ch\/en\/wp-json\/wp\/v2\/media?parent=30270"}],"wp:term":[{"taxonomy":"category","embeddable":true,"href":"https:\/\/www.organisator.ch\/en\/wp-json\/wp\/v2\/categories?post=30270"},{"taxonomy":"post_tag","embeddable":true,"href":"https:\/\/www.organisator.ch\/en\/wp-json\/wp\/v2\/tags?post=30270"}],"curies":[{"name":"wp","href":"https:\/\/api.w.org\/{rel}","templated":true}]}}