{"id":30308,"date":"2024-10-01T13:18:34","date_gmt":"2024-10-01T11:18:34","guid":{"rendered":"https:\/\/www.m-q.ch\/?p=20497"},"modified":"2024-11-08T06:06:00","modified_gmt":"2024-11-08T05:06:00","slug":"mpdv-anlass-zum-welttag-der-smart-factory","status":"publish","type":"post","link":"https:\/\/www.organisator.ch\/en\/operational-excellence\/2024-10-01\/mpdv-anlass-zum-welttag-der-smart-factory\/","title":{"rendered":"MPDV event for World Smart Factory Day"},"content":{"rendered":"<figure id=\"attachment_20498\" class=\"wp-caption alignnone\" style=\"width: 680px\" aria-describedby=\"caption-attachment-20498\"><img class=\"alignnone wp-image-20498 size-full\" src=\"https:\/\/www.m-q.ch\/wp-content\/uploads\/2024\/10\/MPDV_Bild1_ps.jpg\" alt=\"Digitization\" width=\"680\" height=\"428\" \/>\r\n<figcaption id=\"caption-attachment-20498\" class=\"wp-caption-text\">From left to right: Nathalie Kletti, Managing Director MPDV Mikrolab GmbH, Prof. Dr. Max M\u00fchlh\u00e4user, DHBW Mosbach, Dr. Andreas Hildenbrand, IHK Rhein-Neckar, Nina Warken, Member of the Bundestag, J\u00fcrgen Rieger, Managing Director PPG, Alexandra Gorsche, moderator, Josef Stumpf, Federal Economic Senate of the Baden-W\u00fcrttemberg region, and Prof. Dr.-Ing. (Image: www.mpdv.com)<\/figcaption>\r\n<\/figure>\r\n<p>\u00a0\"Technology alone is not enough - we must be prepared to accept and use it,\" emphasized Nina Warken, Member of the Bundestag and Parliamentary Secretary of the CDU\/CSU parliamentary group, in her opening statement at the panel discussion. \"The innovative strength of SMEs will be decisive in overcoming competitive pressure,\" added Josef Stumpf, Director of the Federal Economic Senate for the Baden-W\u00fcrttemberg region. J\u00fcrgen Rieger, Managing Director of Perfect Production GmbH, a company of the MPDV Group, referred to the enormous advantages of networked data in companies and the increasing importance of professions such as data analysts who integrate artificial intelligence and automation into operational practice. Dr Andreas Hildenbrand, Managing Director of the Rhine-Neckar Chamber of Industry and Commerce, also highlighted the potential of digitalization to reduce bureaucracy and make processes more efficient.<\/p>\r\n<h3><strong>Diverse perspectives in a high-caliber panel discussion <\/strong><\/h3>\r\n<p>Under the motto \"Digitalization concerns everyone\", the well-attended event in the DHBW's Audimax offered an examination of the future of digitalization. The focus was on the question of how Germany is positioned internationally in Industry 4.0 and what skills are required for a successful transformation. Participants included entrepreneurs, students, alumni and teaching staff, who engaged in an intensive exchange about the Internet of Things (IoT) and the transformation of industry. The panel included the aforementioned representatives from various areas of society as well as Prof. Dr. Max M\u00fchlh\u00e4user, Dean of the Faculty of Engineering at DHBW Mosbach. The panel discussion was moderated by Alexandra Gorsche, who ensured a lively debate by asking specific questions.<\/p>\r\n<figure id=\"attachment_20499\" class=\"wp-caption alignnone\" style=\"width: 680px\" aria-describedby=\"caption-attachment-20499\"><img class=\"size-full wp-image-20499\" src=\"https:\/\/www.m-q.ch\/wp-content\/uploads\/2024\/10\/MPDV_Bild2_ps.jpg\" alt=\"\" width=\"680\" height=\"453\" \/>\r\n<figcaption id=\"caption-attachment-20499\" class=\"wp-caption-text\">The panel discussion highlighted various aspects of digitalization from the experts' perspective. (Image: www.mpdv.com)<\/figcaption>\r\n<\/figure>\r\n<p>Prof. Dr. Gabi Jeck-Schlottmann, Rector of the DHBW Mosbach, opened the event with an inspiring speech about the importance of practical education for Industry 4.0. She thanked MPDV, a long-standing partner company that had already made the \"Living Lab\" at the DHBW possible in 2015 - a model factory equipped with modern IoT technologies that was named one of \"100 Places for Industry 4.0\".<\/p>\r\n<h3><strong>MPDV and the World Smart Factory Day <\/strong><\/h3>\r\n<p>Launched by MPDV in 2021, the day of action, which is held annually on 15 September, aims to inform as many people as possible about the importance and possibilities of digitalization and the Smart Factory in particular.<\/p>\r\n<p>Nathalie Kletti, Managing Director of MPDV Mikrolab GmbH, emphasized the company's social responsibility: \"Our goal is to inspire not only companies, but above all the next generation for the opportunities of the smart factory. Digitalization and sustainability go hand in hand and offer a unique opportunity to make our future worth living.\"<\/p>\r\n<p><em>Source and further information: <a href=\"http:\/\/www.mpdv.com\/\">www.mpdv.com<\/a><\/em><\/p>\n<p class=\"syndicated-attribution\">This article originally appeared on m-q.ch - <a href=\"https:\/\/www.m-q.ch\/de\/mpdv-anlass-zum-welttag-der-smart-factory\/\" target=\"_blank\">https:\/\/www.m-q.ch\/de\/mpdv-anlass-zum-welttag-der-smart-factory\/<\/a><\/p>","protected":false},"excerpt":{"rendered":"<p>The experts were unanimous - digital transformation is needed now. This was also evident at the panel discussion \"Digitalization concerns everyone\", which MPDV hosted at the Baden-Wuerttemberg Cooperative State University (DHBW) Mosbach to mark World Smart Factory Day in September.<\/p>","protected":false},"author":58,"featured_media":0,"comment_status":"closed","ping_status":"closed","sticky":false,"template":"","format":"standard","meta":{"_acf_changed":false,"_yoast_wpseo_focuskw":"Digitalisierung","_yoast_wpseo_metadesc":"Diskussion zur Digitalisierung und Industrie 4.0 im Audimax der DHBW mit hochkar\u00e4tigen Experten und praxisnaher Bildung.","articlekey":"","footnotes":""},"categories":[582],"tags":[712,156,605,2700],"class_list":["post-30308","post","type-post","status-publish","format-standard","hentry","category-operational-excellence","tag-anlass","tag-digitalisierung","tag-qualitaetsmanagement","tag-transformation"],"acf":[],"yoast_head":"<!-- This site is optimized with the Yoast SEO plugin v27.5 - https:\/\/yoast.com\/product\/yoast-seo-wordpress\/ -->\n<title>MPDV Anlass zum Welttag der Smart Factory - Organisator<\/title>\n<meta name=\"description\" content=\"Diskussion zur Digitalisierung und Industrie 4.0 im Audimax der DHBW mit hochkar\u00e4tigen Experten und praxisnaher Bildung.\" \/>\n<meta name=\"robots\" content=\"index, follow, max-snippet:-1, max-image-preview:large, max-video-preview:-1\" \/>\n<link rel=\"canonical\" href=\"https:\/\/www.organisator.ch\/en\/operational-excellence\/2024-10-01\/mpdv-anlass-zum-welttag-der-smart-factory\/\" \/>\n<meta property=\"og:locale\" content=\"en_US\" \/>\n<meta property=\"og:type\" content=\"article\" \/>\n<meta property=\"og:title\" content=\"MPDV Anlass zum Welttag der Smart Factory - Organisator\" \/>\n<meta property=\"og:description\" content=\"Diskussion zur Digitalisierung und Industrie 4.0 im Audimax der DHBW mit hochkar\u00e4tigen Experten und praxisnaher Bildung.\" \/>\n<meta property=\"og:url\" content=\"https:\/\/www.organisator.ch\/en\/operational-excellence\/2024-10-01\/mpdv-anlass-zum-welttag-der-smart-factory\/\" \/>\n<meta property=\"og:site_name\" content=\"Organisator\" \/>\n<meta property=\"article:publisher\" content=\"https:\/\/www.facebook.com\/OrganisatorFachmagazin\" \/>\n<meta property=\"article:published_time\" content=\"2024-10-01T11:18:34+00:00\" \/>\n<meta property=\"article:modified_time\" content=\"2024-11-08T05:06:00+00:00\" \/>\n<meta property=\"og:image\" content=\"https:\/\/www.m-q.ch\/wp-content\/uploads\/2024\/10\/MPDV_Bild1_ps.jpg\" \/>\n<meta name=\"author\" content=\"Adelisa Kalajdzini\" \/>\n<meta name=\"twitter:card\" content=\"summary_large_image\" \/>\n<script type=\"application\/ld+json\" class=\"yoast-schema-graph\">{\"@context\":\"https:\\\/\\\/schema.org\",\"@graph\":[{\"@type\":\"Article\",\"@id\":\"https:\\\/\\\/www.organisator.ch\\\/operational-excellence\\\/2024-10-01\\\/mpdv-anlass-zum-welttag-der-smart-factory\\\/#article\",\"isPartOf\":{\"@id\":\"https:\\\/\\\/www.organisator.ch\\\/operational-excellence\\\/2024-10-01\\\/mpdv-anlass-zum-welttag-der-smart-factory\\\/\"},\"author\":{\"name\":\"Adelisa Kalajdzini\",\"@id\":\"https:\\\/\\\/www.organisator.ch\\\/#\\\/schema\\\/person\\\/2e1314a2172123f874db408d8911d3f3\"},\"headline\":\"MPDV Anlass zum Welttag der Smart Factory\",\"datePublished\":\"2024-10-01T11:18:34+00:00\",\"dateModified\":\"2024-11-08T05:06:00+00:00\",\"mainEntityOfPage\":{\"@id\":\"https:\\\/\\\/www.organisator.ch\\\/operational-excellence\\\/2024-10-01\\\/mpdv-anlass-zum-welttag-der-smart-factory\\\/\"},\"wordCount\":502,\"publisher\":{\"@id\":\"https:\\\/\\\/www.organisator.ch\\\/#organization\"},\"image\":{\"@id\":\"https:\\\/\\\/www.organisator.ch\\\/operational-excellence\\\/2024-10-01\\\/mpdv-anlass-zum-welttag-der-smart-factory\\\/#primaryimage\"},\"thumbnailUrl\":\"https:\\\/\\\/www.m-q.ch\\\/wp-content\\\/uploads\\\/2024\\\/10\\\/MPDV_Bild1_ps.jpg\",\"keywords\":[\"Anlass\",\"Digitalisierung\",\"Qualit\u00e4tsmanagement\",\"Transformation\"],\"articleSection\":[\"OPERATIONAL EXCELLENCE\"],\"inLanguage\":\"en-US\"},{\"@type\":\"WebPage\",\"@id\":\"https:\\\/\\\/www.organisator.ch\\\/operational-excellence\\\/2024-10-01\\\/mpdv-anlass-zum-welttag-der-smart-factory\\\/\",\"url\":\"https:\\\/\\\/www.organisator.ch\\\/operational-excellence\\\/2024-10-01\\\/mpdv-anlass-zum-welttag-der-smart-factory\\\/\",\"name\":\"MPDV Anlass zum Welttag der Smart Factory - Organisator\",\"isPartOf\":{\"@id\":\"https:\\\/\\\/www.organisator.ch\\\/#website\"},\"primaryImageOfPage\":{\"@id\":\"https:\\\/\\\/www.organisator.ch\\\/operational-excellence\\\/2024-10-01\\\/mpdv-anlass-zum-welttag-der-smart-factory\\\/#primaryimage\"},\"image\":{\"@id\":\"https:\\\/\\\/www.organisator.ch\\\/operational-excellence\\\/2024-10-01\\\/mpdv-anlass-zum-welttag-der-smart-factory\\\/#primaryimage\"},\"thumbnailUrl\":\"https:\\\/\\\/www.m-q.ch\\\/wp-content\\\/uploads\\\/2024\\\/10\\\/MPDV_Bild1_ps.jpg\",\"datePublished\":\"2024-10-01T11:18:34+00:00\",\"dateModified\":\"2024-11-08T05:06:00+00:00\",\"description\":\"Diskussion zur Digitalisierung und Industrie 4.0 im Audimax der DHBW mit hochkar\u00e4tigen Experten und praxisnaher Bildung.\",\"breadcrumb\":{\"@id\":\"https:\\\/\\\/www.organisator.ch\\\/operational-excellence\\\/2024-10-01\\\/mpdv-anlass-zum-welttag-der-smart-factory\\\/#breadcrumb\"},\"inLanguage\":\"en-US\",\"potentialAction\":[{\"@type\":\"ReadAction\",\"target\":[\"https:\\\/\\\/www.organisator.ch\\\/operational-excellence\\\/2024-10-01\\\/mpdv-anlass-zum-welttag-der-smart-factory\\\/\"]}]},{\"@type\":\"ImageObject\",\"inLanguage\":\"en-US\",\"@id\":\"https:\\\/\\\/www.organisator.ch\\\/operational-excellence\\\/2024-10-01\\\/mpdv-anlass-zum-welttag-der-smart-factory\\\/#primaryimage\",\"url\":\"https:\\\/\\\/www.m-q.ch\\\/wp-content\\\/uploads\\\/2024\\\/10\\\/MPDV_Bild1_ps.jpg\",\"contentUrl\":\"https:\\\/\\\/www.m-q.ch\\\/wp-content\\\/uploads\\\/2024\\\/10\\\/MPDV_Bild1_ps.jpg\"},{\"@type\":\"BreadcrumbList\",\"@id\":\"https:\\\/\\\/www.organisator.ch\\\/operational-excellence\\\/2024-10-01\\\/mpdv-anlass-zum-welttag-der-smart-factory\\\/#breadcrumb\",\"itemListElement\":[{\"@type\":\"ListItem\",\"position\":1,\"name\":\"Home\",\"item\":\"https:\\\/\\\/www.organisator.ch\\\/\"},{\"@type\":\"ListItem\",\"position\":2,\"name\":\"MPDV Anlass zum Welttag der Smart Factory\"}]},{\"@type\":\"WebSite\",\"@id\":\"https:\\\/\\\/www.organisator.ch\\\/#website\",\"url\":\"https:\\\/\\\/www.organisator.ch\\\/\",\"name\":\"Organisator\",\"description\":\"Kompetent. Praxisnah. Der ORGANISATOR bereitet in 10 Ausgaben pro Jahr die wesentlichen Themen f\u00fcr F\u00fchrungskr\u00e4fte von KMU auf.\",\"publisher\":{\"@id\":\"https:\\\/\\\/www.organisator.ch\\\/#organization\"},\"potentialAction\":[{\"@type\":\"SearchAction\",\"target\":{\"@type\":\"EntryPoint\",\"urlTemplate\":\"https:\\\/\\\/www.organisator.ch\\\/?s={search_term_string}\"},\"query-input\":{\"@type\":\"PropertyValueSpecification\",\"valueRequired\":true,\"valueName\":\"search_term_string\"}}],\"inLanguage\":\"en-US\"},{\"@type\":\"Organization\",\"@id\":\"https:\\\/\\\/www.organisator.ch\\\/#organization\",\"name\":\"Organisator\",\"url\":\"https:\\\/\\\/www.organisator.ch\\\/\",\"logo\":{\"@type\":\"ImageObject\",\"inLanguage\":\"en-US\",\"@id\":\"https:\\\/\\\/www.organisator.ch\\\/#\\\/schema\\\/logo\\\/image\\\/\",\"url\":\"https:\\\/\\\/www.organisator.ch\\\/wp-content\\\/uploads\\\/2022\\\/01\\\/Logo_Organisator_Website.png\",\"contentUrl\":\"https:\\\/\\\/www.organisator.ch\\\/wp-content\\\/uploads\\\/2022\\\/01\\\/Logo_Organisator_Website.png\",\"width\":800,\"height\":77,\"caption\":\"Organisator\"},\"image\":{\"@id\":\"https:\\\/\\\/www.organisator.ch\\\/#\\\/schema\\\/logo\\\/image\\\/\"},\"sameAs\":[\"https:\\\/\\\/www.facebook.com\\\/OrganisatorFachmagazin\",\"https:\\\/\\\/www.linkedin.com\\\/showcase\\\/organisator-das-magazin-fr-kmu\",\"https:\\\/\\\/www.xing.com\\\/news\\\/pages\\\/organisator-ch-695\",\"https:\\\/\\\/www.youtube.com\\\/channel\\\/UCGP2Sq0iWaZwT3BdIAQFYpw\"]},{\"@type\":\"Person\",\"@id\":\"https:\\\/\\\/www.organisator.ch\\\/#\\\/schema\\\/person\\\/2e1314a2172123f874db408d8911d3f3\",\"name\":\"Adelisa Kalajdzini\",\"image\":{\"@type\":\"ImageObject\",\"inLanguage\":\"en-US\",\"@id\":\"https:\\\/\\\/secure.gravatar.com\\\/avatar\\\/09a397c22ac58cad6f160ee8306348599df9df58a8ede73696226897b9fa4b24?s=96&d=mm&r=g\",\"url\":\"https:\\\/\\\/secure.gravatar.com\\\/avatar\\\/09a397c22ac58cad6f160ee8306348599df9df58a8ede73696226897b9fa4b24?s=96&d=mm&r=g\",\"contentUrl\":\"https:\\\/\\\/secure.gravatar.com\\\/avatar\\\/09a397c22ac58cad6f160ee8306348599df9df58a8ede73696226897b9fa4b24?s=96&d=mm&r=g\",\"caption\":\"Adelisa Kalajdzini\"},\"url\":\"https:\\\/\\\/www.organisator.ch\\\/en\\\/author\\\/adelisa-kalajdzini\\\/\"}]}<\/script>\n<!-- \/ Yoast SEO plugin. -->","yoast_head_json":{"title":"MPDV event for the World Smart Factory Day - Organizer","description":"Discussion on digitalization and Industry 4.0 in the DHBW Audimax with top-class experts and practical education.","robots":{"index":"index","follow":"follow","max-snippet":"max-snippet:-1","max-image-preview":"max-image-preview:large","max-video-preview":"max-video-preview:-1"},"canonical":"https:\/\/www.organisator.ch\/en\/operational-excellence\/2024-10-01\/mpdv-anlass-zum-welttag-der-smart-factory\/","og_locale":"en_US","og_type":"article","og_title":"MPDV Anlass zum Welttag der Smart Factory - Organisator","og_description":"Diskussion zur Digitalisierung und Industrie 4.0 im Audimax der DHBW mit hochkar\u00e4tigen Experten und praxisnaher Bildung.","og_url":"https:\/\/www.organisator.ch\/en\/operational-excellence\/2024-10-01\/mpdv-anlass-zum-welttag-der-smart-factory\/","og_site_name":"Organisator","article_publisher":"https:\/\/www.facebook.com\/OrganisatorFachmagazin","article_published_time":"2024-10-01T11:18:34+00:00","article_modified_time":"2024-11-08T05:06:00+00:00","og_image":[{"url":"https:\/\/www.m-q.ch\/wp-content\/uploads\/2024\/10\/MPDV_Bild1_ps.jpg","type":"","width":"","height":""}],"author":"Adelisa Kalajdzini","twitter_card":"summary_large_image","schema":{"@context":"https:\/\/schema.org","@graph":[{"@type":"Article","@id":"https:\/\/www.organisator.ch\/operational-excellence\/2024-10-01\/mpdv-anlass-zum-welttag-der-smart-factory\/#article","isPartOf":{"@id":"https:\/\/www.organisator.ch\/operational-excellence\/2024-10-01\/mpdv-anlass-zum-welttag-der-smart-factory\/"},"author":{"name":"Adelisa Kalajdzini","@id":"https:\/\/www.organisator.ch\/#\/schema\/person\/2e1314a2172123f874db408d8911d3f3"},"headline":"MPDV Anlass zum Welttag der Smart Factory","datePublished":"2024-10-01T11:18:34+00:00","dateModified":"2024-11-08T05:06:00+00:00","mainEntityOfPage":{"@id":"https:\/\/www.organisator.ch\/operational-excellence\/2024-10-01\/mpdv-anlass-zum-welttag-der-smart-factory\/"},"wordCount":502,"publisher":{"@id":"https:\/\/www.organisator.ch\/#organization"},"image":{"@id":"https:\/\/www.organisator.ch\/operational-excellence\/2024-10-01\/mpdv-anlass-zum-welttag-der-smart-factory\/#primaryimage"},"thumbnailUrl":"https:\/\/www.m-q.ch\/wp-content\/uploads\/2024\/10\/MPDV_Bild1_ps.jpg","keywords":["Anlass","Digitalisierung","Qualit\u00e4tsmanagement","Transformation"],"articleSection":["OPERATIONAL EXCELLENCE"],"inLanguage":"en-US"},{"@type":"WebPage","@id":"https:\/\/www.organisator.ch\/operational-excellence\/2024-10-01\/mpdv-anlass-zum-welttag-der-smart-factory\/","url":"https:\/\/www.organisator.ch\/operational-excellence\/2024-10-01\/mpdv-anlass-zum-welttag-der-smart-factory\/","name":"MPDV event for the World Smart Factory Day - Organizer","isPartOf":{"@id":"https:\/\/www.organisator.ch\/#website"},"primaryImageOfPage":{"@id":"https:\/\/www.organisator.ch\/operational-excellence\/2024-10-01\/mpdv-anlass-zum-welttag-der-smart-factory\/#primaryimage"},"image":{"@id":"https:\/\/www.organisator.ch\/operational-excellence\/2024-10-01\/mpdv-anlass-zum-welttag-der-smart-factory\/#primaryimage"},"thumbnailUrl":"https:\/\/www.m-q.ch\/wp-content\/uploads\/2024\/10\/MPDV_Bild1_ps.jpg","datePublished":"2024-10-01T11:18:34+00:00","dateModified":"2024-11-08T05:06:00+00:00","description":"Discussion on digitalization and Industry 4.0 in the DHBW Audimax with top-class experts and practical education.","breadcrumb":{"@id":"https:\/\/www.organisator.ch\/operational-excellence\/2024-10-01\/mpdv-anlass-zum-welttag-der-smart-factory\/#breadcrumb"},"inLanguage":"en-US","potentialAction":[{"@type":"ReadAction","target":["https:\/\/www.organisator.ch\/operational-excellence\/2024-10-01\/mpdv-anlass-zum-welttag-der-smart-factory\/"]}]},{"@type":"ImageObject","inLanguage":"en-US","@id":"https:\/\/www.organisator.ch\/operational-excellence\/2024-10-01\/mpdv-anlass-zum-welttag-der-smart-factory\/#primaryimage","url":"https:\/\/www.m-q.ch\/wp-content\/uploads\/2024\/10\/MPDV_Bild1_ps.jpg","contentUrl":"https:\/\/www.m-q.ch\/wp-content\/uploads\/2024\/10\/MPDV_Bild1_ps.jpg"},{"@type":"BreadcrumbList","@id":"https:\/\/www.organisator.ch\/operational-excellence\/2024-10-01\/mpdv-anlass-zum-welttag-der-smart-factory\/#breadcrumb","itemListElement":[{"@type":"ListItem","position":1,"name":"Home","item":"https:\/\/www.organisator.ch\/"},{"@type":"ListItem","position":2,"name":"MPDV Anlass zum Welttag der Smart Factory"}]},{"@type":"WebSite","@id":"https:\/\/www.organisator.ch\/#website","url":"https:\/\/www.organisator.ch\/","name":"Organizer","description":"Competent. Practical. In 10 issues per year, ORGANISATOR presents the essential topics for managers of SMEs.","publisher":{"@id":"https:\/\/www.organisator.ch\/#organization"},"potentialAction":[{"@type":"SearchAction","target":{"@type":"EntryPoint","urlTemplate":"https:\/\/www.organisator.ch\/?s={search_term_string}"},"query-input":{"@type":"PropertyValueSpecification","valueRequired":true,"valueName":"search_term_string"}}],"inLanguage":"en-US"},{"@type":"Organization","@id":"https:\/\/www.organisator.ch\/#organization","name":"Organizer","url":"https:\/\/www.organisator.ch\/","logo":{"@type":"ImageObject","inLanguage":"en-US","@id":"https:\/\/www.organisator.ch\/#\/schema\/logo\/image\/","url":"https:\/\/www.organisator.ch\/wp-content\/uploads\/2022\/01\/Logo_Organisator_Website.png","contentUrl":"https:\/\/www.organisator.ch\/wp-content\/uploads\/2022\/01\/Logo_Organisator_Website.png","width":800,"height":77,"caption":"Organisator"},"image":{"@id":"https:\/\/www.organisator.ch\/#\/schema\/logo\/image\/"},"sameAs":["https:\/\/www.facebook.com\/OrganisatorFachmagazin","https:\/\/www.linkedin.com\/showcase\/organisator-das-magazin-fr-kmu","https:\/\/www.xing.com\/news\/pages\/organisator-ch-695","https:\/\/www.youtube.com\/channel\/UCGP2Sq0iWaZwT3BdIAQFYpw"]},{"@type":"Person","@id":"https:\/\/www.organisator.ch\/#\/schema\/person\/2e1314a2172123f874db408d8911d3f3","name":"Adelisa Kalajdzini","image":{"@type":"ImageObject","inLanguage":"en-US","@id":"https:\/\/secure.gravatar.com\/avatar\/09a397c22ac58cad6f160ee8306348599df9df58a8ede73696226897b9fa4b24?s=96&d=mm&r=g","url":"https:\/\/secure.gravatar.com\/avatar\/09a397c22ac58cad6f160ee8306348599df9df58a8ede73696226897b9fa4b24?s=96&d=mm&r=g","contentUrl":"https:\/\/secure.gravatar.com\/avatar\/09a397c22ac58cad6f160ee8306348599df9df58a8ede73696226897b9fa4b24?s=96&d=mm&r=g","caption":"Adelisa Kalajdzini"},"url":"https:\/\/www.organisator.ch\/en\/author\/adelisa-kalajdzini\/"}]}},"_links":{"self":[{"href":"https:\/\/www.organisator.ch\/en\/wp-json\/wp\/v2\/posts\/30308","targetHints":{"allow":["GET"]}}],"collection":[{"href":"https:\/\/www.organisator.ch\/en\/wp-json\/wp\/v2\/posts"}],"about":[{"href":"https:\/\/www.organisator.ch\/en\/wp-json\/wp\/v2\/types\/post"}],"author":[{"embeddable":true,"href":"https:\/\/www.organisator.ch\/en\/wp-json\/wp\/v2\/users\/58"}],"replies":[{"embeddable":true,"href":"https:\/\/www.organisator.ch\/en\/wp-json\/wp\/v2\/comments?post=30308"}],"version-history":[{"count":12,"href":"https:\/\/www.organisator.ch\/en\/wp-json\/wp\/v2\/posts\/30308\/revisions"}],"predecessor-version":[{"id":31844,"href":"https:\/\/www.organisator.ch\/en\/wp-json\/wp\/v2\/posts\/30308\/revisions\/31844"}],"wp:attachment":[{"href":"https:\/\/www.organisator.ch\/en\/wp-json\/wp\/v2\/media?parent=30308"}],"wp:term":[{"taxonomy":"category","embeddable":true,"href":"https:\/\/www.organisator.ch\/en\/wp-json\/wp\/v2\/categories?post=30308"},{"taxonomy":"post_tag","embeddable":true,"href":"https:\/\/www.organisator.ch\/en\/wp-json\/wp\/v2\/tags?post=30308"}],"curies":[{"name":"wp","href":"https:\/\/api.w.org\/{rel}","templated":true}]}}