{"id":3032,"date":"2018-01-22T07:59:23","date_gmt":"2018-01-22T06:59:23","guid":{"rendered":"https:\/\/www.organisator.ch\/?p=3032"},"modified":"2018-01-22T07:59:23","modified_gmt":"2018-01-22T06:59:23","slug":"neuer-cfo-fuer-sap-schweiz","status":"publish","type":"post","link":"https:\/\/www.organisator.ch\/en\/management\/it\/2018-01-22\/neuer-cfo-fuer-sap-schweiz\/","title":{"rendered":"New CFO for SAP Switzerland"},"content":{"rendered":"<figure id=\"attachment_3033\" aria-describedby=\"caption-attachment-3033\" style=\"width: 427px\" class=\"wp-caption alignnone\"><img loading=\"lazy\" decoding=\"async\" class=\"size-full wp-image-3033\" src=\"https:\/\/www.organisator.ch\/wp-content\/uploads\/2018\/01\/Neuer-CFO-fuer-SAP-Schweiz_Organisator.jpg\" alt=\"\" width=\"427\" height=\"380\" srcset=\"https:\/\/www.organisator.ch\/wp-content\/uploads\/2018\/01\/Neuer-CFO-fuer-SAP-Schweiz_Organisator.jpg 427w, https:\/\/www.organisator.ch\/wp-content\/uploads\/2018\/01\/Neuer-CFO-fuer-SAP-Schweiz_Organisator-13x12.jpg 13w, https:\/\/www.organisator.ch\/wp-content\/uploads\/2018\/01\/Neuer-CFO-fuer-SAP-Schweiz_Organisator-197x175.jpg 197w, https:\/\/www.organisator.ch\/wp-content\/uploads\/2018\/01\/Neuer-CFO-fuer-SAP-Schweiz_Organisator-393x350.jpg 393w, https:\/\/www.organisator.ch\/wp-content\/uploads\/2018\/01\/Neuer-CFO-fuer-SAP-Schweiz_Organisator-300x267.jpg 300w\" sizes=\"auto, (max-width: 427px) 100vw, 427px\" \/><figcaption id=\"caption-attachment-3033\" class=\"wp-caption-text\">Thomas Schreitm\u00fcller is the new CFO of SAP Switzerland. (Image: SAP Media Service)<\/figcaption><\/figure>\n<p>Thomas Schreitm\u00fcller joins the Executive Board of SAP Switzerland as the new CFO. He has a wealth of experience in financial management and controlling. After graduating with a degree in business mathematics from the Karlsruhe Institute of Technology (KIT), he gained valuable professional experience in management consulting. In 2008, he joined SAP, where he held various global technical and management positions in the finance and controlling organization at SAP headquarters in Germany. When he moved to SAP Switzerland in 2013, he initially assumed responsibility for the controlling organization before being assigned the additional duties of commercial director two years later. Under his leadership, SAP Switzerland was able to record a large number of successful business quarters and further develop the commercial organization in a targeted manner in the digital transformation.<\/p>\n<p>&nbsp;<\/p>\n<p>In his various expert and management positions, Thomas Schreitm\u00fcller has built up extensive knowledge in a wide range of topics and has continuously developed his skills. In addition to operational and strategic finance topics, accounting, risk management and compliance, he is passionate about pursuing digital innovation in the management of companies. \"I am very much looking forward to my new role in the Executive Board at SAP Switzerland. I am particularly keen to exemplify the central role of finance in the digital transformation and the development into a \"best-run business\" and to make it visible to our customers,\" says Thomas Schreitm\u00fcller, describing his motivation and goals.<\/p>\n<p>Thomas Schreitm\u00fcller (39) lives near Zurich, is married and has two sons. He enjoys spending his free time with his family. When traveling, he is interested in discovering foreign countries and cultures. He also enjoys active sports and is a passionate spectator of many sports.<\/p>","protected":false},"excerpt":{"rendered":"<p>Thomas Schreitm\u00fcller nimmt als neuer CFO Einsitz in die Gesch\u00e4ftsleitung von SAP Schweiz. Er\u00a0verf\u00fcgt \u00fcber einen reichen Erfahrungsschatz im Finanzmanagement und im Controlling. Nach seinem Diplomabschluss in Wirtschaftsmathematik am Karlsruher Institut f\u00fcr Technologie (KIT) sammelte er wertvolle berufliche Erfahrungen in der Managementberatung. 2008 stiess er zu SAP, wo er verschiedene globale Fach- und F\u00fchrungsfunktionen in [&hellip;]<\/p>\n","protected":false},"author":4,"featured_media":3033,"comment_status":"open","ping_status":"open","sticky":false,"template":"","format":"standard","meta":{"_acf_changed":false,"_yoast_wpseo_focuskw":"SAP Schweiz","_yoast_wpseo_metadesc":"Thomas Schreitm\u00fcller \u00fcbernimmt ab sofort die Position des Chief Financial Officer (CFO) bei der SAP (Schweiz) AG. Er tritt die Nachfolge von Thomas Scherr an, der innerhalb von SAP in eine neue Funktion wechselt.","articlekey":"","footnotes":""},"categories":[27],"tags":[286,288,381,492],"class_list":["post-3032","post","type-post","status-publish","format-standard","has-post-thumbnail","hentry","category-it","tag-it","tag-it-business-software","tag-personalia","tag-unternehmen"],"acf":[],"yoast_head":"<!-- This site is optimized with the Yoast SEO plugin v27.5 - https:\/\/yoast.com\/product\/yoast-seo-wordpress\/ -->\n<title>Neuer CFO f\u00fcr SAP Schweiz - Organisator<\/title>\n<meta name=\"description\" content=\"Thomas Schreitm\u00fcller \u00fcbernimmt ab sofort die Position des Chief Financial Officer (CFO) bei der SAP (Schweiz) AG. Er tritt die Nachfolge von Thomas Scherr an, der innerhalb von SAP in eine neue Funktion wechselt.\" \/>\n<meta name=\"robots\" content=\"index, follow, max-snippet:-1, max-image-preview:large, max-video-preview:-1\" \/>\n<link rel=\"canonical\" href=\"https:\/\/www.organisator.ch\/en\/management\/it\/2018-01-22\/neuer-cfo-fuer-sap-schweiz\/\" \/>\n<meta property=\"og:locale\" content=\"en_US\" \/>\n<meta property=\"og:type\" content=\"article\" \/>\n<meta property=\"og:title\" content=\"Neuer CFO f\u00fcr SAP Schweiz\" \/>\n<meta property=\"og:description\" content=\"Thomas #Schreitm\u00fcller \u00fcbernimmt ab sofort die Position des Chief Financial Officer (CFO) bei der #SAP (Schweiz) AG. Er tritt die Nachfolge von Thomas Scherr an, der innerhalb von SAP in eine neue Funktion wechselt.\" \/>\n<meta property=\"og:url\" content=\"https:\/\/www.organisator.ch\/en\/management\/it\/2018-01-22\/neuer-cfo-fuer-sap-schweiz\/\" \/>\n<meta property=\"og:site_name\" content=\"Organisator\" \/>\n<meta property=\"article:publisher\" content=\"https:\/\/www.facebook.com\/OrganisatorFachmagazin\" \/>\n<meta property=\"article:published_time\" content=\"2018-01-22T06:59:23+00:00\" \/>\n<meta property=\"og:image\" content=\"https:\/\/www.organisator.ch\/wp-content\/uploads\/2018\/01\/Neuer-CFO-fuer-SAP-Schweiz_Organisator.jpg\" \/>\n\t<meta property=\"og:image:width\" content=\"427\" \/>\n\t<meta property=\"og:image:height\" content=\"380\" \/>\n\t<meta property=\"og:image:type\" content=\"image\/jpeg\" \/>\n<meta name=\"author\" content=\"thomas.berner\" \/>\n<meta name=\"twitter:card\" content=\"summary_large_image\" \/>\n<meta name=\"twitter:title\" content=\"Neuer CFO f\u00fcr #SAP Schweiz\" \/>\n<meta name=\"twitter:description\" content=\"Thomas #Schreitm\u00fcller \u00fcbernimmt ab sofort die Position des Chief Financial Officer (CFO) bei der #SAP (Schweiz) AG. Er tritt die Nachfolge von Thomas Scherr an, der innerhalb von SAP in eine neue Funktion wechselt.\" \/>\n<meta name=\"twitter:image\" content=\"https:\/\/www.organisator.ch\/wp-content\/uploads\/2018\/01\/Neuer-CFO-f\u00fcr-SAP-Schweiz_Organisator.jpg\" \/>\n<script type=\"application\/ld+json\" class=\"yoast-schema-graph\">{\"@context\":\"https:\\\/\\\/schema.org\",\"@graph\":[{\"@type\":\"Article\",\"@id\":\"https:\\\/\\\/www.organisator.ch\\\/management\\\/it\\\/2018-01-22\\\/neuer-cfo-fuer-sap-schweiz\\\/#article\",\"isPartOf\":{\"@id\":\"https:\\\/\\\/www.organisator.ch\\\/management\\\/it\\\/2018-01-22\\\/neuer-cfo-fuer-sap-schweiz\\\/\"},\"author\":{\"name\":\"thomas.berner\",\"@id\":\"https:\\\/\\\/www.organisator.ch\\\/#\\\/schema\\\/person\\\/6f650f90b2842cd4c0cc334b4e36f67e\"},\"headline\":\"Neuer CFO f\u00fcr SAP Schweiz\",\"datePublished\":\"2018-01-22T06:59:23+00:00\",\"mainEntityOfPage\":{\"@id\":\"https:\\\/\\\/www.organisator.ch\\\/management\\\/it\\\/2018-01-22\\\/neuer-cfo-fuer-sap-schweiz\\\/\"},\"wordCount\":304,\"commentCount\":0,\"publisher\":{\"@id\":\"https:\\\/\\\/www.organisator.ch\\\/#organization\"},\"image\":{\"@id\":\"https:\\\/\\\/www.organisator.ch\\\/management\\\/it\\\/2018-01-22\\\/neuer-cfo-fuer-sap-schweiz\\\/#primaryimage\"},\"thumbnailUrl\":\"https:\\\/\\\/www.organisator.ch\\\/wp-content\\\/uploads\\\/2018\\\/01\\\/Neuer-CFO-fuer-SAP-Schweiz_Organisator.jpg\",\"keywords\":[\"IT\",\"IT &amp; Business Software\",\"Personalia\",\"Unternehmen\"],\"articleSection\":[\"IT\"],\"inLanguage\":\"en-US\"},{\"@type\":\"WebPage\",\"@id\":\"https:\\\/\\\/www.organisator.ch\\\/management\\\/it\\\/2018-01-22\\\/neuer-cfo-fuer-sap-schweiz\\\/\",\"url\":\"https:\\\/\\\/www.organisator.ch\\\/management\\\/it\\\/2018-01-22\\\/neuer-cfo-fuer-sap-schweiz\\\/\",\"name\":\"Neuer CFO f\u00fcr SAP Schweiz - Organisator\",\"isPartOf\":{\"@id\":\"https:\\\/\\\/www.organisator.ch\\\/#website\"},\"primaryImageOfPage\":{\"@id\":\"https:\\\/\\\/www.organisator.ch\\\/management\\\/it\\\/2018-01-22\\\/neuer-cfo-fuer-sap-schweiz\\\/#primaryimage\"},\"image\":{\"@id\":\"https:\\\/\\\/www.organisator.ch\\\/management\\\/it\\\/2018-01-22\\\/neuer-cfo-fuer-sap-schweiz\\\/#primaryimage\"},\"thumbnailUrl\":\"https:\\\/\\\/www.organisator.ch\\\/wp-content\\\/uploads\\\/2018\\\/01\\\/Neuer-CFO-fuer-SAP-Schweiz_Organisator.jpg\",\"datePublished\":\"2018-01-22T06:59:23+00:00\",\"description\":\"Thomas Schreitm\u00fcller \u00fcbernimmt ab sofort die Position des Chief Financial Officer (CFO) bei der SAP (Schweiz) AG. Er tritt die Nachfolge von Thomas Scherr an, der innerhalb von SAP in eine neue Funktion wechselt.\",\"breadcrumb\":{\"@id\":\"https:\\\/\\\/www.organisator.ch\\\/management\\\/it\\\/2018-01-22\\\/neuer-cfo-fuer-sap-schweiz\\\/#breadcrumb\"},\"inLanguage\":\"en-US\",\"potentialAction\":[{\"@type\":\"ReadAction\",\"target\":[\"https:\\\/\\\/www.organisator.ch\\\/management\\\/it\\\/2018-01-22\\\/neuer-cfo-fuer-sap-schweiz\\\/\"]}]},{\"@type\":\"ImageObject\",\"inLanguage\":\"en-US\",\"@id\":\"https:\\\/\\\/www.organisator.ch\\\/management\\\/it\\\/2018-01-22\\\/neuer-cfo-fuer-sap-schweiz\\\/#primaryimage\",\"url\":\"https:\\\/\\\/www.organisator.ch\\\/wp-content\\\/uploads\\\/2018\\\/01\\\/Neuer-CFO-fuer-SAP-Schweiz_Organisator.jpg\",\"contentUrl\":\"https:\\\/\\\/www.organisator.ch\\\/wp-content\\\/uploads\\\/2018\\\/01\\\/Neuer-CFO-fuer-SAP-Schweiz_Organisator.jpg\",\"width\":427,\"height\":380,\"caption\":\"Thomas Schreitm\u00fcller ist neuer CFO von SAP Schweiz. (Bild: Mediendienst SAP)\"},{\"@type\":\"BreadcrumbList\",\"@id\":\"https:\\\/\\\/www.organisator.ch\\\/management\\\/it\\\/2018-01-22\\\/neuer-cfo-fuer-sap-schweiz\\\/#breadcrumb\",\"itemListElement\":[{\"@type\":\"ListItem\",\"position\":1,\"name\":\"Home\",\"item\":\"https:\\\/\\\/www.organisator.ch\\\/\"},{\"@type\":\"ListItem\",\"position\":2,\"name\":\"Neuer CFO f\u00fcr SAP Schweiz\"}]},{\"@type\":\"WebSite\",\"@id\":\"https:\\\/\\\/www.organisator.ch\\\/#website\",\"url\":\"https:\\\/\\\/www.organisator.ch\\\/\",\"name\":\"Organisator\",\"description\":\"Kompetent. Praxisnah. Der ORGANISATOR bereitet in 10 Ausgaben pro Jahr die wesentlichen Themen f\u00fcr F\u00fchrungskr\u00e4fte von KMU auf.\",\"publisher\":{\"@id\":\"https:\\\/\\\/www.organisator.ch\\\/#organization\"},\"potentialAction\":[{\"@type\":\"SearchAction\",\"target\":{\"@type\":\"EntryPoint\",\"urlTemplate\":\"https:\\\/\\\/www.organisator.ch\\\/?s={search_term_string}\"},\"query-input\":{\"@type\":\"PropertyValueSpecification\",\"valueRequired\":true,\"valueName\":\"search_term_string\"}}],\"inLanguage\":\"en-US\"},{\"@type\":\"Organization\",\"@id\":\"https:\\\/\\\/www.organisator.ch\\\/#organization\",\"name\":\"Organisator\",\"url\":\"https:\\\/\\\/www.organisator.ch\\\/\",\"logo\":{\"@type\":\"ImageObject\",\"inLanguage\":\"en-US\",\"@id\":\"https:\\\/\\\/www.organisator.ch\\\/#\\\/schema\\\/logo\\\/image\\\/\",\"url\":\"https:\\\/\\\/www.organisator.ch\\\/wp-content\\\/uploads\\\/2022\\\/01\\\/Logo_Organisator_Website.png\",\"contentUrl\":\"https:\\\/\\\/www.organisator.ch\\\/wp-content\\\/uploads\\\/2022\\\/01\\\/Logo_Organisator_Website.png\",\"width\":800,\"height\":77,\"caption\":\"Organisator\"},\"image\":{\"@id\":\"https:\\\/\\\/www.organisator.ch\\\/#\\\/schema\\\/logo\\\/image\\\/\"},\"sameAs\":[\"https:\\\/\\\/www.facebook.com\\\/OrganisatorFachmagazin\",\"https:\\\/\\\/www.linkedin.com\\\/showcase\\\/organisator-das-magazin-fr-kmu\",\"https:\\\/\\\/www.xing.com\\\/news\\\/pages\\\/organisator-ch-695\",\"https:\\\/\\\/www.youtube.com\\\/channel\\\/UCGP2Sq0iWaZwT3BdIAQFYpw\"]},{\"@type\":\"Person\",\"@id\":\"https:\\\/\\\/www.organisator.ch\\\/#\\\/schema\\\/person\\\/6f650f90b2842cd4c0cc334b4e36f67e\",\"name\":\"thomas.berner\",\"image\":{\"@type\":\"ImageObject\",\"inLanguage\":\"en-US\",\"@id\":\"https:\\\/\\\/secure.gravatar.com\\\/avatar\\\/ac5001d2a36cb6c6cd3e50789007ffca834b477b74a2144564522e944eabff61?s=96&d=mm&r=g\",\"url\":\"https:\\\/\\\/secure.gravatar.com\\\/avatar\\\/ac5001d2a36cb6c6cd3e50789007ffca834b477b74a2144564522e944eabff61?s=96&d=mm&r=g\",\"contentUrl\":\"https:\\\/\\\/secure.gravatar.com\\\/avatar\\\/ac5001d2a36cb6c6cd3e50789007ffca834b477b74a2144564522e944eabff61?s=96&d=mm&r=g\",\"caption\":\"thomas.berner\"},\"url\":\"https:\\\/\\\/www.organisator.ch\\\/en\\\/author\\\/thomas-berner\\\/\"}]}<\/script>\n<!-- \/ Yoast SEO plugin. -->","yoast_head_json":{"title":"New CFO for SAP Switzerland - Organizer","description":"Thomas Schreitm\u00fcller is taking over the position of Chief Financial Officer (CFO) at SAP (Switzerland) AG with immediate effect. He succeeds Thomas Scherr, who is moving to a new role within SAP.","robots":{"index":"index","follow":"follow","max-snippet":"max-snippet:-1","max-image-preview":"max-image-preview:large","max-video-preview":"max-video-preview:-1"},"canonical":"https:\/\/www.organisator.ch\/en\/management\/it\/2018-01-22\/neuer-cfo-fuer-sap-schweiz\/","og_locale":"en_US","og_type":"article","og_title":"Neuer CFO f\u00fcr SAP Schweiz","og_description":"Thomas #Schreitm\u00fcller \u00fcbernimmt ab sofort die Position des Chief Financial Officer (CFO) bei der #SAP (Schweiz) AG. Er tritt die Nachfolge von Thomas Scherr an, der innerhalb von SAP in eine neue Funktion wechselt.","og_url":"https:\/\/www.organisator.ch\/en\/management\/it\/2018-01-22\/neuer-cfo-fuer-sap-schweiz\/","og_site_name":"Organisator","article_publisher":"https:\/\/www.facebook.com\/OrganisatorFachmagazin","article_published_time":"2018-01-22T06:59:23+00:00","og_image":[{"width":427,"height":380,"url":"https:\/\/www.organisator.ch\/wp-content\/uploads\/2018\/01\/Neuer-CFO-fuer-SAP-Schweiz_Organisator.jpg","type":"image\/jpeg"}],"author":"thomas.berner","twitter_card":"summary_large_image","twitter_title":"Neuer CFO f\u00fcr #SAP Schweiz","twitter_description":"Thomas #Schreitm\u00fcller \u00fcbernimmt ab sofort die Position des Chief Financial Officer (CFO) bei der #SAP (Schweiz) AG. Er tritt die Nachfolge von Thomas Scherr an, der innerhalb von SAP in eine neue Funktion wechselt.","twitter_image":"https:\/\/www.organisator.ch\/wp-content\/uploads\/2018\/01\/Neuer-CFO-f\u00fcr-SAP-Schweiz_Organisator.jpg","schema":{"@context":"https:\/\/schema.org","@graph":[{"@type":"Article","@id":"https:\/\/www.organisator.ch\/management\/it\/2018-01-22\/neuer-cfo-fuer-sap-schweiz\/#article","isPartOf":{"@id":"https:\/\/www.organisator.ch\/management\/it\/2018-01-22\/neuer-cfo-fuer-sap-schweiz\/"},"author":{"name":"thomas.berner","@id":"https:\/\/www.organisator.ch\/#\/schema\/person\/6f650f90b2842cd4c0cc334b4e36f67e"},"headline":"Neuer CFO f\u00fcr SAP Schweiz","datePublished":"2018-01-22T06:59:23+00:00","mainEntityOfPage":{"@id":"https:\/\/www.organisator.ch\/management\/it\/2018-01-22\/neuer-cfo-fuer-sap-schweiz\/"},"wordCount":304,"commentCount":0,"publisher":{"@id":"https:\/\/www.organisator.ch\/#organization"},"image":{"@id":"https:\/\/www.organisator.ch\/management\/it\/2018-01-22\/neuer-cfo-fuer-sap-schweiz\/#primaryimage"},"thumbnailUrl":"https:\/\/www.organisator.ch\/wp-content\/uploads\/2018\/01\/Neuer-CFO-fuer-SAP-Schweiz_Organisator.jpg","keywords":["IT","IT &amp; Business Software","Personalia","Unternehmen"],"articleSection":["IT"],"inLanguage":"en-US"},{"@type":"WebPage","@id":"https:\/\/www.organisator.ch\/management\/it\/2018-01-22\/neuer-cfo-fuer-sap-schweiz\/","url":"https:\/\/www.organisator.ch\/management\/it\/2018-01-22\/neuer-cfo-fuer-sap-schweiz\/","name":"New CFO for SAP Switzerland - Organizer","isPartOf":{"@id":"https:\/\/www.organisator.ch\/#website"},"primaryImageOfPage":{"@id":"https:\/\/www.organisator.ch\/management\/it\/2018-01-22\/neuer-cfo-fuer-sap-schweiz\/#primaryimage"},"image":{"@id":"https:\/\/www.organisator.ch\/management\/it\/2018-01-22\/neuer-cfo-fuer-sap-schweiz\/#primaryimage"},"thumbnailUrl":"https:\/\/www.organisator.ch\/wp-content\/uploads\/2018\/01\/Neuer-CFO-fuer-SAP-Schweiz_Organisator.jpg","datePublished":"2018-01-22T06:59:23+00:00","description":"Thomas Schreitm\u00fcller is taking over the position of Chief Financial Officer (CFO) at SAP (Switzerland) AG with immediate effect. He succeeds Thomas Scherr, who is moving to a new role within SAP.","breadcrumb":{"@id":"https:\/\/www.organisator.ch\/management\/it\/2018-01-22\/neuer-cfo-fuer-sap-schweiz\/#breadcrumb"},"inLanguage":"en-US","potentialAction":[{"@type":"ReadAction","target":["https:\/\/www.organisator.ch\/management\/it\/2018-01-22\/neuer-cfo-fuer-sap-schweiz\/"]}]},{"@type":"ImageObject","inLanguage":"en-US","@id":"https:\/\/www.organisator.ch\/management\/it\/2018-01-22\/neuer-cfo-fuer-sap-schweiz\/#primaryimage","url":"https:\/\/www.organisator.ch\/wp-content\/uploads\/2018\/01\/Neuer-CFO-fuer-SAP-Schweiz_Organisator.jpg","contentUrl":"https:\/\/www.organisator.ch\/wp-content\/uploads\/2018\/01\/Neuer-CFO-fuer-SAP-Schweiz_Organisator.jpg","width":427,"height":380,"caption":"Thomas Schreitm\u00fcller ist neuer CFO von SAP Schweiz. (Bild: Mediendienst SAP)"},{"@type":"BreadcrumbList","@id":"https:\/\/www.organisator.ch\/management\/it\/2018-01-22\/neuer-cfo-fuer-sap-schweiz\/#breadcrumb","itemListElement":[{"@type":"ListItem","position":1,"name":"Home","item":"https:\/\/www.organisator.ch\/"},{"@type":"ListItem","position":2,"name":"Neuer CFO f\u00fcr SAP Schweiz"}]},{"@type":"WebSite","@id":"https:\/\/www.organisator.ch\/#website","url":"https:\/\/www.organisator.ch\/","name":"Organizer","description":"Competent. Practical. In 10 issues per year, ORGANISATOR presents the essential topics for managers of SMEs.","publisher":{"@id":"https:\/\/www.organisator.ch\/#organization"},"potentialAction":[{"@type":"SearchAction","target":{"@type":"EntryPoint","urlTemplate":"https:\/\/www.organisator.ch\/?s={search_term_string}"},"query-input":{"@type":"PropertyValueSpecification","valueRequired":true,"valueName":"search_term_string"}}],"inLanguage":"en-US"},{"@type":"Organization","@id":"https:\/\/www.organisator.ch\/#organization","name":"Organizer","url":"https:\/\/www.organisator.ch\/","logo":{"@type":"ImageObject","inLanguage":"en-US","@id":"https:\/\/www.organisator.ch\/#\/schema\/logo\/image\/","url":"https:\/\/www.organisator.ch\/wp-content\/uploads\/2022\/01\/Logo_Organisator_Website.png","contentUrl":"https:\/\/www.organisator.ch\/wp-content\/uploads\/2022\/01\/Logo_Organisator_Website.png","width":800,"height":77,"caption":"Organisator"},"image":{"@id":"https:\/\/www.organisator.ch\/#\/schema\/logo\/image\/"},"sameAs":["https:\/\/www.facebook.com\/OrganisatorFachmagazin","https:\/\/www.linkedin.com\/showcase\/organisator-das-magazin-fr-kmu","https:\/\/www.xing.com\/news\/pages\/organisator-ch-695","https:\/\/www.youtube.com\/channel\/UCGP2Sq0iWaZwT3BdIAQFYpw"]},{"@type":"Person","@id":"https:\/\/www.organisator.ch\/#\/schema\/person\/6f650f90b2842cd4c0cc334b4e36f67e","name":"thomas.berner","image":{"@type":"ImageObject","inLanguage":"en-US","@id":"https:\/\/secure.gravatar.com\/avatar\/ac5001d2a36cb6c6cd3e50789007ffca834b477b74a2144564522e944eabff61?s=96&d=mm&r=g","url":"https:\/\/secure.gravatar.com\/avatar\/ac5001d2a36cb6c6cd3e50789007ffca834b477b74a2144564522e944eabff61?s=96&d=mm&r=g","contentUrl":"https:\/\/secure.gravatar.com\/avatar\/ac5001d2a36cb6c6cd3e50789007ffca834b477b74a2144564522e944eabff61?s=96&d=mm&r=g","caption":"thomas.berner"},"url":"https:\/\/www.organisator.ch\/en\/author\/thomas-berner\/"}]}},"_links":{"self":[{"href":"https:\/\/www.organisator.ch\/en\/wp-json\/wp\/v2\/posts\/3032","targetHints":{"allow":["GET"]}}],"collection":[{"href":"https:\/\/www.organisator.ch\/en\/wp-json\/wp\/v2\/posts"}],"about":[{"href":"https:\/\/www.organisator.ch\/en\/wp-json\/wp\/v2\/types\/post"}],"author":[{"embeddable":true,"href":"https:\/\/www.organisator.ch\/en\/wp-json\/wp\/v2\/users\/4"}],"replies":[{"embeddable":true,"href":"https:\/\/www.organisator.ch\/en\/wp-json\/wp\/v2\/comments?post=3032"}],"version-history":[{"count":0,"href":"https:\/\/www.organisator.ch\/en\/wp-json\/wp\/v2\/posts\/3032\/revisions"}],"wp:featuredmedia":[{"embeddable":true,"href":"https:\/\/www.organisator.ch\/en\/wp-json\/wp\/v2\/media\/3033"}],"wp:attachment":[{"href":"https:\/\/www.organisator.ch\/en\/wp-json\/wp\/v2\/media?parent=3032"}],"wp:term":[{"taxonomy":"category","embeddable":true,"href":"https:\/\/www.organisator.ch\/en\/wp-json\/wp\/v2\/categories?post=3032"},{"taxonomy":"post_tag","embeddable":true,"href":"https:\/\/www.organisator.ch\/en\/wp-json\/wp\/v2\/tags?post=3032"}],"curies":[{"name":"wp","href":"https:\/\/api.w.org\/{rel}","templated":true}]}}