{"id":3035,"date":"2018-01-23T07:59:55","date_gmt":"2018-01-23T06:59:55","guid":{"rendered":"https:\/\/www.organisator.ch\/?p=3035"},"modified":"2018-01-23T07:59:55","modified_gmt":"2018-01-23T06:59:55","slug":"ceo-survey-top-manager-so-optimistisch-wie-schon-lange-nicht-mehr","status":"publish","type":"post","link":"https:\/\/www.organisator.ch\/en\/management\/2018-01-23\/ceo-survey-top-manager-so-optimistisch-wie-schon-lange-nicht-mehr\/","title":{"rendered":"CEO Survey: Top managers more optimistic than they have been for a long time"},"content":{"rendered":"<figure id=\"attachment_3037\" aria-describedby=\"caption-attachment-3037\" style=\"width: 640px\" class=\"wp-caption alignnone\"><img loading=\"lazy\" decoding=\"async\" class=\"size-full wp-image-3037\" src=\"https:\/\/www.organisator.ch\/wp-content\/uploads\/2018\/01\/CEO-Survey-Top-Manager-so-optimistisch-wie-schon-lange-nicht-mehr_Organisator.jpg\" alt=\"\" width=\"640\" height=\"418\" srcset=\"https:\/\/www.organisator.ch\/wp-content\/uploads\/2018\/01\/CEO-Survey-Top-Manager-so-optimistisch-wie-schon-lange-nicht-mehr_Organisator.jpg 640w, https:\/\/www.organisator.ch\/wp-content\/uploads\/2018\/01\/CEO-Survey-Top-Manager-so-optimistisch-wie-schon-lange-nicht-mehr_Organisator-16x10.jpg 16w, https:\/\/www.organisator.ch\/wp-content\/uploads\/2018\/01\/CEO-Survey-Top-Manager-so-optimistisch-wie-schon-lange-nicht-mehr_Organisator-268x175.jpg 268w, https:\/\/www.organisator.ch\/wp-content\/uploads\/2018\/01\/CEO-Survey-Top-Manager-so-optimistisch-wie-schon-lange-nicht-mehr_Organisator-536x350.jpg 536w, https:\/\/www.organisator.ch\/wp-content\/uploads\/2018\/01\/CEO-Survey-Top-Manager-so-optimistisch-wie-schon-lange-nicht-mehr_Organisator-300x196.jpg 300w\" sizes=\"auto, (max-width: 640px) 100vw, 640px\" \/><figcaption id=\"caption-attachment-3037\" class=\"wp-caption-text\">\"The anxious optimist in the corner office\": that's the title of PwC's 21st CEO Survey. However: Top managers are more confident about global economic growth than they have been for a long time. They are more skeptical about their own companies. (Image: PwC \/ 21st CEO Survey)<\/figcaption><\/figure>\n<p><span style=\"font-size: medium;\">Top managers worldwide are more optimistic than ever before: for the first time, the majority of the company leaders surveyed worldwide expect <\/span>(57 %) that the global economy will grow in the coming twelve months. This is almost twice as many as in the previous year (29%) - the highest ever increase and also the most optimistic result achieved since the survey began. The view of their own company is slightly more skeptical: 42 percent of CEOs worldwide said they were very confident that their own company would grow in the next twelve months (previous year: 38%). Compared to last year, concerns about terrorism (41%) and cyber attacks (40%) have almost doubled. This is the result of this year's worldwide survey for the Global CEO Survey by the accounting and consulting firm PwC, in which 1,293 top managers from 85 countries participated. The results of the survey were published in the run-up to the World Economic Forum WEF 2o18 in Davos.<\/p>\n<h2>Swiss company leaders expect continued growth<\/h2>\n<p>Over the next 12 months, 39 percent of Swiss CEOs expect sales growth. When it comes to the three-year outlook, they are somewhat more cautious: 33 percent of Swiss company leaders remain very confident that they will be able to achieve growth in their own companies over the next 36 months. Urs Honegger, CEO of PwC Switzerland, explains: \"The growing confidence in the global economy is certainly positive. In Switzerland, however, people remain skeptical about whether this growth will be sustainable.\" Top Swiss managers are particularly concerned about overregulation and geopolitical uncertainty. With regard to digitization, they also see cyber attacks, new market players and insufficient availability of key skills as a threat. \"Uncertainties about the ever-growing digitization and the associated need for skilled labor are causing CEOs to remain cautious about their own longer-term growth,\" says Urs Honegger. He adds that the survey also shows that awareness of the issue of cyber security has increased. \"The recent examples of Meltdown and Spectre confirm the threat of hacker attacks to companies and government institutions. Being appropriately prepared for such attacks is essential and one of the major challenges for top management,\" says Urs Honegger.<\/p>\n<h2>Socially responsible top managers?<\/h2>\n<p>In keeping with the theme of this year's World Economic Forum, the majority of business leaders also said they live in a fragmented world with multiple fragmented economies. CEOs around the world see a move toward more diverse norms and values (82%), regional trading blocs (73%), rising nationalism (65%), different economic models (60%), and increased tax competition (54%). Doubts about the positive influence of globalization have also grown. They express these when looking at fairness in global tax competition (49%), combating climate change and resource scarcity (50%) and closing the gap between rich and poor (41%). The majority of CEOs see the need to measure prosperity by more than just financial metrics. So is social responsibility increasingly finding its way into the carpeted floors? \"The results of this year's survey indicate that globalization and technological progress have contributed to increased productivity and prosperity for the population in many markets. However, there are also many markets that have barely benefited from this development. A decoupling of economic and social benefits is emerging, leading to a loss of trust and differences within and between societies. Accordingly, it is becoming increasingly important for companies to keep social requirements in mind in addition to financial requirements. Companies should therefore not only put this on the management agenda, but also clearly communicate it as a company goal and be measured against it,\" says Honegger.<\/p>\n<p><a href=\"http:\/\/www.pwc.com\"><em>www.pwc.com<\/em><\/a><\/p>\n<p>&nbsp;<\/p>","protected":false},"excerpt":{"rendered":"<p>Top-Manager weltweit zeigen sich so optimistisch wie nie zuvor: Zum ersten Mal erwartet die Mehrheit der befragten Firmenlenker weltweit (57 %), dass die globale Wirtschaft in den kommenden zw\u00f6lf Monaten w\u00e4chst. Das sind fast doppelt so viele wie im Vorjahr (29%) \u2013 der h\u00f6chste jemals erreichte Anstieg und gleichzeitig das optimistischste Ergebnis, das seit Beginn [&hellip;]<\/p>\n","protected":false},"author":4,"featured_media":3037,"comment_status":"open","ping_status":"open","sticky":false,"template":"","format":"standard","meta":{"_acf_changed":false,"_yoast_wpseo_focuskw":"Top-Manager","_yoast_wpseo_metadesc":"Top-Manager sind weltweit so optimistisch wie nie seit Beginn der Umfrage. Bez\u00fcglich des eigenen Unternehmens sind sie auf kurze Sicht ebenfalls positiv, auf 3-Jahres Sicht hingegen etwas skeptischer.","articlekey":"","footnotes":""},"categories":[28],"tags":[335,340,459,531],"class_list":["post-3035","post","type-post","status-publish","format-standard","has-post-thumbnail","hentry","category-management","tag-management-und-unternehmensfuehrung","tag-maerkte","tag-studie","tag-wirtschaftspolitik"],"acf":[],"yoast_head":"<!-- This site is optimized with the Yoast SEO plugin v27.5 - https:\/\/yoast.com\/product\/yoast-seo-wordpress\/ -->\n<title>CEO Survey: Top-Manager so optimistisch wie schon lange nicht mehr - Organisator<\/title>\n<meta name=\"description\" content=\"Top-Manager sind weltweit so optimistisch wie nie seit Beginn der Umfrage. Bez\u00fcglich des eigenen Unternehmens sind sie auf kurze Sicht ebenfalls positiv, auf 3-Jahres Sicht hingegen etwas skeptischer.\" \/>\n<meta name=\"robots\" content=\"index, follow, max-snippet:-1, max-image-preview:large, max-video-preview:-1\" \/>\n<link rel=\"canonical\" href=\"https:\/\/www.organisator.ch\/en\/management\/2018-01-23\/ceo-survey-top-manager-so-optimistisch-wie-schon-lange-nicht-mehr\/\" \/>\n<meta property=\"og:locale\" content=\"en_US\" \/>\n<meta property=\"og:type\" content=\"article\" \/>\n<meta property=\"og:title\" content=\"CEO Survey: Top-Manager so optimistisch wie schon lange nicht mehr\" \/>\n<meta property=\"og:description\" content=\"#Top-Manager sind weltweit so optimistisch wie nie seit Beginn der Umfrage. Bez\u00fcglich des eigenen Unternehmens sind sie auf kurze Sicht ebenfalls positiv, auf 3-Jahres Sicht hingegen etwas skeptischer.\" \/>\n<meta property=\"og:url\" content=\"https:\/\/www.organisator.ch\/en\/management\/2018-01-23\/ceo-survey-top-manager-so-optimistisch-wie-schon-lange-nicht-mehr\/\" \/>\n<meta property=\"og:site_name\" content=\"Organisator\" \/>\n<meta property=\"article:publisher\" content=\"https:\/\/www.facebook.com\/OrganisatorFachmagazin\" \/>\n<meta property=\"article:published_time\" content=\"2018-01-23T06:59:55+00:00\" \/>\n<meta property=\"og:image\" content=\"https:\/\/www.organisator.ch\/wp-content\/uploads\/2018\/01\/CEO-Survey-Top-Manager-so-optimistisch-wie-schon-lange-nicht-mehr_Organisator.jpg\" \/>\n\t<meta property=\"og:image:width\" content=\"640\" \/>\n\t<meta property=\"og:image:height\" content=\"418\" \/>\n\t<meta property=\"og:image:type\" content=\"image\/jpeg\" \/>\n<meta name=\"author\" content=\"thomas.berner\" \/>\n<meta name=\"twitter:card\" content=\"summary_large_image\" \/>\n<meta name=\"twitter:title\" content=\"#CEO Survey: #Top-Manager so optimistisch wie schon lange nicht mehr\" \/>\n<meta name=\"twitter:description\" content=\"#Top-Manager sind weltweit so optimistisch wie nie seit Beginn der Umfrage. Bez\u00fcglich des eigenen Unternehmens sind sie auf kurze Sicht ebenfalls positiv, auf 3-Jahres Sicht hingegen etwas skeptischer.\" \/>\n<meta name=\"twitter:image\" content=\"https:\/\/www.organisator.ch\/wp-content\/uploads\/2018\/01\/CEO-Survey-Top-Manager-so-optimistisch-wie-schon-lange-nicht-mehr_Organisator.jpg\" \/>\n<script type=\"application\/ld+json\" class=\"yoast-schema-graph\">{\"@context\":\"https:\\\/\\\/schema.org\",\"@graph\":[{\"@type\":\"Article\",\"@id\":\"https:\\\/\\\/www.organisator.ch\\\/management\\\/2018-01-23\\\/ceo-survey-top-manager-so-optimistisch-wie-schon-lange-nicht-mehr\\\/#article\",\"isPartOf\":{\"@id\":\"https:\\\/\\\/www.organisator.ch\\\/management\\\/2018-01-23\\\/ceo-survey-top-manager-so-optimistisch-wie-schon-lange-nicht-mehr\\\/\"},\"author\":{\"name\":\"thomas.berner\",\"@id\":\"https:\\\/\\\/www.organisator.ch\\\/#\\\/schema\\\/person\\\/6f650f90b2842cd4c0cc334b4e36f67e\"},\"headline\":\"CEO Survey: Top-Manager so optimistisch wie schon lange nicht mehr\",\"datePublished\":\"2018-01-23T06:59:55+00:00\",\"mainEntityOfPage\":{\"@id\":\"https:\\\/\\\/www.organisator.ch\\\/management\\\/2018-01-23\\\/ceo-survey-top-manager-so-optimistisch-wie-schon-lange-nicht-mehr\\\/\"},\"wordCount\":644,\"commentCount\":0,\"publisher\":{\"@id\":\"https:\\\/\\\/www.organisator.ch\\\/#organization\"},\"image\":{\"@id\":\"https:\\\/\\\/www.organisator.ch\\\/management\\\/2018-01-23\\\/ceo-survey-top-manager-so-optimistisch-wie-schon-lange-nicht-mehr\\\/#primaryimage\"},\"thumbnailUrl\":\"https:\\\/\\\/www.organisator.ch\\\/wp-content\\\/uploads\\\/2018\\\/01\\\/CEO-Survey-Top-Manager-so-optimistisch-wie-schon-lange-nicht-mehr_Organisator.jpg\",\"keywords\":[\"Management und Unternehmensf\u00fchrung\",\"M\u00e4rkte\",\"Studie\",\"Wirtschaftspolitik\"],\"articleSection\":[\"MANAGEMENT\"],\"inLanguage\":\"en-US\"},{\"@type\":\"WebPage\",\"@id\":\"https:\\\/\\\/www.organisator.ch\\\/management\\\/2018-01-23\\\/ceo-survey-top-manager-so-optimistisch-wie-schon-lange-nicht-mehr\\\/\",\"url\":\"https:\\\/\\\/www.organisator.ch\\\/management\\\/2018-01-23\\\/ceo-survey-top-manager-so-optimistisch-wie-schon-lange-nicht-mehr\\\/\",\"name\":\"CEO Survey: Top-Manager so optimistisch wie schon lange nicht mehr - Organisator\",\"isPartOf\":{\"@id\":\"https:\\\/\\\/www.organisator.ch\\\/#website\"},\"primaryImageOfPage\":{\"@id\":\"https:\\\/\\\/www.organisator.ch\\\/management\\\/2018-01-23\\\/ceo-survey-top-manager-so-optimistisch-wie-schon-lange-nicht-mehr\\\/#primaryimage\"},\"image\":{\"@id\":\"https:\\\/\\\/www.organisator.ch\\\/management\\\/2018-01-23\\\/ceo-survey-top-manager-so-optimistisch-wie-schon-lange-nicht-mehr\\\/#primaryimage\"},\"thumbnailUrl\":\"https:\\\/\\\/www.organisator.ch\\\/wp-content\\\/uploads\\\/2018\\\/01\\\/CEO-Survey-Top-Manager-so-optimistisch-wie-schon-lange-nicht-mehr_Organisator.jpg\",\"datePublished\":\"2018-01-23T06:59:55+00:00\",\"description\":\"Top-Manager sind weltweit so optimistisch wie nie seit Beginn der Umfrage. Bez\u00fcglich des eigenen Unternehmens sind sie auf kurze Sicht ebenfalls positiv, auf 3-Jahres Sicht hingegen etwas skeptischer.\",\"breadcrumb\":{\"@id\":\"https:\\\/\\\/www.organisator.ch\\\/management\\\/2018-01-23\\\/ceo-survey-top-manager-so-optimistisch-wie-schon-lange-nicht-mehr\\\/#breadcrumb\"},\"inLanguage\":\"en-US\",\"potentialAction\":[{\"@type\":\"ReadAction\",\"target\":[\"https:\\\/\\\/www.organisator.ch\\\/management\\\/2018-01-23\\\/ceo-survey-top-manager-so-optimistisch-wie-schon-lange-nicht-mehr\\\/\"]}]},{\"@type\":\"ImageObject\",\"inLanguage\":\"en-US\",\"@id\":\"https:\\\/\\\/www.organisator.ch\\\/management\\\/2018-01-23\\\/ceo-survey-top-manager-so-optimistisch-wie-schon-lange-nicht-mehr\\\/#primaryimage\",\"url\":\"https:\\\/\\\/www.organisator.ch\\\/wp-content\\\/uploads\\\/2018\\\/01\\\/CEO-Survey-Top-Manager-so-optimistisch-wie-schon-lange-nicht-mehr_Organisator.jpg\",\"contentUrl\":\"https:\\\/\\\/www.organisator.ch\\\/wp-content\\\/uploads\\\/2018\\\/01\\\/CEO-Survey-Top-Manager-so-optimistisch-wie-schon-lange-nicht-mehr_Organisator.jpg\",\"width\":640,\"height\":418,\"caption\":\"\\\"Der \u00e4ngstliche Optimist im Eckb\u00fcro\\\": So lautet der Titel des 21. CEO Survey von PwC. Indes: Top-Manager sind so zuversichtlich wie schon lange nicht mehr. (Bild: PwC \\\/ 21st CEO Survey)\"},{\"@type\":\"BreadcrumbList\",\"@id\":\"https:\\\/\\\/www.organisator.ch\\\/management\\\/2018-01-23\\\/ceo-survey-top-manager-so-optimistisch-wie-schon-lange-nicht-mehr\\\/#breadcrumb\",\"itemListElement\":[{\"@type\":\"ListItem\",\"position\":1,\"name\":\"Home\",\"item\":\"https:\\\/\\\/www.organisator.ch\\\/\"},{\"@type\":\"ListItem\",\"position\":2,\"name\":\"CEO Survey: Top-Manager so optimistisch wie schon lange nicht mehr\"}]},{\"@type\":\"WebSite\",\"@id\":\"https:\\\/\\\/www.organisator.ch\\\/#website\",\"url\":\"https:\\\/\\\/www.organisator.ch\\\/\",\"name\":\"Organisator\",\"description\":\"Kompetent. Praxisnah. Der ORGANISATOR bereitet in 10 Ausgaben pro Jahr die wesentlichen Themen f\u00fcr F\u00fchrungskr\u00e4fte von KMU auf.\",\"publisher\":{\"@id\":\"https:\\\/\\\/www.organisator.ch\\\/#organization\"},\"potentialAction\":[{\"@type\":\"SearchAction\",\"target\":{\"@type\":\"EntryPoint\",\"urlTemplate\":\"https:\\\/\\\/www.organisator.ch\\\/?s={search_term_string}\"},\"query-input\":{\"@type\":\"PropertyValueSpecification\",\"valueRequired\":true,\"valueName\":\"search_term_string\"}}],\"inLanguage\":\"en-US\"},{\"@type\":\"Organization\",\"@id\":\"https:\\\/\\\/www.organisator.ch\\\/#organization\",\"name\":\"Organisator\",\"url\":\"https:\\\/\\\/www.organisator.ch\\\/\",\"logo\":{\"@type\":\"ImageObject\",\"inLanguage\":\"en-US\",\"@id\":\"https:\\\/\\\/www.organisator.ch\\\/#\\\/schema\\\/logo\\\/image\\\/\",\"url\":\"https:\\\/\\\/www.organisator.ch\\\/wp-content\\\/uploads\\\/2022\\\/01\\\/Logo_Organisator_Website.png\",\"contentUrl\":\"https:\\\/\\\/www.organisator.ch\\\/wp-content\\\/uploads\\\/2022\\\/01\\\/Logo_Organisator_Website.png\",\"width\":800,\"height\":77,\"caption\":\"Organisator\"},\"image\":{\"@id\":\"https:\\\/\\\/www.organisator.ch\\\/#\\\/schema\\\/logo\\\/image\\\/\"},\"sameAs\":[\"https:\\\/\\\/www.facebook.com\\\/OrganisatorFachmagazin\",\"https:\\\/\\\/www.linkedin.com\\\/showcase\\\/organisator-das-magazin-fr-kmu\",\"https:\\\/\\\/www.xing.com\\\/news\\\/pages\\\/organisator-ch-695\",\"https:\\\/\\\/www.youtube.com\\\/channel\\\/UCGP2Sq0iWaZwT3BdIAQFYpw\"]},{\"@type\":\"Person\",\"@id\":\"https:\\\/\\\/www.organisator.ch\\\/#\\\/schema\\\/person\\\/6f650f90b2842cd4c0cc334b4e36f67e\",\"name\":\"thomas.berner\",\"image\":{\"@type\":\"ImageObject\",\"inLanguage\":\"en-US\",\"@id\":\"https:\\\/\\\/secure.gravatar.com\\\/avatar\\\/ac5001d2a36cb6c6cd3e50789007ffca834b477b74a2144564522e944eabff61?s=96&d=mm&r=g\",\"url\":\"https:\\\/\\\/secure.gravatar.com\\\/avatar\\\/ac5001d2a36cb6c6cd3e50789007ffca834b477b74a2144564522e944eabff61?s=96&d=mm&r=g\",\"contentUrl\":\"https:\\\/\\\/secure.gravatar.com\\\/avatar\\\/ac5001d2a36cb6c6cd3e50789007ffca834b477b74a2144564522e944eabff61?s=96&d=mm&r=g\",\"caption\":\"thomas.berner\"},\"url\":\"https:\\\/\\\/www.organisator.ch\\\/en\\\/author\\\/thomas-berner\\\/\"}]}<\/script>\n<!-- \/ Yoast SEO plugin. -->","yoast_head_json":{"title":"CEO Survey: Top managers more optimistic than they have been for a long time - Organizer","description":"Top managers worldwide are more optimistic than ever since the survey began. They are also positive about their own company in the short term, but somewhat more skeptical over the next three years.","robots":{"index":"index","follow":"follow","max-snippet":"max-snippet:-1","max-image-preview":"max-image-preview:large","max-video-preview":"max-video-preview:-1"},"canonical":"https:\/\/www.organisator.ch\/en\/management\/2018-01-23\/ceo-survey-top-manager-so-optimistisch-wie-schon-lange-nicht-mehr\/","og_locale":"en_US","og_type":"article","og_title":"CEO Survey: Top-Manager so optimistisch wie schon lange nicht mehr","og_description":"#Top-Manager sind weltweit so optimistisch wie nie seit Beginn der Umfrage. Bez\u00fcglich des eigenen Unternehmens sind sie auf kurze Sicht ebenfalls positiv, auf 3-Jahres Sicht hingegen etwas skeptischer.","og_url":"https:\/\/www.organisator.ch\/en\/management\/2018-01-23\/ceo-survey-top-manager-so-optimistisch-wie-schon-lange-nicht-mehr\/","og_site_name":"Organisator","article_publisher":"https:\/\/www.facebook.com\/OrganisatorFachmagazin","article_published_time":"2018-01-23T06:59:55+00:00","og_image":[{"width":640,"height":418,"url":"https:\/\/www.organisator.ch\/wp-content\/uploads\/2018\/01\/CEO-Survey-Top-Manager-so-optimistisch-wie-schon-lange-nicht-mehr_Organisator.jpg","type":"image\/jpeg"}],"author":"thomas.berner","twitter_card":"summary_large_image","twitter_title":"#CEO Survey: #Top-Manager so optimistisch wie schon lange nicht mehr","twitter_description":"#Top-Manager sind weltweit so optimistisch wie nie seit Beginn der Umfrage. Bez\u00fcglich des eigenen Unternehmens sind sie auf kurze Sicht ebenfalls positiv, auf 3-Jahres Sicht hingegen etwas skeptischer.","twitter_image":"https:\/\/www.organisator.ch\/wp-content\/uploads\/2018\/01\/CEO-Survey-Top-Manager-so-optimistisch-wie-schon-lange-nicht-mehr_Organisator.jpg","schema":{"@context":"https:\/\/schema.org","@graph":[{"@type":"Article","@id":"https:\/\/www.organisator.ch\/management\/2018-01-23\/ceo-survey-top-manager-so-optimistisch-wie-schon-lange-nicht-mehr\/#article","isPartOf":{"@id":"https:\/\/www.organisator.ch\/management\/2018-01-23\/ceo-survey-top-manager-so-optimistisch-wie-schon-lange-nicht-mehr\/"},"author":{"name":"thomas.berner","@id":"https:\/\/www.organisator.ch\/#\/schema\/person\/6f650f90b2842cd4c0cc334b4e36f67e"},"headline":"CEO Survey: Top-Manager so optimistisch wie schon lange nicht mehr","datePublished":"2018-01-23T06:59:55+00:00","mainEntityOfPage":{"@id":"https:\/\/www.organisator.ch\/management\/2018-01-23\/ceo-survey-top-manager-so-optimistisch-wie-schon-lange-nicht-mehr\/"},"wordCount":644,"commentCount":0,"publisher":{"@id":"https:\/\/www.organisator.ch\/#organization"},"image":{"@id":"https:\/\/www.organisator.ch\/management\/2018-01-23\/ceo-survey-top-manager-so-optimistisch-wie-schon-lange-nicht-mehr\/#primaryimage"},"thumbnailUrl":"https:\/\/www.organisator.ch\/wp-content\/uploads\/2018\/01\/CEO-Survey-Top-Manager-so-optimistisch-wie-schon-lange-nicht-mehr_Organisator.jpg","keywords":["Management und Unternehmensf\u00fchrung","M\u00e4rkte","Studie","Wirtschaftspolitik"],"articleSection":["MANAGEMENT"],"inLanguage":"en-US"},{"@type":"WebPage","@id":"https:\/\/www.organisator.ch\/management\/2018-01-23\/ceo-survey-top-manager-so-optimistisch-wie-schon-lange-nicht-mehr\/","url":"https:\/\/www.organisator.ch\/management\/2018-01-23\/ceo-survey-top-manager-so-optimistisch-wie-schon-lange-nicht-mehr\/","name":"CEO Survey: Top managers more optimistic than they have been for a long time - Organizer","isPartOf":{"@id":"https:\/\/www.organisator.ch\/#website"},"primaryImageOfPage":{"@id":"https:\/\/www.organisator.ch\/management\/2018-01-23\/ceo-survey-top-manager-so-optimistisch-wie-schon-lange-nicht-mehr\/#primaryimage"},"image":{"@id":"https:\/\/www.organisator.ch\/management\/2018-01-23\/ceo-survey-top-manager-so-optimistisch-wie-schon-lange-nicht-mehr\/#primaryimage"},"thumbnailUrl":"https:\/\/www.organisator.ch\/wp-content\/uploads\/2018\/01\/CEO-Survey-Top-Manager-so-optimistisch-wie-schon-lange-nicht-mehr_Organisator.jpg","datePublished":"2018-01-23T06:59:55+00:00","description":"Top managers worldwide are more optimistic than ever since the survey began. They are also positive about their own company in the short term, but somewhat more skeptical over the next three years.","breadcrumb":{"@id":"https:\/\/www.organisator.ch\/management\/2018-01-23\/ceo-survey-top-manager-so-optimistisch-wie-schon-lange-nicht-mehr\/#breadcrumb"},"inLanguage":"en-US","potentialAction":[{"@type":"ReadAction","target":["https:\/\/www.organisator.ch\/management\/2018-01-23\/ceo-survey-top-manager-so-optimistisch-wie-schon-lange-nicht-mehr\/"]}]},{"@type":"ImageObject","inLanguage":"en-US","@id":"https:\/\/www.organisator.ch\/management\/2018-01-23\/ceo-survey-top-manager-so-optimistisch-wie-schon-lange-nicht-mehr\/#primaryimage","url":"https:\/\/www.organisator.ch\/wp-content\/uploads\/2018\/01\/CEO-Survey-Top-Manager-so-optimistisch-wie-schon-lange-nicht-mehr_Organisator.jpg","contentUrl":"https:\/\/www.organisator.ch\/wp-content\/uploads\/2018\/01\/CEO-Survey-Top-Manager-so-optimistisch-wie-schon-lange-nicht-mehr_Organisator.jpg","width":640,"height":418,"caption":"\"Der \u00e4ngstliche Optimist im Eckb\u00fcro\": So lautet der Titel des 21. CEO Survey von PwC. Indes: Top-Manager sind so zuversichtlich wie schon lange nicht mehr. (Bild: PwC \/ 21st CEO Survey)"},{"@type":"BreadcrumbList","@id":"https:\/\/www.organisator.ch\/management\/2018-01-23\/ceo-survey-top-manager-so-optimistisch-wie-schon-lange-nicht-mehr\/#breadcrumb","itemListElement":[{"@type":"ListItem","position":1,"name":"Home","item":"https:\/\/www.organisator.ch\/"},{"@type":"ListItem","position":2,"name":"CEO Survey: Top-Manager so optimistisch wie schon lange nicht mehr"}]},{"@type":"WebSite","@id":"https:\/\/www.organisator.ch\/#website","url":"https:\/\/www.organisator.ch\/","name":"Organizer","description":"Competent. Practical. In 10 issues per year, ORGANISATOR presents the essential topics for managers of SMEs.","publisher":{"@id":"https:\/\/www.organisator.ch\/#organization"},"potentialAction":[{"@type":"SearchAction","target":{"@type":"EntryPoint","urlTemplate":"https:\/\/www.organisator.ch\/?s={search_term_string}"},"query-input":{"@type":"PropertyValueSpecification","valueRequired":true,"valueName":"search_term_string"}}],"inLanguage":"en-US"},{"@type":"Organization","@id":"https:\/\/www.organisator.ch\/#organization","name":"Organizer","url":"https:\/\/www.organisator.ch\/","logo":{"@type":"ImageObject","inLanguage":"en-US","@id":"https:\/\/www.organisator.ch\/#\/schema\/logo\/image\/","url":"https:\/\/www.organisator.ch\/wp-content\/uploads\/2022\/01\/Logo_Organisator_Website.png","contentUrl":"https:\/\/www.organisator.ch\/wp-content\/uploads\/2022\/01\/Logo_Organisator_Website.png","width":800,"height":77,"caption":"Organisator"},"image":{"@id":"https:\/\/www.organisator.ch\/#\/schema\/logo\/image\/"},"sameAs":["https:\/\/www.facebook.com\/OrganisatorFachmagazin","https:\/\/www.linkedin.com\/showcase\/organisator-das-magazin-fr-kmu","https:\/\/www.xing.com\/news\/pages\/organisator-ch-695","https:\/\/www.youtube.com\/channel\/UCGP2Sq0iWaZwT3BdIAQFYpw"]},{"@type":"Person","@id":"https:\/\/www.organisator.ch\/#\/schema\/person\/6f650f90b2842cd4c0cc334b4e36f67e","name":"thomas.berner","image":{"@type":"ImageObject","inLanguage":"en-US","@id":"https:\/\/secure.gravatar.com\/avatar\/ac5001d2a36cb6c6cd3e50789007ffca834b477b74a2144564522e944eabff61?s=96&d=mm&r=g","url":"https:\/\/secure.gravatar.com\/avatar\/ac5001d2a36cb6c6cd3e50789007ffca834b477b74a2144564522e944eabff61?s=96&d=mm&r=g","contentUrl":"https:\/\/secure.gravatar.com\/avatar\/ac5001d2a36cb6c6cd3e50789007ffca834b477b74a2144564522e944eabff61?s=96&d=mm&r=g","caption":"thomas.berner"},"url":"https:\/\/www.organisator.ch\/en\/author\/thomas-berner\/"}]}},"_links":{"self":[{"href":"https:\/\/www.organisator.ch\/en\/wp-json\/wp\/v2\/posts\/3035","targetHints":{"allow":["GET"]}}],"collection":[{"href":"https:\/\/www.organisator.ch\/en\/wp-json\/wp\/v2\/posts"}],"about":[{"href":"https:\/\/www.organisator.ch\/en\/wp-json\/wp\/v2\/types\/post"}],"author":[{"embeddable":true,"href":"https:\/\/www.organisator.ch\/en\/wp-json\/wp\/v2\/users\/4"}],"replies":[{"embeddable":true,"href":"https:\/\/www.organisator.ch\/en\/wp-json\/wp\/v2\/comments?post=3035"}],"version-history":[{"count":0,"href":"https:\/\/www.organisator.ch\/en\/wp-json\/wp\/v2\/posts\/3035\/revisions"}],"wp:featuredmedia":[{"embeddable":true,"href":"https:\/\/www.organisator.ch\/en\/wp-json\/wp\/v2\/media\/3037"}],"wp:attachment":[{"href":"https:\/\/www.organisator.ch\/en\/wp-json\/wp\/v2\/media?parent=3035"}],"wp:term":[{"taxonomy":"category","embeddable":true,"href":"https:\/\/www.organisator.ch\/en\/wp-json\/wp\/v2\/categories?post=3035"},{"taxonomy":"post_tag","embeddable":true,"href":"https:\/\/www.organisator.ch\/en\/wp-json\/wp\/v2\/tags?post=3035"}],"curies":[{"name":"wp","href":"https:\/\/api.w.org\/{rel}","templated":true}]}}