{"id":30432,"date":"2024-10-03T15:24:24","date_gmt":"2024-10-03T13:24:24","guid":{"rendered":"https:\/\/www.organisator.ch\/?p=30432"},"modified":"2024-10-03T15:24:24","modified_gmt":"2024-10-03T13:24:24","slug":"spannende-voten-und-diskussionen-an-der-expertsuisse-jahrestagung","status":"publish","type":"post","link":"https:\/\/www.organisator.ch\/en\/management\/2024-10-03\/spannende-voten-und-diskussionen-an-der-expertsuisse-jahrestagung\/","title":{"rendered":"Exciting votes and discussions at the Expertsuisse annual conference"},"content":{"rendered":"<figure id=\"attachment_30433\" aria-describedby=\"caption-attachment-30433\" style=\"width: 680px\" class=\"wp-caption alignnone\"><img loading=\"lazy\" decoding=\"async\" class=\"size-full wp-image-30433\" src=\"https:\/\/www.organisator.ch\/wp-content\/uploads\/2024\/10\/Expertsuisse_Bild1_ps.jpg\" alt=\"\" width=\"680\" height=\"454\" srcset=\"https:\/\/www.organisator.ch\/wp-content\/uploads\/2024\/10\/Expertsuisse_Bild1_ps.jpg 680w, https:\/\/www.organisator.ch\/wp-content\/uploads\/2024\/10\/Expertsuisse_Bild1_ps-18x12.jpg 18w, https:\/\/www.organisator.ch\/wp-content\/uploads\/2024\/10\/Expertsuisse_Bild1_ps-375x250.jpg 375w, https:\/\/www.organisator.ch\/wp-content\/uploads\/2024\/10\/Expertsuisse_Bild1_ps-524x350.jpg 524w\" sizes=\"auto, (max-width: 680px) 100vw, 680px\" \/><figcaption id=\"caption-attachment-30433\" class=\"wp-caption-text\">Federal Councillor Beat Jans set a highlight with his speech at this year's Expertsuisse annual conference. (Image: zVg\/Expertsuisse)<\/figcaption><\/figure>\n<p>Around 600 participants listened intently to the presentations and panel discussions at this year's Expertsuisse annual conference, which focused on the topic of \"Artificial intelligence - will auditing, taxation and fiduciary services be revolutionized?\". A highlight was provided by Federal Councillor Beat Jans, who was elected to the Federal Council in December and took over responsibility for the Department of Justice and Police from Federal Councillor Elisabeth Baume-Schneider at the beginning of the year. In his guest speech, he emphasized corporate responsibility and gave an outlook on the challenges facing our state and our economy.<\/p>\n<p>The speakers and plenary agreed that artificial intelligence is like electricity that will be everywhere and change the world - a statement by Stanford professor Fei-Fei Li. But how do we deal with it and how will it change our world and our work?<\/p>\n<h3>The use of artificial intelligence can lead to negligence<\/h3>\n<p>Sabine Bienefeld, industrial and organizational psychologist and lecturer at ETH Zurich, pointed out the responsibility that experts bear today and tomorrow and that must be subject to control. Effective control requires that people with a comprehensive understanding of the process are always involved in this system. The use of artificial intelligence in conjunction with cognitive overload can lead to negligence. She sees dangers in the loss of contextual knowledge and expert intuition as well as in the fragmentation of work, which can lead to demotivation and exhaustion.<\/p>\n<p>Frank Eilers, an expert in digitalization and new work, is also convinced that artificial intelligence will revolutionize auditing. It will reduce human error and increase efficiency. However, the biggest challenge for auditing companies will not be the implementation of AI, but the adaptation of corporate culture to this new reality. Auditors will not become superfluous, but their role will change drastically.<\/p>\n<h3>Artificial intelligence is still in its infancy<\/h3>\n<p>In the panel on the use of artificial intelligence in auditing, Florian H\u00e4ller, Director, Audit Corporates, gave an insight into specific application examples at KPMG and then discussed with Max Schmolke, Transformation Manager at DataSnipper, and Alexander Grimm, Co-Founder and CEO of aspaara, what it takes to ensure that it does not just remain an idea, but that it is successfully implemented.<\/p>\n<p>Kevin Schawinski, CEO of Modulos and lecturer at ETH Zurich, brought a new perspective to the discussion on whether humans or machines will take control, noting a certain disillusionment with artificial intelligence. However, he emphasized that it is only just beginning and that the fears associated with it are unfounded. At the moment, development is strongly influenced by geopolitics. He sees a race between the USA and China when it comes to controlling AI. It is undisputed that artificial intelligence must be subject to certain regulations. However, this is less about consumer protection and more about strategic dimensions.<\/p>\n<p>\"As a child in elementary school, I had to write an essay on the topic \"What will the world look like in the year 2000?\". Much of what my teacher dismissed as the result of my exuberant childhood imagination is now reality - a quarter of a century after the turn of the millennium. At this year's Expertsuisse annual conference, the various speakers showed us where the road ahead will lead. However, the discussions made it clear that expert knowledge and expert intuition will remain indispensable in the age of artificial intelligence,\" says Peter Ritter, President of Expertsuisse.<\/p>\n<p><em>Source: <a href=\"http:\/\/www.expertsuisse.ch\">www.expertsuisse.ch<\/a><\/em><\/p>","protected":false},"excerpt":{"rendered":"<p>The digital transformation, combined with artificial intelligence, is gaining momentum and must also be driven forward in auditing, tax and fiduciary services. However, the importance of social responsibility must not be ignored. These questions formed the core of the discussions and presentations at this year's annual conference of Expertsuisse, the expert association for auditing, tax and fiduciary services.<\/p>","protected":false},"author":80,"featured_media":30433,"comment_status":"closed","ping_status":"closed","sticky":false,"template":"","format":"standard","meta":{"_acf_changed":false,"_yoast_wpseo_focuskw":"Expertsuisse","_yoast_wpseo_metadesc":"Die digitale Transformation nimmt immer mehr Fahrt auf und muss auch in Wirtschaftspr\u00fcfung, Steuerwesen und Treuhand vorangetrieben werden.","articlekey":"","footnotes":""},"categories":[28],"tags":[319,4579,486,532],"class_list":["post-30432","post","type-post","status-publish","format-standard","has-post-thumbnail","hentry","category-management","tag-kuenstliche-intelligenz","tag-steuerwesen","tag-treuhand","tag-wirtschaftspruefung"],"acf":[],"yoast_head":"<!-- This site is optimized with the Yoast SEO plugin v27.5 - https:\/\/yoast.com\/product\/yoast-seo-wordpress\/ -->\n<title>Spannende Voten und Diskussionen an der Expertsuisse Jahrestagung - Organisator<\/title>\n<meta name=\"description\" content=\"Die digitale Transformation nimmt immer mehr Fahrt auf und muss auch in Wirtschaftspr\u00fcfung, Steuerwesen und Treuhand vorangetrieben werden.\" \/>\n<meta name=\"robots\" content=\"index, follow, max-snippet:-1, max-image-preview:large, max-video-preview:-1\" \/>\n<link rel=\"canonical\" href=\"https:\/\/www.organisator.ch\/en\/management\/2024-10-03\/spannende-voten-und-diskussionen-an-der-expertsuisse-jahrestagung\/\" \/>\n<meta property=\"og:locale\" content=\"en_US\" \/>\n<meta property=\"og:type\" content=\"article\" \/>\n<meta property=\"og:title\" content=\"Spannende Voten und Diskussionen an der Expertsuisse Jahrestagung\" \/>\n<meta property=\"og:description\" content=\"Die digitale Transformation, verbunden mit k\u00fcnstlicher Intelligenz, nimmt immer mehr Fahrt auf und muss auch in Wirtschaftspr\u00fcfung, Steuerwesen und Treuhand vorangetrieben werden.\" \/>\n<meta property=\"og:url\" content=\"https:\/\/www.organisator.ch\/en\/management\/2024-10-03\/spannende-voten-und-diskussionen-an-der-expertsuisse-jahrestagung\/\" \/>\n<meta property=\"og:site_name\" content=\"Organisator\" \/>\n<meta property=\"article:publisher\" content=\"https:\/\/www.facebook.com\/OrganisatorFachmagazin\" \/>\n<meta property=\"article:published_time\" content=\"2024-10-03T13:24:24+00:00\" \/>\n<meta property=\"og:image\" content=\"https:\/\/www.organisator.ch\/wp-content\/uploads\/2024\/10\/Expertsuisse_Bild1_ps.jpg\" \/>\n\t<meta property=\"og:image:width\" content=\"680\" \/>\n\t<meta property=\"og:image:height\" content=\"454\" \/>\n\t<meta property=\"og:image:type\" content=\"image\/jpeg\" \/>\n<meta name=\"author\" content=\"Dzana Muminovic\" \/>\n<meta name=\"twitter:card\" content=\"summary_large_image\" \/>\n<meta name=\"twitter:title\" content=\"Spannende Voten und Diskussionen an der Expertsuisse Jahrestagung\" \/>\n<meta name=\"twitter:description\" content=\"Die #digitale #Transformation, verbunden mit #k\u00fcnstlicher #Intelligenz, nimmt immer mehr Fahrt auf und muss auch in #Wirtschaftspr\u00fcfung, #Steuerwesen und #Treuhand vorangetrieben werden.\" \/>\n<meta name=\"twitter:image\" content=\"https:\/\/www.organisator.ch\/wp-content\/uploads\/2024\/10\/Expertsuisse_Bild1_ps.jpg\" \/>\n<script type=\"application\/ld+json\" class=\"yoast-schema-graph\">{\"@context\":\"https:\\\/\\\/schema.org\",\"@graph\":[{\"@type\":\"Article\",\"@id\":\"https:\\\/\\\/www.organisator.ch\\\/management\\\/2024-10-03\\\/spannende-voten-und-diskussionen-an-der-expertsuisse-jahrestagung\\\/#article\",\"isPartOf\":{\"@id\":\"https:\\\/\\\/www.organisator.ch\\\/management\\\/2024-10-03\\\/spannende-voten-und-diskussionen-an-der-expertsuisse-jahrestagung\\\/\"},\"author\":{\"name\":\"Dzana Muminovic\",\"@id\":\"https:\\\/\\\/www.organisator.ch\\\/#\\\/schema\\\/person\\\/afccda3a71c06d4be2ed9100dd163db7\"},\"headline\":\"Spannende Voten und Diskussionen an der Expertsuisse Jahrestagung\",\"datePublished\":\"2024-10-03T13:24:24+00:00\",\"mainEntityOfPage\":{\"@id\":\"https:\\\/\\\/www.organisator.ch\\\/management\\\/2024-10-03\\\/spannende-voten-und-diskussionen-an-der-expertsuisse-jahrestagung\\\/\"},\"wordCount\":621,\"publisher\":{\"@id\":\"https:\\\/\\\/www.organisator.ch\\\/#organization\"},\"image\":{\"@id\":\"https:\\\/\\\/www.organisator.ch\\\/management\\\/2024-10-03\\\/spannende-voten-und-diskussionen-an-der-expertsuisse-jahrestagung\\\/#primaryimage\"},\"thumbnailUrl\":\"https:\\\/\\\/www.organisator.ch\\\/wp-content\\\/uploads\\\/2024\\\/10\\\/Expertsuisse_Bild1_ps.jpg\",\"keywords\":[\"K\u00fcnstliche Intelligenz\",\"Steuerwesen\",\"Treuhand\",\"Wirtschaftspr\u00fcfung\"],\"articleSection\":[\"MANAGEMENT\"],\"inLanguage\":\"en-US\"},{\"@type\":\"WebPage\",\"@id\":\"https:\\\/\\\/www.organisator.ch\\\/management\\\/2024-10-03\\\/spannende-voten-und-diskussionen-an-der-expertsuisse-jahrestagung\\\/\",\"url\":\"https:\\\/\\\/www.organisator.ch\\\/management\\\/2024-10-03\\\/spannende-voten-und-diskussionen-an-der-expertsuisse-jahrestagung\\\/\",\"name\":\"Spannende Voten und Diskussionen an der Expertsuisse Jahrestagung - Organisator\",\"isPartOf\":{\"@id\":\"https:\\\/\\\/www.organisator.ch\\\/#website\"},\"primaryImageOfPage\":{\"@id\":\"https:\\\/\\\/www.organisator.ch\\\/management\\\/2024-10-03\\\/spannende-voten-und-diskussionen-an-der-expertsuisse-jahrestagung\\\/#primaryimage\"},\"image\":{\"@id\":\"https:\\\/\\\/www.organisator.ch\\\/management\\\/2024-10-03\\\/spannende-voten-und-diskussionen-an-der-expertsuisse-jahrestagung\\\/#primaryimage\"},\"thumbnailUrl\":\"https:\\\/\\\/www.organisator.ch\\\/wp-content\\\/uploads\\\/2024\\\/10\\\/Expertsuisse_Bild1_ps.jpg\",\"datePublished\":\"2024-10-03T13:24:24+00:00\",\"description\":\"Die digitale Transformation nimmt immer mehr Fahrt auf und muss auch in Wirtschaftspr\u00fcfung, Steuerwesen und Treuhand vorangetrieben werden.\",\"breadcrumb\":{\"@id\":\"https:\\\/\\\/www.organisator.ch\\\/management\\\/2024-10-03\\\/spannende-voten-und-diskussionen-an-der-expertsuisse-jahrestagung\\\/#breadcrumb\"},\"inLanguage\":\"en-US\",\"potentialAction\":[{\"@type\":\"ReadAction\",\"target\":[\"https:\\\/\\\/www.organisator.ch\\\/management\\\/2024-10-03\\\/spannende-voten-und-diskussionen-an-der-expertsuisse-jahrestagung\\\/\"]}]},{\"@type\":\"ImageObject\",\"inLanguage\":\"en-US\",\"@id\":\"https:\\\/\\\/www.organisator.ch\\\/management\\\/2024-10-03\\\/spannende-voten-und-diskussionen-an-der-expertsuisse-jahrestagung\\\/#primaryimage\",\"url\":\"https:\\\/\\\/www.organisator.ch\\\/wp-content\\\/uploads\\\/2024\\\/10\\\/Expertsuisse_Bild1_ps.jpg\",\"contentUrl\":\"https:\\\/\\\/www.organisator.ch\\\/wp-content\\\/uploads\\\/2024\\\/10\\\/Expertsuisse_Bild1_ps.jpg\",\"width\":680,\"height\":454,\"caption\":\"Bundesrat Beat Jans setzte mit seiner Rede einen H\u00f6hepunkt an der diesj\u00e4hrigen Jahrestagung von Expertsuisse. (Bild: zVg\\\/Expertsuisse)\"},{\"@type\":\"BreadcrumbList\",\"@id\":\"https:\\\/\\\/www.organisator.ch\\\/management\\\/2024-10-03\\\/spannende-voten-und-diskussionen-an-der-expertsuisse-jahrestagung\\\/#breadcrumb\",\"itemListElement\":[{\"@type\":\"ListItem\",\"position\":1,\"name\":\"Home\",\"item\":\"https:\\\/\\\/www.organisator.ch\\\/\"},{\"@type\":\"ListItem\",\"position\":2,\"name\":\"Spannende Voten und Diskussionen an der Expertsuisse Jahrestagung\"}]},{\"@type\":\"WebSite\",\"@id\":\"https:\\\/\\\/www.organisator.ch\\\/#website\",\"url\":\"https:\\\/\\\/www.organisator.ch\\\/\",\"name\":\"Organisator\",\"description\":\"Kompetent. Praxisnah. Der ORGANISATOR bereitet in 10 Ausgaben pro Jahr die wesentlichen Themen f\u00fcr F\u00fchrungskr\u00e4fte von KMU auf.\",\"publisher\":{\"@id\":\"https:\\\/\\\/www.organisator.ch\\\/#organization\"},\"potentialAction\":[{\"@type\":\"SearchAction\",\"target\":{\"@type\":\"EntryPoint\",\"urlTemplate\":\"https:\\\/\\\/www.organisator.ch\\\/?s={search_term_string}\"},\"query-input\":{\"@type\":\"PropertyValueSpecification\",\"valueRequired\":true,\"valueName\":\"search_term_string\"}}],\"inLanguage\":\"en-US\"},{\"@type\":\"Organization\",\"@id\":\"https:\\\/\\\/www.organisator.ch\\\/#organization\",\"name\":\"Organisator\",\"url\":\"https:\\\/\\\/www.organisator.ch\\\/\",\"logo\":{\"@type\":\"ImageObject\",\"inLanguage\":\"en-US\",\"@id\":\"https:\\\/\\\/www.organisator.ch\\\/#\\\/schema\\\/logo\\\/image\\\/\",\"url\":\"https:\\\/\\\/www.organisator.ch\\\/wp-content\\\/uploads\\\/2022\\\/01\\\/Logo_Organisator_Website.png\",\"contentUrl\":\"https:\\\/\\\/www.organisator.ch\\\/wp-content\\\/uploads\\\/2022\\\/01\\\/Logo_Organisator_Website.png\",\"width\":800,\"height\":77,\"caption\":\"Organisator\"},\"image\":{\"@id\":\"https:\\\/\\\/www.organisator.ch\\\/#\\\/schema\\\/logo\\\/image\\\/\"},\"sameAs\":[\"https:\\\/\\\/www.facebook.com\\\/OrganisatorFachmagazin\",\"https:\\\/\\\/www.linkedin.com\\\/showcase\\\/organisator-das-magazin-fr-kmu\",\"https:\\\/\\\/www.xing.com\\\/news\\\/pages\\\/organisator-ch-695\",\"https:\\\/\\\/www.youtube.com\\\/channel\\\/UCGP2Sq0iWaZwT3BdIAQFYpw\"]},{\"@type\":\"Person\",\"@id\":\"https:\\\/\\\/www.organisator.ch\\\/#\\\/schema\\\/person\\\/afccda3a71c06d4be2ed9100dd163db7\",\"name\":\"Dzana Muminovic\",\"image\":{\"@type\":\"ImageObject\",\"inLanguage\":\"en-US\",\"@id\":\"https:\\\/\\\/secure.gravatar.com\\\/avatar\\\/909c5c71aff4b38e88686f2ab2f1ba152571f394f41ed8bae431ea56ced93050?s=96&d=mm&r=g\",\"url\":\"https:\\\/\\\/secure.gravatar.com\\\/avatar\\\/909c5c71aff4b38e88686f2ab2f1ba152571f394f41ed8bae431ea56ced93050?s=96&d=mm&r=g\",\"contentUrl\":\"https:\\\/\\\/secure.gravatar.com\\\/avatar\\\/909c5c71aff4b38e88686f2ab2f1ba152571f394f41ed8bae431ea56ced93050?s=96&d=mm&r=g\",\"caption\":\"Dzana Muminovic\"},\"url\":\"https:\\\/\\\/www.organisator.ch\\\/en\\\/author\\\/dzana-muminovic\\\/\"}]}<\/script>\n<!-- \/ Yoast SEO plugin. -->","yoast_head_json":{"title":"Exciting speeches and discussions at the Expertsuisse annual conference - Organizer","description":"The digital transformation is gaining momentum and must also be driven forward in auditing, tax and fiduciary services.","robots":{"index":"index","follow":"follow","max-snippet":"max-snippet:-1","max-image-preview":"max-image-preview:large","max-video-preview":"max-video-preview:-1"},"canonical":"https:\/\/www.organisator.ch\/en\/management\/2024-10-03\/spannende-voten-und-diskussionen-an-der-expertsuisse-jahrestagung\/","og_locale":"en_US","og_type":"article","og_title":"Spannende Voten und Diskussionen an der Expertsuisse Jahrestagung","og_description":"Die digitale Transformation, verbunden mit k\u00fcnstlicher Intelligenz, nimmt immer mehr Fahrt auf und muss auch in Wirtschaftspr\u00fcfung, Steuerwesen und Treuhand vorangetrieben werden.","og_url":"https:\/\/www.organisator.ch\/en\/management\/2024-10-03\/spannende-voten-und-diskussionen-an-der-expertsuisse-jahrestagung\/","og_site_name":"Organisator","article_publisher":"https:\/\/www.facebook.com\/OrganisatorFachmagazin","article_published_time":"2024-10-03T13:24:24+00:00","og_image":[{"width":680,"height":454,"url":"https:\/\/www.organisator.ch\/wp-content\/uploads\/2024\/10\/Expertsuisse_Bild1_ps.jpg","type":"image\/jpeg"}],"author":"Dzana Muminovic","twitter_card":"summary_large_image","twitter_title":"Spannende Voten und Diskussionen an der Expertsuisse Jahrestagung","twitter_description":"Die #digitale #Transformation, verbunden mit #k\u00fcnstlicher #Intelligenz, nimmt immer mehr Fahrt auf und muss auch in #Wirtschaftspr\u00fcfung, #Steuerwesen und #Treuhand vorangetrieben werden.","twitter_image":"https:\/\/www.organisator.ch\/wp-content\/uploads\/2024\/10\/Expertsuisse_Bild1_ps.jpg","schema":{"@context":"https:\/\/schema.org","@graph":[{"@type":"Article","@id":"https:\/\/www.organisator.ch\/management\/2024-10-03\/spannende-voten-und-diskussionen-an-der-expertsuisse-jahrestagung\/#article","isPartOf":{"@id":"https:\/\/www.organisator.ch\/management\/2024-10-03\/spannende-voten-und-diskussionen-an-der-expertsuisse-jahrestagung\/"},"author":{"name":"Dzana Muminovic","@id":"https:\/\/www.organisator.ch\/#\/schema\/person\/afccda3a71c06d4be2ed9100dd163db7"},"headline":"Spannende Voten und Diskussionen an der Expertsuisse Jahrestagung","datePublished":"2024-10-03T13:24:24+00:00","mainEntityOfPage":{"@id":"https:\/\/www.organisator.ch\/management\/2024-10-03\/spannende-voten-und-diskussionen-an-der-expertsuisse-jahrestagung\/"},"wordCount":621,"publisher":{"@id":"https:\/\/www.organisator.ch\/#organization"},"image":{"@id":"https:\/\/www.organisator.ch\/management\/2024-10-03\/spannende-voten-und-diskussionen-an-der-expertsuisse-jahrestagung\/#primaryimage"},"thumbnailUrl":"https:\/\/www.organisator.ch\/wp-content\/uploads\/2024\/10\/Expertsuisse_Bild1_ps.jpg","keywords":["K\u00fcnstliche Intelligenz","Steuerwesen","Treuhand","Wirtschaftspr\u00fcfung"],"articleSection":["MANAGEMENT"],"inLanguage":"en-US"},{"@type":"WebPage","@id":"https:\/\/www.organisator.ch\/management\/2024-10-03\/spannende-voten-und-diskussionen-an-der-expertsuisse-jahrestagung\/","url":"https:\/\/www.organisator.ch\/management\/2024-10-03\/spannende-voten-und-diskussionen-an-der-expertsuisse-jahrestagung\/","name":"Exciting speeches and discussions at the Expertsuisse annual conference - Organizer","isPartOf":{"@id":"https:\/\/www.organisator.ch\/#website"},"primaryImageOfPage":{"@id":"https:\/\/www.organisator.ch\/management\/2024-10-03\/spannende-voten-und-diskussionen-an-der-expertsuisse-jahrestagung\/#primaryimage"},"image":{"@id":"https:\/\/www.organisator.ch\/management\/2024-10-03\/spannende-voten-und-diskussionen-an-der-expertsuisse-jahrestagung\/#primaryimage"},"thumbnailUrl":"https:\/\/www.organisator.ch\/wp-content\/uploads\/2024\/10\/Expertsuisse_Bild1_ps.jpg","datePublished":"2024-10-03T13:24:24+00:00","description":"The digital transformation is gaining momentum and must also be driven forward in auditing, tax and fiduciary services.","breadcrumb":{"@id":"https:\/\/www.organisator.ch\/management\/2024-10-03\/spannende-voten-und-diskussionen-an-der-expertsuisse-jahrestagung\/#breadcrumb"},"inLanguage":"en-US","potentialAction":[{"@type":"ReadAction","target":["https:\/\/www.organisator.ch\/management\/2024-10-03\/spannende-voten-und-diskussionen-an-der-expertsuisse-jahrestagung\/"]}]},{"@type":"ImageObject","inLanguage":"en-US","@id":"https:\/\/www.organisator.ch\/management\/2024-10-03\/spannende-voten-und-diskussionen-an-der-expertsuisse-jahrestagung\/#primaryimage","url":"https:\/\/www.organisator.ch\/wp-content\/uploads\/2024\/10\/Expertsuisse_Bild1_ps.jpg","contentUrl":"https:\/\/www.organisator.ch\/wp-content\/uploads\/2024\/10\/Expertsuisse_Bild1_ps.jpg","width":680,"height":454,"caption":"Bundesrat Beat Jans setzte mit seiner Rede einen H\u00f6hepunkt an der diesj\u00e4hrigen Jahrestagung von Expertsuisse. (Bild: zVg\/Expertsuisse)"},{"@type":"BreadcrumbList","@id":"https:\/\/www.organisator.ch\/management\/2024-10-03\/spannende-voten-und-diskussionen-an-der-expertsuisse-jahrestagung\/#breadcrumb","itemListElement":[{"@type":"ListItem","position":1,"name":"Home","item":"https:\/\/www.organisator.ch\/"},{"@type":"ListItem","position":2,"name":"Spannende Voten und Diskussionen an der Expertsuisse Jahrestagung"}]},{"@type":"WebSite","@id":"https:\/\/www.organisator.ch\/#website","url":"https:\/\/www.organisator.ch\/","name":"Organizer","description":"Competent. Practical. In 10 issues per year, ORGANISATOR presents the essential topics for managers of SMEs.","publisher":{"@id":"https:\/\/www.organisator.ch\/#organization"},"potentialAction":[{"@type":"SearchAction","target":{"@type":"EntryPoint","urlTemplate":"https:\/\/www.organisator.ch\/?s={search_term_string}"},"query-input":{"@type":"PropertyValueSpecification","valueRequired":true,"valueName":"search_term_string"}}],"inLanguage":"en-US"},{"@type":"Organization","@id":"https:\/\/www.organisator.ch\/#organization","name":"Organizer","url":"https:\/\/www.organisator.ch\/","logo":{"@type":"ImageObject","inLanguage":"en-US","@id":"https:\/\/www.organisator.ch\/#\/schema\/logo\/image\/","url":"https:\/\/www.organisator.ch\/wp-content\/uploads\/2022\/01\/Logo_Organisator_Website.png","contentUrl":"https:\/\/www.organisator.ch\/wp-content\/uploads\/2022\/01\/Logo_Organisator_Website.png","width":800,"height":77,"caption":"Organisator"},"image":{"@id":"https:\/\/www.organisator.ch\/#\/schema\/logo\/image\/"},"sameAs":["https:\/\/www.facebook.com\/OrganisatorFachmagazin","https:\/\/www.linkedin.com\/showcase\/organisator-das-magazin-fr-kmu","https:\/\/www.xing.com\/news\/pages\/organisator-ch-695","https:\/\/www.youtube.com\/channel\/UCGP2Sq0iWaZwT3BdIAQFYpw"]},{"@type":"Person","@id":"https:\/\/www.organisator.ch\/#\/schema\/person\/afccda3a71c06d4be2ed9100dd163db7","name":"Dzana Muminovic","image":{"@type":"ImageObject","inLanguage":"en-US","@id":"https:\/\/secure.gravatar.com\/avatar\/909c5c71aff4b38e88686f2ab2f1ba152571f394f41ed8bae431ea56ced93050?s=96&d=mm&r=g","url":"https:\/\/secure.gravatar.com\/avatar\/909c5c71aff4b38e88686f2ab2f1ba152571f394f41ed8bae431ea56ced93050?s=96&d=mm&r=g","contentUrl":"https:\/\/secure.gravatar.com\/avatar\/909c5c71aff4b38e88686f2ab2f1ba152571f394f41ed8bae431ea56ced93050?s=96&d=mm&r=g","caption":"Dzana Muminovic"},"url":"https:\/\/www.organisator.ch\/en\/author\/dzana-muminovic\/"}]}},"_links":{"self":[{"href":"https:\/\/www.organisator.ch\/en\/wp-json\/wp\/v2\/posts\/30432","targetHints":{"allow":["GET"]}}],"collection":[{"href":"https:\/\/www.organisator.ch\/en\/wp-json\/wp\/v2\/posts"}],"about":[{"href":"https:\/\/www.organisator.ch\/en\/wp-json\/wp\/v2\/types\/post"}],"author":[{"embeddable":true,"href":"https:\/\/www.organisator.ch\/en\/wp-json\/wp\/v2\/users\/80"}],"replies":[{"embeddable":true,"href":"https:\/\/www.organisator.ch\/en\/wp-json\/wp\/v2\/comments?post=30432"}],"version-history":[{"count":4,"href":"https:\/\/www.organisator.ch\/en\/wp-json\/wp\/v2\/posts\/30432\/revisions"}],"predecessor-version":[{"id":30458,"href":"https:\/\/www.organisator.ch\/en\/wp-json\/wp\/v2\/posts\/30432\/revisions\/30458"}],"wp:featuredmedia":[{"embeddable":true,"href":"https:\/\/www.organisator.ch\/en\/wp-json\/wp\/v2\/media\/30433"}],"wp:attachment":[{"href":"https:\/\/www.organisator.ch\/en\/wp-json\/wp\/v2\/media?parent=30432"}],"wp:term":[{"taxonomy":"category","embeddable":true,"href":"https:\/\/www.organisator.ch\/en\/wp-json\/wp\/v2\/categories?post=30432"},{"taxonomy":"post_tag","embeddable":true,"href":"https:\/\/www.organisator.ch\/en\/wp-json\/wp\/v2\/tags?post=30432"}],"curies":[{"name":"wp","href":"https:\/\/api.w.org\/{rel}","templated":true}]}}