{"id":30454,"date":"2024-10-03T16:59:59","date_gmt":"2024-10-03T14:59:59","guid":{"rendered":"https:\/\/www.markt-kom.com\/?p=224475"},"modified":"2024-11-08T05:29:02","modified_gmt":"2024-11-08T04:29:02","slug":"ki-und-nachhaltigkeit-im-fokus-des-graubuenden-tourismustag-2024","status":"publish","type":"post","link":"https:\/\/www.organisator.ch\/en\/marketing\/2024-10-03\/ki-und-nachhaltigkeit-im-fokus-des-graubuenden-tourismustag-2024\/","title":{"rendered":"AI and sustainability in focus at the Graub\u00fcnden Tourism Day 2024"},"content":{"rendered":"<figure id=\"attachment_224486\" class=\"wp-caption aligncenter\" style=\"width: 1200px\" aria-describedby=\"caption-attachment-224486\"><img class=\"aligncenter wp-image-224486 size-full\" src=\"https:\/\/www.markt-kom.com\/wp-content\/uploads\/2024\/10\/Martin-Vincenz_Claudio-Zuccolini-1.jpg\" alt=\"Graub\u00fcnden Tourism Day 2024\" width=\"1200\" height=\"802\" \/>\r\n<figcaption id=\"caption-attachment-224486\" class=\"wp-caption-text\">Martin Vincenz (left) opens the Tourism Day 2024 in Arosa together with co-host Claudio Zuccolini. (Pictures: zVg. Graub\u00fcnden vacations)<\/figcaption>\r\n<\/figure>\r\n<p>For the fourth time since 2019, Graub\u00fcnden Holidays CEO Martin Vincenz welcomed the industry to a Graub\u00fcnden Tourism Day on October 2 and 3, 2024. Around 160 representatives and service providers from Graub\u00fcnden tourism attended the presentations and panel discussions on the topics of artificial intelligence (AI) and sustainability in tourism at the Arosa Sports and Congress Center. Cantonal Councillor Marcus Caduff emphasized at the opening that the various challenges must be tackled together.<\/p>\r\n<figure id=\"attachment_224484\" class=\"wp-caption aligncenter\" style=\"width: 1200px\" aria-describedby=\"caption-attachment-224484\"><img class=\"wp-image-224484 size-full\" src=\"https:\/\/www.markt-kom.com\/wp-content\/uploads\/2024\/10\/Marcus-Caduff_Maria-Victoria-Haas.jpg\" alt=\"\" width=\"1200\" height=\"802\" \/>\r\n<figcaption id=\"caption-attachment-224484\" class=\"wp-caption-text\">Councillor Marcus Caduff in conversation with co-host Maria Victoria Haas.<\/figcaption>\r\n<\/figure>\r\n<p>Between fascination and danger<br \/>\r\nKeynote speaker Roger Basler de Roca provided an introduction to the conference topic of AI. According to the digital entrepreneur, we could actually also talk about \"creative inspiration\". AI is like a creative spark that ignites new ideas and inspires innovative solutions. \"The machine is artificial, the intelligence comes from humans.\"<\/p>\r\n<figure id=\"attachment_224483\" class=\"wp-caption aligncenter\" style=\"width: 1200px\" aria-describedby=\"caption-attachment-224483\"><img class=\"size-full wp-image-224483\" src=\"https:\/\/www.markt-kom.com\/wp-content\/uploads\/2024\/10\/Roger-Basler-de-Roca.jpg\" alt=\"\" width=\"1200\" height=\"802\" \/>\r\n<figcaption id=\"caption-attachment-224483\" class=\"wp-caption-text\">Roger Basler de Roca introduces the world of AI on Tourism Day.<\/figcaption>\r\n<\/figure>\r\n<p>Manuel Altermatt, Software Engineering Manager at Google, gave a more critical outlook on AI, even though he is generally a great advocate of the new technology. AI in the hands of abusers could be devastating. \"This will undermine the human trust system as we know it,\" said Altermatt. What's more, unintended consequences of the use of AI are more critical than \"malicious\" AI.<\/p>\r\n<figure id=\"attachment_224482\" class=\"wp-caption aligncenter\" style=\"width: 1200px\" aria-describedby=\"caption-attachment-224482\"><img class=\"size-full wp-image-224482\" src=\"https:\/\/www.markt-kom.com\/wp-content\/uploads\/2024\/10\/Manuel-Altermatt.jpg\" alt=\"\" width=\"1200\" height=\"802\" \/>\r\n<figcaption id=\"caption-attachment-224482\" class=\"wp-caption-text\">Manuel Altermatt explains the risks associated with AI.<\/figcaption>\r\n<\/figure>\r\n<p>Philosopher and publicist Ludwig Hasler categorized the topic from a social perspective. AI would take the relationship between man and machine to a new level. \"The crucial question is what we want with AI.\" Referring to Immanuel Kant, he named sleep - or regeneration and dreaming -, hope and laughter as the three things that make humans superior to machines.<\/p>\r\n<figure id=\"attachment_224480\" class=\"wp-caption aligncenter\" style=\"width: 1200px\" aria-describedby=\"caption-attachment-224480\"><img class=\"size-full wp-image-224480\" src=\"https:\/\/www.markt-kom.com\/wp-content\/uploads\/2024\/10\/Ludwig-Hasler.jpg\" alt=\"\" width=\"1200\" height=\"801\" \/>\r\n<figcaption id=\"caption-attachment-224480\" class=\"wp-caption-text\">What still distinguishes humans from machines? Philosopher Ludwig Hasler sums up.<\/figcaption>\r\n<\/figure>\r\n<h3>Using AI responsibly<\/h3>\r\n<p>Rainer Karcher, CEO and founder of Heartprint, built a bridge from AI to sustainability, the second major conference topic at the Graub\u00fcnden Tourism Day. The key is to use responsible AI, he said. In terms of sustainability, AI can be used to mitigate climate change as well as to optimize the use of resources. He cited the enormous energy requirements of the new technologies as a problem.<\/p>\r\n<p>Short presentations by various service providers gave an insight into current applications and projects at the Tourism Day. The company Fair unterwegs specializes in environmentally friendly travel experiences in Switzerland, Travelise offers surprise trips to steer guests, and Cirkel Supply promotes the circular economy through rental ski clothing. From Chiping comes the first \"intelligent\" golf ball that doesn't \"get lost\". Equally innovative is Skip's first active hiking pants with a built-in electric motor.<\/p>\r\n<p>The Digital Tourism Trend Radar 2024 from Inside Labs provides a comprehensive analysis of the current and future impact of data and technology on the tourism industry. At the Tourism Day, AI lecturer Gion Sialm from the University of Applied Sciences Graub\u00fcnden provided specific guidance for efficient prompts. Representing the NextGen Tourism Board of the Graub\u00fcnden Tourism Alliance, Jamie Rizzi from the Hotel Schweizerhof Lenzerheide said: \"We want to help shape the future of the tourism canton.\"<\/p>\r\n<h3>How far along is tourism?<\/h3>\r\n<p>The need for a more sustainable approach has been recognized in the tourism industry. In Arosa, the impact of tourism is considered in all dimensions - on nature, society and the economy, said Claudio F\u00f6hn, Head of Arosa 2030. According to Philipp Niederberger, Director of the Swiss Tourism Association, the conditions for a more sustainable development of the travel industry in Switzerland are good. Martina Hollenstein Stadler, Project Manager at Graub\u00fcnden Ferien, called for sustainability to become the standard.<\/p>\r\n<p>Pascale Berclaz, Director of Made in Bern, Janine Rupf, Head of Marketing Zurich Tourism, Karin Seiler, Managing Director of Tirol Werbung, and Martin Vincenz, CEO of Graub\u00fcnden Ferien, discussed whether cities or Alpine regions have the edge. There is no clear-cut answer; aspects such as mobility, added value and acceptance of tourism among the population can all be weighed in the balance. \"It is important that we see the city and the countryside as a whole experience,\" explained Pascale Berclaz.<\/p>\r\n<figure id=\"attachment_224479\" class=\"wp-caption aligncenter\" style=\"width: 1200px\" aria-describedby=\"caption-attachment-224479\"><img class=\"size-full wp-image-224479\" src=\"https:\/\/www.markt-kom.com\/wp-content\/uploads\/2024\/10\/Panel_Tourismusregionen.jpg\" alt=\"\" width=\"1200\" height=\"802\" \/>\r\n<figcaption id=\"caption-attachment-224479\" class=\"wp-caption-text\">International Tourism Panel chaired by Maria Victoria Haas (right) with Karin Seiler (Tyrol), Janine Rupf (Zurich), Pascale Berclaz (Bern) and Martin Vincenz (Graub\u00fcnden) (from left).<\/figcaption>\r\n<\/figure>\r\n<h3>A \"must-plus\" for the economy<\/h3>\r\n<p>Sustainability also offers new opportunities in other sectors of the economy. Johanna Gollnhofer, Director of the Institute for Marketing and Customer Insight at the University of St. Gallen, called it the 60 percent potential - the proportion of people who have a \"green attitude\" but do not act accordingly. For the broad masses, the classic customer benefit must be at an advantage with more sustainable offers.<\/p>\r\n<p>Vanessa Rueber used the example of Patagonia Switzerland to underline the fact that prioritizing environmental sustainability also works from a company perspective and does not come at the expense of profitability. \"In everything we do, we pay attention to how we do it,\" said the Community Marketing and Impact Manager of the outdoor sports apparel company. Products are measured and improved strictly according to sustainability criteria.<\/p>\r\n<p>Sustainability is just as holistically anchored in the Graub\u00fcndner Kantonalbank organization. \"Thinking and acting sustainably is part of the consistent implementation of our vision and strategy,\" says Martina M\u00fcller-Kamp, member of the Executive Board. In terms of communication, the aim is to present a holistic, consistent and credible image and also to create lasting memories.<\/p>\r\n<h3>Exclusive insight into guest survey<\/h3>\r\n<p>For the first time ever, results from Switzerland Tourism's new national guest survey were presented at the Graub\u00fcnden Tourism Day. Over 22,000 overnight guests from Switzerland and abroad were surveyed for the Tourism Monitor Switzerland 2023. The results show the guest structure, main travel motives as well as the touristic strengths and weaknesses of a region. Stefan K\u00fcnzle, Head of Digital Management, presented the results for Graub\u00fcnden on behalf of Switzerland Tourism.<\/p>\r\n<figure id=\"attachment_224481\" class=\"wp-caption aligncenter\" style=\"width: 1200px\" aria-describedby=\"caption-attachment-224481\"><img class=\"size-full wp-image-224481\" src=\"https:\/\/www.markt-kom.com\/wp-content\/uploads\/2024\/10\/Stefan-Kuenzle.jpg\" alt=\"\" width=\"1200\" height=\"802\" \/>\r\n<figcaption id=\"caption-attachment-224481\" class=\"wp-caption-text\">\"Graub\u00fcnden is the number 1 for active vacations in Switzerland\": Stefan K\u00fcnzle shows the Graub\u00fcnden results from the new national guest survey by Switzerland Tourism.<\/figcaption>\r\n<\/figure>\r\n<p>Graub\u00fcnden stands out from its domestic competitors in particular due to its high proportion of sports and leisure guests (71 %). These include an above-average number of regular guests from two clear main markets: Switzerland (63 %) and Germany (18 %). The vacation region's best differentiators include sport, public transport and cuisine. In summary, Graub\u00fcnden is the number 1 for active vacations in Switzerland. Over a quarter of respondents named winter sports as Graub\u00fcnden's greatest strength. The biggest \"weakness\" from the guests' point of view is the price level.<\/p>\r\n<figure id=\"attachment_224485\" class=\"wp-caption aligncenter\" style=\"width: 1200px\" aria-describedby=\"caption-attachment-224485\"><img class=\"size-full wp-image-224485\" src=\"https:\/\/www.markt-kom.com\/wp-content\/uploads\/2024\/10\/GRF_Inspiration-Night.jpg\" alt=\"\" width=\"1200\" height=\"800\" \/>\r\n<figcaption id=\"caption-attachment-224485\" class=\"wp-caption-text\">The tourism industry makes new contacts at the Inspiration Night in the Arosa goods shed.<\/figcaption>\r\n<\/figure>\r\n<figure id=\"attachment_224478\" class=\"wp-caption aligncenter\" style=\"width: 1200px\" aria-describedby=\"caption-attachment-224478\"><img class=\"size-full wp-image-224478\" src=\"https:\/\/www.markt-kom.com\/wp-content\/uploads\/2024\/10\/Sport_Kongresszentrum-Arosa.jpg\" alt=\"\" width=\"1200\" height=\"802\" \/>\r\n<figcaption id=\"caption-attachment-224478\" class=\"wp-caption-text\">Participants follow the Graub\u00fcnden Tourism Day at the Arosa Sports and Congress Center.<\/figcaption>\r\n<\/figure>","protected":false},"excerpt":{"rendered":"<p>Graub\u00fcnden tourism is embracing megatrends: At the Tourism Day 2024 organized by Graub\u00fcnden Ferien in Arosa, the opportunities and challenges in dealing with artificial intelligence and a more sustainable development of the travel industry were discussed. Around 160 participants received strategy tips and practical examples for their day-to-day work.<\/p>","protected":false},"author":8,"featured_media":0,"comment_status":"closed","ping_status":"closed","sticky":false,"template":"","format":"standard","meta":{"_acf_changed":false,"_yoast_wpseo_focuskw":"Graub\u00fcnden Tourismustag 2024","_yoast_wpseo_metadesc":"Graub\u00fcnden Tourismustag 2024 in Arosa: 160 Experten diskutieren KI und Nachhaltigkeit im Tourismus.","articlekey":"","footnotes":""},"categories":[29],"tags":[3473,4343],"class_list":["post-30454","post","type-post","status-publish","format-standard","hentry","category-marketing","tag-graubuenden-ferien-grf","tag-markom"],"acf":[],"yoast_head":"<!-- This site is optimized with the Yoast SEO plugin v27.5 - https:\/\/yoast.com\/product\/yoast-seo-wordpress\/ -->\n<title>KI und Nachhaltigkeit im Fokus des Graub\u00fcnden Tourismustag 2024 - Organisator<\/title>\n<meta name=\"description\" content=\"Graub\u00fcnden Tourismustag 2024 in Arosa: 160 Experten diskutieren KI und Nachhaltigkeit im Tourismus.\" \/>\n<meta name=\"robots\" content=\"index, follow, max-snippet:-1, max-image-preview:large, max-video-preview:-1\" \/>\n<link rel=\"canonical\" href=\"https:\/\/www.organisator.ch\/en\/marketing\/2024-10-03\/ki-und-nachhaltigkeit-im-fokus-des-graubuenden-tourismustag-2024\/\" \/>\n<meta property=\"og:locale\" content=\"en_US\" \/>\n<meta property=\"og:type\" content=\"article\" \/>\n<meta property=\"og:title\" content=\"KI und Nachhaltigkeit im Fokus des Graub\u00fcnden Tourismustag 2024 - Organisator\" \/>\n<meta property=\"og:description\" content=\"Graub\u00fcnden Tourismustag 2024 in Arosa: 160 Experten diskutieren KI und Nachhaltigkeit im Tourismus.\" \/>\n<meta property=\"og:url\" content=\"https:\/\/www.organisator.ch\/en\/marketing\/2024-10-03\/ki-und-nachhaltigkeit-im-fokus-des-graubuenden-tourismustag-2024\/\" \/>\n<meta property=\"og:site_name\" content=\"Organisator\" \/>\n<meta property=\"article:publisher\" content=\"https:\/\/www.facebook.com\/OrganisatorFachmagazin\" \/>\n<meta property=\"article:published_time\" content=\"2024-10-03T14:59:59+00:00\" \/>\n<meta property=\"article:modified_time\" content=\"2024-11-08T04:29:02+00:00\" \/>\n<meta property=\"og:image\" content=\"https:\/\/www.markt-kom.com\/wp-content\/uploads\/2024\/10\/Martin-Vincenz_Claudio-Zuccolini-1.jpg\" \/>\n<meta name=\"author\" content=\"galledia\" \/>\n<meta name=\"twitter:card\" content=\"summary_large_image\" \/>\n<meta name=\"twitter:creator\" content=\"@admin\" \/>\n<script type=\"application\/ld+json\" class=\"yoast-schema-graph\">{\"@context\":\"https:\\\/\\\/schema.org\",\"@graph\":[{\"@type\":\"Article\",\"@id\":\"https:\\\/\\\/www.organisator.ch\\\/marketing\\\/2024-10-03\\\/ki-und-nachhaltigkeit-im-fokus-des-graubuenden-tourismustag-2024\\\/#article\",\"isPartOf\":{\"@id\":\"https:\\\/\\\/www.organisator.ch\\\/marketing\\\/2024-10-03\\\/ki-und-nachhaltigkeit-im-fokus-des-graubuenden-tourismustag-2024\\\/\"},\"author\":{\"name\":\"galledia\",\"@id\":\"https:\\\/\\\/www.organisator.ch\\\/#\\\/schema\\\/person\\\/4e51799071cd2dd1232ac003643ef5f0\"},\"headline\":\"KI und Nachhaltigkeit im Fokus des Graub\u00fcnden Tourismustag 2024\",\"datePublished\":\"2024-10-03T14:59:59+00:00\",\"dateModified\":\"2024-11-08T04:29:02+00:00\",\"mainEntityOfPage\":{\"@id\":\"https:\\\/\\\/www.organisator.ch\\\/marketing\\\/2024-10-03\\\/ki-und-nachhaltigkeit-im-fokus-des-graubuenden-tourismustag-2024\\\/\"},\"wordCount\":1114,\"publisher\":{\"@id\":\"https:\\\/\\\/www.organisator.ch\\\/#organization\"},\"image\":{\"@id\":\"https:\\\/\\\/www.organisator.ch\\\/marketing\\\/2024-10-03\\\/ki-und-nachhaltigkeit-im-fokus-des-graubuenden-tourismustag-2024\\\/#primaryimage\"},\"thumbnailUrl\":\"https:\\\/\\\/www.markt-kom.com\\\/wp-content\\\/uploads\\\/2024\\\/10\\\/Martin-Vincenz_Claudio-Zuccolini-1.jpg\",\"keywords\":[\"Graub\u00fcnden Ferien GRF\",\"MarKom\"],\"articleSection\":[\"MARKETING\"],\"inLanguage\":\"en-US\"},{\"@type\":\"WebPage\",\"@id\":\"https:\\\/\\\/www.organisator.ch\\\/marketing\\\/2024-10-03\\\/ki-und-nachhaltigkeit-im-fokus-des-graubuenden-tourismustag-2024\\\/\",\"url\":\"https:\\\/\\\/www.organisator.ch\\\/marketing\\\/2024-10-03\\\/ki-und-nachhaltigkeit-im-fokus-des-graubuenden-tourismustag-2024\\\/\",\"name\":\"KI und Nachhaltigkeit im Fokus des Graub\u00fcnden Tourismustag 2024 - Organisator\",\"isPartOf\":{\"@id\":\"https:\\\/\\\/www.organisator.ch\\\/#website\"},\"primaryImageOfPage\":{\"@id\":\"https:\\\/\\\/www.organisator.ch\\\/marketing\\\/2024-10-03\\\/ki-und-nachhaltigkeit-im-fokus-des-graubuenden-tourismustag-2024\\\/#primaryimage\"},\"image\":{\"@id\":\"https:\\\/\\\/www.organisator.ch\\\/marketing\\\/2024-10-03\\\/ki-und-nachhaltigkeit-im-fokus-des-graubuenden-tourismustag-2024\\\/#primaryimage\"},\"thumbnailUrl\":\"https:\\\/\\\/www.markt-kom.com\\\/wp-content\\\/uploads\\\/2024\\\/10\\\/Martin-Vincenz_Claudio-Zuccolini-1.jpg\",\"datePublished\":\"2024-10-03T14:59:59+00:00\",\"dateModified\":\"2024-11-08T04:29:02+00:00\",\"description\":\"Graub\u00fcnden Tourismustag 2024 in Arosa: 160 Experten diskutieren KI und Nachhaltigkeit im Tourismus.\",\"breadcrumb\":{\"@id\":\"https:\\\/\\\/www.organisator.ch\\\/marketing\\\/2024-10-03\\\/ki-und-nachhaltigkeit-im-fokus-des-graubuenden-tourismustag-2024\\\/#breadcrumb\"},\"inLanguage\":\"en-US\",\"potentialAction\":[{\"@type\":\"ReadAction\",\"target\":[\"https:\\\/\\\/www.organisator.ch\\\/marketing\\\/2024-10-03\\\/ki-und-nachhaltigkeit-im-fokus-des-graubuenden-tourismustag-2024\\\/\"]}]},{\"@type\":\"ImageObject\",\"inLanguage\":\"en-US\",\"@id\":\"https:\\\/\\\/www.organisator.ch\\\/marketing\\\/2024-10-03\\\/ki-und-nachhaltigkeit-im-fokus-des-graubuenden-tourismustag-2024\\\/#primaryimage\",\"url\":\"https:\\\/\\\/www.markt-kom.com\\\/wp-content\\\/uploads\\\/2024\\\/10\\\/Martin-Vincenz_Claudio-Zuccolini-1.jpg\",\"contentUrl\":\"https:\\\/\\\/www.markt-kom.com\\\/wp-content\\\/uploads\\\/2024\\\/10\\\/Martin-Vincenz_Claudio-Zuccolini-1.jpg\"},{\"@type\":\"BreadcrumbList\",\"@id\":\"https:\\\/\\\/www.organisator.ch\\\/marketing\\\/2024-10-03\\\/ki-und-nachhaltigkeit-im-fokus-des-graubuenden-tourismustag-2024\\\/#breadcrumb\",\"itemListElement\":[{\"@type\":\"ListItem\",\"position\":1,\"name\":\"Home\",\"item\":\"https:\\\/\\\/www.organisator.ch\\\/\"},{\"@type\":\"ListItem\",\"position\":2,\"name\":\"KI und Nachhaltigkeit im Fokus des Graub\u00fcnden Tourismustag 2024\"}]},{\"@type\":\"WebSite\",\"@id\":\"https:\\\/\\\/www.organisator.ch\\\/#website\",\"url\":\"https:\\\/\\\/www.organisator.ch\\\/\",\"name\":\"Organisator\",\"description\":\"Kompetent. Praxisnah. Der ORGANISATOR bereitet in 10 Ausgaben pro Jahr die wesentlichen Themen f\u00fcr F\u00fchrungskr\u00e4fte von KMU auf.\",\"publisher\":{\"@id\":\"https:\\\/\\\/www.organisator.ch\\\/#organization\"},\"potentialAction\":[{\"@type\":\"SearchAction\",\"target\":{\"@type\":\"EntryPoint\",\"urlTemplate\":\"https:\\\/\\\/www.organisator.ch\\\/?s={search_term_string}\"},\"query-input\":{\"@type\":\"PropertyValueSpecification\",\"valueRequired\":true,\"valueName\":\"search_term_string\"}}],\"inLanguage\":\"en-US\"},{\"@type\":\"Organization\",\"@id\":\"https:\\\/\\\/www.organisator.ch\\\/#organization\",\"name\":\"Organisator\",\"url\":\"https:\\\/\\\/www.organisator.ch\\\/\",\"logo\":{\"@type\":\"ImageObject\",\"inLanguage\":\"en-US\",\"@id\":\"https:\\\/\\\/www.organisator.ch\\\/#\\\/schema\\\/logo\\\/image\\\/\",\"url\":\"https:\\\/\\\/www.organisator.ch\\\/wp-content\\\/uploads\\\/2022\\\/01\\\/Logo_Organisator_Website.png\",\"contentUrl\":\"https:\\\/\\\/www.organisator.ch\\\/wp-content\\\/uploads\\\/2022\\\/01\\\/Logo_Organisator_Website.png\",\"width\":800,\"height\":77,\"caption\":\"Organisator\"},\"image\":{\"@id\":\"https:\\\/\\\/www.organisator.ch\\\/#\\\/schema\\\/logo\\\/image\\\/\"},\"sameAs\":[\"https:\\\/\\\/www.facebook.com\\\/OrganisatorFachmagazin\",\"https:\\\/\\\/www.linkedin.com\\\/showcase\\\/organisator-das-magazin-fr-kmu\",\"https:\\\/\\\/www.xing.com\\\/news\\\/pages\\\/organisator-ch-695\",\"https:\\\/\\\/www.youtube.com\\\/channel\\\/UCGP2Sq0iWaZwT3BdIAQFYpw\"]},{\"@type\":\"Person\",\"@id\":\"https:\\\/\\\/www.organisator.ch\\\/#\\\/schema\\\/person\\\/4e51799071cd2dd1232ac003643ef5f0\",\"name\":\"galledia\",\"image\":{\"@type\":\"ImageObject\",\"inLanguage\":\"en-US\",\"@id\":\"https:\\\/\\\/secure.gravatar.com\\\/avatar\\\/78a7f90c01fc2bfc875782a0d4922b37cde2cf184ce347b91316d23cd7f69a36?s=96&d=mm&r=g\",\"url\":\"https:\\\/\\\/secure.gravatar.com\\\/avatar\\\/78a7f90c01fc2bfc875782a0d4922b37cde2cf184ce347b91316d23cd7f69a36?s=96&d=mm&r=g\",\"contentUrl\":\"https:\\\/\\\/secure.gravatar.com\\\/avatar\\\/78a7f90c01fc2bfc875782a0d4922b37cde2cf184ce347b91316d23cd7f69a36?s=96&d=mm&r=g\",\"caption\":\"galledia\"},\"sameAs\":[\"https:\\\/\\\/x.com\\\/admin\"],\"url\":\"https:\\\/\\\/www.organisator.ch\\\/en\\\/author\\\/galledia\\\/\"}]}<\/script>\n<!-- \/ Yoast SEO plugin. -->","yoast_head_json":{"title":"AI and sustainability in the focus of the Graub\u00fcnden Tourism Day 2024 - Organizer","description":"Graub\u00fcnden Tourism Day 2024 in Arosa: 160 experts discuss AI and sustainability in tourism.","robots":{"index":"index","follow":"follow","max-snippet":"max-snippet:-1","max-image-preview":"max-image-preview:large","max-video-preview":"max-video-preview:-1"},"canonical":"https:\/\/www.organisator.ch\/en\/marketing\/2024-10-03\/ki-und-nachhaltigkeit-im-fokus-des-graubuenden-tourismustag-2024\/","og_locale":"en_US","og_type":"article","og_title":"KI und Nachhaltigkeit im Fokus des Graub\u00fcnden Tourismustag 2024 - Organisator","og_description":"Graub\u00fcnden Tourismustag 2024 in Arosa: 160 Experten diskutieren KI und Nachhaltigkeit im Tourismus.","og_url":"https:\/\/www.organisator.ch\/en\/marketing\/2024-10-03\/ki-und-nachhaltigkeit-im-fokus-des-graubuenden-tourismustag-2024\/","og_site_name":"Organisator","article_publisher":"https:\/\/www.facebook.com\/OrganisatorFachmagazin","article_published_time":"2024-10-03T14:59:59+00:00","article_modified_time":"2024-11-08T04:29:02+00:00","og_image":[{"url":"https:\/\/www.markt-kom.com\/wp-content\/uploads\/2024\/10\/Martin-Vincenz_Claudio-Zuccolini-1.jpg","type":"","width":"","height":""}],"author":"galledia","twitter_card":"summary_large_image","twitter_creator":"@admin","schema":{"@context":"https:\/\/schema.org","@graph":[{"@type":"Article","@id":"https:\/\/www.organisator.ch\/marketing\/2024-10-03\/ki-und-nachhaltigkeit-im-fokus-des-graubuenden-tourismustag-2024\/#article","isPartOf":{"@id":"https:\/\/www.organisator.ch\/marketing\/2024-10-03\/ki-und-nachhaltigkeit-im-fokus-des-graubuenden-tourismustag-2024\/"},"author":{"name":"galledia","@id":"https:\/\/www.organisator.ch\/#\/schema\/person\/4e51799071cd2dd1232ac003643ef5f0"},"headline":"KI und Nachhaltigkeit im Fokus des Graub\u00fcnden Tourismustag 2024","datePublished":"2024-10-03T14:59:59+00:00","dateModified":"2024-11-08T04:29:02+00:00","mainEntityOfPage":{"@id":"https:\/\/www.organisator.ch\/marketing\/2024-10-03\/ki-und-nachhaltigkeit-im-fokus-des-graubuenden-tourismustag-2024\/"},"wordCount":1114,"publisher":{"@id":"https:\/\/www.organisator.ch\/#organization"},"image":{"@id":"https:\/\/www.organisator.ch\/marketing\/2024-10-03\/ki-und-nachhaltigkeit-im-fokus-des-graubuenden-tourismustag-2024\/#primaryimage"},"thumbnailUrl":"https:\/\/www.markt-kom.com\/wp-content\/uploads\/2024\/10\/Martin-Vincenz_Claudio-Zuccolini-1.jpg","keywords":["Graub\u00fcnden Ferien GRF","MarKom"],"articleSection":["MARKETING"],"inLanguage":"en-US"},{"@type":"WebPage","@id":"https:\/\/www.organisator.ch\/marketing\/2024-10-03\/ki-und-nachhaltigkeit-im-fokus-des-graubuenden-tourismustag-2024\/","url":"https:\/\/www.organisator.ch\/marketing\/2024-10-03\/ki-und-nachhaltigkeit-im-fokus-des-graubuenden-tourismustag-2024\/","name":"AI and sustainability in the focus of the Graub\u00fcnden Tourism Day 2024 - Organizer","isPartOf":{"@id":"https:\/\/www.organisator.ch\/#website"},"primaryImageOfPage":{"@id":"https:\/\/www.organisator.ch\/marketing\/2024-10-03\/ki-und-nachhaltigkeit-im-fokus-des-graubuenden-tourismustag-2024\/#primaryimage"},"image":{"@id":"https:\/\/www.organisator.ch\/marketing\/2024-10-03\/ki-und-nachhaltigkeit-im-fokus-des-graubuenden-tourismustag-2024\/#primaryimage"},"thumbnailUrl":"https:\/\/www.markt-kom.com\/wp-content\/uploads\/2024\/10\/Martin-Vincenz_Claudio-Zuccolini-1.jpg","datePublished":"2024-10-03T14:59:59+00:00","dateModified":"2024-11-08T04:29:02+00:00","description":"Graub\u00fcnden Tourism Day 2024 in Arosa: 160 experts discuss AI and sustainability in tourism.","breadcrumb":{"@id":"https:\/\/www.organisator.ch\/marketing\/2024-10-03\/ki-und-nachhaltigkeit-im-fokus-des-graubuenden-tourismustag-2024\/#breadcrumb"},"inLanguage":"en-US","potentialAction":[{"@type":"ReadAction","target":["https:\/\/www.organisator.ch\/marketing\/2024-10-03\/ki-und-nachhaltigkeit-im-fokus-des-graubuenden-tourismustag-2024\/"]}]},{"@type":"ImageObject","inLanguage":"en-US","@id":"https:\/\/www.organisator.ch\/marketing\/2024-10-03\/ki-und-nachhaltigkeit-im-fokus-des-graubuenden-tourismustag-2024\/#primaryimage","url":"https:\/\/www.markt-kom.com\/wp-content\/uploads\/2024\/10\/Martin-Vincenz_Claudio-Zuccolini-1.jpg","contentUrl":"https:\/\/www.markt-kom.com\/wp-content\/uploads\/2024\/10\/Martin-Vincenz_Claudio-Zuccolini-1.jpg"},{"@type":"BreadcrumbList","@id":"https:\/\/www.organisator.ch\/marketing\/2024-10-03\/ki-und-nachhaltigkeit-im-fokus-des-graubuenden-tourismustag-2024\/#breadcrumb","itemListElement":[{"@type":"ListItem","position":1,"name":"Home","item":"https:\/\/www.organisator.ch\/"},{"@type":"ListItem","position":2,"name":"KI und Nachhaltigkeit im Fokus des Graub\u00fcnden Tourismustag 2024"}]},{"@type":"WebSite","@id":"https:\/\/www.organisator.ch\/#website","url":"https:\/\/www.organisator.ch\/","name":"Organizer","description":"Competent. Practical. In 10 issues per year, ORGANISATOR presents the essential topics for managers of SMEs.","publisher":{"@id":"https:\/\/www.organisator.ch\/#organization"},"potentialAction":[{"@type":"SearchAction","target":{"@type":"EntryPoint","urlTemplate":"https:\/\/www.organisator.ch\/?s={search_term_string}"},"query-input":{"@type":"PropertyValueSpecification","valueRequired":true,"valueName":"search_term_string"}}],"inLanguage":"en-US"},{"@type":"Organization","@id":"https:\/\/www.organisator.ch\/#organization","name":"Organizer","url":"https:\/\/www.organisator.ch\/","logo":{"@type":"ImageObject","inLanguage":"en-US","@id":"https:\/\/www.organisator.ch\/#\/schema\/logo\/image\/","url":"https:\/\/www.organisator.ch\/wp-content\/uploads\/2022\/01\/Logo_Organisator_Website.png","contentUrl":"https:\/\/www.organisator.ch\/wp-content\/uploads\/2022\/01\/Logo_Organisator_Website.png","width":800,"height":77,"caption":"Organisator"},"image":{"@id":"https:\/\/www.organisator.ch\/#\/schema\/logo\/image\/"},"sameAs":["https:\/\/www.facebook.com\/OrganisatorFachmagazin","https:\/\/www.linkedin.com\/showcase\/organisator-das-magazin-fr-kmu","https:\/\/www.xing.com\/news\/pages\/organisator-ch-695","https:\/\/www.youtube.com\/channel\/UCGP2Sq0iWaZwT3BdIAQFYpw"]},{"@type":"Person","@id":"https:\/\/www.organisator.ch\/#\/schema\/person\/4e51799071cd2dd1232ac003643ef5f0","name":"galledia","image":{"@type":"ImageObject","inLanguage":"en-US","@id":"https:\/\/secure.gravatar.com\/avatar\/78a7f90c01fc2bfc875782a0d4922b37cde2cf184ce347b91316d23cd7f69a36?s=96&d=mm&r=g","url":"https:\/\/secure.gravatar.com\/avatar\/78a7f90c01fc2bfc875782a0d4922b37cde2cf184ce347b91316d23cd7f69a36?s=96&d=mm&r=g","contentUrl":"https:\/\/secure.gravatar.com\/avatar\/78a7f90c01fc2bfc875782a0d4922b37cde2cf184ce347b91316d23cd7f69a36?s=96&d=mm&r=g","caption":"galledia"},"sameAs":["https:\/\/x.com\/admin"],"url":"https:\/\/www.organisator.ch\/en\/author\/galledia\/"}]}},"_links":{"self":[{"href":"https:\/\/www.organisator.ch\/en\/wp-json\/wp\/v2\/posts\/30454","targetHints":{"allow":["GET"]}}],"collection":[{"href":"https:\/\/www.organisator.ch\/en\/wp-json\/wp\/v2\/posts"}],"about":[{"href":"https:\/\/www.organisator.ch\/en\/wp-json\/wp\/v2\/types\/post"}],"author":[{"embeddable":true,"href":"https:\/\/www.organisator.ch\/en\/wp-json\/wp\/v2\/users\/8"}],"replies":[{"embeddable":true,"href":"https:\/\/www.organisator.ch\/en\/wp-json\/wp\/v2\/comments?post=30454"}],"version-history":[{"count":4,"href":"https:\/\/www.organisator.ch\/en\/wp-json\/wp\/v2\/posts\/30454\/revisions"}],"predecessor-version":[{"id":31827,"href":"https:\/\/www.organisator.ch\/en\/wp-json\/wp\/v2\/posts\/30454\/revisions\/31827"}],"wp:attachment":[{"href":"https:\/\/www.organisator.ch\/en\/wp-json\/wp\/v2\/media?parent=30454"}],"wp:term":[{"taxonomy":"category","embeddable":true,"href":"https:\/\/www.organisator.ch\/en\/wp-json\/wp\/v2\/categories?post=30454"},{"taxonomy":"post_tag","embeddable":true,"href":"https:\/\/www.organisator.ch\/en\/wp-json\/wp\/v2\/tags?post=30454"}],"curies":[{"name":"wp","href":"https:\/\/api.w.org\/{rel}","templated":true}]}}