{"id":3050,"date":"2018-01-26T08:16:52","date_gmt":"2018-01-26T07:16:52","guid":{"rendered":"https:\/\/www.organisator.ch\/?p=3050"},"modified":"2018-01-26T08:16:52","modified_gmt":"2018-01-26T07:16:52","slug":"mitarbeiterbindung-hat-oberste-prioritaet","status":"publish","type":"post","link":"https:\/\/www.organisator.ch\/en\/human-resources\/hrm\/2018-01-26\/mitarbeiterbindung-hat-oberste-prioritaet\/","title":{"rendered":"Employee retention has top priority"},"content":{"rendered":"<figure id=\"attachment_3052\" aria-describedby=\"caption-attachment-3052\" style=\"width: 480px\" class=\"wp-caption alignnone\"><img loading=\"lazy\" decoding=\"async\" class=\"size-full wp-image-3052\" src=\"https:\/\/www.organisator.ch\/wp-content\/uploads\/2018\/01\/Mitarbeiterbindung-hat-oberste-Prioritaet_Organisator.jpg\" alt=\"\" width=\"480\" height=\"511\" srcset=\"https:\/\/www.organisator.ch\/wp-content\/uploads\/2018\/01\/Mitarbeiterbindung-hat-oberste-Prioritaet_Organisator.jpg 480w, https:\/\/www.organisator.ch\/wp-content\/uploads\/2018\/01\/Mitarbeiterbindung-hat-oberste-Prioritaet_Organisator-11x12.jpg 11w, https:\/\/www.organisator.ch\/wp-content\/uploads\/2018\/01\/Mitarbeiterbindung-hat-oberste-Prioritaet_Organisator-164x175.jpg 164w, https:\/\/www.organisator.ch\/wp-content\/uploads\/2018\/01\/Mitarbeiterbindung-hat-oberste-Prioritaet_Organisator-329x350.jpg 329w, https:\/\/www.organisator.ch\/wp-content\/uploads\/2018\/01\/Mitarbeiterbindung-hat-oberste-Prioritaet_Organisator-300x319.jpg 300w\" sizes=\"auto, (max-width: 480px) 100vw, 480px\" \/><figcaption id=\"caption-attachment-3052\" class=\"wp-caption-text\">The latest HR report from personnel service provider Hays puts agile organizations to the test. In contrast, employee retention is the top priority for HR specialists. (Image: Hays)<\/figcaption><\/figure>\n<p>Despite or perhaps because of the hype surrounding digital and agile organizations: Retaining employees is the top HR topic for 2018. Making work structures more flexible ranks second on the HR agenda in companies. Promoting the employability of employees is the third most important item among HR topics for the first time. This is shown by the results of the HR Report 2018, which Hays and the Institute for Employment and Employability (IBE) have now published. Over 1000 people from companies and organizations were surveyed.<\/p>\n<h2>Increase employee loyalty through more flexibility<\/h2>\n<p>\"Due to the pressure sparked by demographic developments, digitalization and the shortage of skilled workers, the battle for employees is increasing significantly. As a result, employee retention is at the top of the agenda and employees need to be given more flexibility. Due to the increasing speed of change, it is also an imperative to keep employees employable,\" Prof. Dr. Jutta Rump, Director of the IBE, explains the ranking. Employees can be retained above all by a good working atmosphere (57 %). This is followed by flexible working hours (46 %) and remuneration in line with the market (44 %). The companies surveyed have made progress in implementing these topics. The difference between the importance and implementation of these instruments has narrowed significantly.<\/p>\n<h2>Rigid processes stand in the way of development<\/h2>\n<p>For half of the respondents (51 %), the topic of agile organization already plays a large or very large role today. The importance of an agile organization increases significantly with increasing position. The respondents consider overly rigid processes and workflows to be the biggest hurdle (36 %). For 31 percent, it is the employees' lack of willingness to change. \"In the future, it will be more important than ever to set up networked and integrated processes. These start from the customer and not from internal process manuals. At the same time, they must offer a high degree of flexibility in order to be able to react quickly to new market conditions,\" says Marc Lutz, Managing Director at Hays Switzerland.<\/p>\n<h2 align=\"LEFT\">Professional competencies determine management careers<\/h2>\n<p align=\"LEFT\">The study also asked about career opportunities. For leadership careers, professional skills (43 %) are disproportionately more important than social skills (29 %). When asked how leadership careers are made, respondents' opinions differ. Half of the respondents see a systematic approach (25 % each consider recommendations and strategic succession planning crucial). On the other hand, a quarter think they emerge via internal networks, and for 21 percent, chance plays a prominent role.<\/p>\n<p>The annual HR Report analyzes key HR issues in organizations. It is based on an online survey in which 1036 employees from companies and organizations in German-speaking countries took part. The respondents were managing directors (17 %), HR executives (22 %), department heads (38 %) and employees without HR responsibility (24 %).<\/p>\n<p><em>Source: <a href=\"http:\/\/www.hays.ch\">www.hays.ch<\/a><\/em><\/p>","protected":false},"excerpt":{"rendered":"<p>Trotz oder gerade wegen des Hypes um digitale und agile Organisationen: Mitarbeiter zu halten ist das Top-HR-Thema f\u00fcr 2018. Auf Platz 2 der HR-Agenda in Unternehmen liegt die Flexibilisierung der Arbeitsstrukturen. Die Besch\u00e4ftigungsf\u00e4higkeit der Mitarbeiter zu f\u00f6rdern ist erstmals der drittwichtigste Punkt unter den HR-Themen. Dies zeigen die Ergebnisse des HR-Reports 2018, den Hays und [&hellip;]<\/p>\n","protected":false},"author":4,"featured_media":3052,"comment_status":"open","ping_status":"open","sticky":false,"template":"","format":"standard","meta":{"_acf_changed":false,"_yoast_wpseo_focuskw":"Mitarbeiterbindung","_yoast_wpseo_metadesc":"Mitarbeiterbindung, flexible Arbeitsstrukturen und F\u00f6rderung der Besch\u00e4ftigungsf\u00e4higkeit \u2013 dies sind die Top-3-Themen aus Sicht des HR.","articlekey":"","footnotes":""},"categories":[26],"tags":[51,254,294,335,459],"class_list":["post-3050","post","type-post","status-publish","format-standard","has-post-thumbnail","hentry","category-hrm","tag-arbeitsplatzgestaltung","tag-hrm","tag-karriere","tag-management-und-unternehmensfuehrung","tag-studie"],"acf":[],"yoast_head":"<!-- This site is optimized with the Yoast SEO plugin v27.5 - https:\/\/yoast.com\/product\/yoast-seo-wordpress\/ -->\n<title>Mitarbeiterbindung hat oberste Priorit\u00e4t - Organisator<\/title>\n<meta name=\"description\" content=\"Mitarbeiterbindung, flexible Arbeitsstrukturen und F\u00f6rderung der Besch\u00e4ftigungsf\u00e4higkeit \u2013 dies sind die Top-3-Themen aus Sicht des HR.\" \/>\n<meta name=\"robots\" content=\"index, follow, max-snippet:-1, max-image-preview:large, max-video-preview:-1\" \/>\n<link rel=\"canonical\" href=\"https:\/\/www.organisator.ch\/en\/human-resources\/hrm\/2018-01-26\/mitarbeiterbindung-hat-oberste-prioritaet\/\" \/>\n<meta property=\"og:locale\" content=\"en_US\" \/>\n<meta property=\"og:type\" content=\"article\" \/>\n<meta property=\"og:title\" content=\"Mitarbeiterbindung hat oberste Priorit\u00e4t\" \/>\n<meta property=\"og:description\" content=\"#Mitarbeiterbindung, flexible Arbeitsstrukturen und F\u00f6rderung der #Besch\u00e4ftigungsf\u00e4higkeit \u2013 dies sind die Top-3-Themen aus Sicht des #HR.\" \/>\n<meta property=\"og:url\" content=\"https:\/\/www.organisator.ch\/en\/human-resources\/hrm\/2018-01-26\/mitarbeiterbindung-hat-oberste-prioritaet\/\" \/>\n<meta property=\"og:site_name\" content=\"Organisator\" \/>\n<meta property=\"article:publisher\" content=\"https:\/\/www.facebook.com\/OrganisatorFachmagazin\" \/>\n<meta property=\"article:published_time\" content=\"2018-01-26T07:16:52+00:00\" \/>\n<meta property=\"og:image\" content=\"https:\/\/www.organisator.ch\/wp-content\/uploads\/2018\/01\/Mitarbeiterbindung-hat-oberste-Prioritaet_Organisator.jpg\" \/>\n\t<meta property=\"og:image:width\" content=\"480\" \/>\n\t<meta property=\"og:image:height\" content=\"511\" \/>\n\t<meta property=\"og:image:type\" content=\"image\/jpeg\" \/>\n<meta name=\"author\" content=\"thomas.berner\" \/>\n<meta name=\"twitter:card\" content=\"summary_large_image\" \/>\n<meta name=\"twitter:title\" content=\"#Mitarbeiterbindung hat oberste Priorit\u00e4t\" \/>\n<meta name=\"twitter:description\" content=\"#Mitarbeiterbindung, flexible Arbeitsstrukturen und F\u00f6rderung der Besch\u00e4ftigungsf\u00e4higkeit \u2013 dies sind die #Top-3-Themen aus Sicht des #HR.\" \/>\n<meta name=\"twitter:image\" content=\"https:\/\/www.organisator.ch\/wp-content\/uploads\/2018\/01\/Mitarbeiterbindung-hat-oberste-Priorit\u00e4t_Organisator.jpg\" \/>\n<script type=\"application\/ld+json\" class=\"yoast-schema-graph\">{\"@context\":\"https:\\\/\\\/schema.org\",\"@graph\":[{\"@type\":\"Article\",\"@id\":\"https:\\\/\\\/www.organisator.ch\\\/human-resources\\\/hrm\\\/2018-01-26\\\/mitarbeiterbindung-hat-oberste-prioritaet\\\/#article\",\"isPartOf\":{\"@id\":\"https:\\\/\\\/www.organisator.ch\\\/human-resources\\\/hrm\\\/2018-01-26\\\/mitarbeiterbindung-hat-oberste-prioritaet\\\/\"},\"author\":{\"name\":\"thomas.berner\",\"@id\":\"https:\\\/\\\/www.organisator.ch\\\/#\\\/schema\\\/person\\\/6f650f90b2842cd4c0cc334b4e36f67e\"},\"headline\":\"Mitarbeiterbindung hat oberste Priorit\u00e4t\",\"datePublished\":\"2018-01-26T07:16:52+00:00\",\"mainEntityOfPage\":{\"@id\":\"https:\\\/\\\/www.organisator.ch\\\/human-resources\\\/hrm\\\/2018-01-26\\\/mitarbeiterbindung-hat-oberste-prioritaet\\\/\"},\"wordCount\":463,\"commentCount\":0,\"publisher\":{\"@id\":\"https:\\\/\\\/www.organisator.ch\\\/#organization\"},\"image\":{\"@id\":\"https:\\\/\\\/www.organisator.ch\\\/human-resources\\\/hrm\\\/2018-01-26\\\/mitarbeiterbindung-hat-oberste-prioritaet\\\/#primaryimage\"},\"thumbnailUrl\":\"https:\\\/\\\/www.organisator.ch\\\/wp-content\\\/uploads\\\/2018\\\/01\\\/Mitarbeiterbindung-hat-oberste-Prioritaet_Organisator.jpg\",\"keywords\":[\"Arbeitsplatzgestaltung\",\"HRM\",\"Karriere\",\"Management und Unternehmensf\u00fchrung\",\"Studie\"],\"articleSection\":[\"HRM\"],\"inLanguage\":\"en-US\"},{\"@type\":\"WebPage\",\"@id\":\"https:\\\/\\\/www.organisator.ch\\\/human-resources\\\/hrm\\\/2018-01-26\\\/mitarbeiterbindung-hat-oberste-prioritaet\\\/\",\"url\":\"https:\\\/\\\/www.organisator.ch\\\/human-resources\\\/hrm\\\/2018-01-26\\\/mitarbeiterbindung-hat-oberste-prioritaet\\\/\",\"name\":\"Mitarbeiterbindung hat oberste Priorit\u00e4t - Organisator\",\"isPartOf\":{\"@id\":\"https:\\\/\\\/www.organisator.ch\\\/#website\"},\"primaryImageOfPage\":{\"@id\":\"https:\\\/\\\/www.organisator.ch\\\/human-resources\\\/hrm\\\/2018-01-26\\\/mitarbeiterbindung-hat-oberste-prioritaet\\\/#primaryimage\"},\"image\":{\"@id\":\"https:\\\/\\\/www.organisator.ch\\\/human-resources\\\/hrm\\\/2018-01-26\\\/mitarbeiterbindung-hat-oberste-prioritaet\\\/#primaryimage\"},\"thumbnailUrl\":\"https:\\\/\\\/www.organisator.ch\\\/wp-content\\\/uploads\\\/2018\\\/01\\\/Mitarbeiterbindung-hat-oberste-Prioritaet_Organisator.jpg\",\"datePublished\":\"2018-01-26T07:16:52+00:00\",\"description\":\"Mitarbeiterbindung, flexible Arbeitsstrukturen und F\u00f6rderung der Besch\u00e4ftigungsf\u00e4higkeit \u2013 dies sind die Top-3-Themen aus Sicht des HR.\",\"breadcrumb\":{\"@id\":\"https:\\\/\\\/www.organisator.ch\\\/human-resources\\\/hrm\\\/2018-01-26\\\/mitarbeiterbindung-hat-oberste-prioritaet\\\/#breadcrumb\"},\"inLanguage\":\"en-US\",\"potentialAction\":[{\"@type\":\"ReadAction\",\"target\":[\"https:\\\/\\\/www.organisator.ch\\\/human-resources\\\/hrm\\\/2018-01-26\\\/mitarbeiterbindung-hat-oberste-prioritaet\\\/\"]}]},{\"@type\":\"ImageObject\",\"inLanguage\":\"en-US\",\"@id\":\"https:\\\/\\\/www.organisator.ch\\\/human-resources\\\/hrm\\\/2018-01-26\\\/mitarbeiterbindung-hat-oberste-prioritaet\\\/#primaryimage\",\"url\":\"https:\\\/\\\/www.organisator.ch\\\/wp-content\\\/uploads\\\/2018\\\/01\\\/Mitarbeiterbindung-hat-oberste-Prioritaet_Organisator.jpg\",\"contentUrl\":\"https:\\\/\\\/www.organisator.ch\\\/wp-content\\\/uploads\\\/2018\\\/01\\\/Mitarbeiterbindung-hat-oberste-Prioritaet_Organisator.jpg\",\"width\":480,\"height\":511,\"caption\":\"Der aktuellste HR-Report des Personaldienstleister Hays setzt agile Organisation auf den Pr\u00fcfstand. Demgegen\u00fcber hat Mitarbeiterbindung bei den HR-Spezialisten oberste Priorit\u00e4t. (Bild: Hays)\"},{\"@type\":\"BreadcrumbList\",\"@id\":\"https:\\\/\\\/www.organisator.ch\\\/human-resources\\\/hrm\\\/2018-01-26\\\/mitarbeiterbindung-hat-oberste-prioritaet\\\/#breadcrumb\",\"itemListElement\":[{\"@type\":\"ListItem\",\"position\":1,\"name\":\"Home\",\"item\":\"https:\\\/\\\/www.organisator.ch\\\/\"},{\"@type\":\"ListItem\",\"position\":2,\"name\":\"Mitarbeiterbindung hat oberste Priorit\u00e4t\"}]},{\"@type\":\"WebSite\",\"@id\":\"https:\\\/\\\/www.organisator.ch\\\/#website\",\"url\":\"https:\\\/\\\/www.organisator.ch\\\/\",\"name\":\"Organisator\",\"description\":\"Kompetent. Praxisnah. Der ORGANISATOR bereitet in 10 Ausgaben pro Jahr die wesentlichen Themen f\u00fcr F\u00fchrungskr\u00e4fte von KMU auf.\",\"publisher\":{\"@id\":\"https:\\\/\\\/www.organisator.ch\\\/#organization\"},\"potentialAction\":[{\"@type\":\"SearchAction\",\"target\":{\"@type\":\"EntryPoint\",\"urlTemplate\":\"https:\\\/\\\/www.organisator.ch\\\/?s={search_term_string}\"},\"query-input\":{\"@type\":\"PropertyValueSpecification\",\"valueRequired\":true,\"valueName\":\"search_term_string\"}}],\"inLanguage\":\"en-US\"},{\"@type\":\"Organization\",\"@id\":\"https:\\\/\\\/www.organisator.ch\\\/#organization\",\"name\":\"Organisator\",\"url\":\"https:\\\/\\\/www.organisator.ch\\\/\",\"logo\":{\"@type\":\"ImageObject\",\"inLanguage\":\"en-US\",\"@id\":\"https:\\\/\\\/www.organisator.ch\\\/#\\\/schema\\\/logo\\\/image\\\/\",\"url\":\"https:\\\/\\\/www.organisator.ch\\\/wp-content\\\/uploads\\\/2022\\\/01\\\/Logo_Organisator_Website.png\",\"contentUrl\":\"https:\\\/\\\/www.organisator.ch\\\/wp-content\\\/uploads\\\/2022\\\/01\\\/Logo_Organisator_Website.png\",\"width\":800,\"height\":77,\"caption\":\"Organisator\"},\"image\":{\"@id\":\"https:\\\/\\\/www.organisator.ch\\\/#\\\/schema\\\/logo\\\/image\\\/\"},\"sameAs\":[\"https:\\\/\\\/www.facebook.com\\\/OrganisatorFachmagazin\",\"https:\\\/\\\/www.linkedin.com\\\/showcase\\\/organisator-das-magazin-fr-kmu\",\"https:\\\/\\\/www.xing.com\\\/news\\\/pages\\\/organisator-ch-695\",\"https:\\\/\\\/www.youtube.com\\\/channel\\\/UCGP2Sq0iWaZwT3BdIAQFYpw\"]},{\"@type\":\"Person\",\"@id\":\"https:\\\/\\\/www.organisator.ch\\\/#\\\/schema\\\/person\\\/6f650f90b2842cd4c0cc334b4e36f67e\",\"name\":\"thomas.berner\",\"image\":{\"@type\":\"ImageObject\",\"inLanguage\":\"en-US\",\"@id\":\"https:\\\/\\\/secure.gravatar.com\\\/avatar\\\/ac5001d2a36cb6c6cd3e50789007ffca834b477b74a2144564522e944eabff61?s=96&d=mm&r=g\",\"url\":\"https:\\\/\\\/secure.gravatar.com\\\/avatar\\\/ac5001d2a36cb6c6cd3e50789007ffca834b477b74a2144564522e944eabff61?s=96&d=mm&r=g\",\"contentUrl\":\"https:\\\/\\\/secure.gravatar.com\\\/avatar\\\/ac5001d2a36cb6c6cd3e50789007ffca834b477b74a2144564522e944eabff61?s=96&d=mm&r=g\",\"caption\":\"thomas.berner\"},\"url\":\"https:\\\/\\\/www.organisator.ch\\\/en\\\/author\\\/thomas-berner\\\/\"}]}<\/script>\n<!-- \/ Yoast SEO plugin. -->","yoast_head_json":{"title":"Employee retention has top priority - Organizer","description":"Employee retention, flexible work structures and promoting employability - these are the top 3 topics from an HR perspective.","robots":{"index":"index","follow":"follow","max-snippet":"max-snippet:-1","max-image-preview":"max-image-preview:large","max-video-preview":"max-video-preview:-1"},"canonical":"https:\/\/www.organisator.ch\/en\/human-resources\/hrm\/2018-01-26\/mitarbeiterbindung-hat-oberste-prioritaet\/","og_locale":"en_US","og_type":"article","og_title":"Mitarbeiterbindung hat oberste Priorit\u00e4t","og_description":"#Mitarbeiterbindung, flexible Arbeitsstrukturen und F\u00f6rderung der #Besch\u00e4ftigungsf\u00e4higkeit \u2013 dies sind die Top-3-Themen aus Sicht des #HR.","og_url":"https:\/\/www.organisator.ch\/en\/human-resources\/hrm\/2018-01-26\/mitarbeiterbindung-hat-oberste-prioritaet\/","og_site_name":"Organisator","article_publisher":"https:\/\/www.facebook.com\/OrganisatorFachmagazin","article_published_time":"2018-01-26T07:16:52+00:00","og_image":[{"width":480,"height":511,"url":"https:\/\/www.organisator.ch\/wp-content\/uploads\/2018\/01\/Mitarbeiterbindung-hat-oberste-Prioritaet_Organisator.jpg","type":"image\/jpeg"}],"author":"thomas.berner","twitter_card":"summary_large_image","twitter_title":"#Mitarbeiterbindung hat oberste Priorit\u00e4t","twitter_description":"#Mitarbeiterbindung, flexible Arbeitsstrukturen und F\u00f6rderung der Besch\u00e4ftigungsf\u00e4higkeit \u2013 dies sind die #Top-3-Themen aus Sicht des #HR.","twitter_image":"https:\/\/www.organisator.ch\/wp-content\/uploads\/2018\/01\/Mitarbeiterbindung-hat-oberste-Priorit\u00e4t_Organisator.jpg","schema":{"@context":"https:\/\/schema.org","@graph":[{"@type":"Article","@id":"https:\/\/www.organisator.ch\/human-resources\/hrm\/2018-01-26\/mitarbeiterbindung-hat-oberste-prioritaet\/#article","isPartOf":{"@id":"https:\/\/www.organisator.ch\/human-resources\/hrm\/2018-01-26\/mitarbeiterbindung-hat-oberste-prioritaet\/"},"author":{"name":"thomas.berner","@id":"https:\/\/www.organisator.ch\/#\/schema\/person\/6f650f90b2842cd4c0cc334b4e36f67e"},"headline":"Mitarbeiterbindung hat oberste Priorit\u00e4t","datePublished":"2018-01-26T07:16:52+00:00","mainEntityOfPage":{"@id":"https:\/\/www.organisator.ch\/human-resources\/hrm\/2018-01-26\/mitarbeiterbindung-hat-oberste-prioritaet\/"},"wordCount":463,"commentCount":0,"publisher":{"@id":"https:\/\/www.organisator.ch\/#organization"},"image":{"@id":"https:\/\/www.organisator.ch\/human-resources\/hrm\/2018-01-26\/mitarbeiterbindung-hat-oberste-prioritaet\/#primaryimage"},"thumbnailUrl":"https:\/\/www.organisator.ch\/wp-content\/uploads\/2018\/01\/Mitarbeiterbindung-hat-oberste-Prioritaet_Organisator.jpg","keywords":["Arbeitsplatzgestaltung","HRM","Karriere","Management und Unternehmensf\u00fchrung","Studie"],"articleSection":["HRM"],"inLanguage":"en-US"},{"@type":"WebPage","@id":"https:\/\/www.organisator.ch\/human-resources\/hrm\/2018-01-26\/mitarbeiterbindung-hat-oberste-prioritaet\/","url":"https:\/\/www.organisator.ch\/human-resources\/hrm\/2018-01-26\/mitarbeiterbindung-hat-oberste-prioritaet\/","name":"Employee retention has top priority - Organizer","isPartOf":{"@id":"https:\/\/www.organisator.ch\/#website"},"primaryImageOfPage":{"@id":"https:\/\/www.organisator.ch\/human-resources\/hrm\/2018-01-26\/mitarbeiterbindung-hat-oberste-prioritaet\/#primaryimage"},"image":{"@id":"https:\/\/www.organisator.ch\/human-resources\/hrm\/2018-01-26\/mitarbeiterbindung-hat-oberste-prioritaet\/#primaryimage"},"thumbnailUrl":"https:\/\/www.organisator.ch\/wp-content\/uploads\/2018\/01\/Mitarbeiterbindung-hat-oberste-Prioritaet_Organisator.jpg","datePublished":"2018-01-26T07:16:52+00:00","description":"Employee retention, flexible work structures and promoting employability - these are the top 3 topics from an HR perspective.","breadcrumb":{"@id":"https:\/\/www.organisator.ch\/human-resources\/hrm\/2018-01-26\/mitarbeiterbindung-hat-oberste-prioritaet\/#breadcrumb"},"inLanguage":"en-US","potentialAction":[{"@type":"ReadAction","target":["https:\/\/www.organisator.ch\/human-resources\/hrm\/2018-01-26\/mitarbeiterbindung-hat-oberste-prioritaet\/"]}]},{"@type":"ImageObject","inLanguage":"en-US","@id":"https:\/\/www.organisator.ch\/human-resources\/hrm\/2018-01-26\/mitarbeiterbindung-hat-oberste-prioritaet\/#primaryimage","url":"https:\/\/www.organisator.ch\/wp-content\/uploads\/2018\/01\/Mitarbeiterbindung-hat-oberste-Prioritaet_Organisator.jpg","contentUrl":"https:\/\/www.organisator.ch\/wp-content\/uploads\/2018\/01\/Mitarbeiterbindung-hat-oberste-Prioritaet_Organisator.jpg","width":480,"height":511,"caption":"Der aktuellste HR-Report des Personaldienstleister Hays setzt agile Organisation auf den Pr\u00fcfstand. Demgegen\u00fcber hat Mitarbeiterbindung bei den HR-Spezialisten oberste Priorit\u00e4t. (Bild: Hays)"},{"@type":"BreadcrumbList","@id":"https:\/\/www.organisator.ch\/human-resources\/hrm\/2018-01-26\/mitarbeiterbindung-hat-oberste-prioritaet\/#breadcrumb","itemListElement":[{"@type":"ListItem","position":1,"name":"Home","item":"https:\/\/www.organisator.ch\/"},{"@type":"ListItem","position":2,"name":"Mitarbeiterbindung hat oberste Priorit\u00e4t"}]},{"@type":"WebSite","@id":"https:\/\/www.organisator.ch\/#website","url":"https:\/\/www.organisator.ch\/","name":"Organizer","description":"Competent. Practical. In 10 issues per year, ORGANISATOR presents the essential topics for managers of SMEs.","publisher":{"@id":"https:\/\/www.organisator.ch\/#organization"},"potentialAction":[{"@type":"SearchAction","target":{"@type":"EntryPoint","urlTemplate":"https:\/\/www.organisator.ch\/?s={search_term_string}"},"query-input":{"@type":"PropertyValueSpecification","valueRequired":true,"valueName":"search_term_string"}}],"inLanguage":"en-US"},{"@type":"Organization","@id":"https:\/\/www.organisator.ch\/#organization","name":"Organizer","url":"https:\/\/www.organisator.ch\/","logo":{"@type":"ImageObject","inLanguage":"en-US","@id":"https:\/\/www.organisator.ch\/#\/schema\/logo\/image\/","url":"https:\/\/www.organisator.ch\/wp-content\/uploads\/2022\/01\/Logo_Organisator_Website.png","contentUrl":"https:\/\/www.organisator.ch\/wp-content\/uploads\/2022\/01\/Logo_Organisator_Website.png","width":800,"height":77,"caption":"Organisator"},"image":{"@id":"https:\/\/www.organisator.ch\/#\/schema\/logo\/image\/"},"sameAs":["https:\/\/www.facebook.com\/OrganisatorFachmagazin","https:\/\/www.linkedin.com\/showcase\/organisator-das-magazin-fr-kmu","https:\/\/www.xing.com\/news\/pages\/organisator-ch-695","https:\/\/www.youtube.com\/channel\/UCGP2Sq0iWaZwT3BdIAQFYpw"]},{"@type":"Person","@id":"https:\/\/www.organisator.ch\/#\/schema\/person\/6f650f90b2842cd4c0cc334b4e36f67e","name":"thomas.berner","image":{"@type":"ImageObject","inLanguage":"en-US","@id":"https:\/\/secure.gravatar.com\/avatar\/ac5001d2a36cb6c6cd3e50789007ffca834b477b74a2144564522e944eabff61?s=96&d=mm&r=g","url":"https:\/\/secure.gravatar.com\/avatar\/ac5001d2a36cb6c6cd3e50789007ffca834b477b74a2144564522e944eabff61?s=96&d=mm&r=g","contentUrl":"https:\/\/secure.gravatar.com\/avatar\/ac5001d2a36cb6c6cd3e50789007ffca834b477b74a2144564522e944eabff61?s=96&d=mm&r=g","caption":"thomas.berner"},"url":"https:\/\/www.organisator.ch\/en\/author\/thomas-berner\/"}]}},"_links":{"self":[{"href":"https:\/\/www.organisator.ch\/en\/wp-json\/wp\/v2\/posts\/3050","targetHints":{"allow":["GET"]}}],"collection":[{"href":"https:\/\/www.organisator.ch\/en\/wp-json\/wp\/v2\/posts"}],"about":[{"href":"https:\/\/www.organisator.ch\/en\/wp-json\/wp\/v2\/types\/post"}],"author":[{"embeddable":true,"href":"https:\/\/www.organisator.ch\/en\/wp-json\/wp\/v2\/users\/4"}],"replies":[{"embeddable":true,"href":"https:\/\/www.organisator.ch\/en\/wp-json\/wp\/v2\/comments?post=3050"}],"version-history":[{"count":0,"href":"https:\/\/www.organisator.ch\/en\/wp-json\/wp\/v2\/posts\/3050\/revisions"}],"wp:featuredmedia":[{"embeddable":true,"href":"https:\/\/www.organisator.ch\/en\/wp-json\/wp\/v2\/media\/3052"}],"wp:attachment":[{"href":"https:\/\/www.organisator.ch\/en\/wp-json\/wp\/v2\/media?parent=3050"}],"wp:term":[{"taxonomy":"category","embeddable":true,"href":"https:\/\/www.organisator.ch\/en\/wp-json\/wp\/v2\/categories?post=3050"},{"taxonomy":"post_tag","embeddable":true,"href":"https:\/\/www.organisator.ch\/en\/wp-json\/wp\/v2\/tags?post=3050"}],"curies":[{"name":"wp","href":"https:\/\/api.w.org\/{rel}","templated":true}]}}