{"id":30544,"date":"2024-10-09T12:30:35","date_gmt":"2024-10-09T10:30:35","guid":{"rendered":"https:\/\/www.organisator.ch\/?p=30544"},"modified":"2024-10-09T10:58:55","modified_gmt":"2024-10-09T08:58:55","slug":"prof-dr-brian-p-rueeger-ist-neuer-rektor-der-hwz","status":"publish","type":"post","link":"https:\/\/www.organisator.ch\/en\/management\/2024-10-09\/prof-dr-brian-p-rueeger-ist-neuer-rektor-der-hwz\/","title":{"rendered":"Prof. Dr. Brian P. R\u00fceger is the new Rector of the HWZ"},"content":{"rendered":"<figure id=\"attachment_30545\" aria-describedby=\"caption-attachment-30545\" style=\"width: 680px\" class=\"wp-caption alignnone\"><img loading=\"lazy\" decoding=\"async\" class=\"size-full wp-image-30545\" src=\"https:\/\/www.organisator.ch\/wp-content\/uploads\/2024\/10\/Stabuebergabe-Rektoren-HWZ_Bild1_ps.jpg\" alt=\"\" width=\"680\" height=\"453\" srcset=\"https:\/\/www.organisator.ch\/wp-content\/uploads\/2024\/10\/Stabuebergabe-Rektoren-HWZ_Bild1_ps.jpg 680w, https:\/\/www.organisator.ch\/wp-content\/uploads\/2024\/10\/Stabuebergabe-Rektoren-HWZ_Bild1_ps-18x12.jpg 18w, https:\/\/www.organisator.ch\/wp-content\/uploads\/2024\/10\/Stabuebergabe-Rektoren-HWZ_Bild1_ps-375x250.jpg 375w, https:\/\/www.organisator.ch\/wp-content\/uploads\/2024\/10\/Stabuebergabe-Rektoren-HWZ_Bild1_ps-525x350.jpg 525w\" sizes=\"auto, (max-width: 680px) 100vw, 680px\" \/><figcaption id=\"caption-attachment-30545\" class=\"wp-caption-text\">Prof. Dr. R\u00fceger succeeds Prof. Matthias R\u00fcegg. (Image: www.fh-hwz.ch)<\/figcaption><\/figure>\n<p>Prof. Dr. Brian R\u00fceger spent more than a decade establishing and heading the Institute of Marketing Management (IMM) at the Zurich University of Applied Sciences (ZHAW) and driving its development into the largest university-level continuing education institution in the field of marketing in Switzerland. For his outstanding achievements, he was honored internationally as \"Male Entrepreneurial Leader of the Year\" (Runner-up) by ACEEU in 2022.<\/p>\n<p>Previously, he gained entrepreneurial experience as a consultant for international companies in the field of new markets and technologies, as a serial entrepreneur for various start-up companies in the high-tech sector and as Managing Director for EMEA for a listed American company. He received his doctorate from the University of Zurich in 2015 in the field of service innovation and service management of Swiss companies.<\/p>\n<p>\"Companies in Switzerland need a university that helps them to master current and future challenges. HWZ graduates are already extremely attractive on the job market because they are equipped with the latest tools at all levels. This has been confirmed to me by numerous decision-makers from various industries and is also reflected in the impressive careers of former graduates,\" says the new Rector Brian P. R\u00fceger. Excellent work is being done at all levels at the HWZ. The speed and proximity of the HWZ to companies make it a reliable academic partner for all companies. \"We will continue along this path and become the most entrepreneurial university in Switzerland,\" says R\u00fceger.<\/p>\n<h3><strong>R\u00fceger takes over from R\u00fcegg<\/strong><\/h3>\n<p>\"In Prof. Dr. Brian P. R\u00fceger, we have found the ideal candidate. His impressive track record and entrepreneurial experience make him the perfect successor to Prof. Matthias R\u00fcegg as Rector of the HWZ. We are very much looking forward to working with him,\" says Sascha M. Burkhalter, Delegate of the Board of Directors of the HWZ.<\/p>\n<p>Prof. Dr. R\u00fceger succeeds Prof. Matthias R\u00fcegg, who led the HWZ with great success for many years. Under Prof. R\u00fcegg's leadership, the HWZ was able to sustainably strengthen its position as the leading university for part-time study programs in Switzerland. During his tenure, the HWZ has implemented numerous strategic projects, including the introduction of new future-oriented degree programs and the expansion of partnerships with the business community. Thanks to his prudent leadership and his instinct for future developments, he has made the HWZ an indispensable player in the educational landscape.<\/p>\n<p>\"It has been a great honor to accompany the HWZ on its growth path in recent years and to make the university what it is today - a dynamic and innovative institution that works closely with the needs of the economy and society. I am convinced that Prof. Dr. R\u00fceger will lead the HWZ into a successful future with his experience and vision,\" says outgoing Rector Matthias R\u00fcegg.<\/p>\n<p>In a personal tribute to his time in office, R\u00fcegg adds: \"The last few years have been characterized by challenges and opportunities that we have successfully mastered together as a team. It fills me with pride that we have established the HWZ as an entrepreneurial university that offers practice-oriented degree programs and at the same time ensures high academic quality. I would like to thank all staff and students for their tireless commitment and passion. Now the time has come to pass on the responsibility and I am sure that the HWZ will develop an even greater charisma under the leadership of Prof. Dr. R\u00fceger.\"<\/p>\n<p>Prof. Matthias R\u00fcegg has left a lasting mark on the HWZ and made a significant contribution to the further development of the Swiss education system.<\/p>\n<p><em>Source: <a href=\"http:\/\/www.fh-hwz.ch\">www.fh-hwz.ch<\/a><\/em><\/p>","protected":false},"excerpt":{"rendered":"<p>The Board of Directors of the HWZ Zurich University of Applied Sciences is pleased to announce the appointment of Prof. Dr. Brian P. R\u00fceger as the new Rector. With immediate effect, Prof. Dr. R\u00fceger will take over the management of the HWZ, which is Switzerland's leading university for part-time business studies. <\/p>","protected":false},"author":80,"featured_media":30545,"comment_status":"closed","ping_status":"closed","sticky":false,"template":"","format":"standard","meta":{"_acf_changed":false,"_yoast_wpseo_focuskw":"Brian P. R\u00fceger","_yoast_wpseo_metadesc":"Der Verwaltungsrat der HWZ Hochschule f\u00fcr Wirtschaft Z\u00fcrich freut sich, die Stabs\u00fcbergabe an Prof. Dr. Brian P. R\u00fceger zum neuen Rektor bekanntzugeben.","articlekey":"","footnotes":""},"categories":[28],"tags":[4596,1382,4597,4595],"class_list":["post-30544","post","type-post","status-publish","format-standard","has-post-thumbnail","hentry","category-management","tag-hochschule","tag-hwz","tag-rektor","tag-stabuebergabe"],"acf":[],"yoast_head":"<!-- This site is optimized with the Yoast SEO plugin v27.5 - https:\/\/yoast.com\/product\/yoast-seo-wordpress\/ -->\n<title>Prof. Dr. Brian P. R\u00fceger ist neuer Rektor der HWZ - Organisator<\/title>\n<meta name=\"description\" content=\"Der Verwaltungsrat der HWZ Hochschule f\u00fcr Wirtschaft Z\u00fcrich freut sich, die Stabs\u00fcbergabe an Prof. Dr. Brian P. R\u00fceger zum neuen Rektor bekanntzugeben.\" \/>\n<meta name=\"robots\" content=\"index, follow, max-snippet:-1, max-image-preview:large, max-video-preview:-1\" \/>\n<link rel=\"canonical\" href=\"https:\/\/www.organisator.ch\/en\/management\/2024-10-09\/prof-dr-brian-p-rueeger-ist-neuer-rektor-der-hwz\/\" \/>\n<meta property=\"og:locale\" content=\"en_US\" \/>\n<meta property=\"og:type\" content=\"article\" \/>\n<meta property=\"og:title\" content=\"Prof. Dr. Brian P. R\u00fceger ist neuer Rektor der HWZ\" \/>\n<meta property=\"og:description\" content=\"Der Verwaltungsrat der HWZ Hochschule f\u00fcr Wirtschaft Z\u00fcrich freut sich, die Stabs\u00fcbergabe an Prof. Dr. Brian P. R\u00fceger zum neuen Rektor bekanntzugeben.\" \/>\n<meta property=\"og:url\" content=\"https:\/\/www.organisator.ch\/en\/management\/2024-10-09\/prof-dr-brian-p-rueeger-ist-neuer-rektor-der-hwz\/\" \/>\n<meta property=\"og:site_name\" content=\"Organisator\" \/>\n<meta property=\"article:publisher\" content=\"https:\/\/www.facebook.com\/OrganisatorFachmagazin\" \/>\n<meta property=\"article:published_time\" content=\"2024-10-09T10:30:35+00:00\" \/>\n<meta property=\"og:image\" content=\"https:\/\/www.organisator.ch\/wp-content\/uploads\/2024\/10\/Stabuebergabe-Rektoren-HWZ_Bild1_ps.jpg\" \/>\n\t<meta property=\"og:image:width\" content=\"680\" \/>\n\t<meta property=\"og:image:height\" content=\"453\" \/>\n\t<meta property=\"og:image:type\" content=\"image\/jpeg\" \/>\n<meta name=\"author\" content=\"Dzana Muminovic\" \/>\n<meta name=\"twitter:card\" content=\"summary_large_image\" \/>\n<meta name=\"twitter:title\" content=\"Prof. Dr. Brian P. R\u00fceger ist neuer Rektor der HWZ\" \/>\n<meta name=\"twitter:description\" content=\"Der #Verwaltungsrat der #HWZ #Hochschule f\u00fcr #Wirtschaft #Z\u00fcrich freut sich, die #Stabs\u00fcbergabe an Prof. Dr. #Brian P. #R\u00fceger zum neuen #Rektor bekanntzugeben.\" \/>\n<meta name=\"twitter:image\" content=\"https:\/\/www.organisator.ch\/wp-content\/uploads\/2024\/10\/Stabuebergabe-Rektoren-HWZ_Bild1_ps.jpg\" \/>\n<script type=\"application\/ld+json\" class=\"yoast-schema-graph\">{\"@context\":\"https:\\\/\\\/schema.org\",\"@graph\":[{\"@type\":\"Article\",\"@id\":\"https:\\\/\\\/www.organisator.ch\\\/management\\\/2024-10-09\\\/prof-dr-brian-p-rueeger-ist-neuer-rektor-der-hwz\\\/#article\",\"isPartOf\":{\"@id\":\"https:\\\/\\\/www.organisator.ch\\\/management\\\/2024-10-09\\\/prof-dr-brian-p-rueeger-ist-neuer-rektor-der-hwz\\\/\"},\"author\":{\"name\":\"Dzana Muminovic\",\"@id\":\"https:\\\/\\\/www.organisator.ch\\\/#\\\/schema\\\/person\\\/afccda3a71c06d4be2ed9100dd163db7\"},\"headline\":\"Prof. Dr. Brian P. R\u00fceger ist neuer Rektor der HWZ\",\"datePublished\":\"2024-10-09T10:30:35+00:00\",\"mainEntityOfPage\":{\"@id\":\"https:\\\/\\\/www.organisator.ch\\\/management\\\/2024-10-09\\\/prof-dr-brian-p-rueeger-ist-neuer-rektor-der-hwz\\\/\"},\"wordCount\":641,\"publisher\":{\"@id\":\"https:\\\/\\\/www.organisator.ch\\\/#organization\"},\"image\":{\"@id\":\"https:\\\/\\\/www.organisator.ch\\\/management\\\/2024-10-09\\\/prof-dr-brian-p-rueeger-ist-neuer-rektor-der-hwz\\\/#primaryimage\"},\"thumbnailUrl\":\"https:\\\/\\\/www.organisator.ch\\\/wp-content\\\/uploads\\\/2024\\\/10\\\/Stabuebergabe-Rektoren-HWZ_Bild1_ps.jpg\",\"keywords\":[\"Hochschule\",\"HWZ\",\"Rektor\",\"Stab\u00fcbergabe\"],\"articleSection\":[\"MANAGEMENT\"],\"inLanguage\":\"en-US\"},{\"@type\":\"WebPage\",\"@id\":\"https:\\\/\\\/www.organisator.ch\\\/management\\\/2024-10-09\\\/prof-dr-brian-p-rueeger-ist-neuer-rektor-der-hwz\\\/\",\"url\":\"https:\\\/\\\/www.organisator.ch\\\/management\\\/2024-10-09\\\/prof-dr-brian-p-rueeger-ist-neuer-rektor-der-hwz\\\/\",\"name\":\"Prof. Dr. Brian P. R\u00fceger ist neuer Rektor der HWZ - Organisator\",\"isPartOf\":{\"@id\":\"https:\\\/\\\/www.organisator.ch\\\/#website\"},\"primaryImageOfPage\":{\"@id\":\"https:\\\/\\\/www.organisator.ch\\\/management\\\/2024-10-09\\\/prof-dr-brian-p-rueeger-ist-neuer-rektor-der-hwz\\\/#primaryimage\"},\"image\":{\"@id\":\"https:\\\/\\\/www.organisator.ch\\\/management\\\/2024-10-09\\\/prof-dr-brian-p-rueeger-ist-neuer-rektor-der-hwz\\\/#primaryimage\"},\"thumbnailUrl\":\"https:\\\/\\\/www.organisator.ch\\\/wp-content\\\/uploads\\\/2024\\\/10\\\/Stabuebergabe-Rektoren-HWZ_Bild1_ps.jpg\",\"datePublished\":\"2024-10-09T10:30:35+00:00\",\"description\":\"Der Verwaltungsrat der HWZ Hochschule f\u00fcr Wirtschaft Z\u00fcrich freut sich, die Stabs\u00fcbergabe an Prof. Dr. Brian P. R\u00fceger zum neuen Rektor bekanntzugeben.\",\"breadcrumb\":{\"@id\":\"https:\\\/\\\/www.organisator.ch\\\/management\\\/2024-10-09\\\/prof-dr-brian-p-rueeger-ist-neuer-rektor-der-hwz\\\/#breadcrumb\"},\"inLanguage\":\"en-US\",\"potentialAction\":[{\"@type\":\"ReadAction\",\"target\":[\"https:\\\/\\\/www.organisator.ch\\\/management\\\/2024-10-09\\\/prof-dr-brian-p-rueeger-ist-neuer-rektor-der-hwz\\\/\"]}]},{\"@type\":\"ImageObject\",\"inLanguage\":\"en-US\",\"@id\":\"https:\\\/\\\/www.organisator.ch\\\/management\\\/2024-10-09\\\/prof-dr-brian-p-rueeger-ist-neuer-rektor-der-hwz\\\/#primaryimage\",\"url\":\"https:\\\/\\\/www.organisator.ch\\\/wp-content\\\/uploads\\\/2024\\\/10\\\/Stabuebergabe-Rektoren-HWZ_Bild1_ps.jpg\",\"contentUrl\":\"https:\\\/\\\/www.organisator.ch\\\/wp-content\\\/uploads\\\/2024\\\/10\\\/Stabuebergabe-Rektoren-HWZ_Bild1_ps.jpg\",\"width\":680,\"height\":453,\"caption\":\"Prof. Dr. R\u00fceger tritt die Nachfolge von Prof. Matthias R\u00fcegg an. (Bild: www.fh-hwz.ch)\"},{\"@type\":\"BreadcrumbList\",\"@id\":\"https:\\\/\\\/www.organisator.ch\\\/management\\\/2024-10-09\\\/prof-dr-brian-p-rueeger-ist-neuer-rektor-der-hwz\\\/#breadcrumb\",\"itemListElement\":[{\"@type\":\"ListItem\",\"position\":1,\"name\":\"Home\",\"item\":\"https:\\\/\\\/www.organisator.ch\\\/\"},{\"@type\":\"ListItem\",\"position\":2,\"name\":\"Prof. Dr. Brian P. R\u00fceger ist neuer Rektor der HWZ\"}]},{\"@type\":\"WebSite\",\"@id\":\"https:\\\/\\\/www.organisator.ch\\\/#website\",\"url\":\"https:\\\/\\\/www.organisator.ch\\\/\",\"name\":\"Organisator\",\"description\":\"Kompetent. Praxisnah. Der ORGANISATOR bereitet in 10 Ausgaben pro Jahr die wesentlichen Themen f\u00fcr F\u00fchrungskr\u00e4fte von KMU auf.\",\"publisher\":{\"@id\":\"https:\\\/\\\/www.organisator.ch\\\/#organization\"},\"potentialAction\":[{\"@type\":\"SearchAction\",\"target\":{\"@type\":\"EntryPoint\",\"urlTemplate\":\"https:\\\/\\\/www.organisator.ch\\\/?s={search_term_string}\"},\"query-input\":{\"@type\":\"PropertyValueSpecification\",\"valueRequired\":true,\"valueName\":\"search_term_string\"}}],\"inLanguage\":\"en-US\"},{\"@type\":\"Organization\",\"@id\":\"https:\\\/\\\/www.organisator.ch\\\/#organization\",\"name\":\"Organisator\",\"url\":\"https:\\\/\\\/www.organisator.ch\\\/\",\"logo\":{\"@type\":\"ImageObject\",\"inLanguage\":\"en-US\",\"@id\":\"https:\\\/\\\/www.organisator.ch\\\/#\\\/schema\\\/logo\\\/image\\\/\",\"url\":\"https:\\\/\\\/www.organisator.ch\\\/wp-content\\\/uploads\\\/2022\\\/01\\\/Logo_Organisator_Website.png\",\"contentUrl\":\"https:\\\/\\\/www.organisator.ch\\\/wp-content\\\/uploads\\\/2022\\\/01\\\/Logo_Organisator_Website.png\",\"width\":800,\"height\":77,\"caption\":\"Organisator\"},\"image\":{\"@id\":\"https:\\\/\\\/www.organisator.ch\\\/#\\\/schema\\\/logo\\\/image\\\/\"},\"sameAs\":[\"https:\\\/\\\/www.facebook.com\\\/OrganisatorFachmagazin\",\"https:\\\/\\\/www.linkedin.com\\\/showcase\\\/organisator-das-magazin-fr-kmu\",\"https:\\\/\\\/www.xing.com\\\/news\\\/pages\\\/organisator-ch-695\",\"https:\\\/\\\/www.youtube.com\\\/channel\\\/UCGP2Sq0iWaZwT3BdIAQFYpw\"]},{\"@type\":\"Person\",\"@id\":\"https:\\\/\\\/www.organisator.ch\\\/#\\\/schema\\\/person\\\/afccda3a71c06d4be2ed9100dd163db7\",\"name\":\"Dzana Muminovic\",\"image\":{\"@type\":\"ImageObject\",\"inLanguage\":\"en-US\",\"@id\":\"https:\\\/\\\/secure.gravatar.com\\\/avatar\\\/909c5c71aff4b38e88686f2ab2f1ba152571f394f41ed8bae431ea56ced93050?s=96&d=mm&r=g\",\"url\":\"https:\\\/\\\/secure.gravatar.com\\\/avatar\\\/909c5c71aff4b38e88686f2ab2f1ba152571f394f41ed8bae431ea56ced93050?s=96&d=mm&r=g\",\"contentUrl\":\"https:\\\/\\\/secure.gravatar.com\\\/avatar\\\/909c5c71aff4b38e88686f2ab2f1ba152571f394f41ed8bae431ea56ced93050?s=96&d=mm&r=g\",\"caption\":\"Dzana Muminovic\"},\"url\":\"https:\\\/\\\/www.organisator.ch\\\/en\\\/author\\\/dzana-muminovic\\\/\"}]}<\/script>\n<!-- \/ Yoast SEO plugin. -->","yoast_head_json":{"title":"Prof. Dr. Brian P. R\u00fceger is the new Rector of the HWZ - Organizer","description":"The Board of Directors of the HWZ Zurich University of Applied Sciences is pleased to announce the appointment of Prof. Dr. Brian P. R\u00fceger as the new Rector.","robots":{"index":"index","follow":"follow","max-snippet":"max-snippet:-1","max-image-preview":"max-image-preview:large","max-video-preview":"max-video-preview:-1"},"canonical":"https:\/\/www.organisator.ch\/en\/management\/2024-10-09\/prof-dr-brian-p-rueeger-ist-neuer-rektor-der-hwz\/","og_locale":"en_US","og_type":"article","og_title":"Prof. Dr. Brian P. R\u00fceger ist neuer Rektor der HWZ","og_description":"Der Verwaltungsrat der HWZ Hochschule f\u00fcr Wirtschaft Z\u00fcrich freut sich, die Stabs\u00fcbergabe an Prof. Dr. Brian P. R\u00fceger zum neuen Rektor bekanntzugeben.","og_url":"https:\/\/www.organisator.ch\/en\/management\/2024-10-09\/prof-dr-brian-p-rueeger-ist-neuer-rektor-der-hwz\/","og_site_name":"Organisator","article_publisher":"https:\/\/www.facebook.com\/OrganisatorFachmagazin","article_published_time":"2024-10-09T10:30:35+00:00","og_image":[{"width":680,"height":453,"url":"https:\/\/www.organisator.ch\/wp-content\/uploads\/2024\/10\/Stabuebergabe-Rektoren-HWZ_Bild1_ps.jpg","type":"image\/jpeg"}],"author":"Dzana Muminovic","twitter_card":"summary_large_image","twitter_title":"Prof. Dr. Brian P. R\u00fceger ist neuer Rektor der HWZ","twitter_description":"Der #Verwaltungsrat der #HWZ #Hochschule f\u00fcr #Wirtschaft #Z\u00fcrich freut sich, die #Stabs\u00fcbergabe an Prof. Dr. #Brian P. #R\u00fceger zum neuen #Rektor bekanntzugeben.","twitter_image":"https:\/\/www.organisator.ch\/wp-content\/uploads\/2024\/10\/Stabuebergabe-Rektoren-HWZ_Bild1_ps.jpg","schema":{"@context":"https:\/\/schema.org","@graph":[{"@type":"Article","@id":"https:\/\/www.organisator.ch\/management\/2024-10-09\/prof-dr-brian-p-rueeger-ist-neuer-rektor-der-hwz\/#article","isPartOf":{"@id":"https:\/\/www.organisator.ch\/management\/2024-10-09\/prof-dr-brian-p-rueeger-ist-neuer-rektor-der-hwz\/"},"author":{"name":"Dzana Muminovic","@id":"https:\/\/www.organisator.ch\/#\/schema\/person\/afccda3a71c06d4be2ed9100dd163db7"},"headline":"Prof. Dr. Brian P. R\u00fceger ist neuer Rektor der HWZ","datePublished":"2024-10-09T10:30:35+00:00","mainEntityOfPage":{"@id":"https:\/\/www.organisator.ch\/management\/2024-10-09\/prof-dr-brian-p-rueeger-ist-neuer-rektor-der-hwz\/"},"wordCount":641,"publisher":{"@id":"https:\/\/www.organisator.ch\/#organization"},"image":{"@id":"https:\/\/www.organisator.ch\/management\/2024-10-09\/prof-dr-brian-p-rueeger-ist-neuer-rektor-der-hwz\/#primaryimage"},"thumbnailUrl":"https:\/\/www.organisator.ch\/wp-content\/uploads\/2024\/10\/Stabuebergabe-Rektoren-HWZ_Bild1_ps.jpg","keywords":["Hochschule","HWZ","Rektor","Stab\u00fcbergabe"],"articleSection":["MANAGEMENT"],"inLanguage":"en-US"},{"@type":"WebPage","@id":"https:\/\/www.organisator.ch\/management\/2024-10-09\/prof-dr-brian-p-rueeger-ist-neuer-rektor-der-hwz\/","url":"https:\/\/www.organisator.ch\/management\/2024-10-09\/prof-dr-brian-p-rueeger-ist-neuer-rektor-der-hwz\/","name":"Prof. Dr. Brian P. R\u00fceger is the new Rector of the HWZ - Organizer","isPartOf":{"@id":"https:\/\/www.organisator.ch\/#website"},"primaryImageOfPage":{"@id":"https:\/\/www.organisator.ch\/management\/2024-10-09\/prof-dr-brian-p-rueeger-ist-neuer-rektor-der-hwz\/#primaryimage"},"image":{"@id":"https:\/\/www.organisator.ch\/management\/2024-10-09\/prof-dr-brian-p-rueeger-ist-neuer-rektor-der-hwz\/#primaryimage"},"thumbnailUrl":"https:\/\/www.organisator.ch\/wp-content\/uploads\/2024\/10\/Stabuebergabe-Rektoren-HWZ_Bild1_ps.jpg","datePublished":"2024-10-09T10:30:35+00:00","description":"The Board of Directors of the HWZ Zurich University of Applied Sciences is pleased to announce the appointment of Prof. Dr. Brian P. R\u00fceger as the new Rector.","breadcrumb":{"@id":"https:\/\/www.organisator.ch\/management\/2024-10-09\/prof-dr-brian-p-rueeger-ist-neuer-rektor-der-hwz\/#breadcrumb"},"inLanguage":"en-US","potentialAction":[{"@type":"ReadAction","target":["https:\/\/www.organisator.ch\/management\/2024-10-09\/prof-dr-brian-p-rueeger-ist-neuer-rektor-der-hwz\/"]}]},{"@type":"ImageObject","inLanguage":"en-US","@id":"https:\/\/www.organisator.ch\/management\/2024-10-09\/prof-dr-brian-p-rueeger-ist-neuer-rektor-der-hwz\/#primaryimage","url":"https:\/\/www.organisator.ch\/wp-content\/uploads\/2024\/10\/Stabuebergabe-Rektoren-HWZ_Bild1_ps.jpg","contentUrl":"https:\/\/www.organisator.ch\/wp-content\/uploads\/2024\/10\/Stabuebergabe-Rektoren-HWZ_Bild1_ps.jpg","width":680,"height":453,"caption":"Prof. Dr. R\u00fceger tritt die Nachfolge von Prof. Matthias R\u00fcegg an. (Bild: www.fh-hwz.ch)"},{"@type":"BreadcrumbList","@id":"https:\/\/www.organisator.ch\/management\/2024-10-09\/prof-dr-brian-p-rueeger-ist-neuer-rektor-der-hwz\/#breadcrumb","itemListElement":[{"@type":"ListItem","position":1,"name":"Home","item":"https:\/\/www.organisator.ch\/"},{"@type":"ListItem","position":2,"name":"Prof. Dr. Brian P. R\u00fceger ist neuer Rektor der HWZ"}]},{"@type":"WebSite","@id":"https:\/\/www.organisator.ch\/#website","url":"https:\/\/www.organisator.ch\/","name":"Organizer","description":"Competent. Practical. In 10 issues per year, ORGANISATOR presents the essential topics for managers of SMEs.","publisher":{"@id":"https:\/\/www.organisator.ch\/#organization"},"potentialAction":[{"@type":"SearchAction","target":{"@type":"EntryPoint","urlTemplate":"https:\/\/www.organisator.ch\/?s={search_term_string}"},"query-input":{"@type":"PropertyValueSpecification","valueRequired":true,"valueName":"search_term_string"}}],"inLanguage":"en-US"},{"@type":"Organization","@id":"https:\/\/www.organisator.ch\/#organization","name":"Organizer","url":"https:\/\/www.organisator.ch\/","logo":{"@type":"ImageObject","inLanguage":"en-US","@id":"https:\/\/www.organisator.ch\/#\/schema\/logo\/image\/","url":"https:\/\/www.organisator.ch\/wp-content\/uploads\/2022\/01\/Logo_Organisator_Website.png","contentUrl":"https:\/\/www.organisator.ch\/wp-content\/uploads\/2022\/01\/Logo_Organisator_Website.png","width":800,"height":77,"caption":"Organisator"},"image":{"@id":"https:\/\/www.organisator.ch\/#\/schema\/logo\/image\/"},"sameAs":["https:\/\/www.facebook.com\/OrganisatorFachmagazin","https:\/\/www.linkedin.com\/showcase\/organisator-das-magazin-fr-kmu","https:\/\/www.xing.com\/news\/pages\/organisator-ch-695","https:\/\/www.youtube.com\/channel\/UCGP2Sq0iWaZwT3BdIAQFYpw"]},{"@type":"Person","@id":"https:\/\/www.organisator.ch\/#\/schema\/person\/afccda3a71c06d4be2ed9100dd163db7","name":"Dzana Muminovic","image":{"@type":"ImageObject","inLanguage":"en-US","@id":"https:\/\/secure.gravatar.com\/avatar\/909c5c71aff4b38e88686f2ab2f1ba152571f394f41ed8bae431ea56ced93050?s=96&d=mm&r=g","url":"https:\/\/secure.gravatar.com\/avatar\/909c5c71aff4b38e88686f2ab2f1ba152571f394f41ed8bae431ea56ced93050?s=96&d=mm&r=g","contentUrl":"https:\/\/secure.gravatar.com\/avatar\/909c5c71aff4b38e88686f2ab2f1ba152571f394f41ed8bae431ea56ced93050?s=96&d=mm&r=g","caption":"Dzana Muminovic"},"url":"https:\/\/www.organisator.ch\/en\/author\/dzana-muminovic\/"}]}},"_links":{"self":[{"href":"https:\/\/www.organisator.ch\/en\/wp-json\/wp\/v2\/posts\/30544","targetHints":{"allow":["GET"]}}],"collection":[{"href":"https:\/\/www.organisator.ch\/en\/wp-json\/wp\/v2\/posts"}],"about":[{"href":"https:\/\/www.organisator.ch\/en\/wp-json\/wp\/v2\/types\/post"}],"author":[{"embeddable":true,"href":"https:\/\/www.organisator.ch\/en\/wp-json\/wp\/v2\/users\/80"}],"replies":[{"embeddable":true,"href":"https:\/\/www.organisator.ch\/en\/wp-json\/wp\/v2\/comments?post=30544"}],"version-history":[{"count":3,"href":"https:\/\/www.organisator.ch\/en\/wp-json\/wp\/v2\/posts\/30544\/revisions"}],"predecessor-version":[{"id":30568,"href":"https:\/\/www.organisator.ch\/en\/wp-json\/wp\/v2\/posts\/30544\/revisions\/30568"}],"wp:featuredmedia":[{"embeddable":true,"href":"https:\/\/www.organisator.ch\/en\/wp-json\/wp\/v2\/media\/30545"}],"wp:attachment":[{"href":"https:\/\/www.organisator.ch\/en\/wp-json\/wp\/v2\/media?parent=30544"}],"wp:term":[{"taxonomy":"category","embeddable":true,"href":"https:\/\/www.organisator.ch\/en\/wp-json\/wp\/v2\/categories?post=30544"},{"taxonomy":"post_tag","embeddable":true,"href":"https:\/\/www.organisator.ch\/en\/wp-json\/wp\/v2\/tags?post=30544"}],"curies":[{"name":"wp","href":"https:\/\/api.w.org\/{rel}","templated":true}]}}