{"id":30558,"date":"2024-10-10T07:30:35","date_gmt":"2024-10-10T05:30:35","guid":{"rendered":"https:\/\/www.organisator.ch\/?p=30558"},"modified":"2024-10-09T13:09:41","modified_gmt":"2024-10-09T11:09:41","slug":"jeder-dritte-geschaeftsreisende-in-europa-wuerde-ohne-reiseoption-kuendigen","status":"publish","type":"post","link":"https:\/\/www.organisator.ch\/en\/human-resources\/2024-10-10\/jeder-dritte-geschaeftsreisende-in-europa-wuerde-ohne-reiseoption-kuendigen\/","title":{"rendered":"One in three business travelers in Europe would quit without a travel option"},"content":{"rendered":"<figure id=\"attachment_30559\" aria-describedby=\"caption-attachment-30559\" style=\"width: 680px\" class=\"wp-caption alignnone\"><img loading=\"lazy\" decoding=\"async\" class=\"size-full wp-image-30559\" src=\"https:\/\/www.organisator.ch\/wp-content\/uploads\/2024\/10\/Airplus_Bild1_ps.jpg\" alt=\"\" width=\"680\" height=\"454\" srcset=\"https:\/\/www.organisator.ch\/wp-content\/uploads\/2024\/10\/Airplus_Bild1_ps.jpg 680w, https:\/\/www.organisator.ch\/wp-content\/uploads\/2024\/10\/Airplus_Bild1_ps-18x12.jpg 18w, https:\/\/www.organisator.ch\/wp-content\/uploads\/2024\/10\/Airplus_Bild1_ps-375x250.jpg 375w, https:\/\/www.organisator.ch\/wp-content\/uploads\/2024\/10\/Airplus_Bild1_ps-524x350.jpg 524w\" sizes=\"auto, (max-width: 680px) 100vw, 680px\" \/><figcaption id=\"caption-attachment-30559\" class=\"wp-caption-text\">Business trips are seen as a status symbol by many respondents. (Image: www.airplus.com)<\/figcaption><\/figure>\n<p>57% of respondents stated that they perceive business trips as a special privilege, especially in times of video conferencing. Unsurprisingly, 28% of respondents also reported that their companies had encouraged them to replace travel with virtual conferences in the past twelve months, while 22% complained of reduced travel budgets.<\/p>\n<h3><strong>Business trips have a positive impact<\/strong><\/h3>\n<p>Overall, the survey shows that employee benefits relating to mobility are important to employees, above all flexible working arrangements (71%). In the DACH region, the approval rate is as high as 75 percent. 56% of European respondents consider company cars and mobility allowances to be important. The German-speaking countries bring up the rear here with an approval rating of 48. Business trip-specific benefits and the option to combine business and private travel (\"bleisure\", \"workation\") are rated as important by just under half (49% and 45% respectively).<\/p>\n<p>All these benefits tend to be valued more by younger employees from generations Y and Z than by baby boomers and generation X.<\/p>\n<h3><strong>Business trips still serve as a status symbol<\/strong><\/h3>\n<p>Business trips are seen as a status symbol by many respondents, as the survey suggests. People who go on particularly exclusive business trips are seen as privileged by more than half of those surveyed (51%). A good third (37%) have already felt particularly important or superior in their social environment because of a particular business trip. Likewise, 37% of respondents consider people who frequently take business trips to be particularly important.<\/p>\n<p>Differences between the generations and genders can also be seen here. Men and younger respondents from generations Y and Z tend to see travel more as a status symbol, while the corresponding statements are relatively less popular with women and baby boomers.<\/p>\n<h3><strong>Business trips still a male domain<\/strong><\/h3>\n<p>Overall, business travel appears to be a lower priority for women, as they predominantly agree less with the corresponding statements than the men surveyed. Unsurprisingly, according to the AirPlus Business Travel Index, women traditionally only make up around 20 percent of travelers on business flights.<\/p>\n<p><em>Source: <a href=\"http:\/\/www.airplus.com\">www.airplus.com<\/a><\/em><\/p>","protected":false},"excerpt":{"rendered":"<p>One in three business travelers in Europe (31 percent) would change jobs if they suddenly no longer had the opportunity to travel, or only very rarely - among generations Y and Z, this figure rises to around 40 percent. This was confirmed by a survey of 543 business travelers in nine European countries (Austria, Belgium, France, Germany, Italy, Luxembourg, the Netherlands, Switzerland, the United Kingdom and the Netherlands) conducted by corporate payment expert AirPlus.<\/p>","protected":false},"author":80,"featured_media":30559,"comment_status":"closed","ping_status":"closed","sticky":false,"template":"","format":"standard","meta":{"_acf_changed":false,"_yoast_wpseo_focuskw":"Gesch\u00e4ftsreise","_yoast_wpseo_metadesc":"Jeder dritte Gesch\u00e4ftsreisende in Europa w\u00fcrde den Job wechseln, wenn er pl\u00f6tzlich nicht mehr oder nur noch sehr selten die M\u00f6glichkeit zu reisen h\u00e4tte.","articlekey":"","footnotes":""},"categories":[579],"tags":[4602,2973,4603,492],"class_list":["post-30558","post","type-post","status-publish","format-standard","has-post-thumbnail","hentry","category-human-resources","tag-geschaeftsreise","tag-kuendigung","tag-mitarbeiterzufriedenheit","tag-unternehmen"],"acf":[],"yoast_head":"<!-- This site is optimized with the Yoast SEO plugin v27.4 - https:\/\/yoast.com\/product\/yoast-seo-wordpress\/ -->\n<title>Jeder dritte Gesch\u00e4ftsreisende in Europa w\u00fcrde ohne Reiseoption k\u00fcndigen - Organisator<\/title>\n<meta name=\"description\" content=\"Jeder dritte Gesch\u00e4ftsreisende in Europa w\u00fcrde den Job wechseln, wenn er pl\u00f6tzlich nicht mehr oder nur noch sehr selten die M\u00f6glichkeit zu reisen h\u00e4tte.\" \/>\n<meta name=\"robots\" content=\"index, follow, max-snippet:-1, max-image-preview:large, max-video-preview:-1\" \/>\n<link rel=\"canonical\" href=\"https:\/\/www.organisator.ch\/en\/human-resources\/2024-10-10\/jeder-dritte-geschaeftsreisende-in-europa-wuerde-ohne-reiseoption-kuendigen\/\" \/>\n<meta property=\"og:locale\" content=\"en_US\" \/>\n<meta property=\"og:type\" content=\"article\" \/>\n<meta property=\"og:title\" content=\"Jeder dritte Gesch\u00e4ftsreisende in Europa w\u00fcrde ohne Reiseoption k\u00fcndigen\" \/>\n<meta property=\"og:description\" content=\"Jeder dritte Gesch\u00e4ftsreisende in Europa w\u00fcrde den Job wechseln, wenn er pl\u00f6tzlich nicht mehr oder nur noch sehr selten die M\u00f6glichkeit zu reisen h\u00e4tte.\" \/>\n<meta property=\"og:url\" content=\"https:\/\/www.organisator.ch\/en\/human-resources\/2024-10-10\/jeder-dritte-geschaeftsreisende-in-europa-wuerde-ohne-reiseoption-kuendigen\/\" \/>\n<meta property=\"og:site_name\" content=\"Organisator\" \/>\n<meta property=\"article:publisher\" content=\"https:\/\/www.facebook.com\/OrganisatorFachmagazin\" \/>\n<meta property=\"article:published_time\" content=\"2024-10-10T05:30:35+00:00\" \/>\n<meta property=\"og:image\" content=\"https:\/\/www.organisator.ch\/wp-content\/uploads\/2024\/10\/Airplus_Bild1_ps.jpg\" \/>\n\t<meta property=\"og:image:width\" content=\"680\" \/>\n\t<meta property=\"og:image:height\" content=\"454\" \/>\n\t<meta property=\"og:image:type\" content=\"image\/jpeg\" \/>\n<meta name=\"author\" content=\"Dzana Muminovic\" \/>\n<meta name=\"twitter:card\" content=\"summary_large_image\" \/>\n<meta name=\"twitter:title\" content=\"Jeder dritte Gesch\u00e4ftsreisende in Europa w\u00fcrde ohne Reiseoption k\u00fcndigen\" \/>\n<meta name=\"twitter:description\" content=\"Jeder dritte #Gesch\u00e4ftsreisende in #Europa w\u00fcrde den #Job wechseln, wenn er pl\u00f6tzlich nicht mehr oder nur noch sehr selten die #M\u00f6glichkeit zu reisen h\u00e4tte.\" \/>\n<meta name=\"twitter:image\" content=\"https:\/\/www.organisator.ch\/wp-content\/uploads\/2024\/10\/Airplus_Bild1_ps.jpg\" \/>\n<script type=\"application\/ld+json\" class=\"yoast-schema-graph\">{\"@context\":\"https:\\\/\\\/schema.org\",\"@graph\":[{\"@type\":\"Article\",\"@id\":\"https:\\\/\\\/www.organisator.ch\\\/human-resources\\\/2024-10-10\\\/jeder-dritte-geschaeftsreisende-in-europa-wuerde-ohne-reiseoption-kuendigen\\\/#article\",\"isPartOf\":{\"@id\":\"https:\\\/\\\/www.organisator.ch\\\/human-resources\\\/2024-10-10\\\/jeder-dritte-geschaeftsreisende-in-europa-wuerde-ohne-reiseoption-kuendigen\\\/\"},\"author\":{\"name\":\"Dzana Muminovic\",\"@id\":\"https:\\\/\\\/www.organisator.ch\\\/#\\\/schema\\\/person\\\/afccda3a71c06d4be2ed9100dd163db7\"},\"headline\":\"Jeder dritte Gesch\u00e4ftsreisende in Europa w\u00fcrde ohne Reiseoption k\u00fcndigen\",\"datePublished\":\"2024-10-10T05:30:35+00:00\",\"mainEntityOfPage\":{\"@id\":\"https:\\\/\\\/www.organisator.ch\\\/human-resources\\\/2024-10-10\\\/jeder-dritte-geschaeftsreisende-in-europa-wuerde-ohne-reiseoption-kuendigen\\\/\"},\"wordCount\":380,\"publisher\":{\"@id\":\"https:\\\/\\\/www.organisator.ch\\\/#organization\"},\"image\":{\"@id\":\"https:\\\/\\\/www.organisator.ch\\\/human-resources\\\/2024-10-10\\\/jeder-dritte-geschaeftsreisende-in-europa-wuerde-ohne-reiseoption-kuendigen\\\/#primaryimage\"},\"thumbnailUrl\":\"https:\\\/\\\/www.organisator.ch\\\/wp-content\\\/uploads\\\/2024\\\/10\\\/Airplus_Bild1_ps.jpg\",\"keywords\":[\"Gesch\u00e4ftsreise\",\"K\u00fcndigung\",\"Mitarbeiterzufriedenheit\",\"Unternehmen\"],\"articleSection\":[\"HUMAN RESOURCES\"],\"inLanguage\":\"en-US\"},{\"@type\":\"WebPage\",\"@id\":\"https:\\\/\\\/www.organisator.ch\\\/human-resources\\\/2024-10-10\\\/jeder-dritte-geschaeftsreisende-in-europa-wuerde-ohne-reiseoption-kuendigen\\\/\",\"url\":\"https:\\\/\\\/www.organisator.ch\\\/human-resources\\\/2024-10-10\\\/jeder-dritte-geschaeftsreisende-in-europa-wuerde-ohne-reiseoption-kuendigen\\\/\",\"name\":\"Jeder dritte Gesch\u00e4ftsreisende in Europa w\u00fcrde ohne Reiseoption k\u00fcndigen - Organisator\",\"isPartOf\":{\"@id\":\"https:\\\/\\\/www.organisator.ch\\\/#website\"},\"primaryImageOfPage\":{\"@id\":\"https:\\\/\\\/www.organisator.ch\\\/human-resources\\\/2024-10-10\\\/jeder-dritte-geschaeftsreisende-in-europa-wuerde-ohne-reiseoption-kuendigen\\\/#primaryimage\"},\"image\":{\"@id\":\"https:\\\/\\\/www.organisator.ch\\\/human-resources\\\/2024-10-10\\\/jeder-dritte-geschaeftsreisende-in-europa-wuerde-ohne-reiseoption-kuendigen\\\/#primaryimage\"},\"thumbnailUrl\":\"https:\\\/\\\/www.organisator.ch\\\/wp-content\\\/uploads\\\/2024\\\/10\\\/Airplus_Bild1_ps.jpg\",\"datePublished\":\"2024-10-10T05:30:35+00:00\",\"description\":\"Jeder dritte Gesch\u00e4ftsreisende in Europa w\u00fcrde den Job wechseln, wenn er pl\u00f6tzlich nicht mehr oder nur noch sehr selten die M\u00f6glichkeit zu reisen h\u00e4tte.\",\"breadcrumb\":{\"@id\":\"https:\\\/\\\/www.organisator.ch\\\/human-resources\\\/2024-10-10\\\/jeder-dritte-geschaeftsreisende-in-europa-wuerde-ohne-reiseoption-kuendigen\\\/#breadcrumb\"},\"inLanguage\":\"en-US\",\"potentialAction\":[{\"@type\":\"ReadAction\",\"target\":[\"https:\\\/\\\/www.organisator.ch\\\/human-resources\\\/2024-10-10\\\/jeder-dritte-geschaeftsreisende-in-europa-wuerde-ohne-reiseoption-kuendigen\\\/\"]}]},{\"@type\":\"ImageObject\",\"inLanguage\":\"en-US\",\"@id\":\"https:\\\/\\\/www.organisator.ch\\\/human-resources\\\/2024-10-10\\\/jeder-dritte-geschaeftsreisende-in-europa-wuerde-ohne-reiseoption-kuendigen\\\/#primaryimage\",\"url\":\"https:\\\/\\\/www.organisator.ch\\\/wp-content\\\/uploads\\\/2024\\\/10\\\/Airplus_Bild1_ps.jpg\",\"contentUrl\":\"https:\\\/\\\/www.organisator.ch\\\/wp-content\\\/uploads\\\/2024\\\/10\\\/Airplus_Bild1_ps.jpg\",\"width\":680,\"height\":454,\"caption\":\"Business Trips werden von zahlreichen Befragten als Statussymbol betrachtet. (Bild: www.airplus.com)\"},{\"@type\":\"BreadcrumbList\",\"@id\":\"https:\\\/\\\/www.organisator.ch\\\/human-resources\\\/2024-10-10\\\/jeder-dritte-geschaeftsreisende-in-europa-wuerde-ohne-reiseoption-kuendigen\\\/#breadcrumb\",\"itemListElement\":[{\"@type\":\"ListItem\",\"position\":1,\"name\":\"Home\",\"item\":\"https:\\\/\\\/www.organisator.ch\\\/\"},{\"@type\":\"ListItem\",\"position\":2,\"name\":\"Jeder dritte Gesch\u00e4ftsreisende in Europa w\u00fcrde ohne Reiseoption k\u00fcndigen\"}]},{\"@type\":\"WebSite\",\"@id\":\"https:\\\/\\\/www.organisator.ch\\\/#website\",\"url\":\"https:\\\/\\\/www.organisator.ch\\\/\",\"name\":\"Organisator\",\"description\":\"Kompetent. Praxisnah. Der ORGANISATOR bereitet in 10 Ausgaben pro Jahr die wesentlichen Themen f\u00fcr F\u00fchrungskr\u00e4fte von KMU auf.\",\"publisher\":{\"@id\":\"https:\\\/\\\/www.organisator.ch\\\/#organization\"},\"potentialAction\":[{\"@type\":\"SearchAction\",\"target\":{\"@type\":\"EntryPoint\",\"urlTemplate\":\"https:\\\/\\\/www.organisator.ch\\\/?s={search_term_string}\"},\"query-input\":{\"@type\":\"PropertyValueSpecification\",\"valueRequired\":true,\"valueName\":\"search_term_string\"}}],\"inLanguage\":\"en-US\"},{\"@type\":\"Organization\",\"@id\":\"https:\\\/\\\/www.organisator.ch\\\/#organization\",\"name\":\"Organisator\",\"url\":\"https:\\\/\\\/www.organisator.ch\\\/\",\"logo\":{\"@type\":\"ImageObject\",\"inLanguage\":\"en-US\",\"@id\":\"https:\\\/\\\/www.organisator.ch\\\/#\\\/schema\\\/logo\\\/image\\\/\",\"url\":\"https:\\\/\\\/www.organisator.ch\\\/wp-content\\\/uploads\\\/2022\\\/01\\\/Logo_Organisator_Website.png\",\"contentUrl\":\"https:\\\/\\\/www.organisator.ch\\\/wp-content\\\/uploads\\\/2022\\\/01\\\/Logo_Organisator_Website.png\",\"width\":800,\"height\":77,\"caption\":\"Organisator\"},\"image\":{\"@id\":\"https:\\\/\\\/www.organisator.ch\\\/#\\\/schema\\\/logo\\\/image\\\/\"},\"sameAs\":[\"https:\\\/\\\/www.facebook.com\\\/OrganisatorFachmagazin\",\"https:\\\/\\\/www.linkedin.com\\\/showcase\\\/organisator-das-magazin-fr-kmu\",\"https:\\\/\\\/www.xing.com\\\/news\\\/pages\\\/organisator-ch-695\",\"https:\\\/\\\/www.youtube.com\\\/channel\\\/UCGP2Sq0iWaZwT3BdIAQFYpw\"]},{\"@type\":\"Person\",\"@id\":\"https:\\\/\\\/www.organisator.ch\\\/#\\\/schema\\\/person\\\/afccda3a71c06d4be2ed9100dd163db7\",\"name\":\"Dzana Muminovic\",\"image\":{\"@type\":\"ImageObject\",\"inLanguage\":\"en-US\",\"@id\":\"https:\\\/\\\/secure.gravatar.com\\\/avatar\\\/909c5c71aff4b38e88686f2ab2f1ba152571f394f41ed8bae431ea56ced93050?s=96&d=mm&r=g\",\"url\":\"https:\\\/\\\/secure.gravatar.com\\\/avatar\\\/909c5c71aff4b38e88686f2ab2f1ba152571f394f41ed8bae431ea56ced93050?s=96&d=mm&r=g\",\"contentUrl\":\"https:\\\/\\\/secure.gravatar.com\\\/avatar\\\/909c5c71aff4b38e88686f2ab2f1ba152571f394f41ed8bae431ea56ced93050?s=96&d=mm&r=g\",\"caption\":\"Dzana Muminovic\"},\"url\":\"https:\\\/\\\/www.organisator.ch\\\/en\\\/author\\\/dzana-muminovic\\\/\"}]}<\/script>\n<!-- \/ Yoast SEO plugin. -->","yoast_head_json":{"title":"One in three business travelers in Europe would quit without a travel option - Organizer","description":"One in three business travelers in Europe would change jobs if they suddenly no longer had the opportunity to travel, or only very rarely.","robots":{"index":"index","follow":"follow","max-snippet":"max-snippet:-1","max-image-preview":"max-image-preview:large","max-video-preview":"max-video-preview:-1"},"canonical":"https:\/\/www.organisator.ch\/en\/human-resources\/2024-10-10\/jeder-dritte-geschaeftsreisende-in-europa-wuerde-ohne-reiseoption-kuendigen\/","og_locale":"en_US","og_type":"article","og_title":"Jeder dritte Gesch\u00e4ftsreisende in Europa w\u00fcrde ohne Reiseoption k\u00fcndigen","og_description":"Jeder dritte Gesch\u00e4ftsreisende in Europa w\u00fcrde den Job wechseln, wenn er pl\u00f6tzlich nicht mehr oder nur noch sehr selten die M\u00f6glichkeit zu reisen h\u00e4tte.","og_url":"https:\/\/www.organisator.ch\/en\/human-resources\/2024-10-10\/jeder-dritte-geschaeftsreisende-in-europa-wuerde-ohne-reiseoption-kuendigen\/","og_site_name":"Organisator","article_publisher":"https:\/\/www.facebook.com\/OrganisatorFachmagazin","article_published_time":"2024-10-10T05:30:35+00:00","og_image":[{"width":680,"height":454,"url":"https:\/\/www.organisator.ch\/wp-content\/uploads\/2024\/10\/Airplus_Bild1_ps.jpg","type":"image\/jpeg"}],"author":"Dzana Muminovic","twitter_card":"summary_large_image","twitter_title":"Jeder dritte Gesch\u00e4ftsreisende in Europa w\u00fcrde ohne Reiseoption k\u00fcndigen","twitter_description":"Jeder dritte #Gesch\u00e4ftsreisende in #Europa w\u00fcrde den #Job wechseln, wenn er pl\u00f6tzlich nicht mehr oder nur noch sehr selten die #M\u00f6glichkeit zu reisen h\u00e4tte.","twitter_image":"https:\/\/www.organisator.ch\/wp-content\/uploads\/2024\/10\/Airplus_Bild1_ps.jpg","schema":{"@context":"https:\/\/schema.org","@graph":[{"@type":"Article","@id":"https:\/\/www.organisator.ch\/human-resources\/2024-10-10\/jeder-dritte-geschaeftsreisende-in-europa-wuerde-ohne-reiseoption-kuendigen\/#article","isPartOf":{"@id":"https:\/\/www.organisator.ch\/human-resources\/2024-10-10\/jeder-dritte-geschaeftsreisende-in-europa-wuerde-ohne-reiseoption-kuendigen\/"},"author":{"name":"Dzana Muminovic","@id":"https:\/\/www.organisator.ch\/#\/schema\/person\/afccda3a71c06d4be2ed9100dd163db7"},"headline":"Jeder dritte Gesch\u00e4ftsreisende in Europa w\u00fcrde ohne Reiseoption k\u00fcndigen","datePublished":"2024-10-10T05:30:35+00:00","mainEntityOfPage":{"@id":"https:\/\/www.organisator.ch\/human-resources\/2024-10-10\/jeder-dritte-geschaeftsreisende-in-europa-wuerde-ohne-reiseoption-kuendigen\/"},"wordCount":380,"publisher":{"@id":"https:\/\/www.organisator.ch\/#organization"},"image":{"@id":"https:\/\/www.organisator.ch\/human-resources\/2024-10-10\/jeder-dritte-geschaeftsreisende-in-europa-wuerde-ohne-reiseoption-kuendigen\/#primaryimage"},"thumbnailUrl":"https:\/\/www.organisator.ch\/wp-content\/uploads\/2024\/10\/Airplus_Bild1_ps.jpg","keywords":["Gesch\u00e4ftsreise","K\u00fcndigung","Mitarbeiterzufriedenheit","Unternehmen"],"articleSection":["HUMAN RESOURCES"],"inLanguage":"en-US"},{"@type":"WebPage","@id":"https:\/\/www.organisator.ch\/human-resources\/2024-10-10\/jeder-dritte-geschaeftsreisende-in-europa-wuerde-ohne-reiseoption-kuendigen\/","url":"https:\/\/www.organisator.ch\/human-resources\/2024-10-10\/jeder-dritte-geschaeftsreisende-in-europa-wuerde-ohne-reiseoption-kuendigen\/","name":"One in three business travelers in Europe would quit without a travel option - Organizer","isPartOf":{"@id":"https:\/\/www.organisator.ch\/#website"},"primaryImageOfPage":{"@id":"https:\/\/www.organisator.ch\/human-resources\/2024-10-10\/jeder-dritte-geschaeftsreisende-in-europa-wuerde-ohne-reiseoption-kuendigen\/#primaryimage"},"image":{"@id":"https:\/\/www.organisator.ch\/human-resources\/2024-10-10\/jeder-dritte-geschaeftsreisende-in-europa-wuerde-ohne-reiseoption-kuendigen\/#primaryimage"},"thumbnailUrl":"https:\/\/www.organisator.ch\/wp-content\/uploads\/2024\/10\/Airplus_Bild1_ps.jpg","datePublished":"2024-10-10T05:30:35+00:00","description":"One in three business travelers in Europe would change jobs if they suddenly no longer had the opportunity to travel, or only very rarely.","breadcrumb":{"@id":"https:\/\/www.organisator.ch\/human-resources\/2024-10-10\/jeder-dritte-geschaeftsreisende-in-europa-wuerde-ohne-reiseoption-kuendigen\/#breadcrumb"},"inLanguage":"en-US","potentialAction":[{"@type":"ReadAction","target":["https:\/\/www.organisator.ch\/human-resources\/2024-10-10\/jeder-dritte-geschaeftsreisende-in-europa-wuerde-ohne-reiseoption-kuendigen\/"]}]},{"@type":"ImageObject","inLanguage":"en-US","@id":"https:\/\/www.organisator.ch\/human-resources\/2024-10-10\/jeder-dritte-geschaeftsreisende-in-europa-wuerde-ohne-reiseoption-kuendigen\/#primaryimage","url":"https:\/\/www.organisator.ch\/wp-content\/uploads\/2024\/10\/Airplus_Bild1_ps.jpg","contentUrl":"https:\/\/www.organisator.ch\/wp-content\/uploads\/2024\/10\/Airplus_Bild1_ps.jpg","width":680,"height":454,"caption":"Business Trips werden von zahlreichen Befragten als Statussymbol betrachtet. (Bild: www.airplus.com)"},{"@type":"BreadcrumbList","@id":"https:\/\/www.organisator.ch\/human-resources\/2024-10-10\/jeder-dritte-geschaeftsreisende-in-europa-wuerde-ohne-reiseoption-kuendigen\/#breadcrumb","itemListElement":[{"@type":"ListItem","position":1,"name":"Home","item":"https:\/\/www.organisator.ch\/"},{"@type":"ListItem","position":2,"name":"Jeder dritte Gesch\u00e4ftsreisende in Europa w\u00fcrde ohne Reiseoption k\u00fcndigen"}]},{"@type":"WebSite","@id":"https:\/\/www.organisator.ch\/#website","url":"https:\/\/www.organisator.ch\/","name":"Organizer","description":"Competent. Practical. In 10 issues per year, ORGANISATOR presents the essential topics for managers of SMEs.","publisher":{"@id":"https:\/\/www.organisator.ch\/#organization"},"potentialAction":[{"@type":"SearchAction","target":{"@type":"EntryPoint","urlTemplate":"https:\/\/www.organisator.ch\/?s={search_term_string}"},"query-input":{"@type":"PropertyValueSpecification","valueRequired":true,"valueName":"search_term_string"}}],"inLanguage":"en-US"},{"@type":"Organization","@id":"https:\/\/www.organisator.ch\/#organization","name":"Organizer","url":"https:\/\/www.organisator.ch\/","logo":{"@type":"ImageObject","inLanguage":"en-US","@id":"https:\/\/www.organisator.ch\/#\/schema\/logo\/image\/","url":"https:\/\/www.organisator.ch\/wp-content\/uploads\/2022\/01\/Logo_Organisator_Website.png","contentUrl":"https:\/\/www.organisator.ch\/wp-content\/uploads\/2022\/01\/Logo_Organisator_Website.png","width":800,"height":77,"caption":"Organisator"},"image":{"@id":"https:\/\/www.organisator.ch\/#\/schema\/logo\/image\/"},"sameAs":["https:\/\/www.facebook.com\/OrganisatorFachmagazin","https:\/\/www.linkedin.com\/showcase\/organisator-das-magazin-fr-kmu","https:\/\/www.xing.com\/news\/pages\/organisator-ch-695","https:\/\/www.youtube.com\/channel\/UCGP2Sq0iWaZwT3BdIAQFYpw"]},{"@type":"Person","@id":"https:\/\/www.organisator.ch\/#\/schema\/person\/afccda3a71c06d4be2ed9100dd163db7","name":"Dzana Muminovic","image":{"@type":"ImageObject","inLanguage":"en-US","@id":"https:\/\/secure.gravatar.com\/avatar\/909c5c71aff4b38e88686f2ab2f1ba152571f394f41ed8bae431ea56ced93050?s=96&d=mm&r=g","url":"https:\/\/secure.gravatar.com\/avatar\/909c5c71aff4b38e88686f2ab2f1ba152571f394f41ed8bae431ea56ced93050?s=96&d=mm&r=g","contentUrl":"https:\/\/secure.gravatar.com\/avatar\/909c5c71aff4b38e88686f2ab2f1ba152571f394f41ed8bae431ea56ced93050?s=96&d=mm&r=g","caption":"Dzana Muminovic"},"url":"https:\/\/www.organisator.ch\/en\/author\/dzana-muminovic\/"}]}},"_links":{"self":[{"href":"https:\/\/www.organisator.ch\/en\/wp-json\/wp\/v2\/posts\/30558","targetHints":{"allow":["GET"]}}],"collection":[{"href":"https:\/\/www.organisator.ch\/en\/wp-json\/wp\/v2\/posts"}],"about":[{"href":"https:\/\/www.organisator.ch\/en\/wp-json\/wp\/v2\/types\/post"}],"author":[{"embeddable":true,"href":"https:\/\/www.organisator.ch\/en\/wp-json\/wp\/v2\/users\/80"}],"replies":[{"embeddable":true,"href":"https:\/\/www.organisator.ch\/en\/wp-json\/wp\/v2\/comments?post=30558"}],"version-history":[{"count":3,"href":"https:\/\/www.organisator.ch\/en\/wp-json\/wp\/v2\/posts\/30558\/revisions"}],"predecessor-version":[{"id":30626,"href":"https:\/\/www.organisator.ch\/en\/wp-json\/wp\/v2\/posts\/30558\/revisions\/30626"}],"wp:featuredmedia":[{"embeddable":true,"href":"https:\/\/www.organisator.ch\/en\/wp-json\/wp\/v2\/media\/30559"}],"wp:attachment":[{"href":"https:\/\/www.organisator.ch\/en\/wp-json\/wp\/v2\/media?parent=30558"}],"wp:term":[{"taxonomy":"category","embeddable":true,"href":"https:\/\/www.organisator.ch\/en\/wp-json\/wp\/v2\/categories?post=30558"},{"taxonomy":"post_tag","embeddable":true,"href":"https:\/\/www.organisator.ch\/en\/wp-json\/wp\/v2\/tags?post=30558"}],"curies":[{"name":"wp","href":"https:\/\/api.w.org\/{rel}","templated":true}]}}