{"id":306,"date":"2016-03-31T15:42:04","date_gmt":"2016-03-31T13:42:04","guid":{"rendered":"https:\/\/dev.umweltperspektiven.ch\/?p=306"},"modified":"2022-02-09T11:06:24","modified_gmt":"2022-02-09T10:06:24","slug":"kanton-zuerich-legt-rahmenbedingungen-fuer-geothermie-fest","status":"publish","type":"post","link":"https:\/\/www.organisator.ch\/en\/sustainability\/2016-03-31\/kanton-zuerich-legt-rahmenbedingungen-fuer-geothermie-fest\/","title":{"rendered":"Canton of Zurich defines framework conditions for geothermal energy"},"content":{"rendered":"<figure id=\"attachment_307\" aria-describedby=\"caption-attachment-307\" style=\"width: 680px\" class=\"wp-caption alignnone\"><a href=\"\/\/dev.umweltperspektiven.ch\/wp-content\/uploads\/2016\/12\/Kanton-Z\u00fcrich-legt-Rahmenbedingungen-f\u00fcr-Geothermie-fest-umweltperspektiven.jpg\"><img loading=\"lazy\" decoding=\"async\" class=\"size-medium wp-image-307\" src=\"\/\/dev.umweltperspektiven.ch\/wp-content\/uploads\/2016\/12\/Kanton-Z\u00fcrich-legt-Rahmenbedingungen-f\u00fcr-Geothermie-fest-umweltperspektiven.jpg\" alt=\"Geothermal power plant: The canton of Zurich regulates the use of the deep underground.\" width=\"680\" height=\"439\" \/><\/a><figcaption id=\"caption-attachment-307\" class=\"wp-caption-text\">Geothermal power plant: The canton of Zurich regulates the use of the deep underground.<\/figcaption><\/figure>\n<p>The canton of Zurich is facing increased interest in the use of the deep underground for energy production. Specifically, this involves geothermal energy and the extraction of natural gas.<\/p>\n<p>Since there are still gaps in the law in this area, the Zurich government council has drafted a law on the use of the underground.<\/p>\n<p><strong>Energy production around mineral resources<\/strong><br \/>\nThe aim of the law is to protect the population and the environment from damage and to create legal certainty for entrepreneurs and investors. Clear framework conditions are intended to favor the use of the subsurface for domestic energy production. This is done in particular by the law creating precise responsibilities and a transparent procedure.<\/p>\n<p>The subject of the law are investigations of the subsurface (geological-geophysical investigations such as excavations, drillings and seismic investigations) as well as its use, in particular energy production on a larger scale (for example geothermal power plants, natural gas production) but also extraction or mining of other mineral resources as well as the storage of gases in the subsurface (such as natural gas or CO2).<\/p>\n<p><strong>Sovereignty with the canton<\/strong><br \/>\nThe law clarifies that sovereignty over the subsoil lies with the canton and that concessions for the extraction of mineral resources must be put out to public tender, establishes the procedure for granting permits and concessions, and requires that the use of the subsoil be coordinated with neighboring cantons.<\/p>\n<p><strong>Focus on the environment and people<\/strong><br \/>\nFurthermore, the law clarifies that the investigation and use of the subsurface must always be carried out without endangering humans or the environment, regardless of the method used. However, it does not comment on specific technologies such as fracking. This would not make sense in view of the constant technological change.<br \/>\nBy means of regulations on security deposits and liability, the law prevents any damage to the environment or property from remaining uncovered or the state from having to assume liability for private activities.<\/p>\n<p><strong>Data should belong to the public<\/strong><br \/>\nNot only the subsurface itself belongs to the public, but also the knowledge gained through investigation and use of the subsurface should belong to it. According to the draft law, all geological and hydrogeological data on the subsurface must be made available to the canton free of charge. The canton can make these data available to other state institutions and research facilities. After a retention period of three years, the data can be made publicly available with the corresponding evaluations.<\/p>\n<p>The Government Council has authorized the Construction Directorate to conduct a consultation procedure on the draft law. The consultation begins today and lasts three months.<\/p>\n<p>The consultation documents can be downloaded from <a href=\"http:\/\/www.vernehmlassungen.zh.ch\" target=\"_blank\" data-cke-saved-href=\"\/\/www.vernehmlassungen.zh.ch\" rel=\"noopener\">www.vernehmlassungen.zh.ch<\/a>, search term \"underground\", can be viewed.<\/p>\n<p>The resolution of the Government Council No. 265\/2016 is available at. <a href=\"http:\/\/www.rrb.zh.ch\" target=\"_blank\" data-cke-saved-href=\"\/\/www.rrb.zh.ch\" rel=\"noopener\">www.rrb.zh.ch<\/a> available.<\/p>","protected":false},"excerpt":{"rendered":"<p>Der Kanton Z\u00fcrich sieht sich mit einem gesteigerten Interesse an der Nutzung des tiefen Untergrunds zur Energiegewinning konfrontiert. Konkret geht es um Geothermie und die F\u00f6rderung von Erdgas. Da in diesem Bereich nach wie vor Gesetzesl\u00fccken bestehen, hat der Z\u00fcrcher Regierungsrat ein Gesetz \u00fcber die Nutzung des Untergrunds erarbeitet. Energiegewinnung um Bodensch\u00e4tze Ziel des Gesetzes [&hellip;]<\/p>\n","protected":false},"author":1,"featured_media":9368,"comment_status":"open","ping_status":"open","sticky":false,"template":"","format":"standard","meta":{"_acf_changed":false,"_yoast_wpseo_focuskw":"Geothermie","_yoast_wpseo_metadesc":"Der Kanton Z\u00fcrich will die umweltvertr\u00e4gliche und sichere Nutzung des Untergrunds sicherstellen und L\u00fccken in der Gesetzgebung schliessen.","articlekey":"","footnotes":""},"categories":[580],"tags":[1273,1281,1474],"class_list":["post-306","post","type-post","status-publish","format-standard","has-post-thumbnail","hentry","category-sustainability","tag-geothermie","tag-gesetz","tag-kanton-zuerich"],"acf":[],"yoast_head":"<!-- This site is optimized with the Yoast SEO plugin v27.4 - https:\/\/yoast.com\/product\/yoast-seo-wordpress\/ -->\n<title>Kanton Z\u00fcrich legt Rahmenbedingungen f\u00fcr Geothermie fest - Organisator<\/title>\n<meta name=\"description\" content=\"Der Kanton Z\u00fcrich will die umweltvertr\u00e4gliche und sichere Nutzung des Untergrunds sicherstellen und L\u00fccken in der Gesetzgebung schliessen.\" \/>\n<meta name=\"robots\" content=\"index, follow, max-snippet:-1, max-image-preview:large, max-video-preview:-1\" \/>\n<link rel=\"canonical\" href=\"https:\/\/www.organisator.ch\/en\/sustainability\/2016-03-31\/kanton-zuerich-legt-rahmenbedingungen-fuer-geothermie-fest\/\" \/>\n<meta property=\"og:locale\" content=\"en_US\" \/>\n<meta property=\"og:type\" content=\"article\" \/>\n<meta property=\"og:title\" content=\"Kanton Z\u00fcrich legt Rahmenbedingungen f\u00fcr Geothermie fest - Organisator\" \/>\n<meta property=\"og:description\" content=\"Der Kanton Z\u00fcrich will die umweltvertr\u00e4gliche und sichere Nutzung des Untergrunds sicherstellen und L\u00fccken in der Gesetzgebung schliessen.\" \/>\n<meta property=\"og:url\" content=\"https:\/\/www.organisator.ch\/en\/sustainability\/2016-03-31\/kanton-zuerich-legt-rahmenbedingungen-fuer-geothermie-fest\/\" \/>\n<meta property=\"og:site_name\" content=\"Organisator\" \/>\n<meta property=\"article:publisher\" content=\"https:\/\/www.facebook.com\/OrganisatorFachmagazin\" \/>\n<meta property=\"article:published_time\" content=\"2016-03-31T13:42:04+00:00\" \/>\n<meta property=\"article:modified_time\" content=\"2022-02-09T10:06:24+00:00\" \/>\n<meta property=\"og:image\" content=\"https:\/\/www.organisator.ch\/wp-content\/uploads\/2016\/12\/Kanton-Zuerich-legt-Rahmenbedingungen-fuer-Geothermie-fest-umweltperspektiven.jpg\" \/>\n\t<meta property=\"og:image:width\" content=\"1000\" \/>\n\t<meta property=\"og:image:height\" content=\"646\" \/>\n\t<meta property=\"og:image:type\" content=\"image\/jpeg\" \/>\n<meta name=\"author\" content=\"admin\" \/>\n<meta name=\"twitter:card\" content=\"summary_large_image\" \/>\n<script type=\"application\/ld+json\" class=\"yoast-schema-graph\">{\"@context\":\"https:\\\/\\\/schema.org\",\"@graph\":[{\"@type\":\"Article\",\"@id\":\"https:\\\/\\\/www.organisator.ch\\\/sustainability\\\/2016-03-31\\\/kanton-zuerich-legt-rahmenbedingungen-fuer-geothermie-fest\\\/#article\",\"isPartOf\":{\"@id\":\"https:\\\/\\\/www.organisator.ch\\\/sustainability\\\/2016-03-31\\\/kanton-zuerich-legt-rahmenbedingungen-fuer-geothermie-fest\\\/\"},\"author\":{\"name\":\"admin\",\"@id\":\"https:\\\/\\\/www.organisator.ch\\\/#\\\/schema\\\/person\\\/aa2bace6c5c5aad60102004a50c4eb1c\"},\"headline\":\"Kanton Z\u00fcrich legt Rahmenbedingungen f\u00fcr Geothermie fest\",\"datePublished\":\"2016-03-31T13:42:04+00:00\",\"dateModified\":\"2022-02-09T10:06:24+00:00\",\"mainEntityOfPage\":{\"@id\":\"https:\\\/\\\/www.organisator.ch\\\/sustainability\\\/2016-03-31\\\/kanton-zuerich-legt-rahmenbedingungen-fuer-geothermie-fest\\\/\"},\"wordCount\":457,\"commentCount\":0,\"publisher\":{\"@id\":\"https:\\\/\\\/www.organisator.ch\\\/#organization\"},\"image\":{\"@id\":\"https:\\\/\\\/www.organisator.ch\\\/sustainability\\\/2016-03-31\\\/kanton-zuerich-legt-rahmenbedingungen-fuer-geothermie-fest\\\/#primaryimage\"},\"thumbnailUrl\":\"https:\\\/\\\/www.organisator.ch\\\/wp-content\\\/uploads\\\/2016\\\/12\\\/Kanton-Zuerich-legt-Rahmenbedingungen-fuer-Geothermie-fest-umweltperspektiven.jpg\",\"keywords\":[\"Geothermie\",\"Gesetz\",\"Kanton Z\u00fcrich\"],\"articleSection\":[\"SUSTAINABILITY\"],\"inLanguage\":\"en-US\"},{\"@type\":\"WebPage\",\"@id\":\"https:\\\/\\\/www.organisator.ch\\\/sustainability\\\/2016-03-31\\\/kanton-zuerich-legt-rahmenbedingungen-fuer-geothermie-fest\\\/\",\"url\":\"https:\\\/\\\/www.organisator.ch\\\/sustainability\\\/2016-03-31\\\/kanton-zuerich-legt-rahmenbedingungen-fuer-geothermie-fest\\\/\",\"name\":\"Kanton Z\u00fcrich legt Rahmenbedingungen f\u00fcr Geothermie fest - Organisator\",\"isPartOf\":{\"@id\":\"https:\\\/\\\/www.organisator.ch\\\/#website\"},\"primaryImageOfPage\":{\"@id\":\"https:\\\/\\\/www.organisator.ch\\\/sustainability\\\/2016-03-31\\\/kanton-zuerich-legt-rahmenbedingungen-fuer-geothermie-fest\\\/#primaryimage\"},\"image\":{\"@id\":\"https:\\\/\\\/www.organisator.ch\\\/sustainability\\\/2016-03-31\\\/kanton-zuerich-legt-rahmenbedingungen-fuer-geothermie-fest\\\/#primaryimage\"},\"thumbnailUrl\":\"https:\\\/\\\/www.organisator.ch\\\/wp-content\\\/uploads\\\/2016\\\/12\\\/Kanton-Zuerich-legt-Rahmenbedingungen-fuer-Geothermie-fest-umweltperspektiven.jpg\",\"datePublished\":\"2016-03-31T13:42:04+00:00\",\"dateModified\":\"2022-02-09T10:06:24+00:00\",\"description\":\"Der Kanton Z\u00fcrich will die umweltvertr\u00e4gliche und sichere Nutzung des Untergrunds sicherstellen und L\u00fccken in der Gesetzgebung schliessen.\",\"breadcrumb\":{\"@id\":\"https:\\\/\\\/www.organisator.ch\\\/sustainability\\\/2016-03-31\\\/kanton-zuerich-legt-rahmenbedingungen-fuer-geothermie-fest\\\/#breadcrumb\"},\"inLanguage\":\"en-US\",\"potentialAction\":[{\"@type\":\"ReadAction\",\"target\":[\"https:\\\/\\\/www.organisator.ch\\\/sustainability\\\/2016-03-31\\\/kanton-zuerich-legt-rahmenbedingungen-fuer-geothermie-fest\\\/\"]}]},{\"@type\":\"ImageObject\",\"inLanguage\":\"en-US\",\"@id\":\"https:\\\/\\\/www.organisator.ch\\\/sustainability\\\/2016-03-31\\\/kanton-zuerich-legt-rahmenbedingungen-fuer-geothermie-fest\\\/#primaryimage\",\"url\":\"https:\\\/\\\/www.organisator.ch\\\/wp-content\\\/uploads\\\/2016\\\/12\\\/Kanton-Zuerich-legt-Rahmenbedingungen-fuer-Geothermie-fest-umweltperspektiven.jpg\",\"contentUrl\":\"https:\\\/\\\/www.organisator.ch\\\/wp-content\\\/uploads\\\/2016\\\/12\\\/Kanton-Zuerich-legt-Rahmenbedingungen-fuer-Geothermie-fest-umweltperspektiven.jpg\",\"width\":1000,\"height\":646,\"caption\":\"Geothermie-Kraftwerk: Der Kanton Z\u00fcrich regelt den Nutzen des tiefen Untergrunds.\"},{\"@type\":\"BreadcrumbList\",\"@id\":\"https:\\\/\\\/www.organisator.ch\\\/sustainability\\\/2016-03-31\\\/kanton-zuerich-legt-rahmenbedingungen-fuer-geothermie-fest\\\/#breadcrumb\",\"itemListElement\":[{\"@type\":\"ListItem\",\"position\":1,\"name\":\"Home\",\"item\":\"https:\\\/\\\/www.organisator.ch\\\/\"},{\"@type\":\"ListItem\",\"position\":2,\"name\":\"Kanton Z\u00fcrich legt Rahmenbedingungen f\u00fcr Geothermie fest\"}]},{\"@type\":\"WebSite\",\"@id\":\"https:\\\/\\\/www.organisator.ch\\\/#website\",\"url\":\"https:\\\/\\\/www.organisator.ch\\\/\",\"name\":\"Organisator\",\"description\":\"Kompetent. Praxisnah. Der ORGANISATOR bereitet in 10 Ausgaben pro Jahr die wesentlichen Themen f\u00fcr F\u00fchrungskr\u00e4fte von KMU auf.\",\"publisher\":{\"@id\":\"https:\\\/\\\/www.organisator.ch\\\/#organization\"},\"potentialAction\":[{\"@type\":\"SearchAction\",\"target\":{\"@type\":\"EntryPoint\",\"urlTemplate\":\"https:\\\/\\\/www.organisator.ch\\\/?s={search_term_string}\"},\"query-input\":{\"@type\":\"PropertyValueSpecification\",\"valueRequired\":true,\"valueName\":\"search_term_string\"}}],\"inLanguage\":\"en-US\"},{\"@type\":\"Organization\",\"@id\":\"https:\\\/\\\/www.organisator.ch\\\/#organization\",\"name\":\"Organisator\",\"url\":\"https:\\\/\\\/www.organisator.ch\\\/\",\"logo\":{\"@type\":\"ImageObject\",\"inLanguage\":\"en-US\",\"@id\":\"https:\\\/\\\/www.organisator.ch\\\/#\\\/schema\\\/logo\\\/image\\\/\",\"url\":\"https:\\\/\\\/www.organisator.ch\\\/wp-content\\\/uploads\\\/2022\\\/01\\\/Logo_Organisator_Website.png\",\"contentUrl\":\"https:\\\/\\\/www.organisator.ch\\\/wp-content\\\/uploads\\\/2022\\\/01\\\/Logo_Organisator_Website.png\",\"width\":800,\"height\":77,\"caption\":\"Organisator\"},\"image\":{\"@id\":\"https:\\\/\\\/www.organisator.ch\\\/#\\\/schema\\\/logo\\\/image\\\/\"},\"sameAs\":[\"https:\\\/\\\/www.facebook.com\\\/OrganisatorFachmagazin\",\"https:\\\/\\\/www.linkedin.com\\\/showcase\\\/organisator-das-magazin-fr-kmu\",\"https:\\\/\\\/www.xing.com\\\/news\\\/pages\\\/organisator-ch-695\",\"https:\\\/\\\/www.youtube.com\\\/channel\\\/UCGP2Sq0iWaZwT3BdIAQFYpw\"]},{\"@type\":\"Person\",\"@id\":\"https:\\\/\\\/www.organisator.ch\\\/#\\\/schema\\\/person\\\/aa2bace6c5c5aad60102004a50c4eb1c\",\"name\":\"admin\",\"image\":{\"@type\":\"ImageObject\",\"inLanguage\":\"en-US\",\"@id\":\"https:\\\/\\\/secure.gravatar.com\\\/avatar\\\/ae2f4d718e6c49043e314ce431e7e645d646302a24a5ef5a8bc8e3f5a032e319?s=96&d=mm&r=g\",\"url\":\"https:\\\/\\\/secure.gravatar.com\\\/avatar\\\/ae2f4d718e6c49043e314ce431e7e645d646302a24a5ef5a8bc8e3f5a032e319?s=96&d=mm&r=g\",\"contentUrl\":\"https:\\\/\\\/secure.gravatar.com\\\/avatar\\\/ae2f4d718e6c49043e314ce431e7e645d646302a24a5ef5a8bc8e3f5a032e319?s=96&d=mm&r=g\",\"caption\":\"admin\"},\"sameAs\":[\"https:\\\/\\\/www.organisator.ch\"],\"url\":\"https:\\\/\\\/www.organisator.ch\\\/en\\\/author\\\/admin\\\/\"}]}<\/script>\n<!-- \/ Yoast SEO plugin. -->","yoast_head_json":{"title":"Canton Zurich establishes framework for geothermal energy - Organizer","description":"The canton of Zurich wants to ensure the environmentally compatible and safe use of the underground and close gaps in the legislation.","robots":{"index":"index","follow":"follow","max-snippet":"max-snippet:-1","max-image-preview":"max-image-preview:large","max-video-preview":"max-video-preview:-1"},"canonical":"https:\/\/www.organisator.ch\/en\/sustainability\/2016-03-31\/kanton-zuerich-legt-rahmenbedingungen-fuer-geothermie-fest\/","og_locale":"en_US","og_type":"article","og_title":"Kanton Z\u00fcrich legt Rahmenbedingungen f\u00fcr Geothermie fest - Organisator","og_description":"Der Kanton Z\u00fcrich will die umweltvertr\u00e4gliche und sichere Nutzung des Untergrunds sicherstellen und L\u00fccken in der Gesetzgebung schliessen.","og_url":"https:\/\/www.organisator.ch\/en\/sustainability\/2016-03-31\/kanton-zuerich-legt-rahmenbedingungen-fuer-geothermie-fest\/","og_site_name":"Organisator","article_publisher":"https:\/\/www.facebook.com\/OrganisatorFachmagazin","article_published_time":"2016-03-31T13:42:04+00:00","article_modified_time":"2022-02-09T10:06:24+00:00","og_image":[{"width":1000,"height":646,"url":"https:\/\/www.organisator.ch\/wp-content\/uploads\/2016\/12\/Kanton-Zuerich-legt-Rahmenbedingungen-fuer-Geothermie-fest-umweltperspektiven.jpg","type":"image\/jpeg"}],"author":"admin","twitter_card":"summary_large_image","schema":{"@context":"https:\/\/schema.org","@graph":[{"@type":"Article","@id":"https:\/\/www.organisator.ch\/sustainability\/2016-03-31\/kanton-zuerich-legt-rahmenbedingungen-fuer-geothermie-fest\/#article","isPartOf":{"@id":"https:\/\/www.organisator.ch\/sustainability\/2016-03-31\/kanton-zuerich-legt-rahmenbedingungen-fuer-geothermie-fest\/"},"author":{"name":"admin","@id":"https:\/\/www.organisator.ch\/#\/schema\/person\/aa2bace6c5c5aad60102004a50c4eb1c"},"headline":"Kanton Z\u00fcrich legt Rahmenbedingungen f\u00fcr Geothermie fest","datePublished":"2016-03-31T13:42:04+00:00","dateModified":"2022-02-09T10:06:24+00:00","mainEntityOfPage":{"@id":"https:\/\/www.organisator.ch\/sustainability\/2016-03-31\/kanton-zuerich-legt-rahmenbedingungen-fuer-geothermie-fest\/"},"wordCount":457,"commentCount":0,"publisher":{"@id":"https:\/\/www.organisator.ch\/#organization"},"image":{"@id":"https:\/\/www.organisator.ch\/sustainability\/2016-03-31\/kanton-zuerich-legt-rahmenbedingungen-fuer-geothermie-fest\/#primaryimage"},"thumbnailUrl":"https:\/\/www.organisator.ch\/wp-content\/uploads\/2016\/12\/Kanton-Zuerich-legt-Rahmenbedingungen-fuer-Geothermie-fest-umweltperspektiven.jpg","keywords":["Geothermie","Gesetz","Kanton Z\u00fcrich"],"articleSection":["SUSTAINABILITY"],"inLanguage":"en-US"},{"@type":"WebPage","@id":"https:\/\/www.organisator.ch\/sustainability\/2016-03-31\/kanton-zuerich-legt-rahmenbedingungen-fuer-geothermie-fest\/","url":"https:\/\/www.organisator.ch\/sustainability\/2016-03-31\/kanton-zuerich-legt-rahmenbedingungen-fuer-geothermie-fest\/","name":"Canton Zurich establishes framework for geothermal energy - Organizer","isPartOf":{"@id":"https:\/\/www.organisator.ch\/#website"},"primaryImageOfPage":{"@id":"https:\/\/www.organisator.ch\/sustainability\/2016-03-31\/kanton-zuerich-legt-rahmenbedingungen-fuer-geothermie-fest\/#primaryimage"},"image":{"@id":"https:\/\/www.organisator.ch\/sustainability\/2016-03-31\/kanton-zuerich-legt-rahmenbedingungen-fuer-geothermie-fest\/#primaryimage"},"thumbnailUrl":"https:\/\/www.organisator.ch\/wp-content\/uploads\/2016\/12\/Kanton-Zuerich-legt-Rahmenbedingungen-fuer-Geothermie-fest-umweltperspektiven.jpg","datePublished":"2016-03-31T13:42:04+00:00","dateModified":"2022-02-09T10:06:24+00:00","description":"The canton of Zurich wants to ensure the environmentally compatible and safe use of the underground and close gaps in the legislation.","breadcrumb":{"@id":"https:\/\/www.organisator.ch\/sustainability\/2016-03-31\/kanton-zuerich-legt-rahmenbedingungen-fuer-geothermie-fest\/#breadcrumb"},"inLanguage":"en-US","potentialAction":[{"@type":"ReadAction","target":["https:\/\/www.organisator.ch\/sustainability\/2016-03-31\/kanton-zuerich-legt-rahmenbedingungen-fuer-geothermie-fest\/"]}]},{"@type":"ImageObject","inLanguage":"en-US","@id":"https:\/\/www.organisator.ch\/sustainability\/2016-03-31\/kanton-zuerich-legt-rahmenbedingungen-fuer-geothermie-fest\/#primaryimage","url":"https:\/\/www.organisator.ch\/wp-content\/uploads\/2016\/12\/Kanton-Zuerich-legt-Rahmenbedingungen-fuer-Geothermie-fest-umweltperspektiven.jpg","contentUrl":"https:\/\/www.organisator.ch\/wp-content\/uploads\/2016\/12\/Kanton-Zuerich-legt-Rahmenbedingungen-fuer-Geothermie-fest-umweltperspektiven.jpg","width":1000,"height":646,"caption":"Geothermie-Kraftwerk: Der Kanton Z\u00fcrich regelt den Nutzen des tiefen Untergrunds."},{"@type":"BreadcrumbList","@id":"https:\/\/www.organisator.ch\/sustainability\/2016-03-31\/kanton-zuerich-legt-rahmenbedingungen-fuer-geothermie-fest\/#breadcrumb","itemListElement":[{"@type":"ListItem","position":1,"name":"Home","item":"https:\/\/www.organisator.ch\/"},{"@type":"ListItem","position":2,"name":"Kanton Z\u00fcrich legt Rahmenbedingungen f\u00fcr Geothermie fest"}]},{"@type":"WebSite","@id":"https:\/\/www.organisator.ch\/#website","url":"https:\/\/www.organisator.ch\/","name":"Organizer","description":"Competent. Practical. In 10 issues per year, ORGANISATOR presents the essential topics for managers of SMEs.","publisher":{"@id":"https:\/\/www.organisator.ch\/#organization"},"potentialAction":[{"@type":"SearchAction","target":{"@type":"EntryPoint","urlTemplate":"https:\/\/www.organisator.ch\/?s={search_term_string}"},"query-input":{"@type":"PropertyValueSpecification","valueRequired":true,"valueName":"search_term_string"}}],"inLanguage":"en-US"},{"@type":"Organization","@id":"https:\/\/www.organisator.ch\/#organization","name":"Organizer","url":"https:\/\/www.organisator.ch\/","logo":{"@type":"ImageObject","inLanguage":"en-US","@id":"https:\/\/www.organisator.ch\/#\/schema\/logo\/image\/","url":"https:\/\/www.organisator.ch\/wp-content\/uploads\/2022\/01\/Logo_Organisator_Website.png","contentUrl":"https:\/\/www.organisator.ch\/wp-content\/uploads\/2022\/01\/Logo_Organisator_Website.png","width":800,"height":77,"caption":"Organisator"},"image":{"@id":"https:\/\/www.organisator.ch\/#\/schema\/logo\/image\/"},"sameAs":["https:\/\/www.facebook.com\/OrganisatorFachmagazin","https:\/\/www.linkedin.com\/showcase\/organisator-das-magazin-fr-kmu","https:\/\/www.xing.com\/news\/pages\/organisator-ch-695","https:\/\/www.youtube.com\/channel\/UCGP2Sq0iWaZwT3BdIAQFYpw"]},{"@type":"Person","@id":"https:\/\/www.organisator.ch\/#\/schema\/person\/aa2bace6c5c5aad60102004a50c4eb1c","name":"admin","image":{"@type":"ImageObject","inLanguage":"en-US","@id":"https:\/\/secure.gravatar.com\/avatar\/ae2f4d718e6c49043e314ce431e7e645d646302a24a5ef5a8bc8e3f5a032e319?s=96&d=mm&r=g","url":"https:\/\/secure.gravatar.com\/avatar\/ae2f4d718e6c49043e314ce431e7e645d646302a24a5ef5a8bc8e3f5a032e319?s=96&d=mm&r=g","contentUrl":"https:\/\/secure.gravatar.com\/avatar\/ae2f4d718e6c49043e314ce431e7e645d646302a24a5ef5a8bc8e3f5a032e319?s=96&d=mm&r=g","caption":"admin"},"sameAs":["https:\/\/www.organisator.ch"],"url":"https:\/\/www.organisator.ch\/en\/author\/admin\/"}]}},"_links":{"self":[{"href":"https:\/\/www.organisator.ch\/en\/wp-json\/wp\/v2\/posts\/306","targetHints":{"allow":["GET"]}}],"collection":[{"href":"https:\/\/www.organisator.ch\/en\/wp-json\/wp\/v2\/posts"}],"about":[{"href":"https:\/\/www.organisator.ch\/en\/wp-json\/wp\/v2\/types\/post"}],"author":[{"embeddable":true,"href":"https:\/\/www.organisator.ch\/en\/wp-json\/wp\/v2\/users\/1"}],"replies":[{"embeddable":true,"href":"https:\/\/www.organisator.ch\/en\/wp-json\/wp\/v2\/comments?post=306"}],"version-history":[{"count":1,"href":"https:\/\/www.organisator.ch\/en\/wp-json\/wp\/v2\/posts\/306\/revisions"}],"predecessor-version":[{"id":10620,"href":"https:\/\/www.organisator.ch\/en\/wp-json\/wp\/v2\/posts\/306\/revisions\/10620"}],"wp:featuredmedia":[{"embeddable":true,"href":"https:\/\/www.organisator.ch\/en\/wp-json\/wp\/v2\/media\/9368"}],"wp:attachment":[{"href":"https:\/\/www.organisator.ch\/en\/wp-json\/wp\/v2\/media?parent=306"}],"wp:term":[{"taxonomy":"category","embeddable":true,"href":"https:\/\/www.organisator.ch\/en\/wp-json\/wp\/v2\/categories?post=306"},{"taxonomy":"post_tag","embeddable":true,"href":"https:\/\/www.organisator.ch\/en\/wp-json\/wp\/v2\/tags?post=306"}],"curies":[{"name":"wp","href":"https:\/\/api.w.org\/{rel}","templated":true}]}}