{"id":30616,"date":"2024-10-11T14:16:12","date_gmt":"2024-10-11T12:16:12","guid":{"rendered":"https:\/\/www.markt-kom.com\/?p=224942"},"modified":"2024-11-07T16:24:13","modified_gmt":"2024-11-07T15:24:13","slug":"stoeckli-eroeffnet-neuen-manufakturladen-in-malters","status":"publish","type":"post","link":"https:\/\/www.organisator.ch\/en\/marketing\/2024-10-11\/stoeckli-eroeffnet-neuen-manufakturladen-in-malters\/","title":{"rendered":"St\u00f6ckli opens new factory store in Malters"},"content":{"rendered":"<figure id=\"attachment_224944\" class=\"wp-caption alignnone\" style=\"width: 1400px\" aria-describedby=\"caption-attachment-224944\"><img class=\"alignnone wp-image-224944 size-full\" src=\"https:\/\/www.markt-kom.com\/wp-content\/uploads\/2024\/10\/Stockli_shop3855_%C2%A9Zak-van-Biljon-scaled.jpg\" alt=\"St\u00f6ckli Manufakturladen opening\" width=\"1400\" height=\"933\" \/>\r\n<figcaption id=\"caption-attachment-224944\" class=\"wp-caption-text\">Zak van Biljon.<\/figcaption>\r\n<\/figure>\r\n<p>Wednesday was the day: St\u00f6ckli CEO Marc Gl\u00e4ser ceremoniously cut the ribbon on the newly renovated factory store at the company headquarters. \"The expansion of our Manufakturladen is not only a clear commitment to our company's location in Malters, but also the result of a successful collaboration with regional construction companies,\" emphasizes the CEO. \"From the very beginning, it was important to us to support the local economy in addition to investing in our headquarters and creating a unique shopping experience for our customers.\" It was precisely these regional construction partners and other invited guests who were invited to the official opening of the store and were able to toast the conversion together over an aperitif.<\/p>\r\n<figure id=\"attachment_224943\" class=\"wp-caption alignnone\" style=\"width: 1200px\" aria-describedby=\"caption-attachment-224943\"><img class=\"wp-image-224943 size-full\" src=\"https:\/\/www.markt-kom.com\/wp-content\/uploads\/2024\/10\/Stoeckli_Eroeffnung-Manufakturladen_vlnr_Ueli-Mattmann_Christian-Gut_Marc-Glaeser_Marco-Zimmermann_%C2%A9Stoeckli.jpg\" alt=\"\" width=\"1200\" height=\"900\" \/>\r\n<figcaption id=\"caption-attachment-224943\" class=\"wp-caption-text\">St\u00f6ckli opening of the Manufakturladen (from left to right): Ueli Mattmann, Christian Gut, Marc Gl\u00e4ser, Marco Zimmermann \u00a9St\u00f6ckli.<\/figcaption>\r\n<\/figure>\r\n<h3>Conversion went according to plan<\/h3>\r\n<p>Following the planning phase, the existing factory store was transformed into a larger, modern store in the St\u00f6ckli style in the summer. The St\u00f6ckli ski wall as the centerpiece of each store stands prominently in the room and presents the large selection of various ski models. But there is also plenty to discover all around - a racing area adorned with trophies from Marco Odermatt, a well-stocked textile department and a high-quality boot fitting department with the latest boot fitting technologies and a large selection of ski boots.<\/p>\r\n<h3>Everything a skier's heart desires<\/h3>\r\n<p>The Manufakturladen Malters offers a product range that leaves nothing to be desired. From beginners to advanced skiers, from young to old - the St\u00f6ckli ski collection 24\/25 has the right skis for all skiers. The appropriate ski clothing can be found in the St\u00f6ckli textile collection or in the wide range of partner brands. Individual advice and extensive expertise in ski servicing, boot fitting, etc. round off the range of services on offer at the St\u00f6ckli manufacture store.<\/p>","protected":false},"excerpt":{"rendered":"<p>After an intensive remodeling phase over the summer, St\u00f6ckli Swiss Sports officially opened its redesigned factory store at its headquarters in Malters with an opening event.<\/p>","protected":false},"author":8,"featured_media":0,"comment_status":"closed","ping_status":"closed","sticky":false,"template":"","format":"standard","meta":{"_acf_changed":false,"_yoast_wpseo_focuskw":"St\u00f6ckli Manufakturladen Er\u00f6ffnung","_yoast_wpseo_metadesc":"St\u00f6ckli-CEO Marc Gl\u00e4ser er\u00f6ffnet den renovierten Manufakturladen in Malters mit regionalen Baupartnern und geladenen G\u00e4sten.","articlekey":"","footnotes":""},"categories":[29],"tags":[4345,4343,4616],"class_list":["post-30616","post","type-post","status-publish","format-standard","hentry","category-marketing","tag-business","tag-markom","tag-stoeckli-swiss-sports"],"acf":[],"yoast_head":"<!-- This site is optimized with the Yoast SEO plugin v27.5 - https:\/\/yoast.com\/product\/yoast-seo-wordpress\/ -->\n<title>St\u00f6ckli er\u00f6ffnet neuen Manufakturladen in Malters - Organisator<\/title>\n<meta name=\"description\" content=\"St\u00f6ckli-CEO Marc Gl\u00e4ser er\u00f6ffnet den renovierten Manufakturladen in Malters mit regionalen Baupartnern und geladenen G\u00e4sten.\" \/>\n<meta name=\"robots\" content=\"index, follow, max-snippet:-1, max-image-preview:large, max-video-preview:-1\" \/>\n<link rel=\"canonical\" href=\"https:\/\/www.organisator.ch\/en\/marketing\/2024-10-11\/stoeckli-eroeffnet-neuen-manufakturladen-in-malters\/\" \/>\n<meta property=\"og:locale\" content=\"en_US\" \/>\n<meta property=\"og:type\" content=\"article\" \/>\n<meta property=\"og:title\" content=\"St\u00f6ckli er\u00f6ffnet neuen Manufakturladen in Malters - Organisator\" \/>\n<meta property=\"og:description\" content=\"St\u00f6ckli-CEO Marc Gl\u00e4ser er\u00f6ffnet den renovierten Manufakturladen in Malters mit regionalen Baupartnern und geladenen G\u00e4sten.\" \/>\n<meta property=\"og:url\" content=\"https:\/\/www.organisator.ch\/en\/marketing\/2024-10-11\/stoeckli-eroeffnet-neuen-manufakturladen-in-malters\/\" \/>\n<meta property=\"og:site_name\" content=\"Organisator\" \/>\n<meta property=\"article:publisher\" content=\"https:\/\/www.facebook.com\/OrganisatorFachmagazin\" \/>\n<meta property=\"article:published_time\" content=\"2024-10-11T12:16:12+00:00\" \/>\n<meta property=\"article:modified_time\" content=\"2024-11-07T15:24:13+00:00\" \/>\n<meta property=\"og:image\" content=\"https:\/\/www.markt-kom.com\/wp-content\/uploads\/2024\/10\/Stockli_shop3855_%C2%A9Zak-van-Biljon-scaled.jpg\" \/>\n<meta name=\"author\" content=\"galledia\" \/>\n<meta name=\"twitter:card\" content=\"summary_large_image\" \/>\n<meta name=\"twitter:creator\" content=\"@admin\" \/>\n<script type=\"application\/ld+json\" class=\"yoast-schema-graph\">{\"@context\":\"https:\\\/\\\/schema.org\",\"@graph\":[{\"@type\":\"Article\",\"@id\":\"https:\\\/\\\/www.organisator.ch\\\/marketing\\\/2024-10-11\\\/stoeckli-eroeffnet-neuen-manufakturladen-in-malters\\\/#article\",\"isPartOf\":{\"@id\":\"https:\\\/\\\/www.organisator.ch\\\/marketing\\\/2024-10-11\\\/stoeckli-eroeffnet-neuen-manufakturladen-in-malters\\\/\"},\"author\":{\"name\":\"galledia\",\"@id\":\"https:\\\/\\\/www.organisator.ch\\\/#\\\/schema\\\/person\\\/4e51799071cd2dd1232ac003643ef5f0\"},\"headline\":\"St\u00f6ckli er\u00f6ffnet neuen Manufakturladen in Malters\",\"datePublished\":\"2024-10-11T12:16:12+00:00\",\"dateModified\":\"2024-11-07T15:24:13+00:00\",\"mainEntityOfPage\":{\"@id\":\"https:\\\/\\\/www.organisator.ch\\\/marketing\\\/2024-10-11\\\/stoeckli-eroeffnet-neuen-manufakturladen-in-malters\\\/\"},\"wordCount\":298,\"publisher\":{\"@id\":\"https:\\\/\\\/www.organisator.ch\\\/#organization\"},\"image\":{\"@id\":\"https:\\\/\\\/www.organisator.ch\\\/marketing\\\/2024-10-11\\\/stoeckli-eroeffnet-neuen-manufakturladen-in-malters\\\/#primaryimage\"},\"thumbnailUrl\":\"https:\\\/\\\/www.markt-kom.com\\\/wp-content\\\/uploads\\\/2024\\\/10\\\/Stockli_shop3855_%C2%A9Zak-van-Biljon-scaled.jpg\",\"keywords\":[\"Business\",\"MarKom\",\"St\u00f6ckli Swiss Sports\"],\"articleSection\":[\"MARKETING\"],\"inLanguage\":\"en-US\"},{\"@type\":\"WebPage\",\"@id\":\"https:\\\/\\\/www.organisator.ch\\\/marketing\\\/2024-10-11\\\/stoeckli-eroeffnet-neuen-manufakturladen-in-malters\\\/\",\"url\":\"https:\\\/\\\/www.organisator.ch\\\/marketing\\\/2024-10-11\\\/stoeckli-eroeffnet-neuen-manufakturladen-in-malters\\\/\",\"name\":\"St\u00f6ckli er\u00f6ffnet neuen Manufakturladen in Malters - Organisator\",\"isPartOf\":{\"@id\":\"https:\\\/\\\/www.organisator.ch\\\/#website\"},\"primaryImageOfPage\":{\"@id\":\"https:\\\/\\\/www.organisator.ch\\\/marketing\\\/2024-10-11\\\/stoeckli-eroeffnet-neuen-manufakturladen-in-malters\\\/#primaryimage\"},\"image\":{\"@id\":\"https:\\\/\\\/www.organisator.ch\\\/marketing\\\/2024-10-11\\\/stoeckli-eroeffnet-neuen-manufakturladen-in-malters\\\/#primaryimage\"},\"thumbnailUrl\":\"https:\\\/\\\/www.markt-kom.com\\\/wp-content\\\/uploads\\\/2024\\\/10\\\/Stockli_shop3855_%C2%A9Zak-van-Biljon-scaled.jpg\",\"datePublished\":\"2024-10-11T12:16:12+00:00\",\"dateModified\":\"2024-11-07T15:24:13+00:00\",\"description\":\"St\u00f6ckli-CEO Marc Gl\u00e4ser er\u00f6ffnet den renovierten Manufakturladen in Malters mit regionalen Baupartnern und geladenen G\u00e4sten.\",\"breadcrumb\":{\"@id\":\"https:\\\/\\\/www.organisator.ch\\\/marketing\\\/2024-10-11\\\/stoeckli-eroeffnet-neuen-manufakturladen-in-malters\\\/#breadcrumb\"},\"inLanguage\":\"en-US\",\"potentialAction\":[{\"@type\":\"ReadAction\",\"target\":[\"https:\\\/\\\/www.organisator.ch\\\/marketing\\\/2024-10-11\\\/stoeckli-eroeffnet-neuen-manufakturladen-in-malters\\\/\"]}]},{\"@type\":\"ImageObject\",\"inLanguage\":\"en-US\",\"@id\":\"https:\\\/\\\/www.organisator.ch\\\/marketing\\\/2024-10-11\\\/stoeckli-eroeffnet-neuen-manufakturladen-in-malters\\\/#primaryimage\",\"url\":\"https:\\\/\\\/www.markt-kom.com\\\/wp-content\\\/uploads\\\/2024\\\/10\\\/Stockli_shop3855_%C2%A9Zak-van-Biljon-scaled.jpg\",\"contentUrl\":\"https:\\\/\\\/www.markt-kom.com\\\/wp-content\\\/uploads\\\/2024\\\/10\\\/Stockli_shop3855_%C2%A9Zak-van-Biljon-scaled.jpg\"},{\"@type\":\"BreadcrumbList\",\"@id\":\"https:\\\/\\\/www.organisator.ch\\\/marketing\\\/2024-10-11\\\/stoeckli-eroeffnet-neuen-manufakturladen-in-malters\\\/#breadcrumb\",\"itemListElement\":[{\"@type\":\"ListItem\",\"position\":1,\"name\":\"Home\",\"item\":\"https:\\\/\\\/www.organisator.ch\\\/\"},{\"@type\":\"ListItem\",\"position\":2,\"name\":\"St\u00f6ckli er\u00f6ffnet neuen Manufakturladen in Malters\"}]},{\"@type\":\"WebSite\",\"@id\":\"https:\\\/\\\/www.organisator.ch\\\/#website\",\"url\":\"https:\\\/\\\/www.organisator.ch\\\/\",\"name\":\"Organisator\",\"description\":\"Kompetent. Praxisnah. Der ORGANISATOR bereitet in 10 Ausgaben pro Jahr die wesentlichen Themen f\u00fcr F\u00fchrungskr\u00e4fte von KMU auf.\",\"publisher\":{\"@id\":\"https:\\\/\\\/www.organisator.ch\\\/#organization\"},\"potentialAction\":[{\"@type\":\"SearchAction\",\"target\":{\"@type\":\"EntryPoint\",\"urlTemplate\":\"https:\\\/\\\/www.organisator.ch\\\/?s={search_term_string}\"},\"query-input\":{\"@type\":\"PropertyValueSpecification\",\"valueRequired\":true,\"valueName\":\"search_term_string\"}}],\"inLanguage\":\"en-US\"},{\"@type\":\"Organization\",\"@id\":\"https:\\\/\\\/www.organisator.ch\\\/#organization\",\"name\":\"Organisator\",\"url\":\"https:\\\/\\\/www.organisator.ch\\\/\",\"logo\":{\"@type\":\"ImageObject\",\"inLanguage\":\"en-US\",\"@id\":\"https:\\\/\\\/www.organisator.ch\\\/#\\\/schema\\\/logo\\\/image\\\/\",\"url\":\"https:\\\/\\\/www.organisator.ch\\\/wp-content\\\/uploads\\\/2022\\\/01\\\/Logo_Organisator_Website.png\",\"contentUrl\":\"https:\\\/\\\/www.organisator.ch\\\/wp-content\\\/uploads\\\/2022\\\/01\\\/Logo_Organisator_Website.png\",\"width\":800,\"height\":77,\"caption\":\"Organisator\"},\"image\":{\"@id\":\"https:\\\/\\\/www.organisator.ch\\\/#\\\/schema\\\/logo\\\/image\\\/\"},\"sameAs\":[\"https:\\\/\\\/www.facebook.com\\\/OrganisatorFachmagazin\",\"https:\\\/\\\/www.linkedin.com\\\/showcase\\\/organisator-das-magazin-fr-kmu\",\"https:\\\/\\\/www.xing.com\\\/news\\\/pages\\\/organisator-ch-695\",\"https:\\\/\\\/www.youtube.com\\\/channel\\\/UCGP2Sq0iWaZwT3BdIAQFYpw\"]},{\"@type\":\"Person\",\"@id\":\"https:\\\/\\\/www.organisator.ch\\\/#\\\/schema\\\/person\\\/4e51799071cd2dd1232ac003643ef5f0\",\"name\":\"galledia\",\"image\":{\"@type\":\"ImageObject\",\"inLanguage\":\"en-US\",\"@id\":\"https:\\\/\\\/secure.gravatar.com\\\/avatar\\\/78a7f90c01fc2bfc875782a0d4922b37cde2cf184ce347b91316d23cd7f69a36?s=96&d=mm&r=g\",\"url\":\"https:\\\/\\\/secure.gravatar.com\\\/avatar\\\/78a7f90c01fc2bfc875782a0d4922b37cde2cf184ce347b91316d23cd7f69a36?s=96&d=mm&r=g\",\"contentUrl\":\"https:\\\/\\\/secure.gravatar.com\\\/avatar\\\/78a7f90c01fc2bfc875782a0d4922b37cde2cf184ce347b91316d23cd7f69a36?s=96&d=mm&r=g\",\"caption\":\"galledia\"},\"sameAs\":[\"https:\\\/\\\/x.com\\\/admin\"],\"url\":\"https:\\\/\\\/www.organisator.ch\\\/en\\\/author\\\/galledia\\\/\"}]}<\/script>\n<!-- \/ Yoast SEO plugin. -->","yoast_head_json":{"title":"St\u00f6ckli opens new factory store in Malters - Organizer","description":"St\u00f6ckli CEO Marc Gl\u00e4ser opens the renovated factory store in Malters with regional construction partners and invited guests.","robots":{"index":"index","follow":"follow","max-snippet":"max-snippet:-1","max-image-preview":"max-image-preview:large","max-video-preview":"max-video-preview:-1"},"canonical":"https:\/\/www.organisator.ch\/en\/marketing\/2024-10-11\/stoeckli-eroeffnet-neuen-manufakturladen-in-malters\/","og_locale":"en_US","og_type":"article","og_title":"St\u00f6ckli er\u00f6ffnet neuen Manufakturladen in Malters - Organisator","og_description":"St\u00f6ckli-CEO Marc Gl\u00e4ser er\u00f6ffnet den renovierten Manufakturladen in Malters mit regionalen Baupartnern und geladenen G\u00e4sten.","og_url":"https:\/\/www.organisator.ch\/en\/marketing\/2024-10-11\/stoeckli-eroeffnet-neuen-manufakturladen-in-malters\/","og_site_name":"Organisator","article_publisher":"https:\/\/www.facebook.com\/OrganisatorFachmagazin","article_published_time":"2024-10-11T12:16:12+00:00","article_modified_time":"2024-11-07T15:24:13+00:00","og_image":[{"url":"https:\/\/www.markt-kom.com\/wp-content\/uploads\/2024\/10\/Stockli_shop3855_%C2%A9Zak-van-Biljon-scaled.jpg","type":"","width":"","height":""}],"author":"galledia","twitter_card":"summary_large_image","twitter_creator":"@admin","schema":{"@context":"https:\/\/schema.org","@graph":[{"@type":"Article","@id":"https:\/\/www.organisator.ch\/marketing\/2024-10-11\/stoeckli-eroeffnet-neuen-manufakturladen-in-malters\/#article","isPartOf":{"@id":"https:\/\/www.organisator.ch\/marketing\/2024-10-11\/stoeckli-eroeffnet-neuen-manufakturladen-in-malters\/"},"author":{"name":"galledia","@id":"https:\/\/www.organisator.ch\/#\/schema\/person\/4e51799071cd2dd1232ac003643ef5f0"},"headline":"St\u00f6ckli er\u00f6ffnet neuen Manufakturladen in Malters","datePublished":"2024-10-11T12:16:12+00:00","dateModified":"2024-11-07T15:24:13+00:00","mainEntityOfPage":{"@id":"https:\/\/www.organisator.ch\/marketing\/2024-10-11\/stoeckli-eroeffnet-neuen-manufakturladen-in-malters\/"},"wordCount":298,"publisher":{"@id":"https:\/\/www.organisator.ch\/#organization"},"image":{"@id":"https:\/\/www.organisator.ch\/marketing\/2024-10-11\/stoeckli-eroeffnet-neuen-manufakturladen-in-malters\/#primaryimage"},"thumbnailUrl":"https:\/\/www.markt-kom.com\/wp-content\/uploads\/2024\/10\/Stockli_shop3855_%C2%A9Zak-van-Biljon-scaled.jpg","keywords":["Business","MarKom","St\u00f6ckli Swiss Sports"],"articleSection":["MARKETING"],"inLanguage":"en-US"},{"@type":"WebPage","@id":"https:\/\/www.organisator.ch\/marketing\/2024-10-11\/stoeckli-eroeffnet-neuen-manufakturladen-in-malters\/","url":"https:\/\/www.organisator.ch\/marketing\/2024-10-11\/stoeckli-eroeffnet-neuen-manufakturladen-in-malters\/","name":"St\u00f6ckli opens new factory store in Malters - Organizer","isPartOf":{"@id":"https:\/\/www.organisator.ch\/#website"},"primaryImageOfPage":{"@id":"https:\/\/www.organisator.ch\/marketing\/2024-10-11\/stoeckli-eroeffnet-neuen-manufakturladen-in-malters\/#primaryimage"},"image":{"@id":"https:\/\/www.organisator.ch\/marketing\/2024-10-11\/stoeckli-eroeffnet-neuen-manufakturladen-in-malters\/#primaryimage"},"thumbnailUrl":"https:\/\/www.markt-kom.com\/wp-content\/uploads\/2024\/10\/Stockli_shop3855_%C2%A9Zak-van-Biljon-scaled.jpg","datePublished":"2024-10-11T12:16:12+00:00","dateModified":"2024-11-07T15:24:13+00:00","description":"St\u00f6ckli CEO Marc Gl\u00e4ser opens the renovated factory store in Malters with regional construction partners and invited guests.","breadcrumb":{"@id":"https:\/\/www.organisator.ch\/marketing\/2024-10-11\/stoeckli-eroeffnet-neuen-manufakturladen-in-malters\/#breadcrumb"},"inLanguage":"en-US","potentialAction":[{"@type":"ReadAction","target":["https:\/\/www.organisator.ch\/marketing\/2024-10-11\/stoeckli-eroeffnet-neuen-manufakturladen-in-malters\/"]}]},{"@type":"ImageObject","inLanguage":"en-US","@id":"https:\/\/www.organisator.ch\/marketing\/2024-10-11\/stoeckli-eroeffnet-neuen-manufakturladen-in-malters\/#primaryimage","url":"https:\/\/www.markt-kom.com\/wp-content\/uploads\/2024\/10\/Stockli_shop3855_%C2%A9Zak-van-Biljon-scaled.jpg","contentUrl":"https:\/\/www.markt-kom.com\/wp-content\/uploads\/2024\/10\/Stockli_shop3855_%C2%A9Zak-van-Biljon-scaled.jpg"},{"@type":"BreadcrumbList","@id":"https:\/\/www.organisator.ch\/marketing\/2024-10-11\/stoeckli-eroeffnet-neuen-manufakturladen-in-malters\/#breadcrumb","itemListElement":[{"@type":"ListItem","position":1,"name":"Home","item":"https:\/\/www.organisator.ch\/"},{"@type":"ListItem","position":2,"name":"St\u00f6ckli er\u00f6ffnet neuen Manufakturladen in Malters"}]},{"@type":"WebSite","@id":"https:\/\/www.organisator.ch\/#website","url":"https:\/\/www.organisator.ch\/","name":"Organizer","description":"Competent. Practical. In 10 issues per year, ORGANISATOR presents the essential topics for managers of SMEs.","publisher":{"@id":"https:\/\/www.organisator.ch\/#organization"},"potentialAction":[{"@type":"SearchAction","target":{"@type":"EntryPoint","urlTemplate":"https:\/\/www.organisator.ch\/?s={search_term_string}"},"query-input":{"@type":"PropertyValueSpecification","valueRequired":true,"valueName":"search_term_string"}}],"inLanguage":"en-US"},{"@type":"Organization","@id":"https:\/\/www.organisator.ch\/#organization","name":"Organizer","url":"https:\/\/www.organisator.ch\/","logo":{"@type":"ImageObject","inLanguage":"en-US","@id":"https:\/\/www.organisator.ch\/#\/schema\/logo\/image\/","url":"https:\/\/www.organisator.ch\/wp-content\/uploads\/2022\/01\/Logo_Organisator_Website.png","contentUrl":"https:\/\/www.organisator.ch\/wp-content\/uploads\/2022\/01\/Logo_Organisator_Website.png","width":800,"height":77,"caption":"Organisator"},"image":{"@id":"https:\/\/www.organisator.ch\/#\/schema\/logo\/image\/"},"sameAs":["https:\/\/www.facebook.com\/OrganisatorFachmagazin","https:\/\/www.linkedin.com\/showcase\/organisator-das-magazin-fr-kmu","https:\/\/www.xing.com\/news\/pages\/organisator-ch-695","https:\/\/www.youtube.com\/channel\/UCGP2Sq0iWaZwT3BdIAQFYpw"]},{"@type":"Person","@id":"https:\/\/www.organisator.ch\/#\/schema\/person\/4e51799071cd2dd1232ac003643ef5f0","name":"galledia","image":{"@type":"ImageObject","inLanguage":"en-US","@id":"https:\/\/secure.gravatar.com\/avatar\/78a7f90c01fc2bfc875782a0d4922b37cde2cf184ce347b91316d23cd7f69a36?s=96&d=mm&r=g","url":"https:\/\/secure.gravatar.com\/avatar\/78a7f90c01fc2bfc875782a0d4922b37cde2cf184ce347b91316d23cd7f69a36?s=96&d=mm&r=g","contentUrl":"https:\/\/secure.gravatar.com\/avatar\/78a7f90c01fc2bfc875782a0d4922b37cde2cf184ce347b91316d23cd7f69a36?s=96&d=mm&r=g","caption":"galledia"},"sameAs":["https:\/\/x.com\/admin"],"url":"https:\/\/www.organisator.ch\/en\/author\/galledia\/"}]}},"_links":{"self":[{"href":"https:\/\/www.organisator.ch\/en\/wp-json\/wp\/v2\/posts\/30616","targetHints":{"allow":["GET"]}}],"collection":[{"href":"https:\/\/www.organisator.ch\/en\/wp-json\/wp\/v2\/posts"}],"about":[{"href":"https:\/\/www.organisator.ch\/en\/wp-json\/wp\/v2\/types\/post"}],"author":[{"embeddable":true,"href":"https:\/\/www.organisator.ch\/en\/wp-json\/wp\/v2\/users\/8"}],"replies":[{"embeddable":true,"href":"https:\/\/www.organisator.ch\/en\/wp-json\/wp\/v2\/comments?post=30616"}],"version-history":[{"count":4,"href":"https:\/\/www.organisator.ch\/en\/wp-json\/wp\/v2\/posts\/30616\/revisions"}],"predecessor-version":[{"id":31794,"href":"https:\/\/www.organisator.ch\/en\/wp-json\/wp\/v2\/posts\/30616\/revisions\/31794"}],"wp:attachment":[{"href":"https:\/\/www.organisator.ch\/en\/wp-json\/wp\/v2\/media?parent=30616"}],"wp:term":[{"taxonomy":"category","embeddable":true,"href":"https:\/\/www.organisator.ch\/en\/wp-json\/wp\/v2\/categories?post=30616"},{"taxonomy":"post_tag","embeddable":true,"href":"https:\/\/www.organisator.ch\/en\/wp-json\/wp\/v2\/tags?post=30616"}],"curies":[{"name":"wp","href":"https:\/\/api.w.org\/{rel}","templated":true}]}}