{"id":3062,"date":"2018-01-29T16:37:44","date_gmt":"2018-01-29T15:37:44","guid":{"rendered":"https:\/\/www.organisator.ch\/?p=3062"},"modified":"2018-01-29T16:37:44","modified_gmt":"2018-01-29T15:37:44","slug":"schweizer-software-unternehmen-opacc-feiert-30-jahr-jubilaeum","status":"publish","type":"post","link":"https:\/\/www.organisator.ch\/en\/management\/it\/2018-01-29\/schweizer-software-unternehmen-opacc-feiert-30-jahr-jubilaeum\/","title":{"rendered":"Swiss software company Opacc celebrates 30-year anniversary"},"content":{"rendered":"<figure id=\"attachment_3063\" aria-describedby=\"caption-attachment-3063\" style=\"width: 480px\" class=\"wp-caption alignnone\"><img loading=\"lazy\" decoding=\"async\" class=\"size-full wp-image-3063\" src=\"https:\/\/www.organisator.ch\/wp-content\/uploads\/2018\/01\/Schweizer-Software-Unternehmen-Opacc-feiert-30-Jahr-Jubilaeum-1_Organisator.jpg\" alt=\"\" width=\"480\" height=\"562\" srcset=\"https:\/\/www.organisator.ch\/wp-content\/uploads\/2018\/01\/Schweizer-Software-Unternehmen-Opacc-feiert-30-Jahr-Jubilaeum-1_Organisator.jpg 480w, https:\/\/www.organisator.ch\/wp-content\/uploads\/2018\/01\/Schweizer-Software-Unternehmen-Opacc-feiert-30-Jahr-Jubilaeum-1_Organisator-10x12.jpg 10w, https:\/\/www.organisator.ch\/wp-content\/uploads\/2018\/01\/Schweizer-Software-Unternehmen-Opacc-feiert-30-Jahr-Jubilaeum-1_Organisator-149x175.jpg 149w, https:\/\/www.organisator.ch\/wp-content\/uploads\/2018\/01\/Schweizer-Software-Unternehmen-Opacc-feiert-30-Jahr-Jubilaeum-1_Organisator-299x350.jpg 299w, https:\/\/www.organisator.ch\/wp-content\/uploads\/2018\/01\/Schweizer-Software-Unternehmen-Opacc-feiert-30-Jahr-Jubilaeum-1_Organisator-300x351.jpg 300w\" sizes=\"auto, (max-width: 480px) 100vw, 480px\" \/><figcaption id=\"caption-attachment-3063\" class=\"wp-caption-text\">Can look back with pride on the 30-year history of his company: Beat Bussmann, CEO of the central Swiss software manufacturer Opacc. (Image: Opacc)<\/figcaption><\/figure>\n<p>Is one still young at 30? \"Yes, but ...\" says Beat Bussmann, CEO and founder of Opacc Software AG: \"Still young, because we are agile and top-fit in the market. But we also enjoy a certain 'seniority', because in the IT industry 30 years of successful business mean a lot. Continuity and longevity are match-decisive, especially in enterprise software.\"<\/p>\n<h2>Founded 30 years ago<\/h2>\n<p>The Lucerne-based company was entered in the Lucerne Commercial Register 30 years ago, on January 22, 1988. A business idea has grown into an established and renowned software provider with currently 125 employees. Company founder and CEO Beat Bussmann remembers the first days and weeks: \"Our credo at that time has remained the same to this day: Quality instead of quantity!\" SMEs from all industries use the OpaccERP, OpaccEnterpriseShop and OpaccEnterpriseCRM applications - on a single platform: OpaccOXAS provides all data, functions and services to manage the flow of goods, money, services and information throughout the company.<\/p>\n<h2><strong>Record year 2017<\/strong><\/h2>\n<p>As Opacc reports, the past fiscal year was the most successful in the company's entire history, both in terms of new customer business and the expansion of existing customers. As in all previous years, it was also possible to increase value added. Opacc, headquartered in Kriens, is also fully self-financed and thus financially independent. This ensures the ongoing further development of Opacc Enterprise Software applications in the future as well, the company continues.<\/p>\n<figure id=\"attachment_3064\" aria-describedby=\"caption-attachment-3064\" style=\"width: 640px\" class=\"wp-caption alignnone\"><img loading=\"lazy\" decoding=\"async\" class=\"size-full wp-image-3064\" src=\"https:\/\/www.organisator.ch\/wp-content\/uploads\/2018\/01\/Schweizer-Software-Unternehmen-Opacc-feiert-30-Jahr-Jubilaeum-2_Organisator.jpg\" alt=\"\" width=\"640\" height=\"243\" srcset=\"https:\/\/www.organisator.ch\/wp-content\/uploads\/2018\/01\/Schweizer-Software-Unternehmen-Opacc-feiert-30-Jahr-Jubilaeum-2_Organisator.jpg 640w, https:\/\/www.organisator.ch\/wp-content\/uploads\/2018\/01\/Schweizer-Software-Unternehmen-Opacc-feiert-30-Jahr-Jubilaeum-2_Organisator-16x6.jpg 16w, https:\/\/www.organisator.ch\/wp-content\/uploads\/2018\/01\/Schweizer-Software-Unternehmen-Opacc-feiert-30-Jahr-Jubilaeum-2_Organisator-375x142.jpg 375w, https:\/\/www.organisator.ch\/wp-content\/uploads\/2018\/01\/Schweizer-Software-Unternehmen-Opacc-feiert-30-Jahr-Jubilaeum-2_Organisator-300x114.jpg 300w\" sizes=\"auto, (max-width: 640px) 100vw, 640px\" \/><figcaption id=\"caption-attachment-3064\" class=\"wp-caption-text\">The \"birthday present\": The OpaccCampus in Rothenburg, as it will look one day. (Image: Opacc)<\/figcaption><\/figure>\n<h2><strong>New OpaccCampus in Rothenburg<\/strong><\/h2>\n<p>In fall 2018, the software manufacturer will leave its long-standing location in Kriens and move to Rothenburg. The new Opacc company building in the immediate vicinity of Rothenburg train station and the Rothenburg freeway exit will be designed for around 200 employees. This will be sufficient for many years, especially as there is potential for expansion to accommodate a total of 400 employees on the company's own premises. The company, which has won several awards for progressive working conditions and has maintained a work-life balance strategy for many years, is thus setting a further milestone in the development of its corporate culture. The new building in Rothenburg will make a major contribution to an innovative working environment and open up new perspectives for in-house training and development.<\/p>\n<p>The celebration of the company's anniversary 30 years Opacc will take place on the weekend of November 15-17, 2018 in Rothenburg.<\/p>\n<p><em><a href=\"http:\/\/www.opacc.ch\">Company website<\/a><\/em><\/p>","protected":false},"excerpt":{"rendered":"<p>Ist man mit 30 Jahren noch jung? \u00abJa, aber \u2026\u00bb meint Beat Bussmann, CEO und Gr\u00fcnder der Opacc Software AG: \u00abNoch jung, weil wir uns agil und top-fit am Markt bewegen. Wir geniessen aber auch eine gewisse \u201aSeniorit\u00e4t\u2018, weil in der Informatikbranche 30 Jahre erfolgreiche Gesch\u00e4ftst\u00e4tigkeit sehr viel bedeuten. Kontinuit\u00e4t und Langfristigkeit sind gerade bei [&hellip;]<\/p>\n","protected":false},"author":4,"featured_media":3063,"comment_status":"open","ping_status":"open","sticky":false,"template":"","format":"standard","meta":{"_acf_changed":false,"_yoast_wpseo_focuskw":"Opacc","_yoast_wpseo_metadesc":"Opacc feiert 2018 einen runden Geburtstag: Der Software-Hersteller aus Kriens wird dieses Jahr 30-j\u00e4hrig. Das \u00e4usserst erfolgreiche Gesch\u00e4ftsjahr 2017 ist ein weiterer Grund f\u00fcr einen positiven Ausblick f\u00fcr 2018.","articlekey":"","footnotes":""},"categories":[27],"tags":[286,288,292,492,508],"class_list":["post-3062","post","type-post","status-publish","format-standard","has-post-thumbnail","hentry","category-it","tag-it","tag-it-business-software","tag-jubilaeum","tag-unternehmen","tag-vermischtes"],"acf":[],"yoast_head":"<!-- This site is optimized with the Yoast SEO plugin v27.4 - https:\/\/yoast.com\/product\/yoast-seo-wordpress\/ -->\n<title>Schweizer Software-Unternehmen Opacc feiert 30-Jahr-Jubil\u00e4um - Organisator<\/title>\n<meta name=\"description\" content=\"Opacc feiert 2018 einen runden Geburtstag: Der Software-Hersteller aus Kriens wird dieses Jahr 30-j\u00e4hrig. Das \u00e4usserst erfolgreiche Gesch\u00e4ftsjahr 2017 ist ein weiterer Grund f\u00fcr einen positiven Ausblick f\u00fcr 2018.\" \/>\n<meta name=\"robots\" content=\"index, follow, max-snippet:-1, max-image-preview:large, max-video-preview:-1\" \/>\n<link rel=\"canonical\" href=\"https:\/\/www.organisator.ch\/en\/management\/it\/2018-01-29\/schweizer-software-unternehmen-opacc-feiert-30-jahr-jubilaeum\/\" \/>\n<meta property=\"og:locale\" content=\"en_US\" \/>\n<meta property=\"og:type\" content=\"article\" \/>\n<meta property=\"og:title\" content=\"Schweizer Software-Unternehmen Opacc feiert 30-Jahr-Jubil\u00e4um\" \/>\n<meta property=\"og:description\" content=\"#Opacc feiert 2018 einen runden Geburtstag: Der #Software-Hersteller aus Kriens wird dieses Jahr 30-j\u00e4hrig. Das \u00e4usserst erfolgreiche Gesch\u00e4ftsjahr 2017 ist ein weiterer Grund f\u00fcr einen positiven Ausblick f\u00fcr 2018.\" \/>\n<meta property=\"og:url\" content=\"https:\/\/www.organisator.ch\/en\/management\/it\/2018-01-29\/schweizer-software-unternehmen-opacc-feiert-30-jahr-jubilaeum\/\" \/>\n<meta property=\"og:site_name\" content=\"Organisator\" \/>\n<meta property=\"article:publisher\" content=\"https:\/\/www.facebook.com\/OrganisatorFachmagazin\" \/>\n<meta property=\"article:published_time\" content=\"2018-01-29T15:37:44+00:00\" \/>\n<meta property=\"og:image\" content=\"https:\/\/www.organisator.ch\/wp-content\/uploads\/2018\/01\/Schweizer-Software-Unternehmen-Opacc-feiert-30-Jahr-Jubilaeum-1_Organisator.jpg\" \/>\n\t<meta property=\"og:image:width\" content=\"480\" \/>\n\t<meta property=\"og:image:height\" content=\"562\" \/>\n\t<meta property=\"og:image:type\" content=\"image\/jpeg\" \/>\n<meta name=\"author\" content=\"thomas.berner\" \/>\n<meta name=\"twitter:card\" content=\"summary_large_image\" \/>\n<meta name=\"twitter:title\" content=\"Schweizer #Software-Unternehmen #Opacc feiert 30-Jahr-Jubil\u00e4um\" \/>\n<meta name=\"twitter:description\" content=\"#Opacc feiert 2018 einen runden Geburtstag: Der #Software-Hersteller aus Kriens wird dieses Jahr 30-j\u00e4hrig. Das \u00e4usserst erfolgreiche Gesch\u00e4ftsjahr 2017 ist ein weiterer Grund f\u00fcr einen positiven Ausblick f\u00fcr 2018.\" \/>\n<meta name=\"twitter:image\" content=\"https:\/\/www.organisator.ch\/wp-content\/uploads\/2018\/01\/Schweizer-Software-Unternehmen-Opacc-feiert-30-Jahr-Jubil\u00e4um-1_Organisator.jpg\" \/>\n<script type=\"application\/ld+json\" class=\"yoast-schema-graph\">{\"@context\":\"https:\\\/\\\/schema.org\",\"@graph\":[{\"@type\":\"Article\",\"@id\":\"https:\\\/\\\/www.organisator.ch\\\/management\\\/it\\\/2018-01-29\\\/schweizer-software-unternehmen-opacc-feiert-30-jahr-jubilaeum\\\/#article\",\"isPartOf\":{\"@id\":\"https:\\\/\\\/www.organisator.ch\\\/management\\\/it\\\/2018-01-29\\\/schweizer-software-unternehmen-opacc-feiert-30-jahr-jubilaeum\\\/\"},\"author\":{\"name\":\"thomas.berner\",\"@id\":\"https:\\\/\\\/www.organisator.ch\\\/#\\\/schema\\\/person\\\/6f650f90b2842cd4c0cc334b4e36f67e\"},\"headline\":\"Schweizer Software-Unternehmen Opacc feiert 30-Jahr-Jubil\u00e4um\",\"datePublished\":\"2018-01-29T15:37:44+00:00\",\"mainEntityOfPage\":{\"@id\":\"https:\\\/\\\/www.organisator.ch\\\/management\\\/it\\\/2018-01-29\\\/schweizer-software-unternehmen-opacc-feiert-30-jahr-jubilaeum\\\/\"},\"wordCount\":412,\"commentCount\":0,\"publisher\":{\"@id\":\"https:\\\/\\\/www.organisator.ch\\\/#organization\"},\"image\":{\"@id\":\"https:\\\/\\\/www.organisator.ch\\\/management\\\/it\\\/2018-01-29\\\/schweizer-software-unternehmen-opacc-feiert-30-jahr-jubilaeum\\\/#primaryimage\"},\"thumbnailUrl\":\"https:\\\/\\\/www.organisator.ch\\\/wp-content\\\/uploads\\\/2018\\\/01\\\/Schweizer-Software-Unternehmen-Opacc-feiert-30-Jahr-Jubilaeum-1_Organisator.jpg\",\"keywords\":[\"IT\",\"IT &amp; Business Software\",\"Jubil\u00e4um\",\"Unternehmen\",\"Vermischtes\"],\"articleSection\":[\"IT\"],\"inLanguage\":\"en-US\"},{\"@type\":\"WebPage\",\"@id\":\"https:\\\/\\\/www.organisator.ch\\\/management\\\/it\\\/2018-01-29\\\/schweizer-software-unternehmen-opacc-feiert-30-jahr-jubilaeum\\\/\",\"url\":\"https:\\\/\\\/www.organisator.ch\\\/management\\\/it\\\/2018-01-29\\\/schweizer-software-unternehmen-opacc-feiert-30-jahr-jubilaeum\\\/\",\"name\":\"Schweizer Software-Unternehmen Opacc feiert 30-Jahr-Jubil\u00e4um - Organisator\",\"isPartOf\":{\"@id\":\"https:\\\/\\\/www.organisator.ch\\\/#website\"},\"primaryImageOfPage\":{\"@id\":\"https:\\\/\\\/www.organisator.ch\\\/management\\\/it\\\/2018-01-29\\\/schweizer-software-unternehmen-opacc-feiert-30-jahr-jubilaeum\\\/#primaryimage\"},\"image\":{\"@id\":\"https:\\\/\\\/www.organisator.ch\\\/management\\\/it\\\/2018-01-29\\\/schweizer-software-unternehmen-opacc-feiert-30-jahr-jubilaeum\\\/#primaryimage\"},\"thumbnailUrl\":\"https:\\\/\\\/www.organisator.ch\\\/wp-content\\\/uploads\\\/2018\\\/01\\\/Schweizer-Software-Unternehmen-Opacc-feiert-30-Jahr-Jubilaeum-1_Organisator.jpg\",\"datePublished\":\"2018-01-29T15:37:44+00:00\",\"description\":\"Opacc feiert 2018 einen runden Geburtstag: Der Software-Hersteller aus Kriens wird dieses Jahr 30-j\u00e4hrig. Das \u00e4usserst erfolgreiche Gesch\u00e4ftsjahr 2017 ist ein weiterer Grund f\u00fcr einen positiven Ausblick f\u00fcr 2018.\",\"breadcrumb\":{\"@id\":\"https:\\\/\\\/www.organisator.ch\\\/management\\\/it\\\/2018-01-29\\\/schweizer-software-unternehmen-opacc-feiert-30-jahr-jubilaeum\\\/#breadcrumb\"},\"inLanguage\":\"en-US\",\"potentialAction\":[{\"@type\":\"ReadAction\",\"target\":[\"https:\\\/\\\/www.organisator.ch\\\/management\\\/it\\\/2018-01-29\\\/schweizer-software-unternehmen-opacc-feiert-30-jahr-jubilaeum\\\/\"]}]},{\"@type\":\"ImageObject\",\"inLanguage\":\"en-US\",\"@id\":\"https:\\\/\\\/www.organisator.ch\\\/management\\\/it\\\/2018-01-29\\\/schweizer-software-unternehmen-opacc-feiert-30-jahr-jubilaeum\\\/#primaryimage\",\"url\":\"https:\\\/\\\/www.organisator.ch\\\/wp-content\\\/uploads\\\/2018\\\/01\\\/Schweizer-Software-Unternehmen-Opacc-feiert-30-Jahr-Jubilaeum-1_Organisator.jpg\",\"contentUrl\":\"https:\\\/\\\/www.organisator.ch\\\/wp-content\\\/uploads\\\/2018\\\/01\\\/Schweizer-Software-Unternehmen-Opacc-feiert-30-Jahr-Jubilaeum-1_Organisator.jpg\",\"width\":480,\"height\":562,\"caption\":\"Darf mit Stolz auf die 30-j\u00e4hrige Geschichte seines Unternehmens zur\u00fcckblicken: Beat Bussmann, CEO des Innerschweizer Software-Herstellers Opacc.\"},{\"@type\":\"BreadcrumbList\",\"@id\":\"https:\\\/\\\/www.organisator.ch\\\/management\\\/it\\\/2018-01-29\\\/schweizer-software-unternehmen-opacc-feiert-30-jahr-jubilaeum\\\/#breadcrumb\",\"itemListElement\":[{\"@type\":\"ListItem\",\"position\":1,\"name\":\"Home\",\"item\":\"https:\\\/\\\/www.organisator.ch\\\/\"},{\"@type\":\"ListItem\",\"position\":2,\"name\":\"Schweizer Software-Unternehmen Opacc feiert 30-Jahr-Jubil\u00e4um\"}]},{\"@type\":\"WebSite\",\"@id\":\"https:\\\/\\\/www.organisator.ch\\\/#website\",\"url\":\"https:\\\/\\\/www.organisator.ch\\\/\",\"name\":\"Organisator\",\"description\":\"Kompetent. Praxisnah. Der ORGANISATOR bereitet in 10 Ausgaben pro Jahr die wesentlichen Themen f\u00fcr F\u00fchrungskr\u00e4fte von KMU auf.\",\"publisher\":{\"@id\":\"https:\\\/\\\/www.organisator.ch\\\/#organization\"},\"potentialAction\":[{\"@type\":\"SearchAction\",\"target\":{\"@type\":\"EntryPoint\",\"urlTemplate\":\"https:\\\/\\\/www.organisator.ch\\\/?s={search_term_string}\"},\"query-input\":{\"@type\":\"PropertyValueSpecification\",\"valueRequired\":true,\"valueName\":\"search_term_string\"}}],\"inLanguage\":\"en-US\"},{\"@type\":\"Organization\",\"@id\":\"https:\\\/\\\/www.organisator.ch\\\/#organization\",\"name\":\"Organisator\",\"url\":\"https:\\\/\\\/www.organisator.ch\\\/\",\"logo\":{\"@type\":\"ImageObject\",\"inLanguage\":\"en-US\",\"@id\":\"https:\\\/\\\/www.organisator.ch\\\/#\\\/schema\\\/logo\\\/image\\\/\",\"url\":\"https:\\\/\\\/www.organisator.ch\\\/wp-content\\\/uploads\\\/2022\\\/01\\\/Logo_Organisator_Website.png\",\"contentUrl\":\"https:\\\/\\\/www.organisator.ch\\\/wp-content\\\/uploads\\\/2022\\\/01\\\/Logo_Organisator_Website.png\",\"width\":800,\"height\":77,\"caption\":\"Organisator\"},\"image\":{\"@id\":\"https:\\\/\\\/www.organisator.ch\\\/#\\\/schema\\\/logo\\\/image\\\/\"},\"sameAs\":[\"https:\\\/\\\/www.facebook.com\\\/OrganisatorFachmagazin\",\"https:\\\/\\\/www.linkedin.com\\\/showcase\\\/organisator-das-magazin-fr-kmu\",\"https:\\\/\\\/www.xing.com\\\/news\\\/pages\\\/organisator-ch-695\",\"https:\\\/\\\/www.youtube.com\\\/channel\\\/UCGP2Sq0iWaZwT3BdIAQFYpw\"]},{\"@type\":\"Person\",\"@id\":\"https:\\\/\\\/www.organisator.ch\\\/#\\\/schema\\\/person\\\/6f650f90b2842cd4c0cc334b4e36f67e\",\"name\":\"thomas.berner\",\"image\":{\"@type\":\"ImageObject\",\"inLanguage\":\"en-US\",\"@id\":\"https:\\\/\\\/secure.gravatar.com\\\/avatar\\\/ac5001d2a36cb6c6cd3e50789007ffca834b477b74a2144564522e944eabff61?s=96&d=mm&r=g\",\"url\":\"https:\\\/\\\/secure.gravatar.com\\\/avatar\\\/ac5001d2a36cb6c6cd3e50789007ffca834b477b74a2144564522e944eabff61?s=96&d=mm&r=g\",\"contentUrl\":\"https:\\\/\\\/secure.gravatar.com\\\/avatar\\\/ac5001d2a36cb6c6cd3e50789007ffca834b477b74a2144564522e944eabff61?s=96&d=mm&r=g\",\"caption\":\"thomas.berner\"},\"url\":\"https:\\\/\\\/www.organisator.ch\\\/en\\\/author\\\/thomas-berner\\\/\"}]}<\/script>\n<!-- \/ Yoast SEO plugin. -->","yoast_head_json":{"title":"Swiss software company Opacc celebrates 30th anniversary - organizer","description":"Opacc celebrates a round birthday in 2018: The software manufacturer from Kriens turns 30 this year. The extremely successful business year 2017 is another reason for a positive outlook for 2018.","robots":{"index":"index","follow":"follow","max-snippet":"max-snippet:-1","max-image-preview":"max-image-preview:large","max-video-preview":"max-video-preview:-1"},"canonical":"https:\/\/www.organisator.ch\/en\/management\/it\/2018-01-29\/schweizer-software-unternehmen-opacc-feiert-30-jahr-jubilaeum\/","og_locale":"en_US","og_type":"article","og_title":"Schweizer Software-Unternehmen Opacc feiert 30-Jahr-Jubil\u00e4um","og_description":"#Opacc feiert 2018 einen runden Geburtstag: Der #Software-Hersteller aus Kriens wird dieses Jahr 30-j\u00e4hrig. Das \u00e4usserst erfolgreiche Gesch\u00e4ftsjahr 2017 ist ein weiterer Grund f\u00fcr einen positiven Ausblick f\u00fcr 2018.","og_url":"https:\/\/www.organisator.ch\/en\/management\/it\/2018-01-29\/schweizer-software-unternehmen-opacc-feiert-30-jahr-jubilaeum\/","og_site_name":"Organisator","article_publisher":"https:\/\/www.facebook.com\/OrganisatorFachmagazin","article_published_time":"2018-01-29T15:37:44+00:00","og_image":[{"width":480,"height":562,"url":"https:\/\/www.organisator.ch\/wp-content\/uploads\/2018\/01\/Schweizer-Software-Unternehmen-Opacc-feiert-30-Jahr-Jubilaeum-1_Organisator.jpg","type":"image\/jpeg"}],"author":"thomas.berner","twitter_card":"summary_large_image","twitter_title":"Schweizer #Software-Unternehmen #Opacc feiert 30-Jahr-Jubil\u00e4um","twitter_description":"#Opacc feiert 2018 einen runden Geburtstag: Der #Software-Hersteller aus Kriens wird dieses Jahr 30-j\u00e4hrig. Das \u00e4usserst erfolgreiche Gesch\u00e4ftsjahr 2017 ist ein weiterer Grund f\u00fcr einen positiven Ausblick f\u00fcr 2018.","twitter_image":"https:\/\/www.organisator.ch\/wp-content\/uploads\/2018\/01\/Schweizer-Software-Unternehmen-Opacc-feiert-30-Jahr-Jubil\u00e4um-1_Organisator.jpg","schema":{"@context":"https:\/\/schema.org","@graph":[{"@type":"Article","@id":"https:\/\/www.organisator.ch\/management\/it\/2018-01-29\/schweizer-software-unternehmen-opacc-feiert-30-jahr-jubilaeum\/#article","isPartOf":{"@id":"https:\/\/www.organisator.ch\/management\/it\/2018-01-29\/schweizer-software-unternehmen-opacc-feiert-30-jahr-jubilaeum\/"},"author":{"name":"thomas.berner","@id":"https:\/\/www.organisator.ch\/#\/schema\/person\/6f650f90b2842cd4c0cc334b4e36f67e"},"headline":"Schweizer Software-Unternehmen Opacc feiert 30-Jahr-Jubil\u00e4um","datePublished":"2018-01-29T15:37:44+00:00","mainEntityOfPage":{"@id":"https:\/\/www.organisator.ch\/management\/it\/2018-01-29\/schweizer-software-unternehmen-opacc-feiert-30-jahr-jubilaeum\/"},"wordCount":412,"commentCount":0,"publisher":{"@id":"https:\/\/www.organisator.ch\/#organization"},"image":{"@id":"https:\/\/www.organisator.ch\/management\/it\/2018-01-29\/schweizer-software-unternehmen-opacc-feiert-30-jahr-jubilaeum\/#primaryimage"},"thumbnailUrl":"https:\/\/www.organisator.ch\/wp-content\/uploads\/2018\/01\/Schweizer-Software-Unternehmen-Opacc-feiert-30-Jahr-Jubilaeum-1_Organisator.jpg","keywords":["IT","IT &amp; Business Software","Jubil\u00e4um","Unternehmen","Vermischtes"],"articleSection":["IT"],"inLanguage":"en-US"},{"@type":"WebPage","@id":"https:\/\/www.organisator.ch\/management\/it\/2018-01-29\/schweizer-software-unternehmen-opacc-feiert-30-jahr-jubilaeum\/","url":"https:\/\/www.organisator.ch\/management\/it\/2018-01-29\/schweizer-software-unternehmen-opacc-feiert-30-jahr-jubilaeum\/","name":"Swiss software company Opacc celebrates 30th anniversary - organizer","isPartOf":{"@id":"https:\/\/www.organisator.ch\/#website"},"primaryImageOfPage":{"@id":"https:\/\/www.organisator.ch\/management\/it\/2018-01-29\/schweizer-software-unternehmen-opacc-feiert-30-jahr-jubilaeum\/#primaryimage"},"image":{"@id":"https:\/\/www.organisator.ch\/management\/it\/2018-01-29\/schweizer-software-unternehmen-opacc-feiert-30-jahr-jubilaeum\/#primaryimage"},"thumbnailUrl":"https:\/\/www.organisator.ch\/wp-content\/uploads\/2018\/01\/Schweizer-Software-Unternehmen-Opacc-feiert-30-Jahr-Jubilaeum-1_Organisator.jpg","datePublished":"2018-01-29T15:37:44+00:00","description":"Opacc celebrates a round birthday in 2018: The software manufacturer from Kriens turns 30 this year. The extremely successful business year 2017 is another reason for a positive outlook for 2018.","breadcrumb":{"@id":"https:\/\/www.organisator.ch\/management\/it\/2018-01-29\/schweizer-software-unternehmen-opacc-feiert-30-jahr-jubilaeum\/#breadcrumb"},"inLanguage":"en-US","potentialAction":[{"@type":"ReadAction","target":["https:\/\/www.organisator.ch\/management\/it\/2018-01-29\/schweizer-software-unternehmen-opacc-feiert-30-jahr-jubilaeum\/"]}]},{"@type":"ImageObject","inLanguage":"en-US","@id":"https:\/\/www.organisator.ch\/management\/it\/2018-01-29\/schweizer-software-unternehmen-opacc-feiert-30-jahr-jubilaeum\/#primaryimage","url":"https:\/\/www.organisator.ch\/wp-content\/uploads\/2018\/01\/Schweizer-Software-Unternehmen-Opacc-feiert-30-Jahr-Jubilaeum-1_Organisator.jpg","contentUrl":"https:\/\/www.organisator.ch\/wp-content\/uploads\/2018\/01\/Schweizer-Software-Unternehmen-Opacc-feiert-30-Jahr-Jubilaeum-1_Organisator.jpg","width":480,"height":562,"caption":"Darf mit Stolz auf die 30-j\u00e4hrige Geschichte seines Unternehmens zur\u00fcckblicken: Beat Bussmann, CEO des Innerschweizer Software-Herstellers Opacc."},{"@type":"BreadcrumbList","@id":"https:\/\/www.organisator.ch\/management\/it\/2018-01-29\/schweizer-software-unternehmen-opacc-feiert-30-jahr-jubilaeum\/#breadcrumb","itemListElement":[{"@type":"ListItem","position":1,"name":"Home","item":"https:\/\/www.organisator.ch\/"},{"@type":"ListItem","position":2,"name":"Schweizer Software-Unternehmen Opacc feiert 30-Jahr-Jubil\u00e4um"}]},{"@type":"WebSite","@id":"https:\/\/www.organisator.ch\/#website","url":"https:\/\/www.organisator.ch\/","name":"Organizer","description":"Competent. Practical. In 10 issues per year, ORGANISATOR presents the essential topics for managers of SMEs.","publisher":{"@id":"https:\/\/www.organisator.ch\/#organization"},"potentialAction":[{"@type":"SearchAction","target":{"@type":"EntryPoint","urlTemplate":"https:\/\/www.organisator.ch\/?s={search_term_string}"},"query-input":{"@type":"PropertyValueSpecification","valueRequired":true,"valueName":"search_term_string"}}],"inLanguage":"en-US"},{"@type":"Organization","@id":"https:\/\/www.organisator.ch\/#organization","name":"Organizer","url":"https:\/\/www.organisator.ch\/","logo":{"@type":"ImageObject","inLanguage":"en-US","@id":"https:\/\/www.organisator.ch\/#\/schema\/logo\/image\/","url":"https:\/\/www.organisator.ch\/wp-content\/uploads\/2022\/01\/Logo_Organisator_Website.png","contentUrl":"https:\/\/www.organisator.ch\/wp-content\/uploads\/2022\/01\/Logo_Organisator_Website.png","width":800,"height":77,"caption":"Organisator"},"image":{"@id":"https:\/\/www.organisator.ch\/#\/schema\/logo\/image\/"},"sameAs":["https:\/\/www.facebook.com\/OrganisatorFachmagazin","https:\/\/www.linkedin.com\/showcase\/organisator-das-magazin-fr-kmu","https:\/\/www.xing.com\/news\/pages\/organisator-ch-695","https:\/\/www.youtube.com\/channel\/UCGP2Sq0iWaZwT3BdIAQFYpw"]},{"@type":"Person","@id":"https:\/\/www.organisator.ch\/#\/schema\/person\/6f650f90b2842cd4c0cc334b4e36f67e","name":"thomas.berner","image":{"@type":"ImageObject","inLanguage":"en-US","@id":"https:\/\/secure.gravatar.com\/avatar\/ac5001d2a36cb6c6cd3e50789007ffca834b477b74a2144564522e944eabff61?s=96&d=mm&r=g","url":"https:\/\/secure.gravatar.com\/avatar\/ac5001d2a36cb6c6cd3e50789007ffca834b477b74a2144564522e944eabff61?s=96&d=mm&r=g","contentUrl":"https:\/\/secure.gravatar.com\/avatar\/ac5001d2a36cb6c6cd3e50789007ffca834b477b74a2144564522e944eabff61?s=96&d=mm&r=g","caption":"thomas.berner"},"url":"https:\/\/www.organisator.ch\/en\/author\/thomas-berner\/"}]}},"_links":{"self":[{"href":"https:\/\/www.organisator.ch\/en\/wp-json\/wp\/v2\/posts\/3062","targetHints":{"allow":["GET"]}}],"collection":[{"href":"https:\/\/www.organisator.ch\/en\/wp-json\/wp\/v2\/posts"}],"about":[{"href":"https:\/\/www.organisator.ch\/en\/wp-json\/wp\/v2\/types\/post"}],"author":[{"embeddable":true,"href":"https:\/\/www.organisator.ch\/en\/wp-json\/wp\/v2\/users\/4"}],"replies":[{"embeddable":true,"href":"https:\/\/www.organisator.ch\/en\/wp-json\/wp\/v2\/comments?post=3062"}],"version-history":[{"count":0,"href":"https:\/\/www.organisator.ch\/en\/wp-json\/wp\/v2\/posts\/3062\/revisions"}],"wp:featuredmedia":[{"embeddable":true,"href":"https:\/\/www.organisator.ch\/en\/wp-json\/wp\/v2\/media\/3063"}],"wp:attachment":[{"href":"https:\/\/www.organisator.ch\/en\/wp-json\/wp\/v2\/media?parent=3062"}],"wp:term":[{"taxonomy":"category","embeddable":true,"href":"https:\/\/www.organisator.ch\/en\/wp-json\/wp\/v2\/categories?post=3062"},{"taxonomy":"post_tag","embeddable":true,"href":"https:\/\/www.organisator.ch\/en\/wp-json\/wp\/v2\/tags?post=3062"}],"curies":[{"name":"wp","href":"https:\/\/api.w.org\/{rel}","templated":true}]}}