{"id":30656,"date":"2024-10-14T13:17:00","date_gmt":"2024-10-14T11:17:00","guid":{"rendered":"https:\/\/www.organisator.ch\/?p=30656"},"modified":"2024-10-14T13:17:00","modified_gmt":"2024-10-14T11:17:00","slug":"open-i-innovation-auf-hoechstem-niveau","status":"publish","type":"post","link":"https:\/\/www.organisator.ch\/en\/management\/2024-10-14\/open-i-innovation-auf-hoechstem-niveau\/","title":{"rendered":"Open-i: Innovation at the highest level"},"content":{"rendered":"<figure id=\"attachment_30658\" aria-describedby=\"caption-attachment-30658\" style=\"width: 680px\" class=\"wp-caption alignnone\"><img loading=\"lazy\" decoding=\"async\" class=\"size-full wp-image-30658\" src=\"https:\/\/www.organisator.ch\/wp-content\/uploads\/2024\/10\/Open-i_Bild1_ps.jpg\" alt=\"\" width=\"680\" height=\"453\" srcset=\"https:\/\/www.organisator.ch\/wp-content\/uploads\/2024\/10\/Open-i_Bild1_ps.jpg 680w, https:\/\/www.organisator.ch\/wp-content\/uploads\/2024\/10\/Open-i_Bild1_ps-18x12.jpg 18w, https:\/\/www.organisator.ch\/wp-content\/uploads\/2024\/10\/Open-i_Bild1_ps-375x250.jpg 375w, https:\/\/www.organisator.ch\/wp-content\/uploads\/2024\/10\/Open-i_Bild1_ps-525x350.jpg 525w\" sizes=\"auto, (max-width: 680px) 100vw, 680px\" \/><figcaption id=\"caption-attachment-30658\" class=\"wp-caption-text\">In addition to inspiring keynotes and deep-dive sessions, participants can look forward to interactive innovation labs, experience zones and the ETH Industry Day. (Image: www.open-i.swiss)<\/figcaption><\/figure>\n<p>Switzerland is regarded as a global leader in terms of innovative strength. To secure this status, it needs a platform that promotes exchange between different players. \"This is exactly where Open-i comes in: it brings together SMEs, start-ups, large corporations, investors and academic thought leaders. The aim is to initiate new collaborations and actively shape the future of the Swiss innovation landscape,\" says Corine Blesi, Managing Director, NZZ Connect.<\/p>\n<h3><strong>Speaker highlights <\/strong><\/h3>\n<p>Open-i will feature over 70 renowned speakers from Germany and abroad. Some of the most prominent names who will be sharing their valuable insights include:<\/p>\n<ul>\n<li><strong>Federal Councillor Guy Parmelin<\/strong>, Head of the Federal Department of Economic Affairs, Education and Research (EAER)<\/li>\n<li><strong>Thomas Zurbuchen<\/strong>Professor of Space Science and Technology and Director of ETH Zurich Space<\/li>\n<li><strong>Urs H\u00f6lzle<\/strong>Google Fellow, Google<\/li>\n<li><strong>Verena Pausder<\/strong>, Chairwoman of the Board, Startup Association Germany<\/li>\n<li><strong>Sami Atiya<\/strong>President of Robotics &amp; Discrete Automation Business Area, ABB Ltd<\/li>\n<li><strong>S\u00f8ren Mose<\/strong>, Chairman of the Board of Directors, Twint AG<\/li>\n<li><strong>Pascale Bruderer, <\/strong>Founder and Chairman of the Board of Directors, Swiss Stablecoin<\/li>\n<li><strong>Dominique Gruhl-B\u00e9gin<\/strong>, Director, Innosuisse<\/li>\n<\/ul>\n<h3><strong>ETH Industry Day as another program highlight <\/strong><\/h3>\n<p>In addition to other inspiring keynotes and deep-dive sessions, participants can look forward to interactive innovation labs, experience zones and the ETH Industry Day, which will be integrated into Open-i for the first time and thus made accessible to a broad audience. Participants will gain exclusive insights into the latest technological developments and research results and can network with up-and-coming spin-offs.<\/p>\n<p>Another highlight is the presentation ceremony for the 36th Swiss Technology Award, Switzerland's most important technology prize. It recognizes outstanding achievements by young technology companies and provides a platform for innovations that will shape the market of tomorrow.<\/p>\n<h3><strong>Networking at the highest level <\/strong><\/h3>\n<p>With over 1000 participants, consisting of leading minds from business and science as well as next-generation talents, Open-i offers ideal conditions for networking at the highest level. Thanks to personalized, AI-supported matchmaking in the event app, relevant contacts can be made and innovative partnerships created.<\/p>\n<p><em>Source: <a href=\"http:\/\/www.open-i.swiss\">www.open-i.swiss<\/a><\/em><\/p>","protected":false},"excerpt":{"rendered":"<p>On November 21 and 22, 2024, the Kongresshaus Zurich will open its doors for Open-i, the new NZZ innovation conference.  Under the motto \"Bringing Swiss Innovation to Life\", the conference brings together key players from business, science and politics.<\/p>","protected":false},"author":58,"featured_media":30658,"comment_status":"closed","ping_status":"closed","sticky":false,"template":"","format":"standard","meta":{"_acf_changed":false,"_yoast_wpseo_focuskw":"Open-i","_yoast_wpseo_metadesc":"Am 21. und 22. November 2024 \u00f6ffnet das Kongresshaus Z\u00fcrich seine T\u00fcren f\u00fcr Open-i, die neue Innovationskonferenz der NZZ.","articlekey":"","footnotes":""},"categories":[28],"tags":[274,3343,334,4619,492],"class_list":["post-30656","post","type-post","status-publish","format-standard","has-post-thumbnail","hentry","category-management","tag-innovation","tag-konferenz","tag-management","tag-open-i","tag-unternehmen"],"acf":[],"yoast_head":"<!-- This site is optimized with the Yoast SEO plugin v27.5 - https:\/\/yoast.com\/product\/yoast-seo-wordpress\/ -->\n<title>Open-i: Innovation auf h\u00f6chstem Niveau - Organisator<\/title>\n<meta name=\"description\" content=\"Am 21. und 22. November 2024 \u00f6ffnet das Kongresshaus Z\u00fcrich seine T\u00fcren f\u00fcr Open-i, die neue Innovationskonferenz der NZZ.\" \/>\n<meta name=\"robots\" content=\"index, follow, max-snippet:-1, max-image-preview:large, max-video-preview:-1\" \/>\n<link rel=\"canonical\" href=\"https:\/\/www.organisator.ch\/en\/management\/2024-10-14\/open-i-innovation-auf-hoechstem-niveau\/\" \/>\n<meta property=\"og:locale\" content=\"en_US\" \/>\n<meta property=\"og:type\" content=\"article\" \/>\n<meta property=\"og:title\" content=\"Open-i: Innovation auf h\u00f6chstem Niveau\" \/>\n<meta property=\"og:description\" content=\"Am 21. und 22. November 2024 \u00f6ffnet das Kongresshaus Z\u00fcrich seine T\u00fcren f\u00fcr Open-i, die neue Innovationskonferenz der NZZ.\" \/>\n<meta property=\"og:url\" content=\"https:\/\/www.organisator.ch\/en\/management\/2024-10-14\/open-i-innovation-auf-hoechstem-niveau\/\" \/>\n<meta property=\"og:site_name\" content=\"Organisator\" \/>\n<meta property=\"article:publisher\" content=\"https:\/\/www.facebook.com\/OrganisatorFachmagazin\" \/>\n<meta property=\"article:published_time\" content=\"2024-10-14T11:17:00+00:00\" \/>\n<meta property=\"og:image\" content=\"https:\/\/www.organisator.ch\/wp-content\/uploads\/2024\/10\/Open-i_Bild1_ps.jpg\" \/>\n\t<meta property=\"og:image:width\" content=\"680\" \/>\n\t<meta property=\"og:image:height\" content=\"453\" \/>\n\t<meta property=\"og:image:type\" content=\"image\/jpeg\" \/>\n<meta name=\"author\" content=\"Adelisa Kalajdzini\" \/>\n<meta name=\"twitter:card\" content=\"summary_large_image\" \/>\n<meta name=\"twitter:title\" content=\"Open-i: Innovation auf h\u00f6chstem Niveau\" \/>\n<meta name=\"twitter:description\" content=\"Am 21. und 22. November 2024 \u00f6ffnet das Kongresshaus Z\u00fcrich seine T\u00fcren f\u00fcr #Open-i, die neue #Innovationskonferenz der #NZZ.\" \/>\n<meta name=\"twitter:image\" content=\"https:\/\/www.organisator.ch\/wp-content\/uploads\/2024\/10\/Open-i_Bild1_ps.jpg\" \/>\n<script type=\"application\/ld+json\" class=\"yoast-schema-graph\">{\"@context\":\"https:\\\/\\\/schema.org\",\"@graph\":[{\"@type\":\"Article\",\"@id\":\"https:\\\/\\\/www.organisator.ch\\\/management\\\/2024-10-14\\\/open-i-innovation-auf-hoechstem-niveau\\\/#article\",\"isPartOf\":{\"@id\":\"https:\\\/\\\/www.organisator.ch\\\/management\\\/2024-10-14\\\/open-i-innovation-auf-hoechstem-niveau\\\/\"},\"author\":{\"name\":\"Adelisa Kalajdzini\",\"@id\":\"https:\\\/\\\/www.organisator.ch\\\/#\\\/schema\\\/person\\\/2e1314a2172123f874db408d8911d3f3\"},\"headline\":\"Open-i: Innovation auf h\u00f6chstem Niveau\",\"datePublished\":\"2024-10-14T11:17:00+00:00\",\"mainEntityOfPage\":{\"@id\":\"https:\\\/\\\/www.organisator.ch\\\/management\\\/2024-10-14\\\/open-i-innovation-auf-hoechstem-niveau\\\/\"},\"wordCount\":358,\"publisher\":{\"@id\":\"https:\\\/\\\/www.organisator.ch\\\/#organization\"},\"image\":{\"@id\":\"https:\\\/\\\/www.organisator.ch\\\/management\\\/2024-10-14\\\/open-i-innovation-auf-hoechstem-niveau\\\/#primaryimage\"},\"thumbnailUrl\":\"https:\\\/\\\/www.organisator.ch\\\/wp-content\\\/uploads\\\/2024\\\/10\\\/Open-i_Bild1_ps.jpg\",\"keywords\":[\"Innovation\",\"Konferenz\",\"Management\",\"Open-i\",\"Unternehmen\"],\"articleSection\":[\"MANAGEMENT\"],\"inLanguage\":\"en-US\"},{\"@type\":\"WebPage\",\"@id\":\"https:\\\/\\\/www.organisator.ch\\\/management\\\/2024-10-14\\\/open-i-innovation-auf-hoechstem-niveau\\\/\",\"url\":\"https:\\\/\\\/www.organisator.ch\\\/management\\\/2024-10-14\\\/open-i-innovation-auf-hoechstem-niveau\\\/\",\"name\":\"Open-i: Innovation auf h\u00f6chstem Niveau - Organisator\",\"isPartOf\":{\"@id\":\"https:\\\/\\\/www.organisator.ch\\\/#website\"},\"primaryImageOfPage\":{\"@id\":\"https:\\\/\\\/www.organisator.ch\\\/management\\\/2024-10-14\\\/open-i-innovation-auf-hoechstem-niveau\\\/#primaryimage\"},\"image\":{\"@id\":\"https:\\\/\\\/www.organisator.ch\\\/management\\\/2024-10-14\\\/open-i-innovation-auf-hoechstem-niveau\\\/#primaryimage\"},\"thumbnailUrl\":\"https:\\\/\\\/www.organisator.ch\\\/wp-content\\\/uploads\\\/2024\\\/10\\\/Open-i_Bild1_ps.jpg\",\"datePublished\":\"2024-10-14T11:17:00+00:00\",\"description\":\"Am 21. und 22. November 2024 \u00f6ffnet das Kongresshaus Z\u00fcrich seine T\u00fcren f\u00fcr Open-i, die neue Innovationskonferenz der NZZ.\",\"breadcrumb\":{\"@id\":\"https:\\\/\\\/www.organisator.ch\\\/management\\\/2024-10-14\\\/open-i-innovation-auf-hoechstem-niveau\\\/#breadcrumb\"},\"inLanguage\":\"en-US\",\"potentialAction\":[{\"@type\":\"ReadAction\",\"target\":[\"https:\\\/\\\/www.organisator.ch\\\/management\\\/2024-10-14\\\/open-i-innovation-auf-hoechstem-niveau\\\/\"]}]},{\"@type\":\"ImageObject\",\"inLanguage\":\"en-US\",\"@id\":\"https:\\\/\\\/www.organisator.ch\\\/management\\\/2024-10-14\\\/open-i-innovation-auf-hoechstem-niveau\\\/#primaryimage\",\"url\":\"https:\\\/\\\/www.organisator.ch\\\/wp-content\\\/uploads\\\/2024\\\/10\\\/Open-i_Bild1_ps.jpg\",\"contentUrl\":\"https:\\\/\\\/www.organisator.ch\\\/wp-content\\\/uploads\\\/2024\\\/10\\\/Open-i_Bild1_ps.jpg\",\"width\":680,\"height\":453,\"caption\":\"Neben den inspirierenden Keynotes und Deep-Dive Sessions erwarten die Teilnehmenden interaktive Innovation Labs, Erlebniszonen und der ETH Industry Day. (Bild: www.open-i.swiss)\"},{\"@type\":\"BreadcrumbList\",\"@id\":\"https:\\\/\\\/www.organisator.ch\\\/management\\\/2024-10-14\\\/open-i-innovation-auf-hoechstem-niveau\\\/#breadcrumb\",\"itemListElement\":[{\"@type\":\"ListItem\",\"position\":1,\"name\":\"Home\",\"item\":\"https:\\\/\\\/www.organisator.ch\\\/\"},{\"@type\":\"ListItem\",\"position\":2,\"name\":\"Open-i: Innovation auf h\u00f6chstem Niveau\"}]},{\"@type\":\"WebSite\",\"@id\":\"https:\\\/\\\/www.organisator.ch\\\/#website\",\"url\":\"https:\\\/\\\/www.organisator.ch\\\/\",\"name\":\"Organisator\",\"description\":\"Kompetent. Praxisnah. Der ORGANISATOR bereitet in 10 Ausgaben pro Jahr die wesentlichen Themen f\u00fcr F\u00fchrungskr\u00e4fte von KMU auf.\",\"publisher\":{\"@id\":\"https:\\\/\\\/www.organisator.ch\\\/#organization\"},\"potentialAction\":[{\"@type\":\"SearchAction\",\"target\":{\"@type\":\"EntryPoint\",\"urlTemplate\":\"https:\\\/\\\/www.organisator.ch\\\/?s={search_term_string}\"},\"query-input\":{\"@type\":\"PropertyValueSpecification\",\"valueRequired\":true,\"valueName\":\"search_term_string\"}}],\"inLanguage\":\"en-US\"},{\"@type\":\"Organization\",\"@id\":\"https:\\\/\\\/www.organisator.ch\\\/#organization\",\"name\":\"Organisator\",\"url\":\"https:\\\/\\\/www.organisator.ch\\\/\",\"logo\":{\"@type\":\"ImageObject\",\"inLanguage\":\"en-US\",\"@id\":\"https:\\\/\\\/www.organisator.ch\\\/#\\\/schema\\\/logo\\\/image\\\/\",\"url\":\"https:\\\/\\\/www.organisator.ch\\\/wp-content\\\/uploads\\\/2022\\\/01\\\/Logo_Organisator_Website.png\",\"contentUrl\":\"https:\\\/\\\/www.organisator.ch\\\/wp-content\\\/uploads\\\/2022\\\/01\\\/Logo_Organisator_Website.png\",\"width\":800,\"height\":77,\"caption\":\"Organisator\"},\"image\":{\"@id\":\"https:\\\/\\\/www.organisator.ch\\\/#\\\/schema\\\/logo\\\/image\\\/\"},\"sameAs\":[\"https:\\\/\\\/www.facebook.com\\\/OrganisatorFachmagazin\",\"https:\\\/\\\/www.linkedin.com\\\/showcase\\\/organisator-das-magazin-fr-kmu\",\"https:\\\/\\\/www.xing.com\\\/news\\\/pages\\\/organisator-ch-695\",\"https:\\\/\\\/www.youtube.com\\\/channel\\\/UCGP2Sq0iWaZwT3BdIAQFYpw\"]},{\"@type\":\"Person\",\"@id\":\"https:\\\/\\\/www.organisator.ch\\\/#\\\/schema\\\/person\\\/2e1314a2172123f874db408d8911d3f3\",\"name\":\"Adelisa Kalajdzini\",\"image\":{\"@type\":\"ImageObject\",\"inLanguage\":\"en-US\",\"@id\":\"https:\\\/\\\/secure.gravatar.com\\\/avatar\\\/09a397c22ac58cad6f160ee8306348599df9df58a8ede73696226897b9fa4b24?s=96&d=mm&r=g\",\"url\":\"https:\\\/\\\/secure.gravatar.com\\\/avatar\\\/09a397c22ac58cad6f160ee8306348599df9df58a8ede73696226897b9fa4b24?s=96&d=mm&r=g\",\"contentUrl\":\"https:\\\/\\\/secure.gravatar.com\\\/avatar\\\/09a397c22ac58cad6f160ee8306348599df9df58a8ede73696226897b9fa4b24?s=96&d=mm&r=g\",\"caption\":\"Adelisa Kalajdzini\"},\"url\":\"https:\\\/\\\/www.organisator.ch\\\/en\\\/author\\\/adelisa-kalajdzini\\\/\"}]}<\/script>\n<!-- \/ Yoast SEO plugin. -->","yoast_head_json":{"title":"Open-i: Innovation at the highest level - Organizer","description":"On November 21 and 22, 2024, the Kongresshaus Zurich will open its doors for Open-i, the new NZZ innovation conference.","robots":{"index":"index","follow":"follow","max-snippet":"max-snippet:-1","max-image-preview":"max-image-preview:large","max-video-preview":"max-video-preview:-1"},"canonical":"https:\/\/www.organisator.ch\/en\/management\/2024-10-14\/open-i-innovation-auf-hoechstem-niveau\/","og_locale":"en_US","og_type":"article","og_title":"Open-i: Innovation auf h\u00f6chstem Niveau","og_description":"Am 21. und 22. November 2024 \u00f6ffnet das Kongresshaus Z\u00fcrich seine T\u00fcren f\u00fcr Open-i, die neue Innovationskonferenz der NZZ.","og_url":"https:\/\/www.organisator.ch\/en\/management\/2024-10-14\/open-i-innovation-auf-hoechstem-niveau\/","og_site_name":"Organisator","article_publisher":"https:\/\/www.facebook.com\/OrganisatorFachmagazin","article_published_time":"2024-10-14T11:17:00+00:00","og_image":[{"width":680,"height":453,"url":"https:\/\/www.organisator.ch\/wp-content\/uploads\/2024\/10\/Open-i_Bild1_ps.jpg","type":"image\/jpeg"}],"author":"Adelisa Kalajdzini","twitter_card":"summary_large_image","twitter_title":"Open-i: Innovation auf h\u00f6chstem Niveau","twitter_description":"Am 21. und 22. November 2024 \u00f6ffnet das Kongresshaus Z\u00fcrich seine T\u00fcren f\u00fcr #Open-i, die neue #Innovationskonferenz der #NZZ.","twitter_image":"https:\/\/www.organisator.ch\/wp-content\/uploads\/2024\/10\/Open-i_Bild1_ps.jpg","schema":{"@context":"https:\/\/schema.org","@graph":[{"@type":"Article","@id":"https:\/\/www.organisator.ch\/management\/2024-10-14\/open-i-innovation-auf-hoechstem-niveau\/#article","isPartOf":{"@id":"https:\/\/www.organisator.ch\/management\/2024-10-14\/open-i-innovation-auf-hoechstem-niveau\/"},"author":{"name":"Adelisa Kalajdzini","@id":"https:\/\/www.organisator.ch\/#\/schema\/person\/2e1314a2172123f874db408d8911d3f3"},"headline":"Open-i: Innovation auf h\u00f6chstem Niveau","datePublished":"2024-10-14T11:17:00+00:00","mainEntityOfPage":{"@id":"https:\/\/www.organisator.ch\/management\/2024-10-14\/open-i-innovation-auf-hoechstem-niveau\/"},"wordCount":358,"publisher":{"@id":"https:\/\/www.organisator.ch\/#organization"},"image":{"@id":"https:\/\/www.organisator.ch\/management\/2024-10-14\/open-i-innovation-auf-hoechstem-niveau\/#primaryimage"},"thumbnailUrl":"https:\/\/www.organisator.ch\/wp-content\/uploads\/2024\/10\/Open-i_Bild1_ps.jpg","keywords":["Innovation","Konferenz","Management","Open-i","Unternehmen"],"articleSection":["MANAGEMENT"],"inLanguage":"en-US"},{"@type":"WebPage","@id":"https:\/\/www.organisator.ch\/management\/2024-10-14\/open-i-innovation-auf-hoechstem-niveau\/","url":"https:\/\/www.organisator.ch\/management\/2024-10-14\/open-i-innovation-auf-hoechstem-niveau\/","name":"Open-i: Innovation at the highest level - Organizer","isPartOf":{"@id":"https:\/\/www.organisator.ch\/#website"},"primaryImageOfPage":{"@id":"https:\/\/www.organisator.ch\/management\/2024-10-14\/open-i-innovation-auf-hoechstem-niveau\/#primaryimage"},"image":{"@id":"https:\/\/www.organisator.ch\/management\/2024-10-14\/open-i-innovation-auf-hoechstem-niveau\/#primaryimage"},"thumbnailUrl":"https:\/\/www.organisator.ch\/wp-content\/uploads\/2024\/10\/Open-i_Bild1_ps.jpg","datePublished":"2024-10-14T11:17:00+00:00","description":"On November 21 and 22, 2024, the Kongresshaus Zurich will open its doors for Open-i, the new NZZ innovation conference.","breadcrumb":{"@id":"https:\/\/www.organisator.ch\/management\/2024-10-14\/open-i-innovation-auf-hoechstem-niveau\/#breadcrumb"},"inLanguage":"en-US","potentialAction":[{"@type":"ReadAction","target":["https:\/\/www.organisator.ch\/management\/2024-10-14\/open-i-innovation-auf-hoechstem-niveau\/"]}]},{"@type":"ImageObject","inLanguage":"en-US","@id":"https:\/\/www.organisator.ch\/management\/2024-10-14\/open-i-innovation-auf-hoechstem-niveau\/#primaryimage","url":"https:\/\/www.organisator.ch\/wp-content\/uploads\/2024\/10\/Open-i_Bild1_ps.jpg","contentUrl":"https:\/\/www.organisator.ch\/wp-content\/uploads\/2024\/10\/Open-i_Bild1_ps.jpg","width":680,"height":453,"caption":"Neben den inspirierenden Keynotes und Deep-Dive Sessions erwarten die Teilnehmenden interaktive Innovation Labs, Erlebniszonen und der ETH Industry Day. (Bild: www.open-i.swiss)"},{"@type":"BreadcrumbList","@id":"https:\/\/www.organisator.ch\/management\/2024-10-14\/open-i-innovation-auf-hoechstem-niveau\/#breadcrumb","itemListElement":[{"@type":"ListItem","position":1,"name":"Home","item":"https:\/\/www.organisator.ch\/"},{"@type":"ListItem","position":2,"name":"Open-i: Innovation auf h\u00f6chstem Niveau"}]},{"@type":"WebSite","@id":"https:\/\/www.organisator.ch\/#website","url":"https:\/\/www.organisator.ch\/","name":"Organizer","description":"Competent. Practical. In 10 issues per year, ORGANISATOR presents the essential topics for managers of SMEs.","publisher":{"@id":"https:\/\/www.organisator.ch\/#organization"},"potentialAction":[{"@type":"SearchAction","target":{"@type":"EntryPoint","urlTemplate":"https:\/\/www.organisator.ch\/?s={search_term_string}"},"query-input":{"@type":"PropertyValueSpecification","valueRequired":true,"valueName":"search_term_string"}}],"inLanguage":"en-US"},{"@type":"Organization","@id":"https:\/\/www.organisator.ch\/#organization","name":"Organizer","url":"https:\/\/www.organisator.ch\/","logo":{"@type":"ImageObject","inLanguage":"en-US","@id":"https:\/\/www.organisator.ch\/#\/schema\/logo\/image\/","url":"https:\/\/www.organisator.ch\/wp-content\/uploads\/2022\/01\/Logo_Organisator_Website.png","contentUrl":"https:\/\/www.organisator.ch\/wp-content\/uploads\/2022\/01\/Logo_Organisator_Website.png","width":800,"height":77,"caption":"Organisator"},"image":{"@id":"https:\/\/www.organisator.ch\/#\/schema\/logo\/image\/"},"sameAs":["https:\/\/www.facebook.com\/OrganisatorFachmagazin","https:\/\/www.linkedin.com\/showcase\/organisator-das-magazin-fr-kmu","https:\/\/www.xing.com\/news\/pages\/organisator-ch-695","https:\/\/www.youtube.com\/channel\/UCGP2Sq0iWaZwT3BdIAQFYpw"]},{"@type":"Person","@id":"https:\/\/www.organisator.ch\/#\/schema\/person\/2e1314a2172123f874db408d8911d3f3","name":"Adelisa Kalajdzini","image":{"@type":"ImageObject","inLanguage":"en-US","@id":"https:\/\/secure.gravatar.com\/avatar\/09a397c22ac58cad6f160ee8306348599df9df58a8ede73696226897b9fa4b24?s=96&d=mm&r=g","url":"https:\/\/secure.gravatar.com\/avatar\/09a397c22ac58cad6f160ee8306348599df9df58a8ede73696226897b9fa4b24?s=96&d=mm&r=g","contentUrl":"https:\/\/secure.gravatar.com\/avatar\/09a397c22ac58cad6f160ee8306348599df9df58a8ede73696226897b9fa4b24?s=96&d=mm&r=g","caption":"Adelisa Kalajdzini"},"url":"https:\/\/www.organisator.ch\/en\/author\/adelisa-kalajdzini\/"}]}},"_links":{"self":[{"href":"https:\/\/www.organisator.ch\/en\/wp-json\/wp\/v2\/posts\/30656","targetHints":{"allow":["GET"]}}],"collection":[{"href":"https:\/\/www.organisator.ch\/en\/wp-json\/wp\/v2\/posts"}],"about":[{"href":"https:\/\/www.organisator.ch\/en\/wp-json\/wp\/v2\/types\/post"}],"author":[{"embeddable":true,"href":"https:\/\/www.organisator.ch\/en\/wp-json\/wp\/v2\/users\/58"}],"replies":[{"embeddable":true,"href":"https:\/\/www.organisator.ch\/en\/wp-json\/wp\/v2\/comments?post=30656"}],"version-history":[{"count":4,"href":"https:\/\/www.organisator.ch\/en\/wp-json\/wp\/v2\/posts\/30656\/revisions"}],"predecessor-version":[{"id":30722,"href":"https:\/\/www.organisator.ch\/en\/wp-json\/wp\/v2\/posts\/30656\/revisions\/30722"}],"wp:featuredmedia":[{"embeddable":true,"href":"https:\/\/www.organisator.ch\/en\/wp-json\/wp\/v2\/media\/30658"}],"wp:attachment":[{"href":"https:\/\/www.organisator.ch\/en\/wp-json\/wp\/v2\/media?parent=30656"}],"wp:term":[{"taxonomy":"category","embeddable":true,"href":"https:\/\/www.organisator.ch\/en\/wp-json\/wp\/v2\/categories?post=30656"},{"taxonomy":"post_tag","embeddable":true,"href":"https:\/\/www.organisator.ch\/en\/wp-json\/wp\/v2\/tags?post=30656"}],"curies":[{"name":"wp","href":"https:\/\/api.w.org\/{rel}","templated":true}]}}