{"id":30706,"date":"2024-10-23T10:30:40","date_gmt":"2024-10-23T08:30:40","guid":{"rendered":"https:\/\/www.organisator.ch\/?p=30706"},"modified":"2024-10-25T07:12:54","modified_gmt":"2024-10-25T05:12:54","slug":"prix-svc-wirtschaftsraum-zuerich-2024-hauenstein-ag","status":"publish","type":"post","link":"https:\/\/www.organisator.ch\/en\/management\/2024-10-23\/prix-svc-wirtschaftsraum-zuerich-2024-hauenstein-ag\/","title":{"rendered":"Prix SVC Economic Area Zurich 2024: Hauenstein AG"},"content":{"rendered":"<figure id=\"attachment_30707\" aria-describedby=\"caption-attachment-30707\" style=\"width: 680px\" class=\"wp-caption alignnone\"><img loading=\"lazy\" decoding=\"async\" class=\"size-full wp-image-30707\" src=\"https:\/\/www.organisator.ch\/wp-content\/uploads\/2024\/10\/Hauenstein-AG_Bild1_ps.jpg\" alt=\"\" width=\"680\" height=\"510\" srcset=\"https:\/\/www.organisator.ch\/wp-content\/uploads\/2024\/10\/Hauenstein-AG_Bild1_ps.jpg 680w, https:\/\/www.organisator.ch\/wp-content\/uploads\/2024\/10\/Hauenstein-AG_Bild1_ps-16x12.jpg 16w, https:\/\/www.organisator.ch\/wp-content\/uploads\/2024\/10\/Hauenstein-AG_Bild1_ps-375x281.jpg 375w, https:\/\/www.organisator.ch\/wp-content\/uploads\/2024\/10\/Hauenstein-AG_Bild1_ps-467x350.jpg 467w\" sizes=\"auto, (max-width: 680px) 100vw, 680px\" \/><figcaption id=\"caption-attachment-30707\" class=\"wp-caption-text\">Sustainability has always been firmly anchored in the corporate philosophy of Hauenstein AG. (Image: Hauenstein AG \/ www.hauenstein-rafz.ch)<\/figcaption><\/figure>\n<p>Hauenstein AG, based in Rafz ZH, is one of the leading tree nurseries and garden centers in Switzerland. Founded in 1890 by Walter Hauenstein, the family business has made a name for itself over 130 years by specializing in the production of hardy plants. With around 180 employees, Hauenstein AG now operates a tree nursery in Rafz and four garden centers in Rafz, Zurich, Baar and Winterthur. Under the leadership of Rainer Marxsen, who has been in charge of operational management since 2013, the company focuses on tradition, sustainability and innovation.<\/p>\n<h3>Pioneer in the \"green sector\"<\/h3>\n<p>What began in 1890 as a small tree nursery on nine acres of land quickly developed into one of the leading companies in the Swiss horticultural industry. In 1960, the company was transformed into a public limited company and in the same year, Hauenstein opened Switzerland's first garden center in Zurich. This laid the foundations for the company's current success.<\/p>\n<p>Another milestone in the company's history was the expansion of the show garden in Rafz in 2013 and the opening of the Botanica restaurant, which revolutionized the shopping experience for customers. In the same year, Hauenstein AG received the Taspo Award as the best company-run garden center in Europe - proof of its innovative strength and commitment to the highest quality.<\/p>\n<h3>Sustainability as a cornerstone<\/h3>\n<p>Sustainability has always been firmly anchored in the corporate philosophy of Hauenstein AG. Around 75 % of the plants on offer come from the company's own production of native, hardy plants that are certified with the \"Suisse Garantie\" label. The plant cultures have been irrigated with Rhine water since 1979. This is an environmentally friendly system that completely avoids the use of drinking water. In addition, Hauenstein AG has not used peat in container plant production since 2002 and instead relies on plant strengthening agents instead of chemical pesticides.<\/p>\n<p>The new pot hall in Flaach, which is equipped with a photovoltaic system, was completed in April 2024. The majority of the electricity generated is used in production, in the social areas and for charging electric vehicles, while surplus energy is fed into the public grid. This represents a further step towards a sustainable energy supply.<\/p>\n<h3><strong>Commitment to the common good<\/strong><\/h3>\n<p>Every year, the company supports charitable projects that are in line with its corporate values. In 2023, for example, the \"Hortipharr\" project in C\u00f4te d'Ivoire was supported for the fourth time, creating local jobs and promoting agricultural development - a sign of the company's long-term social commitment.<\/p>\n<p><em>More information: <a href=\"https:\/\/www.hauenstein-rafz.ch\/de\/\">www.hauenstein-rafz.ch<\/a> \/ <a href=\"https:\/\/svc.swiss\/de\">www.svc.swiss<\/a><\/em><\/p>\n<blockquote>\n<h3>Prix SVC Economic Area Zurich 2024<\/h3>\n<p>The award ceremony will take place on Tuesday, November 26, 2024, at the Kongresshaus Zurich. Around 1,500 guests from the worlds of business, science, politics and culture are expected to attend. The award ceremony will be hosted by Nik Hartmann. <a href=\"https:\/\/svc.swiss\/sites\/default\/files\/2024-09\/svc_leporello_a5_wrzh_online.pdf\">More information<\/a>.<\/p>\n<\/blockquote>\n<p>&nbsp;<\/p>","protected":false},"excerpt":{"rendered":"<p>The Prix SVC Zurich Economic Area will be awarded on November 26, 2024. Five companies are in the final, one of which is Hauenstein AG from Rafz ZH. A brief portrait of this traditional and innovative company in the \"green sector\".<\/p>","protected":false},"author":80,"featured_media":30707,"comment_status":"closed","ping_status":"closed","sticky":false,"template":"","format":"standard","meta":{"_acf_changed":false,"_yoast_wpseo_focuskw":"Hauenstein AG","_yoast_wpseo_metadesc":"Am 26. November 2024 wird der Prix SVC Wirtschaftsraum Z\u00fcrich verliehen. Mit im Final: Die Hauenstein AG aus Rafz ZH.","articlekey":"","footnotes":""},"categories":[28],"tags":[66,1787,392,424,492],"class_list":["post-30706","post","type-post","status-publish","format-standard","has-post-thumbnail","hentry","category-management","tag-awards","tag-nachhaltigkeit","tag-prix-svc-wirtschaftsraum-zuerich","tag-schweiz","tag-unternehmen"],"acf":[],"yoast_head":"<!-- This site is optimized with the Yoast SEO plugin v27.5 - https:\/\/yoast.com\/product\/yoast-seo-wordpress\/ -->\n<title>Prix SVC Wirtschaftsraum Z\u00fcrich 2024: Hauenstein AG - Organisator<\/title>\n<meta name=\"description\" content=\"Am 26. November 2024 wird der Prix SVC Wirtschaftsraum Z\u00fcrich verliehen. Mit im Final: Die Hauenstein AG aus Rafz ZH.\" \/>\n<meta name=\"robots\" content=\"index, follow, max-snippet:-1, max-image-preview:large, max-video-preview:-1\" \/>\n<link rel=\"canonical\" href=\"https:\/\/www.organisator.ch\/en\/management\/2024-10-23\/prix-svc-wirtschaftsraum-zuerich-2024-hauenstein-ag\/\" \/>\n<meta property=\"og:locale\" content=\"en_US\" \/>\n<meta property=\"og:type\" content=\"article\" \/>\n<meta property=\"og:title\" content=\"Prix SVC Wirtschaftsraum Z\u00fcrich 2024: Hauenstein AG\" \/>\n<meta property=\"og:description\" content=\"Am 26. November 2024 wird der Prix SVC Wirtschaftsraum Z\u00fcrich verliehen. Mit im Final: Die Hauenstein AG aus Rafz ZH.\" \/>\n<meta property=\"og:url\" content=\"https:\/\/www.organisator.ch\/en\/management\/2024-10-23\/prix-svc-wirtschaftsraum-zuerich-2024-hauenstein-ag\/\" \/>\n<meta property=\"og:site_name\" content=\"Organisator\" \/>\n<meta property=\"article:publisher\" content=\"https:\/\/www.facebook.com\/OrganisatorFachmagazin\" \/>\n<meta property=\"article:published_time\" content=\"2024-10-23T08:30:40+00:00\" \/>\n<meta property=\"article:modified_time\" content=\"2024-10-25T05:12:54+00:00\" \/>\n<meta property=\"og:image\" content=\"https:\/\/www.organisator.ch\/wp-content\/uploads\/2024\/10\/Hauenstein-AG_Bild1_ps.jpg\" \/>\n\t<meta property=\"og:image:width\" content=\"680\" \/>\n\t<meta property=\"og:image:height\" content=\"510\" \/>\n\t<meta property=\"og:image:type\" content=\"image\/jpeg\" \/>\n<meta name=\"author\" content=\"Dzana Muminovic\" \/>\n<meta name=\"twitter:card\" content=\"summary_large_image\" \/>\n<meta name=\"twitter:title\" content=\"Prix SVC Wirtschaftsraum Z\u00fcrich 2024: Hauenstein AG\" \/>\n<meta name=\"twitter:description\" content=\"Am 26. November 2024 wird der #Prix #SVC #Wirtschaftsraum #Z\u00fcrich verliehen. Mit im #Final: Die #Hauenstein AG aus #Rafz ZH.\" \/>\n<meta name=\"twitter:image\" content=\"https:\/\/www.organisator.ch\/wp-content\/uploads\/2024\/10\/Hauenstein-AG_Bild1_ps.jpg\" \/>\n<script type=\"application\/ld+json\" class=\"yoast-schema-graph\">{\"@context\":\"https:\\\/\\\/schema.org\",\"@graph\":[{\"@type\":\"Article\",\"@id\":\"https:\\\/\\\/www.organisator.ch\\\/management\\\/2024-10-23\\\/prix-svc-wirtschaftsraum-zuerich-2024-hauenstein-ag\\\/#article\",\"isPartOf\":{\"@id\":\"https:\\\/\\\/www.organisator.ch\\\/management\\\/2024-10-23\\\/prix-svc-wirtschaftsraum-zuerich-2024-hauenstein-ag\\\/\"},\"author\":{\"name\":\"Dzana Muminovic\",\"@id\":\"https:\\\/\\\/www.organisator.ch\\\/#\\\/schema\\\/person\\\/afccda3a71c06d4be2ed9100dd163db7\"},\"headline\":\"Prix SVC Wirtschaftsraum Z\u00fcrich 2024: Hauenstein AG\",\"datePublished\":\"2024-10-23T08:30:40+00:00\",\"dateModified\":\"2024-10-25T05:12:54+00:00\",\"mainEntityOfPage\":{\"@id\":\"https:\\\/\\\/www.organisator.ch\\\/management\\\/2024-10-23\\\/prix-svc-wirtschaftsraum-zuerich-2024-hauenstein-ag\\\/\"},\"wordCount\":473,\"publisher\":{\"@id\":\"https:\\\/\\\/www.organisator.ch\\\/#organization\"},\"image\":{\"@id\":\"https:\\\/\\\/www.organisator.ch\\\/management\\\/2024-10-23\\\/prix-svc-wirtschaftsraum-zuerich-2024-hauenstein-ag\\\/#primaryimage\"},\"thumbnailUrl\":\"https:\\\/\\\/www.organisator.ch\\\/wp-content\\\/uploads\\\/2024\\\/10\\\/Hauenstein-AG_Bild1_ps.jpg\",\"keywords\":[\"Awards\",\"Nachhaltigkeit\",\"Prix SVC Wirtschaftsraum Z\u00fcrich\",\"Schweiz\",\"Unternehmen\"],\"articleSection\":[\"MANAGEMENT\"],\"inLanguage\":\"en-US\"},{\"@type\":\"WebPage\",\"@id\":\"https:\\\/\\\/www.organisator.ch\\\/management\\\/2024-10-23\\\/prix-svc-wirtschaftsraum-zuerich-2024-hauenstein-ag\\\/\",\"url\":\"https:\\\/\\\/www.organisator.ch\\\/management\\\/2024-10-23\\\/prix-svc-wirtschaftsraum-zuerich-2024-hauenstein-ag\\\/\",\"name\":\"Prix SVC Wirtschaftsraum Z\u00fcrich 2024: Hauenstein AG - Organisator\",\"isPartOf\":{\"@id\":\"https:\\\/\\\/www.organisator.ch\\\/#website\"},\"primaryImageOfPage\":{\"@id\":\"https:\\\/\\\/www.organisator.ch\\\/management\\\/2024-10-23\\\/prix-svc-wirtschaftsraum-zuerich-2024-hauenstein-ag\\\/#primaryimage\"},\"image\":{\"@id\":\"https:\\\/\\\/www.organisator.ch\\\/management\\\/2024-10-23\\\/prix-svc-wirtschaftsraum-zuerich-2024-hauenstein-ag\\\/#primaryimage\"},\"thumbnailUrl\":\"https:\\\/\\\/www.organisator.ch\\\/wp-content\\\/uploads\\\/2024\\\/10\\\/Hauenstein-AG_Bild1_ps.jpg\",\"datePublished\":\"2024-10-23T08:30:40+00:00\",\"dateModified\":\"2024-10-25T05:12:54+00:00\",\"description\":\"Am 26. November 2024 wird der Prix SVC Wirtschaftsraum Z\u00fcrich verliehen. Mit im Final: Die Hauenstein AG aus Rafz ZH.\",\"breadcrumb\":{\"@id\":\"https:\\\/\\\/www.organisator.ch\\\/management\\\/2024-10-23\\\/prix-svc-wirtschaftsraum-zuerich-2024-hauenstein-ag\\\/#breadcrumb\"},\"inLanguage\":\"en-US\",\"potentialAction\":[{\"@type\":\"ReadAction\",\"target\":[\"https:\\\/\\\/www.organisator.ch\\\/management\\\/2024-10-23\\\/prix-svc-wirtschaftsraum-zuerich-2024-hauenstein-ag\\\/\"]}]},{\"@type\":\"ImageObject\",\"inLanguage\":\"en-US\",\"@id\":\"https:\\\/\\\/www.organisator.ch\\\/management\\\/2024-10-23\\\/prix-svc-wirtschaftsraum-zuerich-2024-hauenstein-ag\\\/#primaryimage\",\"url\":\"https:\\\/\\\/www.organisator.ch\\\/wp-content\\\/uploads\\\/2024\\\/10\\\/Hauenstein-AG_Bild1_ps.jpg\",\"contentUrl\":\"https:\\\/\\\/www.organisator.ch\\\/wp-content\\\/uploads\\\/2024\\\/10\\\/Hauenstein-AG_Bild1_ps.jpg\",\"width\":680,\"height\":510,\"caption\":\"Nachhaltigkeit ist seit jeher fest in der Unternehmensphilosophie der Hauenstein AG verankert. (Bild: Hauenstein AG \\\/ www.hauenstein-rafz.ch)\"},{\"@type\":\"BreadcrumbList\",\"@id\":\"https:\\\/\\\/www.organisator.ch\\\/management\\\/2024-10-23\\\/prix-svc-wirtschaftsraum-zuerich-2024-hauenstein-ag\\\/#breadcrumb\",\"itemListElement\":[{\"@type\":\"ListItem\",\"position\":1,\"name\":\"Home\",\"item\":\"https:\\\/\\\/www.organisator.ch\\\/\"},{\"@type\":\"ListItem\",\"position\":2,\"name\":\"Prix SVC Wirtschaftsraum Z\u00fcrich 2024: Hauenstein AG\"}]},{\"@type\":\"WebSite\",\"@id\":\"https:\\\/\\\/www.organisator.ch\\\/#website\",\"url\":\"https:\\\/\\\/www.organisator.ch\\\/\",\"name\":\"Organisator\",\"description\":\"Kompetent. Praxisnah. Der ORGANISATOR bereitet in 10 Ausgaben pro Jahr die wesentlichen Themen f\u00fcr F\u00fchrungskr\u00e4fte von KMU auf.\",\"publisher\":{\"@id\":\"https:\\\/\\\/www.organisator.ch\\\/#organization\"},\"potentialAction\":[{\"@type\":\"SearchAction\",\"target\":{\"@type\":\"EntryPoint\",\"urlTemplate\":\"https:\\\/\\\/www.organisator.ch\\\/?s={search_term_string}\"},\"query-input\":{\"@type\":\"PropertyValueSpecification\",\"valueRequired\":true,\"valueName\":\"search_term_string\"}}],\"inLanguage\":\"en-US\"},{\"@type\":\"Organization\",\"@id\":\"https:\\\/\\\/www.organisator.ch\\\/#organization\",\"name\":\"Organisator\",\"url\":\"https:\\\/\\\/www.organisator.ch\\\/\",\"logo\":{\"@type\":\"ImageObject\",\"inLanguage\":\"en-US\",\"@id\":\"https:\\\/\\\/www.organisator.ch\\\/#\\\/schema\\\/logo\\\/image\\\/\",\"url\":\"https:\\\/\\\/www.organisator.ch\\\/wp-content\\\/uploads\\\/2022\\\/01\\\/Logo_Organisator_Website.png\",\"contentUrl\":\"https:\\\/\\\/www.organisator.ch\\\/wp-content\\\/uploads\\\/2022\\\/01\\\/Logo_Organisator_Website.png\",\"width\":800,\"height\":77,\"caption\":\"Organisator\"},\"image\":{\"@id\":\"https:\\\/\\\/www.organisator.ch\\\/#\\\/schema\\\/logo\\\/image\\\/\"},\"sameAs\":[\"https:\\\/\\\/www.facebook.com\\\/OrganisatorFachmagazin\",\"https:\\\/\\\/www.linkedin.com\\\/showcase\\\/organisator-das-magazin-fr-kmu\",\"https:\\\/\\\/www.xing.com\\\/news\\\/pages\\\/organisator-ch-695\",\"https:\\\/\\\/www.youtube.com\\\/channel\\\/UCGP2Sq0iWaZwT3BdIAQFYpw\"]},{\"@type\":\"Person\",\"@id\":\"https:\\\/\\\/www.organisator.ch\\\/#\\\/schema\\\/person\\\/afccda3a71c06d4be2ed9100dd163db7\",\"name\":\"Dzana Muminovic\",\"image\":{\"@type\":\"ImageObject\",\"inLanguage\":\"en-US\",\"@id\":\"https:\\\/\\\/secure.gravatar.com\\\/avatar\\\/909c5c71aff4b38e88686f2ab2f1ba152571f394f41ed8bae431ea56ced93050?s=96&d=mm&r=g\",\"url\":\"https:\\\/\\\/secure.gravatar.com\\\/avatar\\\/909c5c71aff4b38e88686f2ab2f1ba152571f394f41ed8bae431ea56ced93050?s=96&d=mm&r=g\",\"contentUrl\":\"https:\\\/\\\/secure.gravatar.com\\\/avatar\\\/909c5c71aff4b38e88686f2ab2f1ba152571f394f41ed8bae431ea56ced93050?s=96&d=mm&r=g\",\"caption\":\"Dzana Muminovic\"},\"url\":\"https:\\\/\\\/www.organisator.ch\\\/en\\\/author\\\/dzana-muminovic\\\/\"}]}<\/script>\n<!-- \/ Yoast SEO plugin. -->","yoast_head_json":{"title":"Prix SVC Economic Area Zurich 2024: Hauenstein AG - Organizer","description":"The Prix SVC Zurich Economic Area will be awarded on November 26, 2024. Also in the final: Hauenstein AG from Rafz ZH.","robots":{"index":"index","follow":"follow","max-snippet":"max-snippet:-1","max-image-preview":"max-image-preview:large","max-video-preview":"max-video-preview:-1"},"canonical":"https:\/\/www.organisator.ch\/en\/management\/2024-10-23\/prix-svc-wirtschaftsraum-zuerich-2024-hauenstein-ag\/","og_locale":"en_US","og_type":"article","og_title":"Prix SVC Wirtschaftsraum Z\u00fcrich 2024: Hauenstein AG","og_description":"Am 26. November 2024 wird der Prix SVC Wirtschaftsraum Z\u00fcrich verliehen. Mit im Final: Die Hauenstein AG aus Rafz ZH.","og_url":"https:\/\/www.organisator.ch\/en\/management\/2024-10-23\/prix-svc-wirtschaftsraum-zuerich-2024-hauenstein-ag\/","og_site_name":"Organisator","article_publisher":"https:\/\/www.facebook.com\/OrganisatorFachmagazin","article_published_time":"2024-10-23T08:30:40+00:00","article_modified_time":"2024-10-25T05:12:54+00:00","og_image":[{"width":680,"height":510,"url":"https:\/\/www.organisator.ch\/wp-content\/uploads\/2024\/10\/Hauenstein-AG_Bild1_ps.jpg","type":"image\/jpeg"}],"author":"Dzana Muminovic","twitter_card":"summary_large_image","twitter_title":"Prix SVC Wirtschaftsraum Z\u00fcrich 2024: Hauenstein AG","twitter_description":"Am 26. November 2024 wird der #Prix #SVC #Wirtschaftsraum #Z\u00fcrich verliehen. Mit im #Final: Die #Hauenstein AG aus #Rafz ZH.","twitter_image":"https:\/\/www.organisator.ch\/wp-content\/uploads\/2024\/10\/Hauenstein-AG_Bild1_ps.jpg","schema":{"@context":"https:\/\/schema.org","@graph":[{"@type":"Article","@id":"https:\/\/www.organisator.ch\/management\/2024-10-23\/prix-svc-wirtschaftsraum-zuerich-2024-hauenstein-ag\/#article","isPartOf":{"@id":"https:\/\/www.organisator.ch\/management\/2024-10-23\/prix-svc-wirtschaftsraum-zuerich-2024-hauenstein-ag\/"},"author":{"name":"Dzana Muminovic","@id":"https:\/\/www.organisator.ch\/#\/schema\/person\/afccda3a71c06d4be2ed9100dd163db7"},"headline":"Prix SVC Wirtschaftsraum Z\u00fcrich 2024: Hauenstein AG","datePublished":"2024-10-23T08:30:40+00:00","dateModified":"2024-10-25T05:12:54+00:00","mainEntityOfPage":{"@id":"https:\/\/www.organisator.ch\/management\/2024-10-23\/prix-svc-wirtschaftsraum-zuerich-2024-hauenstein-ag\/"},"wordCount":473,"publisher":{"@id":"https:\/\/www.organisator.ch\/#organization"},"image":{"@id":"https:\/\/www.organisator.ch\/management\/2024-10-23\/prix-svc-wirtschaftsraum-zuerich-2024-hauenstein-ag\/#primaryimage"},"thumbnailUrl":"https:\/\/www.organisator.ch\/wp-content\/uploads\/2024\/10\/Hauenstein-AG_Bild1_ps.jpg","keywords":["Awards","Nachhaltigkeit","Prix SVC Wirtschaftsraum Z\u00fcrich","Schweiz","Unternehmen"],"articleSection":["MANAGEMENT"],"inLanguage":"en-US"},{"@type":"WebPage","@id":"https:\/\/www.organisator.ch\/management\/2024-10-23\/prix-svc-wirtschaftsraum-zuerich-2024-hauenstein-ag\/","url":"https:\/\/www.organisator.ch\/management\/2024-10-23\/prix-svc-wirtschaftsraum-zuerich-2024-hauenstein-ag\/","name":"Prix SVC Economic Area Zurich 2024: Hauenstein AG - Organizer","isPartOf":{"@id":"https:\/\/www.organisator.ch\/#website"},"primaryImageOfPage":{"@id":"https:\/\/www.organisator.ch\/management\/2024-10-23\/prix-svc-wirtschaftsraum-zuerich-2024-hauenstein-ag\/#primaryimage"},"image":{"@id":"https:\/\/www.organisator.ch\/management\/2024-10-23\/prix-svc-wirtschaftsraum-zuerich-2024-hauenstein-ag\/#primaryimage"},"thumbnailUrl":"https:\/\/www.organisator.ch\/wp-content\/uploads\/2024\/10\/Hauenstein-AG_Bild1_ps.jpg","datePublished":"2024-10-23T08:30:40+00:00","dateModified":"2024-10-25T05:12:54+00:00","description":"The Prix SVC Zurich Economic Area will be awarded on November 26, 2024. Also in the final: Hauenstein AG from Rafz ZH.","breadcrumb":{"@id":"https:\/\/www.organisator.ch\/management\/2024-10-23\/prix-svc-wirtschaftsraum-zuerich-2024-hauenstein-ag\/#breadcrumb"},"inLanguage":"en-US","potentialAction":[{"@type":"ReadAction","target":["https:\/\/www.organisator.ch\/management\/2024-10-23\/prix-svc-wirtschaftsraum-zuerich-2024-hauenstein-ag\/"]}]},{"@type":"ImageObject","inLanguage":"en-US","@id":"https:\/\/www.organisator.ch\/management\/2024-10-23\/prix-svc-wirtschaftsraum-zuerich-2024-hauenstein-ag\/#primaryimage","url":"https:\/\/www.organisator.ch\/wp-content\/uploads\/2024\/10\/Hauenstein-AG_Bild1_ps.jpg","contentUrl":"https:\/\/www.organisator.ch\/wp-content\/uploads\/2024\/10\/Hauenstein-AG_Bild1_ps.jpg","width":680,"height":510,"caption":"Nachhaltigkeit ist seit jeher fest in der Unternehmensphilosophie der Hauenstein AG verankert. (Bild: Hauenstein AG \/ www.hauenstein-rafz.ch)"},{"@type":"BreadcrumbList","@id":"https:\/\/www.organisator.ch\/management\/2024-10-23\/prix-svc-wirtschaftsraum-zuerich-2024-hauenstein-ag\/#breadcrumb","itemListElement":[{"@type":"ListItem","position":1,"name":"Home","item":"https:\/\/www.organisator.ch\/"},{"@type":"ListItem","position":2,"name":"Prix SVC Wirtschaftsraum Z\u00fcrich 2024: Hauenstein AG"}]},{"@type":"WebSite","@id":"https:\/\/www.organisator.ch\/#website","url":"https:\/\/www.organisator.ch\/","name":"Organizer","description":"Competent. Practical. In 10 issues per year, ORGANISATOR presents the essential topics for managers of SMEs.","publisher":{"@id":"https:\/\/www.organisator.ch\/#organization"},"potentialAction":[{"@type":"SearchAction","target":{"@type":"EntryPoint","urlTemplate":"https:\/\/www.organisator.ch\/?s={search_term_string}"},"query-input":{"@type":"PropertyValueSpecification","valueRequired":true,"valueName":"search_term_string"}}],"inLanguage":"en-US"},{"@type":"Organization","@id":"https:\/\/www.organisator.ch\/#organization","name":"Organizer","url":"https:\/\/www.organisator.ch\/","logo":{"@type":"ImageObject","inLanguage":"en-US","@id":"https:\/\/www.organisator.ch\/#\/schema\/logo\/image\/","url":"https:\/\/www.organisator.ch\/wp-content\/uploads\/2022\/01\/Logo_Organisator_Website.png","contentUrl":"https:\/\/www.organisator.ch\/wp-content\/uploads\/2022\/01\/Logo_Organisator_Website.png","width":800,"height":77,"caption":"Organisator"},"image":{"@id":"https:\/\/www.organisator.ch\/#\/schema\/logo\/image\/"},"sameAs":["https:\/\/www.facebook.com\/OrganisatorFachmagazin","https:\/\/www.linkedin.com\/showcase\/organisator-das-magazin-fr-kmu","https:\/\/www.xing.com\/news\/pages\/organisator-ch-695","https:\/\/www.youtube.com\/channel\/UCGP2Sq0iWaZwT3BdIAQFYpw"]},{"@type":"Person","@id":"https:\/\/www.organisator.ch\/#\/schema\/person\/afccda3a71c06d4be2ed9100dd163db7","name":"Dzana Muminovic","image":{"@type":"ImageObject","inLanguage":"en-US","@id":"https:\/\/secure.gravatar.com\/avatar\/909c5c71aff4b38e88686f2ab2f1ba152571f394f41ed8bae431ea56ced93050?s=96&d=mm&r=g","url":"https:\/\/secure.gravatar.com\/avatar\/909c5c71aff4b38e88686f2ab2f1ba152571f394f41ed8bae431ea56ced93050?s=96&d=mm&r=g","contentUrl":"https:\/\/secure.gravatar.com\/avatar\/909c5c71aff4b38e88686f2ab2f1ba152571f394f41ed8bae431ea56ced93050?s=96&d=mm&r=g","caption":"Dzana Muminovic"},"url":"https:\/\/www.organisator.ch\/en\/author\/dzana-muminovic\/"}]}},"_links":{"self":[{"href":"https:\/\/www.organisator.ch\/en\/wp-json\/wp\/v2\/posts\/30706","targetHints":{"allow":["GET"]}}],"collection":[{"href":"https:\/\/www.organisator.ch\/en\/wp-json\/wp\/v2\/posts"}],"about":[{"href":"https:\/\/www.organisator.ch\/en\/wp-json\/wp\/v2\/types\/post"}],"author":[{"embeddable":true,"href":"https:\/\/www.organisator.ch\/en\/wp-json\/wp\/v2\/users\/80"}],"replies":[{"embeddable":true,"href":"https:\/\/www.organisator.ch\/en\/wp-json\/wp\/v2\/comments?post=30706"}],"version-history":[{"count":13,"href":"https:\/\/www.organisator.ch\/en\/wp-json\/wp\/v2\/posts\/30706\/revisions"}],"predecessor-version":[{"id":31217,"href":"https:\/\/www.organisator.ch\/en\/wp-json\/wp\/v2\/posts\/30706\/revisions\/31217"}],"wp:featuredmedia":[{"embeddable":true,"href":"https:\/\/www.organisator.ch\/en\/wp-json\/wp\/v2\/media\/30707"}],"wp:attachment":[{"href":"https:\/\/www.organisator.ch\/en\/wp-json\/wp\/v2\/media?parent=30706"}],"wp:term":[{"taxonomy":"category","embeddable":true,"href":"https:\/\/www.organisator.ch\/en\/wp-json\/wp\/v2\/categories?post=30706"},{"taxonomy":"post_tag","embeddable":true,"href":"https:\/\/www.organisator.ch\/en\/wp-json\/wp\/v2\/tags?post=30706"}],"curies":[{"name":"wp","href":"https:\/\/api.w.org\/{rel}","templated":true}]}}