{"id":30708,"date":"2024-10-15T13:14:52","date_gmt":"2024-10-15T11:14:52","guid":{"rendered":"https:\/\/www.markt-kom.com\/?p=225050"},"modified":"2024-11-07T12:54:14","modified_gmt":"2024-11-07T11:54:14","slug":"blueheart-designt-jubilaeumstrikot-fuer-den-fc-aarau","status":"publish","type":"post","link":"https:\/\/www.organisator.ch\/en\/marketing\/2024-10-15\/blueheart-designt-jubilaeumstrikot-fuer-den-fc-aarau\/","title":{"rendered":"Blueheart designs anniversary jersey for FC Aarau"},"content":{"rendered":"<p><img class=\"aligncenter wp-image-225051 size-full\" src=\"https:\/\/www.markt-kom.com\/wp-content\/uploads\/2024\/10\/FC_Aarau_Jubilaeums_Shirt_Beitragsbild_2540x1692px.jpg\" alt=\"FC Aarau \" width=\"1200\" height=\"799\" \/><\/p>\r\n<p>At last Saturday's friendly match against FC Schalke 04, the FC Aarau players took to the pitch in their new anniversary jerseys. The fans seemed to like it: FC Aarau reportedly sold around 450 of them in just five days. The team will continue to use it as a third jersey alongside the home and away jerseys.<\/p>\r\n<p>The Aarau agency Blueheart is responsible for the design of the jersey. As the official communication partner of FC Aarau, it is supporting the football club with its anniversary communication. In addition to the \"100 years Br\u00fcgglifeld\" anniversary logo, the Blueheart team also designed the jersey. With its white collar and buttons, the new piece has a deliberately retro feel. The colors black and anthracite, together with a little gold, give the shirt the necessary elegance for such an anniversary.<\/p>\r\n<p>The Br\u00fcgglifeld is commemorated with the main stand - according to Blueheart, the motif required extremely precise final artwork. The anniversary logo is emblazoned on the left chest, just above the club logo.<\/p>\r\n<p><img class=\"aligncenter size-full wp-image-225052\" src=\"https:\/\/www.markt-kom.com\/wp-content\/uploads\/2024\/10\/FC_Aarau_Jubilaeums_Shirt_Casebild1_1500x1000px.jpg\" alt=\"\" width=\"1200\" height=\"800\" \/><\/p>\r\n<hr \/>\r\n<p><strong>Responsible at FC Aarau:<\/strong> Pascal B\u00fcnter (Head of Marketing); Miguel Peralta, (Marketing\/Sponsoring). <strong>Responsible at Blueheart: <\/strong>Olivier Kilchherr (concept); Marina Botic (graphics); Izabela Carona (realization); Vanessa Mentha (consulting); Sarah R\u00f6lli (photos).<\/p>","protected":false},"excerpt":{"rendered":"<p>The Br\u00fcgglifeld stadium in Aarau is celebrating its 100th anniversary this year. The Aarau agency Bluehart, communications partner of the football club, has created an anniversary jersey that is breaking sales records.<\/p>","protected":false},"author":8,"featured_media":0,"comment_status":"closed","ping_status":"closed","sticky":false,"template":"","format":"standard","meta":{"_acf_changed":false,"_yoast_wpseo_focuskw":"FC Aarau","_yoast_wpseo_metadesc":"Die Spieler des FC Aarau pr\u00e4sentierten das neue Jubil\u00e4umstrikot gegen den FC Schalke 04, und Fans kauften 450 St\u00fcck in f\u00fcnf Tagen.","articlekey":"","footnotes":""},"categories":[29],"tags":[3697,3666,4343],"class_list":["post-30708","post","type-post","status-publish","format-standard","hentry","category-marketing","tag-blueheart","tag-fussball","tag-markom"],"acf":[],"yoast_head":"<!-- This site is optimized with the Yoast SEO plugin v27.5 - https:\/\/yoast.com\/product\/yoast-seo-wordpress\/ -->\n<title>Blueheart designt Jubil\u00e4umstrikot f\u00fcr den FC Aarau - Organisator<\/title>\n<meta name=\"description\" content=\"Die Spieler des FC Aarau pr\u00e4sentierten das neue Jubil\u00e4umstrikot gegen den FC Schalke 04, und Fans kauften 450 St\u00fcck in f\u00fcnf Tagen.\" \/>\n<meta name=\"robots\" content=\"index, follow, max-snippet:-1, max-image-preview:large, max-video-preview:-1\" \/>\n<link rel=\"canonical\" href=\"https:\/\/www.organisator.ch\/en\/marketing\/2024-10-15\/blueheart-designt-jubilaeumstrikot-fuer-den-fc-aarau\/\" \/>\n<meta property=\"og:locale\" content=\"en_US\" \/>\n<meta property=\"og:type\" content=\"article\" \/>\n<meta property=\"og:title\" content=\"Blueheart designt Jubil\u00e4umstrikot f\u00fcr den FC Aarau - Organisator\" \/>\n<meta property=\"og:description\" content=\"Die Spieler des FC Aarau pr\u00e4sentierten das neue Jubil\u00e4umstrikot gegen den FC Schalke 04, und Fans kauften 450 St\u00fcck in f\u00fcnf Tagen.\" \/>\n<meta property=\"og:url\" content=\"https:\/\/www.organisator.ch\/en\/marketing\/2024-10-15\/blueheart-designt-jubilaeumstrikot-fuer-den-fc-aarau\/\" \/>\n<meta property=\"og:site_name\" content=\"Organisator\" \/>\n<meta property=\"article:publisher\" content=\"https:\/\/www.facebook.com\/OrganisatorFachmagazin\" \/>\n<meta property=\"article:published_time\" content=\"2024-10-15T11:14:52+00:00\" \/>\n<meta property=\"article:modified_time\" content=\"2024-11-07T11:54:14+00:00\" \/>\n<meta property=\"og:image\" content=\"https:\/\/www.markt-kom.com\/wp-content\/uploads\/2024\/10\/FC_Aarau_Jubilaeums_Shirt_Beitragsbild_2540x1692px.jpg\" \/>\n<meta name=\"author\" content=\"galledia\" \/>\n<meta name=\"twitter:card\" content=\"summary_large_image\" \/>\n<meta name=\"twitter:creator\" content=\"@admin\" \/>\n<script type=\"application\/ld+json\" class=\"yoast-schema-graph\">{\"@context\":\"https:\\\/\\\/schema.org\",\"@graph\":[{\"@type\":\"Article\",\"@id\":\"https:\\\/\\\/www.organisator.ch\\\/marketing\\\/2024-10-15\\\/blueheart-designt-jubilaeumstrikot-fuer-den-fc-aarau\\\/#article\",\"isPartOf\":{\"@id\":\"https:\\\/\\\/www.organisator.ch\\\/marketing\\\/2024-10-15\\\/blueheart-designt-jubilaeumstrikot-fuer-den-fc-aarau\\\/\"},\"author\":{\"name\":\"galledia\",\"@id\":\"https:\\\/\\\/www.organisator.ch\\\/#\\\/schema\\\/person\\\/4e51799071cd2dd1232ac003643ef5f0\"},\"headline\":\"Blueheart designt Jubil\u00e4umstrikot f\u00fcr den FC Aarau\",\"datePublished\":\"2024-10-15T11:14:52+00:00\",\"dateModified\":\"2024-11-07T11:54:14+00:00\",\"mainEntityOfPage\":{\"@id\":\"https:\\\/\\\/www.organisator.ch\\\/marketing\\\/2024-10-15\\\/blueheart-designt-jubilaeumstrikot-fuer-den-fc-aarau\\\/\"},\"wordCount\":211,\"publisher\":{\"@id\":\"https:\\\/\\\/www.organisator.ch\\\/#organization\"},\"image\":{\"@id\":\"https:\\\/\\\/www.organisator.ch\\\/marketing\\\/2024-10-15\\\/blueheart-designt-jubilaeumstrikot-fuer-den-fc-aarau\\\/#primaryimage\"},\"thumbnailUrl\":\"https:\\\/\\\/www.markt-kom.com\\\/wp-content\\\/uploads\\\/2024\\\/10\\\/FC_Aarau_Jubilaeums_Shirt_Beitragsbild_2540x1692px.jpg\",\"keywords\":[\"Blueheart\",\"Fussball\",\"MarKom\"],\"articleSection\":[\"MARKETING\"],\"inLanguage\":\"en-US\"},{\"@type\":\"WebPage\",\"@id\":\"https:\\\/\\\/www.organisator.ch\\\/marketing\\\/2024-10-15\\\/blueheart-designt-jubilaeumstrikot-fuer-den-fc-aarau\\\/\",\"url\":\"https:\\\/\\\/www.organisator.ch\\\/marketing\\\/2024-10-15\\\/blueheart-designt-jubilaeumstrikot-fuer-den-fc-aarau\\\/\",\"name\":\"Blueheart designt Jubil\u00e4umstrikot f\u00fcr den FC Aarau - Organisator\",\"isPartOf\":{\"@id\":\"https:\\\/\\\/www.organisator.ch\\\/#website\"},\"primaryImageOfPage\":{\"@id\":\"https:\\\/\\\/www.organisator.ch\\\/marketing\\\/2024-10-15\\\/blueheart-designt-jubilaeumstrikot-fuer-den-fc-aarau\\\/#primaryimage\"},\"image\":{\"@id\":\"https:\\\/\\\/www.organisator.ch\\\/marketing\\\/2024-10-15\\\/blueheart-designt-jubilaeumstrikot-fuer-den-fc-aarau\\\/#primaryimage\"},\"thumbnailUrl\":\"https:\\\/\\\/www.markt-kom.com\\\/wp-content\\\/uploads\\\/2024\\\/10\\\/FC_Aarau_Jubilaeums_Shirt_Beitragsbild_2540x1692px.jpg\",\"datePublished\":\"2024-10-15T11:14:52+00:00\",\"dateModified\":\"2024-11-07T11:54:14+00:00\",\"description\":\"Die Spieler des FC Aarau pr\u00e4sentierten das neue Jubil\u00e4umstrikot gegen den FC Schalke 04, und Fans kauften 450 St\u00fcck in f\u00fcnf Tagen.\",\"breadcrumb\":{\"@id\":\"https:\\\/\\\/www.organisator.ch\\\/marketing\\\/2024-10-15\\\/blueheart-designt-jubilaeumstrikot-fuer-den-fc-aarau\\\/#breadcrumb\"},\"inLanguage\":\"en-US\",\"potentialAction\":[{\"@type\":\"ReadAction\",\"target\":[\"https:\\\/\\\/www.organisator.ch\\\/marketing\\\/2024-10-15\\\/blueheart-designt-jubilaeumstrikot-fuer-den-fc-aarau\\\/\"]}]},{\"@type\":\"ImageObject\",\"inLanguage\":\"en-US\",\"@id\":\"https:\\\/\\\/www.organisator.ch\\\/marketing\\\/2024-10-15\\\/blueheart-designt-jubilaeumstrikot-fuer-den-fc-aarau\\\/#primaryimage\",\"url\":\"https:\\\/\\\/www.markt-kom.com\\\/wp-content\\\/uploads\\\/2024\\\/10\\\/FC_Aarau_Jubilaeums_Shirt_Beitragsbild_2540x1692px.jpg\",\"contentUrl\":\"https:\\\/\\\/www.markt-kom.com\\\/wp-content\\\/uploads\\\/2024\\\/10\\\/FC_Aarau_Jubilaeums_Shirt_Beitragsbild_2540x1692px.jpg\"},{\"@type\":\"BreadcrumbList\",\"@id\":\"https:\\\/\\\/www.organisator.ch\\\/marketing\\\/2024-10-15\\\/blueheart-designt-jubilaeumstrikot-fuer-den-fc-aarau\\\/#breadcrumb\",\"itemListElement\":[{\"@type\":\"ListItem\",\"position\":1,\"name\":\"Home\",\"item\":\"https:\\\/\\\/www.organisator.ch\\\/\"},{\"@type\":\"ListItem\",\"position\":2,\"name\":\"Blueheart designt Jubil\u00e4umstrikot f\u00fcr den FC Aarau\"}]},{\"@type\":\"WebSite\",\"@id\":\"https:\\\/\\\/www.organisator.ch\\\/#website\",\"url\":\"https:\\\/\\\/www.organisator.ch\\\/\",\"name\":\"Organisator\",\"description\":\"Kompetent. Praxisnah. Der ORGANISATOR bereitet in 10 Ausgaben pro Jahr die wesentlichen Themen f\u00fcr F\u00fchrungskr\u00e4fte von KMU auf.\",\"publisher\":{\"@id\":\"https:\\\/\\\/www.organisator.ch\\\/#organization\"},\"potentialAction\":[{\"@type\":\"SearchAction\",\"target\":{\"@type\":\"EntryPoint\",\"urlTemplate\":\"https:\\\/\\\/www.organisator.ch\\\/?s={search_term_string}\"},\"query-input\":{\"@type\":\"PropertyValueSpecification\",\"valueRequired\":true,\"valueName\":\"search_term_string\"}}],\"inLanguage\":\"en-US\"},{\"@type\":\"Organization\",\"@id\":\"https:\\\/\\\/www.organisator.ch\\\/#organization\",\"name\":\"Organisator\",\"url\":\"https:\\\/\\\/www.organisator.ch\\\/\",\"logo\":{\"@type\":\"ImageObject\",\"inLanguage\":\"en-US\",\"@id\":\"https:\\\/\\\/www.organisator.ch\\\/#\\\/schema\\\/logo\\\/image\\\/\",\"url\":\"https:\\\/\\\/www.organisator.ch\\\/wp-content\\\/uploads\\\/2022\\\/01\\\/Logo_Organisator_Website.png\",\"contentUrl\":\"https:\\\/\\\/www.organisator.ch\\\/wp-content\\\/uploads\\\/2022\\\/01\\\/Logo_Organisator_Website.png\",\"width\":800,\"height\":77,\"caption\":\"Organisator\"},\"image\":{\"@id\":\"https:\\\/\\\/www.organisator.ch\\\/#\\\/schema\\\/logo\\\/image\\\/\"},\"sameAs\":[\"https:\\\/\\\/www.facebook.com\\\/OrganisatorFachmagazin\",\"https:\\\/\\\/www.linkedin.com\\\/showcase\\\/organisator-das-magazin-fr-kmu\",\"https:\\\/\\\/www.xing.com\\\/news\\\/pages\\\/organisator-ch-695\",\"https:\\\/\\\/www.youtube.com\\\/channel\\\/UCGP2Sq0iWaZwT3BdIAQFYpw\"]},{\"@type\":\"Person\",\"@id\":\"https:\\\/\\\/www.organisator.ch\\\/#\\\/schema\\\/person\\\/4e51799071cd2dd1232ac003643ef5f0\",\"name\":\"galledia\",\"image\":{\"@type\":\"ImageObject\",\"inLanguage\":\"en-US\",\"@id\":\"https:\\\/\\\/secure.gravatar.com\\\/avatar\\\/78a7f90c01fc2bfc875782a0d4922b37cde2cf184ce347b91316d23cd7f69a36?s=96&d=mm&r=g\",\"url\":\"https:\\\/\\\/secure.gravatar.com\\\/avatar\\\/78a7f90c01fc2bfc875782a0d4922b37cde2cf184ce347b91316d23cd7f69a36?s=96&d=mm&r=g\",\"contentUrl\":\"https:\\\/\\\/secure.gravatar.com\\\/avatar\\\/78a7f90c01fc2bfc875782a0d4922b37cde2cf184ce347b91316d23cd7f69a36?s=96&d=mm&r=g\",\"caption\":\"galledia\"},\"sameAs\":[\"https:\\\/\\\/x.com\\\/admin\"],\"url\":\"https:\\\/\\\/www.organisator.ch\\\/en\\\/author\\\/galledia\\\/\"}]}<\/script>\n<!-- \/ Yoast SEO plugin. -->","yoast_head_json":{"title":"Blueheart designs anniversary jersey for FC Aarau - Organizer","description":"The FC Aarau players presented the new anniversary jersey against FC Schalke 04, and fans bought 450 of them in five days.","robots":{"index":"index","follow":"follow","max-snippet":"max-snippet:-1","max-image-preview":"max-image-preview:large","max-video-preview":"max-video-preview:-1"},"canonical":"https:\/\/www.organisator.ch\/en\/marketing\/2024-10-15\/blueheart-designt-jubilaeumstrikot-fuer-den-fc-aarau\/","og_locale":"en_US","og_type":"article","og_title":"Blueheart designt Jubil\u00e4umstrikot f\u00fcr den FC Aarau - Organisator","og_description":"Die Spieler des FC Aarau pr\u00e4sentierten das neue Jubil\u00e4umstrikot gegen den FC Schalke 04, und Fans kauften 450 St\u00fcck in f\u00fcnf Tagen.","og_url":"https:\/\/www.organisator.ch\/en\/marketing\/2024-10-15\/blueheart-designt-jubilaeumstrikot-fuer-den-fc-aarau\/","og_site_name":"Organisator","article_publisher":"https:\/\/www.facebook.com\/OrganisatorFachmagazin","article_published_time":"2024-10-15T11:14:52+00:00","article_modified_time":"2024-11-07T11:54:14+00:00","og_image":[{"url":"https:\/\/www.markt-kom.com\/wp-content\/uploads\/2024\/10\/FC_Aarau_Jubilaeums_Shirt_Beitragsbild_2540x1692px.jpg","type":"","width":"","height":""}],"author":"galledia","twitter_card":"summary_large_image","twitter_creator":"@admin","schema":{"@context":"https:\/\/schema.org","@graph":[{"@type":"Article","@id":"https:\/\/www.organisator.ch\/marketing\/2024-10-15\/blueheart-designt-jubilaeumstrikot-fuer-den-fc-aarau\/#article","isPartOf":{"@id":"https:\/\/www.organisator.ch\/marketing\/2024-10-15\/blueheart-designt-jubilaeumstrikot-fuer-den-fc-aarau\/"},"author":{"name":"galledia","@id":"https:\/\/www.organisator.ch\/#\/schema\/person\/4e51799071cd2dd1232ac003643ef5f0"},"headline":"Blueheart designt Jubil\u00e4umstrikot f\u00fcr den FC Aarau","datePublished":"2024-10-15T11:14:52+00:00","dateModified":"2024-11-07T11:54:14+00:00","mainEntityOfPage":{"@id":"https:\/\/www.organisator.ch\/marketing\/2024-10-15\/blueheart-designt-jubilaeumstrikot-fuer-den-fc-aarau\/"},"wordCount":211,"publisher":{"@id":"https:\/\/www.organisator.ch\/#organization"},"image":{"@id":"https:\/\/www.organisator.ch\/marketing\/2024-10-15\/blueheart-designt-jubilaeumstrikot-fuer-den-fc-aarau\/#primaryimage"},"thumbnailUrl":"https:\/\/www.markt-kom.com\/wp-content\/uploads\/2024\/10\/FC_Aarau_Jubilaeums_Shirt_Beitragsbild_2540x1692px.jpg","keywords":["Blueheart","Fussball","MarKom"],"articleSection":["MARKETING"],"inLanguage":"en-US"},{"@type":"WebPage","@id":"https:\/\/www.organisator.ch\/marketing\/2024-10-15\/blueheart-designt-jubilaeumstrikot-fuer-den-fc-aarau\/","url":"https:\/\/www.organisator.ch\/marketing\/2024-10-15\/blueheart-designt-jubilaeumstrikot-fuer-den-fc-aarau\/","name":"Blueheart designs anniversary jersey for FC Aarau - Organizer","isPartOf":{"@id":"https:\/\/www.organisator.ch\/#website"},"primaryImageOfPage":{"@id":"https:\/\/www.organisator.ch\/marketing\/2024-10-15\/blueheart-designt-jubilaeumstrikot-fuer-den-fc-aarau\/#primaryimage"},"image":{"@id":"https:\/\/www.organisator.ch\/marketing\/2024-10-15\/blueheart-designt-jubilaeumstrikot-fuer-den-fc-aarau\/#primaryimage"},"thumbnailUrl":"https:\/\/www.markt-kom.com\/wp-content\/uploads\/2024\/10\/FC_Aarau_Jubilaeums_Shirt_Beitragsbild_2540x1692px.jpg","datePublished":"2024-10-15T11:14:52+00:00","dateModified":"2024-11-07T11:54:14+00:00","description":"The FC Aarau players presented the new anniversary jersey against FC Schalke 04, and fans bought 450 of them in five days.","breadcrumb":{"@id":"https:\/\/www.organisator.ch\/marketing\/2024-10-15\/blueheart-designt-jubilaeumstrikot-fuer-den-fc-aarau\/#breadcrumb"},"inLanguage":"en-US","potentialAction":[{"@type":"ReadAction","target":["https:\/\/www.organisator.ch\/marketing\/2024-10-15\/blueheart-designt-jubilaeumstrikot-fuer-den-fc-aarau\/"]}]},{"@type":"ImageObject","inLanguage":"en-US","@id":"https:\/\/www.organisator.ch\/marketing\/2024-10-15\/blueheart-designt-jubilaeumstrikot-fuer-den-fc-aarau\/#primaryimage","url":"https:\/\/www.markt-kom.com\/wp-content\/uploads\/2024\/10\/FC_Aarau_Jubilaeums_Shirt_Beitragsbild_2540x1692px.jpg","contentUrl":"https:\/\/www.markt-kom.com\/wp-content\/uploads\/2024\/10\/FC_Aarau_Jubilaeums_Shirt_Beitragsbild_2540x1692px.jpg"},{"@type":"BreadcrumbList","@id":"https:\/\/www.organisator.ch\/marketing\/2024-10-15\/blueheart-designt-jubilaeumstrikot-fuer-den-fc-aarau\/#breadcrumb","itemListElement":[{"@type":"ListItem","position":1,"name":"Home","item":"https:\/\/www.organisator.ch\/"},{"@type":"ListItem","position":2,"name":"Blueheart designt Jubil\u00e4umstrikot f\u00fcr den FC Aarau"}]},{"@type":"WebSite","@id":"https:\/\/www.organisator.ch\/#website","url":"https:\/\/www.organisator.ch\/","name":"Organizer","description":"Competent. Practical. In 10 issues per year, ORGANISATOR presents the essential topics for managers of SMEs.","publisher":{"@id":"https:\/\/www.organisator.ch\/#organization"},"potentialAction":[{"@type":"SearchAction","target":{"@type":"EntryPoint","urlTemplate":"https:\/\/www.organisator.ch\/?s={search_term_string}"},"query-input":{"@type":"PropertyValueSpecification","valueRequired":true,"valueName":"search_term_string"}}],"inLanguage":"en-US"},{"@type":"Organization","@id":"https:\/\/www.organisator.ch\/#organization","name":"Organizer","url":"https:\/\/www.organisator.ch\/","logo":{"@type":"ImageObject","inLanguage":"en-US","@id":"https:\/\/www.organisator.ch\/#\/schema\/logo\/image\/","url":"https:\/\/www.organisator.ch\/wp-content\/uploads\/2022\/01\/Logo_Organisator_Website.png","contentUrl":"https:\/\/www.organisator.ch\/wp-content\/uploads\/2022\/01\/Logo_Organisator_Website.png","width":800,"height":77,"caption":"Organisator"},"image":{"@id":"https:\/\/www.organisator.ch\/#\/schema\/logo\/image\/"},"sameAs":["https:\/\/www.facebook.com\/OrganisatorFachmagazin","https:\/\/www.linkedin.com\/showcase\/organisator-das-magazin-fr-kmu","https:\/\/www.xing.com\/news\/pages\/organisator-ch-695","https:\/\/www.youtube.com\/channel\/UCGP2Sq0iWaZwT3BdIAQFYpw"]},{"@type":"Person","@id":"https:\/\/www.organisator.ch\/#\/schema\/person\/4e51799071cd2dd1232ac003643ef5f0","name":"galledia","image":{"@type":"ImageObject","inLanguage":"en-US","@id":"https:\/\/secure.gravatar.com\/avatar\/78a7f90c01fc2bfc875782a0d4922b37cde2cf184ce347b91316d23cd7f69a36?s=96&d=mm&r=g","url":"https:\/\/secure.gravatar.com\/avatar\/78a7f90c01fc2bfc875782a0d4922b37cde2cf184ce347b91316d23cd7f69a36?s=96&d=mm&r=g","contentUrl":"https:\/\/secure.gravatar.com\/avatar\/78a7f90c01fc2bfc875782a0d4922b37cde2cf184ce347b91316d23cd7f69a36?s=96&d=mm&r=g","caption":"galledia"},"sameAs":["https:\/\/x.com\/admin"],"url":"https:\/\/www.organisator.ch\/en\/author\/galledia\/"}]}},"_links":{"self":[{"href":"https:\/\/www.organisator.ch\/en\/wp-json\/wp\/v2\/posts\/30708","targetHints":{"allow":["GET"]}}],"collection":[{"href":"https:\/\/www.organisator.ch\/en\/wp-json\/wp\/v2\/posts"}],"about":[{"href":"https:\/\/www.organisator.ch\/en\/wp-json\/wp\/v2\/types\/post"}],"author":[{"embeddable":true,"href":"https:\/\/www.organisator.ch\/en\/wp-json\/wp\/v2\/users\/8"}],"replies":[{"embeddable":true,"href":"https:\/\/www.organisator.ch\/en\/wp-json\/wp\/v2\/comments?post=30708"}],"version-history":[{"count":4,"href":"https:\/\/www.organisator.ch\/en\/wp-json\/wp\/v2\/posts\/30708\/revisions"}],"predecessor-version":[{"id":31770,"href":"https:\/\/www.organisator.ch\/en\/wp-json\/wp\/v2\/posts\/30708\/revisions\/31770"}],"wp:attachment":[{"href":"https:\/\/www.organisator.ch\/en\/wp-json\/wp\/v2\/media?parent=30708"}],"wp:term":[{"taxonomy":"category","embeddable":true,"href":"https:\/\/www.organisator.ch\/en\/wp-json\/wp\/v2\/categories?post=30708"},{"taxonomy":"post_tag","embeddable":true,"href":"https:\/\/www.organisator.ch\/en\/wp-json\/wp\/v2\/tags?post=30708"}],"curies":[{"name":"wp","href":"https:\/\/api.w.org\/{rel}","templated":true}]}}