{"id":3071,"date":"2018-02-09T08:00:21","date_gmt":"2018-02-09T07:00:21","guid":{"rendered":"https:\/\/www.organisator.ch\/?p=3071"},"modified":"2018-02-09T08:00:21","modified_gmt":"2018-02-09T07:00:21","slug":"schadet-mobiles-arbeiten-der-gesundheit","status":"publish","type":"post","link":"https:\/\/www.organisator.ch\/en\/human-resources\/fit_im_job\/2018-02-09\/schadet-mobiles-arbeiten-der-gesundheit\/","title":{"rendered":"Mobile working: does it harm health?"},"content":{"rendered":"<figure id=\"attachment_3073\" aria-describedby=\"caption-attachment-3073\" style=\"width: 667px\" class=\"wp-caption alignnone\"><img loading=\"lazy\" decoding=\"async\" class=\"size-medium wp-image-3073\" src=\"https:\/\/www.organisator.ch\/wp-content\/uploads\/2018\/01\/2018_01-02_FiJ_EKAS_Bild_1526812-667x1000.jpg\" alt=\"&lt;li class=&quot;article_legend&quot;&gt;Disrupt the work at the classic workplace and use alternative workstations: A carcass can also serve as a standing desk.&lt;\/li&gt;\" width=\"667\" height=\"1000\" srcset=\"https:\/\/www.organisator.ch\/wp-content\/uploads\/2018\/01\/2018_01-02_FiJ_EKAS_Bild_1526812-667x1000.jpg 667w, https:\/\/www.organisator.ch\/wp-content\/uploads\/2018\/01\/2018_01-02_FiJ_EKAS_Bild_1526812-682x1024.jpg 682w, https:\/\/www.organisator.ch\/wp-content\/uploads\/2018\/01\/2018_01-02_FiJ_EKAS_Bild_1526812-768x1152.jpg 768w, https:\/\/www.organisator.ch\/wp-content\/uploads\/2018\/01\/2018_01-02_FiJ_EKAS_Bild_1526812-1024x1536.jpg 1024w, https:\/\/www.organisator.ch\/wp-content\/uploads\/2018\/01\/2018_01-02_FiJ_EKAS_Bild_1526812-8x12.jpg 8w, https:\/\/www.organisator.ch\/wp-content\/uploads\/2018\/01\/2018_01-02_FiJ_EKAS_Bild_1526812-117x175.jpg 117w, https:\/\/www.organisator.ch\/wp-content\/uploads\/2018\/01\/2018_01-02_FiJ_EKAS_Bild_1526812-233x350.jpg 233w, https:\/\/www.organisator.ch\/wp-content\/uploads\/2018\/01\/2018_01-02_FiJ_EKAS_Bild_1526812-533x800.jpg 533w, https:\/\/www.organisator.ch\/wp-content\/uploads\/2018\/01\/2018_01-02_FiJ_EKAS_Bild_1526812-920x1380.jpg 920w, https:\/\/www.organisator.ch\/wp-content\/uploads\/2018\/01\/2018_01-02_FiJ_EKAS_Bild_1526812-933x1400.jpg 933w, https:\/\/www.organisator.ch\/wp-content\/uploads\/2018\/01\/2018_01-02_FiJ_EKAS_Bild_1526812-300x450.jpg 300w, https:\/\/www.organisator.ch\/wp-content\/uploads\/2018\/01\/2018_01-02_FiJ_EKAS_Bild_1526812.jpg 1333w\" sizes=\"auto, (max-width: 667px) 100vw, 667px\" \/><figcaption id=\"caption-attachment-3073\" class=\"wp-caption-text\">Work mobile: Break up work at the traditional workstation and use alternative workstations. A carcass can also serve as a standing desk. (Image: zVg \/ EKAS)<\/figcaption><\/figure>\n<p>We're sitting on the train, bent over our cell phone, typing away at an email, and at some point we feel an uncomfortable pulling sensation in our neck. In the typical \"cell phone posture,\" bent forward, our neck has a 60-degree angle. In doing so, it is at the mercy of a pulling force of 27 kilograms, according to a 2014 study by American spine surgeon Kenneth Hansraj. No wonder the neck hurts after a short time.<\/p>\n<p>In addition to many advantages, the mobile workplace also brings new challenges. Even if this does not solve all problems, we can relieve our bodies with various aids and the appropriate mindfulness.<\/p>\n<h2><strong>The 15-minute rhythm<\/strong><\/h2>\n<p>Sitting at the kitchen table or in a train chair, we don't have the opportunity to optimally adjust our chair to our needs. To prevent health problems, it is therefore important to maintain good sitting and head posture while on the move, to take regular breaks from sitting and to change position - every 15 minutes. This makes it possible to sit on a park bench with a laptop on your knees in a less exemplary position. The eyes also feel the difference between mobile work and an ergonomically designed workstation. Since screens on mobile devices are often reflective and smaller than those in the office, the eyes tire more quickly. In addition, it is more strenuous to type texts on the small keyboards of mobile devices.<\/p>\n<h2><strong>Mobile working is a matter of planning<\/strong><\/h2>\n<p>Support for work on the road and at home is also provided by holders and stands for mobile devices, so that the head is positioned straight and the neck is relieved. If we take an external keyboard home with us, we have more to carry, but the mobile office becomes a bit more ergonomic.<\/p>\n<p>Mobile workers are often exposed to a higher noise level than in the office. The consequences are loss of concentration and brain power. Headphones, which have a sound-insulating effect and reduce ambient noise, can help. When working on the road, it's also best to plan work that requires less concentration or where you don't have to constantly lean forward to look at the small screen: Phone calls, planning appointments or shorter research tasks.<\/p>\n<h2><strong>Mobile working even in the classic office<\/strong><\/h2>\n<p>By the way, mobile working does not only take place outside the office: In the modern office today, you can find sofa corners, bars, standing desks and other options that invite you to interrupt your work at the classic desk and use the new environment for a change of scenery. If there are such alternative workplaces in your office, use them! But don't forget to change your position after 15 minutes at the latest. Your neck, in particular, will thank you.<\/p>\n<p>The Federal Coordination Commission for Occupational Safety EKAS provides these and other tips free of charge. Information brochures and entertaining online tools for improving safety and health in the office can be found at<\/p>\n<p><a href=\"http:\/\/www.pr\u00e4vention-im-b\u00fcro.ch\"><em>www.pr\u00e4vention-im-b\u00fcro.ch<\/em><\/a><\/p>","protected":false},"excerpt":{"rendered":"<p>Wir sitzen im Zug, \u00fcber das Mobiltelefon gebeugt, tippen vertieft eine E-Mail und sp\u00fcren irgendwann ein unangenehmes Ziehen im Nacken. In der typischen, vorn\u00fcbergebeugten \u00abMobiltelefon-Haltung\u00bb weist unser Nacken einen 60-Grad-Winkel auf. Dabei ist er einer Zugkraft von 27 Kilogramm ausgeliefert, wie eine Studie von 2014 des amerikanischen Wirbels\u00e4ulenchirurgen Kenneth Hansraj zeigt. Kein Wunder, dass der [&hellip;]<\/p>\n","protected":false},"author":7,"featured_media":3073,"comment_status":"open","ping_status":"open","sticky":false,"template":"","format":"standard","meta":{"_acf_changed":false,"_yoast_wpseo_focuskw":"mobil arbeiten","_yoast_wpseo_metadesc":"\u00d6ffentliche Pl\u00e4tze und das eigene Zuhause werden zum mobilen B\u00fcro. Doch auch im mobilen B\u00fcro ist es wichtig, auf eine gute Sitzposition zu achten und sich vor L\u00e4rmemissionen zu sch\u00fctzen.","articlekey":"","footnotes":""},"categories":[25],"tags":[53,77,178,208],"class_list":["post-3071","post","type-post","status-publish","format-standard","has-post-thumbnail","hentry","category-fit_im_job","tag-arbeitssicherheit","tag-betriebliches-gesundheitsmanagement","tag-ergonomie","tag-fit-im-job"],"acf":[],"yoast_head":"<!-- This site is optimized with the Yoast SEO plugin v27.5 - https:\/\/yoast.com\/product\/yoast-seo-wordpress\/ -->\n<title>Mobil arbeiten: schadet das der Gesundheit? - Organisator<\/title>\n<meta name=\"description\" content=\"\u00d6ffentliche Pl\u00e4tze und das eigene Zuhause werden zum mobilen B\u00fcro. Doch auch im mobilen B\u00fcro ist es wichtig, auf eine gute Sitzposition zu achten und sich vor L\u00e4rmemissionen zu sch\u00fctzen.\" \/>\n<meta name=\"robots\" content=\"index, follow, max-snippet:-1, max-image-preview:large, max-video-preview:-1\" \/>\n<link rel=\"canonical\" href=\"https:\/\/www.organisator.ch\/en\/human-resources\/fit_im_job\/2018-02-09\/schadet-mobiles-arbeiten-der-gesundheit\/\" \/>\n<meta property=\"og:locale\" content=\"en_US\" \/>\n<meta property=\"og:type\" content=\"article\" \/>\n<meta property=\"og:title\" content=\"Mobil arbeiten: schadet das der Gesundheit?\" \/>\n<meta property=\"og:description\" content=\"\u00d6ffentliche Pl\u00e4tze und das eigene Zuhause werden zum mobilen #B\u00fcro. Doch auch im mobilen B\u00fcro ist es wichtig, auf eine gute #Sitzposition zu achten und sich vor #L\u00e4rmemissionen zu sch\u00fctzen.\" \/>\n<meta property=\"og:url\" content=\"https:\/\/www.organisator.ch\/en\/human-resources\/fit_im_job\/2018-02-09\/schadet-mobiles-arbeiten-der-gesundheit\/\" \/>\n<meta property=\"og:site_name\" content=\"Organisator\" \/>\n<meta property=\"article:publisher\" content=\"https:\/\/www.facebook.com\/OrganisatorFachmagazin\" \/>\n<meta property=\"article:published_time\" content=\"2018-02-09T07:00:21+00:00\" \/>\n<meta property=\"og:image\" content=\"https:\/\/www.organisator.ch\/wp-content\/uploads\/2018\/01\/2018_01-02_FiJ_EKAS_Bild_1526812.jpg\" \/>\n\t<meta property=\"og:image:width\" content=\"1333\" \/>\n\t<meta property=\"og:image:height\" content=\"2000\" \/>\n\t<meta property=\"og:image:type\" content=\"image\/jpeg\" \/>\n<meta name=\"author\" content=\"K4-Import\" \/>\n<meta name=\"twitter:card\" content=\"summary_large_image\" \/>\n<meta name=\"twitter:title\" content=\"Mobil arbeiten: schadet das der #Gesundheit?\" \/>\n<meta name=\"twitter:description\" content=\"\u00d6ffentliche Pl\u00e4tze und das eigene Zuhause werden zum #mobilenB\u00fcro. Doch auch im mobilen B\u00fcro ist es wichtig, auf eine gute #Sitzposition zu achten und sich vor #L\u00e4rmemissionen zu sch\u00fctzen.\" \/>\n<meta name=\"twitter:image\" content=\"https:\/\/www.organisator.ch\/wp-content\/uploads\/2018\/01\/2018_01-02_FiJ_EKAS_Bild_1526812.jpg\" \/>\n<script type=\"application\/ld+json\" class=\"yoast-schema-graph\">{\"@context\":\"https:\\\/\\\/schema.org\",\"@graph\":[{\"@type\":\"Article\",\"@id\":\"https:\\\/\\\/www.organisator.ch\\\/human-resources\\\/fit_im_job\\\/2018-02-09\\\/schadet-mobiles-arbeiten-der-gesundheit\\\/#article\",\"isPartOf\":{\"@id\":\"https:\\\/\\\/www.organisator.ch\\\/human-resources\\\/fit_im_job\\\/2018-02-09\\\/schadet-mobiles-arbeiten-der-gesundheit\\\/\"},\"author\":{\"name\":\"K4-Import\",\"@id\":\"https:\\\/\\\/www.organisator.ch\\\/#\\\/schema\\\/person\\\/dd8ffea01043c9c41d7718296a158fac\"},\"headline\":\"Mobil arbeiten: schadet das der Gesundheit?\",\"datePublished\":\"2018-02-09T07:00:21+00:00\",\"mainEntityOfPage\":{\"@id\":\"https:\\\/\\\/www.organisator.ch\\\/human-resources\\\/fit_im_job\\\/2018-02-09\\\/schadet-mobiles-arbeiten-der-gesundheit\\\/\"},\"wordCount\":531,\"commentCount\":0,\"publisher\":{\"@id\":\"https:\\\/\\\/www.organisator.ch\\\/#organization\"},\"image\":{\"@id\":\"https:\\\/\\\/www.organisator.ch\\\/human-resources\\\/fit_im_job\\\/2018-02-09\\\/schadet-mobiles-arbeiten-der-gesundheit\\\/#primaryimage\"},\"thumbnailUrl\":\"https:\\\/\\\/www.organisator.ch\\\/wp-content\\\/uploads\\\/2018\\\/01\\\/2018_01-02_FiJ_EKAS_Bild_1526812.jpg\",\"keywords\":[\"Arbeitssicherheit\",\"Betriebliches Gesundheitsmanagement\",\"Ergonomie\",\"Fit im Job\"],\"articleSection\":[\"FIT IM JOB\"],\"inLanguage\":\"en-US\"},{\"@type\":\"WebPage\",\"@id\":\"https:\\\/\\\/www.organisator.ch\\\/human-resources\\\/fit_im_job\\\/2018-02-09\\\/schadet-mobiles-arbeiten-der-gesundheit\\\/\",\"url\":\"https:\\\/\\\/www.organisator.ch\\\/human-resources\\\/fit_im_job\\\/2018-02-09\\\/schadet-mobiles-arbeiten-der-gesundheit\\\/\",\"name\":\"Mobil arbeiten: schadet das der Gesundheit? - Organisator\",\"isPartOf\":{\"@id\":\"https:\\\/\\\/www.organisator.ch\\\/#website\"},\"primaryImageOfPage\":{\"@id\":\"https:\\\/\\\/www.organisator.ch\\\/human-resources\\\/fit_im_job\\\/2018-02-09\\\/schadet-mobiles-arbeiten-der-gesundheit\\\/#primaryimage\"},\"image\":{\"@id\":\"https:\\\/\\\/www.organisator.ch\\\/human-resources\\\/fit_im_job\\\/2018-02-09\\\/schadet-mobiles-arbeiten-der-gesundheit\\\/#primaryimage\"},\"thumbnailUrl\":\"https:\\\/\\\/www.organisator.ch\\\/wp-content\\\/uploads\\\/2018\\\/01\\\/2018_01-02_FiJ_EKAS_Bild_1526812.jpg\",\"datePublished\":\"2018-02-09T07:00:21+00:00\",\"description\":\"\u00d6ffentliche Pl\u00e4tze und das eigene Zuhause werden zum mobilen B\u00fcro. Doch auch im mobilen B\u00fcro ist es wichtig, auf eine gute Sitzposition zu achten und sich vor L\u00e4rmemissionen zu sch\u00fctzen.\",\"breadcrumb\":{\"@id\":\"https:\\\/\\\/www.organisator.ch\\\/human-resources\\\/fit_im_job\\\/2018-02-09\\\/schadet-mobiles-arbeiten-der-gesundheit\\\/#breadcrumb\"},\"inLanguage\":\"en-US\",\"potentialAction\":[{\"@type\":\"ReadAction\",\"target\":[\"https:\\\/\\\/www.organisator.ch\\\/human-resources\\\/fit_im_job\\\/2018-02-09\\\/schadet-mobiles-arbeiten-der-gesundheit\\\/\"]}]},{\"@type\":\"ImageObject\",\"inLanguage\":\"en-US\",\"@id\":\"https:\\\/\\\/www.organisator.ch\\\/human-resources\\\/fit_im_job\\\/2018-02-09\\\/schadet-mobiles-arbeiten-der-gesundheit\\\/#primaryimage\",\"url\":\"https:\\\/\\\/www.organisator.ch\\\/wp-content\\\/uploads\\\/2018\\\/01\\\/2018_01-02_FiJ_EKAS_Bild_1526812.jpg\",\"contentUrl\":\"https:\\\/\\\/www.organisator.ch\\\/wp-content\\\/uploads\\\/2018\\\/01\\\/2018_01-02_FiJ_EKAS_Bild_1526812.jpg\",\"width\":1333,\"height\":2000,\"caption\":\"Unterbrechen Sie die Arbeit am klassischen Arbeitsplatz und nutzen Sie alternative Arbeitspl\u00e4tze: Auch ein Korpus kann als Stehpult dienen. (Bild: zVg \\\/ EKAS)\"},{\"@type\":\"BreadcrumbList\",\"@id\":\"https:\\\/\\\/www.organisator.ch\\\/human-resources\\\/fit_im_job\\\/2018-02-09\\\/schadet-mobiles-arbeiten-der-gesundheit\\\/#breadcrumb\",\"itemListElement\":[{\"@type\":\"ListItem\",\"position\":1,\"name\":\"Home\",\"item\":\"https:\\\/\\\/www.organisator.ch\\\/\"},{\"@type\":\"ListItem\",\"position\":2,\"name\":\"Mobil arbeiten: schadet das der Gesundheit?\"}]},{\"@type\":\"WebSite\",\"@id\":\"https:\\\/\\\/www.organisator.ch\\\/#website\",\"url\":\"https:\\\/\\\/www.organisator.ch\\\/\",\"name\":\"Organisator\",\"description\":\"Kompetent. Praxisnah. Der ORGANISATOR bereitet in 10 Ausgaben pro Jahr die wesentlichen Themen f\u00fcr F\u00fchrungskr\u00e4fte von KMU auf.\",\"publisher\":{\"@id\":\"https:\\\/\\\/www.organisator.ch\\\/#organization\"},\"potentialAction\":[{\"@type\":\"SearchAction\",\"target\":{\"@type\":\"EntryPoint\",\"urlTemplate\":\"https:\\\/\\\/www.organisator.ch\\\/?s={search_term_string}\"},\"query-input\":{\"@type\":\"PropertyValueSpecification\",\"valueRequired\":true,\"valueName\":\"search_term_string\"}}],\"inLanguage\":\"en-US\"},{\"@type\":\"Organization\",\"@id\":\"https:\\\/\\\/www.organisator.ch\\\/#organization\",\"name\":\"Organisator\",\"url\":\"https:\\\/\\\/www.organisator.ch\\\/\",\"logo\":{\"@type\":\"ImageObject\",\"inLanguage\":\"en-US\",\"@id\":\"https:\\\/\\\/www.organisator.ch\\\/#\\\/schema\\\/logo\\\/image\\\/\",\"url\":\"https:\\\/\\\/www.organisator.ch\\\/wp-content\\\/uploads\\\/2022\\\/01\\\/Logo_Organisator_Website.png\",\"contentUrl\":\"https:\\\/\\\/www.organisator.ch\\\/wp-content\\\/uploads\\\/2022\\\/01\\\/Logo_Organisator_Website.png\",\"width\":800,\"height\":77,\"caption\":\"Organisator\"},\"image\":{\"@id\":\"https:\\\/\\\/www.organisator.ch\\\/#\\\/schema\\\/logo\\\/image\\\/\"},\"sameAs\":[\"https:\\\/\\\/www.facebook.com\\\/OrganisatorFachmagazin\",\"https:\\\/\\\/www.linkedin.com\\\/showcase\\\/organisator-das-magazin-fr-kmu\",\"https:\\\/\\\/www.xing.com\\\/news\\\/pages\\\/organisator-ch-695\",\"https:\\\/\\\/www.youtube.com\\\/channel\\\/UCGP2Sq0iWaZwT3BdIAQFYpw\"]},{\"@type\":\"Person\",\"@id\":\"https:\\\/\\\/www.organisator.ch\\\/#\\\/schema\\\/person\\\/dd8ffea01043c9c41d7718296a158fac\",\"name\":\"K4-Import\",\"image\":{\"@type\":\"ImageObject\",\"inLanguage\":\"en-US\",\"@id\":\"https:\\\/\\\/secure.gravatar.com\\\/avatar\\\/73620ab7215a54b074cc226514e02ed65cb79211bbaee1eb49b63b57e58aaad6?s=96&d=mm&r=g\",\"url\":\"https:\\\/\\\/secure.gravatar.com\\\/avatar\\\/73620ab7215a54b074cc226514e02ed65cb79211bbaee1eb49b63b57e58aaad6?s=96&d=mm&r=g\",\"contentUrl\":\"https:\\\/\\\/secure.gravatar.com\\\/avatar\\\/73620ab7215a54b074cc226514e02ed65cb79211bbaee1eb49b63b57e58aaad6?s=96&d=mm&r=g\",\"caption\":\"K4-Import\"},\"url\":\"https:\\\/\\\/www.organisator.ch\\\/en\\\/author\\\/k4-import\\\/\"}]}<\/script>\n<!-- \/ Yoast SEO plugin. -->","yoast_head_json":{"title":"Mobile working: does it harm health? - Organizer","description":"Public places and one's own home are becoming mobile offices. But even in the mobile office, it is important to ensure a good sitting position and to protect yourself from noise emissions.","robots":{"index":"index","follow":"follow","max-snippet":"max-snippet:-1","max-image-preview":"max-image-preview:large","max-video-preview":"max-video-preview:-1"},"canonical":"https:\/\/www.organisator.ch\/en\/human-resources\/fit_im_job\/2018-02-09\/schadet-mobiles-arbeiten-der-gesundheit\/","og_locale":"en_US","og_type":"article","og_title":"Mobil arbeiten: schadet das der Gesundheit?","og_description":"\u00d6ffentliche Pl\u00e4tze und das eigene Zuhause werden zum mobilen #B\u00fcro. Doch auch im mobilen B\u00fcro ist es wichtig, auf eine gute #Sitzposition zu achten und sich vor #L\u00e4rmemissionen zu sch\u00fctzen.","og_url":"https:\/\/www.organisator.ch\/en\/human-resources\/fit_im_job\/2018-02-09\/schadet-mobiles-arbeiten-der-gesundheit\/","og_site_name":"Organisator","article_publisher":"https:\/\/www.facebook.com\/OrganisatorFachmagazin","article_published_time":"2018-02-09T07:00:21+00:00","og_image":[{"width":1333,"height":2000,"url":"https:\/\/www.organisator.ch\/wp-content\/uploads\/2018\/01\/2018_01-02_FiJ_EKAS_Bild_1526812.jpg","type":"image\/jpeg"}],"author":"K4-Import","twitter_card":"summary_large_image","twitter_title":"Mobil arbeiten: schadet das der #Gesundheit?","twitter_description":"\u00d6ffentliche Pl\u00e4tze und das eigene Zuhause werden zum #mobilenB\u00fcro. Doch auch im mobilen B\u00fcro ist es wichtig, auf eine gute #Sitzposition zu achten und sich vor #L\u00e4rmemissionen zu sch\u00fctzen.","twitter_image":"https:\/\/www.organisator.ch\/wp-content\/uploads\/2018\/01\/2018_01-02_FiJ_EKAS_Bild_1526812.jpg","schema":{"@context":"https:\/\/schema.org","@graph":[{"@type":"Article","@id":"https:\/\/www.organisator.ch\/human-resources\/fit_im_job\/2018-02-09\/schadet-mobiles-arbeiten-der-gesundheit\/#article","isPartOf":{"@id":"https:\/\/www.organisator.ch\/human-resources\/fit_im_job\/2018-02-09\/schadet-mobiles-arbeiten-der-gesundheit\/"},"author":{"name":"K4-Import","@id":"https:\/\/www.organisator.ch\/#\/schema\/person\/dd8ffea01043c9c41d7718296a158fac"},"headline":"Mobil arbeiten: schadet das der Gesundheit?","datePublished":"2018-02-09T07:00:21+00:00","mainEntityOfPage":{"@id":"https:\/\/www.organisator.ch\/human-resources\/fit_im_job\/2018-02-09\/schadet-mobiles-arbeiten-der-gesundheit\/"},"wordCount":531,"commentCount":0,"publisher":{"@id":"https:\/\/www.organisator.ch\/#organization"},"image":{"@id":"https:\/\/www.organisator.ch\/human-resources\/fit_im_job\/2018-02-09\/schadet-mobiles-arbeiten-der-gesundheit\/#primaryimage"},"thumbnailUrl":"https:\/\/www.organisator.ch\/wp-content\/uploads\/2018\/01\/2018_01-02_FiJ_EKAS_Bild_1526812.jpg","keywords":["Arbeitssicherheit","Betriebliches Gesundheitsmanagement","Ergonomie","Fit im Job"],"articleSection":["FIT IM JOB"],"inLanguage":"en-US"},{"@type":"WebPage","@id":"https:\/\/www.organisator.ch\/human-resources\/fit_im_job\/2018-02-09\/schadet-mobiles-arbeiten-der-gesundheit\/","url":"https:\/\/www.organisator.ch\/human-resources\/fit_im_job\/2018-02-09\/schadet-mobiles-arbeiten-der-gesundheit\/","name":"Mobile working: does it harm health? - Organizer","isPartOf":{"@id":"https:\/\/www.organisator.ch\/#website"},"primaryImageOfPage":{"@id":"https:\/\/www.organisator.ch\/human-resources\/fit_im_job\/2018-02-09\/schadet-mobiles-arbeiten-der-gesundheit\/#primaryimage"},"image":{"@id":"https:\/\/www.organisator.ch\/human-resources\/fit_im_job\/2018-02-09\/schadet-mobiles-arbeiten-der-gesundheit\/#primaryimage"},"thumbnailUrl":"https:\/\/www.organisator.ch\/wp-content\/uploads\/2018\/01\/2018_01-02_FiJ_EKAS_Bild_1526812.jpg","datePublished":"2018-02-09T07:00:21+00:00","description":"Public places and one's own home are becoming mobile offices. But even in the mobile office, it is important to ensure a good sitting position and to protect yourself from noise emissions.","breadcrumb":{"@id":"https:\/\/www.organisator.ch\/human-resources\/fit_im_job\/2018-02-09\/schadet-mobiles-arbeiten-der-gesundheit\/#breadcrumb"},"inLanguage":"en-US","potentialAction":[{"@type":"ReadAction","target":["https:\/\/www.organisator.ch\/human-resources\/fit_im_job\/2018-02-09\/schadet-mobiles-arbeiten-der-gesundheit\/"]}]},{"@type":"ImageObject","inLanguage":"en-US","@id":"https:\/\/www.organisator.ch\/human-resources\/fit_im_job\/2018-02-09\/schadet-mobiles-arbeiten-der-gesundheit\/#primaryimage","url":"https:\/\/www.organisator.ch\/wp-content\/uploads\/2018\/01\/2018_01-02_FiJ_EKAS_Bild_1526812.jpg","contentUrl":"https:\/\/www.organisator.ch\/wp-content\/uploads\/2018\/01\/2018_01-02_FiJ_EKAS_Bild_1526812.jpg","width":1333,"height":2000,"caption":"Unterbrechen Sie die Arbeit am klassischen Arbeitsplatz und nutzen Sie alternative Arbeitspl\u00e4tze: Auch ein Korpus kann als Stehpult dienen. (Bild: zVg \/ EKAS)"},{"@type":"BreadcrumbList","@id":"https:\/\/www.organisator.ch\/human-resources\/fit_im_job\/2018-02-09\/schadet-mobiles-arbeiten-der-gesundheit\/#breadcrumb","itemListElement":[{"@type":"ListItem","position":1,"name":"Home","item":"https:\/\/www.organisator.ch\/"},{"@type":"ListItem","position":2,"name":"Mobil arbeiten: schadet das der Gesundheit?"}]},{"@type":"WebSite","@id":"https:\/\/www.organisator.ch\/#website","url":"https:\/\/www.organisator.ch\/","name":"Organizer","description":"Competent. Practical. In 10 issues per year, ORGANISATOR presents the essential topics for managers of SMEs.","publisher":{"@id":"https:\/\/www.organisator.ch\/#organization"},"potentialAction":[{"@type":"SearchAction","target":{"@type":"EntryPoint","urlTemplate":"https:\/\/www.organisator.ch\/?s={search_term_string}"},"query-input":{"@type":"PropertyValueSpecification","valueRequired":true,"valueName":"search_term_string"}}],"inLanguage":"en-US"},{"@type":"Organization","@id":"https:\/\/www.organisator.ch\/#organization","name":"Organizer","url":"https:\/\/www.organisator.ch\/","logo":{"@type":"ImageObject","inLanguage":"en-US","@id":"https:\/\/www.organisator.ch\/#\/schema\/logo\/image\/","url":"https:\/\/www.organisator.ch\/wp-content\/uploads\/2022\/01\/Logo_Organisator_Website.png","contentUrl":"https:\/\/www.organisator.ch\/wp-content\/uploads\/2022\/01\/Logo_Organisator_Website.png","width":800,"height":77,"caption":"Organisator"},"image":{"@id":"https:\/\/www.organisator.ch\/#\/schema\/logo\/image\/"},"sameAs":["https:\/\/www.facebook.com\/OrganisatorFachmagazin","https:\/\/www.linkedin.com\/showcase\/organisator-das-magazin-fr-kmu","https:\/\/www.xing.com\/news\/pages\/organisator-ch-695","https:\/\/www.youtube.com\/channel\/UCGP2Sq0iWaZwT3BdIAQFYpw"]},{"@type":"Person","@id":"https:\/\/www.organisator.ch\/#\/schema\/person\/dd8ffea01043c9c41d7718296a158fac","name":"K4 import","image":{"@type":"ImageObject","inLanguage":"en-US","@id":"https:\/\/secure.gravatar.com\/avatar\/73620ab7215a54b074cc226514e02ed65cb79211bbaee1eb49b63b57e58aaad6?s=96&d=mm&r=g","url":"https:\/\/secure.gravatar.com\/avatar\/73620ab7215a54b074cc226514e02ed65cb79211bbaee1eb49b63b57e58aaad6?s=96&d=mm&r=g","contentUrl":"https:\/\/secure.gravatar.com\/avatar\/73620ab7215a54b074cc226514e02ed65cb79211bbaee1eb49b63b57e58aaad6?s=96&d=mm&r=g","caption":"K4-Import"},"url":"https:\/\/www.organisator.ch\/en\/author\/k4-import\/"}]}},"_links":{"self":[{"href":"https:\/\/www.organisator.ch\/en\/wp-json\/wp\/v2\/posts\/3071","targetHints":{"allow":["GET"]}}],"collection":[{"href":"https:\/\/www.organisator.ch\/en\/wp-json\/wp\/v2\/posts"}],"about":[{"href":"https:\/\/www.organisator.ch\/en\/wp-json\/wp\/v2\/types\/post"}],"author":[{"embeddable":true,"href":"https:\/\/www.organisator.ch\/en\/wp-json\/wp\/v2\/users\/7"}],"replies":[{"embeddable":true,"href":"https:\/\/www.organisator.ch\/en\/wp-json\/wp\/v2\/comments?post=3071"}],"version-history":[{"count":0,"href":"https:\/\/www.organisator.ch\/en\/wp-json\/wp\/v2\/posts\/3071\/revisions"}],"wp:featuredmedia":[{"embeddable":true,"href":"https:\/\/www.organisator.ch\/en\/wp-json\/wp\/v2\/media\/3073"}],"wp:attachment":[{"href":"https:\/\/www.organisator.ch\/en\/wp-json\/wp\/v2\/media?parent=3071"}],"wp:term":[{"taxonomy":"category","embeddable":true,"href":"https:\/\/www.organisator.ch\/en\/wp-json\/wp\/v2\/categories?post=3071"},{"taxonomy":"post_tag","embeddable":true,"href":"https:\/\/www.organisator.ch\/en\/wp-json\/wp\/v2\/tags?post=3071"}],"curies":[{"name":"wp","href":"https:\/\/api.w.org\/{rel}","templated":true}]}}