{"id":30851,"date":"2024-10-18T10:00:35","date_gmt":"2024-10-18T08:00:35","guid":{"rendered":"https:\/\/www.organisator.ch\/?p=30851"},"modified":"2024-10-17T08:44:05","modified_gmt":"2024-10-17T06:44:05","slug":"der-arbeitsmarkt-wird-enger-waehrend-ki-die-einstellungsprozesse-neu-gestaltet","status":"publish","type":"post","link":"https:\/\/www.organisator.ch\/en\/human-resources\/2024-10-18\/der-arbeitsmarkt-wird-enger-waehrend-ki-die-einstellungsprozesse-neu-gestaltet\/","title":{"rendered":"The labor market is tightening, while AI is reshaping hiring processes"},"content":{"rendered":"<figure id=\"attachment_30857\" aria-describedby=\"caption-attachment-30857\" style=\"width: 680px\" class=\"wp-caption alignnone\"><img loading=\"lazy\" decoding=\"async\" class=\"size-full wp-image-30857\" src=\"https:\/\/www.organisator.ch\/wp-content\/uploads\/2024\/10\/Workday_Bild1_ps.jpg\" alt=\"\" width=\"680\" height=\"495\" srcset=\"https:\/\/www.organisator.ch\/wp-content\/uploads\/2024\/10\/Workday_Bild1_ps.jpg 680w, https:\/\/www.organisator.ch\/wp-content\/uploads\/2024\/10\/Workday_Bild1_ps-16x12.jpg 16w, https:\/\/www.organisator.ch\/wp-content\/uploads\/2024\/10\/Workday_Bild1_ps-375x273.jpg 375w, https:\/\/www.organisator.ch\/wp-content\/uploads\/2024\/10\/Workday_Bild1_ps-481x350.jpg 481w\" sizes=\"auto, (max-width: 680px) 100vw, 680px\" \/><figcaption id=\"caption-attachment-30857\" class=\"wp-caption-text\">The labor market is changing in favor of employers, but at the same time employees are becoming more self-confident in their demands. (Image: www.workday.ch)<\/figcaption><\/figure>\n<p>The key findings of the Workday Global Workforce Report for the first half of 2024<\/p>\n<ul>\n<li><strong>It is becoming more difficult to find a new job:<\/strong> The increase in applications (31%) far exceeds job growth (7%) compared to the first half of 2023.<\/li>\n<li><strong>Top employees leave the company first:<\/strong> In 75% of the sectors surveyed, voluntary redundancies by top performers have increased.<\/li>\n<li><strong>AI is becoming an indispensable tool for HR teams:<\/strong> 77% of companies plan to increase the use of AI in recruitment in the coming year.<\/li>\n<li><strong>Meaningful work leads to a stronger sense of fulfillment and loyalty:<\/strong> Workers who feel they are doing meaningful work feel 37% more fulfilled than those who do not - even with a heavy workload.<\/li>\n<\/ul>\n<p>Workday Recruiting customers processed around 19 million job requisitions in the first half of 2024 - an increase of 7% year-on-year - and processed 173 million applications, an increase of 31%. Although the labor market is growing, it is becoming increasingly competitive for job seekers. This trend could intensify if job growth slows and unemployment continues to rise in the US and globally.<\/p>\n<p>\"The job market is changing in favor of employers, but at the same time, employees are becoming more assertive in their demands - competitive wages, clear opportunities for advancement and meaningful work are critical,\" says Alexandra Hartung, Head of Midmarket at Workday. \"Managers need to help their employees find meaning in their work to retain the best talent to drive the success of the business.\"<\/p>\n<h3><strong>Labor market trends in the DACH region: focus on Germany and Switzerland<\/strong><\/h3>\n<p>Among the countries outside the USA that received the most job requests, applications and employment contracts in the first half of 2024, Germany and Switzerland led the way alongside Spain and France:<\/p>\n<p><strong>Germany:<\/strong><\/p>\n<ul>\n<li>402,000 Job requirements (+12%)<\/li>\n<li>2.6 million applications (+3%)<\/li>\n<li>177,000 job vacancies\/employment contracts (+3%)<\/li>\n<\/ul>\n<p>Despite the general economic downturn, there is still a significant shortage of skilled workers in some sectors, particularly in information technology, engineering and healthcare. This offers new opportunities for qualified personnel in these sectors. In addition, Germany has one of the lowest unemployment rates of all OECD countries at 3.3%.<\/p>\n<p>This low unemployment rate makes it easier for employers to find suitable candidates for vacancies. According to OECD forecasts, Germany will remain one of the slowest growing industrialized nations until at least 2025. This year, gross domestic product is expected to grow by just 0.1%.<\/p>\n<p><strong>Switzerland:<\/strong><\/p>\n<ul>\n<li>215,000 Job requirements (+14%)<\/li>\n<li>1.3 million applications (+12%)<\/li>\n<li>112,000 job vacancies\/employment contracts (+38%)<\/li>\n<\/ul>\n<p>Compared to many other countries, the Swiss labor market remains positive. Job creation has increased, particularly in the service sector, and the unemployment rate remains low.<\/p>\n<h3><strong>About this report<\/strong><\/h3>\n<p>The findings of the Global Workforce Report (formerly known as the Workday Hiring and Talent Trends Report) were drawn from Workday Peakon Employee Voice, Workday People Analytics, Workday Recruiting and HiredScore. Third-party data is based on a Workday-commissioned survey conducted by independent market research firm Hanover Research. 1000 respondents were surveyed in July 2024.<\/p>\n<p>Source: <a href=\"http:\/\/www.workday.ch\">www.workday.ch<\/a><\/p>","protected":false},"excerpt":{"rendered":"<p>Workday, a leading provider of solutions that help organizations manage their people and finances, has published its bi-annual Global Workforce Report. This shows that it is currently an employer's market as the number of applications is growing four times faster than the number of job requirements. Nevertheless, top talent is quitting their jobs to look for better opportunities. At the same time, companies are increasingly turning to artificial intelligence (AI) to find and retain the best talent.<\/p>","protected":false},"author":80,"featured_media":30857,"comment_status":"closed","ping_status":"closed","sticky":false,"template":"","format":"standard","meta":{"_acf_changed":false,"_yoast_wpseo_focuskw":"Arbeitsmarkt","_yoast_wpseo_metadesc":"Workday, ein f\u00fchrender Anbieter von L\u00f6sungen, die Unternehmen bei der Verwaltung ihrer Mitarbeiter und Finanzen unterst\u00fctzen, hat seinen halbj\u00e4hrlichen Global Workforce Report ver\u00f6ffentlicht.","articlekey":"","footnotes":""},"categories":[579],"tags":[47,4633,319,424,453],"class_list":["post-30851","post","type-post","status-publish","format-standard","has-post-thumbnail","hentry","category-human-resources","tag-arbeitsmarkt","tag-einstellungsprozess","tag-kuenstliche-intelligenz","tag-schweiz","tag-stellensuche"],"acf":[],"yoast_head":"<!-- This site is optimized with the Yoast SEO plugin v27.5 - https:\/\/yoast.com\/product\/yoast-seo-wordpress\/ -->\n<title>Der Arbeitsmarkt wird enger, w\u00e4hrend KI die Einstellungsprozesse neu gestaltet - Organisator<\/title>\n<meta name=\"description\" content=\"Workday, ein f\u00fchrender Anbieter von L\u00f6sungen, die Unternehmen bei der Verwaltung ihrer Mitarbeiter und Finanzen unterst\u00fctzen, hat seinen halbj\u00e4hrlichen Global Workforce Report ver\u00f6ffentlicht.\" \/>\n<meta name=\"robots\" content=\"index, follow, max-snippet:-1, max-image-preview:large, max-video-preview:-1\" \/>\n<link rel=\"canonical\" href=\"https:\/\/www.organisator.ch\/en\/human-resources\/2024-10-18\/der-arbeitsmarkt-wird-enger-waehrend-ki-die-einstellungsprozesse-neu-gestaltet\/\" \/>\n<meta property=\"og:locale\" content=\"en_US\" \/>\n<meta property=\"og:type\" content=\"article\" \/>\n<meta property=\"og:title\" content=\"Der Arbeitsmarkt wird enger, w\u00e4hrend KI die Einstellungsprozesse neu gestaltet\" \/>\n<meta property=\"og:description\" content=\"Workday, ein f\u00fchrender Anbieter von L\u00f6sungen, die Unternehmen bei der Verwaltung ihrer Mitarbeiter und Finanzen unterst\u00fctzen, hat seinen halbj\u00e4hrlichen Global Workforce Report ver\u00f6ffentlicht.\" \/>\n<meta property=\"og:url\" content=\"https:\/\/www.organisator.ch\/en\/human-resources\/2024-10-18\/der-arbeitsmarkt-wird-enger-waehrend-ki-die-einstellungsprozesse-neu-gestaltet\/\" \/>\n<meta property=\"og:site_name\" content=\"Organisator\" \/>\n<meta property=\"article:publisher\" content=\"https:\/\/www.facebook.com\/OrganisatorFachmagazin\" \/>\n<meta property=\"article:published_time\" content=\"2024-10-18T08:00:35+00:00\" \/>\n<meta property=\"og:image\" content=\"https:\/\/www.organisator.ch\/wp-content\/uploads\/2024\/10\/Workday_Bild1_ps.jpg\" \/>\n\t<meta property=\"og:image:width\" content=\"680\" \/>\n\t<meta property=\"og:image:height\" content=\"495\" \/>\n\t<meta property=\"og:image:type\" content=\"image\/jpeg\" \/>\n<meta name=\"author\" content=\"Dzana Muminovic\" \/>\n<meta name=\"twitter:card\" content=\"summary_large_image\" \/>\n<meta name=\"twitter:title\" content=\"Der Arbeitsmarkt wird enger, w\u00e4hrend KI die Einstellungsprozesse neu gestaltet\" \/>\n<meta name=\"twitter:description\" content=\"#Workday, ein f\u00fchrender #Anbieter von #L\u00f6sungen, die #Unternehmen bei der #Verwaltung ihrer #Mitarbeiter und #Finanzen unterst\u00fctzen, hat seinen halbj\u00e4hrlichen #Global #Workforce #Report ver\u00f6ffentlicht.\" \/>\n<meta name=\"twitter:image\" content=\"https:\/\/www.organisator.ch\/wp-content\/uploads\/2024\/10\/Workday_Bild1_ps.jpg\" \/>\n<script type=\"application\/ld+json\" class=\"yoast-schema-graph\">{\"@context\":\"https:\\\/\\\/schema.org\",\"@graph\":[{\"@type\":\"Article\",\"@id\":\"https:\\\/\\\/www.organisator.ch\\\/human-resources\\\/2024-10-18\\\/der-arbeitsmarkt-wird-enger-waehrend-ki-die-einstellungsprozesse-neu-gestaltet\\\/#article\",\"isPartOf\":{\"@id\":\"https:\\\/\\\/www.organisator.ch\\\/human-resources\\\/2024-10-18\\\/der-arbeitsmarkt-wird-enger-waehrend-ki-die-einstellungsprozesse-neu-gestaltet\\\/\"},\"author\":{\"name\":\"Dzana Muminovic\",\"@id\":\"https:\\\/\\\/www.organisator.ch\\\/#\\\/schema\\\/person\\\/afccda3a71c06d4be2ed9100dd163db7\"},\"headline\":\"Der Arbeitsmarkt wird enger, w\u00e4hrend KI die Einstellungsprozesse neu gestaltet\",\"datePublished\":\"2024-10-18T08:00:35+00:00\",\"mainEntityOfPage\":{\"@id\":\"https:\\\/\\\/www.organisator.ch\\\/human-resources\\\/2024-10-18\\\/der-arbeitsmarkt-wird-enger-waehrend-ki-die-einstellungsprozesse-neu-gestaltet\\\/\"},\"wordCount\":526,\"publisher\":{\"@id\":\"https:\\\/\\\/www.organisator.ch\\\/#organization\"},\"image\":{\"@id\":\"https:\\\/\\\/www.organisator.ch\\\/human-resources\\\/2024-10-18\\\/der-arbeitsmarkt-wird-enger-waehrend-ki-die-einstellungsprozesse-neu-gestaltet\\\/#primaryimage\"},\"thumbnailUrl\":\"https:\\\/\\\/www.organisator.ch\\\/wp-content\\\/uploads\\\/2024\\\/10\\\/Workday_Bild1_ps.jpg\",\"keywords\":[\"Arbeitsmarkt\",\"Einstellungsprozess\",\"K\u00fcnstliche Intelligenz\",\"Schweiz\",\"Stellensuche\"],\"articleSection\":[\"HUMAN RESOURCES\"],\"inLanguage\":\"en-US\"},{\"@type\":\"WebPage\",\"@id\":\"https:\\\/\\\/www.organisator.ch\\\/human-resources\\\/2024-10-18\\\/der-arbeitsmarkt-wird-enger-waehrend-ki-die-einstellungsprozesse-neu-gestaltet\\\/\",\"url\":\"https:\\\/\\\/www.organisator.ch\\\/human-resources\\\/2024-10-18\\\/der-arbeitsmarkt-wird-enger-waehrend-ki-die-einstellungsprozesse-neu-gestaltet\\\/\",\"name\":\"Der Arbeitsmarkt wird enger, w\u00e4hrend KI die Einstellungsprozesse neu gestaltet - Organisator\",\"isPartOf\":{\"@id\":\"https:\\\/\\\/www.organisator.ch\\\/#website\"},\"primaryImageOfPage\":{\"@id\":\"https:\\\/\\\/www.organisator.ch\\\/human-resources\\\/2024-10-18\\\/der-arbeitsmarkt-wird-enger-waehrend-ki-die-einstellungsprozesse-neu-gestaltet\\\/#primaryimage\"},\"image\":{\"@id\":\"https:\\\/\\\/www.organisator.ch\\\/human-resources\\\/2024-10-18\\\/der-arbeitsmarkt-wird-enger-waehrend-ki-die-einstellungsprozesse-neu-gestaltet\\\/#primaryimage\"},\"thumbnailUrl\":\"https:\\\/\\\/www.organisator.ch\\\/wp-content\\\/uploads\\\/2024\\\/10\\\/Workday_Bild1_ps.jpg\",\"datePublished\":\"2024-10-18T08:00:35+00:00\",\"description\":\"Workday, ein f\u00fchrender Anbieter von L\u00f6sungen, die Unternehmen bei der Verwaltung ihrer Mitarbeiter und Finanzen unterst\u00fctzen, hat seinen halbj\u00e4hrlichen Global Workforce Report ver\u00f6ffentlicht.\",\"breadcrumb\":{\"@id\":\"https:\\\/\\\/www.organisator.ch\\\/human-resources\\\/2024-10-18\\\/der-arbeitsmarkt-wird-enger-waehrend-ki-die-einstellungsprozesse-neu-gestaltet\\\/#breadcrumb\"},\"inLanguage\":\"en-US\",\"potentialAction\":[{\"@type\":\"ReadAction\",\"target\":[\"https:\\\/\\\/www.organisator.ch\\\/human-resources\\\/2024-10-18\\\/der-arbeitsmarkt-wird-enger-waehrend-ki-die-einstellungsprozesse-neu-gestaltet\\\/\"]}]},{\"@type\":\"ImageObject\",\"inLanguage\":\"en-US\",\"@id\":\"https:\\\/\\\/www.organisator.ch\\\/human-resources\\\/2024-10-18\\\/der-arbeitsmarkt-wird-enger-waehrend-ki-die-einstellungsprozesse-neu-gestaltet\\\/#primaryimage\",\"url\":\"https:\\\/\\\/www.organisator.ch\\\/wp-content\\\/uploads\\\/2024\\\/10\\\/Workday_Bild1_ps.jpg\",\"contentUrl\":\"https:\\\/\\\/www.organisator.ch\\\/wp-content\\\/uploads\\\/2024\\\/10\\\/Workday_Bild1_ps.jpg\",\"width\":680,\"height\":495,\"caption\":\"Der Arbeitsmarkt ver\u00e4ndert sich zugunsten der Arbeitgeber, aber gleichzeitig werden die Arbeitnehmenden selbstbewusster in ihren Anspr\u00fcchen. (Bild: www.workday.ch)\"},{\"@type\":\"BreadcrumbList\",\"@id\":\"https:\\\/\\\/www.organisator.ch\\\/human-resources\\\/2024-10-18\\\/der-arbeitsmarkt-wird-enger-waehrend-ki-die-einstellungsprozesse-neu-gestaltet\\\/#breadcrumb\",\"itemListElement\":[{\"@type\":\"ListItem\",\"position\":1,\"name\":\"Home\",\"item\":\"https:\\\/\\\/www.organisator.ch\\\/\"},{\"@type\":\"ListItem\",\"position\":2,\"name\":\"Der Arbeitsmarkt wird enger, w\u00e4hrend KI die Einstellungsprozesse neu gestaltet\"}]},{\"@type\":\"WebSite\",\"@id\":\"https:\\\/\\\/www.organisator.ch\\\/#website\",\"url\":\"https:\\\/\\\/www.organisator.ch\\\/\",\"name\":\"Organisator\",\"description\":\"Kompetent. Praxisnah. Der ORGANISATOR bereitet in 10 Ausgaben pro Jahr die wesentlichen Themen f\u00fcr F\u00fchrungskr\u00e4fte von KMU auf.\",\"publisher\":{\"@id\":\"https:\\\/\\\/www.organisator.ch\\\/#organization\"},\"potentialAction\":[{\"@type\":\"SearchAction\",\"target\":{\"@type\":\"EntryPoint\",\"urlTemplate\":\"https:\\\/\\\/www.organisator.ch\\\/?s={search_term_string}\"},\"query-input\":{\"@type\":\"PropertyValueSpecification\",\"valueRequired\":true,\"valueName\":\"search_term_string\"}}],\"inLanguage\":\"en-US\"},{\"@type\":\"Organization\",\"@id\":\"https:\\\/\\\/www.organisator.ch\\\/#organization\",\"name\":\"Organisator\",\"url\":\"https:\\\/\\\/www.organisator.ch\\\/\",\"logo\":{\"@type\":\"ImageObject\",\"inLanguage\":\"en-US\",\"@id\":\"https:\\\/\\\/www.organisator.ch\\\/#\\\/schema\\\/logo\\\/image\\\/\",\"url\":\"https:\\\/\\\/www.organisator.ch\\\/wp-content\\\/uploads\\\/2022\\\/01\\\/Logo_Organisator_Website.png\",\"contentUrl\":\"https:\\\/\\\/www.organisator.ch\\\/wp-content\\\/uploads\\\/2022\\\/01\\\/Logo_Organisator_Website.png\",\"width\":800,\"height\":77,\"caption\":\"Organisator\"},\"image\":{\"@id\":\"https:\\\/\\\/www.organisator.ch\\\/#\\\/schema\\\/logo\\\/image\\\/\"},\"sameAs\":[\"https:\\\/\\\/www.facebook.com\\\/OrganisatorFachmagazin\",\"https:\\\/\\\/www.linkedin.com\\\/showcase\\\/organisator-das-magazin-fr-kmu\",\"https:\\\/\\\/www.xing.com\\\/news\\\/pages\\\/organisator-ch-695\",\"https:\\\/\\\/www.youtube.com\\\/channel\\\/UCGP2Sq0iWaZwT3BdIAQFYpw\"]},{\"@type\":\"Person\",\"@id\":\"https:\\\/\\\/www.organisator.ch\\\/#\\\/schema\\\/person\\\/afccda3a71c06d4be2ed9100dd163db7\",\"name\":\"Dzana Muminovic\",\"image\":{\"@type\":\"ImageObject\",\"inLanguage\":\"en-US\",\"@id\":\"https:\\\/\\\/secure.gravatar.com\\\/avatar\\\/909c5c71aff4b38e88686f2ab2f1ba152571f394f41ed8bae431ea56ced93050?s=96&d=mm&r=g\",\"url\":\"https:\\\/\\\/secure.gravatar.com\\\/avatar\\\/909c5c71aff4b38e88686f2ab2f1ba152571f394f41ed8bae431ea56ced93050?s=96&d=mm&r=g\",\"contentUrl\":\"https:\\\/\\\/secure.gravatar.com\\\/avatar\\\/909c5c71aff4b38e88686f2ab2f1ba152571f394f41ed8bae431ea56ced93050?s=96&d=mm&r=g\",\"caption\":\"Dzana Muminovic\"},\"url\":\"https:\\\/\\\/www.organisator.ch\\\/en\\\/author\\\/dzana-muminovic\\\/\"}]}<\/script>\n<!-- \/ Yoast SEO plugin. -->","yoast_head_json":{"title":"The labor market is tightening, while AI is reshaping hiring processes - Organizer","description":"Workday, a leading provider of solutions that help organizations manage their people and finances, has published its semi-annual Global Workforce Report.","robots":{"index":"index","follow":"follow","max-snippet":"max-snippet:-1","max-image-preview":"max-image-preview:large","max-video-preview":"max-video-preview:-1"},"canonical":"https:\/\/www.organisator.ch\/en\/human-resources\/2024-10-18\/der-arbeitsmarkt-wird-enger-waehrend-ki-die-einstellungsprozesse-neu-gestaltet\/","og_locale":"en_US","og_type":"article","og_title":"Der Arbeitsmarkt wird enger, w\u00e4hrend KI die Einstellungsprozesse neu gestaltet","og_description":"Workday, ein f\u00fchrender Anbieter von L\u00f6sungen, die Unternehmen bei der Verwaltung ihrer Mitarbeiter und Finanzen unterst\u00fctzen, hat seinen halbj\u00e4hrlichen Global Workforce Report ver\u00f6ffentlicht.","og_url":"https:\/\/www.organisator.ch\/en\/human-resources\/2024-10-18\/der-arbeitsmarkt-wird-enger-waehrend-ki-die-einstellungsprozesse-neu-gestaltet\/","og_site_name":"Organisator","article_publisher":"https:\/\/www.facebook.com\/OrganisatorFachmagazin","article_published_time":"2024-10-18T08:00:35+00:00","og_image":[{"width":680,"height":495,"url":"https:\/\/www.organisator.ch\/wp-content\/uploads\/2024\/10\/Workday_Bild1_ps.jpg","type":"image\/jpeg"}],"author":"Dzana Muminovic","twitter_card":"summary_large_image","twitter_title":"Der Arbeitsmarkt wird enger, w\u00e4hrend KI die Einstellungsprozesse neu gestaltet","twitter_description":"#Workday, ein f\u00fchrender #Anbieter von #L\u00f6sungen, die #Unternehmen bei der #Verwaltung ihrer #Mitarbeiter und #Finanzen unterst\u00fctzen, hat seinen halbj\u00e4hrlichen #Global #Workforce #Report ver\u00f6ffentlicht.","twitter_image":"https:\/\/www.organisator.ch\/wp-content\/uploads\/2024\/10\/Workday_Bild1_ps.jpg","schema":{"@context":"https:\/\/schema.org","@graph":[{"@type":"Article","@id":"https:\/\/www.organisator.ch\/human-resources\/2024-10-18\/der-arbeitsmarkt-wird-enger-waehrend-ki-die-einstellungsprozesse-neu-gestaltet\/#article","isPartOf":{"@id":"https:\/\/www.organisator.ch\/human-resources\/2024-10-18\/der-arbeitsmarkt-wird-enger-waehrend-ki-die-einstellungsprozesse-neu-gestaltet\/"},"author":{"name":"Dzana Muminovic","@id":"https:\/\/www.organisator.ch\/#\/schema\/person\/afccda3a71c06d4be2ed9100dd163db7"},"headline":"Der Arbeitsmarkt wird enger, w\u00e4hrend KI die Einstellungsprozesse neu gestaltet","datePublished":"2024-10-18T08:00:35+00:00","mainEntityOfPage":{"@id":"https:\/\/www.organisator.ch\/human-resources\/2024-10-18\/der-arbeitsmarkt-wird-enger-waehrend-ki-die-einstellungsprozesse-neu-gestaltet\/"},"wordCount":526,"publisher":{"@id":"https:\/\/www.organisator.ch\/#organization"},"image":{"@id":"https:\/\/www.organisator.ch\/human-resources\/2024-10-18\/der-arbeitsmarkt-wird-enger-waehrend-ki-die-einstellungsprozesse-neu-gestaltet\/#primaryimage"},"thumbnailUrl":"https:\/\/www.organisator.ch\/wp-content\/uploads\/2024\/10\/Workday_Bild1_ps.jpg","keywords":["Arbeitsmarkt","Einstellungsprozess","K\u00fcnstliche Intelligenz","Schweiz","Stellensuche"],"articleSection":["HUMAN RESOURCES"],"inLanguage":"en-US"},{"@type":"WebPage","@id":"https:\/\/www.organisator.ch\/human-resources\/2024-10-18\/der-arbeitsmarkt-wird-enger-waehrend-ki-die-einstellungsprozesse-neu-gestaltet\/","url":"https:\/\/www.organisator.ch\/human-resources\/2024-10-18\/der-arbeitsmarkt-wird-enger-waehrend-ki-die-einstellungsprozesse-neu-gestaltet\/","name":"The labor market is tightening, while AI is reshaping hiring processes - Organizer","isPartOf":{"@id":"https:\/\/www.organisator.ch\/#website"},"primaryImageOfPage":{"@id":"https:\/\/www.organisator.ch\/human-resources\/2024-10-18\/der-arbeitsmarkt-wird-enger-waehrend-ki-die-einstellungsprozesse-neu-gestaltet\/#primaryimage"},"image":{"@id":"https:\/\/www.organisator.ch\/human-resources\/2024-10-18\/der-arbeitsmarkt-wird-enger-waehrend-ki-die-einstellungsprozesse-neu-gestaltet\/#primaryimage"},"thumbnailUrl":"https:\/\/www.organisator.ch\/wp-content\/uploads\/2024\/10\/Workday_Bild1_ps.jpg","datePublished":"2024-10-18T08:00:35+00:00","description":"Workday, a leading provider of solutions that help organizations manage their people and finances, has published its semi-annual Global Workforce Report.","breadcrumb":{"@id":"https:\/\/www.organisator.ch\/human-resources\/2024-10-18\/der-arbeitsmarkt-wird-enger-waehrend-ki-die-einstellungsprozesse-neu-gestaltet\/#breadcrumb"},"inLanguage":"en-US","potentialAction":[{"@type":"ReadAction","target":["https:\/\/www.organisator.ch\/human-resources\/2024-10-18\/der-arbeitsmarkt-wird-enger-waehrend-ki-die-einstellungsprozesse-neu-gestaltet\/"]}]},{"@type":"ImageObject","inLanguage":"en-US","@id":"https:\/\/www.organisator.ch\/human-resources\/2024-10-18\/der-arbeitsmarkt-wird-enger-waehrend-ki-die-einstellungsprozesse-neu-gestaltet\/#primaryimage","url":"https:\/\/www.organisator.ch\/wp-content\/uploads\/2024\/10\/Workday_Bild1_ps.jpg","contentUrl":"https:\/\/www.organisator.ch\/wp-content\/uploads\/2024\/10\/Workday_Bild1_ps.jpg","width":680,"height":495,"caption":"Der Arbeitsmarkt ver\u00e4ndert sich zugunsten der Arbeitgeber, aber gleichzeitig werden die Arbeitnehmenden selbstbewusster in ihren Anspr\u00fcchen. (Bild: www.workday.ch)"},{"@type":"BreadcrumbList","@id":"https:\/\/www.organisator.ch\/human-resources\/2024-10-18\/der-arbeitsmarkt-wird-enger-waehrend-ki-die-einstellungsprozesse-neu-gestaltet\/#breadcrumb","itemListElement":[{"@type":"ListItem","position":1,"name":"Home","item":"https:\/\/www.organisator.ch\/"},{"@type":"ListItem","position":2,"name":"Der Arbeitsmarkt wird enger, w\u00e4hrend KI die Einstellungsprozesse neu gestaltet"}]},{"@type":"WebSite","@id":"https:\/\/www.organisator.ch\/#website","url":"https:\/\/www.organisator.ch\/","name":"Organizer","description":"Competent. Practical. In 10 issues per year, ORGANISATOR presents the essential topics for managers of SMEs.","publisher":{"@id":"https:\/\/www.organisator.ch\/#organization"},"potentialAction":[{"@type":"SearchAction","target":{"@type":"EntryPoint","urlTemplate":"https:\/\/www.organisator.ch\/?s={search_term_string}"},"query-input":{"@type":"PropertyValueSpecification","valueRequired":true,"valueName":"search_term_string"}}],"inLanguage":"en-US"},{"@type":"Organization","@id":"https:\/\/www.organisator.ch\/#organization","name":"Organizer","url":"https:\/\/www.organisator.ch\/","logo":{"@type":"ImageObject","inLanguage":"en-US","@id":"https:\/\/www.organisator.ch\/#\/schema\/logo\/image\/","url":"https:\/\/www.organisator.ch\/wp-content\/uploads\/2022\/01\/Logo_Organisator_Website.png","contentUrl":"https:\/\/www.organisator.ch\/wp-content\/uploads\/2022\/01\/Logo_Organisator_Website.png","width":800,"height":77,"caption":"Organisator"},"image":{"@id":"https:\/\/www.organisator.ch\/#\/schema\/logo\/image\/"},"sameAs":["https:\/\/www.facebook.com\/OrganisatorFachmagazin","https:\/\/www.linkedin.com\/showcase\/organisator-das-magazin-fr-kmu","https:\/\/www.xing.com\/news\/pages\/organisator-ch-695","https:\/\/www.youtube.com\/channel\/UCGP2Sq0iWaZwT3BdIAQFYpw"]},{"@type":"Person","@id":"https:\/\/www.organisator.ch\/#\/schema\/person\/afccda3a71c06d4be2ed9100dd163db7","name":"Dzana Muminovic","image":{"@type":"ImageObject","inLanguage":"en-US","@id":"https:\/\/secure.gravatar.com\/avatar\/909c5c71aff4b38e88686f2ab2f1ba152571f394f41ed8bae431ea56ced93050?s=96&d=mm&r=g","url":"https:\/\/secure.gravatar.com\/avatar\/909c5c71aff4b38e88686f2ab2f1ba152571f394f41ed8bae431ea56ced93050?s=96&d=mm&r=g","contentUrl":"https:\/\/secure.gravatar.com\/avatar\/909c5c71aff4b38e88686f2ab2f1ba152571f394f41ed8bae431ea56ced93050?s=96&d=mm&r=g","caption":"Dzana Muminovic"},"url":"https:\/\/www.organisator.ch\/en\/author\/dzana-muminovic\/"}]}},"_links":{"self":[{"href":"https:\/\/www.organisator.ch\/en\/wp-json\/wp\/v2\/posts\/30851","targetHints":{"allow":["GET"]}}],"collection":[{"href":"https:\/\/www.organisator.ch\/en\/wp-json\/wp\/v2\/posts"}],"about":[{"href":"https:\/\/www.organisator.ch\/en\/wp-json\/wp\/v2\/types\/post"}],"author":[{"embeddable":true,"href":"https:\/\/www.organisator.ch\/en\/wp-json\/wp\/v2\/users\/80"}],"replies":[{"embeddable":true,"href":"https:\/\/www.organisator.ch\/en\/wp-json\/wp\/v2\/comments?post=30851"}],"version-history":[{"count":2,"href":"https:\/\/www.organisator.ch\/en\/wp-json\/wp\/v2\/posts\/30851\/revisions"}],"predecessor-version":[{"id":31044,"href":"https:\/\/www.organisator.ch\/en\/wp-json\/wp\/v2\/posts\/30851\/revisions\/31044"}],"wp:featuredmedia":[{"embeddable":true,"href":"https:\/\/www.organisator.ch\/en\/wp-json\/wp\/v2\/media\/30857"}],"wp:attachment":[{"href":"https:\/\/www.organisator.ch\/en\/wp-json\/wp\/v2\/media?parent=30851"}],"wp:term":[{"taxonomy":"category","embeddable":true,"href":"https:\/\/www.organisator.ch\/en\/wp-json\/wp\/v2\/categories?post=30851"},{"taxonomy":"post_tag","embeddable":true,"href":"https:\/\/www.organisator.ch\/en\/wp-json\/wp\/v2\/tags?post=30851"}],"curies":[{"name":"wp","href":"https:\/\/api.w.org\/{rel}","templated":true}]}}