{"id":30862,"date":"2024-10-21T23:31:10","date_gmt":"2024-10-21T21:31:10","guid":{"rendered":"https:\/\/www.organisator.ch\/de\/?p=30862"},"modified":"2024-10-17T11:21:41","modified_gmt":"2024-10-17T09:21:41","slug":"aktuelle-trends-in-arbeitsrecht-praevention-und-fuehrung","status":"publish","type":"post","link":"https:\/\/www.organisator.ch\/en\/human-resources\/2024-10-21\/aktuelle-trends-in-arbeitsrecht-praevention-und-fuehrung\/","title":{"rendered":"Current trends in labor law, prevention and leadership"},"content":{"rendered":"<div class=\"swpm-post-not-logged-in-msg\">You need to be logged in to view this content. Please <a class=\"swpm-login-link\" href=\"https:\/\/www.organisator.ch\/login\/\">Log In<\/a>. Not a Member? <a href=\"https:\/\/www.organisator.ch\/shop\/\">Join Us<\/a><\/div>","protected":false},"excerpt":{"rendered":"<p>The 20th edition of the SIZ Care Forum took place in Brugg on September 6, 2024. The conference dealt with topics relating to health, leadership and prevention. Current cases from the field of employment law were also discussed.<\/p>","protected":false},"author":1,"featured_media":30859,"comment_status":"closed","ping_status":"closed","sticky":false,"template":"","format":"standard","meta":{"_acf_changed":false,"_yoast_wpseo_focuskw":"SIZ Care","_yoast_wpseo_metadesc":"Am 6. September 2024 fand in Brugg die nunmehr 20. Ausgabe des SIZ Care Forum statt.","articlekey":"123793","footnotes":""},"categories":[578,579],"tags":[52,221,225,4638,4637],"class_list":["post-30862","post","type-post","status-publish","format-standard","has-post-thumbnail","hentry","category-abo","category-human-resources","tag-arbeitsrecht","tag-forum","tag-fuehrung","tag-psychische-belastungen","tag-siz-care"],"acf":[],"yoast_head":"<!-- This site is optimized with the Yoast SEO plugin v27.4 - https:\/\/yoast.com\/product\/yoast-seo-wordpress\/ -->\n<title>Aktuelle Trends in Arbeitsrecht, Pr\u00e4vention und F\u00fchrung - Organisator<\/title>\n<meta name=\"description\" content=\"Am 6. September 2024 fand in Brugg die nunmehr 20. Ausgabe des SIZ Care Forum statt.\" \/>\n<meta name=\"robots\" content=\"index, follow, max-snippet:-1, max-image-preview:large, max-video-preview:-1\" \/>\n<link rel=\"canonical\" href=\"https:\/\/www.organisator.ch\/en\/human-resources\/2024-10-21\/aktuelle-trends-in-arbeitsrecht-praevention-und-fuehrung\/\" \/>\n<meta property=\"og:locale\" content=\"en_US\" \/>\n<meta property=\"og:type\" content=\"article\" \/>\n<meta property=\"og:title\" content=\"Aktuelle Trends in Arbeitsrecht, Pr\u00e4vention und F\u00fchrung - Organisator\" \/>\n<meta property=\"og:description\" content=\"Am 6. September 2024 fand in Brugg die nunmehr 20. Ausgabe des SIZ Care Forum statt.\" \/>\n<meta property=\"og:url\" content=\"https:\/\/www.organisator.ch\/en\/human-resources\/2024-10-21\/aktuelle-trends-in-arbeitsrecht-praevention-und-fuehrung\/\" \/>\n<meta property=\"og:site_name\" content=\"Organisator\" \/>\n<meta property=\"article:publisher\" content=\"https:\/\/www.facebook.com\/OrganisatorFachmagazin\" \/>\n<meta property=\"article:published_time\" content=\"2024-10-21T21:31:10+00:00\" \/>\n<meta property=\"og:image\" content=\"https:\/\/www.organisator.ch\/wp-content\/uploads\/2024\/10\/HRM_SIZCare-Forum_Bild1_organisator_123797.jpg\" \/>\n\t<meta property=\"og:image:width\" content=\"1234\" \/>\n\t<meta property=\"og:image:height\" content=\"925\" \/>\n\t<meta property=\"og:image:type\" content=\"image\/jpeg\" \/>\n<meta name=\"author\" content=\"admin\" \/>\n<meta name=\"twitter:card\" content=\"summary_large_image\" \/>\n<script type=\"application\/ld+json\" class=\"yoast-schema-graph\">{\"@context\":\"https:\\\/\\\/schema.org\",\"@graph\":[{\"@type\":\"Article\",\"@id\":\"https:\\\/\\\/www.organisator.ch\\\/human-resources\\\/2024-10-21\\\/aktuelle-trends-in-arbeitsrecht-praevention-und-fuehrung\\\/#article\",\"isPartOf\":{\"@id\":\"https:\\\/\\\/www.organisator.ch\\\/human-resources\\\/2024-10-21\\\/aktuelle-trends-in-arbeitsrecht-praevention-und-fuehrung\\\/\"},\"author\":{\"name\":\"admin\",\"@id\":\"https:\\\/\\\/www.organisator.ch\\\/#\\\/schema\\\/person\\\/aa2bace6c5c5aad60102004a50c4eb1c\"},\"headline\":\"Aktuelle Trends in Arbeitsrecht, Pr\u00e4vention und F\u00fchrung\",\"datePublished\":\"2024-10-21T21:31:10+00:00\",\"mainEntityOfPage\":{\"@id\":\"https:\\\/\\\/www.organisator.ch\\\/human-resources\\\/2024-10-21\\\/aktuelle-trends-in-arbeitsrecht-praevention-und-fuehrung\\\/\"},\"wordCount\":1112,\"publisher\":{\"@id\":\"https:\\\/\\\/www.organisator.ch\\\/#organization\"},\"image\":{\"@id\":\"https:\\\/\\\/www.organisator.ch\\\/human-resources\\\/2024-10-21\\\/aktuelle-trends-in-arbeitsrecht-praevention-und-fuehrung\\\/#primaryimage\"},\"thumbnailUrl\":\"https:\\\/\\\/www.organisator.ch\\\/wp-content\\\/uploads\\\/2024\\\/10\\\/HRM_SIZCare-Forum_Bild1_organisator_123797.jpg\",\"keywords\":[\"Arbeitsrecht\",\"Forum\",\"F\u00fchrung\",\"Psychische Belastungen\",\"SIZ Care\"],\"articleSection\":[\"ABO+\",\"HUMAN RESOURCES\"],\"inLanguage\":\"en-US\"},{\"@type\":\"WebPage\",\"@id\":\"https:\\\/\\\/www.organisator.ch\\\/human-resources\\\/2024-10-21\\\/aktuelle-trends-in-arbeitsrecht-praevention-und-fuehrung\\\/\",\"url\":\"https:\\\/\\\/www.organisator.ch\\\/human-resources\\\/2024-10-21\\\/aktuelle-trends-in-arbeitsrecht-praevention-und-fuehrung\\\/\",\"name\":\"Aktuelle Trends in Arbeitsrecht, Pr\u00e4vention und F\u00fchrung - Organisator\",\"isPartOf\":{\"@id\":\"https:\\\/\\\/www.organisator.ch\\\/#website\"},\"primaryImageOfPage\":{\"@id\":\"https:\\\/\\\/www.organisator.ch\\\/human-resources\\\/2024-10-21\\\/aktuelle-trends-in-arbeitsrecht-praevention-und-fuehrung\\\/#primaryimage\"},\"image\":{\"@id\":\"https:\\\/\\\/www.organisator.ch\\\/human-resources\\\/2024-10-21\\\/aktuelle-trends-in-arbeitsrecht-praevention-und-fuehrung\\\/#primaryimage\"},\"thumbnailUrl\":\"https:\\\/\\\/www.organisator.ch\\\/wp-content\\\/uploads\\\/2024\\\/10\\\/HRM_SIZCare-Forum_Bild1_organisator_123797.jpg\",\"datePublished\":\"2024-10-21T21:31:10+00:00\",\"description\":\"Am 6. September 2024 fand in Brugg die nunmehr 20. Ausgabe des SIZ Care Forum statt.\",\"breadcrumb\":{\"@id\":\"https:\\\/\\\/www.organisator.ch\\\/human-resources\\\/2024-10-21\\\/aktuelle-trends-in-arbeitsrecht-praevention-und-fuehrung\\\/#breadcrumb\"},\"inLanguage\":\"en-US\",\"potentialAction\":[{\"@type\":\"ReadAction\",\"target\":[\"https:\\\/\\\/www.organisator.ch\\\/human-resources\\\/2024-10-21\\\/aktuelle-trends-in-arbeitsrecht-praevention-und-fuehrung\\\/\"]}]},{\"@type\":\"ImageObject\",\"inLanguage\":\"en-US\",\"@id\":\"https:\\\/\\\/www.organisator.ch\\\/human-resources\\\/2024-10-21\\\/aktuelle-trends-in-arbeitsrecht-praevention-und-fuehrung\\\/#primaryimage\",\"url\":\"https:\\\/\\\/www.organisator.ch\\\/wp-content\\\/uploads\\\/2024\\\/10\\\/HRM_SIZCare-Forum_Bild1_organisator_123797.jpg\",\"contentUrl\":\"https:\\\/\\\/www.organisator.ch\\\/wp-content\\\/uploads\\\/2024\\\/10\\\/HRM_SIZCare-Forum_Bild1_organisator_123797.jpg\",\"width\":1234,\"height\":925,\"caption\":\"Ihre musikalische Einlage sorgte am SIZ Care Forum 2024 f\u00fcr eine \u00dcberraschung: Moderator (und Musiker) Michael Sokoll und Dr. Barbara Studer. \u00a9 Thomas BerneR\"},{\"@type\":\"BreadcrumbList\",\"@id\":\"https:\\\/\\\/www.organisator.ch\\\/human-resources\\\/2024-10-21\\\/aktuelle-trends-in-arbeitsrecht-praevention-und-fuehrung\\\/#breadcrumb\",\"itemListElement\":[{\"@type\":\"ListItem\",\"position\":1,\"name\":\"Home\",\"item\":\"https:\\\/\\\/www.organisator.ch\\\/\"},{\"@type\":\"ListItem\",\"position\":2,\"name\":\"Aktuelle Trends in Arbeitsrecht, Pr\u00e4vention und F\u00fchrung\"}]},{\"@type\":\"WebSite\",\"@id\":\"https:\\\/\\\/www.organisator.ch\\\/#website\",\"url\":\"https:\\\/\\\/www.organisator.ch\\\/\",\"name\":\"Organisator\",\"description\":\"Kompetent. Praxisnah. Der ORGANISATOR bereitet in 10 Ausgaben pro Jahr die wesentlichen Themen f\u00fcr F\u00fchrungskr\u00e4fte von KMU auf.\",\"publisher\":{\"@id\":\"https:\\\/\\\/www.organisator.ch\\\/#organization\"},\"potentialAction\":[{\"@type\":\"SearchAction\",\"target\":{\"@type\":\"EntryPoint\",\"urlTemplate\":\"https:\\\/\\\/www.organisator.ch\\\/?s={search_term_string}\"},\"query-input\":{\"@type\":\"PropertyValueSpecification\",\"valueRequired\":true,\"valueName\":\"search_term_string\"}}],\"inLanguage\":\"en-US\"},{\"@type\":\"Organization\",\"@id\":\"https:\\\/\\\/www.organisator.ch\\\/#organization\",\"name\":\"Organisator\",\"url\":\"https:\\\/\\\/www.organisator.ch\\\/\",\"logo\":{\"@type\":\"ImageObject\",\"inLanguage\":\"en-US\",\"@id\":\"https:\\\/\\\/www.organisator.ch\\\/#\\\/schema\\\/logo\\\/image\\\/\",\"url\":\"https:\\\/\\\/www.organisator.ch\\\/wp-content\\\/uploads\\\/2022\\\/01\\\/Logo_Organisator_Website.png\",\"contentUrl\":\"https:\\\/\\\/www.organisator.ch\\\/wp-content\\\/uploads\\\/2022\\\/01\\\/Logo_Organisator_Website.png\",\"width\":800,\"height\":77,\"caption\":\"Organisator\"},\"image\":{\"@id\":\"https:\\\/\\\/www.organisator.ch\\\/#\\\/schema\\\/logo\\\/image\\\/\"},\"sameAs\":[\"https:\\\/\\\/www.facebook.com\\\/OrganisatorFachmagazin\",\"https:\\\/\\\/www.linkedin.com\\\/showcase\\\/organisator-das-magazin-fr-kmu\",\"https:\\\/\\\/www.xing.com\\\/news\\\/pages\\\/organisator-ch-695\",\"https:\\\/\\\/www.youtube.com\\\/channel\\\/UCGP2Sq0iWaZwT3BdIAQFYpw\"]},{\"@type\":\"Person\",\"@id\":\"https:\\\/\\\/www.organisator.ch\\\/#\\\/schema\\\/person\\\/aa2bace6c5c5aad60102004a50c4eb1c\",\"name\":\"admin\",\"image\":{\"@type\":\"ImageObject\",\"inLanguage\":\"en-US\",\"@id\":\"https:\\\/\\\/secure.gravatar.com\\\/avatar\\\/ae2f4d718e6c49043e314ce431e7e645d646302a24a5ef5a8bc8e3f5a032e319?s=96&d=mm&r=g\",\"url\":\"https:\\\/\\\/secure.gravatar.com\\\/avatar\\\/ae2f4d718e6c49043e314ce431e7e645d646302a24a5ef5a8bc8e3f5a032e319?s=96&d=mm&r=g\",\"contentUrl\":\"https:\\\/\\\/secure.gravatar.com\\\/avatar\\\/ae2f4d718e6c49043e314ce431e7e645d646302a24a5ef5a8bc8e3f5a032e319?s=96&d=mm&r=g\",\"caption\":\"admin\"},\"sameAs\":[\"https:\\\/\\\/www.organisator.ch\"],\"url\":\"https:\\\/\\\/www.organisator.ch\\\/en\\\/author\\\/admin\\\/\"}]}<\/script>\n<!-- \/ Yoast SEO plugin. -->","yoast_head_json":{"title":"Current trends in labor law, prevention and leadership - Organizer","description":"The 20th edition of the SIZ Care Forum took place in Brugg on September 6, 2024.","robots":{"index":"index","follow":"follow","max-snippet":"max-snippet:-1","max-image-preview":"max-image-preview:large","max-video-preview":"max-video-preview:-1"},"canonical":"https:\/\/www.organisator.ch\/en\/human-resources\/2024-10-21\/aktuelle-trends-in-arbeitsrecht-praevention-und-fuehrung\/","og_locale":"en_US","og_type":"article","og_title":"Aktuelle Trends in Arbeitsrecht, Pr\u00e4vention und F\u00fchrung - Organisator","og_description":"Am 6. September 2024 fand in Brugg die nunmehr 20. Ausgabe des SIZ Care Forum statt.","og_url":"https:\/\/www.organisator.ch\/en\/human-resources\/2024-10-21\/aktuelle-trends-in-arbeitsrecht-praevention-und-fuehrung\/","og_site_name":"Organisator","article_publisher":"https:\/\/www.facebook.com\/OrganisatorFachmagazin","article_published_time":"2024-10-21T21:31:10+00:00","og_image":[{"width":1234,"height":925,"url":"https:\/\/www.organisator.ch\/wp-content\/uploads\/2024\/10\/HRM_SIZCare-Forum_Bild1_organisator_123797.jpg","type":"image\/jpeg"}],"author":"admin","twitter_card":"summary_large_image","schema":{"@context":"https:\/\/schema.org","@graph":[{"@type":"Article","@id":"https:\/\/www.organisator.ch\/human-resources\/2024-10-21\/aktuelle-trends-in-arbeitsrecht-praevention-und-fuehrung\/#article","isPartOf":{"@id":"https:\/\/www.organisator.ch\/human-resources\/2024-10-21\/aktuelle-trends-in-arbeitsrecht-praevention-und-fuehrung\/"},"author":{"name":"admin","@id":"https:\/\/www.organisator.ch\/#\/schema\/person\/aa2bace6c5c5aad60102004a50c4eb1c"},"headline":"Aktuelle Trends in Arbeitsrecht, Pr\u00e4vention und F\u00fchrung","datePublished":"2024-10-21T21:31:10+00:00","mainEntityOfPage":{"@id":"https:\/\/www.organisator.ch\/human-resources\/2024-10-21\/aktuelle-trends-in-arbeitsrecht-praevention-und-fuehrung\/"},"wordCount":1112,"publisher":{"@id":"https:\/\/www.organisator.ch\/#organization"},"image":{"@id":"https:\/\/www.organisator.ch\/human-resources\/2024-10-21\/aktuelle-trends-in-arbeitsrecht-praevention-und-fuehrung\/#primaryimage"},"thumbnailUrl":"https:\/\/www.organisator.ch\/wp-content\/uploads\/2024\/10\/HRM_SIZCare-Forum_Bild1_organisator_123797.jpg","keywords":["Arbeitsrecht","Forum","F\u00fchrung","Psychische Belastungen","SIZ Care"],"articleSection":["ABO+","HUMAN RESOURCES"],"inLanguage":"en-US"},{"@type":"WebPage","@id":"https:\/\/www.organisator.ch\/human-resources\/2024-10-21\/aktuelle-trends-in-arbeitsrecht-praevention-und-fuehrung\/","url":"https:\/\/www.organisator.ch\/human-resources\/2024-10-21\/aktuelle-trends-in-arbeitsrecht-praevention-und-fuehrung\/","name":"Current trends in labor law, prevention and leadership - Organizer","isPartOf":{"@id":"https:\/\/www.organisator.ch\/#website"},"primaryImageOfPage":{"@id":"https:\/\/www.organisator.ch\/human-resources\/2024-10-21\/aktuelle-trends-in-arbeitsrecht-praevention-und-fuehrung\/#primaryimage"},"image":{"@id":"https:\/\/www.organisator.ch\/human-resources\/2024-10-21\/aktuelle-trends-in-arbeitsrecht-praevention-und-fuehrung\/#primaryimage"},"thumbnailUrl":"https:\/\/www.organisator.ch\/wp-content\/uploads\/2024\/10\/HRM_SIZCare-Forum_Bild1_organisator_123797.jpg","datePublished":"2024-10-21T21:31:10+00:00","description":"The 20th edition of the SIZ Care Forum took place in Brugg on September 6, 2024.","breadcrumb":{"@id":"https:\/\/www.organisator.ch\/human-resources\/2024-10-21\/aktuelle-trends-in-arbeitsrecht-praevention-und-fuehrung\/#breadcrumb"},"inLanguage":"en-US","potentialAction":[{"@type":"ReadAction","target":["https:\/\/www.organisator.ch\/human-resources\/2024-10-21\/aktuelle-trends-in-arbeitsrecht-praevention-und-fuehrung\/"]}]},{"@type":"ImageObject","inLanguage":"en-US","@id":"https:\/\/www.organisator.ch\/human-resources\/2024-10-21\/aktuelle-trends-in-arbeitsrecht-praevention-und-fuehrung\/#primaryimage","url":"https:\/\/www.organisator.ch\/wp-content\/uploads\/2024\/10\/HRM_SIZCare-Forum_Bild1_organisator_123797.jpg","contentUrl":"https:\/\/www.organisator.ch\/wp-content\/uploads\/2024\/10\/HRM_SIZCare-Forum_Bild1_organisator_123797.jpg","width":1234,"height":925,"caption":"Ihre musikalische Einlage sorgte am SIZ Care Forum 2024 f\u00fcr eine \u00dcberraschung: Moderator (und Musiker) Michael Sokoll und Dr. Barbara Studer. \u00a9 Thomas BerneR"},{"@type":"BreadcrumbList","@id":"https:\/\/www.organisator.ch\/human-resources\/2024-10-21\/aktuelle-trends-in-arbeitsrecht-praevention-und-fuehrung\/#breadcrumb","itemListElement":[{"@type":"ListItem","position":1,"name":"Home","item":"https:\/\/www.organisator.ch\/"},{"@type":"ListItem","position":2,"name":"Aktuelle Trends in Arbeitsrecht, Pr\u00e4vention und F\u00fchrung"}]},{"@type":"WebSite","@id":"https:\/\/www.organisator.ch\/#website","url":"https:\/\/www.organisator.ch\/","name":"Organizer","description":"Competent. Practical. In 10 issues per year, ORGANISATOR presents the essential topics for managers of SMEs.","publisher":{"@id":"https:\/\/www.organisator.ch\/#organization"},"potentialAction":[{"@type":"SearchAction","target":{"@type":"EntryPoint","urlTemplate":"https:\/\/www.organisator.ch\/?s={search_term_string}"},"query-input":{"@type":"PropertyValueSpecification","valueRequired":true,"valueName":"search_term_string"}}],"inLanguage":"en-US"},{"@type":"Organization","@id":"https:\/\/www.organisator.ch\/#organization","name":"Organizer","url":"https:\/\/www.organisator.ch\/","logo":{"@type":"ImageObject","inLanguage":"en-US","@id":"https:\/\/www.organisator.ch\/#\/schema\/logo\/image\/","url":"https:\/\/www.organisator.ch\/wp-content\/uploads\/2022\/01\/Logo_Organisator_Website.png","contentUrl":"https:\/\/www.organisator.ch\/wp-content\/uploads\/2022\/01\/Logo_Organisator_Website.png","width":800,"height":77,"caption":"Organisator"},"image":{"@id":"https:\/\/www.organisator.ch\/#\/schema\/logo\/image\/"},"sameAs":["https:\/\/www.facebook.com\/OrganisatorFachmagazin","https:\/\/www.linkedin.com\/showcase\/organisator-das-magazin-fr-kmu","https:\/\/www.xing.com\/news\/pages\/organisator-ch-695","https:\/\/www.youtube.com\/channel\/UCGP2Sq0iWaZwT3BdIAQFYpw"]},{"@type":"Person","@id":"https:\/\/www.organisator.ch\/#\/schema\/person\/aa2bace6c5c5aad60102004a50c4eb1c","name":"admin","image":{"@type":"ImageObject","inLanguage":"en-US","@id":"https:\/\/secure.gravatar.com\/avatar\/ae2f4d718e6c49043e314ce431e7e645d646302a24a5ef5a8bc8e3f5a032e319?s=96&d=mm&r=g","url":"https:\/\/secure.gravatar.com\/avatar\/ae2f4d718e6c49043e314ce431e7e645d646302a24a5ef5a8bc8e3f5a032e319?s=96&d=mm&r=g","contentUrl":"https:\/\/secure.gravatar.com\/avatar\/ae2f4d718e6c49043e314ce431e7e645d646302a24a5ef5a8bc8e3f5a032e319?s=96&d=mm&r=g","caption":"admin"},"sameAs":["https:\/\/www.organisator.ch"],"url":"https:\/\/www.organisator.ch\/en\/author\/admin\/"}]}},"_links":{"self":[{"href":"https:\/\/www.organisator.ch\/en\/wp-json\/wp\/v2\/posts\/30862","targetHints":{"allow":["GET"]}}],"collection":[{"href":"https:\/\/www.organisator.ch\/en\/wp-json\/wp\/v2\/posts"}],"about":[{"href":"https:\/\/www.organisator.ch\/en\/wp-json\/wp\/v2\/types\/post"}],"author":[{"embeddable":true,"href":"https:\/\/www.organisator.ch\/en\/wp-json\/wp\/v2\/users\/1"}],"replies":[{"embeddable":true,"href":"https:\/\/www.organisator.ch\/en\/wp-json\/wp\/v2\/comments?post=30862"}],"version-history":[{"count":3,"href":"https:\/\/www.organisator.ch\/en\/wp-json\/wp\/v2\/posts\/30862\/revisions"}],"predecessor-version":[{"id":30933,"href":"https:\/\/www.organisator.ch\/en\/wp-json\/wp\/v2\/posts\/30862\/revisions\/30933"}],"wp:featuredmedia":[{"embeddable":true,"href":"https:\/\/www.organisator.ch\/en\/wp-json\/wp\/v2\/media\/30859"}],"wp:attachment":[{"href":"https:\/\/www.organisator.ch\/en\/wp-json\/wp\/v2\/media?parent=30862"}],"wp:term":[{"taxonomy":"category","embeddable":true,"href":"https:\/\/www.organisator.ch\/en\/wp-json\/wp\/v2\/categories?post=30862"},{"taxonomy":"post_tag","embeddable":true,"href":"https:\/\/www.organisator.ch\/en\/wp-json\/wp\/v2\/tags?post=30862"}],"curies":[{"name":"wp","href":"https:\/\/api.w.org\/{rel}","templated":true}]}}