{"id":3090,"date":"2018-02-01T08:37:55","date_gmt":"2018-02-01T07:37:55","guid":{"rendered":"https:\/\/www.organisator.ch\/?p=3090"},"modified":"2018-02-01T08:37:55","modified_gmt":"2018-02-01T07:37:55","slug":"vom-arbeitgebermarkt-zum-arbeitnehmermarkt-hr-dienstleistungen-fuer-kmu","status":"publish","type":"post","link":"https:\/\/www.organisator.ch\/en\/human-resources\/hrm\/2018-02-01\/vom-arbeitgebermarkt-zum-arbeitnehmermarkt-hr-dienstleistungen-fuer-kmu\/","title":{"rendered":"From the employer market to the employee market: HR services for SMEs"},"content":{"rendered":"<figure id=\"attachment_3091\" aria-describedby=\"caption-attachment-3091\" style=\"width: 640px\" class=\"wp-caption alignnone\"><img loading=\"lazy\" decoding=\"async\" class=\"size-full wp-image-3091\" src=\"https:\/\/www.organisator.ch\/wp-content\/uploads\/2018\/02\/Vom-Arbeitgebermarkt-zum-Arbeitnehmermarkt-HR-Dienstleistungen-fuer-KMU_Organisator.jpg\" alt=\"\" width=\"640\" height=\"480\" srcset=\"https:\/\/www.organisator.ch\/wp-content\/uploads\/2018\/02\/Vom-Arbeitgebermarkt-zum-Arbeitnehmermarkt-HR-Dienstleistungen-fuer-KMU_Organisator.jpg 640w, https:\/\/www.organisator.ch\/wp-content\/uploads\/2018\/02\/Vom-Arbeitgebermarkt-zum-Arbeitnehmermarkt-HR-Dienstleistungen-fuer-KMU_Organisator-16x12.jpg 16w, https:\/\/www.organisator.ch\/wp-content\/uploads\/2018\/02\/Vom-Arbeitgebermarkt-zum-Arbeitnehmermarkt-HR-Dienstleistungen-fuer-KMU_Organisator-233x175.jpg 233w, https:\/\/www.organisator.ch\/wp-content\/uploads\/2018\/02\/Vom-Arbeitgebermarkt-zum-Arbeitnehmermarkt-HR-Dienstleistungen-fuer-KMU_Organisator-467x350.jpg 467w, https:\/\/www.organisator.ch\/wp-content\/uploads\/2018\/02\/Vom-Arbeitgebermarkt-zum-Arbeitnehmermarkt-HR-Dienstleistungen-fuer-KMU_Organisator-300x225.jpg 300w\" sizes=\"auto, (max-width: 640px) 100vw, 640px\" \/><figcaption id=\"caption-attachment-3091\" class=\"wp-caption-text\">The partner companies HR First Consulting GmbH M\u00fcnsingen (Markus M\u00e4der), prisca meier consulting Ittigen BE (Prisca Meier), GMP AG Rothrist (Denise &amp; Michael Steiner), HRgenau GmbH Wil (Cornelia Hess) and Rindlisbacher HR-Consulting Zug (Erich Rindlisbacher) bring many years of experience and sound know-how in all HR topics. In their network, they offer comprehensive HR services for SMEs, including the HR concept \"MAQuA\". (Image: zVg)<\/figcaption><\/figure>\n<p>The classic labor market no longer exists, so to speak: demand is no longer primarily for work, but for manpower. The consequence of this is that employers must have enough properly qualified employees and keep their own junior staff in the company for the long term. Generation Y in particular, people born in the 1990s and 2000s, has different expectations of employers than previous generations.<\/p>\n<h2>HR services in demand<\/h2>\n<p>In this competition for the best employees, SMEs have to be on a par with large companies. However, the resources for HR management are limited in smaller companies. SMEs are therefore dependent on external HR services. In particular, they need support not only in recruiting employees, but also in developing them internally.<\/p>\n<p>On the other hand, the topic of \"demographic shifts in the labor market\" is also driving HR specialists. Thus, the partner companies HR First Consulting GmbH (M\u00fcnsingen), prisca meier consulting (Ittigen BE), GMP AG (Neuendorf), HRgenau GmbH (Wil) and Rindlisbacher HR-Consulting (Zug) recently joined forces to meet this challenge. One of the first results is the newly developed HR concept MAQuA. The participants focus this concept on the two areas of \"system\" (leadership and organizational development) and \"people\" (corporate culture and HR policy).<\/p>\n<h2>Implement HR concept in two phases<\/h2>\n<p>The MAQuA HR concept is being implemented in two concrete phases. In the short term, the first step is to initiate a turnaround. The first step is an \"HR stress test\" - a systematic basic analysis. This enables a differentiated evaluation of the parameters fluctuation, age structure, etc., taking into account the organizational structure and occupational groups of an organization. The focus is placed on the causes and core problems and then targeted measures are defined, which are then implemented. Together with the companies, quick wins are realized according to the Pareto principle (80\/20 rule).<\/p>\n<p>In the long term, the aim is to develop a value-based corporate and leadership culture. Potential analysis and development are used to create prospects for employees. Because only intrinsically motivated employees remain loyal to the company and bring sustainable profit.<\/p>\n<p><em>More information about the concept and HR services: <a href=\"http:\/\/www.hr-first.ch\">www.hr-first.ch<\/a><\/em><\/p>","protected":false},"excerpt":{"rendered":"<p>Der klassische Arbeitsmarkt existiert sozusagen nicht mehr: Nachgefragt wird nicht mehr in erster Linie Arbeit, sondern Arbeitskraft. Die Konsequenz daraus: Arbeitgeber m\u00fcssen \u00fcber gen\u00fcgend richtig qualifizierte Mitarbeiterinnen und Mitarbeiter verf\u00fcgen und den eigenen Nachwuchs langfristig im Unternehmen halten. Gerade die Generation Y, Menschen mit 1990er und 2000er Jahrg\u00e4ngen, hat andere Anspr\u00fcche an den Arbeitgeber als [&hellip;]<\/p>\n","protected":false},"author":4,"featured_media":3091,"comment_status":"open","ping_status":"open","sticky":false,"template":"","format":"standard","meta":{"_acf_changed":false,"_yoast_wpseo_focuskw":"HR-Dienstleistungen","_yoast_wpseo_metadesc":"Die \u201eBaby-Boomer\u201c-Generation geht in Rente. Die Folgen: Immer weniger Menschen in der \u201evie active\u201c sind aktiv im Arbeitsmarkt. Aus dem Arbeitgebermarkt wird ein Arbeitnehmermarkt. Gerade KMU ben\u00f6tigen deshalb immer mehr HR-Dienstleistungen.","articlekey":"","footnotes":""},"categories":[26],"tags":[194,254,335,393],"class_list":["post-3090","post","type-post","status-publish","format-standard","has-post-thumbnail","hentry","category-hrm","tag-fachkraeftemangel","tag-hrm","tag-management-und-unternehmensfuehrung","tag-produkte"],"acf":[],"yoast_head":"<!-- This site is optimized with the Yoast SEO plugin v27.4 - https:\/\/yoast.com\/product\/yoast-seo-wordpress\/ -->\n<title>Vom Arbeitgebermarkt zum Arbeitnehmermarkt: HR-Dienstleistungen f\u00fcr KMU - Organisator<\/title>\n<meta name=\"description\" content=\"Die \u201eBaby-Boomer\u201c-Generation geht in Rente. Die Folgen: Immer weniger Menschen in der \u201evie active\u201c sind aktiv im Arbeitsmarkt. Aus dem Arbeitgebermarkt wird ein Arbeitnehmermarkt. Gerade KMU ben\u00f6tigen deshalb immer mehr HR-Dienstleistungen.\" \/>\n<meta name=\"robots\" content=\"index, follow, max-snippet:-1, max-image-preview:large, max-video-preview:-1\" \/>\n<link rel=\"canonical\" href=\"https:\/\/www.organisator.ch\/en\/human-resources\/hrm\/2018-02-01\/vom-arbeitgebermarkt-zum-arbeitnehmermarkt-hr-dienstleistungen-fuer-kmu\/\" \/>\n<meta property=\"og:locale\" content=\"en_US\" \/>\n<meta property=\"og:type\" content=\"article\" \/>\n<meta property=\"og:title\" content=\"Vom Arbeitgebermarkt zum Arbeitnehmermarkt: HR-Dienstleistungen f\u00fcr KMU\" \/>\n<meta property=\"og:description\" content=\"Die \u201e#Baby-Boomer\u201c-Generation geht in Rente. Die Folgen: Immer weniger Menschen in der \u201evie active\u201c sind aktiv im Arbeitsmarkt. Aus dem #Arbeitgebermarkt wird ein #Arbeitnehmermarkt. Gerade KMU ben\u00f6tigen deshalb immer mehr #HR-Dienstleistungen.\" \/>\n<meta property=\"og:url\" content=\"https:\/\/www.organisator.ch\/en\/human-resources\/hrm\/2018-02-01\/vom-arbeitgebermarkt-zum-arbeitnehmermarkt-hr-dienstleistungen-fuer-kmu\/\" \/>\n<meta property=\"og:site_name\" content=\"Organisator\" \/>\n<meta property=\"article:publisher\" content=\"https:\/\/www.facebook.com\/OrganisatorFachmagazin\" \/>\n<meta property=\"article:published_time\" content=\"2018-02-01T07:37:55+00:00\" \/>\n<meta property=\"og:image\" content=\"https:\/\/www.organisator.ch\/wp-content\/uploads\/2018\/02\/Vom-Arbeitgebermarkt-zum-Arbeitnehmermarkt-HR-Dienstleistungen-fuer-KMU_Organisator.jpg\" \/>\n\t<meta property=\"og:image:width\" content=\"640\" \/>\n\t<meta property=\"og:image:height\" content=\"480\" \/>\n\t<meta property=\"og:image:type\" content=\"image\/jpeg\" \/>\n<meta name=\"author\" content=\"thomas.berner\" \/>\n<meta name=\"twitter:card\" content=\"summary_large_image\" \/>\n<meta name=\"twitter:title\" content=\"Vom #Arbeitgebermarkt zum #Arbeitnehmermarkt: #HR-Dienstleistungen f\u00fcr KMU\" \/>\n<meta name=\"twitter:description\" content=\"Die \u201e#Baby-Boomer\u201c-Generation geht in Rente. Die Folgen: Immer weniger Menschen in der \u201evie active\u201c sind aktiv im Arbeitsmarkt. Aus dem #Arbeitgebermarkt wird ein #Arbeitnehmermarkt. Gerade KMU ben\u00f6tigen deshalb immer mehr #HR-Dienstleistungen.\" \/>\n<meta name=\"twitter:image\" content=\"https:\/\/www.organisator.ch\/wp-content\/uploads\/2018\/02\/Vom-Arbeitgebermarkt-zum-Arbeitnehmermarkt-HR-Dienstleistungen-f\u00fcr-KMU_Organisator.jpg\" \/>\n<script type=\"application\/ld+json\" class=\"yoast-schema-graph\">{\"@context\":\"https:\\\/\\\/schema.org\",\"@graph\":[{\"@type\":\"Article\",\"@id\":\"https:\\\/\\\/www.organisator.ch\\\/human-resources\\\/hrm\\\/2018-02-01\\\/vom-arbeitgebermarkt-zum-arbeitnehmermarkt-hr-dienstleistungen-fuer-kmu\\\/#article\",\"isPartOf\":{\"@id\":\"https:\\\/\\\/www.organisator.ch\\\/human-resources\\\/hrm\\\/2018-02-01\\\/vom-arbeitgebermarkt-zum-arbeitnehmermarkt-hr-dienstleistungen-fuer-kmu\\\/\"},\"author\":{\"name\":\"thomas.berner\",\"@id\":\"https:\\\/\\\/www.organisator.ch\\\/#\\\/schema\\\/person\\\/6f650f90b2842cd4c0cc334b4e36f67e\"},\"headline\":\"Vom Arbeitgebermarkt zum Arbeitnehmermarkt: HR-Dienstleistungen f\u00fcr KMU\",\"datePublished\":\"2018-02-01T07:37:55+00:00\",\"mainEntityOfPage\":{\"@id\":\"https:\\\/\\\/www.organisator.ch\\\/human-resources\\\/hrm\\\/2018-02-01\\\/vom-arbeitgebermarkt-zum-arbeitnehmermarkt-hr-dienstleistungen-fuer-kmu\\\/\"},\"wordCount\":414,\"commentCount\":0,\"publisher\":{\"@id\":\"https:\\\/\\\/www.organisator.ch\\\/#organization\"},\"image\":{\"@id\":\"https:\\\/\\\/www.organisator.ch\\\/human-resources\\\/hrm\\\/2018-02-01\\\/vom-arbeitgebermarkt-zum-arbeitnehmermarkt-hr-dienstleistungen-fuer-kmu\\\/#primaryimage\"},\"thumbnailUrl\":\"https:\\\/\\\/www.organisator.ch\\\/wp-content\\\/uploads\\\/2018\\\/02\\\/Vom-Arbeitgebermarkt-zum-Arbeitnehmermarkt-HR-Dienstleistungen-fuer-KMU_Organisator.jpg\",\"keywords\":[\"Fachkr\u00e4ftemangel\",\"HRM\",\"Management und Unternehmensf\u00fchrung\",\"Produkte\"],\"articleSection\":[\"HRM\"],\"inLanguage\":\"en-US\"},{\"@type\":\"WebPage\",\"@id\":\"https:\\\/\\\/www.organisator.ch\\\/human-resources\\\/hrm\\\/2018-02-01\\\/vom-arbeitgebermarkt-zum-arbeitnehmermarkt-hr-dienstleistungen-fuer-kmu\\\/\",\"url\":\"https:\\\/\\\/www.organisator.ch\\\/human-resources\\\/hrm\\\/2018-02-01\\\/vom-arbeitgebermarkt-zum-arbeitnehmermarkt-hr-dienstleistungen-fuer-kmu\\\/\",\"name\":\"Vom Arbeitgebermarkt zum Arbeitnehmermarkt: HR-Dienstleistungen f\u00fcr KMU - Organisator\",\"isPartOf\":{\"@id\":\"https:\\\/\\\/www.organisator.ch\\\/#website\"},\"primaryImageOfPage\":{\"@id\":\"https:\\\/\\\/www.organisator.ch\\\/human-resources\\\/hrm\\\/2018-02-01\\\/vom-arbeitgebermarkt-zum-arbeitnehmermarkt-hr-dienstleistungen-fuer-kmu\\\/#primaryimage\"},\"image\":{\"@id\":\"https:\\\/\\\/www.organisator.ch\\\/human-resources\\\/hrm\\\/2018-02-01\\\/vom-arbeitgebermarkt-zum-arbeitnehmermarkt-hr-dienstleistungen-fuer-kmu\\\/#primaryimage\"},\"thumbnailUrl\":\"https:\\\/\\\/www.organisator.ch\\\/wp-content\\\/uploads\\\/2018\\\/02\\\/Vom-Arbeitgebermarkt-zum-Arbeitnehmermarkt-HR-Dienstleistungen-fuer-KMU_Organisator.jpg\",\"datePublished\":\"2018-02-01T07:37:55+00:00\",\"description\":\"Die \u201eBaby-Boomer\u201c-Generation geht in Rente. Die Folgen: Immer weniger Menschen in der \u201evie active\u201c sind aktiv im Arbeitsmarkt. Aus dem Arbeitgebermarkt wird ein Arbeitnehmermarkt. Gerade KMU ben\u00f6tigen deshalb immer mehr HR-Dienstleistungen.\",\"breadcrumb\":{\"@id\":\"https:\\\/\\\/www.organisator.ch\\\/human-resources\\\/hrm\\\/2018-02-01\\\/vom-arbeitgebermarkt-zum-arbeitnehmermarkt-hr-dienstleistungen-fuer-kmu\\\/#breadcrumb\"},\"inLanguage\":\"en-US\",\"potentialAction\":[{\"@type\":\"ReadAction\",\"target\":[\"https:\\\/\\\/www.organisator.ch\\\/human-resources\\\/hrm\\\/2018-02-01\\\/vom-arbeitgebermarkt-zum-arbeitnehmermarkt-hr-dienstleistungen-fuer-kmu\\\/\"]}]},{\"@type\":\"ImageObject\",\"inLanguage\":\"en-US\",\"@id\":\"https:\\\/\\\/www.organisator.ch\\\/human-resources\\\/hrm\\\/2018-02-01\\\/vom-arbeitgebermarkt-zum-arbeitnehmermarkt-hr-dienstleistungen-fuer-kmu\\\/#primaryimage\",\"url\":\"https:\\\/\\\/www.organisator.ch\\\/wp-content\\\/uploads\\\/2018\\\/02\\\/Vom-Arbeitgebermarkt-zum-Arbeitnehmermarkt-HR-Dienstleistungen-fuer-KMU_Organisator.jpg\",\"contentUrl\":\"https:\\\/\\\/www.organisator.ch\\\/wp-content\\\/uploads\\\/2018\\\/02\\\/Vom-Arbeitgebermarkt-zum-Arbeitnehmermarkt-HR-Dienstleistungen-fuer-KMU_Organisator.jpg\",\"width\":640,\"height\":480,\"caption\":\"Die Partnerfirmen HR First Consulting GmbH M\u00fcnsingen (Markus M\u00e4der), prisca meier consulting Ittigen BE (Prisca Meier), GMP AG Rothrist (Denise & Michael Steiner), HRgenau GmbH Wil (Cornelia Hess) sowie die Rindlisbacher HR-Consulting Zug (Erich Rindlisbacher) bringen langj\u00e4hrige Erfahrung und fundiertes Knowhow in s\u00e4mtlichen HR-Themen mit. Sie bieten in ihrem Netzwerk umfassende HR-Dienstleistungen f\u00fcr KMU an, unter anderem das HR-Konzept \\\"MAQuA\\\". (Bild: zVg)\"},{\"@type\":\"BreadcrumbList\",\"@id\":\"https:\\\/\\\/www.organisator.ch\\\/human-resources\\\/hrm\\\/2018-02-01\\\/vom-arbeitgebermarkt-zum-arbeitnehmermarkt-hr-dienstleistungen-fuer-kmu\\\/#breadcrumb\",\"itemListElement\":[{\"@type\":\"ListItem\",\"position\":1,\"name\":\"Home\",\"item\":\"https:\\\/\\\/www.organisator.ch\\\/\"},{\"@type\":\"ListItem\",\"position\":2,\"name\":\"Vom Arbeitgebermarkt zum Arbeitnehmermarkt: HR-Dienstleistungen f\u00fcr KMU\"}]},{\"@type\":\"WebSite\",\"@id\":\"https:\\\/\\\/www.organisator.ch\\\/#website\",\"url\":\"https:\\\/\\\/www.organisator.ch\\\/\",\"name\":\"Organisator\",\"description\":\"Kompetent. Praxisnah. Der ORGANISATOR bereitet in 10 Ausgaben pro Jahr die wesentlichen Themen f\u00fcr F\u00fchrungskr\u00e4fte von KMU auf.\",\"publisher\":{\"@id\":\"https:\\\/\\\/www.organisator.ch\\\/#organization\"},\"potentialAction\":[{\"@type\":\"SearchAction\",\"target\":{\"@type\":\"EntryPoint\",\"urlTemplate\":\"https:\\\/\\\/www.organisator.ch\\\/?s={search_term_string}\"},\"query-input\":{\"@type\":\"PropertyValueSpecification\",\"valueRequired\":true,\"valueName\":\"search_term_string\"}}],\"inLanguage\":\"en-US\"},{\"@type\":\"Organization\",\"@id\":\"https:\\\/\\\/www.organisator.ch\\\/#organization\",\"name\":\"Organisator\",\"url\":\"https:\\\/\\\/www.organisator.ch\\\/\",\"logo\":{\"@type\":\"ImageObject\",\"inLanguage\":\"en-US\",\"@id\":\"https:\\\/\\\/www.organisator.ch\\\/#\\\/schema\\\/logo\\\/image\\\/\",\"url\":\"https:\\\/\\\/www.organisator.ch\\\/wp-content\\\/uploads\\\/2022\\\/01\\\/Logo_Organisator_Website.png\",\"contentUrl\":\"https:\\\/\\\/www.organisator.ch\\\/wp-content\\\/uploads\\\/2022\\\/01\\\/Logo_Organisator_Website.png\",\"width\":800,\"height\":77,\"caption\":\"Organisator\"},\"image\":{\"@id\":\"https:\\\/\\\/www.organisator.ch\\\/#\\\/schema\\\/logo\\\/image\\\/\"},\"sameAs\":[\"https:\\\/\\\/www.facebook.com\\\/OrganisatorFachmagazin\",\"https:\\\/\\\/www.linkedin.com\\\/showcase\\\/organisator-das-magazin-fr-kmu\",\"https:\\\/\\\/www.xing.com\\\/news\\\/pages\\\/organisator-ch-695\",\"https:\\\/\\\/www.youtube.com\\\/channel\\\/UCGP2Sq0iWaZwT3BdIAQFYpw\"]},{\"@type\":\"Person\",\"@id\":\"https:\\\/\\\/www.organisator.ch\\\/#\\\/schema\\\/person\\\/6f650f90b2842cd4c0cc334b4e36f67e\",\"name\":\"thomas.berner\",\"image\":{\"@type\":\"ImageObject\",\"inLanguage\":\"en-US\",\"@id\":\"https:\\\/\\\/secure.gravatar.com\\\/avatar\\\/ac5001d2a36cb6c6cd3e50789007ffca834b477b74a2144564522e944eabff61?s=96&d=mm&r=g\",\"url\":\"https:\\\/\\\/secure.gravatar.com\\\/avatar\\\/ac5001d2a36cb6c6cd3e50789007ffca834b477b74a2144564522e944eabff61?s=96&d=mm&r=g\",\"contentUrl\":\"https:\\\/\\\/secure.gravatar.com\\\/avatar\\\/ac5001d2a36cb6c6cd3e50789007ffca834b477b74a2144564522e944eabff61?s=96&d=mm&r=g\",\"caption\":\"thomas.berner\"},\"url\":\"https:\\\/\\\/www.organisator.ch\\\/en\\\/author\\\/thomas-berner\\\/\"}]}<\/script>\n<!-- \/ Yoast SEO plugin. -->","yoast_head_json":{"title":"From the employer market to the employee market: HR services for SMEs - Organizer","description":"The \"baby boomer\" generation is retiring. The consequences: Fewer and fewer people in the \"vie active\" are active in the labor market. The employer market is becoming an employee market. SMEs in particular therefore need more and more HR services.","robots":{"index":"index","follow":"follow","max-snippet":"max-snippet:-1","max-image-preview":"max-image-preview:large","max-video-preview":"max-video-preview:-1"},"canonical":"https:\/\/www.organisator.ch\/en\/human-resources\/hrm\/2018-02-01\/vom-arbeitgebermarkt-zum-arbeitnehmermarkt-hr-dienstleistungen-fuer-kmu\/","og_locale":"en_US","og_type":"article","og_title":"Vom Arbeitgebermarkt zum Arbeitnehmermarkt: HR-Dienstleistungen f\u00fcr KMU","og_description":"Die \u201e#Baby-Boomer\u201c-Generation geht in Rente. Die Folgen: Immer weniger Menschen in der \u201evie active\u201c sind aktiv im Arbeitsmarkt. Aus dem #Arbeitgebermarkt wird ein #Arbeitnehmermarkt. Gerade KMU ben\u00f6tigen deshalb immer mehr #HR-Dienstleistungen.","og_url":"https:\/\/www.organisator.ch\/en\/human-resources\/hrm\/2018-02-01\/vom-arbeitgebermarkt-zum-arbeitnehmermarkt-hr-dienstleistungen-fuer-kmu\/","og_site_name":"Organisator","article_publisher":"https:\/\/www.facebook.com\/OrganisatorFachmagazin","article_published_time":"2018-02-01T07:37:55+00:00","og_image":[{"width":640,"height":480,"url":"https:\/\/www.organisator.ch\/wp-content\/uploads\/2018\/02\/Vom-Arbeitgebermarkt-zum-Arbeitnehmermarkt-HR-Dienstleistungen-fuer-KMU_Organisator.jpg","type":"image\/jpeg"}],"author":"thomas.berner","twitter_card":"summary_large_image","twitter_title":"Vom #Arbeitgebermarkt zum #Arbeitnehmermarkt: #HR-Dienstleistungen f\u00fcr KMU","twitter_description":"Die \u201e#Baby-Boomer\u201c-Generation geht in Rente. Die Folgen: Immer weniger Menschen in der \u201evie active\u201c sind aktiv im Arbeitsmarkt. Aus dem #Arbeitgebermarkt wird ein #Arbeitnehmermarkt. Gerade KMU ben\u00f6tigen deshalb immer mehr #HR-Dienstleistungen.","twitter_image":"https:\/\/www.organisator.ch\/wp-content\/uploads\/2018\/02\/Vom-Arbeitgebermarkt-zum-Arbeitnehmermarkt-HR-Dienstleistungen-f\u00fcr-KMU_Organisator.jpg","schema":{"@context":"https:\/\/schema.org","@graph":[{"@type":"Article","@id":"https:\/\/www.organisator.ch\/human-resources\/hrm\/2018-02-01\/vom-arbeitgebermarkt-zum-arbeitnehmermarkt-hr-dienstleistungen-fuer-kmu\/#article","isPartOf":{"@id":"https:\/\/www.organisator.ch\/human-resources\/hrm\/2018-02-01\/vom-arbeitgebermarkt-zum-arbeitnehmermarkt-hr-dienstleistungen-fuer-kmu\/"},"author":{"name":"thomas.berner","@id":"https:\/\/www.organisator.ch\/#\/schema\/person\/6f650f90b2842cd4c0cc334b4e36f67e"},"headline":"Vom Arbeitgebermarkt zum Arbeitnehmermarkt: HR-Dienstleistungen f\u00fcr KMU","datePublished":"2018-02-01T07:37:55+00:00","mainEntityOfPage":{"@id":"https:\/\/www.organisator.ch\/human-resources\/hrm\/2018-02-01\/vom-arbeitgebermarkt-zum-arbeitnehmermarkt-hr-dienstleistungen-fuer-kmu\/"},"wordCount":414,"commentCount":0,"publisher":{"@id":"https:\/\/www.organisator.ch\/#organization"},"image":{"@id":"https:\/\/www.organisator.ch\/human-resources\/hrm\/2018-02-01\/vom-arbeitgebermarkt-zum-arbeitnehmermarkt-hr-dienstleistungen-fuer-kmu\/#primaryimage"},"thumbnailUrl":"https:\/\/www.organisator.ch\/wp-content\/uploads\/2018\/02\/Vom-Arbeitgebermarkt-zum-Arbeitnehmermarkt-HR-Dienstleistungen-fuer-KMU_Organisator.jpg","keywords":["Fachkr\u00e4ftemangel","HRM","Management und Unternehmensf\u00fchrung","Produkte"],"articleSection":["HRM"],"inLanguage":"en-US"},{"@type":"WebPage","@id":"https:\/\/www.organisator.ch\/human-resources\/hrm\/2018-02-01\/vom-arbeitgebermarkt-zum-arbeitnehmermarkt-hr-dienstleistungen-fuer-kmu\/","url":"https:\/\/www.organisator.ch\/human-resources\/hrm\/2018-02-01\/vom-arbeitgebermarkt-zum-arbeitnehmermarkt-hr-dienstleistungen-fuer-kmu\/","name":"From the employer market to the employee market: HR services for SMEs - Organizer","isPartOf":{"@id":"https:\/\/www.organisator.ch\/#website"},"primaryImageOfPage":{"@id":"https:\/\/www.organisator.ch\/human-resources\/hrm\/2018-02-01\/vom-arbeitgebermarkt-zum-arbeitnehmermarkt-hr-dienstleistungen-fuer-kmu\/#primaryimage"},"image":{"@id":"https:\/\/www.organisator.ch\/human-resources\/hrm\/2018-02-01\/vom-arbeitgebermarkt-zum-arbeitnehmermarkt-hr-dienstleistungen-fuer-kmu\/#primaryimage"},"thumbnailUrl":"https:\/\/www.organisator.ch\/wp-content\/uploads\/2018\/02\/Vom-Arbeitgebermarkt-zum-Arbeitnehmermarkt-HR-Dienstleistungen-fuer-KMU_Organisator.jpg","datePublished":"2018-02-01T07:37:55+00:00","description":"The \"baby boomer\" generation is retiring. The consequences: Fewer and fewer people in the \"vie active\" are active in the labor market. The employer market is becoming an employee market. SMEs in particular therefore need more and more HR services.","breadcrumb":{"@id":"https:\/\/www.organisator.ch\/human-resources\/hrm\/2018-02-01\/vom-arbeitgebermarkt-zum-arbeitnehmermarkt-hr-dienstleistungen-fuer-kmu\/#breadcrumb"},"inLanguage":"en-US","potentialAction":[{"@type":"ReadAction","target":["https:\/\/www.organisator.ch\/human-resources\/hrm\/2018-02-01\/vom-arbeitgebermarkt-zum-arbeitnehmermarkt-hr-dienstleistungen-fuer-kmu\/"]}]},{"@type":"ImageObject","inLanguage":"en-US","@id":"https:\/\/www.organisator.ch\/human-resources\/hrm\/2018-02-01\/vom-arbeitgebermarkt-zum-arbeitnehmermarkt-hr-dienstleistungen-fuer-kmu\/#primaryimage","url":"https:\/\/www.organisator.ch\/wp-content\/uploads\/2018\/02\/Vom-Arbeitgebermarkt-zum-Arbeitnehmermarkt-HR-Dienstleistungen-fuer-KMU_Organisator.jpg","contentUrl":"https:\/\/www.organisator.ch\/wp-content\/uploads\/2018\/02\/Vom-Arbeitgebermarkt-zum-Arbeitnehmermarkt-HR-Dienstleistungen-fuer-KMU_Organisator.jpg","width":640,"height":480,"caption":"Die Partnerfirmen HR First Consulting GmbH M\u00fcnsingen (Markus M\u00e4der), prisca meier consulting Ittigen BE (Prisca Meier), GMP AG Rothrist (Denise & Michael Steiner), HRgenau GmbH Wil (Cornelia Hess) sowie die Rindlisbacher HR-Consulting Zug (Erich Rindlisbacher) bringen langj\u00e4hrige Erfahrung und fundiertes Knowhow in s\u00e4mtlichen HR-Themen mit. Sie bieten in ihrem Netzwerk umfassende HR-Dienstleistungen f\u00fcr KMU an, unter anderem das HR-Konzept \"MAQuA\". (Bild: zVg)"},{"@type":"BreadcrumbList","@id":"https:\/\/www.organisator.ch\/human-resources\/hrm\/2018-02-01\/vom-arbeitgebermarkt-zum-arbeitnehmermarkt-hr-dienstleistungen-fuer-kmu\/#breadcrumb","itemListElement":[{"@type":"ListItem","position":1,"name":"Home","item":"https:\/\/www.organisator.ch\/"},{"@type":"ListItem","position":2,"name":"Vom Arbeitgebermarkt zum Arbeitnehmermarkt: HR-Dienstleistungen f\u00fcr KMU"}]},{"@type":"WebSite","@id":"https:\/\/www.organisator.ch\/#website","url":"https:\/\/www.organisator.ch\/","name":"Organizer","description":"Competent. Practical. In 10 issues per year, ORGANISATOR presents the essential topics for managers of SMEs.","publisher":{"@id":"https:\/\/www.organisator.ch\/#organization"},"potentialAction":[{"@type":"SearchAction","target":{"@type":"EntryPoint","urlTemplate":"https:\/\/www.organisator.ch\/?s={search_term_string}"},"query-input":{"@type":"PropertyValueSpecification","valueRequired":true,"valueName":"search_term_string"}}],"inLanguage":"en-US"},{"@type":"Organization","@id":"https:\/\/www.organisator.ch\/#organization","name":"Organizer","url":"https:\/\/www.organisator.ch\/","logo":{"@type":"ImageObject","inLanguage":"en-US","@id":"https:\/\/www.organisator.ch\/#\/schema\/logo\/image\/","url":"https:\/\/www.organisator.ch\/wp-content\/uploads\/2022\/01\/Logo_Organisator_Website.png","contentUrl":"https:\/\/www.organisator.ch\/wp-content\/uploads\/2022\/01\/Logo_Organisator_Website.png","width":800,"height":77,"caption":"Organisator"},"image":{"@id":"https:\/\/www.organisator.ch\/#\/schema\/logo\/image\/"},"sameAs":["https:\/\/www.facebook.com\/OrganisatorFachmagazin","https:\/\/www.linkedin.com\/showcase\/organisator-das-magazin-fr-kmu","https:\/\/www.xing.com\/news\/pages\/organisator-ch-695","https:\/\/www.youtube.com\/channel\/UCGP2Sq0iWaZwT3BdIAQFYpw"]},{"@type":"Person","@id":"https:\/\/www.organisator.ch\/#\/schema\/person\/6f650f90b2842cd4c0cc334b4e36f67e","name":"thomas.berner","image":{"@type":"ImageObject","inLanguage":"en-US","@id":"https:\/\/secure.gravatar.com\/avatar\/ac5001d2a36cb6c6cd3e50789007ffca834b477b74a2144564522e944eabff61?s=96&d=mm&r=g","url":"https:\/\/secure.gravatar.com\/avatar\/ac5001d2a36cb6c6cd3e50789007ffca834b477b74a2144564522e944eabff61?s=96&d=mm&r=g","contentUrl":"https:\/\/secure.gravatar.com\/avatar\/ac5001d2a36cb6c6cd3e50789007ffca834b477b74a2144564522e944eabff61?s=96&d=mm&r=g","caption":"thomas.berner"},"url":"https:\/\/www.organisator.ch\/en\/author\/thomas-berner\/"}]}},"_links":{"self":[{"href":"https:\/\/www.organisator.ch\/en\/wp-json\/wp\/v2\/posts\/3090","targetHints":{"allow":["GET"]}}],"collection":[{"href":"https:\/\/www.organisator.ch\/en\/wp-json\/wp\/v2\/posts"}],"about":[{"href":"https:\/\/www.organisator.ch\/en\/wp-json\/wp\/v2\/types\/post"}],"author":[{"embeddable":true,"href":"https:\/\/www.organisator.ch\/en\/wp-json\/wp\/v2\/users\/4"}],"replies":[{"embeddable":true,"href":"https:\/\/www.organisator.ch\/en\/wp-json\/wp\/v2\/comments?post=3090"}],"version-history":[{"count":0,"href":"https:\/\/www.organisator.ch\/en\/wp-json\/wp\/v2\/posts\/3090\/revisions"}],"wp:featuredmedia":[{"embeddable":true,"href":"https:\/\/www.organisator.ch\/en\/wp-json\/wp\/v2\/media\/3091"}],"wp:attachment":[{"href":"https:\/\/www.organisator.ch\/en\/wp-json\/wp\/v2\/media?parent=3090"}],"wp:term":[{"taxonomy":"category","embeddable":true,"href":"https:\/\/www.organisator.ch\/en\/wp-json\/wp\/v2\/categories?post=3090"},{"taxonomy":"post_tag","embeddable":true,"href":"https:\/\/www.organisator.ch\/en\/wp-json\/wp\/v2\/tags?post=3090"}],"curies":[{"name":"wp","href":"https:\/\/api.w.org\/{rel}","templated":true}]}}