{"id":31158,"date":"2024-10-23T10:04:46","date_gmt":"2024-10-23T08:04:46","guid":{"rendered":"https:\/\/www.markt-kom.com\/?p=225393"},"modified":"2024-11-07T11:58:33","modified_gmt":"2024-11-07T10:58:33","slug":"pr-trendmonitor-nennt-die-gefaehrlichsten-ausloeser-fuer-kommunikationskrisen","status":"publish","type":"post","link":"https:\/\/www.organisator.ch\/en\/marketing\/2024-10-23\/pr-trendmonitor-nennt-die-gefaehrlichsten-ausloeser-fuer-kommunikationskrisen\/","title":{"rendered":"PR trend monitor names the most dangerous triggers for communication crises"},"content":{"rendered":"<figure id=\"attachment_225394\" class=\"wp-caption aligncenter\" style=\"width: 1200px\" aria-describedby=\"caption-attachment-225394\"><img class=\"aligncenter wp-image-225394 size-full\" src=\"https:\/\/www.markt-kom.com\/wp-content\/uploads\/2024\/10\/newsaktuell-Infografik-Ausloeser-Kommunikationskrisen-CH.jpg\" alt=\"Triggers for communication crises\" width=\"1200\" height=\"962\" \/>\r\n<figcaption id=\"caption-attachment-225394\" class=\"wp-caption-text\">(Graphic: News Aktuell\/Per)<\/figcaption>\r\n<\/figure>\r\n<p>When asked about the most dangerous triggers for communication crises, one in three respondents named disinformation as the highest risk factor (33%). Almost as many PR professionals are of the opinion that covering up mistakes is the biggest crisis accelerator (32 percent). Personal misconduct at top management level was the third most cited cause (28%).<\/p>\r\n<p>Shitstorms in social media are the most dangerous crisis trigger for one in four (25 percent), while criminal offenses against the company, such as a cyberattack, significantly increase the crisis potential for a good one in five respondents (23 percent).<\/p>\r\n<p>Around one in ten see an increased crisis risk if the company is investigated by the public prosecutor's office (13 percent), the products are faulty (12 percent), the company's own employees engage in personal misconduct (12 percent) or data protection is violated (10 percent).<\/p>\r\n<p>By contrast, most respondents rated natural events as less dangerous: Only a meagre 6 percent fear earthquakes or storm surges as the most dangerous triggers of communication crises. Respondents were least concerned about possible defamation by competitors (3 percent).<\/p>\r\n<h3>The most dangerous triggers for communication crises, according to the survey<\/h3>\r\n<ol>\r\n\t<li>False reports &amp; misleading information 33%<\/li>\r\n\t<li>Covering up errors 32%<\/li>\r\n\t<li>Personal misconduct of management 28%<\/li>\r\n\t<li>Social media shitstorm 25%<\/li>\r\n\t<li>Crime (e.g. cyberattacks) 23%<\/li>\r\n\t<li>Lack of transparency 22%<\/li>\r\n\t<li>Failure of top management 22%<\/li>\r\n\t<li>Compliance issues 20%<\/li>\r\n\t<li>Investigations by the public prosecutor's office 13%<\/li>\r\n\t<li>Defective products 12%<\/li>\r\n\t<li>Personal misconduct by employees 12%<\/li>\r\n\t<li>Data protection violations 10%<\/li>\r\n\t<li>Economic problems 9%<\/li>\r\n\t<li>Poor working conditions 8%<\/li>\r\n\t<li>Poor service 8%<\/li>\r\n\t<li>Natural events (e.g. storm surge, earthquake) 6%<\/li>\r\n\t<li>Defamation by competitor 3%<\/li>\r\n<\/ol>\r\n<hr \/>\r\n<p><em>As part of the <strong><a href=\"https:\/\/www.newsaktuell.de\/blog\/search\/?s=PR-Trendmonitor\">PR trend monitor from News Aktuell and Per<\/a><\/strong> an online survey was conducted in February 2024 among 327 communications professionals from companies, organizations and PR agencies in Switzerland and Germany. A maximum of three responses were possible.<\/em><\/p>","protected":false},"excerpt":{"rendered":"<p>False reports and misleading information are the biggest crisis drivers in communication. Covering up mistakes and personal misconduct on the part of management also frequently lead to a corporate crisis. These are the findings of the PR trend monitor conducted by news aktuell and PER. 327 PR specialists and managers from Switzerland and Germany took part in the survey.<\/p>","protected":false},"author":8,"featured_media":0,"comment_status":"closed","ping_status":"closed","sticky":false,"template":"","format":"standard","meta":{"_acf_changed":false,"_yoast_wpseo_focuskw":"Ausl\u00f6ser f\u00fcr Kommunikationskrisen","_yoast_wpseo_metadesc":"Desinformation und Fehlerverdeckung sind laut Umfrage die gr\u00f6\u00dften Ausl\u00f6ser f\u00fcr Kommunikationskrisen.","articlekey":"","footnotes":""},"categories":[29],"tags":[4343,4497,4671,459],"class_list":["post-31158","post","type-post","status-publish","format-standard","hentry","category-marketing","tag-markom","tag-news-aktuell","tag-pr-trendmonitor","tag-studie"],"acf":[],"yoast_head":"<!-- This site is optimized with the Yoast SEO plugin v27.5 - https:\/\/yoast.com\/product\/yoast-seo-wordpress\/ -->\n<title>PR-Trendmonitor nennt die gef\u00e4hrlichsten Ausl\u00f6ser f\u00fcr Kommunikationskrisen - Organisator<\/title>\n<meta name=\"description\" content=\"Desinformation und Fehlerverdeckung sind laut Umfrage die gr\u00f6\u00dften Ausl\u00f6ser f\u00fcr Kommunikationskrisen.\" \/>\n<meta name=\"robots\" content=\"index, follow, max-snippet:-1, max-image-preview:large, max-video-preview:-1\" \/>\n<link rel=\"canonical\" href=\"https:\/\/www.organisator.ch\/en\/marketing\/2024-10-23\/pr-trendmonitor-nennt-die-gefaehrlichsten-ausloeser-fuer-kommunikationskrisen\/\" \/>\n<meta property=\"og:locale\" content=\"en_US\" \/>\n<meta property=\"og:type\" content=\"article\" \/>\n<meta property=\"og:title\" content=\"PR-Trendmonitor nennt die gef\u00e4hrlichsten Ausl\u00f6ser f\u00fcr Kommunikationskrisen - Organisator\" \/>\n<meta property=\"og:description\" content=\"Desinformation und Fehlerverdeckung sind laut Umfrage die gr\u00f6\u00dften Ausl\u00f6ser f\u00fcr Kommunikationskrisen.\" \/>\n<meta property=\"og:url\" content=\"https:\/\/www.organisator.ch\/en\/marketing\/2024-10-23\/pr-trendmonitor-nennt-die-gefaehrlichsten-ausloeser-fuer-kommunikationskrisen\/\" \/>\n<meta property=\"og:site_name\" content=\"Organisator\" \/>\n<meta property=\"article:publisher\" content=\"https:\/\/www.facebook.com\/OrganisatorFachmagazin\" \/>\n<meta property=\"article:published_time\" content=\"2024-10-23T08:04:46+00:00\" \/>\n<meta property=\"article:modified_time\" content=\"2024-11-07T10:58:33+00:00\" \/>\n<meta property=\"og:image\" content=\"https:\/\/www.markt-kom.com\/wp-content\/uploads\/2024\/10\/newsaktuell-Infografik-Ausloeser-Kommunikationskrisen-CH.jpg\" \/>\n<meta name=\"author\" content=\"galledia\" \/>\n<meta name=\"twitter:card\" content=\"summary_large_image\" \/>\n<meta name=\"twitter:creator\" content=\"@admin\" \/>\n<script type=\"application\/ld+json\" class=\"yoast-schema-graph\">{\"@context\":\"https:\\\/\\\/schema.org\",\"@graph\":[{\"@type\":\"Article\",\"@id\":\"https:\\\/\\\/www.organisator.ch\\\/marketing\\\/2024-10-23\\\/pr-trendmonitor-nennt-die-gefaehrlichsten-ausloeser-fuer-kommunikationskrisen\\\/#article\",\"isPartOf\":{\"@id\":\"https:\\\/\\\/www.organisator.ch\\\/marketing\\\/2024-10-23\\\/pr-trendmonitor-nennt-die-gefaehrlichsten-ausloeser-fuer-kommunikationskrisen\\\/\"},\"author\":{\"name\":\"galledia\",\"@id\":\"https:\\\/\\\/www.organisator.ch\\\/#\\\/schema\\\/person\\\/4e51799071cd2dd1232ac003643ef5f0\"},\"headline\":\"PR-Trendmonitor nennt die gef\u00e4hrlichsten Ausl\u00f6ser f\u00fcr Kommunikationskrisen\",\"datePublished\":\"2024-10-23T08:04:46+00:00\",\"dateModified\":\"2024-11-07T10:58:33+00:00\",\"mainEntityOfPage\":{\"@id\":\"https:\\\/\\\/www.organisator.ch\\\/marketing\\\/2024-10-23\\\/pr-trendmonitor-nennt-die-gefaehrlichsten-ausloeser-fuer-kommunikationskrisen\\\/\"},\"wordCount\":292,\"publisher\":{\"@id\":\"https:\\\/\\\/www.organisator.ch\\\/#organization\"},\"image\":{\"@id\":\"https:\\\/\\\/www.organisator.ch\\\/marketing\\\/2024-10-23\\\/pr-trendmonitor-nennt-die-gefaehrlichsten-ausloeser-fuer-kommunikationskrisen\\\/#primaryimage\"},\"thumbnailUrl\":\"https:\\\/\\\/www.markt-kom.com\\\/wp-content\\\/uploads\\\/2024\\\/10\\\/newsaktuell-Infografik-Ausloeser-Kommunikationskrisen-CH.jpg\",\"keywords\":[\"MarKom\",\"News Aktuell\",\"PR-Trendmonitor\",\"Studie\"],\"articleSection\":[\"MARKETING\"],\"inLanguage\":\"en-US\"},{\"@type\":\"WebPage\",\"@id\":\"https:\\\/\\\/www.organisator.ch\\\/marketing\\\/2024-10-23\\\/pr-trendmonitor-nennt-die-gefaehrlichsten-ausloeser-fuer-kommunikationskrisen\\\/\",\"url\":\"https:\\\/\\\/www.organisator.ch\\\/marketing\\\/2024-10-23\\\/pr-trendmonitor-nennt-die-gefaehrlichsten-ausloeser-fuer-kommunikationskrisen\\\/\",\"name\":\"PR-Trendmonitor nennt die gef\u00e4hrlichsten Ausl\u00f6ser f\u00fcr Kommunikationskrisen - Organisator\",\"isPartOf\":{\"@id\":\"https:\\\/\\\/www.organisator.ch\\\/#website\"},\"primaryImageOfPage\":{\"@id\":\"https:\\\/\\\/www.organisator.ch\\\/marketing\\\/2024-10-23\\\/pr-trendmonitor-nennt-die-gefaehrlichsten-ausloeser-fuer-kommunikationskrisen\\\/#primaryimage\"},\"image\":{\"@id\":\"https:\\\/\\\/www.organisator.ch\\\/marketing\\\/2024-10-23\\\/pr-trendmonitor-nennt-die-gefaehrlichsten-ausloeser-fuer-kommunikationskrisen\\\/#primaryimage\"},\"thumbnailUrl\":\"https:\\\/\\\/www.markt-kom.com\\\/wp-content\\\/uploads\\\/2024\\\/10\\\/newsaktuell-Infografik-Ausloeser-Kommunikationskrisen-CH.jpg\",\"datePublished\":\"2024-10-23T08:04:46+00:00\",\"dateModified\":\"2024-11-07T10:58:33+00:00\",\"description\":\"Desinformation und Fehlerverdeckung sind laut Umfrage die gr\u00f6\u00dften Ausl\u00f6ser f\u00fcr Kommunikationskrisen.\",\"breadcrumb\":{\"@id\":\"https:\\\/\\\/www.organisator.ch\\\/marketing\\\/2024-10-23\\\/pr-trendmonitor-nennt-die-gefaehrlichsten-ausloeser-fuer-kommunikationskrisen\\\/#breadcrumb\"},\"inLanguage\":\"en-US\",\"potentialAction\":[{\"@type\":\"ReadAction\",\"target\":[\"https:\\\/\\\/www.organisator.ch\\\/marketing\\\/2024-10-23\\\/pr-trendmonitor-nennt-die-gefaehrlichsten-ausloeser-fuer-kommunikationskrisen\\\/\"]}]},{\"@type\":\"ImageObject\",\"inLanguage\":\"en-US\",\"@id\":\"https:\\\/\\\/www.organisator.ch\\\/marketing\\\/2024-10-23\\\/pr-trendmonitor-nennt-die-gefaehrlichsten-ausloeser-fuer-kommunikationskrisen\\\/#primaryimage\",\"url\":\"https:\\\/\\\/www.markt-kom.com\\\/wp-content\\\/uploads\\\/2024\\\/10\\\/newsaktuell-Infografik-Ausloeser-Kommunikationskrisen-CH.jpg\",\"contentUrl\":\"https:\\\/\\\/www.markt-kom.com\\\/wp-content\\\/uploads\\\/2024\\\/10\\\/newsaktuell-Infografik-Ausloeser-Kommunikationskrisen-CH.jpg\"},{\"@type\":\"BreadcrumbList\",\"@id\":\"https:\\\/\\\/www.organisator.ch\\\/marketing\\\/2024-10-23\\\/pr-trendmonitor-nennt-die-gefaehrlichsten-ausloeser-fuer-kommunikationskrisen\\\/#breadcrumb\",\"itemListElement\":[{\"@type\":\"ListItem\",\"position\":1,\"name\":\"Home\",\"item\":\"https:\\\/\\\/www.organisator.ch\\\/\"},{\"@type\":\"ListItem\",\"position\":2,\"name\":\"PR-Trendmonitor nennt die gef\u00e4hrlichsten Ausl\u00f6ser f\u00fcr Kommunikationskrisen\"}]},{\"@type\":\"WebSite\",\"@id\":\"https:\\\/\\\/www.organisator.ch\\\/#website\",\"url\":\"https:\\\/\\\/www.organisator.ch\\\/\",\"name\":\"Organisator\",\"description\":\"Kompetent. Praxisnah. Der ORGANISATOR bereitet in 10 Ausgaben pro Jahr die wesentlichen Themen f\u00fcr F\u00fchrungskr\u00e4fte von KMU auf.\",\"publisher\":{\"@id\":\"https:\\\/\\\/www.organisator.ch\\\/#organization\"},\"potentialAction\":[{\"@type\":\"SearchAction\",\"target\":{\"@type\":\"EntryPoint\",\"urlTemplate\":\"https:\\\/\\\/www.organisator.ch\\\/?s={search_term_string}\"},\"query-input\":{\"@type\":\"PropertyValueSpecification\",\"valueRequired\":true,\"valueName\":\"search_term_string\"}}],\"inLanguage\":\"en-US\"},{\"@type\":\"Organization\",\"@id\":\"https:\\\/\\\/www.organisator.ch\\\/#organization\",\"name\":\"Organisator\",\"url\":\"https:\\\/\\\/www.organisator.ch\\\/\",\"logo\":{\"@type\":\"ImageObject\",\"inLanguage\":\"en-US\",\"@id\":\"https:\\\/\\\/www.organisator.ch\\\/#\\\/schema\\\/logo\\\/image\\\/\",\"url\":\"https:\\\/\\\/www.organisator.ch\\\/wp-content\\\/uploads\\\/2022\\\/01\\\/Logo_Organisator_Website.png\",\"contentUrl\":\"https:\\\/\\\/www.organisator.ch\\\/wp-content\\\/uploads\\\/2022\\\/01\\\/Logo_Organisator_Website.png\",\"width\":800,\"height\":77,\"caption\":\"Organisator\"},\"image\":{\"@id\":\"https:\\\/\\\/www.organisator.ch\\\/#\\\/schema\\\/logo\\\/image\\\/\"},\"sameAs\":[\"https:\\\/\\\/www.facebook.com\\\/OrganisatorFachmagazin\",\"https:\\\/\\\/www.linkedin.com\\\/showcase\\\/organisator-das-magazin-fr-kmu\",\"https:\\\/\\\/www.xing.com\\\/news\\\/pages\\\/organisator-ch-695\",\"https:\\\/\\\/www.youtube.com\\\/channel\\\/UCGP2Sq0iWaZwT3BdIAQFYpw\"]},{\"@type\":\"Person\",\"@id\":\"https:\\\/\\\/www.organisator.ch\\\/#\\\/schema\\\/person\\\/4e51799071cd2dd1232ac003643ef5f0\",\"name\":\"galledia\",\"image\":{\"@type\":\"ImageObject\",\"inLanguage\":\"en-US\",\"@id\":\"https:\\\/\\\/secure.gravatar.com\\\/avatar\\\/78a7f90c01fc2bfc875782a0d4922b37cde2cf184ce347b91316d23cd7f69a36?s=96&d=mm&r=g\",\"url\":\"https:\\\/\\\/secure.gravatar.com\\\/avatar\\\/78a7f90c01fc2bfc875782a0d4922b37cde2cf184ce347b91316d23cd7f69a36?s=96&d=mm&r=g\",\"contentUrl\":\"https:\\\/\\\/secure.gravatar.com\\\/avatar\\\/78a7f90c01fc2bfc875782a0d4922b37cde2cf184ce347b91316d23cd7f69a36?s=96&d=mm&r=g\",\"caption\":\"galledia\"},\"sameAs\":[\"https:\\\/\\\/x.com\\\/admin\"],\"url\":\"https:\\\/\\\/www.organisator.ch\\\/en\\\/author\\\/galledia\\\/\"}]}<\/script>\n<!-- \/ Yoast SEO plugin. -->","yoast_head_json":{"title":"PR trend monitor names the most dangerous triggers for communication crises - Organizer","description":"According to the survey, disinformation and error concealment are the biggest triggers for communication crises.","robots":{"index":"index","follow":"follow","max-snippet":"max-snippet:-1","max-image-preview":"max-image-preview:large","max-video-preview":"max-video-preview:-1"},"canonical":"https:\/\/www.organisator.ch\/en\/marketing\/2024-10-23\/pr-trendmonitor-nennt-die-gefaehrlichsten-ausloeser-fuer-kommunikationskrisen\/","og_locale":"en_US","og_type":"article","og_title":"PR-Trendmonitor nennt die gef\u00e4hrlichsten Ausl\u00f6ser f\u00fcr Kommunikationskrisen - Organisator","og_description":"Desinformation und Fehlerverdeckung sind laut Umfrage die gr\u00f6\u00dften Ausl\u00f6ser f\u00fcr Kommunikationskrisen.","og_url":"https:\/\/www.organisator.ch\/en\/marketing\/2024-10-23\/pr-trendmonitor-nennt-die-gefaehrlichsten-ausloeser-fuer-kommunikationskrisen\/","og_site_name":"Organisator","article_publisher":"https:\/\/www.facebook.com\/OrganisatorFachmagazin","article_published_time":"2024-10-23T08:04:46+00:00","article_modified_time":"2024-11-07T10:58:33+00:00","og_image":[{"url":"https:\/\/www.markt-kom.com\/wp-content\/uploads\/2024\/10\/newsaktuell-Infografik-Ausloeser-Kommunikationskrisen-CH.jpg","type":"","width":"","height":""}],"author":"galledia","twitter_card":"summary_large_image","twitter_creator":"@admin","schema":{"@context":"https:\/\/schema.org","@graph":[{"@type":"Article","@id":"https:\/\/www.organisator.ch\/marketing\/2024-10-23\/pr-trendmonitor-nennt-die-gefaehrlichsten-ausloeser-fuer-kommunikationskrisen\/#article","isPartOf":{"@id":"https:\/\/www.organisator.ch\/marketing\/2024-10-23\/pr-trendmonitor-nennt-die-gefaehrlichsten-ausloeser-fuer-kommunikationskrisen\/"},"author":{"name":"galledia","@id":"https:\/\/www.organisator.ch\/#\/schema\/person\/4e51799071cd2dd1232ac003643ef5f0"},"headline":"PR-Trendmonitor nennt die gef\u00e4hrlichsten Ausl\u00f6ser f\u00fcr Kommunikationskrisen","datePublished":"2024-10-23T08:04:46+00:00","dateModified":"2024-11-07T10:58:33+00:00","mainEntityOfPage":{"@id":"https:\/\/www.organisator.ch\/marketing\/2024-10-23\/pr-trendmonitor-nennt-die-gefaehrlichsten-ausloeser-fuer-kommunikationskrisen\/"},"wordCount":292,"publisher":{"@id":"https:\/\/www.organisator.ch\/#organization"},"image":{"@id":"https:\/\/www.organisator.ch\/marketing\/2024-10-23\/pr-trendmonitor-nennt-die-gefaehrlichsten-ausloeser-fuer-kommunikationskrisen\/#primaryimage"},"thumbnailUrl":"https:\/\/www.markt-kom.com\/wp-content\/uploads\/2024\/10\/newsaktuell-Infografik-Ausloeser-Kommunikationskrisen-CH.jpg","keywords":["MarKom","News Aktuell","PR-Trendmonitor","Studie"],"articleSection":["MARKETING"],"inLanguage":"en-US"},{"@type":"WebPage","@id":"https:\/\/www.organisator.ch\/marketing\/2024-10-23\/pr-trendmonitor-nennt-die-gefaehrlichsten-ausloeser-fuer-kommunikationskrisen\/","url":"https:\/\/www.organisator.ch\/marketing\/2024-10-23\/pr-trendmonitor-nennt-die-gefaehrlichsten-ausloeser-fuer-kommunikationskrisen\/","name":"PR trend monitor names the most dangerous triggers for communication crises - Organizer","isPartOf":{"@id":"https:\/\/www.organisator.ch\/#website"},"primaryImageOfPage":{"@id":"https:\/\/www.organisator.ch\/marketing\/2024-10-23\/pr-trendmonitor-nennt-die-gefaehrlichsten-ausloeser-fuer-kommunikationskrisen\/#primaryimage"},"image":{"@id":"https:\/\/www.organisator.ch\/marketing\/2024-10-23\/pr-trendmonitor-nennt-die-gefaehrlichsten-ausloeser-fuer-kommunikationskrisen\/#primaryimage"},"thumbnailUrl":"https:\/\/www.markt-kom.com\/wp-content\/uploads\/2024\/10\/newsaktuell-Infografik-Ausloeser-Kommunikationskrisen-CH.jpg","datePublished":"2024-10-23T08:04:46+00:00","dateModified":"2024-11-07T10:58:33+00:00","description":"According to the survey, disinformation and error concealment are the biggest triggers for communication crises.","breadcrumb":{"@id":"https:\/\/www.organisator.ch\/marketing\/2024-10-23\/pr-trendmonitor-nennt-die-gefaehrlichsten-ausloeser-fuer-kommunikationskrisen\/#breadcrumb"},"inLanguage":"en-US","potentialAction":[{"@type":"ReadAction","target":["https:\/\/www.organisator.ch\/marketing\/2024-10-23\/pr-trendmonitor-nennt-die-gefaehrlichsten-ausloeser-fuer-kommunikationskrisen\/"]}]},{"@type":"ImageObject","inLanguage":"en-US","@id":"https:\/\/www.organisator.ch\/marketing\/2024-10-23\/pr-trendmonitor-nennt-die-gefaehrlichsten-ausloeser-fuer-kommunikationskrisen\/#primaryimage","url":"https:\/\/www.markt-kom.com\/wp-content\/uploads\/2024\/10\/newsaktuell-Infografik-Ausloeser-Kommunikationskrisen-CH.jpg","contentUrl":"https:\/\/www.markt-kom.com\/wp-content\/uploads\/2024\/10\/newsaktuell-Infografik-Ausloeser-Kommunikationskrisen-CH.jpg"},{"@type":"BreadcrumbList","@id":"https:\/\/www.organisator.ch\/marketing\/2024-10-23\/pr-trendmonitor-nennt-die-gefaehrlichsten-ausloeser-fuer-kommunikationskrisen\/#breadcrumb","itemListElement":[{"@type":"ListItem","position":1,"name":"Home","item":"https:\/\/www.organisator.ch\/"},{"@type":"ListItem","position":2,"name":"PR-Trendmonitor nennt die gef\u00e4hrlichsten Ausl\u00f6ser f\u00fcr Kommunikationskrisen"}]},{"@type":"WebSite","@id":"https:\/\/www.organisator.ch\/#website","url":"https:\/\/www.organisator.ch\/","name":"Organizer","description":"Competent. Practical. In 10 issues per year, ORGANISATOR presents the essential topics for managers of SMEs.","publisher":{"@id":"https:\/\/www.organisator.ch\/#organization"},"potentialAction":[{"@type":"SearchAction","target":{"@type":"EntryPoint","urlTemplate":"https:\/\/www.organisator.ch\/?s={search_term_string}"},"query-input":{"@type":"PropertyValueSpecification","valueRequired":true,"valueName":"search_term_string"}}],"inLanguage":"en-US"},{"@type":"Organization","@id":"https:\/\/www.organisator.ch\/#organization","name":"Organizer","url":"https:\/\/www.organisator.ch\/","logo":{"@type":"ImageObject","inLanguage":"en-US","@id":"https:\/\/www.organisator.ch\/#\/schema\/logo\/image\/","url":"https:\/\/www.organisator.ch\/wp-content\/uploads\/2022\/01\/Logo_Organisator_Website.png","contentUrl":"https:\/\/www.organisator.ch\/wp-content\/uploads\/2022\/01\/Logo_Organisator_Website.png","width":800,"height":77,"caption":"Organisator"},"image":{"@id":"https:\/\/www.organisator.ch\/#\/schema\/logo\/image\/"},"sameAs":["https:\/\/www.facebook.com\/OrganisatorFachmagazin","https:\/\/www.linkedin.com\/showcase\/organisator-das-magazin-fr-kmu","https:\/\/www.xing.com\/news\/pages\/organisator-ch-695","https:\/\/www.youtube.com\/channel\/UCGP2Sq0iWaZwT3BdIAQFYpw"]},{"@type":"Person","@id":"https:\/\/www.organisator.ch\/#\/schema\/person\/4e51799071cd2dd1232ac003643ef5f0","name":"galledia","image":{"@type":"ImageObject","inLanguage":"en-US","@id":"https:\/\/secure.gravatar.com\/avatar\/78a7f90c01fc2bfc875782a0d4922b37cde2cf184ce347b91316d23cd7f69a36?s=96&d=mm&r=g","url":"https:\/\/secure.gravatar.com\/avatar\/78a7f90c01fc2bfc875782a0d4922b37cde2cf184ce347b91316d23cd7f69a36?s=96&d=mm&r=g","contentUrl":"https:\/\/secure.gravatar.com\/avatar\/78a7f90c01fc2bfc875782a0d4922b37cde2cf184ce347b91316d23cd7f69a36?s=96&d=mm&r=g","caption":"galledia"},"sameAs":["https:\/\/x.com\/admin"],"url":"https:\/\/www.organisator.ch\/en\/author\/galledia\/"}]}},"_links":{"self":[{"href":"https:\/\/www.organisator.ch\/en\/wp-json\/wp\/v2\/posts\/31158","targetHints":{"allow":["GET"]}}],"collection":[{"href":"https:\/\/www.organisator.ch\/en\/wp-json\/wp\/v2\/posts"}],"about":[{"href":"https:\/\/www.organisator.ch\/en\/wp-json\/wp\/v2\/types\/post"}],"author":[{"embeddable":true,"href":"https:\/\/www.organisator.ch\/en\/wp-json\/wp\/v2\/users\/8"}],"replies":[{"embeddable":true,"href":"https:\/\/www.organisator.ch\/en\/wp-json\/wp\/v2\/comments?post=31158"}],"version-history":[{"count":6,"href":"https:\/\/www.organisator.ch\/en\/wp-json\/wp\/v2\/posts\/31158\/revisions"}],"predecessor-version":[{"id":31730,"href":"https:\/\/www.organisator.ch\/en\/wp-json\/wp\/v2\/posts\/31158\/revisions\/31730"}],"wp:attachment":[{"href":"https:\/\/www.organisator.ch\/en\/wp-json\/wp\/v2\/media?parent=31158"}],"wp:term":[{"taxonomy":"category","embeddable":true,"href":"https:\/\/www.organisator.ch\/en\/wp-json\/wp\/v2\/categories?post=31158"},{"taxonomy":"post_tag","embeddable":true,"href":"https:\/\/www.organisator.ch\/en\/wp-json\/wp\/v2\/tags?post=31158"}],"curies":[{"name":"wp","href":"https:\/\/api.w.org\/{rel}","templated":true}]}}