{"id":3118,"date":"2020-06-11T17:19:40","date_gmt":"2020-06-11T15:19:40","guid":{"rendered":"https:\/\/www.umweltperspektiven.ch\/?p=3118"},"modified":"2022-02-09T11:09:57","modified_gmt":"2022-02-09T10:09:57","slug":"vizcab-bauplaner-erhalten-methode-zur-oekobilanzierung","status":"publish","type":"post","link":"https:\/\/www.organisator.ch\/en\/sustainability\/2020-06-11\/vizcab-bauplaner-erhalten-methode-zur-oekobilanzierung\/","title":{"rendered":"Vizcab: Construction planners receive method for life cycle assessment"},"content":{"rendered":"<figure id=\"attachment_3119\" aria-describedby=\"caption-attachment-3119\" style=\"width: 664px\" class=\"wp-caption alignnone\"><img loading=\"lazy\" decoding=\"async\" class=\"size-full wp-image-3119\" src=\"\/\/www.umweltperspektiven.ch\/wp-content\/uploads\/2020\/06\/Bauplaner-UP_Umwelt-Perspektiven-Vizcab.jpg\" alt=\"\" width=\"664\" height=\"404\" srcset=\"https:\/\/www.organisator.ch\/wp-content\/uploads\/2020\/06\/Bauplaner-UP_Umwelt-Perspektiven-Vizcab.jpg 664w, https:\/\/www.organisator.ch\/wp-content\/uploads\/2020\/06\/Bauplaner-UP_Umwelt-Perspektiven-Vizcab-18x12.jpg 18w, https:\/\/www.organisator.ch\/wp-content\/uploads\/2020\/06\/Bauplaner-UP_Umwelt-Perspektiven-Vizcab-288x175.jpg 288w, https:\/\/www.organisator.ch\/wp-content\/uploads\/2020\/06\/Bauplaner-UP_Umwelt-Perspektiven-Vizcab-575x350.jpg 575w, https:\/\/www.organisator.ch\/wp-content\/uploads\/2020\/06\/Bauplaner-UP_Umwelt-Perspektiven-Vizcab-300x183.jpg 300w\" sizes=\"auto, (max-width: 664px) 100vw, 664px\" \/><figcaption id=\"caption-attachment-3119\" class=\"wp-caption-text\">Vizcab in full effect: experts in smart building analysis.\u00a0\u00a0<\/figcaption><\/figure>\n<p class=\"bodytext\">Vizcab, a spin-off of the Fribourg site of the Swiss Federal Institute of Technology Lausanne (<a href=\"\/\/www.epfl.ch\/about\/campus\/fribourg\/\" target=\"_blank\" rel=\"noopener\">EPFL Fribourg<\/a>), could, according to a\u00a0<a href=\"\/\/actu.epfl.ch\/news\/energy-transition-epfl-spin-off-vizcab-raises-17-3\/\" target=\"_blank\" rel=\"noopener\">Media release<\/a>\u00a0raised venture capital of 1.6 million euros. The start-up, based in Lyon, France, has developed a new method that enables engineers to assess the energy efficiency of a building as early as the design phase. With this capital injection, Vizcab initially wants to gain a foothold in France. In 18 to 24 months, the young company plans to raise a Series B financing round to expand.<\/p>\n<p class=\"bodytext\">\"Our start-up works at the intersection of the digital and the ecological turnaround,\" explains founder and innovation chief Thomas Jusselme. His data-based model can integrate greenhouse gas emission targets into the early stages of the design process. Until now, calculating the environmental effects of a building was only possible after design decisions had been set in stone.<\/p>\n<p class=\"bodytext\">Architects and engineers can enter various design options into an Internet application developed by Vizcab. It runs thousands of simulations based on various design parameters such as heating, glazing and insulation.<\/p>\n<p class=\"bodytext\">This method was developed by\u00a0<a href=\"\/\/www.epfl.ch\/labs\/building2050\/\" target=\"_blank\" rel=\"noopener\">Building 2050<\/a>\u00a0developed, a team that is active in the\u00a0<a href=\"\/\/www.smartlivinglab.ch\/en\/\" target=\"_blank\" rel=\"noopener\">Smart Living Lab<\/a>\u00a0located at EPFL Fribourg. The first prototype was developed in collaboration with two EPFL laboratories, the Laboratory for Integrated Performance in Design (<a href=\"\/\/www.epfl.ch\/labs\/lipid\/\" target=\"_blank\" rel=\"noopener\">LIPID<\/a>) and the Laboratory for Architecture and Sustainable Technologies (<a href=\"\/\/www.epfl.ch\/labs\/last\/\" target=\"_blank\" rel=\"noopener\">LAST<\/a>), developed. Furthermore, the laboratory\u00a0<a href=\"\/\/www.epfl-ecal-lab.ch\/\" target=\"_blank\" rel=\"noopener\">EPFL+ECAL<\/a>\u00a0and the\u00a0<a href=\"\/\/human-ist.unifr.ch\/en\/\" target=\"_blank\" rel=\"noopener\">Human IST Institute<\/a>\u00a0of the University of Freiburg (<a href=\"\/\/www.unifr.ch\/home\/de.html\" target=\"_blank\" rel=\"noopener\">UNIFR<\/a>) involved.<\/p>\n<p class=\"bodytext\">\"It's always gratifying to hear that a spinoff that develops a technology under license from the\u00a0<a href=\"\/\/actu.epfl.ch\/\" target=\"_blank\" rel=\"noopener\">EPFL<\/a>\u00a0operates, has secured funding,\" said Fr\u00e9d\u00e9ric Pont, one of the university's technology transfer managers. \"And it's particularly welcome news in the midst of a global pandemic and economic uncertainty.<\/p>","protected":false},"excerpt":{"rendered":"<p>Vizcab, eine Ausgr\u00fcndung des Standorts Freiburg der Eidgen\u00f6ssischen Technischen Hochschule Lausanne (EPFL Freiburg), konnte laut einer\u00a0Medienmitteilung\u00a0Risikokapital in H\u00f6he von 1,6 Millionen Euro einsammeln. Das Start-up mit Sitz im franz\u00f6sischen Lyon hat\u00a0eine neue Methode entwickelt, mit der Ingenieure die Energieeffizienz eines Geb\u00e4udes bereits in der Entwurfsphase bewerten k\u00f6nnen.\u00a0Mit dieser Kapitalspritze will Vizcab zun\u00e4chst in Frankreich Fuss [&hellip;]<\/p>\n","protected":false},"author":5,"featured_media":3119,"comment_status":"closed","ping_status":"closed","sticky":false,"template":"","format":"standard","meta":{"_acf_changed":false,"_yoast_wpseo_focuskw":"Vizcab","_yoast_wpseo_metadesc":"Vizcab hat in einer Finanzierungsrunde 1,6 Millionen Euro eingenommen. Das Start-Up hat ein Tool f\u00fcr smarte Bauplanung entwickelt.","articlekey":"","footnotes":""},"categories":[580],"tags":[779,1865,2127,2195],"class_list":["post-3118","post","type-post","status-publish","format-standard","has-post-thumbnail","hentry","category-sustainability","tag-bau-management","tag-oekobilanz","tag-smart-building","tag-start-up"],"acf":[],"yoast_head":"<!-- This site is optimized with the Yoast SEO plugin v27.4 - https:\/\/yoast.com\/product\/yoast-seo-wordpress\/ -->\n<title>Vizcab: Bauplaner erhalten Methode zur \u00d6kobilanzierung - Organisator<\/title>\n<meta name=\"description\" content=\"Vizcab hat in einer Finanzierungsrunde 1,6 Millionen Euro eingenommen. Das Start-Up hat ein Tool f\u00fcr smarte Bauplanung entwickelt.\" \/>\n<meta name=\"robots\" content=\"index, follow, max-snippet:-1, max-image-preview:large, max-video-preview:-1\" \/>\n<link rel=\"canonical\" href=\"https:\/\/www.organisator.ch\/en\/sustainability\/2020-06-11\/vizcab-bauplaner-erhalten-methode-zur-oekobilanzierung\/\" \/>\n<meta property=\"og:locale\" content=\"en_US\" \/>\n<meta property=\"og:type\" content=\"article\" \/>\n<meta property=\"og:title\" content=\"Vizcab: Bauplaner erhalten Methode zur \u00d6kobilanzierung - Organisator\" \/>\n<meta property=\"og:description\" content=\"Vizcab hat in einer Finanzierungsrunde 1,6 Millionen Euro eingenommen. Das Start-Up hat ein Tool f\u00fcr smarte Bauplanung entwickelt.\" \/>\n<meta property=\"og:url\" content=\"https:\/\/www.organisator.ch\/en\/sustainability\/2020-06-11\/vizcab-bauplaner-erhalten-methode-zur-oekobilanzierung\/\" \/>\n<meta property=\"og:site_name\" content=\"Organisator\" \/>\n<meta property=\"article:publisher\" content=\"https:\/\/www.facebook.com\/OrganisatorFachmagazin\" \/>\n<meta property=\"article:published_time\" content=\"2020-06-11T15:19:40+00:00\" \/>\n<meta property=\"article:modified_time\" content=\"2022-02-09T10:09:57+00:00\" \/>\n<meta property=\"og:image\" content=\"https:\/\/www.organisator.ch\/wp-content\/uploads\/2020\/06\/Bauplaner-UP_Umwelt-Perspektiven-Vizcab.jpg\" \/>\n\t<meta property=\"og:image:width\" content=\"664\" \/>\n\t<meta property=\"og:image:height\" content=\"404\" \/>\n\t<meta property=\"og:image:type\" content=\"image\/jpeg\" \/>\n<meta name=\"author\" content=\"michael.merz\" \/>\n<meta name=\"twitter:card\" content=\"summary_large_image\" \/>\n<script type=\"application\/ld+json\" class=\"yoast-schema-graph\">{\"@context\":\"https:\\\/\\\/schema.org\",\"@graph\":[{\"@type\":\"Article\",\"@id\":\"https:\\\/\\\/www.organisator.ch\\\/sustainability\\\/2020-06-11\\\/vizcab-bauplaner-erhalten-methode-zur-oekobilanzierung\\\/#article\",\"isPartOf\":{\"@id\":\"https:\\\/\\\/www.organisator.ch\\\/sustainability\\\/2020-06-11\\\/vizcab-bauplaner-erhalten-methode-zur-oekobilanzierung\\\/\"},\"author\":{\"name\":\"michael.merz\",\"@id\":\"https:\\\/\\\/www.organisator.ch\\\/#\\\/schema\\\/person\\\/134708ca9321c57b0362cceb7948ffbd\"},\"headline\":\"Vizcab: Bauplaner erhalten Methode zur \u00d6kobilanzierung\",\"datePublished\":\"2020-06-11T15:19:40+00:00\",\"dateModified\":\"2022-02-09T10:09:57+00:00\",\"mainEntityOfPage\":{\"@id\":\"https:\\\/\\\/www.organisator.ch\\\/sustainability\\\/2020-06-11\\\/vizcab-bauplaner-erhalten-methode-zur-oekobilanzierung\\\/\"},\"wordCount\":304,\"publisher\":{\"@id\":\"https:\\\/\\\/www.organisator.ch\\\/#organization\"},\"image\":{\"@id\":\"https:\\\/\\\/www.organisator.ch\\\/sustainability\\\/2020-06-11\\\/vizcab-bauplaner-erhalten-methode-zur-oekobilanzierung\\\/#primaryimage\"},\"thumbnailUrl\":\"https:\\\/\\\/www.organisator.ch\\\/wp-content\\\/uploads\\\/2020\\\/06\\\/Bauplaner-UP_Umwelt-Perspektiven-Vizcab.jpg\",\"keywords\":[\"Bau Management\",\"\u00d6kobilanz\",\"Smart Building\",\"Start-up\"],\"articleSection\":[\"SUSTAINABILITY\"],\"inLanguage\":\"en-US\"},{\"@type\":\"WebPage\",\"@id\":\"https:\\\/\\\/www.organisator.ch\\\/sustainability\\\/2020-06-11\\\/vizcab-bauplaner-erhalten-methode-zur-oekobilanzierung\\\/\",\"url\":\"https:\\\/\\\/www.organisator.ch\\\/sustainability\\\/2020-06-11\\\/vizcab-bauplaner-erhalten-methode-zur-oekobilanzierung\\\/\",\"name\":\"Vizcab: Bauplaner erhalten Methode zur \u00d6kobilanzierung - Organisator\",\"isPartOf\":{\"@id\":\"https:\\\/\\\/www.organisator.ch\\\/#website\"},\"primaryImageOfPage\":{\"@id\":\"https:\\\/\\\/www.organisator.ch\\\/sustainability\\\/2020-06-11\\\/vizcab-bauplaner-erhalten-methode-zur-oekobilanzierung\\\/#primaryimage\"},\"image\":{\"@id\":\"https:\\\/\\\/www.organisator.ch\\\/sustainability\\\/2020-06-11\\\/vizcab-bauplaner-erhalten-methode-zur-oekobilanzierung\\\/#primaryimage\"},\"thumbnailUrl\":\"https:\\\/\\\/www.organisator.ch\\\/wp-content\\\/uploads\\\/2020\\\/06\\\/Bauplaner-UP_Umwelt-Perspektiven-Vizcab.jpg\",\"datePublished\":\"2020-06-11T15:19:40+00:00\",\"dateModified\":\"2022-02-09T10:09:57+00:00\",\"description\":\"Vizcab hat in einer Finanzierungsrunde 1,6 Millionen Euro eingenommen. Das Start-Up hat ein Tool f\u00fcr smarte Bauplanung entwickelt.\",\"breadcrumb\":{\"@id\":\"https:\\\/\\\/www.organisator.ch\\\/sustainability\\\/2020-06-11\\\/vizcab-bauplaner-erhalten-methode-zur-oekobilanzierung\\\/#breadcrumb\"},\"inLanguage\":\"en-US\",\"potentialAction\":[{\"@type\":\"ReadAction\",\"target\":[\"https:\\\/\\\/www.organisator.ch\\\/sustainability\\\/2020-06-11\\\/vizcab-bauplaner-erhalten-methode-zur-oekobilanzierung\\\/\"]}]},{\"@type\":\"ImageObject\",\"inLanguage\":\"en-US\",\"@id\":\"https:\\\/\\\/www.organisator.ch\\\/sustainability\\\/2020-06-11\\\/vizcab-bauplaner-erhalten-methode-zur-oekobilanzierung\\\/#primaryimage\",\"url\":\"https:\\\/\\\/www.organisator.ch\\\/wp-content\\\/uploads\\\/2020\\\/06\\\/Bauplaner-UP_Umwelt-Perspektiven-Vizcab.jpg\",\"contentUrl\":\"https:\\\/\\\/www.organisator.ch\\\/wp-content\\\/uploads\\\/2020\\\/06\\\/Bauplaner-UP_Umwelt-Perspektiven-Vizcab.jpg\",\"width\":664,\"height\":404,\"caption\":\"Vizcab in full effect: E\"},{\"@type\":\"BreadcrumbList\",\"@id\":\"https:\\\/\\\/www.organisator.ch\\\/sustainability\\\/2020-06-11\\\/vizcab-bauplaner-erhalten-methode-zur-oekobilanzierung\\\/#breadcrumb\",\"itemListElement\":[{\"@type\":\"ListItem\",\"position\":1,\"name\":\"Home\",\"item\":\"https:\\\/\\\/www.organisator.ch\\\/\"},{\"@type\":\"ListItem\",\"position\":2,\"name\":\"Vizcab: Bauplaner erhalten Methode zur \u00d6kobilanzierung\"}]},{\"@type\":\"WebSite\",\"@id\":\"https:\\\/\\\/www.organisator.ch\\\/#website\",\"url\":\"https:\\\/\\\/www.organisator.ch\\\/\",\"name\":\"Organisator\",\"description\":\"Kompetent. Praxisnah. Der ORGANISATOR bereitet in 10 Ausgaben pro Jahr die wesentlichen Themen f\u00fcr F\u00fchrungskr\u00e4fte von KMU auf.\",\"publisher\":{\"@id\":\"https:\\\/\\\/www.organisator.ch\\\/#organization\"},\"potentialAction\":[{\"@type\":\"SearchAction\",\"target\":{\"@type\":\"EntryPoint\",\"urlTemplate\":\"https:\\\/\\\/www.organisator.ch\\\/?s={search_term_string}\"},\"query-input\":{\"@type\":\"PropertyValueSpecification\",\"valueRequired\":true,\"valueName\":\"search_term_string\"}}],\"inLanguage\":\"en-US\"},{\"@type\":\"Organization\",\"@id\":\"https:\\\/\\\/www.organisator.ch\\\/#organization\",\"name\":\"Organisator\",\"url\":\"https:\\\/\\\/www.organisator.ch\\\/\",\"logo\":{\"@type\":\"ImageObject\",\"inLanguage\":\"en-US\",\"@id\":\"https:\\\/\\\/www.organisator.ch\\\/#\\\/schema\\\/logo\\\/image\\\/\",\"url\":\"https:\\\/\\\/www.organisator.ch\\\/wp-content\\\/uploads\\\/2022\\\/01\\\/Logo_Organisator_Website.png\",\"contentUrl\":\"https:\\\/\\\/www.organisator.ch\\\/wp-content\\\/uploads\\\/2022\\\/01\\\/Logo_Organisator_Website.png\",\"width\":800,\"height\":77,\"caption\":\"Organisator\"},\"image\":{\"@id\":\"https:\\\/\\\/www.organisator.ch\\\/#\\\/schema\\\/logo\\\/image\\\/\"},\"sameAs\":[\"https:\\\/\\\/www.facebook.com\\\/OrganisatorFachmagazin\",\"https:\\\/\\\/www.linkedin.com\\\/showcase\\\/organisator-das-magazin-fr-kmu\",\"https:\\\/\\\/www.xing.com\\\/news\\\/pages\\\/organisator-ch-695\",\"https:\\\/\\\/www.youtube.com\\\/channel\\\/UCGP2Sq0iWaZwT3BdIAQFYpw\"]},{\"@type\":\"Person\",\"@id\":\"https:\\\/\\\/www.organisator.ch\\\/#\\\/schema\\\/person\\\/134708ca9321c57b0362cceb7948ffbd\",\"name\":\"michael.merz\",\"image\":{\"@type\":\"ImageObject\",\"inLanguage\":\"en-US\",\"@id\":\"https:\\\/\\\/secure.gravatar.com\\\/avatar\\\/?s=96&d=mm&r=g\",\"url\":\"https:\\\/\\\/secure.gravatar.com\\\/avatar\\\/?s=96&d=mm&r=g\",\"contentUrl\":\"https:\\\/\\\/secure.gravatar.com\\\/avatar\\\/?s=96&d=mm&r=g\",\"caption\":\"michael.merz\"},\"url\":\"https:\\\/\\\/www.organisator.ch\\\/en\\\/author\\\/michael-merz\\\/\"}]}<\/script>\n<!-- \/ Yoast SEO plugin. -->","yoast_head_json":{"title":"Vizcab: Building planners receive method for life cycle assessment - organizer","description":"Vizcab has raised 1.6 million euros in a financing round. The start-up has developed a tool for smart construction planning.","robots":{"index":"index","follow":"follow","max-snippet":"max-snippet:-1","max-image-preview":"max-image-preview:large","max-video-preview":"max-video-preview:-1"},"canonical":"https:\/\/www.organisator.ch\/en\/sustainability\/2020-06-11\/vizcab-bauplaner-erhalten-methode-zur-oekobilanzierung\/","og_locale":"en_US","og_type":"article","og_title":"Vizcab: Bauplaner erhalten Methode zur \u00d6kobilanzierung - Organisator","og_description":"Vizcab hat in einer Finanzierungsrunde 1,6 Millionen Euro eingenommen. Das Start-Up hat ein Tool f\u00fcr smarte Bauplanung entwickelt.","og_url":"https:\/\/www.organisator.ch\/en\/sustainability\/2020-06-11\/vizcab-bauplaner-erhalten-methode-zur-oekobilanzierung\/","og_site_name":"Organisator","article_publisher":"https:\/\/www.facebook.com\/OrganisatorFachmagazin","article_published_time":"2020-06-11T15:19:40+00:00","article_modified_time":"2022-02-09T10:09:57+00:00","og_image":[{"width":664,"height":404,"url":"https:\/\/www.organisator.ch\/wp-content\/uploads\/2020\/06\/Bauplaner-UP_Umwelt-Perspektiven-Vizcab.jpg","type":"image\/jpeg"}],"author":"michael.merz","twitter_card":"summary_large_image","schema":{"@context":"https:\/\/schema.org","@graph":[{"@type":"Article","@id":"https:\/\/www.organisator.ch\/sustainability\/2020-06-11\/vizcab-bauplaner-erhalten-methode-zur-oekobilanzierung\/#article","isPartOf":{"@id":"https:\/\/www.organisator.ch\/sustainability\/2020-06-11\/vizcab-bauplaner-erhalten-methode-zur-oekobilanzierung\/"},"author":{"name":"michael.merz","@id":"https:\/\/www.organisator.ch\/#\/schema\/person\/134708ca9321c57b0362cceb7948ffbd"},"headline":"Vizcab: Bauplaner erhalten Methode zur \u00d6kobilanzierung","datePublished":"2020-06-11T15:19:40+00:00","dateModified":"2022-02-09T10:09:57+00:00","mainEntityOfPage":{"@id":"https:\/\/www.organisator.ch\/sustainability\/2020-06-11\/vizcab-bauplaner-erhalten-methode-zur-oekobilanzierung\/"},"wordCount":304,"publisher":{"@id":"https:\/\/www.organisator.ch\/#organization"},"image":{"@id":"https:\/\/www.organisator.ch\/sustainability\/2020-06-11\/vizcab-bauplaner-erhalten-methode-zur-oekobilanzierung\/#primaryimage"},"thumbnailUrl":"https:\/\/www.organisator.ch\/wp-content\/uploads\/2020\/06\/Bauplaner-UP_Umwelt-Perspektiven-Vizcab.jpg","keywords":["Bau Management","\u00d6kobilanz","Smart Building","Start-up"],"articleSection":["SUSTAINABILITY"],"inLanguage":"en-US"},{"@type":"WebPage","@id":"https:\/\/www.organisator.ch\/sustainability\/2020-06-11\/vizcab-bauplaner-erhalten-methode-zur-oekobilanzierung\/","url":"https:\/\/www.organisator.ch\/sustainability\/2020-06-11\/vizcab-bauplaner-erhalten-methode-zur-oekobilanzierung\/","name":"Vizcab: Building planners receive method for life cycle assessment - organizer","isPartOf":{"@id":"https:\/\/www.organisator.ch\/#website"},"primaryImageOfPage":{"@id":"https:\/\/www.organisator.ch\/sustainability\/2020-06-11\/vizcab-bauplaner-erhalten-methode-zur-oekobilanzierung\/#primaryimage"},"image":{"@id":"https:\/\/www.organisator.ch\/sustainability\/2020-06-11\/vizcab-bauplaner-erhalten-methode-zur-oekobilanzierung\/#primaryimage"},"thumbnailUrl":"https:\/\/www.organisator.ch\/wp-content\/uploads\/2020\/06\/Bauplaner-UP_Umwelt-Perspektiven-Vizcab.jpg","datePublished":"2020-06-11T15:19:40+00:00","dateModified":"2022-02-09T10:09:57+00:00","description":"Vizcab has raised 1.6 million euros in a financing round. The start-up has developed a tool for smart construction planning.","breadcrumb":{"@id":"https:\/\/www.organisator.ch\/sustainability\/2020-06-11\/vizcab-bauplaner-erhalten-methode-zur-oekobilanzierung\/#breadcrumb"},"inLanguage":"en-US","potentialAction":[{"@type":"ReadAction","target":["https:\/\/www.organisator.ch\/sustainability\/2020-06-11\/vizcab-bauplaner-erhalten-methode-zur-oekobilanzierung\/"]}]},{"@type":"ImageObject","inLanguage":"en-US","@id":"https:\/\/www.organisator.ch\/sustainability\/2020-06-11\/vizcab-bauplaner-erhalten-methode-zur-oekobilanzierung\/#primaryimage","url":"https:\/\/www.organisator.ch\/wp-content\/uploads\/2020\/06\/Bauplaner-UP_Umwelt-Perspektiven-Vizcab.jpg","contentUrl":"https:\/\/www.organisator.ch\/wp-content\/uploads\/2020\/06\/Bauplaner-UP_Umwelt-Perspektiven-Vizcab.jpg","width":664,"height":404,"caption":"Vizcab in full effect: E"},{"@type":"BreadcrumbList","@id":"https:\/\/www.organisator.ch\/sustainability\/2020-06-11\/vizcab-bauplaner-erhalten-methode-zur-oekobilanzierung\/#breadcrumb","itemListElement":[{"@type":"ListItem","position":1,"name":"Home","item":"https:\/\/www.organisator.ch\/"},{"@type":"ListItem","position":2,"name":"Vizcab: Bauplaner erhalten Methode zur \u00d6kobilanzierung"}]},{"@type":"WebSite","@id":"https:\/\/www.organisator.ch\/#website","url":"https:\/\/www.organisator.ch\/","name":"Organizer","description":"Competent. Practical. In 10 issues per year, ORGANISATOR presents the essential topics for managers of SMEs.","publisher":{"@id":"https:\/\/www.organisator.ch\/#organization"},"potentialAction":[{"@type":"SearchAction","target":{"@type":"EntryPoint","urlTemplate":"https:\/\/www.organisator.ch\/?s={search_term_string}"},"query-input":{"@type":"PropertyValueSpecification","valueRequired":true,"valueName":"search_term_string"}}],"inLanguage":"en-US"},{"@type":"Organization","@id":"https:\/\/www.organisator.ch\/#organization","name":"Organizer","url":"https:\/\/www.organisator.ch\/","logo":{"@type":"ImageObject","inLanguage":"en-US","@id":"https:\/\/www.organisator.ch\/#\/schema\/logo\/image\/","url":"https:\/\/www.organisator.ch\/wp-content\/uploads\/2022\/01\/Logo_Organisator_Website.png","contentUrl":"https:\/\/www.organisator.ch\/wp-content\/uploads\/2022\/01\/Logo_Organisator_Website.png","width":800,"height":77,"caption":"Organisator"},"image":{"@id":"https:\/\/www.organisator.ch\/#\/schema\/logo\/image\/"},"sameAs":["https:\/\/www.facebook.com\/OrganisatorFachmagazin","https:\/\/www.linkedin.com\/showcase\/organisator-das-magazin-fr-kmu","https:\/\/www.xing.com\/news\/pages\/organisator-ch-695","https:\/\/www.youtube.com\/channel\/UCGP2Sq0iWaZwT3BdIAQFYpw"]},{"@type":"Person","@id":"https:\/\/www.organisator.ch\/#\/schema\/person\/134708ca9321c57b0362cceb7948ffbd","name":"michael.merz","image":{"@type":"ImageObject","inLanguage":"en-US","@id":"https:\/\/secure.gravatar.com\/avatar\/?s=96&d=mm&r=g","url":"https:\/\/secure.gravatar.com\/avatar\/?s=96&d=mm&r=g","contentUrl":"https:\/\/secure.gravatar.com\/avatar\/?s=96&d=mm&r=g","caption":"michael.merz"},"url":"https:\/\/www.organisator.ch\/en\/author\/michael-merz\/"}]}},"_links":{"self":[{"href":"https:\/\/www.organisator.ch\/en\/wp-json\/wp\/v2\/posts\/3118","targetHints":{"allow":["GET"]}}],"collection":[{"href":"https:\/\/www.organisator.ch\/en\/wp-json\/wp\/v2\/posts"}],"about":[{"href":"https:\/\/www.organisator.ch\/en\/wp-json\/wp\/v2\/types\/post"}],"author":[{"embeddable":true,"href":"https:\/\/www.organisator.ch\/en\/wp-json\/wp\/v2\/users\/5"}],"replies":[{"embeddable":true,"href":"https:\/\/www.organisator.ch\/en\/wp-json\/wp\/v2\/comments?post=3118"}],"version-history":[{"count":1,"href":"https:\/\/www.organisator.ch\/en\/wp-json\/wp\/v2\/posts\/3118\/revisions"}],"predecessor-version":[{"id":10830,"href":"https:\/\/www.organisator.ch\/en\/wp-json\/wp\/v2\/posts\/3118\/revisions\/10830"}],"wp:featuredmedia":[{"embeddable":true,"href":"https:\/\/www.organisator.ch\/en\/wp-json\/wp\/v2\/media\/3119"}],"wp:attachment":[{"href":"https:\/\/www.organisator.ch\/en\/wp-json\/wp\/v2\/media?parent=3118"}],"wp:term":[{"taxonomy":"category","embeddable":true,"href":"https:\/\/www.organisator.ch\/en\/wp-json\/wp\/v2\/categories?post=3118"},{"taxonomy":"post_tag","embeddable":true,"href":"https:\/\/www.organisator.ch\/en\/wp-json\/wp\/v2\/tags?post=3118"}],"curies":[{"name":"wp","href":"https:\/\/api.w.org\/{rel}","templated":true}]}}