{"id":31183,"date":"2024-10-24T10:04:56","date_gmt":"2024-10-24T08:04:56","guid":{"rendered":"https:\/\/www.m-q.ch\/?p=20606"},"modified":"2024-11-07T11:37:06","modified_gmt":"2024-11-07T10:37:06","slug":"mobilezone-schliesst-sich-der-science-based-targets-initiative-an","status":"publish","type":"post","link":"https:\/\/www.organisator.ch\/en\/sustainability\/2024-10-24\/mobilezone-schliesst-sich-der-science-based-targets-initiative-an\/","title":{"rendered":"Mobilezone joins the Science Based Targets Initiative"},"content":{"rendered":"<figure id=\"attachment_20608\" class=\"wp-caption alignnone\" style=\"width: 680px\" aria-describedby=\"caption-attachment-20608\"><img class=\"alignnone wp-image-20608 size-full\" src=\"https:\/\/www.m-q.ch\/wp-content\/uploads\/2024\/10\/Mobilezone_Bild1_ps.jpg\" alt=\"mobilezone CO2 reduction targets 2045\" width=\"680\" height=\"454\" \/>\r\n<figcaption id=\"caption-attachment-20608\" class=\"wp-caption-text\">The mobilezone Group has committed to reducing its CO2 footprint in line with the Paris climate targets. (Image: www.depositphotos.com)<\/figcaption>\r\n<\/figure>\r\n<p>The mobilezone Group aims to significantly reduce Group-wide CO\u2082 emissions by 2032 and 2045 respectively. The commitment to the SBTi is a further step towards ensuring sustainable business activities in the long term. Both the short-term and long-term reduction targets will be developed by mobilezone in the coming months and disclosed to the SBTi, which will review and validate them.\u00a0<\/p>\r\n<p>\"We are aware of the responsibility we bear as a company and we want to make our contribution to reducing global CO\u2082 emissions. The collaboration with SBTi enables us to set scientifically sound targets and thus make our contribution to a sustainable future,\" says Bernhard M\u00e4chler, Chief Financial Officer Switzerland.<\/p>\r\n<p>In its 2023 annual report, the mobilezone Group already recorded its carbon footprint in Scopes 1, 2 and 3 with the base year 2022 and had this certified in accordance with ISO 14064.<\/p>\r\n<p>The Science Based Targets Initiative supports companies in formulating and validating climate targets that are in line with the latest scientific findings. It was launched by the WWF (World Wide Fund for Nature), the Carbon Disclosure Project (CDP), the United Nations Global Compact and the World Resources Institute (WRI) to provide companies with a tool for setting binding climate targets and thus contributing to the reduction of global greenhouse gas emissions. The aim of the Paris Climate Agreement is to limit global warming to well below 2 degrees, but preferably to 1.5 degrees.<\/p>\r\n<p><em>Source: <a href=\"http:\/\/www.mobilezoneholding.ch\/\">www.mobilezoneholding.ch<\/a><\/em><\/p>\n<p class=\"syndicated-attribution\">This article originally appeared on m-q.ch - <a href=\"https:\/\/www.m-q.ch\/de\/mobilezone-schliesst-sich-der-science-based-targets-initiative-an\/\" target=\"_blank\">https:\/\/www.m-q.ch\/de\/mobilezone-schliesst-sich-der-science-based-targets-initiative-an\/<\/a><\/p>","protected":false},"excerpt":{"rendered":"<p>As part of the Science Based Targets initiative (SBTi), the mobilezone Group has committed to reducing its carbon footprint in line with the Paris climate targets.<\/p>","protected":false},"author":58,"featured_media":0,"comment_status":"closed","ping_status":"closed","sticky":false,"template":"","format":"standard","meta":{"_acf_changed":false,"_yoast_wpseo_focuskw":"mobilezone CO2-Reduktionsziele 2045","_yoast_wpseo_metadesc":"Mobilezone verpflichtet sich zur Senkung der CO\u2082-Emissionen bis 2045 im Einklang mit den Pariser Klimazielen.","articlekey":"","footnotes":""},"categories":[580],"tags":[1787,605,4673,492],"class_list":["post-31183","post","type-post","status-publish","format-standard","hentry","category-sustainability","tag-nachhaltigkeit","tag-qualitaetsmanagement","tag-sbti","tag-unternehmen"],"acf":[],"yoast_head":"<!-- This site is optimized with the Yoast SEO plugin v27.4 - https:\/\/yoast.com\/product\/yoast-seo-wordpress\/ -->\n<title>Mobilezone schliesst sich der Science Based Targets Initiative an - Organisator<\/title>\n<meta name=\"description\" content=\"Mobilezone verpflichtet sich zur Senkung der CO\u2082-Emissionen bis 2045 im Einklang mit den Pariser Klimazielen.\" \/>\n<meta name=\"robots\" content=\"index, follow, max-snippet:-1, max-image-preview:large, max-video-preview:-1\" \/>\n<link rel=\"canonical\" href=\"https:\/\/www.organisator.ch\/en\/sustainability\/2024-10-24\/mobilezone-schliesst-sich-der-science-based-targets-initiative-an\/\" \/>\n<meta property=\"og:locale\" content=\"en_US\" \/>\n<meta property=\"og:type\" content=\"article\" \/>\n<meta property=\"og:title\" content=\"Mobilezone schliesst sich der Science Based Targets Initiative an - Organisator\" \/>\n<meta property=\"og:description\" content=\"Mobilezone verpflichtet sich zur Senkung der CO\u2082-Emissionen bis 2045 im Einklang mit den Pariser Klimazielen.\" \/>\n<meta property=\"og:url\" content=\"https:\/\/www.organisator.ch\/en\/sustainability\/2024-10-24\/mobilezone-schliesst-sich-der-science-based-targets-initiative-an\/\" \/>\n<meta property=\"og:site_name\" content=\"Organisator\" \/>\n<meta property=\"article:publisher\" content=\"https:\/\/www.facebook.com\/OrganisatorFachmagazin\" \/>\n<meta property=\"article:published_time\" content=\"2024-10-24T08:04:56+00:00\" \/>\n<meta property=\"article:modified_time\" content=\"2024-11-07T10:37:06+00:00\" \/>\n<meta property=\"og:image\" content=\"https:\/\/www.m-q.ch\/wp-content\/uploads\/2024\/10\/Mobilezone_Bild1_ps.jpg\" \/>\n<meta name=\"author\" content=\"Adelisa Kalajdzini\" \/>\n<meta name=\"twitter:card\" content=\"summary_large_image\" \/>\n<script type=\"application\/ld+json\" class=\"yoast-schema-graph\">{\"@context\":\"https:\\\/\\\/schema.org\",\"@graph\":[{\"@type\":\"Article\",\"@id\":\"https:\\\/\\\/www.organisator.ch\\\/sustainability\\\/2024-10-24\\\/mobilezone-schliesst-sich-der-science-based-targets-initiative-an\\\/#article\",\"isPartOf\":{\"@id\":\"https:\\\/\\\/www.organisator.ch\\\/sustainability\\\/2024-10-24\\\/mobilezone-schliesst-sich-der-science-based-targets-initiative-an\\\/\"},\"author\":{\"name\":\"Adelisa Kalajdzini\",\"@id\":\"https:\\\/\\\/www.organisator.ch\\\/#\\\/schema\\\/person\\\/2e1314a2172123f874db408d8911d3f3\"},\"headline\":\"Mobilezone schliesst sich der Science Based Targets Initiative an\",\"datePublished\":\"2024-10-24T08:04:56+00:00\",\"dateModified\":\"2024-11-07T10:37:06+00:00\",\"mainEntityOfPage\":{\"@id\":\"https:\\\/\\\/www.organisator.ch\\\/sustainability\\\/2024-10-24\\\/mobilezone-schliesst-sich-der-science-based-targets-initiative-an\\\/\"},\"wordCount\":277,\"publisher\":{\"@id\":\"https:\\\/\\\/www.organisator.ch\\\/#organization\"},\"image\":{\"@id\":\"https:\\\/\\\/www.organisator.ch\\\/sustainability\\\/2024-10-24\\\/mobilezone-schliesst-sich-der-science-based-targets-initiative-an\\\/#primaryimage\"},\"thumbnailUrl\":\"https:\\\/\\\/www.m-q.ch\\\/wp-content\\\/uploads\\\/2024\\\/10\\\/Mobilezone_Bild1_ps.jpg\",\"keywords\":[\"Nachhaltigkeit\",\"Qualit\u00e4tsmanagement\",\"SBTi\",\"Unternehmen\"],\"articleSection\":[\"SUSTAINABILITY\"],\"inLanguage\":\"en-US\"},{\"@type\":\"WebPage\",\"@id\":\"https:\\\/\\\/www.organisator.ch\\\/sustainability\\\/2024-10-24\\\/mobilezone-schliesst-sich-der-science-based-targets-initiative-an\\\/\",\"url\":\"https:\\\/\\\/www.organisator.ch\\\/sustainability\\\/2024-10-24\\\/mobilezone-schliesst-sich-der-science-based-targets-initiative-an\\\/\",\"name\":\"Mobilezone schliesst sich der Science Based Targets Initiative an - Organisator\",\"isPartOf\":{\"@id\":\"https:\\\/\\\/www.organisator.ch\\\/#website\"},\"primaryImageOfPage\":{\"@id\":\"https:\\\/\\\/www.organisator.ch\\\/sustainability\\\/2024-10-24\\\/mobilezone-schliesst-sich-der-science-based-targets-initiative-an\\\/#primaryimage\"},\"image\":{\"@id\":\"https:\\\/\\\/www.organisator.ch\\\/sustainability\\\/2024-10-24\\\/mobilezone-schliesst-sich-der-science-based-targets-initiative-an\\\/#primaryimage\"},\"thumbnailUrl\":\"https:\\\/\\\/www.m-q.ch\\\/wp-content\\\/uploads\\\/2024\\\/10\\\/Mobilezone_Bild1_ps.jpg\",\"datePublished\":\"2024-10-24T08:04:56+00:00\",\"dateModified\":\"2024-11-07T10:37:06+00:00\",\"description\":\"Mobilezone verpflichtet sich zur Senkung der CO\u2082-Emissionen bis 2045 im Einklang mit den Pariser Klimazielen.\",\"breadcrumb\":{\"@id\":\"https:\\\/\\\/www.organisator.ch\\\/sustainability\\\/2024-10-24\\\/mobilezone-schliesst-sich-der-science-based-targets-initiative-an\\\/#breadcrumb\"},\"inLanguage\":\"en-US\",\"potentialAction\":[{\"@type\":\"ReadAction\",\"target\":[\"https:\\\/\\\/www.organisator.ch\\\/sustainability\\\/2024-10-24\\\/mobilezone-schliesst-sich-der-science-based-targets-initiative-an\\\/\"]}]},{\"@type\":\"ImageObject\",\"inLanguage\":\"en-US\",\"@id\":\"https:\\\/\\\/www.organisator.ch\\\/sustainability\\\/2024-10-24\\\/mobilezone-schliesst-sich-der-science-based-targets-initiative-an\\\/#primaryimage\",\"url\":\"https:\\\/\\\/www.m-q.ch\\\/wp-content\\\/uploads\\\/2024\\\/10\\\/Mobilezone_Bild1_ps.jpg\",\"contentUrl\":\"https:\\\/\\\/www.m-q.ch\\\/wp-content\\\/uploads\\\/2024\\\/10\\\/Mobilezone_Bild1_ps.jpg\"},{\"@type\":\"BreadcrumbList\",\"@id\":\"https:\\\/\\\/www.organisator.ch\\\/sustainability\\\/2024-10-24\\\/mobilezone-schliesst-sich-der-science-based-targets-initiative-an\\\/#breadcrumb\",\"itemListElement\":[{\"@type\":\"ListItem\",\"position\":1,\"name\":\"Home\",\"item\":\"https:\\\/\\\/www.organisator.ch\\\/\"},{\"@type\":\"ListItem\",\"position\":2,\"name\":\"Mobilezone schliesst sich der Science Based Targets Initiative an\"}]},{\"@type\":\"WebSite\",\"@id\":\"https:\\\/\\\/www.organisator.ch\\\/#website\",\"url\":\"https:\\\/\\\/www.organisator.ch\\\/\",\"name\":\"Organisator\",\"description\":\"Kompetent. Praxisnah. Der ORGANISATOR bereitet in 10 Ausgaben pro Jahr die wesentlichen Themen f\u00fcr F\u00fchrungskr\u00e4fte von KMU auf.\",\"publisher\":{\"@id\":\"https:\\\/\\\/www.organisator.ch\\\/#organization\"},\"potentialAction\":[{\"@type\":\"SearchAction\",\"target\":{\"@type\":\"EntryPoint\",\"urlTemplate\":\"https:\\\/\\\/www.organisator.ch\\\/?s={search_term_string}\"},\"query-input\":{\"@type\":\"PropertyValueSpecification\",\"valueRequired\":true,\"valueName\":\"search_term_string\"}}],\"inLanguage\":\"en-US\"},{\"@type\":\"Organization\",\"@id\":\"https:\\\/\\\/www.organisator.ch\\\/#organization\",\"name\":\"Organisator\",\"url\":\"https:\\\/\\\/www.organisator.ch\\\/\",\"logo\":{\"@type\":\"ImageObject\",\"inLanguage\":\"en-US\",\"@id\":\"https:\\\/\\\/www.organisator.ch\\\/#\\\/schema\\\/logo\\\/image\\\/\",\"url\":\"https:\\\/\\\/www.organisator.ch\\\/wp-content\\\/uploads\\\/2022\\\/01\\\/Logo_Organisator_Website.png\",\"contentUrl\":\"https:\\\/\\\/www.organisator.ch\\\/wp-content\\\/uploads\\\/2022\\\/01\\\/Logo_Organisator_Website.png\",\"width\":800,\"height\":77,\"caption\":\"Organisator\"},\"image\":{\"@id\":\"https:\\\/\\\/www.organisator.ch\\\/#\\\/schema\\\/logo\\\/image\\\/\"},\"sameAs\":[\"https:\\\/\\\/www.facebook.com\\\/OrganisatorFachmagazin\",\"https:\\\/\\\/www.linkedin.com\\\/showcase\\\/organisator-das-magazin-fr-kmu\",\"https:\\\/\\\/www.xing.com\\\/news\\\/pages\\\/organisator-ch-695\",\"https:\\\/\\\/www.youtube.com\\\/channel\\\/UCGP2Sq0iWaZwT3BdIAQFYpw\"]},{\"@type\":\"Person\",\"@id\":\"https:\\\/\\\/www.organisator.ch\\\/#\\\/schema\\\/person\\\/2e1314a2172123f874db408d8911d3f3\",\"name\":\"Adelisa Kalajdzini\",\"image\":{\"@type\":\"ImageObject\",\"inLanguage\":\"en-US\",\"@id\":\"https:\\\/\\\/secure.gravatar.com\\\/avatar\\\/09a397c22ac58cad6f160ee8306348599df9df58a8ede73696226897b9fa4b24?s=96&d=mm&r=g\",\"url\":\"https:\\\/\\\/secure.gravatar.com\\\/avatar\\\/09a397c22ac58cad6f160ee8306348599df9df58a8ede73696226897b9fa4b24?s=96&d=mm&r=g\",\"contentUrl\":\"https:\\\/\\\/secure.gravatar.com\\\/avatar\\\/09a397c22ac58cad6f160ee8306348599df9df58a8ede73696226897b9fa4b24?s=96&d=mm&r=g\",\"caption\":\"Adelisa Kalajdzini\"},\"url\":\"https:\\\/\\\/www.organisator.ch\\\/en\\\/author\\\/adelisa-kalajdzini\\\/\"}]}<\/script>\n<!-- \/ Yoast SEO plugin. -->","yoast_head_json":{"title":"Mobilezone joins the Science Based Targets Initiative - Organizer","description":"Mobilezone is committed to reducing CO\u2082 emissions by 2045 in line with the Paris climate targets.","robots":{"index":"index","follow":"follow","max-snippet":"max-snippet:-1","max-image-preview":"max-image-preview:large","max-video-preview":"max-video-preview:-1"},"canonical":"https:\/\/www.organisator.ch\/en\/sustainability\/2024-10-24\/mobilezone-schliesst-sich-der-science-based-targets-initiative-an\/","og_locale":"en_US","og_type":"article","og_title":"Mobilezone schliesst sich der Science Based Targets Initiative an - Organisator","og_description":"Mobilezone verpflichtet sich zur Senkung der CO\u2082-Emissionen bis 2045 im Einklang mit den Pariser Klimazielen.","og_url":"https:\/\/www.organisator.ch\/en\/sustainability\/2024-10-24\/mobilezone-schliesst-sich-der-science-based-targets-initiative-an\/","og_site_name":"Organisator","article_publisher":"https:\/\/www.facebook.com\/OrganisatorFachmagazin","article_published_time":"2024-10-24T08:04:56+00:00","article_modified_time":"2024-11-07T10:37:06+00:00","og_image":[{"url":"https:\/\/www.m-q.ch\/wp-content\/uploads\/2024\/10\/Mobilezone_Bild1_ps.jpg","type":"","width":"","height":""}],"author":"Adelisa Kalajdzini","twitter_card":"summary_large_image","schema":{"@context":"https:\/\/schema.org","@graph":[{"@type":"Article","@id":"https:\/\/www.organisator.ch\/sustainability\/2024-10-24\/mobilezone-schliesst-sich-der-science-based-targets-initiative-an\/#article","isPartOf":{"@id":"https:\/\/www.organisator.ch\/sustainability\/2024-10-24\/mobilezone-schliesst-sich-der-science-based-targets-initiative-an\/"},"author":{"name":"Adelisa Kalajdzini","@id":"https:\/\/www.organisator.ch\/#\/schema\/person\/2e1314a2172123f874db408d8911d3f3"},"headline":"Mobilezone schliesst sich der Science Based Targets Initiative an","datePublished":"2024-10-24T08:04:56+00:00","dateModified":"2024-11-07T10:37:06+00:00","mainEntityOfPage":{"@id":"https:\/\/www.organisator.ch\/sustainability\/2024-10-24\/mobilezone-schliesst-sich-der-science-based-targets-initiative-an\/"},"wordCount":277,"publisher":{"@id":"https:\/\/www.organisator.ch\/#organization"},"image":{"@id":"https:\/\/www.organisator.ch\/sustainability\/2024-10-24\/mobilezone-schliesst-sich-der-science-based-targets-initiative-an\/#primaryimage"},"thumbnailUrl":"https:\/\/www.m-q.ch\/wp-content\/uploads\/2024\/10\/Mobilezone_Bild1_ps.jpg","keywords":["Nachhaltigkeit","Qualit\u00e4tsmanagement","SBTi","Unternehmen"],"articleSection":["SUSTAINABILITY"],"inLanguage":"en-US"},{"@type":"WebPage","@id":"https:\/\/www.organisator.ch\/sustainability\/2024-10-24\/mobilezone-schliesst-sich-der-science-based-targets-initiative-an\/","url":"https:\/\/www.organisator.ch\/sustainability\/2024-10-24\/mobilezone-schliesst-sich-der-science-based-targets-initiative-an\/","name":"Mobilezone joins the Science Based Targets Initiative - Organizer","isPartOf":{"@id":"https:\/\/www.organisator.ch\/#website"},"primaryImageOfPage":{"@id":"https:\/\/www.organisator.ch\/sustainability\/2024-10-24\/mobilezone-schliesst-sich-der-science-based-targets-initiative-an\/#primaryimage"},"image":{"@id":"https:\/\/www.organisator.ch\/sustainability\/2024-10-24\/mobilezone-schliesst-sich-der-science-based-targets-initiative-an\/#primaryimage"},"thumbnailUrl":"https:\/\/www.m-q.ch\/wp-content\/uploads\/2024\/10\/Mobilezone_Bild1_ps.jpg","datePublished":"2024-10-24T08:04:56+00:00","dateModified":"2024-11-07T10:37:06+00:00","description":"Mobilezone is committed to reducing CO\u2082 emissions by 2045 in line with the Paris climate targets.","breadcrumb":{"@id":"https:\/\/www.organisator.ch\/sustainability\/2024-10-24\/mobilezone-schliesst-sich-der-science-based-targets-initiative-an\/#breadcrumb"},"inLanguage":"en-US","potentialAction":[{"@type":"ReadAction","target":["https:\/\/www.organisator.ch\/sustainability\/2024-10-24\/mobilezone-schliesst-sich-der-science-based-targets-initiative-an\/"]}]},{"@type":"ImageObject","inLanguage":"en-US","@id":"https:\/\/www.organisator.ch\/sustainability\/2024-10-24\/mobilezone-schliesst-sich-der-science-based-targets-initiative-an\/#primaryimage","url":"https:\/\/www.m-q.ch\/wp-content\/uploads\/2024\/10\/Mobilezone_Bild1_ps.jpg","contentUrl":"https:\/\/www.m-q.ch\/wp-content\/uploads\/2024\/10\/Mobilezone_Bild1_ps.jpg"},{"@type":"BreadcrumbList","@id":"https:\/\/www.organisator.ch\/sustainability\/2024-10-24\/mobilezone-schliesst-sich-der-science-based-targets-initiative-an\/#breadcrumb","itemListElement":[{"@type":"ListItem","position":1,"name":"Home","item":"https:\/\/www.organisator.ch\/"},{"@type":"ListItem","position":2,"name":"Mobilezone schliesst sich der Science Based Targets Initiative an"}]},{"@type":"WebSite","@id":"https:\/\/www.organisator.ch\/#website","url":"https:\/\/www.organisator.ch\/","name":"Organizer","description":"Competent. Practical. In 10 issues per year, ORGANISATOR presents the essential topics for managers of SMEs.","publisher":{"@id":"https:\/\/www.organisator.ch\/#organization"},"potentialAction":[{"@type":"SearchAction","target":{"@type":"EntryPoint","urlTemplate":"https:\/\/www.organisator.ch\/?s={search_term_string}"},"query-input":{"@type":"PropertyValueSpecification","valueRequired":true,"valueName":"search_term_string"}}],"inLanguage":"en-US"},{"@type":"Organization","@id":"https:\/\/www.organisator.ch\/#organization","name":"Organizer","url":"https:\/\/www.organisator.ch\/","logo":{"@type":"ImageObject","inLanguage":"en-US","@id":"https:\/\/www.organisator.ch\/#\/schema\/logo\/image\/","url":"https:\/\/www.organisator.ch\/wp-content\/uploads\/2022\/01\/Logo_Organisator_Website.png","contentUrl":"https:\/\/www.organisator.ch\/wp-content\/uploads\/2022\/01\/Logo_Organisator_Website.png","width":800,"height":77,"caption":"Organisator"},"image":{"@id":"https:\/\/www.organisator.ch\/#\/schema\/logo\/image\/"},"sameAs":["https:\/\/www.facebook.com\/OrganisatorFachmagazin","https:\/\/www.linkedin.com\/showcase\/organisator-das-magazin-fr-kmu","https:\/\/www.xing.com\/news\/pages\/organisator-ch-695","https:\/\/www.youtube.com\/channel\/UCGP2Sq0iWaZwT3BdIAQFYpw"]},{"@type":"Person","@id":"https:\/\/www.organisator.ch\/#\/schema\/person\/2e1314a2172123f874db408d8911d3f3","name":"Adelisa Kalajdzini","image":{"@type":"ImageObject","inLanguage":"en-US","@id":"https:\/\/secure.gravatar.com\/avatar\/09a397c22ac58cad6f160ee8306348599df9df58a8ede73696226897b9fa4b24?s=96&d=mm&r=g","url":"https:\/\/secure.gravatar.com\/avatar\/09a397c22ac58cad6f160ee8306348599df9df58a8ede73696226897b9fa4b24?s=96&d=mm&r=g","contentUrl":"https:\/\/secure.gravatar.com\/avatar\/09a397c22ac58cad6f160ee8306348599df9df58a8ede73696226897b9fa4b24?s=96&d=mm&r=g","caption":"Adelisa Kalajdzini"},"url":"https:\/\/www.organisator.ch\/en\/author\/adelisa-kalajdzini\/"}]}},"_links":{"self":[{"href":"https:\/\/www.organisator.ch\/en\/wp-json\/wp\/v2\/posts\/31183","targetHints":{"allow":["GET"]}}],"collection":[{"href":"https:\/\/www.organisator.ch\/en\/wp-json\/wp\/v2\/posts"}],"about":[{"href":"https:\/\/www.organisator.ch\/en\/wp-json\/wp\/v2\/types\/post"}],"author":[{"embeddable":true,"href":"https:\/\/www.organisator.ch\/en\/wp-json\/wp\/v2\/users\/58"}],"replies":[{"embeddable":true,"href":"https:\/\/www.organisator.ch\/en\/wp-json\/wp\/v2\/comments?post=31183"}],"version-history":[{"count":6,"href":"https:\/\/www.organisator.ch\/en\/wp-json\/wp\/v2\/posts\/31183\/revisions"}],"predecessor-version":[{"id":31724,"href":"https:\/\/www.organisator.ch\/en\/wp-json\/wp\/v2\/posts\/31183\/revisions\/31724"}],"wp:attachment":[{"href":"https:\/\/www.organisator.ch\/en\/wp-json\/wp\/v2\/media?parent=31183"}],"wp:term":[{"taxonomy":"category","embeddable":true,"href":"https:\/\/www.organisator.ch\/en\/wp-json\/wp\/v2\/categories?post=31183"},{"taxonomy":"post_tag","embeddable":true,"href":"https:\/\/www.organisator.ch\/en\/wp-json\/wp\/v2\/tags?post=31183"}],"curies":[{"name":"wp","href":"https:\/\/api.w.org\/{rel}","templated":true}]}}