{"id":31196,"date":"2024-10-24T16:21:50","date_gmt":"2024-10-24T14:21:50","guid":{"rendered":"https:\/\/www.markt-kom.com\/?p=225461"},"modified":"2024-11-07T11:33:16","modified_gmt":"2024-11-07T10:33:16","slug":"einen-guten-podcast-hat-man-lust-zu-hoeren-talks-an-der-dezibel-zur-zukunft-des-podcastings","status":"publish","type":"post","link":"https:\/\/www.organisator.ch\/en\/marketing\/2024-10-24\/einen-guten-podcast-hat-man-lust-zu-hoeren-talks-an-der-dezibel-zur-zukunft-des-podcastings\/","title":{"rendered":"\"A good podcast makes you want to listen\" - Talks at \"dezibel\" on the future of podcasting"},"content":{"rendered":"<p><a href=\"https:\/\/www.markt-kom.com\/wp-content\/uploads\/2024\/10\/dezibel-2024-Cover.png\"><img class=\"alignnone wp-image-225465 size-full\" src=\"https:\/\/www.markt-kom.com\/wp-content\/uploads\/2024\/10\/dezibel-2024-Cover.png\" alt=\"decibel conference\" width=\"1280\" height=\"720\" \/><\/a><\/p>\r\n<p>Our reporting from Winterthur on the \"dezibel\" event focuses on exclusive interviews with Jeanne Drach, Laura Dath-Linienk\u00e4mper and Cheyenne Mackay, who spoke about the art of podcasting, the challenges of generating reach and collaboration in the DACH region.<\/p>\r\n<p>Podcasts are now an indispensable part of the media landscape, not only for entertainment, but also for brands that want to tell authentic stories. At the dezibel conference in Winterthur, experts discussed the future of podcasting and how this medium can continue to grow through creativity and technological innovation.<\/p>\r\n<h3><strong>Jeanne Drach from \"Oh Wow\" pleads for more courage to be authentic<\/strong><\/h3>\r\n<p>In an interview, Jeanne Drach, founder of Austria's first podcast agency, emphasizes the importance of authenticity and the courage to try out new forms of storytelling. \"The technical aspects are important, of course, but what really counts are exciting stories,\" explains Drach. Oh Wow produces corporate podcasts for clients such as Austrian Post and the European Parliament as well as originals with a clear focus: \"We rely on strong female voices and experiment with new forms of storytelling.\" She advocates more courage in the corporate podcast sector: \"Brands should convey their messages implicitly rather than insisting that they have to be the super brand.\" Her tip for the success of a podcast? \"Good stories that are told well.\"<\/p>\r\n<p><\/p>\r\n<h3><strong>Laura Dath-Linienk\u00e4mper from \"Podstars by OMR\" on authentic storytelling<\/strong><\/h3>\r\n<p>Laura Dath-Linienk\u00e4mper from Podstars by OMR also emphasizes the need for authentic storytelling and courage. \"Podcasting is a medium that needs to be understood, and brands need to dare to tell different stories,\" she says. It is particularly important to invest in reach: \"You have to launch campaigns around the podcast, tell people about it and also invest money. If the content is good, it creates word of mouth and people talk about it.\" True crime formats are still very popular in Germany, but every well-told story can find its niche, says Dath-Linienk\u00e4mper.<\/p>\r\n<p><\/p>\r\n<h3><strong>Cheyenne Mackay from Podcastschmiede on the need for visibility<\/strong><\/h3>\r\n<p>Cheyenne Mackay, co-initiator of dezibel and founder of Podcastschmiede, talks about the acoustic aesthetics that are essential for a good podcast. \"A good podcast doesn't just sound good, it also has to be individual and unique - like music,\" she says. Reach is a particular challenge in Switzerland, as dialect podcasts are often only understood in southern Germany. However, Mackay emphasizes that the investment in reach is worthwhile: \"You have to invest almost as much in the visibility of a podcast as in the production itself.\" Her wish for the podcast community in the DACH region: \"More networking and more intensive exchange. We would all benefit from that.\"<\/p>\r\n<p><\/p>\r\n<p>The dezibel conference not only provided space for discussions about technological innovations such as AI tools for editing and transcription, but also showed how much podcasts can benefit from an intensive exchange between the countries of the DACH region. The exclusive insight into the thoughts of Darch, Dath-Linienk\u00e4mper and Mackay shows: The future of podcasting lies in exciting, well-told stories and a continuous pursuit of quality.<\/p>","protected":false},"excerpt":{"rendered":"<p>Podcasts are on the rise: four million people in Switzerland regularly listen to podcasts and the market is developing rapidly. At the dezibel conference in Winterthur, experts provided insights into the latest trends, technologies and creative approaches in the field of podcasting.<\/p>","protected":false},"author":8,"featured_media":0,"comment_status":"closed","ping_status":"closed","sticky":false,"template":"","format":"standard","meta":{"_acf_changed":false,"_yoast_wpseo_focuskw":"dezibel Konferenz","_yoast_wpseo_metadesc":"Die dezibel Konferenz 2024 in Winterthur diskutiert die Zukunft des Podcastings mit Experten wie Jeanne Drach und Laura Dath-Linienk\u00e4mper.","articlekey":"","footnotes":""},"categories":[29],"tags":[4675,4343,2645,4676],"class_list":["post-31196","post","type-post","status-publish","format-standard","hentry","category-marketing","tag-dezibel","tag-markom","tag-podcast","tag-podcast-schmiede"],"acf":[],"yoast_head":"<!-- This site is optimized with the Yoast SEO plugin v27.4 - https:\/\/yoast.com\/product\/yoast-seo-wordpress\/ -->\n<title>\u00abEinen guten Podcast hat man Lust zu h\u00f6ren\u00bb \u2013 Talks an der \u00abdezibel\u00bb zur Zukunft des Podcastings - Organisator<\/title>\n<meta name=\"description\" content=\"Die dezibel Konferenz 2024 in Winterthur diskutiert die Zukunft des Podcastings mit Experten wie Jeanne Drach und Laura Dath-Linienk\u00e4mper.\" \/>\n<meta name=\"robots\" content=\"index, follow, max-snippet:-1, max-image-preview:large, max-video-preview:-1\" \/>\n<link rel=\"canonical\" href=\"https:\/\/www.organisator.ch\/en\/marketing\/2024-10-24\/einen-guten-podcast-hat-man-lust-zu-hoeren-talks-an-der-dezibel-zur-zukunft-des-podcastings\/\" \/>\n<meta property=\"og:locale\" content=\"en_US\" \/>\n<meta property=\"og:type\" content=\"article\" \/>\n<meta property=\"og:title\" content=\"\u00abEinen guten Podcast hat man Lust zu h\u00f6ren\u00bb \u2013 Talks an der \u00abdezibel\u00bb zur Zukunft des Podcastings - Organisator\" \/>\n<meta property=\"og:description\" content=\"Die dezibel Konferenz 2024 in Winterthur diskutiert die Zukunft des Podcastings mit Experten wie Jeanne Drach und Laura Dath-Linienk\u00e4mper.\" \/>\n<meta property=\"og:url\" content=\"https:\/\/www.organisator.ch\/en\/marketing\/2024-10-24\/einen-guten-podcast-hat-man-lust-zu-hoeren-talks-an-der-dezibel-zur-zukunft-des-podcastings\/\" \/>\n<meta property=\"og:site_name\" content=\"Organisator\" \/>\n<meta property=\"article:publisher\" content=\"https:\/\/www.facebook.com\/OrganisatorFachmagazin\" \/>\n<meta property=\"article:published_time\" content=\"2024-10-24T14:21:50+00:00\" \/>\n<meta property=\"article:modified_time\" content=\"2024-11-07T10:33:16+00:00\" \/>\n<meta property=\"og:image\" content=\"https:\/\/www.markt-kom.com\/wp-content\/uploads\/2024\/10\/dezibel-2024-Cover.png\" \/>\n<meta name=\"author\" content=\"galledia\" \/>\n<meta name=\"twitter:card\" content=\"summary_large_image\" \/>\n<meta name=\"twitter:creator\" content=\"@admin\" \/>\n<script type=\"application\/ld+json\" class=\"yoast-schema-graph\">{\"@context\":\"https:\\\/\\\/schema.org\",\"@graph\":[{\"@type\":\"Article\",\"@id\":\"https:\\\/\\\/www.organisator.ch\\\/marketing\\\/2024-10-24\\\/einen-guten-podcast-hat-man-lust-zu-hoeren-talks-an-der-dezibel-zur-zukunft-des-podcastings\\\/#article\",\"isPartOf\":{\"@id\":\"https:\\\/\\\/www.organisator.ch\\\/marketing\\\/2024-10-24\\\/einen-guten-podcast-hat-man-lust-zu-hoeren-talks-an-der-dezibel-zur-zukunft-des-podcastings\\\/\"},\"author\":{\"name\":\"galledia\",\"@id\":\"https:\\\/\\\/www.organisator.ch\\\/#\\\/schema\\\/person\\\/4e51799071cd2dd1232ac003643ef5f0\"},\"headline\":\"\u00abEinen guten Podcast hat man Lust zu h\u00f6ren\u00bb \u2013 Talks an der \u00abdezibel\u00bb zur Zukunft des Podcastings\",\"datePublished\":\"2024-10-24T14:21:50+00:00\",\"dateModified\":\"2024-11-07T10:33:16+00:00\",\"mainEntityOfPage\":{\"@id\":\"https:\\\/\\\/www.organisator.ch\\\/marketing\\\/2024-10-24\\\/einen-guten-podcast-hat-man-lust-zu-hoeren-talks-an-der-dezibel-zur-zukunft-des-podcastings\\\/\"},\"wordCount\":538,\"publisher\":{\"@id\":\"https:\\\/\\\/www.organisator.ch\\\/#organization\"},\"image\":{\"@id\":\"https:\\\/\\\/www.organisator.ch\\\/marketing\\\/2024-10-24\\\/einen-guten-podcast-hat-man-lust-zu-hoeren-talks-an-der-dezibel-zur-zukunft-des-podcastings\\\/#primaryimage\"},\"thumbnailUrl\":\"https:\\\/\\\/www.markt-kom.com\\\/wp-content\\\/uploads\\\/2024\\\/10\\\/dezibel-2024-Cover.png\",\"keywords\":[\"Dezibel\",\"MarKom\",\"Podcast\",\"Podcast-Schmiede\"],\"articleSection\":[\"MARKETING\"],\"inLanguage\":\"en-US\"},{\"@type\":\"WebPage\",\"@id\":\"https:\\\/\\\/www.organisator.ch\\\/marketing\\\/2024-10-24\\\/einen-guten-podcast-hat-man-lust-zu-hoeren-talks-an-der-dezibel-zur-zukunft-des-podcastings\\\/\",\"url\":\"https:\\\/\\\/www.organisator.ch\\\/marketing\\\/2024-10-24\\\/einen-guten-podcast-hat-man-lust-zu-hoeren-talks-an-der-dezibel-zur-zukunft-des-podcastings\\\/\",\"name\":\"\u00abEinen guten Podcast hat man Lust zu h\u00f6ren\u00bb \u2013 Talks an der \u00abdezibel\u00bb zur Zukunft des Podcastings - Organisator\",\"isPartOf\":{\"@id\":\"https:\\\/\\\/www.organisator.ch\\\/#website\"},\"primaryImageOfPage\":{\"@id\":\"https:\\\/\\\/www.organisator.ch\\\/marketing\\\/2024-10-24\\\/einen-guten-podcast-hat-man-lust-zu-hoeren-talks-an-der-dezibel-zur-zukunft-des-podcastings\\\/#primaryimage\"},\"image\":{\"@id\":\"https:\\\/\\\/www.organisator.ch\\\/marketing\\\/2024-10-24\\\/einen-guten-podcast-hat-man-lust-zu-hoeren-talks-an-der-dezibel-zur-zukunft-des-podcastings\\\/#primaryimage\"},\"thumbnailUrl\":\"https:\\\/\\\/www.markt-kom.com\\\/wp-content\\\/uploads\\\/2024\\\/10\\\/dezibel-2024-Cover.png\",\"datePublished\":\"2024-10-24T14:21:50+00:00\",\"dateModified\":\"2024-11-07T10:33:16+00:00\",\"description\":\"Die dezibel Konferenz 2024 in Winterthur diskutiert die Zukunft des Podcastings mit Experten wie Jeanne Drach und Laura Dath-Linienk\u00e4mper.\",\"breadcrumb\":{\"@id\":\"https:\\\/\\\/www.organisator.ch\\\/marketing\\\/2024-10-24\\\/einen-guten-podcast-hat-man-lust-zu-hoeren-talks-an-der-dezibel-zur-zukunft-des-podcastings\\\/#breadcrumb\"},\"inLanguage\":\"en-US\",\"potentialAction\":[{\"@type\":\"ReadAction\",\"target\":[\"https:\\\/\\\/www.organisator.ch\\\/marketing\\\/2024-10-24\\\/einen-guten-podcast-hat-man-lust-zu-hoeren-talks-an-der-dezibel-zur-zukunft-des-podcastings\\\/\"]}]},{\"@type\":\"ImageObject\",\"inLanguage\":\"en-US\",\"@id\":\"https:\\\/\\\/www.organisator.ch\\\/marketing\\\/2024-10-24\\\/einen-guten-podcast-hat-man-lust-zu-hoeren-talks-an-der-dezibel-zur-zukunft-des-podcastings\\\/#primaryimage\",\"url\":\"https:\\\/\\\/www.markt-kom.com\\\/wp-content\\\/uploads\\\/2024\\\/10\\\/dezibel-2024-Cover.png\",\"contentUrl\":\"https:\\\/\\\/www.markt-kom.com\\\/wp-content\\\/uploads\\\/2024\\\/10\\\/dezibel-2024-Cover.png\"},{\"@type\":\"BreadcrumbList\",\"@id\":\"https:\\\/\\\/www.organisator.ch\\\/marketing\\\/2024-10-24\\\/einen-guten-podcast-hat-man-lust-zu-hoeren-talks-an-der-dezibel-zur-zukunft-des-podcastings\\\/#breadcrumb\",\"itemListElement\":[{\"@type\":\"ListItem\",\"position\":1,\"name\":\"Home\",\"item\":\"https:\\\/\\\/www.organisator.ch\\\/\"},{\"@type\":\"ListItem\",\"position\":2,\"name\":\"\u00abEinen guten Podcast hat man Lust zu h\u00f6ren\u00bb \u2013 Talks an der \u00abdezibel\u00bb zur Zukunft des Podcastings\"}]},{\"@type\":\"WebSite\",\"@id\":\"https:\\\/\\\/www.organisator.ch\\\/#website\",\"url\":\"https:\\\/\\\/www.organisator.ch\\\/\",\"name\":\"Organisator\",\"description\":\"Kompetent. Praxisnah. Der ORGANISATOR bereitet in 10 Ausgaben pro Jahr die wesentlichen Themen f\u00fcr F\u00fchrungskr\u00e4fte von KMU auf.\",\"publisher\":{\"@id\":\"https:\\\/\\\/www.organisator.ch\\\/#organization\"},\"potentialAction\":[{\"@type\":\"SearchAction\",\"target\":{\"@type\":\"EntryPoint\",\"urlTemplate\":\"https:\\\/\\\/www.organisator.ch\\\/?s={search_term_string}\"},\"query-input\":{\"@type\":\"PropertyValueSpecification\",\"valueRequired\":true,\"valueName\":\"search_term_string\"}}],\"inLanguage\":\"en-US\"},{\"@type\":\"Organization\",\"@id\":\"https:\\\/\\\/www.organisator.ch\\\/#organization\",\"name\":\"Organisator\",\"url\":\"https:\\\/\\\/www.organisator.ch\\\/\",\"logo\":{\"@type\":\"ImageObject\",\"inLanguage\":\"en-US\",\"@id\":\"https:\\\/\\\/www.organisator.ch\\\/#\\\/schema\\\/logo\\\/image\\\/\",\"url\":\"https:\\\/\\\/www.organisator.ch\\\/wp-content\\\/uploads\\\/2022\\\/01\\\/Logo_Organisator_Website.png\",\"contentUrl\":\"https:\\\/\\\/www.organisator.ch\\\/wp-content\\\/uploads\\\/2022\\\/01\\\/Logo_Organisator_Website.png\",\"width\":800,\"height\":77,\"caption\":\"Organisator\"},\"image\":{\"@id\":\"https:\\\/\\\/www.organisator.ch\\\/#\\\/schema\\\/logo\\\/image\\\/\"},\"sameAs\":[\"https:\\\/\\\/www.facebook.com\\\/OrganisatorFachmagazin\",\"https:\\\/\\\/www.linkedin.com\\\/showcase\\\/organisator-das-magazin-fr-kmu\",\"https:\\\/\\\/www.xing.com\\\/news\\\/pages\\\/organisator-ch-695\",\"https:\\\/\\\/www.youtube.com\\\/channel\\\/UCGP2Sq0iWaZwT3BdIAQFYpw\"]},{\"@type\":\"Person\",\"@id\":\"https:\\\/\\\/www.organisator.ch\\\/#\\\/schema\\\/person\\\/4e51799071cd2dd1232ac003643ef5f0\",\"name\":\"galledia\",\"image\":{\"@type\":\"ImageObject\",\"inLanguage\":\"en-US\",\"@id\":\"https:\\\/\\\/secure.gravatar.com\\\/avatar\\\/78a7f90c01fc2bfc875782a0d4922b37cde2cf184ce347b91316d23cd7f69a36?s=96&d=mm&r=g\",\"url\":\"https:\\\/\\\/secure.gravatar.com\\\/avatar\\\/78a7f90c01fc2bfc875782a0d4922b37cde2cf184ce347b91316d23cd7f69a36?s=96&d=mm&r=g\",\"contentUrl\":\"https:\\\/\\\/secure.gravatar.com\\\/avatar\\\/78a7f90c01fc2bfc875782a0d4922b37cde2cf184ce347b91316d23cd7f69a36?s=96&d=mm&r=g\",\"caption\":\"galledia\"},\"sameAs\":[\"https:\\\/\\\/x.com\\\/admin\"],\"url\":\"https:\\\/\\\/www.organisator.ch\\\/en\\\/author\\\/galledia\\\/\"}]}<\/script>\n<!-- \/ Yoast SEO plugin. -->","yoast_head_json":{"title":"\"A good podcast makes you want to listen\" - Talks at \"dezibel\" on the future of podcasting - Organizer","description":"The dezibel Conference 2024 in Winterthur will discuss the future of podcasting with experts such as Jeanne Drach and Laura Dath-Linienk\u00e4mper.","robots":{"index":"index","follow":"follow","max-snippet":"max-snippet:-1","max-image-preview":"max-image-preview:large","max-video-preview":"max-video-preview:-1"},"canonical":"https:\/\/www.organisator.ch\/en\/marketing\/2024-10-24\/einen-guten-podcast-hat-man-lust-zu-hoeren-talks-an-der-dezibel-zur-zukunft-des-podcastings\/","og_locale":"en_US","og_type":"article","og_title":"\u00abEinen guten Podcast hat man Lust zu h\u00f6ren\u00bb \u2013 Talks an der \u00abdezibel\u00bb zur Zukunft des Podcastings - Organisator","og_description":"Die dezibel Konferenz 2024 in Winterthur diskutiert die Zukunft des Podcastings mit Experten wie Jeanne Drach und Laura Dath-Linienk\u00e4mper.","og_url":"https:\/\/www.organisator.ch\/en\/marketing\/2024-10-24\/einen-guten-podcast-hat-man-lust-zu-hoeren-talks-an-der-dezibel-zur-zukunft-des-podcastings\/","og_site_name":"Organisator","article_publisher":"https:\/\/www.facebook.com\/OrganisatorFachmagazin","article_published_time":"2024-10-24T14:21:50+00:00","article_modified_time":"2024-11-07T10:33:16+00:00","og_image":[{"url":"https:\/\/www.markt-kom.com\/wp-content\/uploads\/2024\/10\/dezibel-2024-Cover.png","type":"","width":"","height":""}],"author":"galledia","twitter_card":"summary_large_image","twitter_creator":"@admin","schema":{"@context":"https:\/\/schema.org","@graph":[{"@type":"Article","@id":"https:\/\/www.organisator.ch\/marketing\/2024-10-24\/einen-guten-podcast-hat-man-lust-zu-hoeren-talks-an-der-dezibel-zur-zukunft-des-podcastings\/#article","isPartOf":{"@id":"https:\/\/www.organisator.ch\/marketing\/2024-10-24\/einen-guten-podcast-hat-man-lust-zu-hoeren-talks-an-der-dezibel-zur-zukunft-des-podcastings\/"},"author":{"name":"galledia","@id":"https:\/\/www.organisator.ch\/#\/schema\/person\/4e51799071cd2dd1232ac003643ef5f0"},"headline":"\u00abEinen guten Podcast hat man Lust zu h\u00f6ren\u00bb \u2013 Talks an der \u00abdezibel\u00bb zur Zukunft des Podcastings","datePublished":"2024-10-24T14:21:50+00:00","dateModified":"2024-11-07T10:33:16+00:00","mainEntityOfPage":{"@id":"https:\/\/www.organisator.ch\/marketing\/2024-10-24\/einen-guten-podcast-hat-man-lust-zu-hoeren-talks-an-der-dezibel-zur-zukunft-des-podcastings\/"},"wordCount":538,"publisher":{"@id":"https:\/\/www.organisator.ch\/#organization"},"image":{"@id":"https:\/\/www.organisator.ch\/marketing\/2024-10-24\/einen-guten-podcast-hat-man-lust-zu-hoeren-talks-an-der-dezibel-zur-zukunft-des-podcastings\/#primaryimage"},"thumbnailUrl":"https:\/\/www.markt-kom.com\/wp-content\/uploads\/2024\/10\/dezibel-2024-Cover.png","keywords":["Dezibel","MarKom","Podcast","Podcast-Schmiede"],"articleSection":["MARKETING"],"inLanguage":"en-US"},{"@type":"WebPage","@id":"https:\/\/www.organisator.ch\/marketing\/2024-10-24\/einen-guten-podcast-hat-man-lust-zu-hoeren-talks-an-der-dezibel-zur-zukunft-des-podcastings\/","url":"https:\/\/www.organisator.ch\/marketing\/2024-10-24\/einen-guten-podcast-hat-man-lust-zu-hoeren-talks-an-der-dezibel-zur-zukunft-des-podcastings\/","name":"\"A good podcast makes you want to listen\" - Talks at \"dezibel\" on the future of podcasting - Organizer","isPartOf":{"@id":"https:\/\/www.organisator.ch\/#website"},"primaryImageOfPage":{"@id":"https:\/\/www.organisator.ch\/marketing\/2024-10-24\/einen-guten-podcast-hat-man-lust-zu-hoeren-talks-an-der-dezibel-zur-zukunft-des-podcastings\/#primaryimage"},"image":{"@id":"https:\/\/www.organisator.ch\/marketing\/2024-10-24\/einen-guten-podcast-hat-man-lust-zu-hoeren-talks-an-der-dezibel-zur-zukunft-des-podcastings\/#primaryimage"},"thumbnailUrl":"https:\/\/www.markt-kom.com\/wp-content\/uploads\/2024\/10\/dezibel-2024-Cover.png","datePublished":"2024-10-24T14:21:50+00:00","dateModified":"2024-11-07T10:33:16+00:00","description":"The dezibel Conference 2024 in Winterthur will discuss the future of podcasting with experts such as Jeanne Drach and Laura Dath-Linienk\u00e4mper.","breadcrumb":{"@id":"https:\/\/www.organisator.ch\/marketing\/2024-10-24\/einen-guten-podcast-hat-man-lust-zu-hoeren-talks-an-der-dezibel-zur-zukunft-des-podcastings\/#breadcrumb"},"inLanguage":"en-US","potentialAction":[{"@type":"ReadAction","target":["https:\/\/www.organisator.ch\/marketing\/2024-10-24\/einen-guten-podcast-hat-man-lust-zu-hoeren-talks-an-der-dezibel-zur-zukunft-des-podcastings\/"]}]},{"@type":"ImageObject","inLanguage":"en-US","@id":"https:\/\/www.organisator.ch\/marketing\/2024-10-24\/einen-guten-podcast-hat-man-lust-zu-hoeren-talks-an-der-dezibel-zur-zukunft-des-podcastings\/#primaryimage","url":"https:\/\/www.markt-kom.com\/wp-content\/uploads\/2024\/10\/dezibel-2024-Cover.png","contentUrl":"https:\/\/www.markt-kom.com\/wp-content\/uploads\/2024\/10\/dezibel-2024-Cover.png"},{"@type":"BreadcrumbList","@id":"https:\/\/www.organisator.ch\/marketing\/2024-10-24\/einen-guten-podcast-hat-man-lust-zu-hoeren-talks-an-der-dezibel-zur-zukunft-des-podcastings\/#breadcrumb","itemListElement":[{"@type":"ListItem","position":1,"name":"Home","item":"https:\/\/www.organisator.ch\/"},{"@type":"ListItem","position":2,"name":"\u00abEinen guten Podcast hat man Lust zu h\u00f6ren\u00bb \u2013 Talks an der \u00abdezibel\u00bb zur Zukunft des Podcastings"}]},{"@type":"WebSite","@id":"https:\/\/www.organisator.ch\/#website","url":"https:\/\/www.organisator.ch\/","name":"Organizer","description":"Competent. Practical. In 10 issues per year, ORGANISATOR presents the essential topics for managers of SMEs.","publisher":{"@id":"https:\/\/www.organisator.ch\/#organization"},"potentialAction":[{"@type":"SearchAction","target":{"@type":"EntryPoint","urlTemplate":"https:\/\/www.organisator.ch\/?s={search_term_string}"},"query-input":{"@type":"PropertyValueSpecification","valueRequired":true,"valueName":"search_term_string"}}],"inLanguage":"en-US"},{"@type":"Organization","@id":"https:\/\/www.organisator.ch\/#organization","name":"Organizer","url":"https:\/\/www.organisator.ch\/","logo":{"@type":"ImageObject","inLanguage":"en-US","@id":"https:\/\/www.organisator.ch\/#\/schema\/logo\/image\/","url":"https:\/\/www.organisator.ch\/wp-content\/uploads\/2022\/01\/Logo_Organisator_Website.png","contentUrl":"https:\/\/www.organisator.ch\/wp-content\/uploads\/2022\/01\/Logo_Organisator_Website.png","width":800,"height":77,"caption":"Organisator"},"image":{"@id":"https:\/\/www.organisator.ch\/#\/schema\/logo\/image\/"},"sameAs":["https:\/\/www.facebook.com\/OrganisatorFachmagazin","https:\/\/www.linkedin.com\/showcase\/organisator-das-magazin-fr-kmu","https:\/\/www.xing.com\/news\/pages\/organisator-ch-695","https:\/\/www.youtube.com\/channel\/UCGP2Sq0iWaZwT3BdIAQFYpw"]},{"@type":"Person","@id":"https:\/\/www.organisator.ch\/#\/schema\/person\/4e51799071cd2dd1232ac003643ef5f0","name":"galledia","image":{"@type":"ImageObject","inLanguage":"en-US","@id":"https:\/\/secure.gravatar.com\/avatar\/78a7f90c01fc2bfc875782a0d4922b37cde2cf184ce347b91316d23cd7f69a36?s=96&d=mm&r=g","url":"https:\/\/secure.gravatar.com\/avatar\/78a7f90c01fc2bfc875782a0d4922b37cde2cf184ce347b91316d23cd7f69a36?s=96&d=mm&r=g","contentUrl":"https:\/\/secure.gravatar.com\/avatar\/78a7f90c01fc2bfc875782a0d4922b37cde2cf184ce347b91316d23cd7f69a36?s=96&d=mm&r=g","caption":"galledia"},"sameAs":["https:\/\/x.com\/admin"],"url":"https:\/\/www.organisator.ch\/en\/author\/galledia\/"}]}},"_links":{"self":[{"href":"https:\/\/www.organisator.ch\/en\/wp-json\/wp\/v2\/posts\/31196","targetHints":{"allow":["GET"]}}],"collection":[{"href":"https:\/\/www.organisator.ch\/en\/wp-json\/wp\/v2\/posts"}],"about":[{"href":"https:\/\/www.organisator.ch\/en\/wp-json\/wp\/v2\/types\/post"}],"author":[{"embeddable":true,"href":"https:\/\/www.organisator.ch\/en\/wp-json\/wp\/v2\/users\/8"}],"replies":[{"embeddable":true,"href":"https:\/\/www.organisator.ch\/en\/wp-json\/wp\/v2\/comments?post=31196"}],"version-history":[{"count":8,"href":"https:\/\/www.organisator.ch\/en\/wp-json\/wp\/v2\/posts\/31196\/revisions"}],"predecessor-version":[{"id":31721,"href":"https:\/\/www.organisator.ch\/en\/wp-json\/wp\/v2\/posts\/31196\/revisions\/31721"}],"wp:attachment":[{"href":"https:\/\/www.organisator.ch\/en\/wp-json\/wp\/v2\/media?parent=31196"}],"wp:term":[{"taxonomy":"category","embeddable":true,"href":"https:\/\/www.organisator.ch\/en\/wp-json\/wp\/v2\/categories?post=31196"},{"taxonomy":"post_tag","embeddable":true,"href":"https:\/\/www.organisator.ch\/en\/wp-json\/wp\/v2\/tags?post=31196"}],"curies":[{"name":"wp","href":"https:\/\/api.w.org\/{rel}","templated":true}]}}