{"id":31209,"date":"2024-10-24T18:13:38","date_gmt":"2024-10-24T16:13:38","guid":{"rendered":"https:\/\/www.markt-kom.com\/?p=225502"},"modified":"2024-11-07T11:30:13","modified_gmt":"2024-11-07T10:30:13","slug":"iaa-lanciert-speedmentoring-programm-fuer-nachwuchsfuehrungskraefte","status":"publish","type":"post","link":"https:\/\/www.organisator.ch\/en\/marketing\/2024-10-24\/iaa-lanciert-speedmentoring-programm-fuer-nachwuchsfuehrungskraefte\/","title":{"rendered":"IAA launches speed mentoring program for junior managers"},"content":{"rendered":"<figure id=\"attachment_225508\" class=\"wp-caption aligncenter\" style=\"width: 1200px\" aria-describedby=\"caption-attachment-225508\"><img class=\"aligncenter wp-image-225508 size-full\" src=\"https:\/\/www.markt-kom.com\/wp-content\/uploads\/2024\/10\/1_speedmentoring.jpg\" alt=\"Speedmentoring Switzerland 2024\" width=\"1200\" height=\"902\" \/>\r\n<figcaption id=\"caption-attachment-225508\" class=\"wp-caption-text\">Ismail Wicki, Chantal Landis and Guido Trevisan at the first IAA speed mentoring in Switzerland. (Pictures: zVg.)<\/figcaption>\r\n<\/figure>\r\n<p>Mentoring is a valuable concept that promotes the personal and professional development of young talents and future leaders by connecting experienced people (mentors) with young talents (mentees).<\/p>\r\n<p>\"Promoting young talent is a key concern for us, which is why we launched the IAA Speed Mentoring Program,\" says Chantal Landis, Managing Director of the IAA Swiss Chapter.<\/p>\r\n<p>On Wednesday evening, 24 nominated mentees were able to talk to eight C-level marketers for the first time in order to benefit from their professional experience and career-related knowledge.<\/p>\r\n<p>Together with her fellow board members Guido Trevisan, CMO of Goldbach, and Ismail Wicki, Senior Manager National Sales at Weischer.Cinema, Landis adapted the IAA UK speed mentoring concept for the Swiss market and invited mentors and mentees from the client, agency and media side to take part.<\/p>\r\n<p>\"Further development and knowledge transfer are both a duty and a passion. Not only do the mentees benefit from the mentors' experience, but the mentors can also benefit from the personal contacts,\" Trevisan is convinced. Wicki adds: \"Mentoring combines experience with potential - a collective responsibility that we as the IAA Swiss Chapter are delighted to create opportunities for.\"<\/p>\r\n<h3><strong>Committed mentors, enthusiastic mentees<\/strong><\/h3>\r\n<p>The IAA brings together global leaders from advertising clients, media companies and communication and advertising agencies. \"When selecting the mentors and mentees, this tri-party was very important to us,\" says Landis. The following IAA members were involved as mentors on Wednesday:<\/p>\r\n<p>Christoph Marty (CEO Goldbach Group), Gregor Eicher (Head of Marketing &amp; Sales Bank Cler), Jos\u00e9phine Chamoulaud (CEO Smile Insurance), Laura Loos (Senior Director Marketing The Coca-Cola Company), Matthias Kiess (CEO TBWA), Mike Weber (Director Marketing &amp; Sales Wemf), Nathalie Diethelm (CEO Serviceplan Group Switzerland) and Raphael Bratschi (Head of Product Management &amp; Business Development Post Advertising).<\/p>","protected":false},"excerpt":{"rendered":"<p>The annual speed mentoring programme organized by the IAA Swiss Chapter took place for the first time on Wednesday. The event aims to promote young talent in the marketing and communications industry.<\/p>","protected":false},"author":8,"featured_media":0,"comment_status":"closed","ping_status":"closed","sticky":false,"template":"","format":"standard","meta":{"_acf_changed":false,"_yoast_wpseo_focuskw":"Speedmentoring Schweiz 2024","_yoast_wpseo_metadesc":"Das IAA Speedmentoring 2024 in der Schweiz f\u00f6rdert die pers\u00f6nliche und berufliche Entwicklung junger Talente.","articlekey":"","footnotes":""},"categories":[29],"tags":[4345,4679,4680,4681],"class_list":["post-31209","post","type-post","status-publish","format-standard","hentry","category-marketing","tag-business","tag-iaa-swiss-chapter","tag-nachwuchs","tag-speedmentoring"],"acf":[],"yoast_head":"<!-- This site is optimized with the Yoast SEO plugin v27.5 - https:\/\/yoast.com\/product\/yoast-seo-wordpress\/ -->\n<title>IAA lanciert Speedmentoring-Programm f\u00fcr Nachwuchsf\u00fchrungskr\u00e4fte - Organisator<\/title>\n<meta name=\"description\" content=\"Das IAA Speedmentoring 2024 in der Schweiz f\u00f6rdert die pers\u00f6nliche und berufliche Entwicklung junger Talente.\" \/>\n<meta name=\"robots\" content=\"index, follow, max-snippet:-1, max-image-preview:large, max-video-preview:-1\" \/>\n<link rel=\"canonical\" href=\"https:\/\/www.organisator.ch\/en\/marketing\/2024-10-24\/iaa-lanciert-speedmentoring-programm-fuer-nachwuchsfuehrungskraefte\/\" \/>\n<meta property=\"og:locale\" content=\"en_US\" \/>\n<meta property=\"og:type\" content=\"article\" \/>\n<meta property=\"og:title\" content=\"IAA lanciert Speedmentoring-Programm f\u00fcr Nachwuchsf\u00fchrungskr\u00e4fte - Organisator\" \/>\n<meta property=\"og:description\" content=\"Das IAA Speedmentoring 2024 in der Schweiz f\u00f6rdert die pers\u00f6nliche und berufliche Entwicklung junger Talente.\" \/>\n<meta property=\"og:url\" content=\"https:\/\/www.organisator.ch\/en\/marketing\/2024-10-24\/iaa-lanciert-speedmentoring-programm-fuer-nachwuchsfuehrungskraefte\/\" \/>\n<meta property=\"og:site_name\" content=\"Organisator\" \/>\n<meta property=\"article:publisher\" content=\"https:\/\/www.facebook.com\/OrganisatorFachmagazin\" \/>\n<meta property=\"article:published_time\" content=\"2024-10-24T16:13:38+00:00\" \/>\n<meta property=\"article:modified_time\" content=\"2024-11-07T10:30:13+00:00\" \/>\n<meta property=\"og:image\" content=\"https:\/\/www.markt-kom.com\/wp-content\/uploads\/2024\/10\/1_speedmentoring.jpg\" \/>\n<meta name=\"author\" content=\"galledia\" \/>\n<meta name=\"twitter:card\" content=\"summary_large_image\" \/>\n<meta name=\"twitter:creator\" content=\"@admin\" \/>\n<script type=\"application\/ld+json\" class=\"yoast-schema-graph\">{\"@context\":\"https:\\\/\\\/schema.org\",\"@graph\":[{\"@type\":\"Article\",\"@id\":\"https:\\\/\\\/www.organisator.ch\\\/marketing\\\/2024-10-24\\\/iaa-lanciert-speedmentoring-programm-fuer-nachwuchsfuehrungskraefte\\\/#article\",\"isPartOf\":{\"@id\":\"https:\\\/\\\/www.organisator.ch\\\/marketing\\\/2024-10-24\\\/iaa-lanciert-speedmentoring-programm-fuer-nachwuchsfuehrungskraefte\\\/\"},\"author\":{\"name\":\"galledia\",\"@id\":\"https:\\\/\\\/www.organisator.ch\\\/#\\\/schema\\\/person\\\/4e51799071cd2dd1232ac003643ef5f0\"},\"headline\":\"IAA lanciert Speedmentoring-Programm f\u00fcr Nachwuchsf\u00fchrungskr\u00e4fte\",\"datePublished\":\"2024-10-24T16:13:38+00:00\",\"dateModified\":\"2024-11-07T10:30:13+00:00\",\"mainEntityOfPage\":{\"@id\":\"https:\\\/\\\/www.organisator.ch\\\/marketing\\\/2024-10-24\\\/iaa-lanciert-speedmentoring-programm-fuer-nachwuchsfuehrungskraefte\\\/\"},\"wordCount\":314,\"publisher\":{\"@id\":\"https:\\\/\\\/www.organisator.ch\\\/#organization\"},\"image\":{\"@id\":\"https:\\\/\\\/www.organisator.ch\\\/marketing\\\/2024-10-24\\\/iaa-lanciert-speedmentoring-programm-fuer-nachwuchsfuehrungskraefte\\\/#primaryimage\"},\"thumbnailUrl\":\"https:\\\/\\\/www.markt-kom.com\\\/wp-content\\\/uploads\\\/2024\\\/10\\\/1_speedmentoring.jpg\",\"keywords\":[\"Business\",\"IAA Swiss Chapter\",\"Nachwuchs\",\"Speedmentoring\"],\"articleSection\":[\"MARKETING\"],\"inLanguage\":\"en-US\"},{\"@type\":\"WebPage\",\"@id\":\"https:\\\/\\\/www.organisator.ch\\\/marketing\\\/2024-10-24\\\/iaa-lanciert-speedmentoring-programm-fuer-nachwuchsfuehrungskraefte\\\/\",\"url\":\"https:\\\/\\\/www.organisator.ch\\\/marketing\\\/2024-10-24\\\/iaa-lanciert-speedmentoring-programm-fuer-nachwuchsfuehrungskraefte\\\/\",\"name\":\"IAA lanciert Speedmentoring-Programm f\u00fcr Nachwuchsf\u00fchrungskr\u00e4fte - Organisator\",\"isPartOf\":{\"@id\":\"https:\\\/\\\/www.organisator.ch\\\/#website\"},\"primaryImageOfPage\":{\"@id\":\"https:\\\/\\\/www.organisator.ch\\\/marketing\\\/2024-10-24\\\/iaa-lanciert-speedmentoring-programm-fuer-nachwuchsfuehrungskraefte\\\/#primaryimage\"},\"image\":{\"@id\":\"https:\\\/\\\/www.organisator.ch\\\/marketing\\\/2024-10-24\\\/iaa-lanciert-speedmentoring-programm-fuer-nachwuchsfuehrungskraefte\\\/#primaryimage\"},\"thumbnailUrl\":\"https:\\\/\\\/www.markt-kom.com\\\/wp-content\\\/uploads\\\/2024\\\/10\\\/1_speedmentoring.jpg\",\"datePublished\":\"2024-10-24T16:13:38+00:00\",\"dateModified\":\"2024-11-07T10:30:13+00:00\",\"description\":\"Das IAA Speedmentoring 2024 in der Schweiz f\u00f6rdert die pers\u00f6nliche und berufliche Entwicklung junger Talente.\",\"breadcrumb\":{\"@id\":\"https:\\\/\\\/www.organisator.ch\\\/marketing\\\/2024-10-24\\\/iaa-lanciert-speedmentoring-programm-fuer-nachwuchsfuehrungskraefte\\\/#breadcrumb\"},\"inLanguage\":\"en-US\",\"potentialAction\":[{\"@type\":\"ReadAction\",\"target\":[\"https:\\\/\\\/www.organisator.ch\\\/marketing\\\/2024-10-24\\\/iaa-lanciert-speedmentoring-programm-fuer-nachwuchsfuehrungskraefte\\\/\"]}]},{\"@type\":\"ImageObject\",\"inLanguage\":\"en-US\",\"@id\":\"https:\\\/\\\/www.organisator.ch\\\/marketing\\\/2024-10-24\\\/iaa-lanciert-speedmentoring-programm-fuer-nachwuchsfuehrungskraefte\\\/#primaryimage\",\"url\":\"https:\\\/\\\/www.markt-kom.com\\\/wp-content\\\/uploads\\\/2024\\\/10\\\/1_speedmentoring.jpg\",\"contentUrl\":\"https:\\\/\\\/www.markt-kom.com\\\/wp-content\\\/uploads\\\/2024\\\/10\\\/1_speedmentoring.jpg\"},{\"@type\":\"BreadcrumbList\",\"@id\":\"https:\\\/\\\/www.organisator.ch\\\/marketing\\\/2024-10-24\\\/iaa-lanciert-speedmentoring-programm-fuer-nachwuchsfuehrungskraefte\\\/#breadcrumb\",\"itemListElement\":[{\"@type\":\"ListItem\",\"position\":1,\"name\":\"Home\",\"item\":\"https:\\\/\\\/www.organisator.ch\\\/\"},{\"@type\":\"ListItem\",\"position\":2,\"name\":\"IAA lanciert Speedmentoring-Programm f\u00fcr Nachwuchsf\u00fchrungskr\u00e4fte\"}]},{\"@type\":\"WebSite\",\"@id\":\"https:\\\/\\\/www.organisator.ch\\\/#website\",\"url\":\"https:\\\/\\\/www.organisator.ch\\\/\",\"name\":\"Organisator\",\"description\":\"Kompetent. Praxisnah. Der ORGANISATOR bereitet in 10 Ausgaben pro Jahr die wesentlichen Themen f\u00fcr F\u00fchrungskr\u00e4fte von KMU auf.\",\"publisher\":{\"@id\":\"https:\\\/\\\/www.organisator.ch\\\/#organization\"},\"potentialAction\":[{\"@type\":\"SearchAction\",\"target\":{\"@type\":\"EntryPoint\",\"urlTemplate\":\"https:\\\/\\\/www.organisator.ch\\\/?s={search_term_string}\"},\"query-input\":{\"@type\":\"PropertyValueSpecification\",\"valueRequired\":true,\"valueName\":\"search_term_string\"}}],\"inLanguage\":\"en-US\"},{\"@type\":\"Organization\",\"@id\":\"https:\\\/\\\/www.organisator.ch\\\/#organization\",\"name\":\"Organisator\",\"url\":\"https:\\\/\\\/www.organisator.ch\\\/\",\"logo\":{\"@type\":\"ImageObject\",\"inLanguage\":\"en-US\",\"@id\":\"https:\\\/\\\/www.organisator.ch\\\/#\\\/schema\\\/logo\\\/image\\\/\",\"url\":\"https:\\\/\\\/www.organisator.ch\\\/wp-content\\\/uploads\\\/2022\\\/01\\\/Logo_Organisator_Website.png\",\"contentUrl\":\"https:\\\/\\\/www.organisator.ch\\\/wp-content\\\/uploads\\\/2022\\\/01\\\/Logo_Organisator_Website.png\",\"width\":800,\"height\":77,\"caption\":\"Organisator\"},\"image\":{\"@id\":\"https:\\\/\\\/www.organisator.ch\\\/#\\\/schema\\\/logo\\\/image\\\/\"},\"sameAs\":[\"https:\\\/\\\/www.facebook.com\\\/OrganisatorFachmagazin\",\"https:\\\/\\\/www.linkedin.com\\\/showcase\\\/organisator-das-magazin-fr-kmu\",\"https:\\\/\\\/www.xing.com\\\/news\\\/pages\\\/organisator-ch-695\",\"https:\\\/\\\/www.youtube.com\\\/channel\\\/UCGP2Sq0iWaZwT3BdIAQFYpw\"]},{\"@type\":\"Person\",\"@id\":\"https:\\\/\\\/www.organisator.ch\\\/#\\\/schema\\\/person\\\/4e51799071cd2dd1232ac003643ef5f0\",\"name\":\"galledia\",\"image\":{\"@type\":\"ImageObject\",\"inLanguage\":\"en-US\",\"@id\":\"https:\\\/\\\/secure.gravatar.com\\\/avatar\\\/78a7f90c01fc2bfc875782a0d4922b37cde2cf184ce347b91316d23cd7f69a36?s=96&d=mm&r=g\",\"url\":\"https:\\\/\\\/secure.gravatar.com\\\/avatar\\\/78a7f90c01fc2bfc875782a0d4922b37cde2cf184ce347b91316d23cd7f69a36?s=96&d=mm&r=g\",\"contentUrl\":\"https:\\\/\\\/secure.gravatar.com\\\/avatar\\\/78a7f90c01fc2bfc875782a0d4922b37cde2cf184ce347b91316d23cd7f69a36?s=96&d=mm&r=g\",\"caption\":\"galledia\"},\"sameAs\":[\"https:\\\/\\\/x.com\\\/admin\"],\"url\":\"https:\\\/\\\/www.organisator.ch\\\/en\\\/author\\\/galledia\\\/\"}]}<\/script>\n<!-- \/ Yoast SEO plugin. -->","yoast_head_json":{"title":"IAA launches speed mentoring program for junior managers - Organizer","description":"IAA Speedmentoring 2024 in Switzerland promotes the personal and professional development of young talents.","robots":{"index":"index","follow":"follow","max-snippet":"max-snippet:-1","max-image-preview":"max-image-preview:large","max-video-preview":"max-video-preview:-1"},"canonical":"https:\/\/www.organisator.ch\/en\/marketing\/2024-10-24\/iaa-lanciert-speedmentoring-programm-fuer-nachwuchsfuehrungskraefte\/","og_locale":"en_US","og_type":"article","og_title":"IAA lanciert Speedmentoring-Programm f\u00fcr Nachwuchsf\u00fchrungskr\u00e4fte - Organisator","og_description":"Das IAA Speedmentoring 2024 in der Schweiz f\u00f6rdert die pers\u00f6nliche und berufliche Entwicklung junger Talente.","og_url":"https:\/\/www.organisator.ch\/en\/marketing\/2024-10-24\/iaa-lanciert-speedmentoring-programm-fuer-nachwuchsfuehrungskraefte\/","og_site_name":"Organisator","article_publisher":"https:\/\/www.facebook.com\/OrganisatorFachmagazin","article_published_time":"2024-10-24T16:13:38+00:00","article_modified_time":"2024-11-07T10:30:13+00:00","og_image":[{"url":"https:\/\/www.markt-kom.com\/wp-content\/uploads\/2024\/10\/1_speedmentoring.jpg","type":"","width":"","height":""}],"author":"galledia","twitter_card":"summary_large_image","twitter_creator":"@admin","schema":{"@context":"https:\/\/schema.org","@graph":[{"@type":"Article","@id":"https:\/\/www.organisator.ch\/marketing\/2024-10-24\/iaa-lanciert-speedmentoring-programm-fuer-nachwuchsfuehrungskraefte\/#article","isPartOf":{"@id":"https:\/\/www.organisator.ch\/marketing\/2024-10-24\/iaa-lanciert-speedmentoring-programm-fuer-nachwuchsfuehrungskraefte\/"},"author":{"name":"galledia","@id":"https:\/\/www.organisator.ch\/#\/schema\/person\/4e51799071cd2dd1232ac003643ef5f0"},"headline":"IAA lanciert Speedmentoring-Programm f\u00fcr Nachwuchsf\u00fchrungskr\u00e4fte","datePublished":"2024-10-24T16:13:38+00:00","dateModified":"2024-11-07T10:30:13+00:00","mainEntityOfPage":{"@id":"https:\/\/www.organisator.ch\/marketing\/2024-10-24\/iaa-lanciert-speedmentoring-programm-fuer-nachwuchsfuehrungskraefte\/"},"wordCount":314,"publisher":{"@id":"https:\/\/www.organisator.ch\/#organization"},"image":{"@id":"https:\/\/www.organisator.ch\/marketing\/2024-10-24\/iaa-lanciert-speedmentoring-programm-fuer-nachwuchsfuehrungskraefte\/#primaryimage"},"thumbnailUrl":"https:\/\/www.markt-kom.com\/wp-content\/uploads\/2024\/10\/1_speedmentoring.jpg","keywords":["Business","IAA Swiss Chapter","Nachwuchs","Speedmentoring"],"articleSection":["MARKETING"],"inLanguage":"en-US"},{"@type":"WebPage","@id":"https:\/\/www.organisator.ch\/marketing\/2024-10-24\/iaa-lanciert-speedmentoring-programm-fuer-nachwuchsfuehrungskraefte\/","url":"https:\/\/www.organisator.ch\/marketing\/2024-10-24\/iaa-lanciert-speedmentoring-programm-fuer-nachwuchsfuehrungskraefte\/","name":"IAA launches speed mentoring program for junior managers - Organizer","isPartOf":{"@id":"https:\/\/www.organisator.ch\/#website"},"primaryImageOfPage":{"@id":"https:\/\/www.organisator.ch\/marketing\/2024-10-24\/iaa-lanciert-speedmentoring-programm-fuer-nachwuchsfuehrungskraefte\/#primaryimage"},"image":{"@id":"https:\/\/www.organisator.ch\/marketing\/2024-10-24\/iaa-lanciert-speedmentoring-programm-fuer-nachwuchsfuehrungskraefte\/#primaryimage"},"thumbnailUrl":"https:\/\/www.markt-kom.com\/wp-content\/uploads\/2024\/10\/1_speedmentoring.jpg","datePublished":"2024-10-24T16:13:38+00:00","dateModified":"2024-11-07T10:30:13+00:00","description":"IAA Speedmentoring 2024 in Switzerland promotes the personal and professional development of young talents.","breadcrumb":{"@id":"https:\/\/www.organisator.ch\/marketing\/2024-10-24\/iaa-lanciert-speedmentoring-programm-fuer-nachwuchsfuehrungskraefte\/#breadcrumb"},"inLanguage":"en-US","potentialAction":[{"@type":"ReadAction","target":["https:\/\/www.organisator.ch\/marketing\/2024-10-24\/iaa-lanciert-speedmentoring-programm-fuer-nachwuchsfuehrungskraefte\/"]}]},{"@type":"ImageObject","inLanguage":"en-US","@id":"https:\/\/www.organisator.ch\/marketing\/2024-10-24\/iaa-lanciert-speedmentoring-programm-fuer-nachwuchsfuehrungskraefte\/#primaryimage","url":"https:\/\/www.markt-kom.com\/wp-content\/uploads\/2024\/10\/1_speedmentoring.jpg","contentUrl":"https:\/\/www.markt-kom.com\/wp-content\/uploads\/2024\/10\/1_speedmentoring.jpg"},{"@type":"BreadcrumbList","@id":"https:\/\/www.organisator.ch\/marketing\/2024-10-24\/iaa-lanciert-speedmentoring-programm-fuer-nachwuchsfuehrungskraefte\/#breadcrumb","itemListElement":[{"@type":"ListItem","position":1,"name":"Home","item":"https:\/\/www.organisator.ch\/"},{"@type":"ListItem","position":2,"name":"IAA lanciert Speedmentoring-Programm f\u00fcr Nachwuchsf\u00fchrungskr\u00e4fte"}]},{"@type":"WebSite","@id":"https:\/\/www.organisator.ch\/#website","url":"https:\/\/www.organisator.ch\/","name":"Organizer","description":"Competent. Practical. In 10 issues per year, ORGANISATOR presents the essential topics for managers of SMEs.","publisher":{"@id":"https:\/\/www.organisator.ch\/#organization"},"potentialAction":[{"@type":"SearchAction","target":{"@type":"EntryPoint","urlTemplate":"https:\/\/www.organisator.ch\/?s={search_term_string}"},"query-input":{"@type":"PropertyValueSpecification","valueRequired":true,"valueName":"search_term_string"}}],"inLanguage":"en-US"},{"@type":"Organization","@id":"https:\/\/www.organisator.ch\/#organization","name":"Organizer","url":"https:\/\/www.organisator.ch\/","logo":{"@type":"ImageObject","inLanguage":"en-US","@id":"https:\/\/www.organisator.ch\/#\/schema\/logo\/image\/","url":"https:\/\/www.organisator.ch\/wp-content\/uploads\/2022\/01\/Logo_Organisator_Website.png","contentUrl":"https:\/\/www.organisator.ch\/wp-content\/uploads\/2022\/01\/Logo_Organisator_Website.png","width":800,"height":77,"caption":"Organisator"},"image":{"@id":"https:\/\/www.organisator.ch\/#\/schema\/logo\/image\/"},"sameAs":["https:\/\/www.facebook.com\/OrganisatorFachmagazin","https:\/\/www.linkedin.com\/showcase\/organisator-das-magazin-fr-kmu","https:\/\/www.xing.com\/news\/pages\/organisator-ch-695","https:\/\/www.youtube.com\/channel\/UCGP2Sq0iWaZwT3BdIAQFYpw"]},{"@type":"Person","@id":"https:\/\/www.organisator.ch\/#\/schema\/person\/4e51799071cd2dd1232ac003643ef5f0","name":"galledia","image":{"@type":"ImageObject","inLanguage":"en-US","@id":"https:\/\/secure.gravatar.com\/avatar\/78a7f90c01fc2bfc875782a0d4922b37cde2cf184ce347b91316d23cd7f69a36?s=96&d=mm&r=g","url":"https:\/\/secure.gravatar.com\/avatar\/78a7f90c01fc2bfc875782a0d4922b37cde2cf184ce347b91316d23cd7f69a36?s=96&d=mm&r=g","contentUrl":"https:\/\/secure.gravatar.com\/avatar\/78a7f90c01fc2bfc875782a0d4922b37cde2cf184ce347b91316d23cd7f69a36?s=96&d=mm&r=g","caption":"galledia"},"sameAs":["https:\/\/x.com\/admin"],"url":"https:\/\/www.organisator.ch\/en\/author\/galledia\/"}]}},"_links":{"self":[{"href":"https:\/\/www.organisator.ch\/en\/wp-json\/wp\/v2\/posts\/31209","targetHints":{"allow":["GET"]}}],"collection":[{"href":"https:\/\/www.organisator.ch\/en\/wp-json\/wp\/v2\/posts"}],"about":[{"href":"https:\/\/www.organisator.ch\/en\/wp-json\/wp\/v2\/types\/post"}],"author":[{"embeddable":true,"href":"https:\/\/www.organisator.ch\/en\/wp-json\/wp\/v2\/users\/8"}],"replies":[{"embeddable":true,"href":"https:\/\/www.organisator.ch\/en\/wp-json\/wp\/v2\/comments?post=31209"}],"version-history":[{"count":6,"href":"https:\/\/www.organisator.ch\/en\/wp-json\/wp\/v2\/posts\/31209\/revisions"}],"predecessor-version":[{"id":31720,"href":"https:\/\/www.organisator.ch\/en\/wp-json\/wp\/v2\/posts\/31209\/revisions\/31720"}],"wp:attachment":[{"href":"https:\/\/www.organisator.ch\/en\/wp-json\/wp\/v2\/media?parent=31209"}],"wp:term":[{"taxonomy":"category","embeddable":true,"href":"https:\/\/www.organisator.ch\/en\/wp-json\/wp\/v2\/categories?post=31209"},{"taxonomy":"post_tag","embeddable":true,"href":"https:\/\/www.organisator.ch\/en\/wp-json\/wp\/v2\/tags?post=31209"}],"curies":[{"name":"wp","href":"https:\/\/api.w.org\/{rel}","templated":true}]}}