{"id":31321,"date":"2024-10-29T09:20:07","date_gmt":"2024-10-29T08:20:07","guid":{"rendered":"https:\/\/www.organisator.ch\/?p=31321"},"modified":"2024-10-29T09:20:07","modified_gmt":"2024-10-29T08:20:07","slug":"85-delegiertenversammlung-von-swissmechanic-schweiz","status":"publish","type":"post","link":"https:\/\/www.organisator.ch\/en\/management\/2024-10-29\/85-delegiertenversammlung-von-swissmechanic-schweiz\/","title":{"rendered":"85th Assembly of Delegates of Swissmechanic Switzerland"},"content":{"rendered":"<figure id=\"attachment_31322\" aria-describedby=\"caption-attachment-31322\" style=\"width: 680px\" class=\"wp-caption alignnone\"><img loading=\"lazy\" decoding=\"async\" class=\"size-full wp-image-31322\" src=\"https:\/\/www.organisator.ch\/wp-content\/uploads\/2024\/10\/Swissmehcanic_Bild1_ps.jpg\" alt=\"\" width=\"680\" height=\"382\" srcset=\"https:\/\/www.organisator.ch\/wp-content\/uploads\/2024\/10\/Swissmehcanic_Bild1_ps.jpg 680w, https:\/\/www.organisator.ch\/wp-content\/uploads\/2024\/10\/Swissmehcanic_Bild1_ps-18x10.jpg 18w, https:\/\/www.organisator.ch\/wp-content\/uploads\/2024\/10\/Swissmehcanic_Bild1_ps-375x211.jpg 375w, https:\/\/www.organisator.ch\/wp-content\/uploads\/2024\/10\/Swissmehcanic_Bild1_ps-623x350.jpg 623w\" sizes=\"auto, (max-width: 680px) 100vw, 680px\" \/><figcaption id=\"caption-attachment-31322\" class=\"wp-caption-text\">The 85th Assembly of Delegates of Swissmechanic Switzerland took place on October 26, 2024. (Image: www.swissmechanic.ch)<\/figcaption><\/figure>\n<p>On October 26, 2024, the 85th Assembly of Delegates of Swissmechanic Switzerland, the agile association of the SME MEM industry, took place at Kartause Ittingen (TG). In the 85 years of its existence, the association has grown considerably and evolved with the course of technology. However, the basic values have remained the same.<\/p>\n<p>President Nicola Roberto Tettamanti has been leading Swissmechanic into the future with agility and networking since 2022. In view of the numerous challenges, in particular the shortage of skilled workers and company succession, the President emphasized: \"We all have the same goal: to secure our workplace in Switzerland.\"<\/p>\n<p>Vocational training and its further development was and is a key topic in the ongoing revision of the professions, the operational preparation phase of which will be completed this year. It will ensure that basic training in the eight MEM professions is attractive to young people, keeps pace with rapid technological developments and meets the requirements of MEM companies.<\/p>\n<p>J\u00fcrg Marti, Director of Swissmechanic Switzerland, explained: \"Next year, the revision of the occupation will be about preparing the implementation for the roll-out in 2026 - and it is important that the implementation is suitable for SMEs and that our SMEs can continue to train apprentices to a high standard. In this way, we can ensure that our workplace remains competitive and that less central economic regions also have strong skilled workers and strong SMEs.\"<\/p>\n<h3><strong>Elections <\/strong><\/h3>\n<p>Ueli Meyer and Hansruedi Graf, who stepped down from the Swissmechanic Board, were thanked for their great commitment. Pascal Degen, section president of both Basel sections and owner and CEO of Dero AG, was newly elected to the Board.<\/p>\n<p>Jan Sutter, Head of Training at Swissmechanic Solothurn, and Patrick Schlenker, Head of the central mechanical workshop at the Biozentrum of the University of Basel, were elected as new members of the Basic Training Commission.<\/p>\n<p>The delegates confirmed Daniel Arn, Christoph N\u00e4geli, Christian Gerlach and Matthias Zurbuchen as members of the Continuing Education Committee. Roger Portmann, Head of Training at the Continuing Education Center (wbz) Lenzburg, and Fr\u00e9d\u00e9ric Grand were newly elected to this committee,<\/p>\n<p>Lecturer at the Centre Valaisan de Perfectionnement Continu (CVPC). Dominik Spycher, Head of Vocational Training at the Frauenfeld Training Center for Technology (BZT), is a new guest member of the Continuing Education Committee.<\/p>\n<h3><strong>Greetings and keynote speech <\/strong><\/h3>\n<p>This year, Swissmechanic received words of welcome from Peter B\u00fchler, President of the Thurgau Grand Council, Walter Sch\u00f6nholzer, President of the Thurgau cantonal government, Martin Hirzel, President of Swissmem, and Urs Furrer, Director of the Swiss Trade Association. Following the delegates' meeting, Prof. Dr. Christoph Schaltegger, Director of the Institute for Swiss Economic Policy (IWP) at the University of Lucerne, gave an insightful presentation on the topic of savings in federal policy.<\/p>\n<p><em>Source: <a href=\"http:\/\/www.swissmechanic.ch\">www.swissmechanic.ch<\/a><\/em><\/p>","protected":false},"excerpt":{"rendered":"<p>At the delegates' meeting, Swissmechanic Switzerland reaffirmed its commitment to the concerns of Swiss SME-MEM, in particular basic and adult education for the MEM professions. New members were appointed to the Executive Board as well as the Basic and Advanced Training Committees.<\/p>","protected":false},"author":58,"featured_media":31322,"comment_status":"closed","ping_status":"closed","sticky":false,"template":"","format":"standard","meta":{"_acf_changed":false,"_yoast_wpseo_focuskw":"Delegiertenversammlung","_yoast_wpseo_metadesc":"An der Delegiertenversammlung bekr\u00e4ftigte Swissmechanic Schweiz sein Engagement f\u00fcr die Anliegen der Schweizer KMU-MEM.","articlekey":"","footnotes":""},"categories":[28],"tags":[4690,4406,334,3414,492],"class_list":["post-31321","post","type-post","status-publish","format-standard","has-post-thumbnail","hentry","category-management","tag-delegiertenversammlung","tag-kmu-mem","tag-management","tag-swissmechanic","tag-unternehmen"],"acf":[],"yoast_head":"<!-- This site is optimized with the Yoast SEO plugin v27.4 - https:\/\/yoast.com\/product\/yoast-seo-wordpress\/ -->\n<title>85. Delegiertenversammlung von Swissmechanic Schweiz - Organisator<\/title>\n<meta name=\"description\" content=\"An der Delegiertenversammlung bekr\u00e4ftigte Swissmechanic Schweiz sein Engagement f\u00fcr die Anliegen der Schweizer KMU-MEM.\" \/>\n<meta name=\"robots\" content=\"index, follow, max-snippet:-1, max-image-preview:large, max-video-preview:-1\" \/>\n<link rel=\"canonical\" href=\"https:\/\/www.organisator.ch\/en\/management\/2024-10-29\/85-delegiertenversammlung-von-swissmechanic-schweiz\/\" \/>\n<meta property=\"og:locale\" content=\"en_US\" \/>\n<meta property=\"og:type\" content=\"article\" \/>\n<meta property=\"og:title\" content=\"85. Delegiertenversammlung von Swissmechanic Schweiz\" \/>\n<meta property=\"og:description\" content=\"An der Delegiertenversammlung bekr\u00e4ftigte Swissmechanic Schweiz sein Engagement f\u00fcr die Anliegen der Schweizer KMU-MEM.\" \/>\n<meta property=\"og:url\" content=\"https:\/\/www.organisator.ch\/en\/management\/2024-10-29\/85-delegiertenversammlung-von-swissmechanic-schweiz\/\" \/>\n<meta property=\"og:site_name\" content=\"Organisator\" \/>\n<meta property=\"article:publisher\" content=\"https:\/\/www.facebook.com\/OrganisatorFachmagazin\" \/>\n<meta property=\"article:published_time\" content=\"2024-10-29T08:20:07+00:00\" \/>\n<meta property=\"og:image\" content=\"https:\/\/www.organisator.ch\/wp-content\/uploads\/2024\/10\/Swissmehcanic_Bild1_ps.jpg\" \/>\n\t<meta property=\"og:image:width\" content=\"680\" \/>\n\t<meta property=\"og:image:height\" content=\"382\" \/>\n\t<meta property=\"og:image:type\" content=\"image\/jpeg\" \/>\n<meta name=\"author\" content=\"Adelisa Kalajdzini\" \/>\n<meta name=\"twitter:card\" content=\"summary_large_image\" \/>\n<meta name=\"twitter:title\" content=\"85. Delegiertenversammlung von Swissmechanic Schweiz\" \/>\n<meta name=\"twitter:description\" content=\"An der #Delegiertenversammlung bekr\u00e4ftigte #Swissmechanic #Schweiz sein #Engagement f\u00fcr die #Anliegen der Schweizer #KMU-MEM.\" \/>\n<meta name=\"twitter:image\" content=\"https:\/\/www.organisator.ch\/wp-content\/uploads\/2024\/10\/Swissmehcanic_Bild1_ps.jpg\" \/>\n<script type=\"application\/ld+json\" class=\"yoast-schema-graph\">{\"@context\":\"https:\\\/\\\/schema.org\",\"@graph\":[{\"@type\":\"Article\",\"@id\":\"https:\\\/\\\/www.organisator.ch\\\/management\\\/2024-10-29\\\/85-delegiertenversammlung-von-swissmechanic-schweiz\\\/#article\",\"isPartOf\":{\"@id\":\"https:\\\/\\\/www.organisator.ch\\\/management\\\/2024-10-29\\\/85-delegiertenversammlung-von-swissmechanic-schweiz\\\/\"},\"author\":{\"name\":\"Adelisa Kalajdzini\",\"@id\":\"https:\\\/\\\/www.organisator.ch\\\/#\\\/schema\\\/person\\\/2e1314a2172123f874db408d8911d3f3\"},\"headline\":\"85. Delegiertenversammlung von Swissmechanic Schweiz\",\"datePublished\":\"2024-10-29T08:20:07+00:00\",\"mainEntityOfPage\":{\"@id\":\"https:\\\/\\\/www.organisator.ch\\\/management\\\/2024-10-29\\\/85-delegiertenversammlung-von-swissmechanic-schweiz\\\/\"},\"wordCount\":441,\"publisher\":{\"@id\":\"https:\\\/\\\/www.organisator.ch\\\/#organization\"},\"image\":{\"@id\":\"https:\\\/\\\/www.organisator.ch\\\/management\\\/2024-10-29\\\/85-delegiertenversammlung-von-swissmechanic-schweiz\\\/#primaryimage\"},\"thumbnailUrl\":\"https:\\\/\\\/www.organisator.ch\\\/wp-content\\\/uploads\\\/2024\\\/10\\\/Swissmehcanic_Bild1_ps.jpg\",\"keywords\":[\"Delegiertenversammlung\",\"KMU-MEM\",\"Management\",\"Swissmechanic\",\"Unternehmen\"],\"articleSection\":[\"MANAGEMENT\"],\"inLanguage\":\"en-US\"},{\"@type\":\"WebPage\",\"@id\":\"https:\\\/\\\/www.organisator.ch\\\/management\\\/2024-10-29\\\/85-delegiertenversammlung-von-swissmechanic-schweiz\\\/\",\"url\":\"https:\\\/\\\/www.organisator.ch\\\/management\\\/2024-10-29\\\/85-delegiertenversammlung-von-swissmechanic-schweiz\\\/\",\"name\":\"85. Delegiertenversammlung von Swissmechanic Schweiz - Organisator\",\"isPartOf\":{\"@id\":\"https:\\\/\\\/www.organisator.ch\\\/#website\"},\"primaryImageOfPage\":{\"@id\":\"https:\\\/\\\/www.organisator.ch\\\/management\\\/2024-10-29\\\/85-delegiertenversammlung-von-swissmechanic-schweiz\\\/#primaryimage\"},\"image\":{\"@id\":\"https:\\\/\\\/www.organisator.ch\\\/management\\\/2024-10-29\\\/85-delegiertenversammlung-von-swissmechanic-schweiz\\\/#primaryimage\"},\"thumbnailUrl\":\"https:\\\/\\\/www.organisator.ch\\\/wp-content\\\/uploads\\\/2024\\\/10\\\/Swissmehcanic_Bild1_ps.jpg\",\"datePublished\":\"2024-10-29T08:20:07+00:00\",\"description\":\"An der Delegiertenversammlung bekr\u00e4ftigte Swissmechanic Schweiz sein Engagement f\u00fcr die Anliegen der Schweizer KMU-MEM.\",\"breadcrumb\":{\"@id\":\"https:\\\/\\\/www.organisator.ch\\\/management\\\/2024-10-29\\\/85-delegiertenversammlung-von-swissmechanic-schweiz\\\/#breadcrumb\"},\"inLanguage\":\"en-US\",\"potentialAction\":[{\"@type\":\"ReadAction\",\"target\":[\"https:\\\/\\\/www.organisator.ch\\\/management\\\/2024-10-29\\\/85-delegiertenversammlung-von-swissmechanic-schweiz\\\/\"]}]},{\"@type\":\"ImageObject\",\"inLanguage\":\"en-US\",\"@id\":\"https:\\\/\\\/www.organisator.ch\\\/management\\\/2024-10-29\\\/85-delegiertenversammlung-von-swissmechanic-schweiz\\\/#primaryimage\",\"url\":\"https:\\\/\\\/www.organisator.ch\\\/wp-content\\\/uploads\\\/2024\\\/10\\\/Swissmehcanic_Bild1_ps.jpg\",\"contentUrl\":\"https:\\\/\\\/www.organisator.ch\\\/wp-content\\\/uploads\\\/2024\\\/10\\\/Swissmehcanic_Bild1_ps.jpg\",\"width\":680,\"height\":382,\"caption\":\"Am 26. Oktober 2024 fand die 85. Delegiertenversammlung von Swissmechanic Schweiz statt. (Bild: www.swissmechanic.ch)\"},{\"@type\":\"BreadcrumbList\",\"@id\":\"https:\\\/\\\/www.organisator.ch\\\/management\\\/2024-10-29\\\/85-delegiertenversammlung-von-swissmechanic-schweiz\\\/#breadcrumb\",\"itemListElement\":[{\"@type\":\"ListItem\",\"position\":1,\"name\":\"Home\",\"item\":\"https:\\\/\\\/www.organisator.ch\\\/\"},{\"@type\":\"ListItem\",\"position\":2,\"name\":\"85. Delegiertenversammlung von Swissmechanic Schweiz\"}]},{\"@type\":\"WebSite\",\"@id\":\"https:\\\/\\\/www.organisator.ch\\\/#website\",\"url\":\"https:\\\/\\\/www.organisator.ch\\\/\",\"name\":\"Organisator\",\"description\":\"Kompetent. Praxisnah. Der ORGANISATOR bereitet in 10 Ausgaben pro Jahr die wesentlichen Themen f\u00fcr F\u00fchrungskr\u00e4fte von KMU auf.\",\"publisher\":{\"@id\":\"https:\\\/\\\/www.organisator.ch\\\/#organization\"},\"potentialAction\":[{\"@type\":\"SearchAction\",\"target\":{\"@type\":\"EntryPoint\",\"urlTemplate\":\"https:\\\/\\\/www.organisator.ch\\\/?s={search_term_string}\"},\"query-input\":{\"@type\":\"PropertyValueSpecification\",\"valueRequired\":true,\"valueName\":\"search_term_string\"}}],\"inLanguage\":\"en-US\"},{\"@type\":\"Organization\",\"@id\":\"https:\\\/\\\/www.organisator.ch\\\/#organization\",\"name\":\"Organisator\",\"url\":\"https:\\\/\\\/www.organisator.ch\\\/\",\"logo\":{\"@type\":\"ImageObject\",\"inLanguage\":\"en-US\",\"@id\":\"https:\\\/\\\/www.organisator.ch\\\/#\\\/schema\\\/logo\\\/image\\\/\",\"url\":\"https:\\\/\\\/www.organisator.ch\\\/wp-content\\\/uploads\\\/2022\\\/01\\\/Logo_Organisator_Website.png\",\"contentUrl\":\"https:\\\/\\\/www.organisator.ch\\\/wp-content\\\/uploads\\\/2022\\\/01\\\/Logo_Organisator_Website.png\",\"width\":800,\"height\":77,\"caption\":\"Organisator\"},\"image\":{\"@id\":\"https:\\\/\\\/www.organisator.ch\\\/#\\\/schema\\\/logo\\\/image\\\/\"},\"sameAs\":[\"https:\\\/\\\/www.facebook.com\\\/OrganisatorFachmagazin\",\"https:\\\/\\\/www.linkedin.com\\\/showcase\\\/organisator-das-magazin-fr-kmu\",\"https:\\\/\\\/www.xing.com\\\/news\\\/pages\\\/organisator-ch-695\",\"https:\\\/\\\/www.youtube.com\\\/channel\\\/UCGP2Sq0iWaZwT3BdIAQFYpw\"]},{\"@type\":\"Person\",\"@id\":\"https:\\\/\\\/www.organisator.ch\\\/#\\\/schema\\\/person\\\/2e1314a2172123f874db408d8911d3f3\",\"name\":\"Adelisa Kalajdzini\",\"image\":{\"@type\":\"ImageObject\",\"inLanguage\":\"en-US\",\"@id\":\"https:\\\/\\\/secure.gravatar.com\\\/avatar\\\/09a397c22ac58cad6f160ee8306348599df9df58a8ede73696226897b9fa4b24?s=96&d=mm&r=g\",\"url\":\"https:\\\/\\\/secure.gravatar.com\\\/avatar\\\/09a397c22ac58cad6f160ee8306348599df9df58a8ede73696226897b9fa4b24?s=96&d=mm&r=g\",\"contentUrl\":\"https:\\\/\\\/secure.gravatar.com\\\/avatar\\\/09a397c22ac58cad6f160ee8306348599df9df58a8ede73696226897b9fa4b24?s=96&d=mm&r=g\",\"caption\":\"Adelisa Kalajdzini\"},\"url\":\"https:\\\/\\\/www.organisator.ch\\\/en\\\/author\\\/adelisa-kalajdzini\\\/\"}]}<\/script>\n<!-- \/ Yoast SEO plugin. -->","yoast_head_json":{"title":"85th Assembly of Delegates of Swissmechanic Switzerland - Organizer","description":"At the delegates' meeting, Swissmechanic Switzerland reaffirmed its commitment to the concerns of Swiss SME-MEM.","robots":{"index":"index","follow":"follow","max-snippet":"max-snippet:-1","max-image-preview":"max-image-preview:large","max-video-preview":"max-video-preview:-1"},"canonical":"https:\/\/www.organisator.ch\/en\/management\/2024-10-29\/85-delegiertenversammlung-von-swissmechanic-schweiz\/","og_locale":"en_US","og_type":"article","og_title":"85. Delegiertenversammlung von Swissmechanic Schweiz","og_description":"An der Delegiertenversammlung bekr\u00e4ftigte Swissmechanic Schweiz sein Engagement f\u00fcr die Anliegen der Schweizer KMU-MEM.","og_url":"https:\/\/www.organisator.ch\/en\/management\/2024-10-29\/85-delegiertenversammlung-von-swissmechanic-schweiz\/","og_site_name":"Organisator","article_publisher":"https:\/\/www.facebook.com\/OrganisatorFachmagazin","article_published_time":"2024-10-29T08:20:07+00:00","og_image":[{"width":680,"height":382,"url":"https:\/\/www.organisator.ch\/wp-content\/uploads\/2024\/10\/Swissmehcanic_Bild1_ps.jpg","type":"image\/jpeg"}],"author":"Adelisa Kalajdzini","twitter_card":"summary_large_image","twitter_title":"85. Delegiertenversammlung von Swissmechanic Schweiz","twitter_description":"An der #Delegiertenversammlung bekr\u00e4ftigte #Swissmechanic #Schweiz sein #Engagement f\u00fcr die #Anliegen der Schweizer #KMU-MEM.","twitter_image":"https:\/\/www.organisator.ch\/wp-content\/uploads\/2024\/10\/Swissmehcanic_Bild1_ps.jpg","schema":{"@context":"https:\/\/schema.org","@graph":[{"@type":"Article","@id":"https:\/\/www.organisator.ch\/management\/2024-10-29\/85-delegiertenversammlung-von-swissmechanic-schweiz\/#article","isPartOf":{"@id":"https:\/\/www.organisator.ch\/management\/2024-10-29\/85-delegiertenversammlung-von-swissmechanic-schweiz\/"},"author":{"name":"Adelisa Kalajdzini","@id":"https:\/\/www.organisator.ch\/#\/schema\/person\/2e1314a2172123f874db408d8911d3f3"},"headline":"85. Delegiertenversammlung von Swissmechanic Schweiz","datePublished":"2024-10-29T08:20:07+00:00","mainEntityOfPage":{"@id":"https:\/\/www.organisator.ch\/management\/2024-10-29\/85-delegiertenversammlung-von-swissmechanic-schweiz\/"},"wordCount":441,"publisher":{"@id":"https:\/\/www.organisator.ch\/#organization"},"image":{"@id":"https:\/\/www.organisator.ch\/management\/2024-10-29\/85-delegiertenversammlung-von-swissmechanic-schweiz\/#primaryimage"},"thumbnailUrl":"https:\/\/www.organisator.ch\/wp-content\/uploads\/2024\/10\/Swissmehcanic_Bild1_ps.jpg","keywords":["Delegiertenversammlung","KMU-MEM","Management","Swissmechanic","Unternehmen"],"articleSection":["MANAGEMENT"],"inLanguage":"en-US"},{"@type":"WebPage","@id":"https:\/\/www.organisator.ch\/management\/2024-10-29\/85-delegiertenversammlung-von-swissmechanic-schweiz\/","url":"https:\/\/www.organisator.ch\/management\/2024-10-29\/85-delegiertenversammlung-von-swissmechanic-schweiz\/","name":"85th Assembly of Delegates of Swissmechanic Switzerland - Organizer","isPartOf":{"@id":"https:\/\/www.organisator.ch\/#website"},"primaryImageOfPage":{"@id":"https:\/\/www.organisator.ch\/management\/2024-10-29\/85-delegiertenversammlung-von-swissmechanic-schweiz\/#primaryimage"},"image":{"@id":"https:\/\/www.organisator.ch\/management\/2024-10-29\/85-delegiertenversammlung-von-swissmechanic-schweiz\/#primaryimage"},"thumbnailUrl":"https:\/\/www.organisator.ch\/wp-content\/uploads\/2024\/10\/Swissmehcanic_Bild1_ps.jpg","datePublished":"2024-10-29T08:20:07+00:00","description":"At the delegates' meeting, Swissmechanic Switzerland reaffirmed its commitment to the concerns of Swiss SME-MEM.","breadcrumb":{"@id":"https:\/\/www.organisator.ch\/management\/2024-10-29\/85-delegiertenversammlung-von-swissmechanic-schweiz\/#breadcrumb"},"inLanguage":"en-US","potentialAction":[{"@type":"ReadAction","target":["https:\/\/www.organisator.ch\/management\/2024-10-29\/85-delegiertenversammlung-von-swissmechanic-schweiz\/"]}]},{"@type":"ImageObject","inLanguage":"en-US","@id":"https:\/\/www.organisator.ch\/management\/2024-10-29\/85-delegiertenversammlung-von-swissmechanic-schweiz\/#primaryimage","url":"https:\/\/www.organisator.ch\/wp-content\/uploads\/2024\/10\/Swissmehcanic_Bild1_ps.jpg","contentUrl":"https:\/\/www.organisator.ch\/wp-content\/uploads\/2024\/10\/Swissmehcanic_Bild1_ps.jpg","width":680,"height":382,"caption":"Am 26. Oktober 2024 fand die 85. Delegiertenversammlung von Swissmechanic Schweiz statt. (Bild: www.swissmechanic.ch)"},{"@type":"BreadcrumbList","@id":"https:\/\/www.organisator.ch\/management\/2024-10-29\/85-delegiertenversammlung-von-swissmechanic-schweiz\/#breadcrumb","itemListElement":[{"@type":"ListItem","position":1,"name":"Home","item":"https:\/\/www.organisator.ch\/"},{"@type":"ListItem","position":2,"name":"85. Delegiertenversammlung von Swissmechanic Schweiz"}]},{"@type":"WebSite","@id":"https:\/\/www.organisator.ch\/#website","url":"https:\/\/www.organisator.ch\/","name":"Organizer","description":"Competent. Practical. In 10 issues per year, ORGANISATOR presents the essential topics for managers of SMEs.","publisher":{"@id":"https:\/\/www.organisator.ch\/#organization"},"potentialAction":[{"@type":"SearchAction","target":{"@type":"EntryPoint","urlTemplate":"https:\/\/www.organisator.ch\/?s={search_term_string}"},"query-input":{"@type":"PropertyValueSpecification","valueRequired":true,"valueName":"search_term_string"}}],"inLanguage":"en-US"},{"@type":"Organization","@id":"https:\/\/www.organisator.ch\/#organization","name":"Organizer","url":"https:\/\/www.organisator.ch\/","logo":{"@type":"ImageObject","inLanguage":"en-US","@id":"https:\/\/www.organisator.ch\/#\/schema\/logo\/image\/","url":"https:\/\/www.organisator.ch\/wp-content\/uploads\/2022\/01\/Logo_Organisator_Website.png","contentUrl":"https:\/\/www.organisator.ch\/wp-content\/uploads\/2022\/01\/Logo_Organisator_Website.png","width":800,"height":77,"caption":"Organisator"},"image":{"@id":"https:\/\/www.organisator.ch\/#\/schema\/logo\/image\/"},"sameAs":["https:\/\/www.facebook.com\/OrganisatorFachmagazin","https:\/\/www.linkedin.com\/showcase\/organisator-das-magazin-fr-kmu","https:\/\/www.xing.com\/news\/pages\/organisator-ch-695","https:\/\/www.youtube.com\/channel\/UCGP2Sq0iWaZwT3BdIAQFYpw"]},{"@type":"Person","@id":"https:\/\/www.organisator.ch\/#\/schema\/person\/2e1314a2172123f874db408d8911d3f3","name":"Adelisa Kalajdzini","image":{"@type":"ImageObject","inLanguage":"en-US","@id":"https:\/\/secure.gravatar.com\/avatar\/09a397c22ac58cad6f160ee8306348599df9df58a8ede73696226897b9fa4b24?s=96&d=mm&r=g","url":"https:\/\/secure.gravatar.com\/avatar\/09a397c22ac58cad6f160ee8306348599df9df58a8ede73696226897b9fa4b24?s=96&d=mm&r=g","contentUrl":"https:\/\/secure.gravatar.com\/avatar\/09a397c22ac58cad6f160ee8306348599df9df58a8ede73696226897b9fa4b24?s=96&d=mm&r=g","caption":"Adelisa Kalajdzini"},"url":"https:\/\/www.organisator.ch\/en\/author\/adelisa-kalajdzini\/"}]}},"_links":{"self":[{"href":"https:\/\/www.organisator.ch\/en\/wp-json\/wp\/v2\/posts\/31321","targetHints":{"allow":["GET"]}}],"collection":[{"href":"https:\/\/www.organisator.ch\/en\/wp-json\/wp\/v2\/posts"}],"about":[{"href":"https:\/\/www.organisator.ch\/en\/wp-json\/wp\/v2\/types\/post"}],"author":[{"embeddable":true,"href":"https:\/\/www.organisator.ch\/en\/wp-json\/wp\/v2\/users\/58"}],"replies":[{"embeddable":true,"href":"https:\/\/www.organisator.ch\/en\/wp-json\/wp\/v2\/comments?post=31321"}],"version-history":[{"count":2,"href":"https:\/\/www.organisator.ch\/en\/wp-json\/wp\/v2\/posts\/31321\/revisions"}],"predecessor-version":[{"id":31354,"href":"https:\/\/www.organisator.ch\/en\/wp-json\/wp\/v2\/posts\/31321\/revisions\/31354"}],"wp:featuredmedia":[{"embeddable":true,"href":"https:\/\/www.organisator.ch\/en\/wp-json\/wp\/v2\/media\/31322"}],"wp:attachment":[{"href":"https:\/\/www.organisator.ch\/en\/wp-json\/wp\/v2\/media?parent=31321"}],"wp:term":[{"taxonomy":"category","embeddable":true,"href":"https:\/\/www.organisator.ch\/en\/wp-json\/wp\/v2\/categories?post=31321"},{"taxonomy":"post_tag","embeddable":true,"href":"https:\/\/www.organisator.ch\/en\/wp-json\/wp\/v2\/tags?post=31321"}],"curies":[{"name":"wp","href":"https:\/\/api.w.org\/{rel}","templated":true}]}}