{"id":31338,"date":"2024-10-29T15:12:16","date_gmt":"2024-10-29T14:12:16","guid":{"rendered":"https:\/\/www.markt-kom.com\/?p=225722"},"modified":"2024-11-07T10:58:39","modified_gmt":"2024-11-07T09:58:39","slug":"zuerich-tourismus-fuehrungswechsel-und-strategische-neuausrichtung","status":"publish","type":"post","link":"https:\/\/www.organisator.ch\/en\/marketing\/2024-10-29\/zuerich-tourismus-fuehrungswechsel-und-strategische-neuausrichtung\/","title":{"rendered":"Z\u00fcrich Tourism: Change of management and strategic realignment"},"content":{"rendered":"<figure id=\"attachment_225723\" class=\"wp-caption alignnone\" style=\"width: 1024px\" aria-describedby=\"caption-attachment-225723\"><a href=\"https:\/\/www.markt-kom.com\/wp-content\/uploads\/2024\/10\/Beitragscover-43-10.png\"><img class=\"alignnone wp-image-225723 size-full\" src=\"https:\/\/www.markt-kom.com\/wp-content\/uploads\/2024\/10\/Beitragscover-43-10.png\" alt=\"Zurich Tourism \" width=\"1024\" height=\"768\" \/><\/a>\r\n<figcaption id=\"caption-attachment-225723\" class=\"wp-caption-text\">Strengthening the management team: from left to right Marina Bollhalder, Nora Brumm, Marc Scheurer<\/figcaption>\r\n<\/figure>\r\n<p>Z\u00fcrich Tourism is undergoing a strategic realignment: With Janine Rupf, Marina Bollhalder and Marc Scheurer, the management team is being strengthened and reorganized. These structural adjustments pave the way for positioning the company in a future-oriented and market-driven manner. The establishment of the new Destination Development division is a decisive step in this process, driving forward the transition from destination marketing to comprehensive destination development.<\/p>\r\n<p>The vision behind this reorientation lies in the promotion of tourism as an essential part of urban life, which benefits both guests and the local population. The focus on sustainable mobility, the further development of the tourism offering and closer cooperation with partners from politics and business underline the goal of sustainably increasing the social and economic value of Zurich tourism.<\/p>\r\n<p>Marc Scheurer, experienced tourism expert and new Head of Destination Development, will lead the strategic development from December. Planned initiatives include the promotion of night train connections and the creation of new experiences for locals and visitors alike. With this new direction, Z\u00fcrich Tourism is setting a clear course for the future of the city.<\/p>\r\n<p>Janine Rupf as Head of Marketing and Marina Bollhalder as Head of Operations have also joined the Executive Board. With this strategic reinforcement and a targeted adjustment of the area of activity, Z\u00fcrich Tourism is proactively positioning itself in the market and strengthening the region's appeal as a tourist destination.<\/p>","protected":false},"excerpt":{"rendered":"<p>With the appointment of new central management positions and the introduction of the \"Destination Development\" division, Z\u00fcrich Tourism is taking decisive steps towards a comprehensive destination development and management organization. The aim is to transform tourism in a sustainable way and to further develop the tourism experience in a targeted manner.<\/p>","protected":false},"author":8,"featured_media":0,"comment_status":"closed","ping_status":"closed","sticky":false,"template":"","format":"standard","meta":{"_acf_changed":false,"_yoast_wpseo_focuskw":"Z\u00fcrich Tourismus","_yoast_wpseo_metadesc":"Z\u00fcrich Tourismus verst\u00e4rkt seine Gesch\u00e4ftsleitung und gr\u00fcndet den Bereich Destination Development f\u00fcr nachhaltigen Tourismus.","articlekey":"","footnotes":""},"categories":[29],"tags":[4345,4695],"class_list":["post-31338","post","type-post","status-publish","format-standard","hentry","category-marketing","tag-business","tag-zuerich-tourismus"],"acf":[],"yoast_head":"<!-- This site is optimized with the Yoast SEO plugin v27.4 - https:\/\/yoast.com\/product\/yoast-seo-wordpress\/ -->\n<title>Z\u00fcrich Tourismus: F\u00fchrungswechsel und strategische Neuausrichtung - Organisator<\/title>\n<meta name=\"description\" content=\"Z\u00fcrich Tourismus verst\u00e4rkt seine Gesch\u00e4ftsleitung und gr\u00fcndet den Bereich Destination Development f\u00fcr nachhaltigen Tourismus.\" \/>\n<meta name=\"robots\" content=\"index, follow, max-snippet:-1, max-image-preview:large, max-video-preview:-1\" \/>\n<link rel=\"canonical\" href=\"https:\/\/www.organisator.ch\/en\/marketing\/2024-10-29\/zuerich-tourismus-fuehrungswechsel-und-strategische-neuausrichtung\/\" \/>\n<meta property=\"og:locale\" content=\"en_US\" \/>\n<meta property=\"og:type\" content=\"article\" \/>\n<meta property=\"og:title\" content=\"Z\u00fcrich Tourismus: F\u00fchrungswechsel und strategische Neuausrichtung - Organisator\" \/>\n<meta property=\"og:description\" content=\"Z\u00fcrich Tourismus verst\u00e4rkt seine Gesch\u00e4ftsleitung und gr\u00fcndet den Bereich Destination Development f\u00fcr nachhaltigen Tourismus.\" \/>\n<meta property=\"og:url\" content=\"https:\/\/www.organisator.ch\/en\/marketing\/2024-10-29\/zuerich-tourismus-fuehrungswechsel-und-strategische-neuausrichtung\/\" \/>\n<meta property=\"og:site_name\" content=\"Organisator\" \/>\n<meta property=\"article:publisher\" content=\"https:\/\/www.facebook.com\/OrganisatorFachmagazin\" \/>\n<meta property=\"article:published_time\" content=\"2024-10-29T14:12:16+00:00\" \/>\n<meta property=\"article:modified_time\" content=\"2024-11-07T09:58:39+00:00\" \/>\n<meta property=\"og:image\" content=\"https:\/\/www.markt-kom.com\/wp-content\/uploads\/2024\/10\/Beitragscover-43-10.png\" \/>\n<meta name=\"author\" content=\"galledia\" \/>\n<meta name=\"twitter:card\" content=\"summary_large_image\" \/>\n<meta name=\"twitter:creator\" content=\"@admin\" \/>\n<script type=\"application\/ld+json\" class=\"yoast-schema-graph\">{\"@context\":\"https:\\\/\\\/schema.org\",\"@graph\":[{\"@type\":\"Article\",\"@id\":\"https:\\\/\\\/www.organisator.ch\\\/marketing\\\/2024-10-29\\\/zuerich-tourismus-fuehrungswechsel-und-strategische-neuausrichtung\\\/#article\",\"isPartOf\":{\"@id\":\"https:\\\/\\\/www.organisator.ch\\\/marketing\\\/2024-10-29\\\/zuerich-tourismus-fuehrungswechsel-und-strategische-neuausrichtung\\\/\"},\"author\":{\"name\":\"galledia\",\"@id\":\"https:\\\/\\\/www.organisator.ch\\\/#\\\/schema\\\/person\\\/4e51799071cd2dd1232ac003643ef5f0\"},\"headline\":\"Z\u00fcrich Tourismus: F\u00fchrungswechsel und strategische Neuausrichtung\",\"datePublished\":\"2024-10-29T14:12:16+00:00\",\"dateModified\":\"2024-11-07T09:58:39+00:00\",\"mainEntityOfPage\":{\"@id\":\"https:\\\/\\\/www.organisator.ch\\\/marketing\\\/2024-10-29\\\/zuerich-tourismus-fuehrungswechsel-und-strategische-neuausrichtung\\\/\"},\"wordCount\":251,\"publisher\":{\"@id\":\"https:\\\/\\\/www.organisator.ch\\\/#organization\"},\"image\":{\"@id\":\"https:\\\/\\\/www.organisator.ch\\\/marketing\\\/2024-10-29\\\/zuerich-tourismus-fuehrungswechsel-und-strategische-neuausrichtung\\\/#primaryimage\"},\"thumbnailUrl\":\"https:\\\/\\\/www.markt-kom.com\\\/wp-content\\\/uploads\\\/2024\\\/10\\\/Beitragscover-43-10.png\",\"keywords\":[\"Business\",\"Z\u00fcrich Tourismus\"],\"articleSection\":[\"MARKETING\"],\"inLanguage\":\"en-US\"},{\"@type\":\"WebPage\",\"@id\":\"https:\\\/\\\/www.organisator.ch\\\/marketing\\\/2024-10-29\\\/zuerich-tourismus-fuehrungswechsel-und-strategische-neuausrichtung\\\/\",\"url\":\"https:\\\/\\\/www.organisator.ch\\\/marketing\\\/2024-10-29\\\/zuerich-tourismus-fuehrungswechsel-und-strategische-neuausrichtung\\\/\",\"name\":\"Z\u00fcrich Tourismus: F\u00fchrungswechsel und strategische Neuausrichtung - Organisator\",\"isPartOf\":{\"@id\":\"https:\\\/\\\/www.organisator.ch\\\/#website\"},\"primaryImageOfPage\":{\"@id\":\"https:\\\/\\\/www.organisator.ch\\\/marketing\\\/2024-10-29\\\/zuerich-tourismus-fuehrungswechsel-und-strategische-neuausrichtung\\\/#primaryimage\"},\"image\":{\"@id\":\"https:\\\/\\\/www.organisator.ch\\\/marketing\\\/2024-10-29\\\/zuerich-tourismus-fuehrungswechsel-und-strategische-neuausrichtung\\\/#primaryimage\"},\"thumbnailUrl\":\"https:\\\/\\\/www.markt-kom.com\\\/wp-content\\\/uploads\\\/2024\\\/10\\\/Beitragscover-43-10.png\",\"datePublished\":\"2024-10-29T14:12:16+00:00\",\"dateModified\":\"2024-11-07T09:58:39+00:00\",\"description\":\"Z\u00fcrich Tourismus verst\u00e4rkt seine Gesch\u00e4ftsleitung und gr\u00fcndet den Bereich Destination Development f\u00fcr nachhaltigen Tourismus.\",\"breadcrumb\":{\"@id\":\"https:\\\/\\\/www.organisator.ch\\\/marketing\\\/2024-10-29\\\/zuerich-tourismus-fuehrungswechsel-und-strategische-neuausrichtung\\\/#breadcrumb\"},\"inLanguage\":\"en-US\",\"potentialAction\":[{\"@type\":\"ReadAction\",\"target\":[\"https:\\\/\\\/www.organisator.ch\\\/marketing\\\/2024-10-29\\\/zuerich-tourismus-fuehrungswechsel-und-strategische-neuausrichtung\\\/\"]}]},{\"@type\":\"ImageObject\",\"inLanguage\":\"en-US\",\"@id\":\"https:\\\/\\\/www.organisator.ch\\\/marketing\\\/2024-10-29\\\/zuerich-tourismus-fuehrungswechsel-und-strategische-neuausrichtung\\\/#primaryimage\",\"url\":\"https:\\\/\\\/www.markt-kom.com\\\/wp-content\\\/uploads\\\/2024\\\/10\\\/Beitragscover-43-10.png\",\"contentUrl\":\"https:\\\/\\\/www.markt-kom.com\\\/wp-content\\\/uploads\\\/2024\\\/10\\\/Beitragscover-43-10.png\"},{\"@type\":\"BreadcrumbList\",\"@id\":\"https:\\\/\\\/www.organisator.ch\\\/marketing\\\/2024-10-29\\\/zuerich-tourismus-fuehrungswechsel-und-strategische-neuausrichtung\\\/#breadcrumb\",\"itemListElement\":[{\"@type\":\"ListItem\",\"position\":1,\"name\":\"Home\",\"item\":\"https:\\\/\\\/www.organisator.ch\\\/\"},{\"@type\":\"ListItem\",\"position\":2,\"name\":\"Z\u00fcrich Tourismus: F\u00fchrungswechsel und strategische Neuausrichtung\"}]},{\"@type\":\"WebSite\",\"@id\":\"https:\\\/\\\/www.organisator.ch\\\/#website\",\"url\":\"https:\\\/\\\/www.organisator.ch\\\/\",\"name\":\"Organisator\",\"description\":\"Kompetent. Praxisnah. Der ORGANISATOR bereitet in 10 Ausgaben pro Jahr die wesentlichen Themen f\u00fcr F\u00fchrungskr\u00e4fte von KMU auf.\",\"publisher\":{\"@id\":\"https:\\\/\\\/www.organisator.ch\\\/#organization\"},\"potentialAction\":[{\"@type\":\"SearchAction\",\"target\":{\"@type\":\"EntryPoint\",\"urlTemplate\":\"https:\\\/\\\/www.organisator.ch\\\/?s={search_term_string}\"},\"query-input\":{\"@type\":\"PropertyValueSpecification\",\"valueRequired\":true,\"valueName\":\"search_term_string\"}}],\"inLanguage\":\"en-US\"},{\"@type\":\"Organization\",\"@id\":\"https:\\\/\\\/www.organisator.ch\\\/#organization\",\"name\":\"Organisator\",\"url\":\"https:\\\/\\\/www.organisator.ch\\\/\",\"logo\":{\"@type\":\"ImageObject\",\"inLanguage\":\"en-US\",\"@id\":\"https:\\\/\\\/www.organisator.ch\\\/#\\\/schema\\\/logo\\\/image\\\/\",\"url\":\"https:\\\/\\\/www.organisator.ch\\\/wp-content\\\/uploads\\\/2022\\\/01\\\/Logo_Organisator_Website.png\",\"contentUrl\":\"https:\\\/\\\/www.organisator.ch\\\/wp-content\\\/uploads\\\/2022\\\/01\\\/Logo_Organisator_Website.png\",\"width\":800,\"height\":77,\"caption\":\"Organisator\"},\"image\":{\"@id\":\"https:\\\/\\\/www.organisator.ch\\\/#\\\/schema\\\/logo\\\/image\\\/\"},\"sameAs\":[\"https:\\\/\\\/www.facebook.com\\\/OrganisatorFachmagazin\",\"https:\\\/\\\/www.linkedin.com\\\/showcase\\\/organisator-das-magazin-fr-kmu\",\"https:\\\/\\\/www.xing.com\\\/news\\\/pages\\\/organisator-ch-695\",\"https:\\\/\\\/www.youtube.com\\\/channel\\\/UCGP2Sq0iWaZwT3BdIAQFYpw\"]},{\"@type\":\"Person\",\"@id\":\"https:\\\/\\\/www.organisator.ch\\\/#\\\/schema\\\/person\\\/4e51799071cd2dd1232ac003643ef5f0\",\"name\":\"galledia\",\"image\":{\"@type\":\"ImageObject\",\"inLanguage\":\"en-US\",\"@id\":\"https:\\\/\\\/secure.gravatar.com\\\/avatar\\\/78a7f90c01fc2bfc875782a0d4922b37cde2cf184ce347b91316d23cd7f69a36?s=96&d=mm&r=g\",\"url\":\"https:\\\/\\\/secure.gravatar.com\\\/avatar\\\/78a7f90c01fc2bfc875782a0d4922b37cde2cf184ce347b91316d23cd7f69a36?s=96&d=mm&r=g\",\"contentUrl\":\"https:\\\/\\\/secure.gravatar.com\\\/avatar\\\/78a7f90c01fc2bfc875782a0d4922b37cde2cf184ce347b91316d23cd7f69a36?s=96&d=mm&r=g\",\"caption\":\"galledia\"},\"sameAs\":[\"https:\\\/\\\/x.com\\\/admin\"],\"url\":\"https:\\\/\\\/www.organisator.ch\\\/en\\\/author\\\/galledia\\\/\"}]}<\/script>\n<!-- \/ Yoast SEO plugin. -->","yoast_head_json":{"title":"Z\u00fcrich Tourism: Change of management and strategic realignment - Organizer","description":"Z\u00fcrich Tourism strengthens its management and establishes the Destination Development division for sustainable tourism.","robots":{"index":"index","follow":"follow","max-snippet":"max-snippet:-1","max-image-preview":"max-image-preview:large","max-video-preview":"max-video-preview:-1"},"canonical":"https:\/\/www.organisator.ch\/en\/marketing\/2024-10-29\/zuerich-tourismus-fuehrungswechsel-und-strategische-neuausrichtung\/","og_locale":"en_US","og_type":"article","og_title":"Z\u00fcrich Tourismus: F\u00fchrungswechsel und strategische Neuausrichtung - Organisator","og_description":"Z\u00fcrich Tourismus verst\u00e4rkt seine Gesch\u00e4ftsleitung und gr\u00fcndet den Bereich Destination Development f\u00fcr nachhaltigen Tourismus.","og_url":"https:\/\/www.organisator.ch\/en\/marketing\/2024-10-29\/zuerich-tourismus-fuehrungswechsel-und-strategische-neuausrichtung\/","og_site_name":"Organisator","article_publisher":"https:\/\/www.facebook.com\/OrganisatorFachmagazin","article_published_time":"2024-10-29T14:12:16+00:00","article_modified_time":"2024-11-07T09:58:39+00:00","og_image":[{"url":"https:\/\/www.markt-kom.com\/wp-content\/uploads\/2024\/10\/Beitragscover-43-10.png","type":"","width":"","height":""}],"author":"galledia","twitter_card":"summary_large_image","twitter_creator":"@admin","schema":{"@context":"https:\/\/schema.org","@graph":[{"@type":"Article","@id":"https:\/\/www.organisator.ch\/marketing\/2024-10-29\/zuerich-tourismus-fuehrungswechsel-und-strategische-neuausrichtung\/#article","isPartOf":{"@id":"https:\/\/www.organisator.ch\/marketing\/2024-10-29\/zuerich-tourismus-fuehrungswechsel-und-strategische-neuausrichtung\/"},"author":{"name":"galledia","@id":"https:\/\/www.organisator.ch\/#\/schema\/person\/4e51799071cd2dd1232ac003643ef5f0"},"headline":"Z\u00fcrich Tourismus: F\u00fchrungswechsel und strategische Neuausrichtung","datePublished":"2024-10-29T14:12:16+00:00","dateModified":"2024-11-07T09:58:39+00:00","mainEntityOfPage":{"@id":"https:\/\/www.organisator.ch\/marketing\/2024-10-29\/zuerich-tourismus-fuehrungswechsel-und-strategische-neuausrichtung\/"},"wordCount":251,"publisher":{"@id":"https:\/\/www.organisator.ch\/#organization"},"image":{"@id":"https:\/\/www.organisator.ch\/marketing\/2024-10-29\/zuerich-tourismus-fuehrungswechsel-und-strategische-neuausrichtung\/#primaryimage"},"thumbnailUrl":"https:\/\/www.markt-kom.com\/wp-content\/uploads\/2024\/10\/Beitragscover-43-10.png","keywords":["Business","Z\u00fcrich Tourismus"],"articleSection":["MARKETING"],"inLanguage":"en-US"},{"@type":"WebPage","@id":"https:\/\/www.organisator.ch\/marketing\/2024-10-29\/zuerich-tourismus-fuehrungswechsel-und-strategische-neuausrichtung\/","url":"https:\/\/www.organisator.ch\/marketing\/2024-10-29\/zuerich-tourismus-fuehrungswechsel-und-strategische-neuausrichtung\/","name":"Z\u00fcrich Tourism: Change of management and strategic realignment - Organizer","isPartOf":{"@id":"https:\/\/www.organisator.ch\/#website"},"primaryImageOfPage":{"@id":"https:\/\/www.organisator.ch\/marketing\/2024-10-29\/zuerich-tourismus-fuehrungswechsel-und-strategische-neuausrichtung\/#primaryimage"},"image":{"@id":"https:\/\/www.organisator.ch\/marketing\/2024-10-29\/zuerich-tourismus-fuehrungswechsel-und-strategische-neuausrichtung\/#primaryimage"},"thumbnailUrl":"https:\/\/www.markt-kom.com\/wp-content\/uploads\/2024\/10\/Beitragscover-43-10.png","datePublished":"2024-10-29T14:12:16+00:00","dateModified":"2024-11-07T09:58:39+00:00","description":"Z\u00fcrich Tourism strengthens its management and establishes the Destination Development division for sustainable tourism.","breadcrumb":{"@id":"https:\/\/www.organisator.ch\/marketing\/2024-10-29\/zuerich-tourismus-fuehrungswechsel-und-strategische-neuausrichtung\/#breadcrumb"},"inLanguage":"en-US","potentialAction":[{"@type":"ReadAction","target":["https:\/\/www.organisator.ch\/marketing\/2024-10-29\/zuerich-tourismus-fuehrungswechsel-und-strategische-neuausrichtung\/"]}]},{"@type":"ImageObject","inLanguage":"en-US","@id":"https:\/\/www.organisator.ch\/marketing\/2024-10-29\/zuerich-tourismus-fuehrungswechsel-und-strategische-neuausrichtung\/#primaryimage","url":"https:\/\/www.markt-kom.com\/wp-content\/uploads\/2024\/10\/Beitragscover-43-10.png","contentUrl":"https:\/\/www.markt-kom.com\/wp-content\/uploads\/2024\/10\/Beitragscover-43-10.png"},{"@type":"BreadcrumbList","@id":"https:\/\/www.organisator.ch\/marketing\/2024-10-29\/zuerich-tourismus-fuehrungswechsel-und-strategische-neuausrichtung\/#breadcrumb","itemListElement":[{"@type":"ListItem","position":1,"name":"Home","item":"https:\/\/www.organisator.ch\/"},{"@type":"ListItem","position":2,"name":"Z\u00fcrich Tourismus: F\u00fchrungswechsel und strategische Neuausrichtung"}]},{"@type":"WebSite","@id":"https:\/\/www.organisator.ch\/#website","url":"https:\/\/www.organisator.ch\/","name":"Organizer","description":"Competent. Practical. In 10 issues per year, ORGANISATOR presents the essential topics for managers of SMEs.","publisher":{"@id":"https:\/\/www.organisator.ch\/#organization"},"potentialAction":[{"@type":"SearchAction","target":{"@type":"EntryPoint","urlTemplate":"https:\/\/www.organisator.ch\/?s={search_term_string}"},"query-input":{"@type":"PropertyValueSpecification","valueRequired":true,"valueName":"search_term_string"}}],"inLanguage":"en-US"},{"@type":"Organization","@id":"https:\/\/www.organisator.ch\/#organization","name":"Organizer","url":"https:\/\/www.organisator.ch\/","logo":{"@type":"ImageObject","inLanguage":"en-US","@id":"https:\/\/www.organisator.ch\/#\/schema\/logo\/image\/","url":"https:\/\/www.organisator.ch\/wp-content\/uploads\/2022\/01\/Logo_Organisator_Website.png","contentUrl":"https:\/\/www.organisator.ch\/wp-content\/uploads\/2022\/01\/Logo_Organisator_Website.png","width":800,"height":77,"caption":"Organisator"},"image":{"@id":"https:\/\/www.organisator.ch\/#\/schema\/logo\/image\/"},"sameAs":["https:\/\/www.facebook.com\/OrganisatorFachmagazin","https:\/\/www.linkedin.com\/showcase\/organisator-das-magazin-fr-kmu","https:\/\/www.xing.com\/news\/pages\/organisator-ch-695","https:\/\/www.youtube.com\/channel\/UCGP2Sq0iWaZwT3BdIAQFYpw"]},{"@type":"Person","@id":"https:\/\/www.organisator.ch\/#\/schema\/person\/4e51799071cd2dd1232ac003643ef5f0","name":"galledia","image":{"@type":"ImageObject","inLanguage":"en-US","@id":"https:\/\/secure.gravatar.com\/avatar\/78a7f90c01fc2bfc875782a0d4922b37cde2cf184ce347b91316d23cd7f69a36?s=96&d=mm&r=g","url":"https:\/\/secure.gravatar.com\/avatar\/78a7f90c01fc2bfc875782a0d4922b37cde2cf184ce347b91316d23cd7f69a36?s=96&d=mm&r=g","contentUrl":"https:\/\/secure.gravatar.com\/avatar\/78a7f90c01fc2bfc875782a0d4922b37cde2cf184ce347b91316d23cd7f69a36?s=96&d=mm&r=g","caption":"galledia"},"sameAs":["https:\/\/x.com\/admin"],"url":"https:\/\/www.organisator.ch\/en\/author\/galledia\/"}]}},"_links":{"self":[{"href":"https:\/\/www.organisator.ch\/en\/wp-json\/wp\/v2\/posts\/31338","targetHints":{"allow":["GET"]}}],"collection":[{"href":"https:\/\/www.organisator.ch\/en\/wp-json\/wp\/v2\/posts"}],"about":[{"href":"https:\/\/www.organisator.ch\/en\/wp-json\/wp\/v2\/types\/post"}],"author":[{"embeddable":true,"href":"https:\/\/www.organisator.ch\/en\/wp-json\/wp\/v2\/users\/8"}],"replies":[{"embeddable":true,"href":"https:\/\/www.organisator.ch\/en\/wp-json\/wp\/v2\/comments?post=31338"}],"version-history":[{"count":6,"href":"https:\/\/www.organisator.ch\/en\/wp-json\/wp\/v2\/posts\/31338\/revisions"}],"predecessor-version":[{"id":31698,"href":"https:\/\/www.organisator.ch\/en\/wp-json\/wp\/v2\/posts\/31338\/revisions\/31698"}],"wp:attachment":[{"href":"https:\/\/www.organisator.ch\/en\/wp-json\/wp\/v2\/media?parent=31338"}],"wp:term":[{"taxonomy":"category","embeddable":true,"href":"https:\/\/www.organisator.ch\/en\/wp-json\/wp\/v2\/categories?post=31338"},{"taxonomy":"post_tag","embeddable":true,"href":"https:\/\/www.organisator.ch\/en\/wp-json\/wp\/v2\/tags?post=31338"}],"curies":[{"name":"wp","href":"https:\/\/api.w.org\/{rel}","templated":true}]}}