{"id":31340,"date":"2024-10-29T14:59:41","date_gmt":"2024-10-29T13:59:41","guid":{"rendered":"https:\/\/www.markt-kom.com\/?p=225714"},"modified":"2024-11-07T11:01:18","modified_gmt":"2024-11-07T10:01:18","slug":"neues-filmstudio-bringt-frischen-wind-in-die-schweizer-kreativszene","status":"publish","type":"post","link":"https:\/\/www.organisator.ch\/en\/marketing\/2024-10-29\/neues-filmstudio-bringt-frischen-wind-in-die-schweizer-kreativszene\/","title":{"rendered":"New film studio brings a breath of fresh air to the Swiss creative scene"},"content":{"rendered":"<p><a href=\"https:\/\/www.markt-kom.com\/wp-content\/uploads\/2024\/10\/Beitragscover-43-7-4.png\"><img class=\"alignnone wp-image-225720 size-full\" src=\"https:\/\/www.markt-kom.com\/wp-content\/uploads\/2024\/10\/Beitragscover-43-7-4.png\" alt=\"Swiss Studios AG \" width=\"1024\" height=\"768\" \/><\/a><\/p>\r\n<p>Five renowned Swiss and international film production companies have joined forces to form Swiss Studios AG in order to strengthen the creative potential of the Swiss film industry. With a comprehensive offering that includes development, production, distribution and license management from a single source, Swiss Studios strives to create high-quality content for cinema, television and streaming services. In particular, the new opportunities created by the Swiss Film Act, which requires streaming providers to invest in local film production, open up exciting prospects for Swiss Studios.<\/p>\r\n<p>Dr. Malte Probst, Chairman of the Board of Directors and CEO of Swiss Studios AG, emphasizes: \"With Swiss Studios, we are laying the foundation for an innovative and internationally competitive Swiss film industry.\" The shareholders - including Elite Filmproduktion, Praesens-Film, Contrast Series, Bavaria Fiction Switzerland and Kinescope Film - are contributing sound expertise and a strong network to elevate Switzerland to the international stage as a production location.<\/p>\r\n<p>The studio is pursuing ambitious goals: In addition to developing creative content, there is a particular focus on digital innovations and the integration of artificial intelligence into the production process. \"We want to combine technical innovation and creative storytelling to inspire both Swiss and international audiences,\" explains Corinne Rossi, Member of the Management Board.<\/p>\r\n<p>&nbsp;<\/p>","protected":false},"excerpt":{"rendered":"<p>With the founding of Swiss Studios AG, leading production companies in Zurich are creating a platform for innovative film, series and documentary productions that will enrich the Swiss and international market. Creativity and digital innovation are at the heart of the new studio.<\/p>","protected":false},"author":8,"featured_media":0,"comment_status":"closed","ping_status":"closed","sticky":false,"template":"","format":"standard","meta":{"_acf_changed":false,"_yoast_wpseo_focuskw":"Swiss Studios AG","_yoast_wpseo_metadesc":"Swiss Studios AG st\u00e4rkt die Schweizer Filmindustrie mit kreativen und digitalen Innovationen.","articlekey":"","footnotes":""},"categories":[29],"tags":[4345],"class_list":["post-31340","post","type-post","status-publish","format-standard","hentry","category-marketing","tag-business"],"acf":[],"yoast_head":"<!-- This site is optimized with the Yoast SEO plugin v27.4 - https:\/\/yoast.com\/product\/yoast-seo-wordpress\/ -->\n<title>Neues Filmstudio bringt frischen Wind in die Schweizer Kreativszene - Organisator<\/title>\n<meta name=\"description\" content=\"Swiss Studios AG st\u00e4rkt die Schweizer Filmindustrie mit kreativen und digitalen Innovationen.\" \/>\n<meta name=\"robots\" content=\"index, follow, max-snippet:-1, max-image-preview:large, max-video-preview:-1\" \/>\n<link rel=\"canonical\" href=\"https:\/\/www.organisator.ch\/en\/marketing\/2024-10-29\/neues-filmstudio-bringt-frischen-wind-in-die-schweizer-kreativszene\/\" \/>\n<meta property=\"og:locale\" content=\"en_US\" \/>\n<meta property=\"og:type\" content=\"article\" \/>\n<meta property=\"og:title\" content=\"Neues Filmstudio bringt frischen Wind in die Schweizer Kreativszene - Organisator\" \/>\n<meta property=\"og:description\" content=\"Swiss Studios AG st\u00e4rkt die Schweizer Filmindustrie mit kreativen und digitalen Innovationen.\" \/>\n<meta property=\"og:url\" content=\"https:\/\/www.organisator.ch\/en\/marketing\/2024-10-29\/neues-filmstudio-bringt-frischen-wind-in-die-schweizer-kreativszene\/\" \/>\n<meta property=\"og:site_name\" content=\"Organisator\" \/>\n<meta property=\"article:publisher\" content=\"https:\/\/www.facebook.com\/OrganisatorFachmagazin\" \/>\n<meta property=\"article:published_time\" content=\"2024-10-29T13:59:41+00:00\" \/>\n<meta property=\"article:modified_time\" content=\"2024-11-07T10:01:18+00:00\" \/>\n<meta property=\"og:image\" content=\"https:\/\/www.markt-kom.com\/wp-content\/uploads\/2024\/10\/Beitragscover-43-7-4.png\" \/>\n<meta name=\"author\" content=\"galledia\" \/>\n<meta name=\"twitter:card\" content=\"summary_large_image\" \/>\n<meta name=\"twitter:creator\" content=\"@admin\" \/>\n<script type=\"application\/ld+json\" class=\"yoast-schema-graph\">{\"@context\":\"https:\\\/\\\/schema.org\",\"@graph\":[{\"@type\":\"Article\",\"@id\":\"https:\\\/\\\/www.organisator.ch\\\/marketing\\\/2024-10-29\\\/neues-filmstudio-bringt-frischen-wind-in-die-schweizer-kreativszene\\\/#article\",\"isPartOf\":{\"@id\":\"https:\\\/\\\/www.organisator.ch\\\/marketing\\\/2024-10-29\\\/neues-filmstudio-bringt-frischen-wind-in-die-schweizer-kreativszene\\\/\"},\"author\":{\"name\":\"galledia\",\"@id\":\"https:\\\/\\\/www.organisator.ch\\\/#\\\/schema\\\/person\\\/4e51799071cd2dd1232ac003643ef5f0\"},\"headline\":\"Neues Filmstudio bringt frischen Wind in die Schweizer Kreativszene\",\"datePublished\":\"2024-10-29T13:59:41+00:00\",\"dateModified\":\"2024-11-07T10:01:18+00:00\",\"mainEntityOfPage\":{\"@id\":\"https:\\\/\\\/www.organisator.ch\\\/marketing\\\/2024-10-29\\\/neues-filmstudio-bringt-frischen-wind-in-die-schweizer-kreativszene\\\/\"},\"wordCount\":204,\"publisher\":{\"@id\":\"https:\\\/\\\/www.organisator.ch\\\/#organization\"},\"image\":{\"@id\":\"https:\\\/\\\/www.organisator.ch\\\/marketing\\\/2024-10-29\\\/neues-filmstudio-bringt-frischen-wind-in-die-schweizer-kreativszene\\\/#primaryimage\"},\"thumbnailUrl\":\"https:\\\/\\\/www.markt-kom.com\\\/wp-content\\\/uploads\\\/2024\\\/10\\\/Beitragscover-43-7-4.png\",\"keywords\":[\"Business\"],\"articleSection\":[\"MARKETING\"],\"inLanguage\":\"en-US\"},{\"@type\":\"WebPage\",\"@id\":\"https:\\\/\\\/www.organisator.ch\\\/marketing\\\/2024-10-29\\\/neues-filmstudio-bringt-frischen-wind-in-die-schweizer-kreativszene\\\/\",\"url\":\"https:\\\/\\\/www.organisator.ch\\\/marketing\\\/2024-10-29\\\/neues-filmstudio-bringt-frischen-wind-in-die-schweizer-kreativszene\\\/\",\"name\":\"Neues Filmstudio bringt frischen Wind in die Schweizer Kreativszene - Organisator\",\"isPartOf\":{\"@id\":\"https:\\\/\\\/www.organisator.ch\\\/#website\"},\"primaryImageOfPage\":{\"@id\":\"https:\\\/\\\/www.organisator.ch\\\/marketing\\\/2024-10-29\\\/neues-filmstudio-bringt-frischen-wind-in-die-schweizer-kreativszene\\\/#primaryimage\"},\"image\":{\"@id\":\"https:\\\/\\\/www.organisator.ch\\\/marketing\\\/2024-10-29\\\/neues-filmstudio-bringt-frischen-wind-in-die-schweizer-kreativszene\\\/#primaryimage\"},\"thumbnailUrl\":\"https:\\\/\\\/www.markt-kom.com\\\/wp-content\\\/uploads\\\/2024\\\/10\\\/Beitragscover-43-7-4.png\",\"datePublished\":\"2024-10-29T13:59:41+00:00\",\"dateModified\":\"2024-11-07T10:01:18+00:00\",\"description\":\"Swiss Studios AG st\u00e4rkt die Schweizer Filmindustrie mit kreativen und digitalen Innovationen.\",\"breadcrumb\":{\"@id\":\"https:\\\/\\\/www.organisator.ch\\\/marketing\\\/2024-10-29\\\/neues-filmstudio-bringt-frischen-wind-in-die-schweizer-kreativszene\\\/#breadcrumb\"},\"inLanguage\":\"en-US\",\"potentialAction\":[{\"@type\":\"ReadAction\",\"target\":[\"https:\\\/\\\/www.organisator.ch\\\/marketing\\\/2024-10-29\\\/neues-filmstudio-bringt-frischen-wind-in-die-schweizer-kreativszene\\\/\"]}]},{\"@type\":\"ImageObject\",\"inLanguage\":\"en-US\",\"@id\":\"https:\\\/\\\/www.organisator.ch\\\/marketing\\\/2024-10-29\\\/neues-filmstudio-bringt-frischen-wind-in-die-schweizer-kreativszene\\\/#primaryimage\",\"url\":\"https:\\\/\\\/www.markt-kom.com\\\/wp-content\\\/uploads\\\/2024\\\/10\\\/Beitragscover-43-7-4.png\",\"contentUrl\":\"https:\\\/\\\/www.markt-kom.com\\\/wp-content\\\/uploads\\\/2024\\\/10\\\/Beitragscover-43-7-4.png\"},{\"@type\":\"BreadcrumbList\",\"@id\":\"https:\\\/\\\/www.organisator.ch\\\/marketing\\\/2024-10-29\\\/neues-filmstudio-bringt-frischen-wind-in-die-schweizer-kreativszene\\\/#breadcrumb\",\"itemListElement\":[{\"@type\":\"ListItem\",\"position\":1,\"name\":\"Home\",\"item\":\"https:\\\/\\\/www.organisator.ch\\\/\"},{\"@type\":\"ListItem\",\"position\":2,\"name\":\"Neues Filmstudio bringt frischen Wind in die Schweizer Kreativszene\"}]},{\"@type\":\"WebSite\",\"@id\":\"https:\\\/\\\/www.organisator.ch\\\/#website\",\"url\":\"https:\\\/\\\/www.organisator.ch\\\/\",\"name\":\"Organisator\",\"description\":\"Kompetent. Praxisnah. Der ORGANISATOR bereitet in 10 Ausgaben pro Jahr die wesentlichen Themen f\u00fcr F\u00fchrungskr\u00e4fte von KMU auf.\",\"publisher\":{\"@id\":\"https:\\\/\\\/www.organisator.ch\\\/#organization\"},\"potentialAction\":[{\"@type\":\"SearchAction\",\"target\":{\"@type\":\"EntryPoint\",\"urlTemplate\":\"https:\\\/\\\/www.organisator.ch\\\/?s={search_term_string}\"},\"query-input\":{\"@type\":\"PropertyValueSpecification\",\"valueRequired\":true,\"valueName\":\"search_term_string\"}}],\"inLanguage\":\"en-US\"},{\"@type\":\"Organization\",\"@id\":\"https:\\\/\\\/www.organisator.ch\\\/#organization\",\"name\":\"Organisator\",\"url\":\"https:\\\/\\\/www.organisator.ch\\\/\",\"logo\":{\"@type\":\"ImageObject\",\"inLanguage\":\"en-US\",\"@id\":\"https:\\\/\\\/www.organisator.ch\\\/#\\\/schema\\\/logo\\\/image\\\/\",\"url\":\"https:\\\/\\\/www.organisator.ch\\\/wp-content\\\/uploads\\\/2022\\\/01\\\/Logo_Organisator_Website.png\",\"contentUrl\":\"https:\\\/\\\/www.organisator.ch\\\/wp-content\\\/uploads\\\/2022\\\/01\\\/Logo_Organisator_Website.png\",\"width\":800,\"height\":77,\"caption\":\"Organisator\"},\"image\":{\"@id\":\"https:\\\/\\\/www.organisator.ch\\\/#\\\/schema\\\/logo\\\/image\\\/\"},\"sameAs\":[\"https:\\\/\\\/www.facebook.com\\\/OrganisatorFachmagazin\",\"https:\\\/\\\/www.linkedin.com\\\/showcase\\\/organisator-das-magazin-fr-kmu\",\"https:\\\/\\\/www.xing.com\\\/news\\\/pages\\\/organisator-ch-695\",\"https:\\\/\\\/www.youtube.com\\\/channel\\\/UCGP2Sq0iWaZwT3BdIAQFYpw\"]},{\"@type\":\"Person\",\"@id\":\"https:\\\/\\\/www.organisator.ch\\\/#\\\/schema\\\/person\\\/4e51799071cd2dd1232ac003643ef5f0\",\"name\":\"galledia\",\"image\":{\"@type\":\"ImageObject\",\"inLanguage\":\"en-US\",\"@id\":\"https:\\\/\\\/secure.gravatar.com\\\/avatar\\\/78a7f90c01fc2bfc875782a0d4922b37cde2cf184ce347b91316d23cd7f69a36?s=96&d=mm&r=g\",\"url\":\"https:\\\/\\\/secure.gravatar.com\\\/avatar\\\/78a7f90c01fc2bfc875782a0d4922b37cde2cf184ce347b91316d23cd7f69a36?s=96&d=mm&r=g\",\"contentUrl\":\"https:\\\/\\\/secure.gravatar.com\\\/avatar\\\/78a7f90c01fc2bfc875782a0d4922b37cde2cf184ce347b91316d23cd7f69a36?s=96&d=mm&r=g\",\"caption\":\"galledia\"},\"sameAs\":[\"https:\\\/\\\/x.com\\\/admin\"],\"url\":\"https:\\\/\\\/www.organisator.ch\\\/en\\\/author\\\/galledia\\\/\"}]}<\/script>\n<!-- \/ Yoast SEO plugin. -->","yoast_head_json":{"title":"New film studio brings a breath of fresh air to the Swiss creative scene - Organizer","description":"Swiss Studios AG strengthens the Swiss film industry with creative and digital innovations.","robots":{"index":"index","follow":"follow","max-snippet":"max-snippet:-1","max-image-preview":"max-image-preview:large","max-video-preview":"max-video-preview:-1"},"canonical":"https:\/\/www.organisator.ch\/en\/marketing\/2024-10-29\/neues-filmstudio-bringt-frischen-wind-in-die-schweizer-kreativszene\/","og_locale":"en_US","og_type":"article","og_title":"Neues Filmstudio bringt frischen Wind in die Schweizer Kreativszene - Organisator","og_description":"Swiss Studios AG st\u00e4rkt die Schweizer Filmindustrie mit kreativen und digitalen Innovationen.","og_url":"https:\/\/www.organisator.ch\/en\/marketing\/2024-10-29\/neues-filmstudio-bringt-frischen-wind-in-die-schweizer-kreativszene\/","og_site_name":"Organisator","article_publisher":"https:\/\/www.facebook.com\/OrganisatorFachmagazin","article_published_time":"2024-10-29T13:59:41+00:00","article_modified_time":"2024-11-07T10:01:18+00:00","og_image":[{"url":"https:\/\/www.markt-kom.com\/wp-content\/uploads\/2024\/10\/Beitragscover-43-7-4.png","type":"","width":"","height":""}],"author":"galledia","twitter_card":"summary_large_image","twitter_creator":"@admin","schema":{"@context":"https:\/\/schema.org","@graph":[{"@type":"Article","@id":"https:\/\/www.organisator.ch\/marketing\/2024-10-29\/neues-filmstudio-bringt-frischen-wind-in-die-schweizer-kreativszene\/#article","isPartOf":{"@id":"https:\/\/www.organisator.ch\/marketing\/2024-10-29\/neues-filmstudio-bringt-frischen-wind-in-die-schweizer-kreativszene\/"},"author":{"name":"galledia","@id":"https:\/\/www.organisator.ch\/#\/schema\/person\/4e51799071cd2dd1232ac003643ef5f0"},"headline":"Neues Filmstudio bringt frischen Wind in die Schweizer Kreativszene","datePublished":"2024-10-29T13:59:41+00:00","dateModified":"2024-11-07T10:01:18+00:00","mainEntityOfPage":{"@id":"https:\/\/www.organisator.ch\/marketing\/2024-10-29\/neues-filmstudio-bringt-frischen-wind-in-die-schweizer-kreativszene\/"},"wordCount":204,"publisher":{"@id":"https:\/\/www.organisator.ch\/#organization"},"image":{"@id":"https:\/\/www.organisator.ch\/marketing\/2024-10-29\/neues-filmstudio-bringt-frischen-wind-in-die-schweizer-kreativszene\/#primaryimage"},"thumbnailUrl":"https:\/\/www.markt-kom.com\/wp-content\/uploads\/2024\/10\/Beitragscover-43-7-4.png","keywords":["Business"],"articleSection":["MARKETING"],"inLanguage":"en-US"},{"@type":"WebPage","@id":"https:\/\/www.organisator.ch\/marketing\/2024-10-29\/neues-filmstudio-bringt-frischen-wind-in-die-schweizer-kreativszene\/","url":"https:\/\/www.organisator.ch\/marketing\/2024-10-29\/neues-filmstudio-bringt-frischen-wind-in-die-schweizer-kreativszene\/","name":"New film studio brings a breath of fresh air to the Swiss creative scene - Organizer","isPartOf":{"@id":"https:\/\/www.organisator.ch\/#website"},"primaryImageOfPage":{"@id":"https:\/\/www.organisator.ch\/marketing\/2024-10-29\/neues-filmstudio-bringt-frischen-wind-in-die-schweizer-kreativszene\/#primaryimage"},"image":{"@id":"https:\/\/www.organisator.ch\/marketing\/2024-10-29\/neues-filmstudio-bringt-frischen-wind-in-die-schweizer-kreativszene\/#primaryimage"},"thumbnailUrl":"https:\/\/www.markt-kom.com\/wp-content\/uploads\/2024\/10\/Beitragscover-43-7-4.png","datePublished":"2024-10-29T13:59:41+00:00","dateModified":"2024-11-07T10:01:18+00:00","description":"Swiss Studios AG strengthens the Swiss film industry with creative and digital innovations.","breadcrumb":{"@id":"https:\/\/www.organisator.ch\/marketing\/2024-10-29\/neues-filmstudio-bringt-frischen-wind-in-die-schweizer-kreativszene\/#breadcrumb"},"inLanguage":"en-US","potentialAction":[{"@type":"ReadAction","target":["https:\/\/www.organisator.ch\/marketing\/2024-10-29\/neues-filmstudio-bringt-frischen-wind-in-die-schweizer-kreativszene\/"]}]},{"@type":"ImageObject","inLanguage":"en-US","@id":"https:\/\/www.organisator.ch\/marketing\/2024-10-29\/neues-filmstudio-bringt-frischen-wind-in-die-schweizer-kreativszene\/#primaryimage","url":"https:\/\/www.markt-kom.com\/wp-content\/uploads\/2024\/10\/Beitragscover-43-7-4.png","contentUrl":"https:\/\/www.markt-kom.com\/wp-content\/uploads\/2024\/10\/Beitragscover-43-7-4.png"},{"@type":"BreadcrumbList","@id":"https:\/\/www.organisator.ch\/marketing\/2024-10-29\/neues-filmstudio-bringt-frischen-wind-in-die-schweizer-kreativszene\/#breadcrumb","itemListElement":[{"@type":"ListItem","position":1,"name":"Home","item":"https:\/\/www.organisator.ch\/"},{"@type":"ListItem","position":2,"name":"Neues Filmstudio bringt frischen Wind in die Schweizer Kreativszene"}]},{"@type":"WebSite","@id":"https:\/\/www.organisator.ch\/#website","url":"https:\/\/www.organisator.ch\/","name":"Organizer","description":"Competent. Practical. In 10 issues per year, ORGANISATOR presents the essential topics for managers of SMEs.","publisher":{"@id":"https:\/\/www.organisator.ch\/#organization"},"potentialAction":[{"@type":"SearchAction","target":{"@type":"EntryPoint","urlTemplate":"https:\/\/www.organisator.ch\/?s={search_term_string}"},"query-input":{"@type":"PropertyValueSpecification","valueRequired":true,"valueName":"search_term_string"}}],"inLanguage":"en-US"},{"@type":"Organization","@id":"https:\/\/www.organisator.ch\/#organization","name":"Organizer","url":"https:\/\/www.organisator.ch\/","logo":{"@type":"ImageObject","inLanguage":"en-US","@id":"https:\/\/www.organisator.ch\/#\/schema\/logo\/image\/","url":"https:\/\/www.organisator.ch\/wp-content\/uploads\/2022\/01\/Logo_Organisator_Website.png","contentUrl":"https:\/\/www.organisator.ch\/wp-content\/uploads\/2022\/01\/Logo_Organisator_Website.png","width":800,"height":77,"caption":"Organisator"},"image":{"@id":"https:\/\/www.organisator.ch\/#\/schema\/logo\/image\/"},"sameAs":["https:\/\/www.facebook.com\/OrganisatorFachmagazin","https:\/\/www.linkedin.com\/showcase\/organisator-das-magazin-fr-kmu","https:\/\/www.xing.com\/news\/pages\/organisator-ch-695","https:\/\/www.youtube.com\/channel\/UCGP2Sq0iWaZwT3BdIAQFYpw"]},{"@type":"Person","@id":"https:\/\/www.organisator.ch\/#\/schema\/person\/4e51799071cd2dd1232ac003643ef5f0","name":"galledia","image":{"@type":"ImageObject","inLanguage":"en-US","@id":"https:\/\/secure.gravatar.com\/avatar\/78a7f90c01fc2bfc875782a0d4922b37cde2cf184ce347b91316d23cd7f69a36?s=96&d=mm&r=g","url":"https:\/\/secure.gravatar.com\/avatar\/78a7f90c01fc2bfc875782a0d4922b37cde2cf184ce347b91316d23cd7f69a36?s=96&d=mm&r=g","contentUrl":"https:\/\/secure.gravatar.com\/avatar\/78a7f90c01fc2bfc875782a0d4922b37cde2cf184ce347b91316d23cd7f69a36?s=96&d=mm&r=g","caption":"galledia"},"sameAs":["https:\/\/x.com\/admin"],"url":"https:\/\/www.organisator.ch\/en\/author\/galledia\/"}]}},"_links":{"self":[{"href":"https:\/\/www.organisator.ch\/en\/wp-json\/wp\/v2\/posts\/31340","targetHints":{"allow":["GET"]}}],"collection":[{"href":"https:\/\/www.organisator.ch\/en\/wp-json\/wp\/v2\/posts"}],"about":[{"href":"https:\/\/www.organisator.ch\/en\/wp-json\/wp\/v2\/types\/post"}],"author":[{"embeddable":true,"href":"https:\/\/www.organisator.ch\/en\/wp-json\/wp\/v2\/users\/8"}],"replies":[{"embeddable":true,"href":"https:\/\/www.organisator.ch\/en\/wp-json\/wp\/v2\/comments?post=31340"}],"version-history":[{"count":3,"href":"https:\/\/www.organisator.ch\/en\/wp-json\/wp\/v2\/posts\/31340\/revisions"}],"predecessor-version":[{"id":31699,"href":"https:\/\/www.organisator.ch\/en\/wp-json\/wp\/v2\/posts\/31340\/revisions\/31699"}],"wp:attachment":[{"href":"https:\/\/www.organisator.ch\/en\/wp-json\/wp\/v2\/media?parent=31340"}],"wp:term":[{"taxonomy":"category","embeddable":true,"href":"https:\/\/www.organisator.ch\/en\/wp-json\/wp\/v2\/categories?post=31340"},{"taxonomy":"post_tag","embeddable":true,"href":"https:\/\/www.organisator.ch\/en\/wp-json\/wp\/v2\/tags?post=31340"}],"curies":[{"name":"wp","href":"https:\/\/api.w.org\/{rel}","templated":true}]}}