{"id":31384,"date":"2024-10-31T12:55:54","date_gmt":"2024-10-31T11:55:54","guid":{"rendered":"https:\/\/www.organisator.ch\/?p=31384"},"modified":"2024-10-30T13:30:00","modified_gmt":"2024-10-30T12:30:00","slug":"kreislaufwirtschaft-stillstand-im-schweizer-detailhandel","status":"publish","type":"post","link":"https:\/\/www.organisator.ch\/en\/sustainability\/2024-10-31\/kreislaufwirtschaft-stillstand-im-schweizer-detailhandel\/","title":{"rendered":"Circular economy: standstill in the Swiss retail trade"},"content":{"rendered":"<figure id=\"attachment_31386\" aria-describedby=\"caption-attachment-31386\" style=\"width: 680px\" class=\"wp-caption alignnone\"><img loading=\"lazy\" decoding=\"async\" class=\"size-full wp-image-31386\" src=\"https:\/\/www.organisator.ch\/wp-content\/uploads\/2024\/10\/Greenpeace_Bild1_ps.jpg\" alt=\"\" width=\"680\" height=\"425\" srcset=\"https:\/\/www.organisator.ch\/wp-content\/uploads\/2024\/10\/Greenpeace_Bild1_ps.jpg 680w, https:\/\/www.organisator.ch\/wp-content\/uploads\/2024\/10\/Greenpeace_Bild1_ps-18x12.jpg 18w, https:\/\/www.organisator.ch\/wp-content\/uploads\/2024\/10\/Greenpeace_Bild1_ps-375x234.jpg 375w, https:\/\/www.organisator.ch\/wp-content\/uploads\/2024\/10\/Greenpeace_Bild1_ps-560x350.jpg 560w\" sizes=\"auto, (max-width: 680px) 100vw, 680px\" \/><figcaption id=\"caption-attachment-31386\" class=\"wp-caption-text\">No retailer meets the requirements of the circular economy. (Image: www.greenpeace.ch)<\/figcaption><\/figure>\n<p>Greenpeace is calling on retailers to quickly and consistently switch to a circular economy that prioritizes a longer useful life for products.\u00a0<\/p>\n<p>In 2022, Greenpeace Switzerland published the first comparative study on the state of the circular economy in the Swiss retail sector. The conclusion: there is still a lot to do for everyone and the differences are huge. Two years later, Greenpeace surveyed the same twelve retailers again. Greenpeace finds the results disappointing: no retailer meets the requirements of the circular economy. There has been hardly any progress since 2022.\u00a0<\/p>\n<p>The retail trade plays a key role in the implementation of the circular economy in Switzerland: it connects manufacturers and suppliers with consumers - and can influence both sides. Retailers could offer services, resell used products and make repairs accessible. In short, retailers could ensure that many products are used for much longer. This would make an important contribution to protecting the climate and the environment.\u00a0<\/p>\n<p>As the survey shows, the retail trade makes little use of these opportunities. Overall, there has been little progress in the area of the circular economy. The two best-placed companies, Migros and Coop, have made hardly any progress compared to 2022 and remain far from the target. Digitec Galaxus, Landi, Manor and Richemont have made some improvements. Brack.ch performed even worse than in 2022, while Amazon, Globus and Otto's did not answer any questions at all.<\/p>\n<figure id=\"attachment_31385\" aria-describedby=\"caption-attachment-31385\" style=\"width: 680px\" class=\"wp-caption alignnone\"><img loading=\"lazy\" decoding=\"async\" class=\"size-full wp-image-31385\" src=\"https:\/\/www.organisator.ch\/wp-content\/uploads\/2024\/10\/Greenpeace_Grafik_Bild2_ps.jpg\" alt=\"\" width=\"680\" height=\"286\" srcset=\"https:\/\/www.organisator.ch\/wp-content\/uploads\/2024\/10\/Greenpeace_Grafik_Bild2_ps.jpg 680w, https:\/\/www.organisator.ch\/wp-content\/uploads\/2024\/10\/Greenpeace_Grafik_Bild2_ps-18x8.jpg 18w, https:\/\/www.organisator.ch\/wp-content\/uploads\/2024\/10\/Greenpeace_Grafik_Bild2_ps-375x158.jpg 375w\" sizes=\"auto, (max-width: 680px) 100vw, 680px\" \/><figcaption id=\"caption-attachment-31385\" class=\"wp-caption-text\">(Image: www.greenpeace.ch)<\/figcaption><\/figure>\n<h3><strong>Circular economy: far more than just recycling<\/strong><\/h3>\n<p>In a slow circular economy, retailers would only sell non-toxic, durable, repairable and modular products that function reliably and are fully recycled after refurbishment at the end of their life cycle. Together with manufacturers and partners, they would primarily offer recyclable services such as rental models, second-hand, refurbishment or repairs.\u00a0<\/p>\n<p>According to Greenpeace, there is still a lot of potential in the Swiss retail trade, particularly when it comes to remanufacturing. There are only initial approaches, mostly in the form of take-back and resale portals. These take back a small selection of new products in good condition in order to resell them. Although this is commendable, it has little to do with remanufacturing. The voucher that is offered on return serves primarily as an incentive to buy new goods. Instead, retailers would have to take back many more products. After the remanufacturing process, they would remain in the economic cycle as used and tested products with a guarantee.<\/p>\n<p>\"Measured against our vision, the snail's pace at which retailers are moving towards the circular economy is completely inadequate. Isolated efforts and pilot projects do not hide this fact,\" says Jo\u00eblle H\u00e9rin, expert on consumption and the circular economy at Greenpeace Switzerland. \"Retailers must finally implement the circular economy more consistently, faster and holistically - far beyond recycling.\"\u00a0<\/p>\n<p><em>Source: <a href=\"http:\/\/url8849.greenpeace.ch\/ls\/click?upn=u001.4fy19utFy0oiar-2BsiBr50YugvZI5G5FYeBxF4Z5ilMce1yNErSx9fYmSVrXtXE795WOh_4jONtdJ4LK-2FbrRpX1xmCwNt72j2n1I4FY7ryu1dqlxHv1rkT6jup8yA5BeXqKBgQyGeZ5RcnebQoyb1zDt2-2BKcu-2FvgElXnqItX3ug8buowXiZVKRmWHy6TF4kmxFO0OQFxIG06oZV2QPiWXFAOahyTjCumpCikWUVUbxM51HXHVRcVuwNBeQo4AEM6YX6-2F3UMrihmGTBGaM6zvEQPcQM0Sn1fcJ2UVESOsd1H6IuE2zNComuTfM9G3lLDdN6A0DrOHOHKNxLYXPNJMJc5bDimadtSKx-2BXyT-2BJ5s7MOV1kgYpF0gYu8XQFaxoDz5hqmobiQVcB2t0MIGBPBnNHQiOo0Y-2FwSffCTrpzRynSC-2BufDpNvdER1gRLoocIThT5G2jI1zNRIOIenwZACktZuO7B59Q5umNPVL59So-2F238Io1mohKVKR5odeeuPBrmtVnp-2FcpxDnnGmEsEqVv3l-2FQWRpXLJ2vwg-2Fp6LTN-2FchExMizaB7oA9R9nMMghddMcUsmCTadjT0txs2A4gJ-2FNQVTYXQOv0aY0WDY53aqn1jqkXYjvYqqjr2X8ylu6YbNAvboRaEaUJjyoscaxIzZwn75YFsNDBCIHu9xtHt0ACg9aO1iFYeQoDe-2BLKWOkPLWPYMyYoE5Ix5oEM-2F8Y1C0FyjrnlmB3DHY0Q9xUb0MzIpwoZmX7NAdNIt1xeEqBHsAt2tA3Bh4h0QGXGBTxu8P6KBgmztCennarGkd4-2FCD9XkFZ5znUisbYk3CwVyDu6shZ6NEMDJ3Ksg-2FMm0FfH5xsTLAgqP1-2BetuXx3h8XzKX1lq8EmJJ2vo8BLFonPW3C-2B92gdRkSht7foTnjI4n8OzA7sM2pUII96OsdU-2BhzCDbbTeXuvBnXsWb2YRam51gpZp32CvAvT7Sc0ybspVF8MfDBVuVPVMw-3D-3D\">www.greenpeace.ch<\/a><\/em><\/p>","protected":false},"excerpt":{"rendered":"<p>The Swiss retail sector is making little progress when it comes to the circular economy. This is the conclusion reached by Greenpeace Switzerland after evaluating a survey of the twelve largest non-food retailers in Switzerland. Migros comes out on top, although it has made hardly any progress since 2022. Brack.ch has even gone backwards in the last two years. <\/p>","protected":false},"author":58,"featured_media":31386,"comment_status":"closed","ping_status":"closed","sticky":false,"template":"","format":"standard","meta":{"_acf_changed":false,"_yoast_wpseo_focuskw":"Kreislaufwirtschaft","_yoast_wpseo_metadesc":"In Sachen Kreislaufwirtschaft macht der Schweizer Detailhandel kaum Fortschritte. Zu diesem Ergebnis kommt Greenpeace Schweiz nach der Auswertung einer Umfrage.","articlekey":"","footnotes":""},"categories":[580],"tags":[149,594,1787,424,492],"class_list":["post-31384","post","type-post","status-publish","format-standard","has-post-thumbnail","hentry","category-sustainability","tag-detailhandel","tag-kreislaufwirtschaft","tag-nachhaltigkeit","tag-schweiz","tag-unternehmen"],"acf":[],"yoast_head":"<!-- This site is optimized with the Yoast SEO plugin v27.5 - https:\/\/yoast.com\/product\/yoast-seo-wordpress\/ -->\n<title>Kreislaufwirtschaft: Stillstand im Schweizer Detailhandel - Organisator<\/title>\n<meta name=\"description\" content=\"In Sachen Kreislaufwirtschaft macht der Schweizer Detailhandel kaum Fortschritte. Zu diesem Ergebnis kommt Greenpeace Schweiz nach der Auswertung einer Umfrage.\" \/>\n<meta name=\"robots\" content=\"index, follow, max-snippet:-1, max-image-preview:large, max-video-preview:-1\" \/>\n<link rel=\"canonical\" href=\"https:\/\/www.organisator.ch\/en\/sustainability\/2024-10-31\/kreislaufwirtschaft-stillstand-im-schweizer-detailhandel\/\" \/>\n<meta property=\"og:locale\" content=\"en_US\" \/>\n<meta property=\"og:type\" content=\"article\" \/>\n<meta property=\"og:title\" content=\"Kreislaufwirtschaft: Stillstand im Schweizer Detailhandel\" \/>\n<meta property=\"og:description\" content=\"In Sachen Kreislaufwirtschaft macht der Schweizer Detailhandel kaum Fortschritte. Zu diesem Ergebnis kommt Greenpeace Schweiz nach der Auswertung einer Umfrage.\" \/>\n<meta property=\"og:url\" content=\"https:\/\/www.organisator.ch\/en\/sustainability\/2024-10-31\/kreislaufwirtschaft-stillstand-im-schweizer-detailhandel\/\" \/>\n<meta property=\"og:site_name\" content=\"Organisator\" \/>\n<meta property=\"article:publisher\" content=\"https:\/\/www.facebook.com\/OrganisatorFachmagazin\" \/>\n<meta property=\"article:published_time\" content=\"2024-10-31T11:55:54+00:00\" \/>\n<meta property=\"og:image\" content=\"https:\/\/www.organisator.ch\/wp-content\/uploads\/2024\/10\/Greenpeace_Bild1_ps.jpg\" \/>\n\t<meta property=\"og:image:width\" content=\"680\" \/>\n\t<meta property=\"og:image:height\" content=\"425\" \/>\n\t<meta property=\"og:image:type\" content=\"image\/jpeg\" \/>\n<meta name=\"author\" content=\"Adelisa Kalajdzini\" \/>\n<meta name=\"twitter:card\" content=\"summary_large_image\" \/>\n<meta name=\"twitter:title\" content=\"Kreislaufwirtschaft: Stillstand im Schweizer Detailhandel\" \/>\n<meta name=\"twitter:description\" content=\"In Sachen #Kreislaufwirtschaft macht der #Schweizer #Detailhandel kaum #Fortschritte. Zu diesem #Ergebnis kommt #Greenpeace Schweiz nach der Auswertung einer #Umfrage.\" \/>\n<meta name=\"twitter:image\" content=\"https:\/\/www.organisator.ch\/wp-content\/uploads\/2024\/10\/Greenpeace_Bild1_ps.jpg\" \/>\n<script type=\"application\/ld+json\" class=\"yoast-schema-graph\">{\"@context\":\"https:\\\/\\\/schema.org\",\"@graph\":[{\"@type\":\"Article\",\"@id\":\"https:\\\/\\\/www.organisator.ch\\\/sustainability\\\/2024-10-31\\\/kreislaufwirtschaft-stillstand-im-schweizer-detailhandel\\\/#article\",\"isPartOf\":{\"@id\":\"https:\\\/\\\/www.organisator.ch\\\/sustainability\\\/2024-10-31\\\/kreislaufwirtschaft-stillstand-im-schweizer-detailhandel\\\/\"},\"author\":{\"name\":\"Adelisa Kalajdzini\",\"@id\":\"https:\\\/\\\/www.organisator.ch\\\/#\\\/schema\\\/person\\\/2e1314a2172123f874db408d8911d3f3\"},\"headline\":\"Kreislaufwirtschaft: Stillstand im Schweizer Detailhandel\",\"datePublished\":\"2024-10-31T11:55:54+00:00\",\"mainEntityOfPage\":{\"@id\":\"https:\\\/\\\/www.organisator.ch\\\/sustainability\\\/2024-10-31\\\/kreislaufwirtschaft-stillstand-im-schweizer-detailhandel\\\/\"},\"wordCount\":485,\"publisher\":{\"@id\":\"https:\\\/\\\/www.organisator.ch\\\/#organization\"},\"image\":{\"@id\":\"https:\\\/\\\/www.organisator.ch\\\/sustainability\\\/2024-10-31\\\/kreislaufwirtschaft-stillstand-im-schweizer-detailhandel\\\/#primaryimage\"},\"thumbnailUrl\":\"https:\\\/\\\/www.organisator.ch\\\/wp-content\\\/uploads\\\/2024\\\/10\\\/Greenpeace_Bild1_ps.jpg\",\"keywords\":[\"Detailhandel\",\"Kreislaufwirtschaft\",\"Nachhaltigkeit\",\"Schweiz\",\"Unternehmen\"],\"articleSection\":[\"SUSTAINABILITY\"],\"inLanguage\":\"en-US\"},{\"@type\":\"WebPage\",\"@id\":\"https:\\\/\\\/www.organisator.ch\\\/sustainability\\\/2024-10-31\\\/kreislaufwirtschaft-stillstand-im-schweizer-detailhandel\\\/\",\"url\":\"https:\\\/\\\/www.organisator.ch\\\/sustainability\\\/2024-10-31\\\/kreislaufwirtschaft-stillstand-im-schweizer-detailhandel\\\/\",\"name\":\"Kreislaufwirtschaft: Stillstand im Schweizer Detailhandel - Organisator\",\"isPartOf\":{\"@id\":\"https:\\\/\\\/www.organisator.ch\\\/#website\"},\"primaryImageOfPage\":{\"@id\":\"https:\\\/\\\/www.organisator.ch\\\/sustainability\\\/2024-10-31\\\/kreislaufwirtschaft-stillstand-im-schweizer-detailhandel\\\/#primaryimage\"},\"image\":{\"@id\":\"https:\\\/\\\/www.organisator.ch\\\/sustainability\\\/2024-10-31\\\/kreislaufwirtschaft-stillstand-im-schweizer-detailhandel\\\/#primaryimage\"},\"thumbnailUrl\":\"https:\\\/\\\/www.organisator.ch\\\/wp-content\\\/uploads\\\/2024\\\/10\\\/Greenpeace_Bild1_ps.jpg\",\"datePublished\":\"2024-10-31T11:55:54+00:00\",\"description\":\"In Sachen Kreislaufwirtschaft macht der Schweizer Detailhandel kaum Fortschritte. Zu diesem Ergebnis kommt Greenpeace Schweiz nach der Auswertung einer Umfrage.\",\"breadcrumb\":{\"@id\":\"https:\\\/\\\/www.organisator.ch\\\/sustainability\\\/2024-10-31\\\/kreislaufwirtschaft-stillstand-im-schweizer-detailhandel\\\/#breadcrumb\"},\"inLanguage\":\"en-US\",\"potentialAction\":[{\"@type\":\"ReadAction\",\"target\":[\"https:\\\/\\\/www.organisator.ch\\\/sustainability\\\/2024-10-31\\\/kreislaufwirtschaft-stillstand-im-schweizer-detailhandel\\\/\"]}]},{\"@type\":\"ImageObject\",\"inLanguage\":\"en-US\",\"@id\":\"https:\\\/\\\/www.organisator.ch\\\/sustainability\\\/2024-10-31\\\/kreislaufwirtschaft-stillstand-im-schweizer-detailhandel\\\/#primaryimage\",\"url\":\"https:\\\/\\\/www.organisator.ch\\\/wp-content\\\/uploads\\\/2024\\\/10\\\/Greenpeace_Bild1_ps.jpg\",\"contentUrl\":\"https:\\\/\\\/www.organisator.ch\\\/wp-content\\\/uploads\\\/2024\\\/10\\\/Greenpeace_Bild1_ps.jpg\",\"width\":680,\"height\":425,\"caption\":\"Kein Detailh\u00e4ndler erf\u00fcllt die Anforderungen der Kreislaufwirtschaft. (Bild: www.greenpeace.ch)\"},{\"@type\":\"BreadcrumbList\",\"@id\":\"https:\\\/\\\/www.organisator.ch\\\/sustainability\\\/2024-10-31\\\/kreislaufwirtschaft-stillstand-im-schweizer-detailhandel\\\/#breadcrumb\",\"itemListElement\":[{\"@type\":\"ListItem\",\"position\":1,\"name\":\"Home\",\"item\":\"https:\\\/\\\/www.organisator.ch\\\/\"},{\"@type\":\"ListItem\",\"position\":2,\"name\":\"Kreislaufwirtschaft: Stillstand im Schweizer Detailhandel\"}]},{\"@type\":\"WebSite\",\"@id\":\"https:\\\/\\\/www.organisator.ch\\\/#website\",\"url\":\"https:\\\/\\\/www.organisator.ch\\\/\",\"name\":\"Organisator\",\"description\":\"Kompetent. Praxisnah. Der ORGANISATOR bereitet in 10 Ausgaben pro Jahr die wesentlichen Themen f\u00fcr F\u00fchrungskr\u00e4fte von KMU auf.\",\"publisher\":{\"@id\":\"https:\\\/\\\/www.organisator.ch\\\/#organization\"},\"potentialAction\":[{\"@type\":\"SearchAction\",\"target\":{\"@type\":\"EntryPoint\",\"urlTemplate\":\"https:\\\/\\\/www.organisator.ch\\\/?s={search_term_string}\"},\"query-input\":{\"@type\":\"PropertyValueSpecification\",\"valueRequired\":true,\"valueName\":\"search_term_string\"}}],\"inLanguage\":\"en-US\"},{\"@type\":\"Organization\",\"@id\":\"https:\\\/\\\/www.organisator.ch\\\/#organization\",\"name\":\"Organisator\",\"url\":\"https:\\\/\\\/www.organisator.ch\\\/\",\"logo\":{\"@type\":\"ImageObject\",\"inLanguage\":\"en-US\",\"@id\":\"https:\\\/\\\/www.organisator.ch\\\/#\\\/schema\\\/logo\\\/image\\\/\",\"url\":\"https:\\\/\\\/www.organisator.ch\\\/wp-content\\\/uploads\\\/2022\\\/01\\\/Logo_Organisator_Website.png\",\"contentUrl\":\"https:\\\/\\\/www.organisator.ch\\\/wp-content\\\/uploads\\\/2022\\\/01\\\/Logo_Organisator_Website.png\",\"width\":800,\"height\":77,\"caption\":\"Organisator\"},\"image\":{\"@id\":\"https:\\\/\\\/www.organisator.ch\\\/#\\\/schema\\\/logo\\\/image\\\/\"},\"sameAs\":[\"https:\\\/\\\/www.facebook.com\\\/OrganisatorFachmagazin\",\"https:\\\/\\\/www.linkedin.com\\\/showcase\\\/organisator-das-magazin-fr-kmu\",\"https:\\\/\\\/www.xing.com\\\/news\\\/pages\\\/organisator-ch-695\",\"https:\\\/\\\/www.youtube.com\\\/channel\\\/UCGP2Sq0iWaZwT3BdIAQFYpw\"]},{\"@type\":\"Person\",\"@id\":\"https:\\\/\\\/www.organisator.ch\\\/#\\\/schema\\\/person\\\/2e1314a2172123f874db408d8911d3f3\",\"name\":\"Adelisa Kalajdzini\",\"image\":{\"@type\":\"ImageObject\",\"inLanguage\":\"en-US\",\"@id\":\"https:\\\/\\\/secure.gravatar.com\\\/avatar\\\/09a397c22ac58cad6f160ee8306348599df9df58a8ede73696226897b9fa4b24?s=96&d=mm&r=g\",\"url\":\"https:\\\/\\\/secure.gravatar.com\\\/avatar\\\/09a397c22ac58cad6f160ee8306348599df9df58a8ede73696226897b9fa4b24?s=96&d=mm&r=g\",\"contentUrl\":\"https:\\\/\\\/secure.gravatar.com\\\/avatar\\\/09a397c22ac58cad6f160ee8306348599df9df58a8ede73696226897b9fa4b24?s=96&d=mm&r=g\",\"caption\":\"Adelisa Kalajdzini\"},\"url\":\"https:\\\/\\\/www.organisator.ch\\\/en\\\/author\\\/adelisa-kalajdzini\\\/\"}]}<\/script>\n<!-- \/ Yoast SEO plugin. -->","yoast_head_json":{"title":"Circular economy: Swiss retail trade at a standstill - Organizer","description":"The Swiss retail sector is making little progress when it comes to the circular economy. This is the conclusion reached by Greenpeace Switzerland after evaluating a survey.","robots":{"index":"index","follow":"follow","max-snippet":"max-snippet:-1","max-image-preview":"max-image-preview:large","max-video-preview":"max-video-preview:-1"},"canonical":"https:\/\/www.organisator.ch\/en\/sustainability\/2024-10-31\/kreislaufwirtschaft-stillstand-im-schweizer-detailhandel\/","og_locale":"en_US","og_type":"article","og_title":"Kreislaufwirtschaft: Stillstand im Schweizer Detailhandel","og_description":"In Sachen Kreislaufwirtschaft macht der Schweizer Detailhandel kaum Fortschritte. Zu diesem Ergebnis kommt Greenpeace Schweiz nach der Auswertung einer Umfrage.","og_url":"https:\/\/www.organisator.ch\/en\/sustainability\/2024-10-31\/kreislaufwirtschaft-stillstand-im-schweizer-detailhandel\/","og_site_name":"Organisator","article_publisher":"https:\/\/www.facebook.com\/OrganisatorFachmagazin","article_published_time":"2024-10-31T11:55:54+00:00","og_image":[{"width":680,"height":425,"url":"https:\/\/www.organisator.ch\/wp-content\/uploads\/2024\/10\/Greenpeace_Bild1_ps.jpg","type":"image\/jpeg"}],"author":"Adelisa Kalajdzini","twitter_card":"summary_large_image","twitter_title":"Kreislaufwirtschaft: Stillstand im Schweizer Detailhandel","twitter_description":"In Sachen #Kreislaufwirtschaft macht der #Schweizer #Detailhandel kaum #Fortschritte. Zu diesem #Ergebnis kommt #Greenpeace Schweiz nach der Auswertung einer #Umfrage.","twitter_image":"https:\/\/www.organisator.ch\/wp-content\/uploads\/2024\/10\/Greenpeace_Bild1_ps.jpg","schema":{"@context":"https:\/\/schema.org","@graph":[{"@type":"Article","@id":"https:\/\/www.organisator.ch\/sustainability\/2024-10-31\/kreislaufwirtschaft-stillstand-im-schweizer-detailhandel\/#article","isPartOf":{"@id":"https:\/\/www.organisator.ch\/sustainability\/2024-10-31\/kreislaufwirtschaft-stillstand-im-schweizer-detailhandel\/"},"author":{"name":"Adelisa Kalajdzini","@id":"https:\/\/www.organisator.ch\/#\/schema\/person\/2e1314a2172123f874db408d8911d3f3"},"headline":"Kreislaufwirtschaft: Stillstand im Schweizer Detailhandel","datePublished":"2024-10-31T11:55:54+00:00","mainEntityOfPage":{"@id":"https:\/\/www.organisator.ch\/sustainability\/2024-10-31\/kreislaufwirtschaft-stillstand-im-schweizer-detailhandel\/"},"wordCount":485,"publisher":{"@id":"https:\/\/www.organisator.ch\/#organization"},"image":{"@id":"https:\/\/www.organisator.ch\/sustainability\/2024-10-31\/kreislaufwirtschaft-stillstand-im-schweizer-detailhandel\/#primaryimage"},"thumbnailUrl":"https:\/\/www.organisator.ch\/wp-content\/uploads\/2024\/10\/Greenpeace_Bild1_ps.jpg","keywords":["Detailhandel","Kreislaufwirtschaft","Nachhaltigkeit","Schweiz","Unternehmen"],"articleSection":["SUSTAINABILITY"],"inLanguage":"en-US"},{"@type":"WebPage","@id":"https:\/\/www.organisator.ch\/sustainability\/2024-10-31\/kreislaufwirtschaft-stillstand-im-schweizer-detailhandel\/","url":"https:\/\/www.organisator.ch\/sustainability\/2024-10-31\/kreislaufwirtschaft-stillstand-im-schweizer-detailhandel\/","name":"Circular economy: Swiss retail trade at a standstill - Organizer","isPartOf":{"@id":"https:\/\/www.organisator.ch\/#website"},"primaryImageOfPage":{"@id":"https:\/\/www.organisator.ch\/sustainability\/2024-10-31\/kreislaufwirtschaft-stillstand-im-schweizer-detailhandel\/#primaryimage"},"image":{"@id":"https:\/\/www.organisator.ch\/sustainability\/2024-10-31\/kreislaufwirtschaft-stillstand-im-schweizer-detailhandel\/#primaryimage"},"thumbnailUrl":"https:\/\/www.organisator.ch\/wp-content\/uploads\/2024\/10\/Greenpeace_Bild1_ps.jpg","datePublished":"2024-10-31T11:55:54+00:00","description":"The Swiss retail sector is making little progress when it comes to the circular economy. This is the conclusion reached by Greenpeace Switzerland after evaluating a survey.","breadcrumb":{"@id":"https:\/\/www.organisator.ch\/sustainability\/2024-10-31\/kreislaufwirtschaft-stillstand-im-schweizer-detailhandel\/#breadcrumb"},"inLanguage":"en-US","potentialAction":[{"@type":"ReadAction","target":["https:\/\/www.organisator.ch\/sustainability\/2024-10-31\/kreislaufwirtschaft-stillstand-im-schweizer-detailhandel\/"]}]},{"@type":"ImageObject","inLanguage":"en-US","@id":"https:\/\/www.organisator.ch\/sustainability\/2024-10-31\/kreislaufwirtschaft-stillstand-im-schweizer-detailhandel\/#primaryimage","url":"https:\/\/www.organisator.ch\/wp-content\/uploads\/2024\/10\/Greenpeace_Bild1_ps.jpg","contentUrl":"https:\/\/www.organisator.ch\/wp-content\/uploads\/2024\/10\/Greenpeace_Bild1_ps.jpg","width":680,"height":425,"caption":"Kein Detailh\u00e4ndler erf\u00fcllt die Anforderungen der Kreislaufwirtschaft. (Bild: www.greenpeace.ch)"},{"@type":"BreadcrumbList","@id":"https:\/\/www.organisator.ch\/sustainability\/2024-10-31\/kreislaufwirtschaft-stillstand-im-schweizer-detailhandel\/#breadcrumb","itemListElement":[{"@type":"ListItem","position":1,"name":"Home","item":"https:\/\/www.organisator.ch\/"},{"@type":"ListItem","position":2,"name":"Kreislaufwirtschaft: Stillstand im Schweizer Detailhandel"}]},{"@type":"WebSite","@id":"https:\/\/www.organisator.ch\/#website","url":"https:\/\/www.organisator.ch\/","name":"Organizer","description":"Competent. Practical. In 10 issues per year, ORGANISATOR presents the essential topics for managers of SMEs.","publisher":{"@id":"https:\/\/www.organisator.ch\/#organization"},"potentialAction":[{"@type":"SearchAction","target":{"@type":"EntryPoint","urlTemplate":"https:\/\/www.organisator.ch\/?s={search_term_string}"},"query-input":{"@type":"PropertyValueSpecification","valueRequired":true,"valueName":"search_term_string"}}],"inLanguage":"en-US"},{"@type":"Organization","@id":"https:\/\/www.organisator.ch\/#organization","name":"Organizer","url":"https:\/\/www.organisator.ch\/","logo":{"@type":"ImageObject","inLanguage":"en-US","@id":"https:\/\/www.organisator.ch\/#\/schema\/logo\/image\/","url":"https:\/\/www.organisator.ch\/wp-content\/uploads\/2022\/01\/Logo_Organisator_Website.png","contentUrl":"https:\/\/www.organisator.ch\/wp-content\/uploads\/2022\/01\/Logo_Organisator_Website.png","width":800,"height":77,"caption":"Organisator"},"image":{"@id":"https:\/\/www.organisator.ch\/#\/schema\/logo\/image\/"},"sameAs":["https:\/\/www.facebook.com\/OrganisatorFachmagazin","https:\/\/www.linkedin.com\/showcase\/organisator-das-magazin-fr-kmu","https:\/\/www.xing.com\/news\/pages\/organisator-ch-695","https:\/\/www.youtube.com\/channel\/UCGP2Sq0iWaZwT3BdIAQFYpw"]},{"@type":"Person","@id":"https:\/\/www.organisator.ch\/#\/schema\/person\/2e1314a2172123f874db408d8911d3f3","name":"Adelisa Kalajdzini","image":{"@type":"ImageObject","inLanguage":"en-US","@id":"https:\/\/secure.gravatar.com\/avatar\/09a397c22ac58cad6f160ee8306348599df9df58a8ede73696226897b9fa4b24?s=96&d=mm&r=g","url":"https:\/\/secure.gravatar.com\/avatar\/09a397c22ac58cad6f160ee8306348599df9df58a8ede73696226897b9fa4b24?s=96&d=mm&r=g","contentUrl":"https:\/\/secure.gravatar.com\/avatar\/09a397c22ac58cad6f160ee8306348599df9df58a8ede73696226897b9fa4b24?s=96&d=mm&r=g","caption":"Adelisa Kalajdzini"},"url":"https:\/\/www.organisator.ch\/en\/author\/adelisa-kalajdzini\/"}]}},"_links":{"self":[{"href":"https:\/\/www.organisator.ch\/en\/wp-json\/wp\/v2\/posts\/31384","targetHints":{"allow":["GET"]}}],"collection":[{"href":"https:\/\/www.organisator.ch\/en\/wp-json\/wp\/v2\/posts"}],"about":[{"href":"https:\/\/www.organisator.ch\/en\/wp-json\/wp\/v2\/types\/post"}],"author":[{"embeddable":true,"href":"https:\/\/www.organisator.ch\/en\/wp-json\/wp\/v2\/users\/58"}],"replies":[{"embeddable":true,"href":"https:\/\/www.organisator.ch\/en\/wp-json\/wp\/v2\/comments?post=31384"}],"version-history":[{"count":2,"href":"https:\/\/www.organisator.ch\/en\/wp-json\/wp\/v2\/posts\/31384\/revisions"}],"predecessor-version":[{"id":31440,"href":"https:\/\/www.organisator.ch\/en\/wp-json\/wp\/v2\/posts\/31384\/revisions\/31440"}],"wp:featuredmedia":[{"embeddable":true,"href":"https:\/\/www.organisator.ch\/en\/wp-json\/wp\/v2\/media\/31386"}],"wp:attachment":[{"href":"https:\/\/www.organisator.ch\/en\/wp-json\/wp\/v2\/media?parent=31384"}],"wp:term":[{"taxonomy":"category","embeddable":true,"href":"https:\/\/www.organisator.ch\/en\/wp-json\/wp\/v2\/categories?post=31384"},{"taxonomy":"post_tag","embeddable":true,"href":"https:\/\/www.organisator.ch\/en\/wp-json\/wp\/v2\/tags?post=31384"}],"curies":[{"name":"wp","href":"https:\/\/api.w.org\/{rel}","templated":true}]}}