{"id":31405,"date":"2024-11-04T07:07:04","date_gmt":"2024-11-04T06:07:04","guid":{"rendered":"https:\/\/www.organisator.ch\/?p=31405"},"modified":"2024-10-31T10:07:41","modified_gmt":"2024-10-31T09:07:41","slug":"swiss-staffingindex-druck-auf-arbeitsmarkt-verschaerft-sich","status":"publish","type":"post","link":"https:\/\/www.organisator.ch\/en\/human-resources\/2024-11-04\/swiss-staffingindex-druck-auf-arbeitsmarkt-verschaerft-sich\/","title":{"rendered":"Swiss Staffingindex: Pressure on the labor market intensifies"},"content":{"rendered":"<figure id=\"attachment_31408\" aria-describedby=\"caption-attachment-31408\" style=\"width: 680px\" class=\"wp-caption alignnone\"><img loading=\"lazy\" decoding=\"async\" class=\"size-full wp-image-31408\" src=\"https:\/\/www.organisator.ch\/wp-content\/uploads\/2024\/10\/swiss-Staffingindex_Bild1_ps.jpg\" alt=\"\" width=\"680\" height=\"417\" srcset=\"https:\/\/www.organisator.ch\/wp-content\/uploads\/2024\/10\/swiss-Staffingindex_Bild1_ps.jpg 680w, https:\/\/www.organisator.ch\/wp-content\/uploads\/2024\/10\/swiss-Staffingindex_Bild1_ps-18x12.jpg 18w, https:\/\/www.organisator.ch\/wp-content\/uploads\/2024\/10\/swiss-Staffingindex_Bild1_ps-375x230.jpg 375w, https:\/\/www.organisator.ch\/wp-content\/uploads\/2024\/10\/swiss-Staffingindex_Bild1_ps-571x350.jpg 571w\" sizes=\"auto, (max-width: 680px) 100vw, 680px\" \/><figcaption id=\"caption-attachment-31408\" class=\"wp-caption-text\">In September 2024, the unemployment rate rose to 2.5 percent and the number of jobseekers increased by 20.1 percent. (Image: www.depositphotos.com)<\/figcaption><\/figure>\n<p>The ongoing economic downturn is putting noticeable pressure on the Swiss job market. The permanent placement business in particular is experiencing a marked slump compared to the previous year: with a 25.9% drop in turnover, the decline in the third quarter is even greater than in the previous quarter (20.8%). The temporary sector also recorded a further 5.3% decline in working hours. These developments point to increasing uncertainty among companies, which are reluctant to create new jobs in the face of uncertain future prospects. Structural uncertainty is exacerbating the economic downturn and weighing on the entire sector.<\/p>\n<p>The latest data from SECO confirms the tense picture of the labor market painted by the Swiss Staffing Index. In September 2024, the unemployment rate rose to 2.5% and the number of jobseekers increased by 20.1%. According to the labor market barometer, this trend also makes experts from the regional employment centers (RAV) pessimistic. They expect a further rise in unemployment and a decline in employment in the 4th quarter. The industrial and service sectors are particularly affected, as important foreign sales markets such as Germany and China are weakening.<\/p>\n<p>Export-oriented companies in particular are greatly reducing their need for temporary employees - partly because the strong franc is weighing on their foreign business as a whole. This is compounded by overcapacity in production and weaker online trade. In areas where there is a shortage of skilled workers despite the economic slowdown, companies' needs often do not match the available supply of candidates. However, if the supply is right, many companies hire temporary employees on a permanent basis, which simultaneously reduces demand in the temporary and permanent staffing business.<\/p>\n<h3><strong>Study shows: Temporary work serves as a bridge during career changes<\/strong><\/h3>\n<p>Temporary work offers companies and jobseekers the flexibility they need to react quickly to economic changes and acts as a bridge to the labor market. According to a new study by AMOSA (Arbeitsmarktbeobachtung Ostschweiz Ostschweiz), 74% of temporary workers have changed employers at least once in the last five years, 41% have reoriented themselves professionally and 21% have gone through a period of unemployment.<\/p>\n<p>These figures illustrate the high degree of mobility and adaptability that temporary work offers jobseekers on the labor market. Employees can react flexibly to new circumstances and successfully manage career transitions. Particularly in an economic environment characterized by uncertainty, temporary work is an instrument that helps companies to efficiently bridge staff shortages and offers employees a valuable opportunity to establish themselves in the world of work.<\/p>\n<h3><strong>Cautious outlook for 2025<\/strong><\/h3>\n<p>The labor market is likely to remain tight for the foreseeable future. It appears that the 1.2% growth forecast by SECO for 2024 will not be enough to stimulate employment on the labor market. With the 1.7 percent forecast for next year, the economic situation is likely to brighten. However, this slight increase is not expected to lead to a sharp fall in unemployment or an increase in employment. Accordingly, the role of personnel service providers as partners in professional reorientation and job searches will continue to gain in importance. This also applies to the temptraining joint training fund, thanks to which temporary workers can easily prepare themselves for the challenges of tomorrow's working world with training benefits of up to CHF 5,000.<\/p>\n<p><em>Source: <a href=\"http:\/\/www.swissstaffing.ch\">www.swissstaffing.ch<\/a><\/em><\/p>","protected":false},"excerpt":{"rendered":"<p>The economic slowdown is having an impact on the labor market. The permanent placement business of personnel service providers slipped by 25.9% in the 3rd quarter compared to the previous year. The temporary staffing business remains clearly in the red.<\/p>","protected":false},"author":58,"featured_media":31408,"comment_status":"closed","ping_status":"closed","sticky":false,"template":"","format":"standard","meta":{"_acf_changed":false,"_yoast_wpseo_focuskw":"Arbeitsmarkt","_yoast_wpseo_metadesc":"Die Konjunkturabk\u00fchlung schl\u00e4gt auf den Arbeitsmarkt durch. Das Feststellengesch\u00e4ft der Personaldienstleister rutscht im 3. Quartal gegen\u00fcber Vorjahr um 25,9 Prozent ab.","articlekey":"","footnotes":""},"categories":[579],"tags":[47,4072,310,424,492],"class_list":["post-31405","post","type-post","status-publish","format-standard","has-post-thumbnail","hentry","category-human-resources","tag-arbeitsmarkt","tag-index","tag-konjunktur","tag-schweiz","tag-unternehmen"],"acf":[],"yoast_head":"<!-- This site is optimized with the Yoast SEO plugin v27.5 - https:\/\/yoast.com\/product\/yoast-seo-wordpress\/ -->\n<title>Swiss Staffingindex: Druck auf Arbeitsmarkt versch\u00e4rft sich - Organisator<\/title>\n<meta name=\"description\" content=\"Die Konjunkturabk\u00fchlung schl\u00e4gt auf den Arbeitsmarkt durch. Das Feststellengesch\u00e4ft der Personaldienstleister rutscht im 3. Quartal gegen\u00fcber Vorjahr um 25,9 Prozent ab.\" \/>\n<meta name=\"robots\" content=\"index, follow, max-snippet:-1, max-image-preview:large, max-video-preview:-1\" \/>\n<link rel=\"canonical\" href=\"https:\/\/www.organisator.ch\/en\/human-resources\/2024-11-04\/swiss-staffingindex-druck-auf-arbeitsmarkt-verschaerft-sich\/\" \/>\n<meta property=\"og:locale\" content=\"en_US\" \/>\n<meta property=\"og:type\" content=\"article\" \/>\n<meta property=\"og:title\" content=\"Swiss Staffingindex: Druck auf Arbeitsmarkt versch\u00e4rft sich\" \/>\n<meta property=\"og:description\" content=\"Die Konjunkturabk\u00fchlung schl\u00e4gt auf den Arbeitsmarkt durch. Das Feststellengesch\u00e4ft der Personaldienstleister rutscht im 3. Quartal gegen\u00fcber Vorjahr um 25,9 Prozent ab.\" \/>\n<meta property=\"og:url\" content=\"https:\/\/www.organisator.ch\/en\/human-resources\/2024-11-04\/swiss-staffingindex-druck-auf-arbeitsmarkt-verschaerft-sich\/\" \/>\n<meta property=\"og:site_name\" content=\"Organisator\" \/>\n<meta property=\"article:publisher\" content=\"https:\/\/www.facebook.com\/OrganisatorFachmagazin\" \/>\n<meta property=\"article:published_time\" content=\"2024-11-04T06:07:04+00:00\" \/>\n<meta property=\"og:image\" content=\"https:\/\/www.organisator.ch\/wp-content\/uploads\/2024\/10\/swiss-Staffingindex_Bild1_ps.jpg\" \/>\n\t<meta property=\"og:image:width\" content=\"680\" \/>\n\t<meta property=\"og:image:height\" content=\"417\" \/>\n\t<meta property=\"og:image:type\" content=\"image\/jpeg\" \/>\n<meta name=\"author\" content=\"Adelisa Kalajdzini\" \/>\n<meta name=\"twitter:card\" content=\"summary_large_image\" \/>\n<meta name=\"twitter:title\" content=\"Swiss Staffingindex: Druck auf Arbeitsmarkt versch\u00e4rft sich\" \/>\n<meta name=\"twitter:description\" content=\"Die #Konjunkturabk\u00fchlung schl\u00e4gt auf den #Arbeitsmarkt durch. Das #Feststellengesch\u00e4ft der #Personaldienstleister rutscht im 3. Quartal gegen\u00fcber Vorjahr um 25,9 Prozent ab.\" \/>\n<meta name=\"twitter:image\" content=\"https:\/\/www.organisator.ch\/wp-content\/uploads\/2024\/10\/swiss-Staffingindex_Bild1_ps.jpg\" \/>\n<script type=\"application\/ld+json\" class=\"yoast-schema-graph\">{\"@context\":\"https:\\\/\\\/schema.org\",\"@graph\":[{\"@type\":\"Article\",\"@id\":\"https:\\\/\\\/www.organisator.ch\\\/human-resources\\\/2024-11-04\\\/swiss-staffingindex-druck-auf-arbeitsmarkt-verschaerft-sich\\\/#article\",\"isPartOf\":{\"@id\":\"https:\\\/\\\/www.organisator.ch\\\/human-resources\\\/2024-11-04\\\/swiss-staffingindex-druck-auf-arbeitsmarkt-verschaerft-sich\\\/\"},\"author\":{\"name\":\"Adelisa Kalajdzini\",\"@id\":\"https:\\\/\\\/www.organisator.ch\\\/#\\\/schema\\\/person\\\/2e1314a2172123f874db408d8911d3f3\"},\"headline\":\"Swiss Staffingindex: Druck auf Arbeitsmarkt versch\u00e4rft sich\",\"datePublished\":\"2024-11-04T06:07:04+00:00\",\"mainEntityOfPage\":{\"@id\":\"https:\\\/\\\/www.organisator.ch\\\/human-resources\\\/2024-11-04\\\/swiss-staffingindex-druck-auf-arbeitsmarkt-verschaerft-sich\\\/\"},\"wordCount\":563,\"publisher\":{\"@id\":\"https:\\\/\\\/www.organisator.ch\\\/#organization\"},\"image\":{\"@id\":\"https:\\\/\\\/www.organisator.ch\\\/human-resources\\\/2024-11-04\\\/swiss-staffingindex-druck-auf-arbeitsmarkt-verschaerft-sich\\\/#primaryimage\"},\"thumbnailUrl\":\"https:\\\/\\\/www.organisator.ch\\\/wp-content\\\/uploads\\\/2024\\\/10\\\/swiss-Staffingindex_Bild1_ps.jpg\",\"keywords\":[\"Arbeitsmarkt\",\"Index\",\"Konjunktur\",\"Schweiz\",\"Unternehmen\"],\"articleSection\":[\"HUMAN RESOURCES\"],\"inLanguage\":\"en-US\"},{\"@type\":\"WebPage\",\"@id\":\"https:\\\/\\\/www.organisator.ch\\\/human-resources\\\/2024-11-04\\\/swiss-staffingindex-druck-auf-arbeitsmarkt-verschaerft-sich\\\/\",\"url\":\"https:\\\/\\\/www.organisator.ch\\\/human-resources\\\/2024-11-04\\\/swiss-staffingindex-druck-auf-arbeitsmarkt-verschaerft-sich\\\/\",\"name\":\"Swiss Staffingindex: Druck auf Arbeitsmarkt versch\u00e4rft sich - Organisator\",\"isPartOf\":{\"@id\":\"https:\\\/\\\/www.organisator.ch\\\/#website\"},\"primaryImageOfPage\":{\"@id\":\"https:\\\/\\\/www.organisator.ch\\\/human-resources\\\/2024-11-04\\\/swiss-staffingindex-druck-auf-arbeitsmarkt-verschaerft-sich\\\/#primaryimage\"},\"image\":{\"@id\":\"https:\\\/\\\/www.organisator.ch\\\/human-resources\\\/2024-11-04\\\/swiss-staffingindex-druck-auf-arbeitsmarkt-verschaerft-sich\\\/#primaryimage\"},\"thumbnailUrl\":\"https:\\\/\\\/www.organisator.ch\\\/wp-content\\\/uploads\\\/2024\\\/10\\\/swiss-Staffingindex_Bild1_ps.jpg\",\"datePublished\":\"2024-11-04T06:07:04+00:00\",\"description\":\"Die Konjunkturabk\u00fchlung schl\u00e4gt auf den Arbeitsmarkt durch. Das Feststellengesch\u00e4ft der Personaldienstleister rutscht im 3. Quartal gegen\u00fcber Vorjahr um 25,9 Prozent ab.\",\"breadcrumb\":{\"@id\":\"https:\\\/\\\/www.organisator.ch\\\/human-resources\\\/2024-11-04\\\/swiss-staffingindex-druck-auf-arbeitsmarkt-verschaerft-sich\\\/#breadcrumb\"},\"inLanguage\":\"en-US\",\"potentialAction\":[{\"@type\":\"ReadAction\",\"target\":[\"https:\\\/\\\/www.organisator.ch\\\/human-resources\\\/2024-11-04\\\/swiss-staffingindex-druck-auf-arbeitsmarkt-verschaerft-sich\\\/\"]}]},{\"@type\":\"ImageObject\",\"inLanguage\":\"en-US\",\"@id\":\"https:\\\/\\\/www.organisator.ch\\\/human-resources\\\/2024-11-04\\\/swiss-staffingindex-druck-auf-arbeitsmarkt-verschaerft-sich\\\/#primaryimage\",\"url\":\"https:\\\/\\\/www.organisator.ch\\\/wp-content\\\/uploads\\\/2024\\\/10\\\/swiss-Staffingindex_Bild1_ps.jpg\",\"contentUrl\":\"https:\\\/\\\/www.organisator.ch\\\/wp-content\\\/uploads\\\/2024\\\/10\\\/swiss-Staffingindex_Bild1_ps.jpg\",\"width\":680,\"height\":417,\"caption\":\"Im September 2024 stieg die Arbeitslosenquote auf 2,5 Prozent, und die Zahl der Stellensuchenden erh\u00f6hte sich um 20,1 Prozent. (Bild: www.depositphotos.com)\"},{\"@type\":\"BreadcrumbList\",\"@id\":\"https:\\\/\\\/www.organisator.ch\\\/human-resources\\\/2024-11-04\\\/swiss-staffingindex-druck-auf-arbeitsmarkt-verschaerft-sich\\\/#breadcrumb\",\"itemListElement\":[{\"@type\":\"ListItem\",\"position\":1,\"name\":\"Home\",\"item\":\"https:\\\/\\\/www.organisator.ch\\\/\"},{\"@type\":\"ListItem\",\"position\":2,\"name\":\"Swiss Staffingindex: Druck auf Arbeitsmarkt versch\u00e4rft sich\"}]},{\"@type\":\"WebSite\",\"@id\":\"https:\\\/\\\/www.organisator.ch\\\/#website\",\"url\":\"https:\\\/\\\/www.organisator.ch\\\/\",\"name\":\"Organisator\",\"description\":\"Kompetent. Praxisnah. Der ORGANISATOR bereitet in 10 Ausgaben pro Jahr die wesentlichen Themen f\u00fcr F\u00fchrungskr\u00e4fte von KMU auf.\",\"publisher\":{\"@id\":\"https:\\\/\\\/www.organisator.ch\\\/#organization\"},\"potentialAction\":[{\"@type\":\"SearchAction\",\"target\":{\"@type\":\"EntryPoint\",\"urlTemplate\":\"https:\\\/\\\/www.organisator.ch\\\/?s={search_term_string}\"},\"query-input\":{\"@type\":\"PropertyValueSpecification\",\"valueRequired\":true,\"valueName\":\"search_term_string\"}}],\"inLanguage\":\"en-US\"},{\"@type\":\"Organization\",\"@id\":\"https:\\\/\\\/www.organisator.ch\\\/#organization\",\"name\":\"Organisator\",\"url\":\"https:\\\/\\\/www.organisator.ch\\\/\",\"logo\":{\"@type\":\"ImageObject\",\"inLanguage\":\"en-US\",\"@id\":\"https:\\\/\\\/www.organisator.ch\\\/#\\\/schema\\\/logo\\\/image\\\/\",\"url\":\"https:\\\/\\\/www.organisator.ch\\\/wp-content\\\/uploads\\\/2022\\\/01\\\/Logo_Organisator_Website.png\",\"contentUrl\":\"https:\\\/\\\/www.organisator.ch\\\/wp-content\\\/uploads\\\/2022\\\/01\\\/Logo_Organisator_Website.png\",\"width\":800,\"height\":77,\"caption\":\"Organisator\"},\"image\":{\"@id\":\"https:\\\/\\\/www.organisator.ch\\\/#\\\/schema\\\/logo\\\/image\\\/\"},\"sameAs\":[\"https:\\\/\\\/www.facebook.com\\\/OrganisatorFachmagazin\",\"https:\\\/\\\/www.linkedin.com\\\/showcase\\\/organisator-das-magazin-fr-kmu\",\"https:\\\/\\\/www.xing.com\\\/news\\\/pages\\\/organisator-ch-695\",\"https:\\\/\\\/www.youtube.com\\\/channel\\\/UCGP2Sq0iWaZwT3BdIAQFYpw\"]},{\"@type\":\"Person\",\"@id\":\"https:\\\/\\\/www.organisator.ch\\\/#\\\/schema\\\/person\\\/2e1314a2172123f874db408d8911d3f3\",\"name\":\"Adelisa Kalajdzini\",\"image\":{\"@type\":\"ImageObject\",\"inLanguage\":\"en-US\",\"@id\":\"https:\\\/\\\/secure.gravatar.com\\\/avatar\\\/09a397c22ac58cad6f160ee8306348599df9df58a8ede73696226897b9fa4b24?s=96&d=mm&r=g\",\"url\":\"https:\\\/\\\/secure.gravatar.com\\\/avatar\\\/09a397c22ac58cad6f160ee8306348599df9df58a8ede73696226897b9fa4b24?s=96&d=mm&r=g\",\"contentUrl\":\"https:\\\/\\\/secure.gravatar.com\\\/avatar\\\/09a397c22ac58cad6f160ee8306348599df9df58a8ede73696226897b9fa4b24?s=96&d=mm&r=g\",\"caption\":\"Adelisa Kalajdzini\"},\"url\":\"https:\\\/\\\/www.organisator.ch\\\/en\\\/author\\\/adelisa-kalajdzini\\\/\"}]}<\/script>\n<!-- \/ Yoast SEO plugin. -->","yoast_head_json":{"title":"Swiss Staffingindex: Pressure on the job market intensifies - Organizer","description":"The economic slowdown is having an impact on the labor market. The permanent placement business of personnel service providers slipped by 25.9% in the 3rd quarter compared to the previous year.","robots":{"index":"index","follow":"follow","max-snippet":"max-snippet:-1","max-image-preview":"max-image-preview:large","max-video-preview":"max-video-preview:-1"},"canonical":"https:\/\/www.organisator.ch\/en\/human-resources\/2024-11-04\/swiss-staffingindex-druck-auf-arbeitsmarkt-verschaerft-sich\/","og_locale":"en_US","og_type":"article","og_title":"Swiss Staffingindex: Druck auf Arbeitsmarkt versch\u00e4rft sich","og_description":"Die Konjunkturabk\u00fchlung schl\u00e4gt auf den Arbeitsmarkt durch. Das Feststellengesch\u00e4ft der Personaldienstleister rutscht im 3. Quartal gegen\u00fcber Vorjahr um 25,9 Prozent ab.","og_url":"https:\/\/www.organisator.ch\/en\/human-resources\/2024-11-04\/swiss-staffingindex-druck-auf-arbeitsmarkt-verschaerft-sich\/","og_site_name":"Organisator","article_publisher":"https:\/\/www.facebook.com\/OrganisatorFachmagazin","article_published_time":"2024-11-04T06:07:04+00:00","og_image":[{"width":680,"height":417,"url":"https:\/\/www.organisator.ch\/wp-content\/uploads\/2024\/10\/swiss-Staffingindex_Bild1_ps.jpg","type":"image\/jpeg"}],"author":"Adelisa Kalajdzini","twitter_card":"summary_large_image","twitter_title":"Swiss Staffingindex: Druck auf Arbeitsmarkt versch\u00e4rft sich","twitter_description":"Die #Konjunkturabk\u00fchlung schl\u00e4gt auf den #Arbeitsmarkt durch. Das #Feststellengesch\u00e4ft der #Personaldienstleister rutscht im 3. Quartal gegen\u00fcber Vorjahr um 25,9 Prozent ab.","twitter_image":"https:\/\/www.organisator.ch\/wp-content\/uploads\/2024\/10\/swiss-Staffingindex_Bild1_ps.jpg","schema":{"@context":"https:\/\/schema.org","@graph":[{"@type":"Article","@id":"https:\/\/www.organisator.ch\/human-resources\/2024-11-04\/swiss-staffingindex-druck-auf-arbeitsmarkt-verschaerft-sich\/#article","isPartOf":{"@id":"https:\/\/www.organisator.ch\/human-resources\/2024-11-04\/swiss-staffingindex-druck-auf-arbeitsmarkt-verschaerft-sich\/"},"author":{"name":"Adelisa Kalajdzini","@id":"https:\/\/www.organisator.ch\/#\/schema\/person\/2e1314a2172123f874db408d8911d3f3"},"headline":"Swiss Staffingindex: Druck auf Arbeitsmarkt versch\u00e4rft sich","datePublished":"2024-11-04T06:07:04+00:00","mainEntityOfPage":{"@id":"https:\/\/www.organisator.ch\/human-resources\/2024-11-04\/swiss-staffingindex-druck-auf-arbeitsmarkt-verschaerft-sich\/"},"wordCount":563,"publisher":{"@id":"https:\/\/www.organisator.ch\/#organization"},"image":{"@id":"https:\/\/www.organisator.ch\/human-resources\/2024-11-04\/swiss-staffingindex-druck-auf-arbeitsmarkt-verschaerft-sich\/#primaryimage"},"thumbnailUrl":"https:\/\/www.organisator.ch\/wp-content\/uploads\/2024\/10\/swiss-Staffingindex_Bild1_ps.jpg","keywords":["Arbeitsmarkt","Index","Konjunktur","Schweiz","Unternehmen"],"articleSection":["HUMAN RESOURCES"],"inLanguage":"en-US"},{"@type":"WebPage","@id":"https:\/\/www.organisator.ch\/human-resources\/2024-11-04\/swiss-staffingindex-druck-auf-arbeitsmarkt-verschaerft-sich\/","url":"https:\/\/www.organisator.ch\/human-resources\/2024-11-04\/swiss-staffingindex-druck-auf-arbeitsmarkt-verschaerft-sich\/","name":"Swiss Staffingindex: Pressure on the job market intensifies - Organizer","isPartOf":{"@id":"https:\/\/www.organisator.ch\/#website"},"primaryImageOfPage":{"@id":"https:\/\/www.organisator.ch\/human-resources\/2024-11-04\/swiss-staffingindex-druck-auf-arbeitsmarkt-verschaerft-sich\/#primaryimage"},"image":{"@id":"https:\/\/www.organisator.ch\/human-resources\/2024-11-04\/swiss-staffingindex-druck-auf-arbeitsmarkt-verschaerft-sich\/#primaryimage"},"thumbnailUrl":"https:\/\/www.organisator.ch\/wp-content\/uploads\/2024\/10\/swiss-Staffingindex_Bild1_ps.jpg","datePublished":"2024-11-04T06:07:04+00:00","description":"The economic slowdown is having an impact on the labor market. The permanent placement business of personnel service providers slipped by 25.9% in the 3rd quarter compared to the previous year.","breadcrumb":{"@id":"https:\/\/www.organisator.ch\/human-resources\/2024-11-04\/swiss-staffingindex-druck-auf-arbeitsmarkt-verschaerft-sich\/#breadcrumb"},"inLanguage":"en-US","potentialAction":[{"@type":"ReadAction","target":["https:\/\/www.organisator.ch\/human-resources\/2024-11-04\/swiss-staffingindex-druck-auf-arbeitsmarkt-verschaerft-sich\/"]}]},{"@type":"ImageObject","inLanguage":"en-US","@id":"https:\/\/www.organisator.ch\/human-resources\/2024-11-04\/swiss-staffingindex-druck-auf-arbeitsmarkt-verschaerft-sich\/#primaryimage","url":"https:\/\/www.organisator.ch\/wp-content\/uploads\/2024\/10\/swiss-Staffingindex_Bild1_ps.jpg","contentUrl":"https:\/\/www.organisator.ch\/wp-content\/uploads\/2024\/10\/swiss-Staffingindex_Bild1_ps.jpg","width":680,"height":417,"caption":"Im September 2024 stieg die Arbeitslosenquote auf 2,5 Prozent, und die Zahl der Stellensuchenden erh\u00f6hte sich um 20,1 Prozent. (Bild: www.depositphotos.com)"},{"@type":"BreadcrumbList","@id":"https:\/\/www.organisator.ch\/human-resources\/2024-11-04\/swiss-staffingindex-druck-auf-arbeitsmarkt-verschaerft-sich\/#breadcrumb","itemListElement":[{"@type":"ListItem","position":1,"name":"Home","item":"https:\/\/www.organisator.ch\/"},{"@type":"ListItem","position":2,"name":"Swiss Staffingindex: Druck auf Arbeitsmarkt versch\u00e4rft sich"}]},{"@type":"WebSite","@id":"https:\/\/www.organisator.ch\/#website","url":"https:\/\/www.organisator.ch\/","name":"Organizer","description":"Competent. Practical. In 10 issues per year, ORGANISATOR presents the essential topics for managers of SMEs.","publisher":{"@id":"https:\/\/www.organisator.ch\/#organization"},"potentialAction":[{"@type":"SearchAction","target":{"@type":"EntryPoint","urlTemplate":"https:\/\/www.organisator.ch\/?s={search_term_string}"},"query-input":{"@type":"PropertyValueSpecification","valueRequired":true,"valueName":"search_term_string"}}],"inLanguage":"en-US"},{"@type":"Organization","@id":"https:\/\/www.organisator.ch\/#organization","name":"Organizer","url":"https:\/\/www.organisator.ch\/","logo":{"@type":"ImageObject","inLanguage":"en-US","@id":"https:\/\/www.organisator.ch\/#\/schema\/logo\/image\/","url":"https:\/\/www.organisator.ch\/wp-content\/uploads\/2022\/01\/Logo_Organisator_Website.png","contentUrl":"https:\/\/www.organisator.ch\/wp-content\/uploads\/2022\/01\/Logo_Organisator_Website.png","width":800,"height":77,"caption":"Organisator"},"image":{"@id":"https:\/\/www.organisator.ch\/#\/schema\/logo\/image\/"},"sameAs":["https:\/\/www.facebook.com\/OrganisatorFachmagazin","https:\/\/www.linkedin.com\/showcase\/organisator-das-magazin-fr-kmu","https:\/\/www.xing.com\/news\/pages\/organisator-ch-695","https:\/\/www.youtube.com\/channel\/UCGP2Sq0iWaZwT3BdIAQFYpw"]},{"@type":"Person","@id":"https:\/\/www.organisator.ch\/#\/schema\/person\/2e1314a2172123f874db408d8911d3f3","name":"Adelisa Kalajdzini","image":{"@type":"ImageObject","inLanguage":"en-US","@id":"https:\/\/secure.gravatar.com\/avatar\/09a397c22ac58cad6f160ee8306348599df9df58a8ede73696226897b9fa4b24?s=96&d=mm&r=g","url":"https:\/\/secure.gravatar.com\/avatar\/09a397c22ac58cad6f160ee8306348599df9df58a8ede73696226897b9fa4b24?s=96&d=mm&r=g","contentUrl":"https:\/\/secure.gravatar.com\/avatar\/09a397c22ac58cad6f160ee8306348599df9df58a8ede73696226897b9fa4b24?s=96&d=mm&r=g","caption":"Adelisa Kalajdzini"},"url":"https:\/\/www.organisator.ch\/en\/author\/adelisa-kalajdzini\/"}]}},"_links":{"self":[{"href":"https:\/\/www.organisator.ch\/en\/wp-json\/wp\/v2\/posts\/31405","targetHints":{"allow":["GET"]}}],"collection":[{"href":"https:\/\/www.organisator.ch\/en\/wp-json\/wp\/v2\/posts"}],"about":[{"href":"https:\/\/www.organisator.ch\/en\/wp-json\/wp\/v2\/types\/post"}],"author":[{"embeddable":true,"href":"https:\/\/www.organisator.ch\/en\/wp-json\/wp\/v2\/users\/58"}],"replies":[{"embeddable":true,"href":"https:\/\/www.organisator.ch\/en\/wp-json\/wp\/v2\/comments?post=31405"}],"version-history":[{"count":4,"href":"https:\/\/www.organisator.ch\/en\/wp-json\/wp\/v2\/posts\/31405\/revisions"}],"predecessor-version":[{"id":31494,"href":"https:\/\/www.organisator.ch\/en\/wp-json\/wp\/v2\/posts\/31405\/revisions\/31494"}],"wp:featuredmedia":[{"embeddable":true,"href":"https:\/\/www.organisator.ch\/en\/wp-json\/wp\/v2\/media\/31408"}],"wp:attachment":[{"href":"https:\/\/www.organisator.ch\/en\/wp-json\/wp\/v2\/media?parent=31405"}],"wp:term":[{"taxonomy":"category","embeddable":true,"href":"https:\/\/www.organisator.ch\/en\/wp-json\/wp\/v2\/categories?post=31405"},{"taxonomy":"post_tag","embeddable":true,"href":"https:\/\/www.organisator.ch\/en\/wp-json\/wp\/v2\/tags?post=31405"}],"curies":[{"name":"wp","href":"https:\/\/api.w.org\/{rel}","templated":true}]}}