{"id":3197,"date":"2018-02-23T08:01:33","date_gmt":"2018-02-23T07:01:33","guid":{"rendered":"https:\/\/www.organisator.ch\/?p=3197"},"modified":"2018-02-23T08:01:33","modified_gmt":"2018-02-23T07:01:33","slug":"neue-einordnung-der-htl-und-hwv-abschluesse-in-der-lohnstrukturerhebung","status":"publish","type":"post","link":"https:\/\/www.organisator.ch\/en\/human-resources\/hrm\/2018-02-23\/neue-einordnung-der-htl-und-hwv-abschluesse-in-der-lohnstrukturerhebung\/","title":{"rendered":"New classification of HTL and HWV degrees in the wage structure survey"},"content":{"rendered":"<figure id=\"attachment_3199\" aria-describedby=\"caption-attachment-3199\" style=\"width: 640px\" class=\"wp-caption alignnone\"><img loading=\"lazy\" decoding=\"async\" class=\"size-full wp-image-3199\" src=\"https:\/\/www.organisator.ch\/wp-content\/uploads\/2018\/02\/Neue-Einordnung-der-HTL-und-HWV-Abschluesse-in-der-Lohnstrukturerhebung_Organisator.jpg\" alt=\"\" width=\"640\" height=\"427\" srcset=\"https:\/\/www.organisator.ch\/wp-content\/uploads\/2018\/02\/Neue-Einordnung-der-HTL-und-HWV-Abschluesse-in-der-Lohnstrukturerhebung_Organisator.jpg 640w, https:\/\/www.organisator.ch\/wp-content\/uploads\/2018\/02\/Neue-Einordnung-der-HTL-und-HWV-Abschluesse-in-der-Lohnstrukturerhebung_Organisator-16x12.jpg 16w, https:\/\/www.organisator.ch\/wp-content\/uploads\/2018\/02\/Neue-Einordnung-der-HTL-und-HWV-Abschluesse-in-der-Lohnstrukturerhebung_Organisator-262x175.jpg 262w, https:\/\/www.organisator.ch\/wp-content\/uploads\/2018\/02\/Neue-Einordnung-der-HTL-und-HWV-Abschluesse-in-der-Lohnstrukturerhebung_Organisator-525x350.jpg 525w, https:\/\/www.organisator.ch\/wp-content\/uploads\/2018\/02\/Neue-Einordnung-der-HTL-und-HWV-Abschluesse-in-der-Lohnstrukturerhebung_Organisator-300x200.jpg 300w\" sizes=\"auto, (max-width: 640px) 100vw, 640px\" \/><figcaption id=\"caption-attachment-3199\" class=\"wp-caption-text\">Those in possession of an \"old\" HTL or HWV degree should now apply for the subsequent acquisition of an FH title. (Image: Tim Reckmann \/ pixelio.de)<\/figcaption><\/figure>\n<p>The H\u00f6here Technische Lehranstalten (HTL) and the H\u00f6here Wirtschafts- und Verwaltungsschulen (HWV) became Fachhochschulen (FH) more than 20 years ago. Since then, the HTL and HWV graduates have been able to <a href=\"http:\/\/www.titelumwandlung.ch\/\">retroactively the university of applied sciences title<\/a> acquire. Since 2009, those who hold a UAS title can simultaneously use the bachelor title due to the Bologna reform. Nevertheless, until now, HTL and HWV degrees were assigned to the category of today's higher technical colleges (HF) in the salary structure survey (LSE) of the Federal Statistical Office (FSO). Correctly, however, they should be assigned to UAS degrees (category 2) or reported separately.<\/p>\n<h2>HTL and HWV graduates received the wrong salary for years<\/h2>\n<p>By no means all HTL and HWV graduates have subsequently acquired the FH title. As a result, a large proportion of them have been assigned to the wrong salary category in the official LSE. The informative value of the HF and FH categories was thus impaired. Both employers and employees received inconsistent wage references. A worse position of HTL and HWV graduates could not be excluded.<\/p>\n<p>After a <a href=\"https:\/\/www.aargauerzeitung.ch\/schweiz\/rote-koepfe-wegen-lohnstatistik-des-bundes-werden-absolventen-der-frueheren-techs-diskriminiert-131629280\">Coverage of the Aargauer Zeitung from 21.8.2017<\/a> The umbrella organization UAS Switzerland intervened over this grievance and sought talks with the FSO and the State Secretariat for Education, Research and Innovation (SERI). The talks had an effect: the SERI submitted a proposal to the FSO to classify the HTL\/HWV titles in the category of UAS degrees. The FSO has now given the green light: they want to reflect reality as accurately as possible with the statistical information they produce.<\/p>\n<h2>New wage structure survey brings equality<\/h2>\n<p>As of the 2018 salary structure survey, HTL and HWV degrees are now assigned to category 2. The classification of salaries is done via the employers and a system available to them. Since it is possible that this has not yet been updated, employers must in some cases manually assign the degrees to category 2. In order to ensure that the degrees are correctly assigned, FH Schweiz therefore still recommends that HTL and HWV graduates submit the <a href=\"http:\/\/www.titelumwandlung.ch\/\">subsequent acquisition of the FH title<\/a> and to notify the employer of this.<\/p>\n<p><em>More information: <a href=\"http:\/\/www.fhschweiz.ch\/\">www.fhschweiz.ch,<\/a> <a href=\"http:\/\/www.titelumwandlung.ch\/\">www.titelumwandlung.ch<\/a><\/em><\/p>","protected":false},"excerpt":{"rendered":"<p>Die\u00a0H\u00f6heren Technischen Lehranstalten (HTL) und die H\u00f6heren Wirtschafts- und Verwaltungsschulen (HWV) wurden vor \u00fcber 20 Jahren zu Fachhochschulen (FH). Die HTL- und HWV-Absolventen k\u00f6nnen seither nachtr\u00e4glich den Fachhochschul-Titel erwerben. Wer einen FH-Titel tr\u00e4gt, kann seit 2009 aufgrund der Bologna-Reform gleichzeitig den Bachelor-Titel verwenden. Trotzdem wurden bis anhin die HTL- und HWV-Abschl\u00fcsse bei der Lohnstrukturerhebung (LSE) [&hellip;]<\/p>\n","protected":false},"author":4,"featured_media":3199,"comment_status":"open","ping_status":"open","sticky":false,"template":"","format":"standard","meta":{"_acf_changed":false,"_yoast_wpseo_focuskw":"Lohnstrukturerhebung","_yoast_wpseo_metadesc":"FH Schweiz erwirkte, dass HTL- und HWV-Abschl\u00fcsse bei der Lohnstrukturerhebung des Bundes neu der Kategorie der Fachhochschul-Abschl\u00fcsse zugeordnet werden.","articlekey":"","footnotes":""},"categories":[26],"tags":[62,294,329,503],"class_list":["post-3197","post","type-post","status-publish","format-standard","has-post-thumbnail","hentry","category-hrm","tag-aus-weiterbildung","tag-karriere","tag-loehne","tag-verbaende"],"acf":[],"yoast_head":"<!-- This site is optimized with the Yoast SEO plugin v27.5 - https:\/\/yoast.com\/product\/yoast-seo-wordpress\/ -->\n<title>Neue Einordnung der HTL- und HWV-Abschl\u00fcsse in der Lohnstrukturerhebung - Organisator<\/title>\n<meta name=\"description\" content=\"FH Schweiz erwirkte, dass HTL- und HWV-Abschl\u00fcsse bei der Lohnstrukturerhebung des Bundes neu der Kategorie der Fachhochschul-Abschl\u00fcsse zugeordnet werden.\" \/>\n<meta name=\"robots\" content=\"index, follow, max-snippet:-1, max-image-preview:large, max-video-preview:-1\" \/>\n<link rel=\"canonical\" href=\"https:\/\/www.organisator.ch\/en\/human-resources\/hrm\/2018-02-23\/neue-einordnung-der-htl-und-hwv-abschluesse-in-der-lohnstrukturerhebung\/\" \/>\n<meta property=\"og:locale\" content=\"en_US\" \/>\n<meta property=\"og:type\" content=\"article\" \/>\n<meta property=\"og:title\" content=\"Neue Einordnung der HTL- und HWV-Abschl\u00fcsse in der Lohnstrukturerhebung\" \/>\n<meta property=\"og:description\" content=\"FH Schweiz erwirkte, dass #HTL- und #HWV-Abschl\u00fcsse bei der #Lohnstrukturerhebung des Bundes neu der Kategorie der #Fachhochschul-Abschl\u00fcsse zugeordnet werden.\" \/>\n<meta property=\"og:url\" content=\"https:\/\/www.organisator.ch\/en\/human-resources\/hrm\/2018-02-23\/neue-einordnung-der-htl-und-hwv-abschluesse-in-der-lohnstrukturerhebung\/\" \/>\n<meta property=\"og:site_name\" content=\"Organisator\" \/>\n<meta property=\"article:publisher\" content=\"https:\/\/www.facebook.com\/OrganisatorFachmagazin\" \/>\n<meta property=\"article:published_time\" content=\"2018-02-23T07:01:33+00:00\" \/>\n<meta property=\"og:image\" content=\"https:\/\/www.organisator.ch\/wp-content\/uploads\/2018\/02\/Neue-Einordnung-der-HTL-und-HWV-Abschluesse-in-der-Lohnstrukturerhebung_Organisator.jpg\" \/>\n\t<meta property=\"og:image:width\" content=\"640\" \/>\n\t<meta property=\"og:image:height\" content=\"427\" \/>\n\t<meta property=\"og:image:type\" content=\"image\/jpeg\" \/>\n<meta name=\"author\" content=\"thomas.berner\" \/>\n<meta name=\"twitter:card\" content=\"summary_large_image\" \/>\n<meta name=\"twitter:title\" content=\"Neue Einordnung der #HTL- und #HWV-Abschl\u00fcsse in der #Lohnstrukturerhebung\" \/>\n<meta name=\"twitter:description\" content=\"FH Schweiz erwirkte, dass #HTL- und #HWV-Abschl\u00fcsse bei der #Lohnstrukturerhebung des Bundes neu der Kategorie der #Fachhochschul-Abschl\u00fcsse zugeordnet werden.\" \/>\n<meta name=\"twitter:image\" content=\"https:\/\/www.organisator.ch\/wp-content\/uploads\/2018\/02\/Neue-Einordnung-der-HTL-und-HWV-Abschl\u00fcsse-in-der-Lohnstrukturerhebung_Organisator.jpg\" \/>\n<script type=\"application\/ld+json\" class=\"yoast-schema-graph\">{\"@context\":\"https:\\\/\\\/schema.org\",\"@graph\":[{\"@type\":\"Article\",\"@id\":\"https:\\\/\\\/www.organisator.ch\\\/human-resources\\\/hrm\\\/2018-02-23\\\/neue-einordnung-der-htl-und-hwv-abschluesse-in-der-lohnstrukturerhebung\\\/#article\",\"isPartOf\":{\"@id\":\"https:\\\/\\\/www.organisator.ch\\\/human-resources\\\/hrm\\\/2018-02-23\\\/neue-einordnung-der-htl-und-hwv-abschluesse-in-der-lohnstrukturerhebung\\\/\"},\"author\":{\"name\":\"thomas.berner\",\"@id\":\"https:\\\/\\\/www.organisator.ch\\\/#\\\/schema\\\/person\\\/6f650f90b2842cd4c0cc334b4e36f67e\"},\"headline\":\"Neue Einordnung der HTL- und HWV-Abschl\u00fcsse in der Lohnstrukturerhebung\",\"datePublished\":\"2018-02-23T07:01:33+00:00\",\"mainEntityOfPage\":{\"@id\":\"https:\\\/\\\/www.organisator.ch\\\/human-resources\\\/hrm\\\/2018-02-23\\\/neue-einordnung-der-htl-und-hwv-abschluesse-in-der-lohnstrukturerhebung\\\/\"},\"wordCount\":374,\"commentCount\":0,\"publisher\":{\"@id\":\"https:\\\/\\\/www.organisator.ch\\\/#organization\"},\"image\":{\"@id\":\"https:\\\/\\\/www.organisator.ch\\\/human-resources\\\/hrm\\\/2018-02-23\\\/neue-einordnung-der-htl-und-hwv-abschluesse-in-der-lohnstrukturerhebung\\\/#primaryimage\"},\"thumbnailUrl\":\"https:\\\/\\\/www.organisator.ch\\\/wp-content\\\/uploads\\\/2018\\\/02\\\/Neue-Einordnung-der-HTL-und-HWV-Abschluesse-in-der-Lohnstrukturerhebung_Organisator.jpg\",\"keywords\":[\"Aus-\\\/Weiterbildung\",\"Karriere\",\"L\u00f6hne\",\"Verb\u00e4nde\"],\"articleSection\":[\"HRM\"],\"inLanguage\":\"en-US\"},{\"@type\":\"WebPage\",\"@id\":\"https:\\\/\\\/www.organisator.ch\\\/human-resources\\\/hrm\\\/2018-02-23\\\/neue-einordnung-der-htl-und-hwv-abschluesse-in-der-lohnstrukturerhebung\\\/\",\"url\":\"https:\\\/\\\/www.organisator.ch\\\/human-resources\\\/hrm\\\/2018-02-23\\\/neue-einordnung-der-htl-und-hwv-abschluesse-in-der-lohnstrukturerhebung\\\/\",\"name\":\"Neue Einordnung der HTL- und HWV-Abschl\u00fcsse in der Lohnstrukturerhebung - Organisator\",\"isPartOf\":{\"@id\":\"https:\\\/\\\/www.organisator.ch\\\/#website\"},\"primaryImageOfPage\":{\"@id\":\"https:\\\/\\\/www.organisator.ch\\\/human-resources\\\/hrm\\\/2018-02-23\\\/neue-einordnung-der-htl-und-hwv-abschluesse-in-der-lohnstrukturerhebung\\\/#primaryimage\"},\"image\":{\"@id\":\"https:\\\/\\\/www.organisator.ch\\\/human-resources\\\/hrm\\\/2018-02-23\\\/neue-einordnung-der-htl-und-hwv-abschluesse-in-der-lohnstrukturerhebung\\\/#primaryimage\"},\"thumbnailUrl\":\"https:\\\/\\\/www.organisator.ch\\\/wp-content\\\/uploads\\\/2018\\\/02\\\/Neue-Einordnung-der-HTL-und-HWV-Abschluesse-in-der-Lohnstrukturerhebung_Organisator.jpg\",\"datePublished\":\"2018-02-23T07:01:33+00:00\",\"description\":\"FH Schweiz erwirkte, dass HTL- und HWV-Abschl\u00fcsse bei der Lohnstrukturerhebung des Bundes neu der Kategorie der Fachhochschul-Abschl\u00fcsse zugeordnet werden.\",\"breadcrumb\":{\"@id\":\"https:\\\/\\\/www.organisator.ch\\\/human-resources\\\/hrm\\\/2018-02-23\\\/neue-einordnung-der-htl-und-hwv-abschluesse-in-der-lohnstrukturerhebung\\\/#breadcrumb\"},\"inLanguage\":\"en-US\",\"potentialAction\":[{\"@type\":\"ReadAction\",\"target\":[\"https:\\\/\\\/www.organisator.ch\\\/human-resources\\\/hrm\\\/2018-02-23\\\/neue-einordnung-der-htl-und-hwv-abschluesse-in-der-lohnstrukturerhebung\\\/\"]}]},{\"@type\":\"ImageObject\",\"inLanguage\":\"en-US\",\"@id\":\"https:\\\/\\\/www.organisator.ch\\\/human-resources\\\/hrm\\\/2018-02-23\\\/neue-einordnung-der-htl-und-hwv-abschluesse-in-der-lohnstrukturerhebung\\\/#primaryimage\",\"url\":\"https:\\\/\\\/www.organisator.ch\\\/wp-content\\\/uploads\\\/2018\\\/02\\\/Neue-Einordnung-der-HTL-und-HWV-Abschluesse-in-der-Lohnstrukturerhebung_Organisator.jpg\",\"contentUrl\":\"https:\\\/\\\/www.organisator.ch\\\/wp-content\\\/uploads\\\/2018\\\/02\\\/Neue-Einordnung-der-HTL-und-HWV-Abschluesse-in-der-Lohnstrukturerhebung_Organisator.jpg\",\"width\":640,\"height\":427,\"caption\":\"Wer im Besitz eines \\\"alten\\\" HTL- oder HWV-Abschlusses ist, sollte nun nachtr\u00e4glich den nachtr\u00e4glichen Erwerb eines FH-Titels beantragen. (Bild: Tim Reckmann \\\/ pixelio.de)\"},{\"@type\":\"BreadcrumbList\",\"@id\":\"https:\\\/\\\/www.organisator.ch\\\/human-resources\\\/hrm\\\/2018-02-23\\\/neue-einordnung-der-htl-und-hwv-abschluesse-in-der-lohnstrukturerhebung\\\/#breadcrumb\",\"itemListElement\":[{\"@type\":\"ListItem\",\"position\":1,\"name\":\"Home\",\"item\":\"https:\\\/\\\/www.organisator.ch\\\/\"},{\"@type\":\"ListItem\",\"position\":2,\"name\":\"Neue Einordnung der HTL- und HWV-Abschl\u00fcsse in der Lohnstrukturerhebung\"}]},{\"@type\":\"WebSite\",\"@id\":\"https:\\\/\\\/www.organisator.ch\\\/#website\",\"url\":\"https:\\\/\\\/www.organisator.ch\\\/\",\"name\":\"Organisator\",\"description\":\"Kompetent. Praxisnah. Der ORGANISATOR bereitet in 10 Ausgaben pro Jahr die wesentlichen Themen f\u00fcr F\u00fchrungskr\u00e4fte von KMU auf.\",\"publisher\":{\"@id\":\"https:\\\/\\\/www.organisator.ch\\\/#organization\"},\"potentialAction\":[{\"@type\":\"SearchAction\",\"target\":{\"@type\":\"EntryPoint\",\"urlTemplate\":\"https:\\\/\\\/www.organisator.ch\\\/?s={search_term_string}\"},\"query-input\":{\"@type\":\"PropertyValueSpecification\",\"valueRequired\":true,\"valueName\":\"search_term_string\"}}],\"inLanguage\":\"en-US\"},{\"@type\":\"Organization\",\"@id\":\"https:\\\/\\\/www.organisator.ch\\\/#organization\",\"name\":\"Organisator\",\"url\":\"https:\\\/\\\/www.organisator.ch\\\/\",\"logo\":{\"@type\":\"ImageObject\",\"inLanguage\":\"en-US\",\"@id\":\"https:\\\/\\\/www.organisator.ch\\\/#\\\/schema\\\/logo\\\/image\\\/\",\"url\":\"https:\\\/\\\/www.organisator.ch\\\/wp-content\\\/uploads\\\/2022\\\/01\\\/Logo_Organisator_Website.png\",\"contentUrl\":\"https:\\\/\\\/www.organisator.ch\\\/wp-content\\\/uploads\\\/2022\\\/01\\\/Logo_Organisator_Website.png\",\"width\":800,\"height\":77,\"caption\":\"Organisator\"},\"image\":{\"@id\":\"https:\\\/\\\/www.organisator.ch\\\/#\\\/schema\\\/logo\\\/image\\\/\"},\"sameAs\":[\"https:\\\/\\\/www.facebook.com\\\/OrganisatorFachmagazin\",\"https:\\\/\\\/www.linkedin.com\\\/showcase\\\/organisator-das-magazin-fr-kmu\",\"https:\\\/\\\/www.xing.com\\\/news\\\/pages\\\/organisator-ch-695\",\"https:\\\/\\\/www.youtube.com\\\/channel\\\/UCGP2Sq0iWaZwT3BdIAQFYpw\"]},{\"@type\":\"Person\",\"@id\":\"https:\\\/\\\/www.organisator.ch\\\/#\\\/schema\\\/person\\\/6f650f90b2842cd4c0cc334b4e36f67e\",\"name\":\"thomas.berner\",\"image\":{\"@type\":\"ImageObject\",\"inLanguage\":\"en-US\",\"@id\":\"https:\\\/\\\/secure.gravatar.com\\\/avatar\\\/ac5001d2a36cb6c6cd3e50789007ffca834b477b74a2144564522e944eabff61?s=96&d=mm&r=g\",\"url\":\"https:\\\/\\\/secure.gravatar.com\\\/avatar\\\/ac5001d2a36cb6c6cd3e50789007ffca834b477b74a2144564522e944eabff61?s=96&d=mm&r=g\",\"contentUrl\":\"https:\\\/\\\/secure.gravatar.com\\\/avatar\\\/ac5001d2a36cb6c6cd3e50789007ffca834b477b74a2144564522e944eabff61?s=96&d=mm&r=g\",\"caption\":\"thomas.berner\"},\"url\":\"https:\\\/\\\/www.organisator.ch\\\/en\\\/author\\\/thomas-berner\\\/\"}]}<\/script>\n<!-- \/ Yoast SEO plugin. -->","yoast_head_json":{"title":"New classification of HTL and HWV degrees in the wage structure survey - organizer","description":"FH Switzerland obtained that HTL and HWV degrees are now assigned to the category of UAS degrees in the federal wage structure survey.","robots":{"index":"index","follow":"follow","max-snippet":"max-snippet:-1","max-image-preview":"max-image-preview:large","max-video-preview":"max-video-preview:-1"},"canonical":"https:\/\/www.organisator.ch\/en\/human-resources\/hrm\/2018-02-23\/neue-einordnung-der-htl-und-hwv-abschluesse-in-der-lohnstrukturerhebung\/","og_locale":"en_US","og_type":"article","og_title":"Neue Einordnung der HTL- und HWV-Abschl\u00fcsse in der Lohnstrukturerhebung","og_description":"FH Schweiz erwirkte, dass #HTL- und #HWV-Abschl\u00fcsse bei der #Lohnstrukturerhebung des Bundes neu der Kategorie der #Fachhochschul-Abschl\u00fcsse zugeordnet werden.","og_url":"https:\/\/www.organisator.ch\/en\/human-resources\/hrm\/2018-02-23\/neue-einordnung-der-htl-und-hwv-abschluesse-in-der-lohnstrukturerhebung\/","og_site_name":"Organisator","article_publisher":"https:\/\/www.facebook.com\/OrganisatorFachmagazin","article_published_time":"2018-02-23T07:01:33+00:00","og_image":[{"width":640,"height":427,"url":"https:\/\/www.organisator.ch\/wp-content\/uploads\/2018\/02\/Neue-Einordnung-der-HTL-und-HWV-Abschluesse-in-der-Lohnstrukturerhebung_Organisator.jpg","type":"image\/jpeg"}],"author":"thomas.berner","twitter_card":"summary_large_image","twitter_title":"Neue Einordnung der #HTL- und #HWV-Abschl\u00fcsse in der #Lohnstrukturerhebung","twitter_description":"FH Schweiz erwirkte, dass #HTL- und #HWV-Abschl\u00fcsse bei der #Lohnstrukturerhebung des Bundes neu der Kategorie der #Fachhochschul-Abschl\u00fcsse zugeordnet werden.","twitter_image":"https:\/\/www.organisator.ch\/wp-content\/uploads\/2018\/02\/Neue-Einordnung-der-HTL-und-HWV-Abschl\u00fcsse-in-der-Lohnstrukturerhebung_Organisator.jpg","schema":{"@context":"https:\/\/schema.org","@graph":[{"@type":"Article","@id":"https:\/\/www.organisator.ch\/human-resources\/hrm\/2018-02-23\/neue-einordnung-der-htl-und-hwv-abschluesse-in-der-lohnstrukturerhebung\/#article","isPartOf":{"@id":"https:\/\/www.organisator.ch\/human-resources\/hrm\/2018-02-23\/neue-einordnung-der-htl-und-hwv-abschluesse-in-der-lohnstrukturerhebung\/"},"author":{"name":"thomas.berner","@id":"https:\/\/www.organisator.ch\/#\/schema\/person\/6f650f90b2842cd4c0cc334b4e36f67e"},"headline":"Neue Einordnung der HTL- und HWV-Abschl\u00fcsse in der Lohnstrukturerhebung","datePublished":"2018-02-23T07:01:33+00:00","mainEntityOfPage":{"@id":"https:\/\/www.organisator.ch\/human-resources\/hrm\/2018-02-23\/neue-einordnung-der-htl-und-hwv-abschluesse-in-der-lohnstrukturerhebung\/"},"wordCount":374,"commentCount":0,"publisher":{"@id":"https:\/\/www.organisator.ch\/#organization"},"image":{"@id":"https:\/\/www.organisator.ch\/human-resources\/hrm\/2018-02-23\/neue-einordnung-der-htl-und-hwv-abschluesse-in-der-lohnstrukturerhebung\/#primaryimage"},"thumbnailUrl":"https:\/\/www.organisator.ch\/wp-content\/uploads\/2018\/02\/Neue-Einordnung-der-HTL-und-HWV-Abschluesse-in-der-Lohnstrukturerhebung_Organisator.jpg","keywords":["Aus-\/Weiterbildung","Karriere","L\u00f6hne","Verb\u00e4nde"],"articleSection":["HRM"],"inLanguage":"en-US"},{"@type":"WebPage","@id":"https:\/\/www.organisator.ch\/human-resources\/hrm\/2018-02-23\/neue-einordnung-der-htl-und-hwv-abschluesse-in-der-lohnstrukturerhebung\/","url":"https:\/\/www.organisator.ch\/human-resources\/hrm\/2018-02-23\/neue-einordnung-der-htl-und-hwv-abschluesse-in-der-lohnstrukturerhebung\/","name":"New classification of HTL and HWV degrees in the wage structure survey - organizer","isPartOf":{"@id":"https:\/\/www.organisator.ch\/#website"},"primaryImageOfPage":{"@id":"https:\/\/www.organisator.ch\/human-resources\/hrm\/2018-02-23\/neue-einordnung-der-htl-und-hwv-abschluesse-in-der-lohnstrukturerhebung\/#primaryimage"},"image":{"@id":"https:\/\/www.organisator.ch\/human-resources\/hrm\/2018-02-23\/neue-einordnung-der-htl-und-hwv-abschluesse-in-der-lohnstrukturerhebung\/#primaryimage"},"thumbnailUrl":"https:\/\/www.organisator.ch\/wp-content\/uploads\/2018\/02\/Neue-Einordnung-der-HTL-und-HWV-Abschluesse-in-der-Lohnstrukturerhebung_Organisator.jpg","datePublished":"2018-02-23T07:01:33+00:00","description":"FH Switzerland obtained that HTL and HWV degrees are now assigned to the category of UAS degrees in the federal wage structure survey.","breadcrumb":{"@id":"https:\/\/www.organisator.ch\/human-resources\/hrm\/2018-02-23\/neue-einordnung-der-htl-und-hwv-abschluesse-in-der-lohnstrukturerhebung\/#breadcrumb"},"inLanguage":"en-US","potentialAction":[{"@type":"ReadAction","target":["https:\/\/www.organisator.ch\/human-resources\/hrm\/2018-02-23\/neue-einordnung-der-htl-und-hwv-abschluesse-in-der-lohnstrukturerhebung\/"]}]},{"@type":"ImageObject","inLanguage":"en-US","@id":"https:\/\/www.organisator.ch\/human-resources\/hrm\/2018-02-23\/neue-einordnung-der-htl-und-hwv-abschluesse-in-der-lohnstrukturerhebung\/#primaryimage","url":"https:\/\/www.organisator.ch\/wp-content\/uploads\/2018\/02\/Neue-Einordnung-der-HTL-und-HWV-Abschluesse-in-der-Lohnstrukturerhebung_Organisator.jpg","contentUrl":"https:\/\/www.organisator.ch\/wp-content\/uploads\/2018\/02\/Neue-Einordnung-der-HTL-und-HWV-Abschluesse-in-der-Lohnstrukturerhebung_Organisator.jpg","width":640,"height":427,"caption":"Wer im Besitz eines \"alten\" HTL- oder HWV-Abschlusses ist, sollte nun nachtr\u00e4glich den nachtr\u00e4glichen Erwerb eines FH-Titels beantragen. (Bild: Tim Reckmann \/ pixelio.de)"},{"@type":"BreadcrumbList","@id":"https:\/\/www.organisator.ch\/human-resources\/hrm\/2018-02-23\/neue-einordnung-der-htl-und-hwv-abschluesse-in-der-lohnstrukturerhebung\/#breadcrumb","itemListElement":[{"@type":"ListItem","position":1,"name":"Home","item":"https:\/\/www.organisator.ch\/"},{"@type":"ListItem","position":2,"name":"Neue Einordnung der HTL- und HWV-Abschl\u00fcsse in der Lohnstrukturerhebung"}]},{"@type":"WebSite","@id":"https:\/\/www.organisator.ch\/#website","url":"https:\/\/www.organisator.ch\/","name":"Organizer","description":"Competent. Practical. In 10 issues per year, ORGANISATOR presents the essential topics for managers of SMEs.","publisher":{"@id":"https:\/\/www.organisator.ch\/#organization"},"potentialAction":[{"@type":"SearchAction","target":{"@type":"EntryPoint","urlTemplate":"https:\/\/www.organisator.ch\/?s={search_term_string}"},"query-input":{"@type":"PropertyValueSpecification","valueRequired":true,"valueName":"search_term_string"}}],"inLanguage":"en-US"},{"@type":"Organization","@id":"https:\/\/www.organisator.ch\/#organization","name":"Organizer","url":"https:\/\/www.organisator.ch\/","logo":{"@type":"ImageObject","inLanguage":"en-US","@id":"https:\/\/www.organisator.ch\/#\/schema\/logo\/image\/","url":"https:\/\/www.organisator.ch\/wp-content\/uploads\/2022\/01\/Logo_Organisator_Website.png","contentUrl":"https:\/\/www.organisator.ch\/wp-content\/uploads\/2022\/01\/Logo_Organisator_Website.png","width":800,"height":77,"caption":"Organisator"},"image":{"@id":"https:\/\/www.organisator.ch\/#\/schema\/logo\/image\/"},"sameAs":["https:\/\/www.facebook.com\/OrganisatorFachmagazin","https:\/\/www.linkedin.com\/showcase\/organisator-das-magazin-fr-kmu","https:\/\/www.xing.com\/news\/pages\/organisator-ch-695","https:\/\/www.youtube.com\/channel\/UCGP2Sq0iWaZwT3BdIAQFYpw"]},{"@type":"Person","@id":"https:\/\/www.organisator.ch\/#\/schema\/person\/6f650f90b2842cd4c0cc334b4e36f67e","name":"thomas.berner","image":{"@type":"ImageObject","inLanguage":"en-US","@id":"https:\/\/secure.gravatar.com\/avatar\/ac5001d2a36cb6c6cd3e50789007ffca834b477b74a2144564522e944eabff61?s=96&d=mm&r=g","url":"https:\/\/secure.gravatar.com\/avatar\/ac5001d2a36cb6c6cd3e50789007ffca834b477b74a2144564522e944eabff61?s=96&d=mm&r=g","contentUrl":"https:\/\/secure.gravatar.com\/avatar\/ac5001d2a36cb6c6cd3e50789007ffca834b477b74a2144564522e944eabff61?s=96&d=mm&r=g","caption":"thomas.berner"},"url":"https:\/\/www.organisator.ch\/en\/author\/thomas-berner\/"}]}},"_links":{"self":[{"href":"https:\/\/www.organisator.ch\/en\/wp-json\/wp\/v2\/posts\/3197","targetHints":{"allow":["GET"]}}],"collection":[{"href":"https:\/\/www.organisator.ch\/en\/wp-json\/wp\/v2\/posts"}],"about":[{"href":"https:\/\/www.organisator.ch\/en\/wp-json\/wp\/v2\/types\/post"}],"author":[{"embeddable":true,"href":"https:\/\/www.organisator.ch\/en\/wp-json\/wp\/v2\/users\/4"}],"replies":[{"embeddable":true,"href":"https:\/\/www.organisator.ch\/en\/wp-json\/wp\/v2\/comments?post=3197"}],"version-history":[{"count":0,"href":"https:\/\/www.organisator.ch\/en\/wp-json\/wp\/v2\/posts\/3197\/revisions"}],"wp:featuredmedia":[{"embeddable":true,"href":"https:\/\/www.organisator.ch\/en\/wp-json\/wp\/v2\/media\/3199"}],"wp:attachment":[{"href":"https:\/\/www.organisator.ch\/en\/wp-json\/wp\/v2\/media?parent=3197"}],"wp:term":[{"taxonomy":"category","embeddable":true,"href":"https:\/\/www.organisator.ch\/en\/wp-json\/wp\/v2\/categories?post=3197"},{"taxonomy":"post_tag","embeddable":true,"href":"https:\/\/www.organisator.ch\/en\/wp-json\/wp\/v2\/tags?post=3197"}],"curies":[{"name":"wp","href":"https:\/\/api.w.org\/{rel}","templated":true}]}}