{"id":3213,"date":"2018-02-28T08:13:12","date_gmt":"2018-02-28T07:13:12","guid":{"rendered":"https:\/\/www.organisator.ch\/?p=3213"},"modified":"2018-02-28T08:13:12","modified_gmt":"2018-02-28T07:13:12","slug":"veranstaltungshinweis-blockchain-leadership-summit-am-9-maerz","status":"publish","type":"post","link":"https:\/\/www.organisator.ch\/en\/management\/finanzen_recht\/2018-02-28\/veranstaltungshinweis-blockchain-leadership-summit-am-9-maerz\/","title":{"rendered":"Event note: Blockchain Leadership Summit on March 9."},"content":{"rendered":"<p><img loading=\"lazy\" decoding=\"async\" class=\"alignnone size-full wp-image-3215\" src=\"https:\/\/www.organisator.ch\/wp-content\/uploads\/2018\/02\/Veranstaltungshinweis-Blockchain-Leadership-Summit_Organisator.jpg\" alt=\"\" width=\"640\" height=\"360\" srcset=\"https:\/\/www.organisator.ch\/wp-content\/uploads\/2018\/02\/Veranstaltungshinweis-Blockchain-Leadership-Summit_Organisator.jpg 640w, https:\/\/www.organisator.ch\/wp-content\/uploads\/2018\/02\/Veranstaltungshinweis-Blockchain-Leadership-Summit_Organisator-16x9.jpg 16w, https:\/\/www.organisator.ch\/wp-content\/uploads\/2018\/02\/Veranstaltungshinweis-Blockchain-Leadership-Summit_Organisator-311x175.jpg 311w, https:\/\/www.organisator.ch\/wp-content\/uploads\/2018\/02\/Veranstaltungshinweis-Blockchain-Leadership-Summit_Organisator-622x350.jpg 622w, https:\/\/www.organisator.ch\/wp-content\/uploads\/2018\/02\/Veranstaltungshinweis-Blockchain-Leadership-Summit_Organisator-300x169.jpg 300w\" sizes=\"auto, (max-width: 640px) 100vw, 640px\" \/><\/p>\n<p>The Blockchain Leadership Summit, taking place on March 9, 2018 in Zurich (Dolder Grand), is aimed at business leaders, regulators, decision makers and investors. The Summit is initiated by InnMind, the global business network for innovative community, together with the KICKICO fundraising platform and in collaboration with the Crypto-Valley Ecosystem.<\/p>\n<h2>Speakers from all over the world<\/h2>\n<p>Over 700 visitors and more than 30 renowned speakers are expected, including: Prince Michael of Liechtenstein, Sony Kapoor, William Mougayar, Johan Gevers, Efi Pylarinou, Kevin van der Veer, Louis de Bruin and other experts. Top representatives of the financial and financial technology trade media will moderate the presentations and lead the discussions. Included are: Tech Crunch, Forbes, and Bitcoin.com.<\/p>\n<p>The Summit will provide a professional platform for those who want to explore the potential of tokenized assets, or for companies considering the adoption of blockchain, or for those who have already successfully raised funds through ICO campaigns. But also anyone who is simply interested in global financial developments and who wants to learn more about the challenges and opportunities ahead.<\/p>\n<h2>The motherland of blockchain<\/h2>\n<p>Zurich is the obvious location for the summit. \"Developers, investors and entrepreneurs no longer travel from Switzerland to Silicon Valley when it comes to blockchain,\" says Cantonal Councillor Matthias Michel, head of the Department of Economic Affairs in the canton of Zug, the motherland of blockchain and cryptoactivities in Switzerland. \"On the contrary, people are now coming from California to us in Crypto Valley to see what's coming forward.\"<\/p>\n<p>The conference and workshop discussions include following topics:<\/p>\n<ul>\n<li>The financial and social implications of blockchain<\/li>\n<li>The integration of blockchain business<\/li>\n<li>The increase in efficiency through tokenization and the integration of blockchain<\/li>\n<li>Blockchain-based project investments<\/li>\n<li>Trends and prospects, risk assessment methods and portfolio management<\/li>\n<li>ICO Market Analyses<\/li>\n<li>Scoring procedure<\/li>\n<li>and last but not least, traditional fundraising methods are contrasted with crowd sales<\/li>\n<\/ul>\n<p>The Blockchain Leadership Summit will include panel discussions, workshops, face-to-face meetings with experts and market players. Summit attendees will be able to network exclusively with traditional and crypto investors, investment funds, decision makers, crypto banks, tokenized businesses and blockchain developers. Additional highlights include a gala dinner, hosted by Cryptospace, and an art auction with proceeds benefiting Children's Aid.<\/p>\n<p><em>The complete program and information on ticket sales are available at <a href=\"http:\/\/swissblockchainsummit.com\/\">swissblockchainsummit.com<\/a>.<\/em><\/p>\n<p>&nbsp;<\/p>","protected":false},"excerpt":{"rendered":"<p>Der Blockchain Leadership Summit, der am 9. M\u00e4rz 2018 in Z\u00fcrich (Dolder Grand) stattfindet,\u00a0wendet sich an\u00a0Wirtschaftsf\u00fchrer, Regulierungsbeh\u00f6rden, Entscheidungstr\u00e4ger und Investoren. Der Gipfel wird initiiert von InnMind, dem globalen Business-Netzwerk f\u00fcr innovative Community, zusammen mit der KICKICO-Fundraising-Plattform und in Zusammenarbeit mit dem Crypto-Valley Ecosystem. Referenten aus aller Welt Erwartet werden \u00fcber 700 Besucher und mehr als [&hellip;]<\/p>\n","protected":false},"author":4,"featured_media":3215,"comment_status":"open","ping_status":"open","sticky":false,"template":"","format":"standard","meta":{"_acf_changed":false,"_yoast_wpseo_focuskw":"Blockchain Leadership Summit","_yoast_wpseo_metadesc":"Am 9. M\u00e4rz 2018 findet in Z\u00fcrich ein gr\u00f6\u00dferes Gipfeltreffen von F\u00fchrungskr\u00e4ften statt. Dieses umfangreiche Event bringt globale Marktf\u00fchrer, Entscheidungstr\u00e4ger und die Spitzenvertreter sowohl der traditionellen Wirtschaft als auch aus den Bereichen Blockchain und Cryptospace zusammen.","articlekey":"","footnotes":""},"categories":[24],"tags":[85,202,316,502,531],"class_list":["post-3213","post","type-post","status-publish","format-standard","has-post-thumbnail","hentry","category-finanzen_recht","tag-blockchain","tag-finanzenrecht","tag-kryptowaehrung","tag-veranstaltungen","tag-wirtschaftspolitik"],"acf":[],"yoast_head":"<!-- This site is optimized with the Yoast SEO plugin v27.5 - https:\/\/yoast.com\/product\/yoast-seo-wordpress\/ -->\n<title>Veranstaltungshinweis: Blockchain Leadership Summit am 9. M\u00e4rz - Organisator<\/title>\n<meta name=\"description\" content=\"Am 9. M\u00e4rz 2018 findet in Z\u00fcrich ein gr\u00f6\u00dferes Gipfeltreffen von F\u00fchrungskr\u00e4ften statt. Dieses umfangreiche Event bringt globale Marktf\u00fchrer, Entscheidungstr\u00e4ger und die Spitzenvertreter sowohl der traditionellen Wirtschaft als auch aus den Bereichen Blockchain und Cryptospace zusammen.\" \/>\n<meta name=\"robots\" content=\"index, follow, max-snippet:-1, max-image-preview:large, max-video-preview:-1\" \/>\n<link rel=\"canonical\" href=\"https:\/\/www.organisator.ch\/en\/management\/finanzen_recht\/2018-02-28\/veranstaltungshinweis-blockchain-leadership-summit-am-9-maerz\/\" \/>\n<meta property=\"og:locale\" content=\"en_US\" \/>\n<meta property=\"og:type\" content=\"article\" \/>\n<meta property=\"og:title\" content=\"Veranstaltungshinweis: Blockchain Leadership Summit am 9. M\u00e4rz\" \/>\n<meta property=\"og:description\" content=\"Der #Blockchain Leadership Summit bringt globale Marktf\u00fchrer, Entscheidungstr\u00e4ger und die Spitzenvertreter sowohl der traditionellen Wirtschaft als auch aus den Bereichen Blockchain und #Cryptospace zusammen.\" \/>\n<meta property=\"og:url\" content=\"https:\/\/www.organisator.ch\/en\/management\/finanzen_recht\/2018-02-28\/veranstaltungshinweis-blockchain-leadership-summit-am-9-maerz\/\" \/>\n<meta property=\"og:site_name\" content=\"Organisator\" \/>\n<meta property=\"article:publisher\" content=\"https:\/\/www.facebook.com\/OrganisatorFachmagazin\" \/>\n<meta property=\"article:published_time\" content=\"2018-02-28T07:13:12+00:00\" \/>\n<meta property=\"og:image\" content=\"https:\/\/www.organisator.ch\/wp-content\/uploads\/2018\/02\/Veranstaltungshinweis-Blockchain-Leadership-Summit_Organisator.jpg\" \/>\n\t<meta property=\"og:image:width\" content=\"640\" \/>\n\t<meta property=\"og:image:height\" content=\"360\" \/>\n\t<meta property=\"og:image:type\" content=\"image\/jpeg\" \/>\n<meta name=\"author\" content=\"thomas.berner\" \/>\n<meta name=\"twitter:card\" content=\"summary_large_image\" \/>\n<meta name=\"twitter:title\" content=\"Veranstaltungshinweis: #BlockchainLeadershipSummit am 9. M\u00e4rz\" \/>\n<meta name=\"twitter:description\" content=\"Der #Blockchain Leadership Summit bringt globale Marktf\u00fchrer, Entscheidungstr\u00e4ger und die Spitzenvertreter sowohl der traditionellen Wirtschaft als auch aus den Bereichen Blockchain und #Cryptospace zusammen.\" \/>\n<meta name=\"twitter:image\" content=\"https:\/\/www.organisator.ch\/wp-content\/uploads\/2018\/02\/Veranstaltungshinweis-Blockchain-Leadership-Summit_Organisator.jpg\" \/>\n<script type=\"application\/ld+json\" class=\"yoast-schema-graph\">{\"@context\":\"https:\\\/\\\/schema.org\",\"@graph\":[{\"@type\":\"Article\",\"@id\":\"https:\\\/\\\/www.organisator.ch\\\/management\\\/finanzen_recht\\\/2018-02-28\\\/veranstaltungshinweis-blockchain-leadership-summit-am-9-maerz\\\/#article\",\"isPartOf\":{\"@id\":\"https:\\\/\\\/www.organisator.ch\\\/management\\\/finanzen_recht\\\/2018-02-28\\\/veranstaltungshinweis-blockchain-leadership-summit-am-9-maerz\\\/\"},\"author\":{\"name\":\"thomas.berner\",\"@id\":\"https:\\\/\\\/www.organisator.ch\\\/#\\\/schema\\\/person\\\/6f650f90b2842cd4c0cc334b4e36f67e\"},\"headline\":\"Veranstaltungshinweis: Blockchain Leadership Summit am 9. M\u00e4rz\",\"datePublished\":\"2018-02-28T07:13:12+00:00\",\"mainEntityOfPage\":{\"@id\":\"https:\\\/\\\/www.organisator.ch\\\/management\\\/finanzen_recht\\\/2018-02-28\\\/veranstaltungshinweis-blockchain-leadership-summit-am-9-maerz\\\/\"},\"wordCount\":379,\"commentCount\":0,\"publisher\":{\"@id\":\"https:\\\/\\\/www.organisator.ch\\\/#organization\"},\"image\":{\"@id\":\"https:\\\/\\\/www.organisator.ch\\\/management\\\/finanzen_recht\\\/2018-02-28\\\/veranstaltungshinweis-blockchain-leadership-summit-am-9-maerz\\\/#primaryimage\"},\"thumbnailUrl\":\"https:\\\/\\\/www.organisator.ch\\\/wp-content\\\/uploads\\\/2018\\\/02\\\/Veranstaltungshinweis-Blockchain-Leadership-Summit_Organisator.jpg\",\"keywords\":[\"Blockchain\",\"Finanzen\\\/Recht\",\"Kryptow\u00e4hrung\",\"Veranstaltungen\",\"Wirtschaftspolitik\"],\"articleSection\":[\"FINANZEN\\\/RECHT\"],\"inLanguage\":\"en-US\"},{\"@type\":\"WebPage\",\"@id\":\"https:\\\/\\\/www.organisator.ch\\\/management\\\/finanzen_recht\\\/2018-02-28\\\/veranstaltungshinweis-blockchain-leadership-summit-am-9-maerz\\\/\",\"url\":\"https:\\\/\\\/www.organisator.ch\\\/management\\\/finanzen_recht\\\/2018-02-28\\\/veranstaltungshinweis-blockchain-leadership-summit-am-9-maerz\\\/\",\"name\":\"Veranstaltungshinweis: Blockchain Leadership Summit am 9. M\u00e4rz - Organisator\",\"isPartOf\":{\"@id\":\"https:\\\/\\\/www.organisator.ch\\\/#website\"},\"primaryImageOfPage\":{\"@id\":\"https:\\\/\\\/www.organisator.ch\\\/management\\\/finanzen_recht\\\/2018-02-28\\\/veranstaltungshinweis-blockchain-leadership-summit-am-9-maerz\\\/#primaryimage\"},\"image\":{\"@id\":\"https:\\\/\\\/www.organisator.ch\\\/management\\\/finanzen_recht\\\/2018-02-28\\\/veranstaltungshinweis-blockchain-leadership-summit-am-9-maerz\\\/#primaryimage\"},\"thumbnailUrl\":\"https:\\\/\\\/www.organisator.ch\\\/wp-content\\\/uploads\\\/2018\\\/02\\\/Veranstaltungshinweis-Blockchain-Leadership-Summit_Organisator.jpg\",\"datePublished\":\"2018-02-28T07:13:12+00:00\",\"description\":\"Am 9. M\u00e4rz 2018 findet in Z\u00fcrich ein gr\u00f6\u00dferes Gipfeltreffen von F\u00fchrungskr\u00e4ften statt. Dieses umfangreiche Event bringt globale Marktf\u00fchrer, Entscheidungstr\u00e4ger und die Spitzenvertreter sowohl der traditionellen Wirtschaft als auch aus den Bereichen Blockchain und Cryptospace zusammen.\",\"breadcrumb\":{\"@id\":\"https:\\\/\\\/www.organisator.ch\\\/management\\\/finanzen_recht\\\/2018-02-28\\\/veranstaltungshinweis-blockchain-leadership-summit-am-9-maerz\\\/#breadcrumb\"},\"inLanguage\":\"en-US\",\"potentialAction\":[{\"@type\":\"ReadAction\",\"target\":[\"https:\\\/\\\/www.organisator.ch\\\/management\\\/finanzen_recht\\\/2018-02-28\\\/veranstaltungshinweis-blockchain-leadership-summit-am-9-maerz\\\/\"]}]},{\"@type\":\"ImageObject\",\"inLanguage\":\"en-US\",\"@id\":\"https:\\\/\\\/www.organisator.ch\\\/management\\\/finanzen_recht\\\/2018-02-28\\\/veranstaltungshinweis-blockchain-leadership-summit-am-9-maerz\\\/#primaryimage\",\"url\":\"https:\\\/\\\/www.organisator.ch\\\/wp-content\\\/uploads\\\/2018\\\/02\\\/Veranstaltungshinweis-Blockchain-Leadership-Summit_Organisator.jpg\",\"contentUrl\":\"https:\\\/\\\/www.organisator.ch\\\/wp-content\\\/uploads\\\/2018\\\/02\\\/Veranstaltungshinweis-Blockchain-Leadership-Summit_Organisator.jpg\",\"width\":640,\"height\":360},{\"@type\":\"BreadcrumbList\",\"@id\":\"https:\\\/\\\/www.organisator.ch\\\/management\\\/finanzen_recht\\\/2018-02-28\\\/veranstaltungshinweis-blockchain-leadership-summit-am-9-maerz\\\/#breadcrumb\",\"itemListElement\":[{\"@type\":\"ListItem\",\"position\":1,\"name\":\"Home\",\"item\":\"https:\\\/\\\/www.organisator.ch\\\/\"},{\"@type\":\"ListItem\",\"position\":2,\"name\":\"Veranstaltungshinweis: Blockchain Leadership Summit am 9. M\u00e4rz\"}]},{\"@type\":\"WebSite\",\"@id\":\"https:\\\/\\\/www.organisator.ch\\\/#website\",\"url\":\"https:\\\/\\\/www.organisator.ch\\\/\",\"name\":\"Organisator\",\"description\":\"Kompetent. Praxisnah. Der ORGANISATOR bereitet in 10 Ausgaben pro Jahr die wesentlichen Themen f\u00fcr F\u00fchrungskr\u00e4fte von KMU auf.\",\"publisher\":{\"@id\":\"https:\\\/\\\/www.organisator.ch\\\/#organization\"},\"potentialAction\":[{\"@type\":\"SearchAction\",\"target\":{\"@type\":\"EntryPoint\",\"urlTemplate\":\"https:\\\/\\\/www.organisator.ch\\\/?s={search_term_string}\"},\"query-input\":{\"@type\":\"PropertyValueSpecification\",\"valueRequired\":true,\"valueName\":\"search_term_string\"}}],\"inLanguage\":\"en-US\"},{\"@type\":\"Organization\",\"@id\":\"https:\\\/\\\/www.organisator.ch\\\/#organization\",\"name\":\"Organisator\",\"url\":\"https:\\\/\\\/www.organisator.ch\\\/\",\"logo\":{\"@type\":\"ImageObject\",\"inLanguage\":\"en-US\",\"@id\":\"https:\\\/\\\/www.organisator.ch\\\/#\\\/schema\\\/logo\\\/image\\\/\",\"url\":\"https:\\\/\\\/www.organisator.ch\\\/wp-content\\\/uploads\\\/2022\\\/01\\\/Logo_Organisator_Website.png\",\"contentUrl\":\"https:\\\/\\\/www.organisator.ch\\\/wp-content\\\/uploads\\\/2022\\\/01\\\/Logo_Organisator_Website.png\",\"width\":800,\"height\":77,\"caption\":\"Organisator\"},\"image\":{\"@id\":\"https:\\\/\\\/www.organisator.ch\\\/#\\\/schema\\\/logo\\\/image\\\/\"},\"sameAs\":[\"https:\\\/\\\/www.facebook.com\\\/OrganisatorFachmagazin\",\"https:\\\/\\\/www.linkedin.com\\\/showcase\\\/organisator-das-magazin-fr-kmu\",\"https:\\\/\\\/www.xing.com\\\/news\\\/pages\\\/organisator-ch-695\",\"https:\\\/\\\/www.youtube.com\\\/channel\\\/UCGP2Sq0iWaZwT3BdIAQFYpw\"]},{\"@type\":\"Person\",\"@id\":\"https:\\\/\\\/www.organisator.ch\\\/#\\\/schema\\\/person\\\/6f650f90b2842cd4c0cc334b4e36f67e\",\"name\":\"thomas.berner\",\"image\":{\"@type\":\"ImageObject\",\"inLanguage\":\"en-US\",\"@id\":\"https:\\\/\\\/secure.gravatar.com\\\/avatar\\\/ac5001d2a36cb6c6cd3e50789007ffca834b477b74a2144564522e944eabff61?s=96&d=mm&r=g\",\"url\":\"https:\\\/\\\/secure.gravatar.com\\\/avatar\\\/ac5001d2a36cb6c6cd3e50789007ffca834b477b74a2144564522e944eabff61?s=96&d=mm&r=g\",\"contentUrl\":\"https:\\\/\\\/secure.gravatar.com\\\/avatar\\\/ac5001d2a36cb6c6cd3e50789007ffca834b477b74a2144564522e944eabff61?s=96&d=mm&r=g\",\"caption\":\"thomas.berner\"},\"url\":\"https:\\\/\\\/www.organisator.ch\\\/en\\\/author\\\/thomas-berner\\\/\"}]}<\/script>\n<!-- \/ Yoast SEO plugin. -->","yoast_head_json":{"title":"Event Note: Blockchain Leadership Summit on March 9 - Organizer.","description":"On March 9, 2018, a major executive summit will take place in Zurich. This large-scale event will bring together global leaders, decision makers, and the top representatives of both traditional business and the blockchain and cryptospace sectors.","robots":{"index":"index","follow":"follow","max-snippet":"max-snippet:-1","max-image-preview":"max-image-preview:large","max-video-preview":"max-video-preview:-1"},"canonical":"https:\/\/www.organisator.ch\/en\/management\/finanzen_recht\/2018-02-28\/veranstaltungshinweis-blockchain-leadership-summit-am-9-maerz\/","og_locale":"en_US","og_type":"article","og_title":"Veranstaltungshinweis: Blockchain Leadership Summit am 9. M\u00e4rz","og_description":"Der #Blockchain Leadership Summit bringt globale Marktf\u00fchrer, Entscheidungstr\u00e4ger und die Spitzenvertreter sowohl der traditionellen Wirtschaft als auch aus den Bereichen Blockchain und #Cryptospace zusammen.","og_url":"https:\/\/www.organisator.ch\/en\/management\/finanzen_recht\/2018-02-28\/veranstaltungshinweis-blockchain-leadership-summit-am-9-maerz\/","og_site_name":"Organisator","article_publisher":"https:\/\/www.facebook.com\/OrganisatorFachmagazin","article_published_time":"2018-02-28T07:13:12+00:00","og_image":[{"width":640,"height":360,"url":"https:\/\/www.organisator.ch\/wp-content\/uploads\/2018\/02\/Veranstaltungshinweis-Blockchain-Leadership-Summit_Organisator.jpg","type":"image\/jpeg"}],"author":"thomas.berner","twitter_card":"summary_large_image","twitter_title":"Veranstaltungshinweis: #BlockchainLeadershipSummit am 9. M\u00e4rz","twitter_description":"Der #Blockchain Leadership Summit bringt globale Marktf\u00fchrer, Entscheidungstr\u00e4ger und die Spitzenvertreter sowohl der traditionellen Wirtschaft als auch aus den Bereichen Blockchain und #Cryptospace zusammen.","twitter_image":"https:\/\/www.organisator.ch\/wp-content\/uploads\/2018\/02\/Veranstaltungshinweis-Blockchain-Leadership-Summit_Organisator.jpg","schema":{"@context":"https:\/\/schema.org","@graph":[{"@type":"Article","@id":"https:\/\/www.organisator.ch\/management\/finanzen_recht\/2018-02-28\/veranstaltungshinweis-blockchain-leadership-summit-am-9-maerz\/#article","isPartOf":{"@id":"https:\/\/www.organisator.ch\/management\/finanzen_recht\/2018-02-28\/veranstaltungshinweis-blockchain-leadership-summit-am-9-maerz\/"},"author":{"name":"thomas.berner","@id":"https:\/\/www.organisator.ch\/#\/schema\/person\/6f650f90b2842cd4c0cc334b4e36f67e"},"headline":"Veranstaltungshinweis: Blockchain Leadership Summit am 9. M\u00e4rz","datePublished":"2018-02-28T07:13:12+00:00","mainEntityOfPage":{"@id":"https:\/\/www.organisator.ch\/management\/finanzen_recht\/2018-02-28\/veranstaltungshinweis-blockchain-leadership-summit-am-9-maerz\/"},"wordCount":379,"commentCount":0,"publisher":{"@id":"https:\/\/www.organisator.ch\/#organization"},"image":{"@id":"https:\/\/www.organisator.ch\/management\/finanzen_recht\/2018-02-28\/veranstaltungshinweis-blockchain-leadership-summit-am-9-maerz\/#primaryimage"},"thumbnailUrl":"https:\/\/www.organisator.ch\/wp-content\/uploads\/2018\/02\/Veranstaltungshinweis-Blockchain-Leadership-Summit_Organisator.jpg","keywords":["Blockchain","Finanzen\/Recht","Kryptow\u00e4hrung","Veranstaltungen","Wirtschaftspolitik"],"articleSection":["FINANZEN\/RECHT"],"inLanguage":"en-US"},{"@type":"WebPage","@id":"https:\/\/www.organisator.ch\/management\/finanzen_recht\/2018-02-28\/veranstaltungshinweis-blockchain-leadership-summit-am-9-maerz\/","url":"https:\/\/www.organisator.ch\/management\/finanzen_recht\/2018-02-28\/veranstaltungshinweis-blockchain-leadership-summit-am-9-maerz\/","name":"Event Note: Blockchain Leadership Summit on March 9 - Organizer.","isPartOf":{"@id":"https:\/\/www.organisator.ch\/#website"},"primaryImageOfPage":{"@id":"https:\/\/www.organisator.ch\/management\/finanzen_recht\/2018-02-28\/veranstaltungshinweis-blockchain-leadership-summit-am-9-maerz\/#primaryimage"},"image":{"@id":"https:\/\/www.organisator.ch\/management\/finanzen_recht\/2018-02-28\/veranstaltungshinweis-blockchain-leadership-summit-am-9-maerz\/#primaryimage"},"thumbnailUrl":"https:\/\/www.organisator.ch\/wp-content\/uploads\/2018\/02\/Veranstaltungshinweis-Blockchain-Leadership-Summit_Organisator.jpg","datePublished":"2018-02-28T07:13:12+00:00","description":"On March 9, 2018, a major executive summit will take place in Zurich. This large-scale event will bring together global leaders, decision makers, and the top representatives of both traditional business and the blockchain and cryptospace sectors.","breadcrumb":{"@id":"https:\/\/www.organisator.ch\/management\/finanzen_recht\/2018-02-28\/veranstaltungshinweis-blockchain-leadership-summit-am-9-maerz\/#breadcrumb"},"inLanguage":"en-US","potentialAction":[{"@type":"ReadAction","target":["https:\/\/www.organisator.ch\/management\/finanzen_recht\/2018-02-28\/veranstaltungshinweis-blockchain-leadership-summit-am-9-maerz\/"]}]},{"@type":"ImageObject","inLanguage":"en-US","@id":"https:\/\/www.organisator.ch\/management\/finanzen_recht\/2018-02-28\/veranstaltungshinweis-blockchain-leadership-summit-am-9-maerz\/#primaryimage","url":"https:\/\/www.organisator.ch\/wp-content\/uploads\/2018\/02\/Veranstaltungshinweis-Blockchain-Leadership-Summit_Organisator.jpg","contentUrl":"https:\/\/www.organisator.ch\/wp-content\/uploads\/2018\/02\/Veranstaltungshinweis-Blockchain-Leadership-Summit_Organisator.jpg","width":640,"height":360},{"@type":"BreadcrumbList","@id":"https:\/\/www.organisator.ch\/management\/finanzen_recht\/2018-02-28\/veranstaltungshinweis-blockchain-leadership-summit-am-9-maerz\/#breadcrumb","itemListElement":[{"@type":"ListItem","position":1,"name":"Home","item":"https:\/\/www.organisator.ch\/"},{"@type":"ListItem","position":2,"name":"Veranstaltungshinweis: Blockchain Leadership Summit am 9. M\u00e4rz"}]},{"@type":"WebSite","@id":"https:\/\/www.organisator.ch\/#website","url":"https:\/\/www.organisator.ch\/","name":"Organizer","description":"Competent. Practical. In 10 issues per year, ORGANISATOR presents the essential topics for managers of SMEs.","publisher":{"@id":"https:\/\/www.organisator.ch\/#organization"},"potentialAction":[{"@type":"SearchAction","target":{"@type":"EntryPoint","urlTemplate":"https:\/\/www.organisator.ch\/?s={search_term_string}"},"query-input":{"@type":"PropertyValueSpecification","valueRequired":true,"valueName":"search_term_string"}}],"inLanguage":"en-US"},{"@type":"Organization","@id":"https:\/\/www.organisator.ch\/#organization","name":"Organizer","url":"https:\/\/www.organisator.ch\/","logo":{"@type":"ImageObject","inLanguage":"en-US","@id":"https:\/\/www.organisator.ch\/#\/schema\/logo\/image\/","url":"https:\/\/www.organisator.ch\/wp-content\/uploads\/2022\/01\/Logo_Organisator_Website.png","contentUrl":"https:\/\/www.organisator.ch\/wp-content\/uploads\/2022\/01\/Logo_Organisator_Website.png","width":800,"height":77,"caption":"Organisator"},"image":{"@id":"https:\/\/www.organisator.ch\/#\/schema\/logo\/image\/"},"sameAs":["https:\/\/www.facebook.com\/OrganisatorFachmagazin","https:\/\/www.linkedin.com\/showcase\/organisator-das-magazin-fr-kmu","https:\/\/www.xing.com\/news\/pages\/organisator-ch-695","https:\/\/www.youtube.com\/channel\/UCGP2Sq0iWaZwT3BdIAQFYpw"]},{"@type":"Person","@id":"https:\/\/www.organisator.ch\/#\/schema\/person\/6f650f90b2842cd4c0cc334b4e36f67e","name":"thomas.berner","image":{"@type":"ImageObject","inLanguage":"en-US","@id":"https:\/\/secure.gravatar.com\/avatar\/ac5001d2a36cb6c6cd3e50789007ffca834b477b74a2144564522e944eabff61?s=96&d=mm&r=g","url":"https:\/\/secure.gravatar.com\/avatar\/ac5001d2a36cb6c6cd3e50789007ffca834b477b74a2144564522e944eabff61?s=96&d=mm&r=g","contentUrl":"https:\/\/secure.gravatar.com\/avatar\/ac5001d2a36cb6c6cd3e50789007ffca834b477b74a2144564522e944eabff61?s=96&d=mm&r=g","caption":"thomas.berner"},"url":"https:\/\/www.organisator.ch\/en\/author\/thomas-berner\/"}]}},"_links":{"self":[{"href":"https:\/\/www.organisator.ch\/en\/wp-json\/wp\/v2\/posts\/3213","targetHints":{"allow":["GET"]}}],"collection":[{"href":"https:\/\/www.organisator.ch\/en\/wp-json\/wp\/v2\/posts"}],"about":[{"href":"https:\/\/www.organisator.ch\/en\/wp-json\/wp\/v2\/types\/post"}],"author":[{"embeddable":true,"href":"https:\/\/www.organisator.ch\/en\/wp-json\/wp\/v2\/users\/4"}],"replies":[{"embeddable":true,"href":"https:\/\/www.organisator.ch\/en\/wp-json\/wp\/v2\/comments?post=3213"}],"version-history":[{"count":0,"href":"https:\/\/www.organisator.ch\/en\/wp-json\/wp\/v2\/posts\/3213\/revisions"}],"wp:featuredmedia":[{"embeddable":true,"href":"https:\/\/www.organisator.ch\/en\/wp-json\/wp\/v2\/media\/3215"}],"wp:attachment":[{"href":"https:\/\/www.organisator.ch\/en\/wp-json\/wp\/v2\/media?parent=3213"}],"wp:term":[{"taxonomy":"category","embeddable":true,"href":"https:\/\/www.organisator.ch\/en\/wp-json\/wp\/v2\/categories?post=3213"},{"taxonomy":"post_tag","embeddable":true,"href":"https:\/\/www.organisator.ch\/en\/wp-json\/wp\/v2\/tags?post=3213"}],"curies":[{"name":"wp","href":"https:\/\/api.w.org\/{rel}","templated":true}]}}