{"id":3266,"date":"2018-03-08T08:22:19","date_gmt":"2018-03-08T07:22:19","guid":{"rendered":"https:\/\/www.organisator.ch\/?p=3266"},"modified":"2018-03-08T08:22:19","modified_gmt":"2018-03-08T07:22:19","slug":"wo-rekrutieren-schweizer-unternehmen","status":"publish","type":"post","link":"https:\/\/www.organisator.ch\/en\/human-resources\/hrm\/2018-03-08\/wo-rekrutieren-schweizer-unternehmen\/","title":{"rendered":"Where do Swiss companies recruit?"},"content":{"rendered":"<figure id=\"attachment_3267\" aria-describedby=\"caption-attachment-3267\" style=\"width: 680px\" class=\"wp-caption alignnone\"><img loading=\"lazy\" decoding=\"async\" class=\"size-medium wp-image-3267\" src=\"https:\/\/www.organisator.ch\/wp-content\/uploads\/2018\/03\/Wo-rekrutieren-Schweizer-Unternehmen_Organisator.jpg\" alt=\"\" width=\"680\" height=\"487\" srcset=\"https:\/\/www.organisator.ch\/wp-content\/uploads\/2018\/03\/Wo-rekrutieren-Schweizer-Unternehmen_Organisator.jpg 800w, https:\/\/www.organisator.ch\/wp-content\/uploads\/2018\/03\/Wo-rekrutieren-Schweizer-Unternehmen_Organisator-680x487.jpg 680w, https:\/\/www.organisator.ch\/wp-content\/uploads\/2018\/03\/Wo-rekrutieren-Schweizer-Unternehmen_Organisator-768x550.jpg 768w, https:\/\/www.organisator.ch\/wp-content\/uploads\/2018\/03\/Wo-rekrutieren-Schweizer-Unternehmen_Organisator-16x12.jpg 16w, https:\/\/www.organisator.ch\/wp-content\/uploads\/2018\/03\/Wo-rekrutieren-Schweizer-Unternehmen_Organisator-244x175.jpg 244w, https:\/\/www.organisator.ch\/wp-content\/uploads\/2018\/03\/Wo-rekrutieren-Schweizer-Unternehmen_Organisator-489x350.jpg 489w, https:\/\/www.organisator.ch\/wp-content\/uploads\/2018\/03\/Wo-rekrutieren-Schweizer-Unternehmen_Organisator-300x215.jpg 300w\" sizes=\"auto, (max-width: 680px) 100vw, 680px\" \/><figcaption id=\"caption-attachment-3267\" class=\"wp-caption-text\">Despite their international orientation, most Swiss companies do not recruit abroad. (Graphic: Hays)<\/figcaption><\/figure>\n<p>Despite the international orientation of many companies, Swiss firms prefer to look for employees domestically or in German-speaking countries: Only 16 percent of companies recruit in other European countries, and just 15 percent recruit globally. This is shown by the results of the HR Report 2018, for which the HR service provider Hays and the Institute for Employment and Employability (IBE) jointly surveyed over 1,000 organizations in Germany, Austria and Switzerland. This year's focus topic is \"Agile Organization\".<\/p>\n<p>Swiss companies looking for employees outside their own national borders continue to do so primarily in German-speaking countries (46 percent) and in Western Europe (27 percent). In the German-speaking region as a whole, demand for specialists from northern and southern Europe has increased only marginally compared with the previous year. However, the importance of supraregional and international recruitment is increasing as the size of companies grows.<\/p>\n<p>A high hurdle on the way to a <a href=\"https:\/\/www.organisator.ch\/gerangel-um-verantwortung-blockiert-agilitaet-im-unternehmen\/\">agile organization<\/a> are the management of new employees and the adaptation of the management culture. In this context, one in two respondents in this country complain about too little communication as the biggest stumbling block for managers - followed by difficulties in choosing the right leadership style and a lack of time for leadership tasks (both 42 percent), as well as a lack of reduction in employee control (40 percent).<\/p>\n<p><em>Source: <a href=\"http:\/\/www.hays.ch\">www.hays.ch<\/a><\/em><\/p>","protected":false},"excerpt":{"rendered":"<p>Trotz der internationalen Ausrichtung vieler Unternehmen suchen Schweizer Firmen Mitarbeiter mit Vorliebe im Inland oder im deutschsprachigen Ausland: Nur 16 Prozent der Betriebe rekrutieren im europ\u00e4ischen Ausland, weltweit rekrutieren gerade einmal 15 Prozent. Dies zeigen die Ergebnisse des HR-Reports 2018, f\u00fcr den der\u00a0Personaldienstleister\u00a0Hays und das Institut f\u00fcr Besch\u00e4ftigung und Employability (IBE) gemeinsam \u00fcber 1000 Organisationen [&hellip;]<\/p>\n","protected":false},"author":4,"featured_media":3267,"comment_status":"open","ping_status":"open","sticky":false,"template":"","format":"standard","meta":{"_acf_changed":false,"_yoast_wpseo_focuskw":"rekrutieren","_yoast_wpseo_metadesc":"Trotz der internationalen Ausrichtung vieler Schweizer Unternehmen setzen diese bei der Mitarbeitergewinnung auf eine landesweite (41 Prozent) oder regionale (50 Prozent) Suche. Dies stellt der HR-Report 2018 des Personaldienstleisters Hays fest.","articlekey":"","footnotes":""},"categories":[26],"tags":[254,335,411,459],"class_list":["post-3266","post","type-post","status-publish","format-standard","has-post-thumbnail","hentry","category-hrm","tag-hrm","tag-management-und-unternehmensfuehrung","tag-rekrutierung","tag-studie"],"acf":[],"yoast_head":"<!-- This site is optimized with the Yoast SEO plugin v27.5 - https:\/\/yoast.com\/product\/yoast-seo-wordpress\/ -->\n<title>Wo rekrutieren Schweizer Unternehmen? - Organisator<\/title>\n<meta name=\"description\" content=\"Trotz der internationalen Ausrichtung vieler Schweizer Unternehmen setzen diese bei der Mitarbeitergewinnung auf eine landesweite (41 Prozent) oder regionale (50 Prozent) Suche. Dies stellt der HR-Report 2018 des Personaldienstleisters Hays fest.\" \/>\n<meta name=\"robots\" content=\"index, follow, max-snippet:-1, max-image-preview:large, max-video-preview:-1\" \/>\n<link rel=\"canonical\" href=\"https:\/\/www.organisator.ch\/en\/human-resources\/hrm\/2018-03-08\/wo-rekrutieren-schweizer-unternehmen\/\" \/>\n<meta property=\"og:locale\" content=\"en_US\" \/>\n<meta property=\"og:type\" content=\"article\" \/>\n<meta property=\"og:title\" content=\"Wo rekrutieren Schweizer Unternehmen?\" \/>\n<meta property=\"og:description\" content=\"Trotz der internationalen Ausrichtung vieler Schweizer Unternehmen setzen diese bei der #Mitarbeitergewinnung auf eine landesweite (41 Prozent) oder regionale (50 Prozent) Suche. Dies stellt der #HR-Report 2018 des Personaldienstleisters Hays fest.\" \/>\n<meta property=\"og:url\" content=\"https:\/\/www.organisator.ch\/en\/human-resources\/hrm\/2018-03-08\/wo-rekrutieren-schweizer-unternehmen\/\" \/>\n<meta property=\"og:site_name\" content=\"Organisator\" \/>\n<meta property=\"article:publisher\" content=\"https:\/\/www.facebook.com\/OrganisatorFachmagazin\" \/>\n<meta property=\"article:published_time\" content=\"2018-03-08T07:22:19+00:00\" \/>\n<meta property=\"og:image\" content=\"https:\/\/www.organisator.ch\/wp-content\/uploads\/2018\/03\/Wo-rekrutieren-Schweizer-Unternehmen_Organisator.jpg\" \/>\n\t<meta property=\"og:image:width\" content=\"800\" \/>\n\t<meta property=\"og:image:height\" content=\"573\" \/>\n\t<meta property=\"og:image:type\" content=\"image\/jpeg\" \/>\n<meta name=\"author\" content=\"thomas.berner\" \/>\n<meta name=\"twitter:card\" content=\"summary_large_image\" \/>\n<meta name=\"twitter:title\" content=\"Wo #rekrutieren Schweizer Unternehmen?\" \/>\n<meta name=\"twitter:description\" content=\"Trotz der internationalen Ausrichtung vieler Schweizer Unternehmen setzen diese bei der #Mitarbeitergewinnung auf eine landesweite (41 Prozent) oder regionale (50 Prozent) Suche. Dies stellt der #HR-Report 2018 des Personaldienstleisters Hays fest.\" \/>\n<meta name=\"twitter:image\" content=\"https:\/\/www.organisator.ch\/wp-content\/uploads\/2018\/03\/Wo-rekrutieren-Schweizer-Unternehmen_Organisator.jpg\" \/>\n<script type=\"application\/ld+json\" class=\"yoast-schema-graph\">{\"@context\":\"https:\\\/\\\/schema.org\",\"@graph\":[{\"@type\":\"Article\",\"@id\":\"https:\\\/\\\/www.organisator.ch\\\/human-resources\\\/hrm\\\/2018-03-08\\\/wo-rekrutieren-schweizer-unternehmen\\\/#article\",\"isPartOf\":{\"@id\":\"https:\\\/\\\/www.organisator.ch\\\/human-resources\\\/hrm\\\/2018-03-08\\\/wo-rekrutieren-schweizer-unternehmen\\\/\"},\"author\":{\"name\":\"thomas.berner\",\"@id\":\"https:\\\/\\\/www.organisator.ch\\\/#\\\/schema\\\/person\\\/6f650f90b2842cd4c0cc334b4e36f67e\"},\"headline\":\"Wo rekrutieren Schweizer Unternehmen?\",\"datePublished\":\"2018-03-08T07:22:19+00:00\",\"mainEntityOfPage\":{\"@id\":\"https:\\\/\\\/www.organisator.ch\\\/human-resources\\\/hrm\\\/2018-03-08\\\/wo-rekrutieren-schweizer-unternehmen\\\/\"},\"wordCount\":229,\"commentCount\":0,\"publisher\":{\"@id\":\"https:\\\/\\\/www.organisator.ch\\\/#organization\"},\"image\":{\"@id\":\"https:\\\/\\\/www.organisator.ch\\\/human-resources\\\/hrm\\\/2018-03-08\\\/wo-rekrutieren-schweizer-unternehmen\\\/#primaryimage\"},\"thumbnailUrl\":\"https:\\\/\\\/www.organisator.ch\\\/wp-content\\\/uploads\\\/2018\\\/03\\\/Wo-rekrutieren-Schweizer-Unternehmen_Organisator.jpg\",\"keywords\":[\"HRM\",\"Management und Unternehmensf\u00fchrung\",\"Rekrutierung\",\"Studie\"],\"articleSection\":[\"HRM\"],\"inLanguage\":\"en-US\"},{\"@type\":\"WebPage\",\"@id\":\"https:\\\/\\\/www.organisator.ch\\\/human-resources\\\/hrm\\\/2018-03-08\\\/wo-rekrutieren-schweizer-unternehmen\\\/\",\"url\":\"https:\\\/\\\/www.organisator.ch\\\/human-resources\\\/hrm\\\/2018-03-08\\\/wo-rekrutieren-schweizer-unternehmen\\\/\",\"name\":\"Wo rekrutieren Schweizer Unternehmen? - Organisator\",\"isPartOf\":{\"@id\":\"https:\\\/\\\/www.organisator.ch\\\/#website\"},\"primaryImageOfPage\":{\"@id\":\"https:\\\/\\\/www.organisator.ch\\\/human-resources\\\/hrm\\\/2018-03-08\\\/wo-rekrutieren-schweizer-unternehmen\\\/#primaryimage\"},\"image\":{\"@id\":\"https:\\\/\\\/www.organisator.ch\\\/human-resources\\\/hrm\\\/2018-03-08\\\/wo-rekrutieren-schweizer-unternehmen\\\/#primaryimage\"},\"thumbnailUrl\":\"https:\\\/\\\/www.organisator.ch\\\/wp-content\\\/uploads\\\/2018\\\/03\\\/Wo-rekrutieren-Schweizer-Unternehmen_Organisator.jpg\",\"datePublished\":\"2018-03-08T07:22:19+00:00\",\"description\":\"Trotz der internationalen Ausrichtung vieler Schweizer Unternehmen setzen diese bei der Mitarbeitergewinnung auf eine landesweite (41 Prozent) oder regionale (50 Prozent) Suche. Dies stellt der HR-Report 2018 des Personaldienstleisters Hays fest.\",\"breadcrumb\":{\"@id\":\"https:\\\/\\\/www.organisator.ch\\\/human-resources\\\/hrm\\\/2018-03-08\\\/wo-rekrutieren-schweizer-unternehmen\\\/#breadcrumb\"},\"inLanguage\":\"en-US\",\"potentialAction\":[{\"@type\":\"ReadAction\",\"target\":[\"https:\\\/\\\/www.organisator.ch\\\/human-resources\\\/hrm\\\/2018-03-08\\\/wo-rekrutieren-schweizer-unternehmen\\\/\"]}]},{\"@type\":\"ImageObject\",\"inLanguage\":\"en-US\",\"@id\":\"https:\\\/\\\/www.organisator.ch\\\/human-resources\\\/hrm\\\/2018-03-08\\\/wo-rekrutieren-schweizer-unternehmen\\\/#primaryimage\",\"url\":\"https:\\\/\\\/www.organisator.ch\\\/wp-content\\\/uploads\\\/2018\\\/03\\\/Wo-rekrutieren-Schweizer-Unternehmen_Organisator.jpg\",\"contentUrl\":\"https:\\\/\\\/www.organisator.ch\\\/wp-content\\\/uploads\\\/2018\\\/03\\\/Wo-rekrutieren-Schweizer-Unternehmen_Organisator.jpg\",\"width\":800,\"height\":573,\"caption\":\"Trotz internationaler Ausrichtung rekrutieren die meisten Schweizer Unternehmen nicht im Ausland. (Grafik: Hays)\"},{\"@type\":\"BreadcrumbList\",\"@id\":\"https:\\\/\\\/www.organisator.ch\\\/human-resources\\\/hrm\\\/2018-03-08\\\/wo-rekrutieren-schweizer-unternehmen\\\/#breadcrumb\",\"itemListElement\":[{\"@type\":\"ListItem\",\"position\":1,\"name\":\"Home\",\"item\":\"https:\\\/\\\/www.organisator.ch\\\/\"},{\"@type\":\"ListItem\",\"position\":2,\"name\":\"Wo rekrutieren Schweizer Unternehmen?\"}]},{\"@type\":\"WebSite\",\"@id\":\"https:\\\/\\\/www.organisator.ch\\\/#website\",\"url\":\"https:\\\/\\\/www.organisator.ch\\\/\",\"name\":\"Organisator\",\"description\":\"Kompetent. Praxisnah. Der ORGANISATOR bereitet in 10 Ausgaben pro Jahr die wesentlichen Themen f\u00fcr F\u00fchrungskr\u00e4fte von KMU auf.\",\"publisher\":{\"@id\":\"https:\\\/\\\/www.organisator.ch\\\/#organization\"},\"potentialAction\":[{\"@type\":\"SearchAction\",\"target\":{\"@type\":\"EntryPoint\",\"urlTemplate\":\"https:\\\/\\\/www.organisator.ch\\\/?s={search_term_string}\"},\"query-input\":{\"@type\":\"PropertyValueSpecification\",\"valueRequired\":true,\"valueName\":\"search_term_string\"}}],\"inLanguage\":\"en-US\"},{\"@type\":\"Organization\",\"@id\":\"https:\\\/\\\/www.organisator.ch\\\/#organization\",\"name\":\"Organisator\",\"url\":\"https:\\\/\\\/www.organisator.ch\\\/\",\"logo\":{\"@type\":\"ImageObject\",\"inLanguage\":\"en-US\",\"@id\":\"https:\\\/\\\/www.organisator.ch\\\/#\\\/schema\\\/logo\\\/image\\\/\",\"url\":\"https:\\\/\\\/www.organisator.ch\\\/wp-content\\\/uploads\\\/2022\\\/01\\\/Logo_Organisator_Website.png\",\"contentUrl\":\"https:\\\/\\\/www.organisator.ch\\\/wp-content\\\/uploads\\\/2022\\\/01\\\/Logo_Organisator_Website.png\",\"width\":800,\"height\":77,\"caption\":\"Organisator\"},\"image\":{\"@id\":\"https:\\\/\\\/www.organisator.ch\\\/#\\\/schema\\\/logo\\\/image\\\/\"},\"sameAs\":[\"https:\\\/\\\/www.facebook.com\\\/OrganisatorFachmagazin\",\"https:\\\/\\\/www.linkedin.com\\\/showcase\\\/organisator-das-magazin-fr-kmu\",\"https:\\\/\\\/www.xing.com\\\/news\\\/pages\\\/organisator-ch-695\",\"https:\\\/\\\/www.youtube.com\\\/channel\\\/UCGP2Sq0iWaZwT3BdIAQFYpw\"]},{\"@type\":\"Person\",\"@id\":\"https:\\\/\\\/www.organisator.ch\\\/#\\\/schema\\\/person\\\/6f650f90b2842cd4c0cc334b4e36f67e\",\"name\":\"thomas.berner\",\"image\":{\"@type\":\"ImageObject\",\"inLanguage\":\"en-US\",\"@id\":\"https:\\\/\\\/secure.gravatar.com\\\/avatar\\\/ac5001d2a36cb6c6cd3e50789007ffca834b477b74a2144564522e944eabff61?s=96&d=mm&r=g\",\"url\":\"https:\\\/\\\/secure.gravatar.com\\\/avatar\\\/ac5001d2a36cb6c6cd3e50789007ffca834b477b74a2144564522e944eabff61?s=96&d=mm&r=g\",\"contentUrl\":\"https:\\\/\\\/secure.gravatar.com\\\/avatar\\\/ac5001d2a36cb6c6cd3e50789007ffca834b477b74a2144564522e944eabff61?s=96&d=mm&r=g\",\"caption\":\"thomas.berner\"},\"url\":\"https:\\\/\\\/www.organisator.ch\\\/en\\\/author\\\/thomas-berner\\\/\"}]}<\/script>\n<!-- \/ Yoast SEO plugin. -->","yoast_head_json":{"title":"Where do Swiss companies recruit? - Organizer","description":"Despite the international orientation of many Swiss companies, they rely on a nationwide (41 percent) or regional (50 percent) search when recruiting employees. This is the finding of the HR Report 2018 from the personnel services provider Hays.","robots":{"index":"index","follow":"follow","max-snippet":"max-snippet:-1","max-image-preview":"max-image-preview:large","max-video-preview":"max-video-preview:-1"},"canonical":"https:\/\/www.organisator.ch\/en\/human-resources\/hrm\/2018-03-08\/wo-rekrutieren-schweizer-unternehmen\/","og_locale":"en_US","og_type":"article","og_title":"Wo rekrutieren Schweizer Unternehmen?","og_description":"Trotz der internationalen Ausrichtung vieler Schweizer Unternehmen setzen diese bei der #Mitarbeitergewinnung auf eine landesweite (41 Prozent) oder regionale (50 Prozent) Suche. Dies stellt der #HR-Report 2018 des Personaldienstleisters Hays fest.","og_url":"https:\/\/www.organisator.ch\/en\/human-resources\/hrm\/2018-03-08\/wo-rekrutieren-schweizer-unternehmen\/","og_site_name":"Organisator","article_publisher":"https:\/\/www.facebook.com\/OrganisatorFachmagazin","article_published_time":"2018-03-08T07:22:19+00:00","og_image":[{"width":800,"height":573,"url":"https:\/\/www.organisator.ch\/wp-content\/uploads\/2018\/03\/Wo-rekrutieren-Schweizer-Unternehmen_Organisator.jpg","type":"image\/jpeg"}],"author":"thomas.berner","twitter_card":"summary_large_image","twitter_title":"Wo #rekrutieren Schweizer Unternehmen?","twitter_description":"Trotz der internationalen Ausrichtung vieler Schweizer Unternehmen setzen diese bei der #Mitarbeitergewinnung auf eine landesweite (41 Prozent) oder regionale (50 Prozent) Suche. Dies stellt der #HR-Report 2018 des Personaldienstleisters Hays fest.","twitter_image":"https:\/\/www.organisator.ch\/wp-content\/uploads\/2018\/03\/Wo-rekrutieren-Schweizer-Unternehmen_Organisator.jpg","schema":{"@context":"https:\/\/schema.org","@graph":[{"@type":"Article","@id":"https:\/\/www.organisator.ch\/human-resources\/hrm\/2018-03-08\/wo-rekrutieren-schweizer-unternehmen\/#article","isPartOf":{"@id":"https:\/\/www.organisator.ch\/human-resources\/hrm\/2018-03-08\/wo-rekrutieren-schweizer-unternehmen\/"},"author":{"name":"thomas.berner","@id":"https:\/\/www.organisator.ch\/#\/schema\/person\/6f650f90b2842cd4c0cc334b4e36f67e"},"headline":"Wo rekrutieren Schweizer Unternehmen?","datePublished":"2018-03-08T07:22:19+00:00","mainEntityOfPage":{"@id":"https:\/\/www.organisator.ch\/human-resources\/hrm\/2018-03-08\/wo-rekrutieren-schweizer-unternehmen\/"},"wordCount":229,"commentCount":0,"publisher":{"@id":"https:\/\/www.organisator.ch\/#organization"},"image":{"@id":"https:\/\/www.organisator.ch\/human-resources\/hrm\/2018-03-08\/wo-rekrutieren-schweizer-unternehmen\/#primaryimage"},"thumbnailUrl":"https:\/\/www.organisator.ch\/wp-content\/uploads\/2018\/03\/Wo-rekrutieren-Schweizer-Unternehmen_Organisator.jpg","keywords":["HRM","Management und Unternehmensf\u00fchrung","Rekrutierung","Studie"],"articleSection":["HRM"],"inLanguage":"en-US"},{"@type":"WebPage","@id":"https:\/\/www.organisator.ch\/human-resources\/hrm\/2018-03-08\/wo-rekrutieren-schweizer-unternehmen\/","url":"https:\/\/www.organisator.ch\/human-resources\/hrm\/2018-03-08\/wo-rekrutieren-schweizer-unternehmen\/","name":"Where do Swiss companies recruit? - Organizer","isPartOf":{"@id":"https:\/\/www.organisator.ch\/#website"},"primaryImageOfPage":{"@id":"https:\/\/www.organisator.ch\/human-resources\/hrm\/2018-03-08\/wo-rekrutieren-schweizer-unternehmen\/#primaryimage"},"image":{"@id":"https:\/\/www.organisator.ch\/human-resources\/hrm\/2018-03-08\/wo-rekrutieren-schweizer-unternehmen\/#primaryimage"},"thumbnailUrl":"https:\/\/www.organisator.ch\/wp-content\/uploads\/2018\/03\/Wo-rekrutieren-Schweizer-Unternehmen_Organisator.jpg","datePublished":"2018-03-08T07:22:19+00:00","description":"Despite the international orientation of many Swiss companies, they rely on a nationwide (41 percent) or regional (50 percent) search when recruiting employees. This is the finding of the HR Report 2018 from the personnel services provider Hays.","breadcrumb":{"@id":"https:\/\/www.organisator.ch\/human-resources\/hrm\/2018-03-08\/wo-rekrutieren-schweizer-unternehmen\/#breadcrumb"},"inLanguage":"en-US","potentialAction":[{"@type":"ReadAction","target":["https:\/\/www.organisator.ch\/human-resources\/hrm\/2018-03-08\/wo-rekrutieren-schweizer-unternehmen\/"]}]},{"@type":"ImageObject","inLanguage":"en-US","@id":"https:\/\/www.organisator.ch\/human-resources\/hrm\/2018-03-08\/wo-rekrutieren-schweizer-unternehmen\/#primaryimage","url":"https:\/\/www.organisator.ch\/wp-content\/uploads\/2018\/03\/Wo-rekrutieren-Schweizer-Unternehmen_Organisator.jpg","contentUrl":"https:\/\/www.organisator.ch\/wp-content\/uploads\/2018\/03\/Wo-rekrutieren-Schweizer-Unternehmen_Organisator.jpg","width":800,"height":573,"caption":"Trotz internationaler Ausrichtung rekrutieren die meisten Schweizer Unternehmen nicht im Ausland. (Grafik: Hays)"},{"@type":"BreadcrumbList","@id":"https:\/\/www.organisator.ch\/human-resources\/hrm\/2018-03-08\/wo-rekrutieren-schweizer-unternehmen\/#breadcrumb","itemListElement":[{"@type":"ListItem","position":1,"name":"Home","item":"https:\/\/www.organisator.ch\/"},{"@type":"ListItem","position":2,"name":"Wo rekrutieren Schweizer Unternehmen?"}]},{"@type":"WebSite","@id":"https:\/\/www.organisator.ch\/#website","url":"https:\/\/www.organisator.ch\/","name":"Organizer","description":"Competent. Practical. In 10 issues per year, ORGANISATOR presents the essential topics for managers of SMEs.","publisher":{"@id":"https:\/\/www.organisator.ch\/#organization"},"potentialAction":[{"@type":"SearchAction","target":{"@type":"EntryPoint","urlTemplate":"https:\/\/www.organisator.ch\/?s={search_term_string}"},"query-input":{"@type":"PropertyValueSpecification","valueRequired":true,"valueName":"search_term_string"}}],"inLanguage":"en-US"},{"@type":"Organization","@id":"https:\/\/www.organisator.ch\/#organization","name":"Organizer","url":"https:\/\/www.organisator.ch\/","logo":{"@type":"ImageObject","inLanguage":"en-US","@id":"https:\/\/www.organisator.ch\/#\/schema\/logo\/image\/","url":"https:\/\/www.organisator.ch\/wp-content\/uploads\/2022\/01\/Logo_Organisator_Website.png","contentUrl":"https:\/\/www.organisator.ch\/wp-content\/uploads\/2022\/01\/Logo_Organisator_Website.png","width":800,"height":77,"caption":"Organisator"},"image":{"@id":"https:\/\/www.organisator.ch\/#\/schema\/logo\/image\/"},"sameAs":["https:\/\/www.facebook.com\/OrganisatorFachmagazin","https:\/\/www.linkedin.com\/showcase\/organisator-das-magazin-fr-kmu","https:\/\/www.xing.com\/news\/pages\/organisator-ch-695","https:\/\/www.youtube.com\/channel\/UCGP2Sq0iWaZwT3BdIAQFYpw"]},{"@type":"Person","@id":"https:\/\/www.organisator.ch\/#\/schema\/person\/6f650f90b2842cd4c0cc334b4e36f67e","name":"thomas.berner","image":{"@type":"ImageObject","inLanguage":"en-US","@id":"https:\/\/secure.gravatar.com\/avatar\/ac5001d2a36cb6c6cd3e50789007ffca834b477b74a2144564522e944eabff61?s=96&d=mm&r=g","url":"https:\/\/secure.gravatar.com\/avatar\/ac5001d2a36cb6c6cd3e50789007ffca834b477b74a2144564522e944eabff61?s=96&d=mm&r=g","contentUrl":"https:\/\/secure.gravatar.com\/avatar\/ac5001d2a36cb6c6cd3e50789007ffca834b477b74a2144564522e944eabff61?s=96&d=mm&r=g","caption":"thomas.berner"},"url":"https:\/\/www.organisator.ch\/en\/author\/thomas-berner\/"}]}},"_links":{"self":[{"href":"https:\/\/www.organisator.ch\/en\/wp-json\/wp\/v2\/posts\/3266","targetHints":{"allow":["GET"]}}],"collection":[{"href":"https:\/\/www.organisator.ch\/en\/wp-json\/wp\/v2\/posts"}],"about":[{"href":"https:\/\/www.organisator.ch\/en\/wp-json\/wp\/v2\/types\/post"}],"author":[{"embeddable":true,"href":"https:\/\/www.organisator.ch\/en\/wp-json\/wp\/v2\/users\/4"}],"replies":[{"embeddable":true,"href":"https:\/\/www.organisator.ch\/en\/wp-json\/wp\/v2\/comments?post=3266"}],"version-history":[{"count":0,"href":"https:\/\/www.organisator.ch\/en\/wp-json\/wp\/v2\/posts\/3266\/revisions"}],"wp:featuredmedia":[{"embeddable":true,"href":"https:\/\/www.organisator.ch\/en\/wp-json\/wp\/v2\/media\/3267"}],"wp:attachment":[{"href":"https:\/\/www.organisator.ch\/en\/wp-json\/wp\/v2\/media?parent=3266"}],"wp:term":[{"taxonomy":"category","embeddable":true,"href":"https:\/\/www.organisator.ch\/en\/wp-json\/wp\/v2\/categories?post=3266"},{"taxonomy":"post_tag","embeddable":true,"href":"https:\/\/www.organisator.ch\/en\/wp-json\/wp\/v2\/tags?post=3266"}],"curies":[{"name":"wp","href":"https:\/\/api.w.org\/{rel}","templated":true}]}}