{"id":32684,"date":"2024-11-12T14:28:58","date_gmt":"2024-11-12T13:28:58","guid":{"rendered":"https:\/\/www.markt-kom.com\/?p=226475"},"modified":"2024-11-13T09:28:28","modified_gmt":"2024-11-13T08:28:28","slug":"in-flagranti-neue-mandate-in-kommunikation-und-mobilitaet","status":"publish","type":"post","link":"https:\/\/www.organisator.ch\/en\/marketing\/2024-11-12\/in-flagranti-neue-mandate-in-kommunikation-und-mobilitaet\/","title":{"rendered":"In flagrante delicto: new mandates in communication and mobility"},"content":{"rendered":"<p><img class=\"aligncenter wp-image-211351 size-full\" src=\"https:\/\/www.markt-kom.com\/wp-content\/uploads\/2024\/03\/inflagranti-logo.jpg\" alt=\"In flagrante delicto\" width=\"1000\" height=\"500\" \/><\/p>\r\n<p>Winterhilfe Schweiz will support In Flagranti over the next five years. The aim is to sustainably strengthen the relevance, visibility and impact of Winterhilfe through a well thought-out and targeted communication concept.<\/p>\r\n<p>The agency in Lys was also commissioned by the Swiss Federal Office of Energy to promote sustainable mobility in companies. As part of the \"SwissEnergy\" programme, In Flagranti will run the specialist office for sustainable mobility in companies together with specialized partner companies from 2025. The aim is to motivate companies and their employees, customers and visitors to make their mobility more sustainable. In addition to In Flagranti, the specialists from Planval Partner in Bern and Brig, the Office for Mobility in Bern and Burgdorf and Mobitrends in Lugano are also on board.<\/p>","protected":false},"excerpt":{"rendered":"<p>In Flagranti has won two new mandates. The agency will develop a communication concept for Winterhilfe Schweiz and take on a strategic advisory role on sustainable mobility in companies on behalf of the Swiss Federal Office of Energy.<\/p>","protected":false},"author":8,"featured_media":0,"comment_status":"closed","ping_status":"closed","sticky":false,"template":"","format":"standard","meta":{"_acf_changed":false,"_yoast_wpseo_focuskw":"In Flagranti","_yoast_wpseo_metadesc":"Winterhilfe Schweiz und In Flagranti: Zusammenarbeit zur St\u00e4rkung der Relevanz und F\u00f6rderung nachhaltiger Mobilit\u00e4t.","articlekey":"","footnotes":""},"categories":[29],"tags":[2855,4740],"class_list":["post-32684","post","type-post","status-publish","format-standard","hentry","category-marketing","tag-etats","tag-in-flagranti"],"acf":[],"yoast_head":"<!-- This site is optimized with the Yoast SEO plugin v27.4 - https:\/\/yoast.com\/product\/yoast-seo-wordpress\/ -->\n<title>In Flagranti: neue Mandate in Kommunikation und Mobilit\u00e4t - Organisator<\/title>\n<meta name=\"description\" content=\"Winterhilfe Schweiz und In Flagranti: Zusammenarbeit zur St\u00e4rkung der Relevanz und F\u00f6rderung nachhaltiger Mobilit\u00e4t.\" \/>\n<meta name=\"robots\" content=\"index, follow, max-snippet:-1, max-image-preview:large, max-video-preview:-1\" \/>\n<link rel=\"canonical\" href=\"https:\/\/www.organisator.ch\/en\/marketing\/2024-11-12\/in-flagranti-neue-mandate-in-kommunikation-und-mobilitaet\/\" \/>\n<meta property=\"og:locale\" content=\"en_US\" \/>\n<meta property=\"og:type\" content=\"article\" \/>\n<meta property=\"og:title\" content=\"In Flagranti: neue Mandate in Kommunikation und Mobilit\u00e4t - Organisator\" \/>\n<meta property=\"og:description\" content=\"Winterhilfe Schweiz und In Flagranti: Zusammenarbeit zur St\u00e4rkung der Relevanz und F\u00f6rderung nachhaltiger Mobilit\u00e4t.\" \/>\n<meta property=\"og:url\" content=\"https:\/\/www.organisator.ch\/en\/marketing\/2024-11-12\/in-flagranti-neue-mandate-in-kommunikation-und-mobilitaet\/\" \/>\n<meta property=\"og:site_name\" content=\"Organisator\" \/>\n<meta property=\"article:publisher\" content=\"https:\/\/www.facebook.com\/OrganisatorFachmagazin\" \/>\n<meta property=\"article:published_time\" content=\"2024-11-12T13:28:58+00:00\" \/>\n<meta property=\"article:modified_time\" content=\"2024-11-13T08:28:28+00:00\" \/>\n<meta property=\"og:image\" content=\"https:\/\/www.markt-kom.com\/wp-content\/uploads\/2024\/03\/inflagranti-logo.jpg\" \/>\n<meta name=\"author\" content=\"galledia\" \/>\n<meta name=\"twitter:card\" content=\"summary_large_image\" \/>\n<meta name=\"twitter:creator\" content=\"@admin\" \/>\n<script type=\"application\/ld+json\" class=\"yoast-schema-graph\">{\"@context\":\"https:\\\/\\\/schema.org\",\"@graph\":[{\"@type\":\"Article\",\"@id\":\"https:\\\/\\\/www.organisator.ch\\\/marketing\\\/2024-11-12\\\/in-flagranti-neue-mandate-in-kommunikation-und-mobilitaet\\\/#article\",\"isPartOf\":{\"@id\":\"https:\\\/\\\/www.organisator.ch\\\/marketing\\\/2024-11-12\\\/in-flagranti-neue-mandate-in-kommunikation-und-mobilitaet\\\/\"},\"author\":{\"name\":\"galledia\",\"@id\":\"https:\\\/\\\/www.organisator.ch\\\/#\\\/schema\\\/person\\\/4e51799071cd2dd1232ac003643ef5f0\"},\"headline\":\"In Flagranti: neue Mandate in Kommunikation und Mobilit\u00e4t\",\"datePublished\":\"2024-11-12T13:28:58+00:00\",\"dateModified\":\"2024-11-13T08:28:28+00:00\",\"mainEntityOfPage\":{\"@id\":\"https:\\\/\\\/www.organisator.ch\\\/marketing\\\/2024-11-12\\\/in-flagranti-neue-mandate-in-kommunikation-und-mobilitaet\\\/\"},\"wordCount\":141,\"publisher\":{\"@id\":\"https:\\\/\\\/www.organisator.ch\\\/#organization\"},\"image\":{\"@id\":\"https:\\\/\\\/www.organisator.ch\\\/marketing\\\/2024-11-12\\\/in-flagranti-neue-mandate-in-kommunikation-und-mobilitaet\\\/#primaryimage\"},\"thumbnailUrl\":\"https:\\\/\\\/www.markt-kom.com\\\/wp-content\\\/uploads\\\/2024\\\/03\\\/inflagranti-logo.jpg\",\"keywords\":[\"Etats\",\"In Flagranti\"],\"articleSection\":[\"MARKETING\"],\"inLanguage\":\"en-US\"},{\"@type\":\"WebPage\",\"@id\":\"https:\\\/\\\/www.organisator.ch\\\/marketing\\\/2024-11-12\\\/in-flagranti-neue-mandate-in-kommunikation-und-mobilitaet\\\/\",\"url\":\"https:\\\/\\\/www.organisator.ch\\\/marketing\\\/2024-11-12\\\/in-flagranti-neue-mandate-in-kommunikation-und-mobilitaet\\\/\",\"name\":\"In Flagranti: neue Mandate in Kommunikation und Mobilit\u00e4t - Organisator\",\"isPartOf\":{\"@id\":\"https:\\\/\\\/www.organisator.ch\\\/#website\"},\"primaryImageOfPage\":{\"@id\":\"https:\\\/\\\/www.organisator.ch\\\/marketing\\\/2024-11-12\\\/in-flagranti-neue-mandate-in-kommunikation-und-mobilitaet\\\/#primaryimage\"},\"image\":{\"@id\":\"https:\\\/\\\/www.organisator.ch\\\/marketing\\\/2024-11-12\\\/in-flagranti-neue-mandate-in-kommunikation-und-mobilitaet\\\/#primaryimage\"},\"thumbnailUrl\":\"https:\\\/\\\/www.markt-kom.com\\\/wp-content\\\/uploads\\\/2024\\\/03\\\/inflagranti-logo.jpg\",\"datePublished\":\"2024-11-12T13:28:58+00:00\",\"dateModified\":\"2024-11-13T08:28:28+00:00\",\"description\":\"Winterhilfe Schweiz und In Flagranti: Zusammenarbeit zur St\u00e4rkung der Relevanz und F\u00f6rderung nachhaltiger Mobilit\u00e4t.\",\"breadcrumb\":{\"@id\":\"https:\\\/\\\/www.organisator.ch\\\/marketing\\\/2024-11-12\\\/in-flagranti-neue-mandate-in-kommunikation-und-mobilitaet\\\/#breadcrumb\"},\"inLanguage\":\"en-US\",\"potentialAction\":[{\"@type\":\"ReadAction\",\"target\":[\"https:\\\/\\\/www.organisator.ch\\\/marketing\\\/2024-11-12\\\/in-flagranti-neue-mandate-in-kommunikation-und-mobilitaet\\\/\"]}]},{\"@type\":\"ImageObject\",\"inLanguage\":\"en-US\",\"@id\":\"https:\\\/\\\/www.organisator.ch\\\/marketing\\\/2024-11-12\\\/in-flagranti-neue-mandate-in-kommunikation-und-mobilitaet\\\/#primaryimage\",\"url\":\"https:\\\/\\\/www.markt-kom.com\\\/wp-content\\\/uploads\\\/2024\\\/03\\\/inflagranti-logo.jpg\",\"contentUrl\":\"https:\\\/\\\/www.markt-kom.com\\\/wp-content\\\/uploads\\\/2024\\\/03\\\/inflagranti-logo.jpg\"},{\"@type\":\"BreadcrumbList\",\"@id\":\"https:\\\/\\\/www.organisator.ch\\\/marketing\\\/2024-11-12\\\/in-flagranti-neue-mandate-in-kommunikation-und-mobilitaet\\\/#breadcrumb\",\"itemListElement\":[{\"@type\":\"ListItem\",\"position\":1,\"name\":\"Home\",\"item\":\"https:\\\/\\\/www.organisator.ch\\\/\"},{\"@type\":\"ListItem\",\"position\":2,\"name\":\"In Flagranti: neue Mandate in Kommunikation und Mobilit\u00e4t\"}]},{\"@type\":\"WebSite\",\"@id\":\"https:\\\/\\\/www.organisator.ch\\\/#website\",\"url\":\"https:\\\/\\\/www.organisator.ch\\\/\",\"name\":\"Organisator\",\"description\":\"Kompetent. Praxisnah. Der ORGANISATOR bereitet in 10 Ausgaben pro Jahr die wesentlichen Themen f\u00fcr F\u00fchrungskr\u00e4fte von KMU auf.\",\"publisher\":{\"@id\":\"https:\\\/\\\/www.organisator.ch\\\/#organization\"},\"potentialAction\":[{\"@type\":\"SearchAction\",\"target\":{\"@type\":\"EntryPoint\",\"urlTemplate\":\"https:\\\/\\\/www.organisator.ch\\\/?s={search_term_string}\"},\"query-input\":{\"@type\":\"PropertyValueSpecification\",\"valueRequired\":true,\"valueName\":\"search_term_string\"}}],\"inLanguage\":\"en-US\"},{\"@type\":\"Organization\",\"@id\":\"https:\\\/\\\/www.organisator.ch\\\/#organization\",\"name\":\"Organisator\",\"url\":\"https:\\\/\\\/www.organisator.ch\\\/\",\"logo\":{\"@type\":\"ImageObject\",\"inLanguage\":\"en-US\",\"@id\":\"https:\\\/\\\/www.organisator.ch\\\/#\\\/schema\\\/logo\\\/image\\\/\",\"url\":\"https:\\\/\\\/www.organisator.ch\\\/wp-content\\\/uploads\\\/2022\\\/01\\\/Logo_Organisator_Website.png\",\"contentUrl\":\"https:\\\/\\\/www.organisator.ch\\\/wp-content\\\/uploads\\\/2022\\\/01\\\/Logo_Organisator_Website.png\",\"width\":800,\"height\":77,\"caption\":\"Organisator\"},\"image\":{\"@id\":\"https:\\\/\\\/www.organisator.ch\\\/#\\\/schema\\\/logo\\\/image\\\/\"},\"sameAs\":[\"https:\\\/\\\/www.facebook.com\\\/OrganisatorFachmagazin\",\"https:\\\/\\\/www.linkedin.com\\\/showcase\\\/organisator-das-magazin-fr-kmu\",\"https:\\\/\\\/www.xing.com\\\/news\\\/pages\\\/organisator-ch-695\",\"https:\\\/\\\/www.youtube.com\\\/channel\\\/UCGP2Sq0iWaZwT3BdIAQFYpw\"]},{\"@type\":\"Person\",\"@id\":\"https:\\\/\\\/www.organisator.ch\\\/#\\\/schema\\\/person\\\/4e51799071cd2dd1232ac003643ef5f0\",\"name\":\"galledia\",\"image\":{\"@type\":\"ImageObject\",\"inLanguage\":\"en-US\",\"@id\":\"https:\\\/\\\/secure.gravatar.com\\\/avatar\\\/78a7f90c01fc2bfc875782a0d4922b37cde2cf184ce347b91316d23cd7f69a36?s=96&d=mm&r=g\",\"url\":\"https:\\\/\\\/secure.gravatar.com\\\/avatar\\\/78a7f90c01fc2bfc875782a0d4922b37cde2cf184ce347b91316d23cd7f69a36?s=96&d=mm&r=g\",\"contentUrl\":\"https:\\\/\\\/secure.gravatar.com\\\/avatar\\\/78a7f90c01fc2bfc875782a0d4922b37cde2cf184ce347b91316d23cd7f69a36?s=96&d=mm&r=g\",\"caption\":\"galledia\"},\"sameAs\":[\"https:\\\/\\\/x.com\\\/admin\"],\"url\":\"https:\\\/\\\/www.organisator.ch\\\/en\\\/author\\\/galledia\\\/\"}]}<\/script>\n<!-- \/ Yoast SEO plugin. -->","yoast_head_json":{"title":"In Flagranti: new mandates in communication and mobility - Organizer","description":"Winterhilfe Schweiz and In Flagranti: Cooperation to strengthen the relevance and promotion of sustainable mobility.","robots":{"index":"index","follow":"follow","max-snippet":"max-snippet:-1","max-image-preview":"max-image-preview:large","max-video-preview":"max-video-preview:-1"},"canonical":"https:\/\/www.organisator.ch\/en\/marketing\/2024-11-12\/in-flagranti-neue-mandate-in-kommunikation-und-mobilitaet\/","og_locale":"en_US","og_type":"article","og_title":"In Flagranti: neue Mandate in Kommunikation und Mobilit\u00e4t - Organisator","og_description":"Winterhilfe Schweiz und In Flagranti: Zusammenarbeit zur St\u00e4rkung der Relevanz und F\u00f6rderung nachhaltiger Mobilit\u00e4t.","og_url":"https:\/\/www.organisator.ch\/en\/marketing\/2024-11-12\/in-flagranti-neue-mandate-in-kommunikation-und-mobilitaet\/","og_site_name":"Organisator","article_publisher":"https:\/\/www.facebook.com\/OrganisatorFachmagazin","article_published_time":"2024-11-12T13:28:58+00:00","article_modified_time":"2024-11-13T08:28:28+00:00","og_image":[{"url":"https:\/\/www.markt-kom.com\/wp-content\/uploads\/2024\/03\/inflagranti-logo.jpg","type":"","width":"","height":""}],"author":"galledia","twitter_card":"summary_large_image","twitter_creator":"@admin","schema":{"@context":"https:\/\/schema.org","@graph":[{"@type":"Article","@id":"https:\/\/www.organisator.ch\/marketing\/2024-11-12\/in-flagranti-neue-mandate-in-kommunikation-und-mobilitaet\/#article","isPartOf":{"@id":"https:\/\/www.organisator.ch\/marketing\/2024-11-12\/in-flagranti-neue-mandate-in-kommunikation-und-mobilitaet\/"},"author":{"name":"galledia","@id":"https:\/\/www.organisator.ch\/#\/schema\/person\/4e51799071cd2dd1232ac003643ef5f0"},"headline":"In Flagranti: neue Mandate in Kommunikation und Mobilit\u00e4t","datePublished":"2024-11-12T13:28:58+00:00","dateModified":"2024-11-13T08:28:28+00:00","mainEntityOfPage":{"@id":"https:\/\/www.organisator.ch\/marketing\/2024-11-12\/in-flagranti-neue-mandate-in-kommunikation-und-mobilitaet\/"},"wordCount":141,"publisher":{"@id":"https:\/\/www.organisator.ch\/#organization"},"image":{"@id":"https:\/\/www.organisator.ch\/marketing\/2024-11-12\/in-flagranti-neue-mandate-in-kommunikation-und-mobilitaet\/#primaryimage"},"thumbnailUrl":"https:\/\/www.markt-kom.com\/wp-content\/uploads\/2024\/03\/inflagranti-logo.jpg","keywords":["Etats","In Flagranti"],"articleSection":["MARKETING"],"inLanguage":"en-US"},{"@type":"WebPage","@id":"https:\/\/www.organisator.ch\/marketing\/2024-11-12\/in-flagranti-neue-mandate-in-kommunikation-und-mobilitaet\/","url":"https:\/\/www.organisator.ch\/marketing\/2024-11-12\/in-flagranti-neue-mandate-in-kommunikation-und-mobilitaet\/","name":"In Flagranti: new mandates in communication and mobility - Organizer","isPartOf":{"@id":"https:\/\/www.organisator.ch\/#website"},"primaryImageOfPage":{"@id":"https:\/\/www.organisator.ch\/marketing\/2024-11-12\/in-flagranti-neue-mandate-in-kommunikation-und-mobilitaet\/#primaryimage"},"image":{"@id":"https:\/\/www.organisator.ch\/marketing\/2024-11-12\/in-flagranti-neue-mandate-in-kommunikation-und-mobilitaet\/#primaryimage"},"thumbnailUrl":"https:\/\/www.markt-kom.com\/wp-content\/uploads\/2024\/03\/inflagranti-logo.jpg","datePublished":"2024-11-12T13:28:58+00:00","dateModified":"2024-11-13T08:28:28+00:00","description":"Winterhilfe Schweiz and In Flagranti: Cooperation to strengthen the relevance and promotion of sustainable mobility.","breadcrumb":{"@id":"https:\/\/www.organisator.ch\/marketing\/2024-11-12\/in-flagranti-neue-mandate-in-kommunikation-und-mobilitaet\/#breadcrumb"},"inLanguage":"en-US","potentialAction":[{"@type":"ReadAction","target":["https:\/\/www.organisator.ch\/marketing\/2024-11-12\/in-flagranti-neue-mandate-in-kommunikation-und-mobilitaet\/"]}]},{"@type":"ImageObject","inLanguage":"en-US","@id":"https:\/\/www.organisator.ch\/marketing\/2024-11-12\/in-flagranti-neue-mandate-in-kommunikation-und-mobilitaet\/#primaryimage","url":"https:\/\/www.markt-kom.com\/wp-content\/uploads\/2024\/03\/inflagranti-logo.jpg","contentUrl":"https:\/\/www.markt-kom.com\/wp-content\/uploads\/2024\/03\/inflagranti-logo.jpg"},{"@type":"BreadcrumbList","@id":"https:\/\/www.organisator.ch\/marketing\/2024-11-12\/in-flagranti-neue-mandate-in-kommunikation-und-mobilitaet\/#breadcrumb","itemListElement":[{"@type":"ListItem","position":1,"name":"Home","item":"https:\/\/www.organisator.ch\/"},{"@type":"ListItem","position":2,"name":"In Flagranti: neue Mandate in Kommunikation und Mobilit\u00e4t"}]},{"@type":"WebSite","@id":"https:\/\/www.organisator.ch\/#website","url":"https:\/\/www.organisator.ch\/","name":"Organizer","description":"Competent. Practical. In 10 issues per year, ORGANISATOR presents the essential topics for managers of SMEs.","publisher":{"@id":"https:\/\/www.organisator.ch\/#organization"},"potentialAction":[{"@type":"SearchAction","target":{"@type":"EntryPoint","urlTemplate":"https:\/\/www.organisator.ch\/?s={search_term_string}"},"query-input":{"@type":"PropertyValueSpecification","valueRequired":true,"valueName":"search_term_string"}}],"inLanguage":"en-US"},{"@type":"Organization","@id":"https:\/\/www.organisator.ch\/#organization","name":"Organizer","url":"https:\/\/www.organisator.ch\/","logo":{"@type":"ImageObject","inLanguage":"en-US","@id":"https:\/\/www.organisator.ch\/#\/schema\/logo\/image\/","url":"https:\/\/www.organisator.ch\/wp-content\/uploads\/2022\/01\/Logo_Organisator_Website.png","contentUrl":"https:\/\/www.organisator.ch\/wp-content\/uploads\/2022\/01\/Logo_Organisator_Website.png","width":800,"height":77,"caption":"Organisator"},"image":{"@id":"https:\/\/www.organisator.ch\/#\/schema\/logo\/image\/"},"sameAs":["https:\/\/www.facebook.com\/OrganisatorFachmagazin","https:\/\/www.linkedin.com\/showcase\/organisator-das-magazin-fr-kmu","https:\/\/www.xing.com\/news\/pages\/organisator-ch-695","https:\/\/www.youtube.com\/channel\/UCGP2Sq0iWaZwT3BdIAQFYpw"]},{"@type":"Person","@id":"https:\/\/www.organisator.ch\/#\/schema\/person\/4e51799071cd2dd1232ac003643ef5f0","name":"galledia","image":{"@type":"ImageObject","inLanguage":"en-US","@id":"https:\/\/secure.gravatar.com\/avatar\/78a7f90c01fc2bfc875782a0d4922b37cde2cf184ce347b91316d23cd7f69a36?s=96&d=mm&r=g","url":"https:\/\/secure.gravatar.com\/avatar\/78a7f90c01fc2bfc875782a0d4922b37cde2cf184ce347b91316d23cd7f69a36?s=96&d=mm&r=g","contentUrl":"https:\/\/secure.gravatar.com\/avatar\/78a7f90c01fc2bfc875782a0d4922b37cde2cf184ce347b91316d23cd7f69a36?s=96&d=mm&r=g","caption":"galledia"},"sameAs":["https:\/\/x.com\/admin"],"url":"https:\/\/www.organisator.ch\/en\/author\/galledia\/"}]}},"_links":{"self":[{"href":"https:\/\/www.organisator.ch\/en\/wp-json\/wp\/v2\/posts\/32684","targetHints":{"allow":["GET"]}}],"collection":[{"href":"https:\/\/www.organisator.ch\/en\/wp-json\/wp\/v2\/posts"}],"about":[{"href":"https:\/\/www.organisator.ch\/en\/wp-json\/wp\/v2\/types\/post"}],"author":[{"embeddable":true,"href":"https:\/\/www.organisator.ch\/en\/wp-json\/wp\/v2\/users\/8"}],"replies":[{"embeddable":true,"href":"https:\/\/www.organisator.ch\/en\/wp-json\/wp\/v2\/comments?post=32684"}],"version-history":[{"count":5,"href":"https:\/\/www.organisator.ch\/en\/wp-json\/wp\/v2\/posts\/32684\/revisions"}],"predecessor-version":[{"id":32699,"href":"https:\/\/www.organisator.ch\/en\/wp-json\/wp\/v2\/posts\/32684\/revisions\/32699"}],"wp:attachment":[{"href":"https:\/\/www.organisator.ch\/en\/wp-json\/wp\/v2\/media?parent=32684"}],"wp:term":[{"taxonomy":"category","embeddable":true,"href":"https:\/\/www.organisator.ch\/en\/wp-json\/wp\/v2\/categories?post=32684"},{"taxonomy":"post_tag","embeddable":true,"href":"https:\/\/www.organisator.ch\/en\/wp-json\/wp\/v2\/tags?post=32684"}],"curies":[{"name":"wp","href":"https:\/\/api.w.org\/{rel}","templated":true}]}}