{"id":3272,"date":"2018-03-15T10:00:45","date_gmt":"2018-03-15T09:00:45","guid":{"rendered":"https:\/\/www.organisator.ch\/?p=3272"},"modified":"2018-03-15T10:00:45","modified_gmt":"2018-03-15T09:00:45","slug":"moebel-pfister-ag-setzt-auf-it-outsourcing","status":"publish","type":"post","link":"https:\/\/www.organisator.ch\/en\/management\/it\/2018-03-15\/moebel-pfister-ag-setzt-auf-it-outsourcing\/","title":{"rendered":"M\u00f6bel Pfister AG relies on IT outsourcing"},"content":{"rendered":"<figure id=\"attachment_3275\" aria-describedby=\"caption-attachment-3275\" style=\"width: 680px\" class=\"wp-caption alignnone\"><img loading=\"lazy\" decoding=\"async\" class=\"size-medium wp-image-3275\" src=\"https:\/\/www.organisator.ch\/wp-content\/uploads\/2018\/03\/2018_03_ICT_GIA_Bild2_1552754.jpg\" alt=\"&lt;li class=&quot;article_legend&quot;&gt;The Pfister branch in Lyssach is one of 20 branches in Switzerland.&lt;\/li&gt; \" width=\"680\" height=\"289\" srcset=\"https:\/\/www.organisator.ch\/wp-content\/uploads\/2018\/03\/2018_03_ICT_GIA_Bild2_1552754.jpg 1250w, https:\/\/www.organisator.ch\/wp-content\/uploads\/2018\/03\/2018_03_ICT_GIA_Bild2_1552754-680x289.jpg 680w, https:\/\/www.organisator.ch\/wp-content\/uploads\/2018\/03\/2018_03_ICT_GIA_Bild2_1552754-1024x436.jpg 1024w, https:\/\/www.organisator.ch\/wp-content\/uploads\/2018\/03\/2018_03_ICT_GIA_Bild2_1552754-768x327.jpg 768w, https:\/\/www.organisator.ch\/wp-content\/uploads\/2018\/03\/2018_03_ICT_GIA_Bild2_1552754-16x7.jpg 16w, https:\/\/www.organisator.ch\/wp-content\/uploads\/2018\/03\/2018_03_ICT_GIA_Bild2_1552754-375x160.jpg 375w, https:\/\/www.organisator.ch\/wp-content\/uploads\/2018\/03\/2018_03_ICT_GIA_Bild2_1552754-760x323.jpg 760w, https:\/\/www.organisator.ch\/wp-content\/uploads\/2018\/03\/2018_03_ICT_GIA_Bild2_1552754-920x392.jpg 920w, https:\/\/www.organisator.ch\/wp-content\/uploads\/2018\/03\/2018_03_ICT_GIA_Bild2_1552754-300x128.jpg 300w\" sizes=\"auto, (max-width: 680px) 100vw, 680px\" \/><figcaption id=\"caption-attachment-3275\" class=\"wp-caption-text\">The Pfister branch in Lyssach is one of 20 branches in Switzerland. (Image: <a href=\"http:\/\/www.pfister.ch\">pfister.ch<\/a>)<\/figcaption><\/figure>\n<p>M\u00f6bel Pfister AG from Suhr had outsourced its entire IT infrastructure to a global provider, but was no longer satisfied with it for several reasons. What should be done? This was the question posed by the Swiss market leader in the specialist furniture retail sector, which employs around 1200 people and 200 apprentices and has 20 stores in all parts of the country. \"We decided to turn down the upcoming contract renewal and launch a project competition with several well-known suppliers of\u00a0<a href=\"https:\/\/gia.ch\/services\/it-services\/\">IT Outsourcing<\/a> \", says Marcel Schaniel, Head of Digital Business &amp; Corporate Development at M\u00f6bel Pfister AG.<\/p>\n<h2><strong>The choice of IT outsourcing provider<\/strong><\/h2>\n<p>Pfister took a pragmatic approach to the project competition and the selection of the future provider - and chose GIA Informatik AG from Oftringen. Marcel Schaniel: \"A decisive factor for us were the references shown from previous, comparable projects. The fast turnaround times and the price-performance ratio were also positively evaluated. The entire project team impressed us during the selection process with its transparent communication and high level of commitment. We knew: This is a partner who has the unconditional will and the corresponding capabilities.\"<\/p>\n<h2><strong>From concept to go-live at a rapid pace<\/strong><\/h2>\n<p>The project kicked off in spring 2017 with the migration of the extensive IT system landscape with <a href=\"https:\/\/gia.ch\/services\/sap-beratung\/\">SAP<\/a> ERP, CRM, Adobe Document Services, PI Web Dispatcher, and Solution Manager in hybrid operation with physical and virtual servers. \"We removed the entire IT infrastructure from the previous provider and integrated it into our data centers. We put these systems into operation as early as summer 2017,\" explains Stefan Lerch, Account Manager at GIA. At the same time, the IT outsourcing specialist began to completely rebuild its first-level support. A service desk with several GIA employees was set up at Pfister's headquarters in Suhr.<\/p>\n<figure id=\"attachment_3274\" aria-describedby=\"caption-attachment-3274\" style=\"width: 680px\" class=\"wp-caption alignnone\"><img loading=\"lazy\" decoding=\"async\" class=\"size-medium wp-image-3274\" src=\"https:\/\/www.organisator.ch\/wp-content\/uploads\/2018\/03\/2018_03_ICT_GIA_Bild1_1552768.jpg\" alt=\"&lt;li class=&quot;artikel_legende&quot;&gt;&quot;GIA handled our dealings, and especially those with our partners, professionally at all times. Marcel Schaniel, Head of Digital Business &amp; Corporate Development M\u00f6bel Pfister AG&lt;\/li&gt;\" width=\"680\" height=\"421\" srcset=\"https:\/\/www.organisator.ch\/wp-content\/uploads\/2018\/03\/2018_03_ICT_GIA_Bild1_1552768.jpg 2000w, https:\/\/www.organisator.ch\/wp-content\/uploads\/2018\/03\/2018_03_ICT_GIA_Bild1_1552768-680x421.jpg 680w, https:\/\/www.organisator.ch\/wp-content\/uploads\/2018\/03\/2018_03_ICT_GIA_Bild1_1552768-1024x633.jpg 1024w, https:\/\/www.organisator.ch\/wp-content\/uploads\/2018\/03\/2018_03_ICT_GIA_Bild1_1552768-768x475.jpg 768w, https:\/\/www.organisator.ch\/wp-content\/uploads\/2018\/03\/2018_03_ICT_GIA_Bild1_1552768-1536x950.jpg 1536w, https:\/\/www.organisator.ch\/wp-content\/uploads\/2018\/03\/2018_03_ICT_GIA_Bild1_1552768-16x10.jpg 16w, https:\/\/www.organisator.ch\/wp-content\/uploads\/2018\/03\/2018_03_ICT_GIA_Bild1_1552768-283x175.jpg 283w, https:\/\/www.organisator.ch\/wp-content\/uploads\/2018\/03\/2018_03_ICT_GIA_Bild1_1552768-566x350.jpg 566w, https:\/\/www.organisator.ch\/wp-content\/uploads\/2018\/03\/2018_03_ICT_GIA_Bild1_1552768-1293x800.jpg 1293w, https:\/\/www.organisator.ch\/wp-content\/uploads\/2018\/03\/2018_03_ICT_GIA_Bild1_1552768-920x569.jpg 920w, https:\/\/www.organisator.ch\/wp-content\/uploads\/2018\/03\/2018_03_ICT_GIA_Bild1_1552768-1400x866.jpg 1400w, https:\/\/www.organisator.ch\/wp-content\/uploads\/2018\/03\/2018_03_ICT_GIA_Bild1_1552768-300x186.jpg 300w\" sizes=\"auto, (max-width: 680px) 100vw, 680px\" \/><figcaption id=\"caption-attachment-3274\" class=\"wp-caption-text\">\"GIA handled the interaction with us, but especially with our partners, professionally at all times.\" Marcel Schaniel, Head of Digital Business &amp; Corporate Development M\u00f6bel Pfister AG. (Image: <a href=\"http:\/\/www.pfister.ch\">pfister.ch<\/a>)<\/figcaption><\/figure>\n<p>In addition, the IT service provider implemented a new network for the entire Pfister Group, including a state-of-the-art wireless LAN solution. Stefan Lerch: \"We used the latest wireless technology for this in order to fully support Pfister's planned innovations.\" One example: Modern touchscreen steles are now available to customers in various branches. By simply touching the monitor, a free home consultant receives a message via his smartwatch - and immediately goes to the corresponding stele to personally receive the customer. In this way, consultation requests in the stores can be fulfilled even faster and customer orientation optimized.<\/p>\n<h2><strong>Pfister appreciates the short distances<\/strong><\/h2>\n<p>The added value of the project is great, confirms Marcel Schaniel. \"The economic benefit is significant. In addition, the throughput paths to the specialists are short. Furthermore, we now have adequate first-level support, generally faster solutions, as well as higher user satisfaction and optimized customer perception - the latter primarily due to our new digital interaction options.\"<\/p>\n<h2><strong>Next steps<\/strong><\/h2>\n<p>Recently, GIA completed and ramped up the billing model. The integration of M\u00f6bel Egger, M\u00f6bel Hubacher and M\u00f6bel Svoboda as well as all branches was also successfully completed recently. Marcel Schaniel: \"We also plan to renew and mobilize the digital workplace - at the same price as stationary IT equipment.\"<\/p>\n<p><em>Author: Silvan Wyser <\/em><em>is Head of Marketing at GIA Informatik AG in Oftringen. GIA offers IT services with core competencies in the development and operation of solutions from a single source in the areas of SAP, IT services with its own cloud infrastructure and product development.<\/em><\/p>\n<p><em>Contact: +41 62 789 74 17 \/ <a href=\"mailto:silvan.wyser@gia.ch\">silvan.wyser@gia.ch<\/a> \/ <a href=\"http:\/\/www.gia.ch\">www.gia.ch<\/a><\/em><\/p>","protected":false},"excerpt":{"rendered":"<p>Die M\u00f6bel Pfister AG aus Suhr hatte die komplette IT-Infrastruktur an einen globalen Provider ausgelagert, war mit ihm aber aus mehreren Gr\u00fcnden nicht mehr zufrieden. Was ist zu tun? Diese Frage stellte sich die Schweizer Marktf\u00fchrerin im Einrichtungsfachhandel, die rund 1200 Mitarbeitende und 200 Lernende besch\u00e4ftigt sowie 20 Filialen in allen Landesteilen unterh\u00e4lt. \u00abWir entschieden [&hellip;]<\/p>\n","protected":false},"author":7,"featured_media":3275,"comment_status":"open","ping_status":"open","sticky":false,"template":"","format":"standard","meta":{"_acf_changed":false,"_yoast_wpseo_focuskw":"IT-Outsourcing","_yoast_wpseo_metadesc":"Technisch anspruchsvoll und zeitlich knapp bemessen: Das IT-Outsourcing-Projekt des gr\u00f6ssten Schweizer Einrichtungsh\u00e4ndlers stellte den IT-Dienstleister vor einige Herausforderungen.","articlekey":"","footnotes":""},"categories":[27],"tags":[156,286,288,393],"class_list":["post-3272","post","type-post","status-publish","format-standard","has-post-thumbnail","hentry","category-it","tag-digitalisierung","tag-it","tag-it-business-software","tag-produkte"],"acf":[],"yoast_head":"<!-- This site is optimized with the Yoast SEO plugin v27.5 - https:\/\/yoast.com\/product\/yoast-seo-wordpress\/ -->\n<title>M\u00f6bel Pfister AG setzt auf IT-Outsourcing - Organisator<\/title>\n<meta name=\"description\" content=\"Technisch anspruchsvoll und zeitlich knapp bemessen: Das IT-Outsourcing-Projekt des gr\u00f6ssten Schweizer Einrichtungsh\u00e4ndlers stellte den IT-Dienstleister vor einige Herausforderungen.\" \/>\n<meta name=\"robots\" content=\"index, follow, max-snippet:-1, max-image-preview:large, max-video-preview:-1\" \/>\n<link rel=\"canonical\" href=\"https:\/\/www.organisator.ch\/en\/management\/it\/2018-03-15\/moebel-pfister-ag-setzt-auf-it-outsourcing\/\" \/>\n<meta property=\"og:locale\" content=\"en_US\" \/>\n<meta property=\"og:type\" content=\"article\" \/>\n<meta property=\"og:title\" content=\"M\u00f6bel Pfister AG setzt auf IT-Outsourcing\" \/>\n<meta property=\"og:description\" content=\"Technisch anspruchsvoll und zeitlich knapp bemessen: Das #IT-Outsourcing-Projekt des gr\u00f6ssten Schweizer Einrichtungsh\u00e4ndlers stellte den #IT-Dienstleister vor einige Herausforderungen.\" \/>\n<meta property=\"og:url\" content=\"https:\/\/www.organisator.ch\/en\/management\/it\/2018-03-15\/moebel-pfister-ag-setzt-auf-it-outsourcing\/\" \/>\n<meta property=\"og:site_name\" content=\"Organisator\" \/>\n<meta property=\"article:publisher\" content=\"https:\/\/www.facebook.com\/OrganisatorFachmagazin\" \/>\n<meta property=\"article:published_time\" content=\"2018-03-15T09:00:45+00:00\" \/>\n<meta property=\"og:image\" content=\"https:\/\/www.organisator.ch\/wp-content\/uploads\/2018\/03\/2018_03_ICT_GIA_Bild2_1552754.jpg\" \/>\n\t<meta property=\"og:image:width\" content=\"1250\" \/>\n\t<meta property=\"og:image:height\" content=\"532\" \/>\n\t<meta property=\"og:image:type\" content=\"image\/jpeg\" \/>\n<meta name=\"author\" content=\"K4-Import\" \/>\n<meta name=\"twitter:card\" content=\"summary_large_image\" \/>\n<meta name=\"twitter:title\" content=\"M\u00f6bel Pfister AG setzt auf #IT-Outsourcing\" \/>\n<meta name=\"twitter:description\" content=\"Technisch anspruchsvoll und zeitlich knapp bemessen: Das #IT-Outsourcing-Projekt des gr\u00f6ssten Schweizer Einrichtungsh\u00e4ndlers stellte den #IT-Dienstleister vor einige Herausforderungen.\" \/>\n<meta name=\"twitter:image\" content=\"https:\/\/www.organisator.ch\/wp-content\/uploads\/2018\/03\/2018_03_ICT_GIA_Bild2_1552754.jpg\" \/>\n<script type=\"application\/ld+json\" class=\"yoast-schema-graph\">{\"@context\":\"https:\\\/\\\/schema.org\",\"@graph\":[{\"@type\":\"Article\",\"@id\":\"https:\\\/\\\/www.organisator.ch\\\/management\\\/it\\\/2018-03-15\\\/moebel-pfister-ag-setzt-auf-it-outsourcing\\\/#article\",\"isPartOf\":{\"@id\":\"https:\\\/\\\/www.organisator.ch\\\/management\\\/it\\\/2018-03-15\\\/moebel-pfister-ag-setzt-auf-it-outsourcing\\\/\"},\"author\":{\"name\":\"K4-Import\",\"@id\":\"https:\\\/\\\/www.organisator.ch\\\/#\\\/schema\\\/person\\\/dd8ffea01043c9c41d7718296a158fac\"},\"headline\":\"M\u00f6bel Pfister AG setzt auf IT-Outsourcing\",\"datePublished\":\"2018-03-15T09:00:45+00:00\",\"mainEntityOfPage\":{\"@id\":\"https:\\\/\\\/www.organisator.ch\\\/management\\\/it\\\/2018-03-15\\\/moebel-pfister-ag-setzt-auf-it-outsourcing\\\/\"},\"wordCount\":608,\"commentCount\":0,\"publisher\":{\"@id\":\"https:\\\/\\\/www.organisator.ch\\\/#organization\"},\"image\":{\"@id\":\"https:\\\/\\\/www.organisator.ch\\\/management\\\/it\\\/2018-03-15\\\/moebel-pfister-ag-setzt-auf-it-outsourcing\\\/#primaryimage\"},\"thumbnailUrl\":\"https:\\\/\\\/www.organisator.ch\\\/wp-content\\\/uploads\\\/2018\\\/03\\\/2018_03_ICT_GIA_Bild2_1552754.jpg\",\"keywords\":[\"Digitalisierung\",\"IT\",\"IT &amp; Business Software\",\"Produkte\"],\"articleSection\":[\"IT\"],\"inLanguage\":\"en-US\"},{\"@type\":\"WebPage\",\"@id\":\"https:\\\/\\\/www.organisator.ch\\\/management\\\/it\\\/2018-03-15\\\/moebel-pfister-ag-setzt-auf-it-outsourcing\\\/\",\"url\":\"https:\\\/\\\/www.organisator.ch\\\/management\\\/it\\\/2018-03-15\\\/moebel-pfister-ag-setzt-auf-it-outsourcing\\\/\",\"name\":\"M\u00f6bel Pfister AG setzt auf IT-Outsourcing - Organisator\",\"isPartOf\":{\"@id\":\"https:\\\/\\\/www.organisator.ch\\\/#website\"},\"primaryImageOfPage\":{\"@id\":\"https:\\\/\\\/www.organisator.ch\\\/management\\\/it\\\/2018-03-15\\\/moebel-pfister-ag-setzt-auf-it-outsourcing\\\/#primaryimage\"},\"image\":{\"@id\":\"https:\\\/\\\/www.organisator.ch\\\/management\\\/it\\\/2018-03-15\\\/moebel-pfister-ag-setzt-auf-it-outsourcing\\\/#primaryimage\"},\"thumbnailUrl\":\"https:\\\/\\\/www.organisator.ch\\\/wp-content\\\/uploads\\\/2018\\\/03\\\/2018_03_ICT_GIA_Bild2_1552754.jpg\",\"datePublished\":\"2018-03-15T09:00:45+00:00\",\"description\":\"Technisch anspruchsvoll und zeitlich knapp bemessen: Das IT-Outsourcing-Projekt des gr\u00f6ssten Schweizer Einrichtungsh\u00e4ndlers stellte den IT-Dienstleister vor einige Herausforderungen.\",\"breadcrumb\":{\"@id\":\"https:\\\/\\\/www.organisator.ch\\\/management\\\/it\\\/2018-03-15\\\/moebel-pfister-ag-setzt-auf-it-outsourcing\\\/#breadcrumb\"},\"inLanguage\":\"en-US\",\"potentialAction\":[{\"@type\":\"ReadAction\",\"target\":[\"https:\\\/\\\/www.organisator.ch\\\/management\\\/it\\\/2018-03-15\\\/moebel-pfister-ag-setzt-auf-it-outsourcing\\\/\"]}]},{\"@type\":\"ImageObject\",\"inLanguage\":\"en-US\",\"@id\":\"https:\\\/\\\/www.organisator.ch\\\/management\\\/it\\\/2018-03-15\\\/moebel-pfister-ag-setzt-auf-it-outsourcing\\\/#primaryimage\",\"url\":\"https:\\\/\\\/www.organisator.ch\\\/wp-content\\\/uploads\\\/2018\\\/03\\\/2018_03_ICT_GIA_Bild2_1552754.jpg\",\"contentUrl\":\"https:\\\/\\\/www.organisator.ch\\\/wp-content\\\/uploads\\\/2018\\\/03\\\/2018_03_ICT_GIA_Bild2_1552754.jpg\",\"width\":1250,\"height\":532,\"caption\":\"Die Pfister-Filiale in Lyssach ist eine von 20 Zweigniederlassungen in der Schweiz. (Bild: Pfister AG)\"},{\"@type\":\"BreadcrumbList\",\"@id\":\"https:\\\/\\\/www.organisator.ch\\\/management\\\/it\\\/2018-03-15\\\/moebel-pfister-ag-setzt-auf-it-outsourcing\\\/#breadcrumb\",\"itemListElement\":[{\"@type\":\"ListItem\",\"position\":1,\"name\":\"Home\",\"item\":\"https:\\\/\\\/www.organisator.ch\\\/\"},{\"@type\":\"ListItem\",\"position\":2,\"name\":\"M\u00f6bel Pfister AG setzt auf IT-Outsourcing\"}]},{\"@type\":\"WebSite\",\"@id\":\"https:\\\/\\\/www.organisator.ch\\\/#website\",\"url\":\"https:\\\/\\\/www.organisator.ch\\\/\",\"name\":\"Organisator\",\"description\":\"Kompetent. Praxisnah. Der ORGANISATOR bereitet in 10 Ausgaben pro Jahr die wesentlichen Themen f\u00fcr F\u00fchrungskr\u00e4fte von KMU auf.\",\"publisher\":{\"@id\":\"https:\\\/\\\/www.organisator.ch\\\/#organization\"},\"potentialAction\":[{\"@type\":\"SearchAction\",\"target\":{\"@type\":\"EntryPoint\",\"urlTemplate\":\"https:\\\/\\\/www.organisator.ch\\\/?s={search_term_string}\"},\"query-input\":{\"@type\":\"PropertyValueSpecification\",\"valueRequired\":true,\"valueName\":\"search_term_string\"}}],\"inLanguage\":\"en-US\"},{\"@type\":\"Organization\",\"@id\":\"https:\\\/\\\/www.organisator.ch\\\/#organization\",\"name\":\"Organisator\",\"url\":\"https:\\\/\\\/www.organisator.ch\\\/\",\"logo\":{\"@type\":\"ImageObject\",\"inLanguage\":\"en-US\",\"@id\":\"https:\\\/\\\/www.organisator.ch\\\/#\\\/schema\\\/logo\\\/image\\\/\",\"url\":\"https:\\\/\\\/www.organisator.ch\\\/wp-content\\\/uploads\\\/2022\\\/01\\\/Logo_Organisator_Website.png\",\"contentUrl\":\"https:\\\/\\\/www.organisator.ch\\\/wp-content\\\/uploads\\\/2022\\\/01\\\/Logo_Organisator_Website.png\",\"width\":800,\"height\":77,\"caption\":\"Organisator\"},\"image\":{\"@id\":\"https:\\\/\\\/www.organisator.ch\\\/#\\\/schema\\\/logo\\\/image\\\/\"},\"sameAs\":[\"https:\\\/\\\/www.facebook.com\\\/OrganisatorFachmagazin\",\"https:\\\/\\\/www.linkedin.com\\\/showcase\\\/organisator-das-magazin-fr-kmu\",\"https:\\\/\\\/www.xing.com\\\/news\\\/pages\\\/organisator-ch-695\",\"https:\\\/\\\/www.youtube.com\\\/channel\\\/UCGP2Sq0iWaZwT3BdIAQFYpw\"]},{\"@type\":\"Person\",\"@id\":\"https:\\\/\\\/www.organisator.ch\\\/#\\\/schema\\\/person\\\/dd8ffea01043c9c41d7718296a158fac\",\"name\":\"K4-Import\",\"image\":{\"@type\":\"ImageObject\",\"inLanguage\":\"en-US\",\"@id\":\"https:\\\/\\\/secure.gravatar.com\\\/avatar\\\/73620ab7215a54b074cc226514e02ed65cb79211bbaee1eb49b63b57e58aaad6?s=96&d=mm&r=g\",\"url\":\"https:\\\/\\\/secure.gravatar.com\\\/avatar\\\/73620ab7215a54b074cc226514e02ed65cb79211bbaee1eb49b63b57e58aaad6?s=96&d=mm&r=g\",\"contentUrl\":\"https:\\\/\\\/secure.gravatar.com\\\/avatar\\\/73620ab7215a54b074cc226514e02ed65cb79211bbaee1eb49b63b57e58aaad6?s=96&d=mm&r=g\",\"caption\":\"K4-Import\"},\"url\":\"https:\\\/\\\/www.organisator.ch\\\/en\\\/author\\\/k4-import\\\/\"}]}<\/script>\n<!-- \/ Yoast SEO plugin. -->","yoast_head_json":{"title":"M\u00f6bel Pfister AG relies on IT outsourcing - Organizer","description":"Technically demanding and on a tight schedule: The IT outsourcing project of Switzerland's largest furniture retailer presented the IT service provider with a number of challenges.","robots":{"index":"index","follow":"follow","max-snippet":"max-snippet:-1","max-image-preview":"max-image-preview:large","max-video-preview":"max-video-preview:-1"},"canonical":"https:\/\/www.organisator.ch\/en\/management\/it\/2018-03-15\/moebel-pfister-ag-setzt-auf-it-outsourcing\/","og_locale":"en_US","og_type":"article","og_title":"M\u00f6bel Pfister AG setzt auf IT-Outsourcing","og_description":"Technisch anspruchsvoll und zeitlich knapp bemessen: Das #IT-Outsourcing-Projekt des gr\u00f6ssten Schweizer Einrichtungsh\u00e4ndlers stellte den #IT-Dienstleister vor einige Herausforderungen.","og_url":"https:\/\/www.organisator.ch\/en\/management\/it\/2018-03-15\/moebel-pfister-ag-setzt-auf-it-outsourcing\/","og_site_name":"Organisator","article_publisher":"https:\/\/www.facebook.com\/OrganisatorFachmagazin","article_published_time":"2018-03-15T09:00:45+00:00","og_image":[{"width":1250,"height":532,"url":"https:\/\/www.organisator.ch\/wp-content\/uploads\/2018\/03\/2018_03_ICT_GIA_Bild2_1552754.jpg","type":"image\/jpeg"}],"author":"K4-Import","twitter_card":"summary_large_image","twitter_title":"M\u00f6bel Pfister AG setzt auf #IT-Outsourcing","twitter_description":"Technisch anspruchsvoll und zeitlich knapp bemessen: Das #IT-Outsourcing-Projekt des gr\u00f6ssten Schweizer Einrichtungsh\u00e4ndlers stellte den #IT-Dienstleister vor einige Herausforderungen.","twitter_image":"https:\/\/www.organisator.ch\/wp-content\/uploads\/2018\/03\/2018_03_ICT_GIA_Bild2_1552754.jpg","schema":{"@context":"https:\/\/schema.org","@graph":[{"@type":"Article","@id":"https:\/\/www.organisator.ch\/management\/it\/2018-03-15\/moebel-pfister-ag-setzt-auf-it-outsourcing\/#article","isPartOf":{"@id":"https:\/\/www.organisator.ch\/management\/it\/2018-03-15\/moebel-pfister-ag-setzt-auf-it-outsourcing\/"},"author":{"name":"K4-Import","@id":"https:\/\/www.organisator.ch\/#\/schema\/person\/dd8ffea01043c9c41d7718296a158fac"},"headline":"M\u00f6bel Pfister AG setzt auf IT-Outsourcing","datePublished":"2018-03-15T09:00:45+00:00","mainEntityOfPage":{"@id":"https:\/\/www.organisator.ch\/management\/it\/2018-03-15\/moebel-pfister-ag-setzt-auf-it-outsourcing\/"},"wordCount":608,"commentCount":0,"publisher":{"@id":"https:\/\/www.organisator.ch\/#organization"},"image":{"@id":"https:\/\/www.organisator.ch\/management\/it\/2018-03-15\/moebel-pfister-ag-setzt-auf-it-outsourcing\/#primaryimage"},"thumbnailUrl":"https:\/\/www.organisator.ch\/wp-content\/uploads\/2018\/03\/2018_03_ICT_GIA_Bild2_1552754.jpg","keywords":["Digitalisierung","IT","IT &amp; Business Software","Produkte"],"articleSection":["IT"],"inLanguage":"en-US"},{"@type":"WebPage","@id":"https:\/\/www.organisator.ch\/management\/it\/2018-03-15\/moebel-pfister-ag-setzt-auf-it-outsourcing\/","url":"https:\/\/www.organisator.ch\/management\/it\/2018-03-15\/moebel-pfister-ag-setzt-auf-it-outsourcing\/","name":"M\u00f6bel Pfister AG relies on IT outsourcing - Organizer","isPartOf":{"@id":"https:\/\/www.organisator.ch\/#website"},"primaryImageOfPage":{"@id":"https:\/\/www.organisator.ch\/management\/it\/2018-03-15\/moebel-pfister-ag-setzt-auf-it-outsourcing\/#primaryimage"},"image":{"@id":"https:\/\/www.organisator.ch\/management\/it\/2018-03-15\/moebel-pfister-ag-setzt-auf-it-outsourcing\/#primaryimage"},"thumbnailUrl":"https:\/\/www.organisator.ch\/wp-content\/uploads\/2018\/03\/2018_03_ICT_GIA_Bild2_1552754.jpg","datePublished":"2018-03-15T09:00:45+00:00","description":"Technically demanding and on a tight schedule: The IT outsourcing project of Switzerland's largest furniture retailer presented the IT service provider with a number of challenges.","breadcrumb":{"@id":"https:\/\/www.organisator.ch\/management\/it\/2018-03-15\/moebel-pfister-ag-setzt-auf-it-outsourcing\/#breadcrumb"},"inLanguage":"en-US","potentialAction":[{"@type":"ReadAction","target":["https:\/\/www.organisator.ch\/management\/it\/2018-03-15\/moebel-pfister-ag-setzt-auf-it-outsourcing\/"]}]},{"@type":"ImageObject","inLanguage":"en-US","@id":"https:\/\/www.organisator.ch\/management\/it\/2018-03-15\/moebel-pfister-ag-setzt-auf-it-outsourcing\/#primaryimage","url":"https:\/\/www.organisator.ch\/wp-content\/uploads\/2018\/03\/2018_03_ICT_GIA_Bild2_1552754.jpg","contentUrl":"https:\/\/www.organisator.ch\/wp-content\/uploads\/2018\/03\/2018_03_ICT_GIA_Bild2_1552754.jpg","width":1250,"height":532,"caption":"Die Pfister-Filiale in Lyssach ist eine von 20 Zweigniederlassungen in der Schweiz. (Bild: Pfister AG)"},{"@type":"BreadcrumbList","@id":"https:\/\/www.organisator.ch\/management\/it\/2018-03-15\/moebel-pfister-ag-setzt-auf-it-outsourcing\/#breadcrumb","itemListElement":[{"@type":"ListItem","position":1,"name":"Home","item":"https:\/\/www.organisator.ch\/"},{"@type":"ListItem","position":2,"name":"M\u00f6bel Pfister AG setzt auf IT-Outsourcing"}]},{"@type":"WebSite","@id":"https:\/\/www.organisator.ch\/#website","url":"https:\/\/www.organisator.ch\/","name":"Organizer","description":"Competent. Practical. In 10 issues per year, ORGANISATOR presents the essential topics for managers of SMEs.","publisher":{"@id":"https:\/\/www.organisator.ch\/#organization"},"potentialAction":[{"@type":"SearchAction","target":{"@type":"EntryPoint","urlTemplate":"https:\/\/www.organisator.ch\/?s={search_term_string}"},"query-input":{"@type":"PropertyValueSpecification","valueRequired":true,"valueName":"search_term_string"}}],"inLanguage":"en-US"},{"@type":"Organization","@id":"https:\/\/www.organisator.ch\/#organization","name":"Organizer","url":"https:\/\/www.organisator.ch\/","logo":{"@type":"ImageObject","inLanguage":"en-US","@id":"https:\/\/www.organisator.ch\/#\/schema\/logo\/image\/","url":"https:\/\/www.organisator.ch\/wp-content\/uploads\/2022\/01\/Logo_Organisator_Website.png","contentUrl":"https:\/\/www.organisator.ch\/wp-content\/uploads\/2022\/01\/Logo_Organisator_Website.png","width":800,"height":77,"caption":"Organisator"},"image":{"@id":"https:\/\/www.organisator.ch\/#\/schema\/logo\/image\/"},"sameAs":["https:\/\/www.facebook.com\/OrganisatorFachmagazin","https:\/\/www.linkedin.com\/showcase\/organisator-das-magazin-fr-kmu","https:\/\/www.xing.com\/news\/pages\/organisator-ch-695","https:\/\/www.youtube.com\/channel\/UCGP2Sq0iWaZwT3BdIAQFYpw"]},{"@type":"Person","@id":"https:\/\/www.organisator.ch\/#\/schema\/person\/dd8ffea01043c9c41d7718296a158fac","name":"K4 import","image":{"@type":"ImageObject","inLanguage":"en-US","@id":"https:\/\/secure.gravatar.com\/avatar\/73620ab7215a54b074cc226514e02ed65cb79211bbaee1eb49b63b57e58aaad6?s=96&d=mm&r=g","url":"https:\/\/secure.gravatar.com\/avatar\/73620ab7215a54b074cc226514e02ed65cb79211bbaee1eb49b63b57e58aaad6?s=96&d=mm&r=g","contentUrl":"https:\/\/secure.gravatar.com\/avatar\/73620ab7215a54b074cc226514e02ed65cb79211bbaee1eb49b63b57e58aaad6?s=96&d=mm&r=g","caption":"K4-Import"},"url":"https:\/\/www.organisator.ch\/en\/author\/k4-import\/"}]}},"_links":{"self":[{"href":"https:\/\/www.organisator.ch\/en\/wp-json\/wp\/v2\/posts\/3272","targetHints":{"allow":["GET"]}}],"collection":[{"href":"https:\/\/www.organisator.ch\/en\/wp-json\/wp\/v2\/posts"}],"about":[{"href":"https:\/\/www.organisator.ch\/en\/wp-json\/wp\/v2\/types\/post"}],"author":[{"embeddable":true,"href":"https:\/\/www.organisator.ch\/en\/wp-json\/wp\/v2\/users\/7"}],"replies":[{"embeddable":true,"href":"https:\/\/www.organisator.ch\/en\/wp-json\/wp\/v2\/comments?post=3272"}],"version-history":[{"count":0,"href":"https:\/\/www.organisator.ch\/en\/wp-json\/wp\/v2\/posts\/3272\/revisions"}],"wp:featuredmedia":[{"embeddable":true,"href":"https:\/\/www.organisator.ch\/en\/wp-json\/wp\/v2\/media\/3275"}],"wp:attachment":[{"href":"https:\/\/www.organisator.ch\/en\/wp-json\/wp\/v2\/media?parent=3272"}],"wp:term":[{"taxonomy":"category","embeddable":true,"href":"https:\/\/www.organisator.ch\/en\/wp-json\/wp\/v2\/categories?post=3272"},{"taxonomy":"post_tag","embeddable":true,"href":"https:\/\/www.organisator.ch\/en\/wp-json\/wp\/v2\/tags?post=3272"}],"curies":[{"name":"wp","href":"https:\/\/api.w.org\/{rel}","templated":true}]}}