{"id":32736,"date":"2024-11-14T06:00:48","date_gmt":"2024-11-14T05:00:48","guid":{"rendered":"https:\/\/www.organisator.ch\/?p=32736"},"modified":"2024-11-13T11:09:42","modified_gmt":"2024-11-13T10:09:42","slug":"schweiz-belegt-zweiten-platz-im-internationalen-digitalisierungsbarometer","status":"publish","type":"post","link":"https:\/\/www.organisator.ch\/en\/operational-excellence\/2024-11-14\/schweiz-belegt-zweiten-platz-im-internationalen-digitalisierungsbarometer\/","title":{"rendered":"Switzerland takes second place in the international digitalization barometer"},"content":{"rendered":"<figure id=\"attachment_32738\" aria-describedby=\"caption-attachment-32738\" style=\"width: 680px\" class=\"wp-caption alignnone\"><img loading=\"lazy\" decoding=\"async\" class=\"size-full wp-image-32738\" src=\"https:\/\/www.organisator.ch\/wp-content\/uploads\/2024\/11\/Embargo-Schweiz_Bild1_ps.jpg\" alt=\"\" width=\"680\" height=\"476\" srcset=\"https:\/\/www.organisator.ch\/wp-content\/uploads\/2024\/11\/Embargo-Schweiz_Bild1_ps.jpg 680w, https:\/\/www.organisator.ch\/wp-content\/uploads\/2024\/11\/Embargo-Schweiz_Bild1_ps-18x12.jpg 18w, https:\/\/www.organisator.ch\/wp-content\/uploads\/2024\/11\/Embargo-Schweiz_Bild1_ps-375x263.jpg 375w, https:\/\/www.organisator.ch\/wp-content\/uploads\/2024\/11\/Embargo-Schweiz_Bild1_ps-500x350.jpg 500w\" sizes=\"auto, (max-width: 680px) 100vw, 680px\" \/><figcaption id=\"caption-attachment-32738\" class=\"wp-caption-text\">Switzerland remains at the top in the knowledge factor and is improving in both the technology and sustainability factors. (Image: www.depositphotos.com)<\/figcaption><\/figure>\n<p>\"Switzerland's rise to second place underlines the crucial role that skilled talent, effective regulation and the protection of intellectual property play in digital resilience. By further improving cybersecurity measures and promoting citizen engagement in digital spaces, Switzerland can extend its leadership in the digital age,\" says Christos Cabolis. He is Chief Economist at the IMD's World Competitiveness Center (WCC).<\/p>\n<p>Franziska Barmettler, CEO of digitalswitzerland, adds: \"Switzerland's excellent ranking underlines the joint efforts of business, politics and society to promote digitalization in the interests of the country. The goal now must be to remain among the best in the future.\" It is also clear to Barmettler: \"Switzerland still has room for improvement: Digital identity is already a reality in other countries and the electronic patient dossier is also a long time coming. Such projects require not only investment, but also trust in technologies, data security and institutions. The focus must be on building trust so that Switzerland can remain competitive.\"\u00a0<\/p>\n<h3><strong>Progress in high-tech exports, e-participation and cyber security\u00a0 <\/strong><\/h3>\n<p>The annual ranking, which is compiled by the IMD's World Competitiveness Center (WCC), is based on data and surveys, thus determining the digital competitiveness of 67 global economies and highlighting their strengths and weaknesses.\u00a0<\/p>\n<p>The ranking divides the results into three factors: Knowledge, Technology and Sustainability. Each of these factors is divided into three sub-factors that shed light on each facet of the areas analyzed. In total, the ranking comprises nine such sub-factors. These nine sub-factors comprise a total of 59 criteria.<\/p>\n<p>Switzerland remains at the top in the knowledge factor and improved in both the technology (fourth place) and future viability (fifth place) factors. The country continues to perform very well in the sub-factors skilled workers (third place), legal framework (second place) and business flexibility (seventh place) and shows notable improvements in the sub-factors research location (second place) and technological framework (seventh place).\u00a0<\/p>\n<p>In the areas of education and training (8th place) and IT integration (7th place), Switzerland dropped one place in each. However, Switzerland is characterized by an overall balanced performance in all factors of the WDRC and ranks among the top 10 in seven of the nine sub-factors.<\/p>\n<p>\"Switzerland's impressive performance in the World Digital Competitiveness Ranking underlines the country's consistent strength in various areas, with a focus on governance, skilled labor and technological infrastructure. Switzerland's ability to attract highly skilled international professionals, as well as its strong intellectual property protection and effective regulatory framework, are testament to its commitment to innovation. With a stable credit rating and top marks for the availability of executives with international experience, Switzerland remains a popular destination for digital investment and knowledge transfer,\" said Jos\u00e9 Caballero, Chief Economist at the WCC.<\/p>\n<p>However, despite an increase in high-tech exports and cybersecurity capabilities, Switzerland still struggles with certain technological infrastructure metrics and ranks 52nd in wireless broadband connection speed, for example.<\/p>\n<h3><strong>A ranking in the course of time<\/strong><\/h3>\n<p>IMD is continuously developing the ranking in order to best reflect the changing conditions of digital administration, business and society. To this end, the following indicators were introduced or improved this year: an index for computer science education, recording the number of peer-reviewed articles and guidelines on AI, the number of secure internet servers and a measurement of people's flexibility and adaptability in the face of new challenges.<\/p>\n<p>This year, the report accompanying the ranking - The Digital Divide: Risks and Opportunities - examines the global impact of three phenomena: the uneven development of digital infrastructure, geopolitical tensions and the rapid pace of technological development.<\/p>\n<p><em>Source: <a href=\"http:\/\/www.imd.org\">www.imd.org<\/a><\/em><\/p>","protected":false},"excerpt":{"rendered":"<p>Switzerland is now in second place in the World Digital Competitiveness Ranking (WDCR), an international comparison of 67 countries. This is the country's best position since the ranking was introduced in 2017, with an improvement of three places compared to last year's edition. Singapore takes first place in 2024, followed by Denmark in third place.<\/p>","protected":false},"author":80,"featured_media":32738,"comment_status":"closed","ping_status":"closed","sticky":false,"template":"","format":"standard","meta":{"_acf_changed":false,"_yoast_wpseo_focuskw":"die Schweiz","_yoast_wpseo_metadesc":"Die Schweiz belegt neu den zweiten Platz im World Digital Competitiveness Ranking (WDCR), einem internationalen Vergleich von 67 L\u00e4ndern.","articlekey":"","footnotes":""},"categories":[582],"tags":[608,156,279,404,424],"class_list":["post-32736","post","type-post","status-publish","format-standard","has-post-thumbnail","hentry","category-operational-excellence","tag-cybersicherheit","tag-digitalisierung","tag-international-institute-for-management-development-imd","tag-ranking","tag-schweiz"],"acf":[],"yoast_head":"<!-- This site is optimized with the Yoast SEO plugin v27.5 - https:\/\/yoast.com\/product\/yoast-seo-wordpress\/ -->\n<title>Schweiz belegt zweiten Platz im internationalen Digitalisierungsbarometer - Organisator<\/title>\n<meta name=\"description\" content=\"Die Schweiz belegt neu den zweiten Platz im World Digital Competitiveness Ranking (WDCR), einem internationalen Vergleich von 67 L\u00e4ndern.\" \/>\n<meta name=\"robots\" content=\"index, follow, max-snippet:-1, max-image-preview:large, max-video-preview:-1\" \/>\n<link rel=\"canonical\" href=\"https:\/\/www.organisator.ch\/en\/operational-excellence\/2024-11-14\/schweiz-belegt-zweiten-platz-im-internationalen-digitalisierungsbarometer\/\" \/>\n<meta property=\"og:locale\" content=\"en_US\" \/>\n<meta property=\"og:type\" content=\"article\" \/>\n<meta property=\"og:title\" content=\"Schweiz belegt zweiten Platz im internationalen Digitalisierungsbarometer\" \/>\n<meta property=\"og:description\" content=\"Die Schweiz belegt neu den zweiten Platz im World Digital Competitiveness Ranking (WDCR), einem internationalen Vergleich von 67 L\u00e4ndern.\" \/>\n<meta property=\"og:url\" content=\"https:\/\/www.organisator.ch\/en\/operational-excellence\/2024-11-14\/schweiz-belegt-zweiten-platz-im-internationalen-digitalisierungsbarometer\/\" \/>\n<meta property=\"og:site_name\" content=\"Organisator\" \/>\n<meta property=\"article:publisher\" content=\"https:\/\/www.facebook.com\/OrganisatorFachmagazin\" \/>\n<meta property=\"article:published_time\" content=\"2024-11-14T05:00:48+00:00\" \/>\n<meta property=\"og:image\" content=\"https:\/\/www.organisator.ch\/wp-content\/uploads\/2024\/11\/Embargo-Schweiz_Bild1_ps.jpg\" \/>\n\t<meta property=\"og:image:width\" content=\"680\" \/>\n\t<meta property=\"og:image:height\" content=\"476\" \/>\n\t<meta property=\"og:image:type\" content=\"image\/jpeg\" \/>\n<meta name=\"author\" content=\"Dzana Muminovic\" \/>\n<meta name=\"twitter:card\" content=\"summary_large_image\" \/>\n<meta name=\"twitter:title\" content=\"Schweiz belegt zweiten Platz im internationalen Digitalisierungsbarometer\" \/>\n<meta name=\"twitter:description\" content=\"Die #Schweiz belegt neu den zweiten Platz im #World #Digital #Competitiveness #Ranking (#WDCR), einem #internationalen #Vergleich von 67 L\u00e4ndern.\" \/>\n<meta name=\"twitter:image\" content=\"https:\/\/www.organisator.ch\/wp-content\/uploads\/2024\/11\/Embargo-Schweiz_Bild1_ps.jpg\" \/>\n<script type=\"application\/ld+json\" class=\"yoast-schema-graph\">{\"@context\":\"https:\\\/\\\/schema.org\",\"@graph\":[{\"@type\":\"Article\",\"@id\":\"https:\\\/\\\/www.organisator.ch\\\/operational-excellence\\\/2024-11-14\\\/schweiz-belegt-zweiten-platz-im-internationalen-digitalisierungsbarometer\\\/#article\",\"isPartOf\":{\"@id\":\"https:\\\/\\\/www.organisator.ch\\\/operational-excellence\\\/2024-11-14\\\/schweiz-belegt-zweiten-platz-im-internationalen-digitalisierungsbarometer\\\/\"},\"author\":{\"name\":\"Dzana Muminovic\",\"@id\":\"https:\\\/\\\/www.organisator.ch\\\/#\\\/schema\\\/person\\\/afccda3a71c06d4be2ed9100dd163db7\"},\"headline\":\"Schweiz belegt zweiten Platz im internationalen Digitalisierungsbarometer\",\"datePublished\":\"2024-11-14T05:00:48+00:00\",\"mainEntityOfPage\":{\"@id\":\"https:\\\/\\\/www.organisator.ch\\\/operational-excellence\\\/2024-11-14\\\/schweiz-belegt-zweiten-platz-im-internationalen-digitalisierungsbarometer\\\/\"},\"wordCount\":669,\"publisher\":{\"@id\":\"https:\\\/\\\/www.organisator.ch\\\/#organization\"},\"image\":{\"@id\":\"https:\\\/\\\/www.organisator.ch\\\/operational-excellence\\\/2024-11-14\\\/schweiz-belegt-zweiten-platz-im-internationalen-digitalisierungsbarometer\\\/#primaryimage\"},\"thumbnailUrl\":\"https:\\\/\\\/www.organisator.ch\\\/wp-content\\\/uploads\\\/2024\\\/11\\\/Embargo-Schweiz_Bild1_ps.jpg\",\"keywords\":[\"Cybersicherheit\",\"Digitalisierung\",\"International Institute for Management Development\u00a0(IMD)\",\"Ranking\",\"Schweiz\"],\"articleSection\":[\"OPERATIONAL EXCELLENCE\"],\"inLanguage\":\"en-US\"},{\"@type\":\"WebPage\",\"@id\":\"https:\\\/\\\/www.organisator.ch\\\/operational-excellence\\\/2024-11-14\\\/schweiz-belegt-zweiten-platz-im-internationalen-digitalisierungsbarometer\\\/\",\"url\":\"https:\\\/\\\/www.organisator.ch\\\/operational-excellence\\\/2024-11-14\\\/schweiz-belegt-zweiten-platz-im-internationalen-digitalisierungsbarometer\\\/\",\"name\":\"Schweiz belegt zweiten Platz im internationalen Digitalisierungsbarometer - Organisator\",\"isPartOf\":{\"@id\":\"https:\\\/\\\/www.organisator.ch\\\/#website\"},\"primaryImageOfPage\":{\"@id\":\"https:\\\/\\\/www.organisator.ch\\\/operational-excellence\\\/2024-11-14\\\/schweiz-belegt-zweiten-platz-im-internationalen-digitalisierungsbarometer\\\/#primaryimage\"},\"image\":{\"@id\":\"https:\\\/\\\/www.organisator.ch\\\/operational-excellence\\\/2024-11-14\\\/schweiz-belegt-zweiten-platz-im-internationalen-digitalisierungsbarometer\\\/#primaryimage\"},\"thumbnailUrl\":\"https:\\\/\\\/www.organisator.ch\\\/wp-content\\\/uploads\\\/2024\\\/11\\\/Embargo-Schweiz_Bild1_ps.jpg\",\"datePublished\":\"2024-11-14T05:00:48+00:00\",\"description\":\"Die Schweiz belegt neu den zweiten Platz im World Digital Competitiveness Ranking (WDCR), einem internationalen Vergleich von 67 L\u00e4ndern.\",\"breadcrumb\":{\"@id\":\"https:\\\/\\\/www.organisator.ch\\\/operational-excellence\\\/2024-11-14\\\/schweiz-belegt-zweiten-platz-im-internationalen-digitalisierungsbarometer\\\/#breadcrumb\"},\"inLanguage\":\"en-US\",\"potentialAction\":[{\"@type\":\"ReadAction\",\"target\":[\"https:\\\/\\\/www.organisator.ch\\\/operational-excellence\\\/2024-11-14\\\/schweiz-belegt-zweiten-platz-im-internationalen-digitalisierungsbarometer\\\/\"]}]},{\"@type\":\"ImageObject\",\"inLanguage\":\"en-US\",\"@id\":\"https:\\\/\\\/www.organisator.ch\\\/operational-excellence\\\/2024-11-14\\\/schweiz-belegt-zweiten-platz-im-internationalen-digitalisierungsbarometer\\\/#primaryimage\",\"url\":\"https:\\\/\\\/www.organisator.ch\\\/wp-content\\\/uploads\\\/2024\\\/11\\\/Embargo-Schweiz_Bild1_ps.jpg\",\"contentUrl\":\"https:\\\/\\\/www.organisator.ch\\\/wp-content\\\/uploads\\\/2024\\\/11\\\/Embargo-Schweiz_Bild1_ps.jpg\",\"width\":680,\"height\":476,\"caption\":\"Die Schweiz bleibt an der Spitze im Faktor Wissen und verbessert sich sowohl bei den Faktoren Technologie und Zukunftsf\u00e4higkeit. (Bild: www.depositphotos.com)\"},{\"@type\":\"BreadcrumbList\",\"@id\":\"https:\\\/\\\/www.organisator.ch\\\/operational-excellence\\\/2024-11-14\\\/schweiz-belegt-zweiten-platz-im-internationalen-digitalisierungsbarometer\\\/#breadcrumb\",\"itemListElement\":[{\"@type\":\"ListItem\",\"position\":1,\"name\":\"Home\",\"item\":\"https:\\\/\\\/www.organisator.ch\\\/\"},{\"@type\":\"ListItem\",\"position\":2,\"name\":\"Schweiz belegt zweiten Platz im internationalen Digitalisierungsbarometer\"}]},{\"@type\":\"WebSite\",\"@id\":\"https:\\\/\\\/www.organisator.ch\\\/#website\",\"url\":\"https:\\\/\\\/www.organisator.ch\\\/\",\"name\":\"Organisator\",\"description\":\"Kompetent. Praxisnah. Der ORGANISATOR bereitet in 10 Ausgaben pro Jahr die wesentlichen Themen f\u00fcr F\u00fchrungskr\u00e4fte von KMU auf.\",\"publisher\":{\"@id\":\"https:\\\/\\\/www.organisator.ch\\\/#organization\"},\"potentialAction\":[{\"@type\":\"SearchAction\",\"target\":{\"@type\":\"EntryPoint\",\"urlTemplate\":\"https:\\\/\\\/www.organisator.ch\\\/?s={search_term_string}\"},\"query-input\":{\"@type\":\"PropertyValueSpecification\",\"valueRequired\":true,\"valueName\":\"search_term_string\"}}],\"inLanguage\":\"en-US\"},{\"@type\":\"Organization\",\"@id\":\"https:\\\/\\\/www.organisator.ch\\\/#organization\",\"name\":\"Organisator\",\"url\":\"https:\\\/\\\/www.organisator.ch\\\/\",\"logo\":{\"@type\":\"ImageObject\",\"inLanguage\":\"en-US\",\"@id\":\"https:\\\/\\\/www.organisator.ch\\\/#\\\/schema\\\/logo\\\/image\\\/\",\"url\":\"https:\\\/\\\/www.organisator.ch\\\/wp-content\\\/uploads\\\/2022\\\/01\\\/Logo_Organisator_Website.png\",\"contentUrl\":\"https:\\\/\\\/www.organisator.ch\\\/wp-content\\\/uploads\\\/2022\\\/01\\\/Logo_Organisator_Website.png\",\"width\":800,\"height\":77,\"caption\":\"Organisator\"},\"image\":{\"@id\":\"https:\\\/\\\/www.organisator.ch\\\/#\\\/schema\\\/logo\\\/image\\\/\"},\"sameAs\":[\"https:\\\/\\\/www.facebook.com\\\/OrganisatorFachmagazin\",\"https:\\\/\\\/www.linkedin.com\\\/showcase\\\/organisator-das-magazin-fr-kmu\",\"https:\\\/\\\/www.xing.com\\\/news\\\/pages\\\/organisator-ch-695\",\"https:\\\/\\\/www.youtube.com\\\/channel\\\/UCGP2Sq0iWaZwT3BdIAQFYpw\"]},{\"@type\":\"Person\",\"@id\":\"https:\\\/\\\/www.organisator.ch\\\/#\\\/schema\\\/person\\\/afccda3a71c06d4be2ed9100dd163db7\",\"name\":\"Dzana Muminovic\",\"image\":{\"@type\":\"ImageObject\",\"inLanguage\":\"en-US\",\"@id\":\"https:\\\/\\\/secure.gravatar.com\\\/avatar\\\/909c5c71aff4b38e88686f2ab2f1ba152571f394f41ed8bae431ea56ced93050?s=96&d=mm&r=g\",\"url\":\"https:\\\/\\\/secure.gravatar.com\\\/avatar\\\/909c5c71aff4b38e88686f2ab2f1ba152571f394f41ed8bae431ea56ced93050?s=96&d=mm&r=g\",\"contentUrl\":\"https:\\\/\\\/secure.gravatar.com\\\/avatar\\\/909c5c71aff4b38e88686f2ab2f1ba152571f394f41ed8bae431ea56ced93050?s=96&d=mm&r=g\",\"caption\":\"Dzana Muminovic\"},\"url\":\"https:\\\/\\\/www.organisator.ch\\\/en\\\/author\\\/dzana-muminovic\\\/\"}]}<\/script>\n<!-- \/ Yoast SEO plugin. -->","yoast_head_json":{"title":"Switzerland takes second place in international digitalization barometer - Organizer","description":"Switzerland is now in second place in the World Digital Competitiveness Ranking (WDCR), an international comparison of 67 countries.","robots":{"index":"index","follow":"follow","max-snippet":"max-snippet:-1","max-image-preview":"max-image-preview:large","max-video-preview":"max-video-preview:-1"},"canonical":"https:\/\/www.organisator.ch\/en\/operational-excellence\/2024-11-14\/schweiz-belegt-zweiten-platz-im-internationalen-digitalisierungsbarometer\/","og_locale":"en_US","og_type":"article","og_title":"Schweiz belegt zweiten Platz im internationalen Digitalisierungsbarometer","og_description":"Die Schweiz belegt neu den zweiten Platz im World Digital Competitiveness Ranking (WDCR), einem internationalen Vergleich von 67 L\u00e4ndern.","og_url":"https:\/\/www.organisator.ch\/en\/operational-excellence\/2024-11-14\/schweiz-belegt-zweiten-platz-im-internationalen-digitalisierungsbarometer\/","og_site_name":"Organisator","article_publisher":"https:\/\/www.facebook.com\/OrganisatorFachmagazin","article_published_time":"2024-11-14T05:00:48+00:00","og_image":[{"width":680,"height":476,"url":"https:\/\/www.organisator.ch\/wp-content\/uploads\/2024\/11\/Embargo-Schweiz_Bild1_ps.jpg","type":"image\/jpeg"}],"author":"Dzana Muminovic","twitter_card":"summary_large_image","twitter_title":"Schweiz belegt zweiten Platz im internationalen Digitalisierungsbarometer","twitter_description":"Die #Schweiz belegt neu den zweiten Platz im #World #Digital #Competitiveness #Ranking (#WDCR), einem #internationalen #Vergleich von 67 L\u00e4ndern.","twitter_image":"https:\/\/www.organisator.ch\/wp-content\/uploads\/2024\/11\/Embargo-Schweiz_Bild1_ps.jpg","schema":{"@context":"https:\/\/schema.org","@graph":[{"@type":"Article","@id":"https:\/\/www.organisator.ch\/operational-excellence\/2024-11-14\/schweiz-belegt-zweiten-platz-im-internationalen-digitalisierungsbarometer\/#article","isPartOf":{"@id":"https:\/\/www.organisator.ch\/operational-excellence\/2024-11-14\/schweiz-belegt-zweiten-platz-im-internationalen-digitalisierungsbarometer\/"},"author":{"name":"Dzana Muminovic","@id":"https:\/\/www.organisator.ch\/#\/schema\/person\/afccda3a71c06d4be2ed9100dd163db7"},"headline":"Schweiz belegt zweiten Platz im internationalen Digitalisierungsbarometer","datePublished":"2024-11-14T05:00:48+00:00","mainEntityOfPage":{"@id":"https:\/\/www.organisator.ch\/operational-excellence\/2024-11-14\/schweiz-belegt-zweiten-platz-im-internationalen-digitalisierungsbarometer\/"},"wordCount":669,"publisher":{"@id":"https:\/\/www.organisator.ch\/#organization"},"image":{"@id":"https:\/\/www.organisator.ch\/operational-excellence\/2024-11-14\/schweiz-belegt-zweiten-platz-im-internationalen-digitalisierungsbarometer\/#primaryimage"},"thumbnailUrl":"https:\/\/www.organisator.ch\/wp-content\/uploads\/2024\/11\/Embargo-Schweiz_Bild1_ps.jpg","keywords":["Cybersicherheit","Digitalisierung","International Institute for Management Development\u00a0(IMD)","Ranking","Schweiz"],"articleSection":["OPERATIONAL EXCELLENCE"],"inLanguage":"en-US"},{"@type":"WebPage","@id":"https:\/\/www.organisator.ch\/operational-excellence\/2024-11-14\/schweiz-belegt-zweiten-platz-im-internationalen-digitalisierungsbarometer\/","url":"https:\/\/www.organisator.ch\/operational-excellence\/2024-11-14\/schweiz-belegt-zweiten-platz-im-internationalen-digitalisierungsbarometer\/","name":"Switzerland takes second place in international digitalization barometer - Organizer","isPartOf":{"@id":"https:\/\/www.organisator.ch\/#website"},"primaryImageOfPage":{"@id":"https:\/\/www.organisator.ch\/operational-excellence\/2024-11-14\/schweiz-belegt-zweiten-platz-im-internationalen-digitalisierungsbarometer\/#primaryimage"},"image":{"@id":"https:\/\/www.organisator.ch\/operational-excellence\/2024-11-14\/schweiz-belegt-zweiten-platz-im-internationalen-digitalisierungsbarometer\/#primaryimage"},"thumbnailUrl":"https:\/\/www.organisator.ch\/wp-content\/uploads\/2024\/11\/Embargo-Schweiz_Bild1_ps.jpg","datePublished":"2024-11-14T05:00:48+00:00","description":"Switzerland is now in second place in the World Digital Competitiveness Ranking (WDCR), an international comparison of 67 countries.","breadcrumb":{"@id":"https:\/\/www.organisator.ch\/operational-excellence\/2024-11-14\/schweiz-belegt-zweiten-platz-im-internationalen-digitalisierungsbarometer\/#breadcrumb"},"inLanguage":"en-US","potentialAction":[{"@type":"ReadAction","target":["https:\/\/www.organisator.ch\/operational-excellence\/2024-11-14\/schweiz-belegt-zweiten-platz-im-internationalen-digitalisierungsbarometer\/"]}]},{"@type":"ImageObject","inLanguage":"en-US","@id":"https:\/\/www.organisator.ch\/operational-excellence\/2024-11-14\/schweiz-belegt-zweiten-platz-im-internationalen-digitalisierungsbarometer\/#primaryimage","url":"https:\/\/www.organisator.ch\/wp-content\/uploads\/2024\/11\/Embargo-Schweiz_Bild1_ps.jpg","contentUrl":"https:\/\/www.organisator.ch\/wp-content\/uploads\/2024\/11\/Embargo-Schweiz_Bild1_ps.jpg","width":680,"height":476,"caption":"Die Schweiz bleibt an der Spitze im Faktor Wissen und verbessert sich sowohl bei den Faktoren Technologie und Zukunftsf\u00e4higkeit. (Bild: www.depositphotos.com)"},{"@type":"BreadcrumbList","@id":"https:\/\/www.organisator.ch\/operational-excellence\/2024-11-14\/schweiz-belegt-zweiten-platz-im-internationalen-digitalisierungsbarometer\/#breadcrumb","itemListElement":[{"@type":"ListItem","position":1,"name":"Home","item":"https:\/\/www.organisator.ch\/"},{"@type":"ListItem","position":2,"name":"Schweiz belegt zweiten Platz im internationalen Digitalisierungsbarometer"}]},{"@type":"WebSite","@id":"https:\/\/www.organisator.ch\/#website","url":"https:\/\/www.organisator.ch\/","name":"Organizer","description":"Competent. Practical. In 10 issues per year, ORGANISATOR presents the essential topics for managers of SMEs.","publisher":{"@id":"https:\/\/www.organisator.ch\/#organization"},"potentialAction":[{"@type":"SearchAction","target":{"@type":"EntryPoint","urlTemplate":"https:\/\/www.organisator.ch\/?s={search_term_string}"},"query-input":{"@type":"PropertyValueSpecification","valueRequired":true,"valueName":"search_term_string"}}],"inLanguage":"en-US"},{"@type":"Organization","@id":"https:\/\/www.organisator.ch\/#organization","name":"Organizer","url":"https:\/\/www.organisator.ch\/","logo":{"@type":"ImageObject","inLanguage":"en-US","@id":"https:\/\/www.organisator.ch\/#\/schema\/logo\/image\/","url":"https:\/\/www.organisator.ch\/wp-content\/uploads\/2022\/01\/Logo_Organisator_Website.png","contentUrl":"https:\/\/www.organisator.ch\/wp-content\/uploads\/2022\/01\/Logo_Organisator_Website.png","width":800,"height":77,"caption":"Organisator"},"image":{"@id":"https:\/\/www.organisator.ch\/#\/schema\/logo\/image\/"},"sameAs":["https:\/\/www.facebook.com\/OrganisatorFachmagazin","https:\/\/www.linkedin.com\/showcase\/organisator-das-magazin-fr-kmu","https:\/\/www.xing.com\/news\/pages\/organisator-ch-695","https:\/\/www.youtube.com\/channel\/UCGP2Sq0iWaZwT3BdIAQFYpw"]},{"@type":"Person","@id":"https:\/\/www.organisator.ch\/#\/schema\/person\/afccda3a71c06d4be2ed9100dd163db7","name":"Dzana Muminovic","image":{"@type":"ImageObject","inLanguage":"en-US","@id":"https:\/\/secure.gravatar.com\/avatar\/909c5c71aff4b38e88686f2ab2f1ba152571f394f41ed8bae431ea56ced93050?s=96&d=mm&r=g","url":"https:\/\/secure.gravatar.com\/avatar\/909c5c71aff4b38e88686f2ab2f1ba152571f394f41ed8bae431ea56ced93050?s=96&d=mm&r=g","contentUrl":"https:\/\/secure.gravatar.com\/avatar\/909c5c71aff4b38e88686f2ab2f1ba152571f394f41ed8bae431ea56ced93050?s=96&d=mm&r=g","caption":"Dzana Muminovic"},"url":"https:\/\/www.organisator.ch\/en\/author\/dzana-muminovic\/"}]}},"_links":{"self":[{"href":"https:\/\/www.organisator.ch\/en\/wp-json\/wp\/v2\/posts\/32736","targetHints":{"allow":["GET"]}}],"collection":[{"href":"https:\/\/www.organisator.ch\/en\/wp-json\/wp\/v2\/posts"}],"about":[{"href":"https:\/\/www.organisator.ch\/en\/wp-json\/wp\/v2\/types\/post"}],"author":[{"embeddable":true,"href":"https:\/\/www.organisator.ch\/en\/wp-json\/wp\/v2\/users\/80"}],"replies":[{"embeddable":true,"href":"https:\/\/www.organisator.ch\/en\/wp-json\/wp\/v2\/comments?post=32736"}],"version-history":[{"count":2,"href":"https:\/\/www.organisator.ch\/en\/wp-json\/wp\/v2\/posts\/32736\/revisions"}],"predecessor-version":[{"id":32744,"href":"https:\/\/www.organisator.ch\/en\/wp-json\/wp\/v2\/posts\/32736\/revisions\/32744"}],"wp:featuredmedia":[{"embeddable":true,"href":"https:\/\/www.organisator.ch\/en\/wp-json\/wp\/v2\/media\/32738"}],"wp:attachment":[{"href":"https:\/\/www.organisator.ch\/en\/wp-json\/wp\/v2\/media?parent=32736"}],"wp:term":[{"taxonomy":"category","embeddable":true,"href":"https:\/\/www.organisator.ch\/en\/wp-json\/wp\/v2\/categories?post=32736"},{"taxonomy":"post_tag","embeddable":true,"href":"https:\/\/www.organisator.ch\/en\/wp-json\/wp\/v2\/tags?post=32736"}],"curies":[{"name":"wp","href":"https:\/\/api.w.org\/{rel}","templated":true}]}}