{"id":3277,"date":"2018-03-15T08:00:00","date_gmt":"2018-03-15T07:00:00","guid":{"rendered":"https:\/\/www.organisator.ch\/?p=3277"},"modified":"2018-03-15T08:00:00","modified_gmt":"2018-03-15T07:00:00","slug":"personal-swiss-mit-schwerpunkt-bgm","status":"publish","type":"post","link":"https:\/\/www.organisator.ch\/en\/human-resources\/fit_im_job\/2018-03-15\/personal-swiss-mit-schwerpunkt-bgm\/","title":{"rendered":"Personal Swiss with focus on BGM"},"content":{"rendered":"<figure id=\"attachment_3278\" aria-describedby=\"caption-attachment-3278\" style=\"width: 680px\" class=\"wp-caption alignnone\"><img loading=\"lazy\" decoding=\"async\" class=\"size-medium wp-image-3278\" src=\"https:\/\/www.organisator.ch\/wp-content\/uploads\/2018\/03\/2018_03_FiJ_PersonalSwiss_Bild-Hi_1558807.jpg\" alt=\"&lt;li class=&quot;article_legend&quot;&gt;Once again, HR professionals will find a wealth of information on HRM and BGM topics.&lt;\/li&gt;\" width=\"680\" height=\"454\" srcset=\"https:\/\/www.organisator.ch\/wp-content\/uploads\/2018\/03\/2018_03_FiJ_PersonalSwiss_Bild-Hi_1558807.jpg 2000w, https:\/\/www.organisator.ch\/wp-content\/uploads\/2018\/03\/2018_03_FiJ_PersonalSwiss_Bild-Hi_1558807-680x454.jpg 680w, https:\/\/www.organisator.ch\/wp-content\/uploads\/2018\/03\/2018_03_FiJ_PersonalSwiss_Bild-Hi_1558807-1024x684.jpg 1024w, https:\/\/www.organisator.ch\/wp-content\/uploads\/2018\/03\/2018_03_FiJ_PersonalSwiss_Bild-Hi_1558807-768x513.jpg 768w, https:\/\/www.organisator.ch\/wp-content\/uploads\/2018\/03\/2018_03_FiJ_PersonalSwiss_Bild-Hi_1558807-1536x1025.jpg 1536w, https:\/\/www.organisator.ch\/wp-content\/uploads\/2018\/03\/2018_03_FiJ_PersonalSwiss_Bild-Hi_1558807-16x12.jpg 16w, https:\/\/www.organisator.ch\/wp-content\/uploads\/2018\/03\/2018_03_FiJ_PersonalSwiss_Bild-Hi_1558807-262x175.jpg 262w, https:\/\/www.organisator.ch\/wp-content\/uploads\/2018\/03\/2018_03_FiJ_PersonalSwiss_Bild-Hi_1558807-524x350.jpg 524w, https:\/\/www.organisator.ch\/wp-content\/uploads\/2018\/03\/2018_03_FiJ_PersonalSwiss_Bild-Hi_1558807-1199x800.jpg 1199w, https:\/\/www.organisator.ch\/wp-content\/uploads\/2018\/03\/2018_03_FiJ_PersonalSwiss_Bild-Hi_1558807-920x614.jpg 920w, https:\/\/www.organisator.ch\/wp-content\/uploads\/2018\/03\/2018_03_FiJ_PersonalSwiss_Bild-Hi_1558807-1400x935.jpg 1400w, https:\/\/www.organisator.ch\/wp-content\/uploads\/2018\/03\/2018_03_FiJ_PersonalSwiss_Bild-Hi_1558807-300x200.jpg 300w\" sizes=\"auto, (max-width: 680px) 100vw, 680px\" \/><figcaption id=\"caption-attachment-3278\" class=\"wp-caption-text\">Once again this year, HR professionals will find a wealth of information on HRM and BGM topics at Personal Swiss. (Image: Julius Hatt \/ Personal Swiss)<\/figcaption><\/figure>\n<p>In addition to the \"classic\" HR topics, this year's Personal Swiss will focus on occupational health management (OHM) on the first day of the exhibition. The topic of \"health in the workplace\" is thus moving more into focus.<\/p>\n<h2><strong>A day under the sign of BGM<\/strong><\/h2>\n<p>Under the auspices of the Health Promotion Switzerland Foundation, the theme day on April 17, 2018, offers an opportunity to get ideas for the application and implementation of occupational health management in your own company. Various exhibitors will showcase their services in this area, and on a separate lecture stage, experts from, among others, the Swiss Cancer League, the Swiss Society for Nutrition SGE, the Lung League of Basel and the BGMnetzwerk.ch will share their know-how and experiences with trade fair visitors. For example, Urs Hof, a member of the support group for the \"Prevention in the Office\" campaign of the Federal Coordination Commission for Occupational Safety EKAS, will speak about the correct working posture at the office workplace and will also present various digital aids. The topic of \"Burnout prevention and new forms of work\" is also on the program: Dr. med. Hildburg Porschke from the Oberwaid Private Clinic will speak on this topic. Trainees will also be the focus of special attention for health promotion programs: The \"Friendly Work Space Apprentice\" project aims to strengthen the mental health of young people in the workplace environment. This will be presented by Anita Blum from the Swiss Health Promotion Foundation.<\/p>\n<h2><strong>Accident and stress prevention<\/strong><\/h2>\n<p>Behavior during leisure time also influences working life: 1 million accidents occur outside working hours every year in Switzerland, half of which affect people in the middle of their working lives. According to the Swiss Council for Accident Prevention (bfu), there is a corresponding need for action. On the \"Occupational Health Management Day\", Jeannette Jufer, Deputy Head of Operations at the bfu, will show how and by what means sustainable prevention can be introduced and implemented in companies.<\/p>\n<p>Konrad Wiesendanger, owner of ergosens, also knows that exercise - whether at work or in one's free time - is fundamentally positive. For him, however, it's not about exercise for physical fitness, but about performing mindful movements to combat stress. Wiesendanger will explain to the audience that the advantage of mindfulness in movement is that it can be used directly during the stress experience and leads to immediate centering.<\/p>\n<h2><strong>Health trail<\/strong><\/h2>\n<p>Another element of the program on the Occupational Health Management Day is the Health Trail: Here, the exhibitors make occupational health management a tangible experience for the visitors. Visitors to the trade fair complete various posts and receive a fact sheet on each topic covered, so that they can later implement what they have learned in their own company or apply the knowledge they have acquired. Participation in the Health Trail is recognized by the Swiss Society for Occupational Safety (SGAS) as continuing education. In order to claim continuing education units, at least two hours of the course \/ lectures must be completed.<\/p>\n<p><em><strong>17th Trade Fair for HRM, Recruiting Solutions, trainings to business &amp; Corporate Health<br \/>\n<\/strong><\/em><em>Tuesday, April 17, 2018, 9 a.m. to 5:30 p.m.<br \/>\n<\/em><em>Wednesday, April 18, 2018, 9 a.m. to 5:30 p.m.<br \/>\n<\/em><em>Zurich Exhibition, Hall 5 &amp; 6<\/em><\/p>\n<p><em><a href=\"http:\/\/www.personal-swiss.ch\">www.personal-swiss.ch<\/a><\/em><\/p>","protected":false},"excerpt":{"rendered":"<p>Neben den \u00abklassischen\u00bb HR-Themen steht an der Personal Swiss dieses Jahr am ersten Messetag das Betriebliche Gesundheitsmanagement BGM im Zentrum. Das Thema \u00abGesundheit am Arbeitsplatz\u00bb r\u00fcckt so verst\u00e4rkt in den Fokus. Ein Tag im Zeichen des BGM Unter der Schirmherrschaft der Stiftung Gesundheitsf\u00f6rderung Schweiz bietet der \u00adThementag am 17. April 2018 eine Ge\u00adlegenheit, sich Anregungen [&hellip;]<\/p>\n","protected":false},"author":7,"featured_media":3278,"comment_status":"open","ping_status":"open","sticky":false,"template":"","format":"standard","meta":{"_acf_changed":false,"_yoast_wpseo_focuskw":"Personal Swiss","_yoast_wpseo_metadesc":"Am 17. und 18. April 2018 findet in den Hallen 5 und 6 der Messe Z\u00fcrich erneut die Personal Swiss statt. Die Fachmesse f\u00fcr HRM, Recruiting-L\u00f6sungen, Trainings to Business und Corporate Health findet zum 17. Mal statt.","articlekey":"","footnotes":""},"categories":[25],"tags":[77,193,208],"class_list":["post-3277","post","type-post","status-publish","format-standard","has-post-thumbnail","hentry","category-fit_im_job","tag-betriebliches-gesundheitsmanagement","tag-fachkongressfachmesse","tag-fit-im-job"],"acf":[],"yoast_head":"<!-- This site is optimized with the Yoast SEO plugin v27.5 - https:\/\/yoast.com\/product\/yoast-seo-wordpress\/ -->\n<title>Personal Swiss mit Schwerpunkt BGM - Organisator<\/title>\n<meta name=\"description\" content=\"Am 17. und 18. April 2018 findet in den Hallen 5 und 6 der Messe Z\u00fcrich erneut die Personal Swiss statt. Die Fachmesse f\u00fcr HRM, Recruiting-L\u00f6sungen, Trainings to Business und Corporate Health findet zum 17. Mal statt.\" \/>\n<meta name=\"robots\" content=\"index, follow, max-snippet:-1, max-image-preview:large, max-video-preview:-1\" \/>\n<link rel=\"canonical\" href=\"https:\/\/www.organisator.ch\/en\/human-resources\/fit_im_job\/2018-03-15\/personal-swiss-mit-schwerpunkt-bgm\/\" \/>\n<meta property=\"og:locale\" content=\"en_US\" \/>\n<meta property=\"og:type\" content=\"article\" \/>\n<meta property=\"og:title\" content=\"Personal Swiss mit Schwerpunkt BGM\" \/>\n<meta property=\"og:description\" content=\"Am 17. und 18. April 2018 findet in den Hallen 5 und 6 der Messe Z\u00fcrich erneut die #PersonalSwiss statt. Die #Fachmesse f\u00fcr #HRM, #Recruiting-L\u00f6sungen, Trainings to Business und Corporate #Health findet zum 17. Mal statt.\" \/>\n<meta property=\"og:url\" content=\"https:\/\/www.organisator.ch\/en\/human-resources\/fit_im_job\/2018-03-15\/personal-swiss-mit-schwerpunkt-bgm\/\" \/>\n<meta property=\"og:site_name\" content=\"Organisator\" \/>\n<meta property=\"article:publisher\" content=\"https:\/\/www.facebook.com\/OrganisatorFachmagazin\" \/>\n<meta property=\"article:published_time\" content=\"2018-03-15T07:00:00+00:00\" \/>\n<meta property=\"og:image\" content=\"https:\/\/www.organisator.ch\/wp-content\/uploads\/2018\/03\/2018_03_FiJ_PersonalSwiss_Bild-Hi_1558807.jpg\" \/>\n\t<meta property=\"og:image:width\" content=\"2000\" \/>\n\t<meta property=\"og:image:height\" content=\"1335\" \/>\n\t<meta property=\"og:image:type\" content=\"image\/jpeg\" \/>\n<meta name=\"author\" content=\"K4-Import\" \/>\n<meta name=\"twitter:card\" content=\"summary_large_image\" \/>\n<meta name=\"twitter:title\" content=\"#PersonalSwiss mit Schwerpunkt #BGM\" \/>\n<meta name=\"twitter:description\" content=\"Am 17. und 18. April 2018 findet in den Hallen 5 und 6 der Messe Z\u00fcrich erneut die Personal Swiss statt. Die #Fachmesse f\u00fcr #HRM, #Recruiting-L\u00f6sungen, Trainings to Business und Corporate #Health findet zum 17. Mal statt.\" \/>\n<meta name=\"twitter:image\" content=\"https:\/\/www.organisator.ch\/wp-content\/uploads\/2018\/03\/2018_03_FiJ_PersonalSwiss_Bild-Hi_1558807.jpg\" \/>\n<script type=\"application\/ld+json\" class=\"yoast-schema-graph\">{\"@context\":\"https:\\\/\\\/schema.org\",\"@graph\":[{\"@type\":\"Article\",\"@id\":\"https:\\\/\\\/www.organisator.ch\\\/human-resources\\\/fit_im_job\\\/2018-03-15\\\/personal-swiss-mit-schwerpunkt-bgm\\\/#article\",\"isPartOf\":{\"@id\":\"https:\\\/\\\/www.organisator.ch\\\/human-resources\\\/fit_im_job\\\/2018-03-15\\\/personal-swiss-mit-schwerpunkt-bgm\\\/\"},\"author\":{\"name\":\"K4-Import\",\"@id\":\"https:\\\/\\\/www.organisator.ch\\\/#\\\/schema\\\/person\\\/dd8ffea01043c9c41d7718296a158fac\"},\"headline\":\"Personal Swiss mit Schwerpunkt BGM\",\"datePublished\":\"2018-03-15T07:00:00+00:00\",\"mainEntityOfPage\":{\"@id\":\"https:\\\/\\\/www.organisator.ch\\\/human-resources\\\/fit_im_job\\\/2018-03-15\\\/personal-swiss-mit-schwerpunkt-bgm\\\/\"},\"wordCount\":539,\"commentCount\":0,\"publisher\":{\"@id\":\"https:\\\/\\\/www.organisator.ch\\\/#organization\"},\"image\":{\"@id\":\"https:\\\/\\\/www.organisator.ch\\\/human-resources\\\/fit_im_job\\\/2018-03-15\\\/personal-swiss-mit-schwerpunkt-bgm\\\/#primaryimage\"},\"thumbnailUrl\":\"https:\\\/\\\/www.organisator.ch\\\/wp-content\\\/uploads\\\/2018\\\/03\\\/2018_03_FiJ_PersonalSwiss_Bild-Hi_1558807.jpg\",\"keywords\":[\"Betriebliches Gesundheitsmanagement\",\"Fachkongress\\\/Fachmesse\",\"Fit im Job\"],\"articleSection\":[\"FIT IM JOB\"],\"inLanguage\":\"en-US\"},{\"@type\":\"WebPage\",\"@id\":\"https:\\\/\\\/www.organisator.ch\\\/human-resources\\\/fit_im_job\\\/2018-03-15\\\/personal-swiss-mit-schwerpunkt-bgm\\\/\",\"url\":\"https:\\\/\\\/www.organisator.ch\\\/human-resources\\\/fit_im_job\\\/2018-03-15\\\/personal-swiss-mit-schwerpunkt-bgm\\\/\",\"name\":\"Personal Swiss mit Schwerpunkt BGM - Organisator\",\"isPartOf\":{\"@id\":\"https:\\\/\\\/www.organisator.ch\\\/#website\"},\"primaryImageOfPage\":{\"@id\":\"https:\\\/\\\/www.organisator.ch\\\/human-resources\\\/fit_im_job\\\/2018-03-15\\\/personal-swiss-mit-schwerpunkt-bgm\\\/#primaryimage\"},\"image\":{\"@id\":\"https:\\\/\\\/www.organisator.ch\\\/human-resources\\\/fit_im_job\\\/2018-03-15\\\/personal-swiss-mit-schwerpunkt-bgm\\\/#primaryimage\"},\"thumbnailUrl\":\"https:\\\/\\\/www.organisator.ch\\\/wp-content\\\/uploads\\\/2018\\\/03\\\/2018_03_FiJ_PersonalSwiss_Bild-Hi_1558807.jpg\",\"datePublished\":\"2018-03-15T07:00:00+00:00\",\"description\":\"Am 17. und 18. April 2018 findet in den Hallen 5 und 6 der Messe Z\u00fcrich erneut die Personal Swiss statt. Die Fachmesse f\u00fcr HRM, Recruiting-L\u00f6sungen, Trainings to Business und Corporate Health findet zum 17. Mal statt.\",\"breadcrumb\":{\"@id\":\"https:\\\/\\\/www.organisator.ch\\\/human-resources\\\/fit_im_job\\\/2018-03-15\\\/personal-swiss-mit-schwerpunkt-bgm\\\/#breadcrumb\"},\"inLanguage\":\"en-US\",\"potentialAction\":[{\"@type\":\"ReadAction\",\"target\":[\"https:\\\/\\\/www.organisator.ch\\\/human-resources\\\/fit_im_job\\\/2018-03-15\\\/personal-swiss-mit-schwerpunkt-bgm\\\/\"]}]},{\"@type\":\"ImageObject\",\"inLanguage\":\"en-US\",\"@id\":\"https:\\\/\\\/www.organisator.ch\\\/human-resources\\\/fit_im_job\\\/2018-03-15\\\/personal-swiss-mit-schwerpunkt-bgm\\\/#primaryimage\",\"url\":\"https:\\\/\\\/www.organisator.ch\\\/wp-content\\\/uploads\\\/2018\\\/03\\\/2018_03_FiJ_PersonalSwiss_Bild-Hi_1558807.jpg\",\"contentUrl\":\"https:\\\/\\\/www.organisator.ch\\\/wp-content\\\/uploads\\\/2018\\\/03\\\/2018_03_FiJ_PersonalSwiss_Bild-Hi_1558807.jpg\",\"width\":2000,\"height\":1335,\"caption\":\"Auch in diesem Jahr finden Personalfachleute eine F\u00fclle an Informationen zu HRM- und BGM-Themen. (Bild: Julius Hatt \\\/ Personal Swiss)\"},{\"@type\":\"BreadcrumbList\",\"@id\":\"https:\\\/\\\/www.organisator.ch\\\/human-resources\\\/fit_im_job\\\/2018-03-15\\\/personal-swiss-mit-schwerpunkt-bgm\\\/#breadcrumb\",\"itemListElement\":[{\"@type\":\"ListItem\",\"position\":1,\"name\":\"Home\",\"item\":\"https:\\\/\\\/www.organisator.ch\\\/\"},{\"@type\":\"ListItem\",\"position\":2,\"name\":\"Personal Swiss mit Schwerpunkt BGM\"}]},{\"@type\":\"WebSite\",\"@id\":\"https:\\\/\\\/www.organisator.ch\\\/#website\",\"url\":\"https:\\\/\\\/www.organisator.ch\\\/\",\"name\":\"Organisator\",\"description\":\"Kompetent. Praxisnah. Der ORGANISATOR bereitet in 10 Ausgaben pro Jahr die wesentlichen Themen f\u00fcr F\u00fchrungskr\u00e4fte von KMU auf.\",\"publisher\":{\"@id\":\"https:\\\/\\\/www.organisator.ch\\\/#organization\"},\"potentialAction\":[{\"@type\":\"SearchAction\",\"target\":{\"@type\":\"EntryPoint\",\"urlTemplate\":\"https:\\\/\\\/www.organisator.ch\\\/?s={search_term_string}\"},\"query-input\":{\"@type\":\"PropertyValueSpecification\",\"valueRequired\":true,\"valueName\":\"search_term_string\"}}],\"inLanguage\":\"en-US\"},{\"@type\":\"Organization\",\"@id\":\"https:\\\/\\\/www.organisator.ch\\\/#organization\",\"name\":\"Organisator\",\"url\":\"https:\\\/\\\/www.organisator.ch\\\/\",\"logo\":{\"@type\":\"ImageObject\",\"inLanguage\":\"en-US\",\"@id\":\"https:\\\/\\\/www.organisator.ch\\\/#\\\/schema\\\/logo\\\/image\\\/\",\"url\":\"https:\\\/\\\/www.organisator.ch\\\/wp-content\\\/uploads\\\/2022\\\/01\\\/Logo_Organisator_Website.png\",\"contentUrl\":\"https:\\\/\\\/www.organisator.ch\\\/wp-content\\\/uploads\\\/2022\\\/01\\\/Logo_Organisator_Website.png\",\"width\":800,\"height\":77,\"caption\":\"Organisator\"},\"image\":{\"@id\":\"https:\\\/\\\/www.organisator.ch\\\/#\\\/schema\\\/logo\\\/image\\\/\"},\"sameAs\":[\"https:\\\/\\\/www.facebook.com\\\/OrganisatorFachmagazin\",\"https:\\\/\\\/www.linkedin.com\\\/showcase\\\/organisator-das-magazin-fr-kmu\",\"https:\\\/\\\/www.xing.com\\\/news\\\/pages\\\/organisator-ch-695\",\"https:\\\/\\\/www.youtube.com\\\/channel\\\/UCGP2Sq0iWaZwT3BdIAQFYpw\"]},{\"@type\":\"Person\",\"@id\":\"https:\\\/\\\/www.organisator.ch\\\/#\\\/schema\\\/person\\\/dd8ffea01043c9c41d7718296a158fac\",\"name\":\"K4-Import\",\"image\":{\"@type\":\"ImageObject\",\"inLanguage\":\"en-US\",\"@id\":\"https:\\\/\\\/secure.gravatar.com\\\/avatar\\\/73620ab7215a54b074cc226514e02ed65cb79211bbaee1eb49b63b57e58aaad6?s=96&d=mm&r=g\",\"url\":\"https:\\\/\\\/secure.gravatar.com\\\/avatar\\\/73620ab7215a54b074cc226514e02ed65cb79211bbaee1eb49b63b57e58aaad6?s=96&d=mm&r=g\",\"contentUrl\":\"https:\\\/\\\/secure.gravatar.com\\\/avatar\\\/73620ab7215a54b074cc226514e02ed65cb79211bbaee1eb49b63b57e58aaad6?s=96&d=mm&r=g\",\"caption\":\"K4-Import\"},\"url\":\"https:\\\/\\\/www.organisator.ch\\\/en\\\/author\\\/k4-import\\\/\"}]}<\/script>\n<!-- \/ Yoast SEO plugin. -->","yoast_head_json":{"title":"Personal Swiss with focus on BGM - Organizer","description":"On April 17 and 18, 2018, Personal Swiss will once again take place in Halls 5 and 6 of Messe Z\u00fcrich. The trade fair for HRM, Recruiting Solutions, Trainings to Business and Corporate Health will take place for the 17th time.","robots":{"index":"index","follow":"follow","max-snippet":"max-snippet:-1","max-image-preview":"max-image-preview:large","max-video-preview":"max-video-preview:-1"},"canonical":"https:\/\/www.organisator.ch\/en\/human-resources\/fit_im_job\/2018-03-15\/personal-swiss-mit-schwerpunkt-bgm\/","og_locale":"en_US","og_type":"article","og_title":"Personal Swiss mit Schwerpunkt BGM","og_description":"Am 17. und 18. April 2018 findet in den Hallen 5 und 6 der Messe Z\u00fcrich erneut die #PersonalSwiss statt. Die #Fachmesse f\u00fcr #HRM, #Recruiting-L\u00f6sungen, Trainings to Business und Corporate #Health findet zum 17. Mal statt.","og_url":"https:\/\/www.organisator.ch\/en\/human-resources\/fit_im_job\/2018-03-15\/personal-swiss-mit-schwerpunkt-bgm\/","og_site_name":"Organisator","article_publisher":"https:\/\/www.facebook.com\/OrganisatorFachmagazin","article_published_time":"2018-03-15T07:00:00+00:00","og_image":[{"width":2000,"height":1335,"url":"https:\/\/www.organisator.ch\/wp-content\/uploads\/2018\/03\/2018_03_FiJ_PersonalSwiss_Bild-Hi_1558807.jpg","type":"image\/jpeg"}],"author":"K4-Import","twitter_card":"summary_large_image","twitter_title":"#PersonalSwiss mit Schwerpunkt #BGM","twitter_description":"Am 17. und 18. April 2018 findet in den Hallen 5 und 6 der Messe Z\u00fcrich erneut die Personal Swiss statt. Die #Fachmesse f\u00fcr #HRM, #Recruiting-L\u00f6sungen, Trainings to Business und Corporate #Health findet zum 17. Mal statt.","twitter_image":"https:\/\/www.organisator.ch\/wp-content\/uploads\/2018\/03\/2018_03_FiJ_PersonalSwiss_Bild-Hi_1558807.jpg","schema":{"@context":"https:\/\/schema.org","@graph":[{"@type":"Article","@id":"https:\/\/www.organisator.ch\/human-resources\/fit_im_job\/2018-03-15\/personal-swiss-mit-schwerpunkt-bgm\/#article","isPartOf":{"@id":"https:\/\/www.organisator.ch\/human-resources\/fit_im_job\/2018-03-15\/personal-swiss-mit-schwerpunkt-bgm\/"},"author":{"name":"K4-Import","@id":"https:\/\/www.organisator.ch\/#\/schema\/person\/dd8ffea01043c9c41d7718296a158fac"},"headline":"Personal Swiss mit Schwerpunkt BGM","datePublished":"2018-03-15T07:00:00+00:00","mainEntityOfPage":{"@id":"https:\/\/www.organisator.ch\/human-resources\/fit_im_job\/2018-03-15\/personal-swiss-mit-schwerpunkt-bgm\/"},"wordCount":539,"commentCount":0,"publisher":{"@id":"https:\/\/www.organisator.ch\/#organization"},"image":{"@id":"https:\/\/www.organisator.ch\/human-resources\/fit_im_job\/2018-03-15\/personal-swiss-mit-schwerpunkt-bgm\/#primaryimage"},"thumbnailUrl":"https:\/\/www.organisator.ch\/wp-content\/uploads\/2018\/03\/2018_03_FiJ_PersonalSwiss_Bild-Hi_1558807.jpg","keywords":["Betriebliches Gesundheitsmanagement","Fachkongress\/Fachmesse","Fit im Job"],"articleSection":["FIT IM JOB"],"inLanguage":"en-US"},{"@type":"WebPage","@id":"https:\/\/www.organisator.ch\/human-resources\/fit_im_job\/2018-03-15\/personal-swiss-mit-schwerpunkt-bgm\/","url":"https:\/\/www.organisator.ch\/human-resources\/fit_im_job\/2018-03-15\/personal-swiss-mit-schwerpunkt-bgm\/","name":"Personal Swiss with focus on BGM - Organizer","isPartOf":{"@id":"https:\/\/www.organisator.ch\/#website"},"primaryImageOfPage":{"@id":"https:\/\/www.organisator.ch\/human-resources\/fit_im_job\/2018-03-15\/personal-swiss-mit-schwerpunkt-bgm\/#primaryimage"},"image":{"@id":"https:\/\/www.organisator.ch\/human-resources\/fit_im_job\/2018-03-15\/personal-swiss-mit-schwerpunkt-bgm\/#primaryimage"},"thumbnailUrl":"https:\/\/www.organisator.ch\/wp-content\/uploads\/2018\/03\/2018_03_FiJ_PersonalSwiss_Bild-Hi_1558807.jpg","datePublished":"2018-03-15T07:00:00+00:00","description":"On April 17 and 18, 2018, Personal Swiss will once again take place in Halls 5 and 6 of Messe Z\u00fcrich. The trade fair for HRM, Recruiting Solutions, Trainings to Business and Corporate Health will take place for the 17th time.","breadcrumb":{"@id":"https:\/\/www.organisator.ch\/human-resources\/fit_im_job\/2018-03-15\/personal-swiss-mit-schwerpunkt-bgm\/#breadcrumb"},"inLanguage":"en-US","potentialAction":[{"@type":"ReadAction","target":["https:\/\/www.organisator.ch\/human-resources\/fit_im_job\/2018-03-15\/personal-swiss-mit-schwerpunkt-bgm\/"]}]},{"@type":"ImageObject","inLanguage":"en-US","@id":"https:\/\/www.organisator.ch\/human-resources\/fit_im_job\/2018-03-15\/personal-swiss-mit-schwerpunkt-bgm\/#primaryimage","url":"https:\/\/www.organisator.ch\/wp-content\/uploads\/2018\/03\/2018_03_FiJ_PersonalSwiss_Bild-Hi_1558807.jpg","contentUrl":"https:\/\/www.organisator.ch\/wp-content\/uploads\/2018\/03\/2018_03_FiJ_PersonalSwiss_Bild-Hi_1558807.jpg","width":2000,"height":1335,"caption":"Auch in diesem Jahr finden Personalfachleute eine F\u00fclle an Informationen zu HRM- und BGM-Themen. (Bild: Julius Hatt \/ Personal Swiss)"},{"@type":"BreadcrumbList","@id":"https:\/\/www.organisator.ch\/human-resources\/fit_im_job\/2018-03-15\/personal-swiss-mit-schwerpunkt-bgm\/#breadcrumb","itemListElement":[{"@type":"ListItem","position":1,"name":"Home","item":"https:\/\/www.organisator.ch\/"},{"@type":"ListItem","position":2,"name":"Personal Swiss mit Schwerpunkt BGM"}]},{"@type":"WebSite","@id":"https:\/\/www.organisator.ch\/#website","url":"https:\/\/www.organisator.ch\/","name":"Organizer","description":"Competent. Practical. In 10 issues per year, ORGANISATOR presents the essential topics for managers of SMEs.","publisher":{"@id":"https:\/\/www.organisator.ch\/#organization"},"potentialAction":[{"@type":"SearchAction","target":{"@type":"EntryPoint","urlTemplate":"https:\/\/www.organisator.ch\/?s={search_term_string}"},"query-input":{"@type":"PropertyValueSpecification","valueRequired":true,"valueName":"search_term_string"}}],"inLanguage":"en-US"},{"@type":"Organization","@id":"https:\/\/www.organisator.ch\/#organization","name":"Organizer","url":"https:\/\/www.organisator.ch\/","logo":{"@type":"ImageObject","inLanguage":"en-US","@id":"https:\/\/www.organisator.ch\/#\/schema\/logo\/image\/","url":"https:\/\/www.organisator.ch\/wp-content\/uploads\/2022\/01\/Logo_Organisator_Website.png","contentUrl":"https:\/\/www.organisator.ch\/wp-content\/uploads\/2022\/01\/Logo_Organisator_Website.png","width":800,"height":77,"caption":"Organisator"},"image":{"@id":"https:\/\/www.organisator.ch\/#\/schema\/logo\/image\/"},"sameAs":["https:\/\/www.facebook.com\/OrganisatorFachmagazin","https:\/\/www.linkedin.com\/showcase\/organisator-das-magazin-fr-kmu","https:\/\/www.xing.com\/news\/pages\/organisator-ch-695","https:\/\/www.youtube.com\/channel\/UCGP2Sq0iWaZwT3BdIAQFYpw"]},{"@type":"Person","@id":"https:\/\/www.organisator.ch\/#\/schema\/person\/dd8ffea01043c9c41d7718296a158fac","name":"K4 import","image":{"@type":"ImageObject","inLanguage":"en-US","@id":"https:\/\/secure.gravatar.com\/avatar\/73620ab7215a54b074cc226514e02ed65cb79211bbaee1eb49b63b57e58aaad6?s=96&d=mm&r=g","url":"https:\/\/secure.gravatar.com\/avatar\/73620ab7215a54b074cc226514e02ed65cb79211bbaee1eb49b63b57e58aaad6?s=96&d=mm&r=g","contentUrl":"https:\/\/secure.gravatar.com\/avatar\/73620ab7215a54b074cc226514e02ed65cb79211bbaee1eb49b63b57e58aaad6?s=96&d=mm&r=g","caption":"K4-Import"},"url":"https:\/\/www.organisator.ch\/en\/author\/k4-import\/"}]}},"_links":{"self":[{"href":"https:\/\/www.organisator.ch\/en\/wp-json\/wp\/v2\/posts\/3277","targetHints":{"allow":["GET"]}}],"collection":[{"href":"https:\/\/www.organisator.ch\/en\/wp-json\/wp\/v2\/posts"}],"about":[{"href":"https:\/\/www.organisator.ch\/en\/wp-json\/wp\/v2\/types\/post"}],"author":[{"embeddable":true,"href":"https:\/\/www.organisator.ch\/en\/wp-json\/wp\/v2\/users\/7"}],"replies":[{"embeddable":true,"href":"https:\/\/www.organisator.ch\/en\/wp-json\/wp\/v2\/comments?post=3277"}],"version-history":[{"count":0,"href":"https:\/\/www.organisator.ch\/en\/wp-json\/wp\/v2\/posts\/3277\/revisions"}],"wp:featuredmedia":[{"embeddable":true,"href":"https:\/\/www.organisator.ch\/en\/wp-json\/wp\/v2\/media\/3278"}],"wp:attachment":[{"href":"https:\/\/www.organisator.ch\/en\/wp-json\/wp\/v2\/media?parent=3277"}],"wp:term":[{"taxonomy":"category","embeddable":true,"href":"https:\/\/www.organisator.ch\/en\/wp-json\/wp\/v2\/categories?post=3277"},{"taxonomy":"post_tag","embeddable":true,"href":"https:\/\/www.organisator.ch\/en\/wp-json\/wp\/v2\/tags?post=3277"}],"curies":[{"name":"wp","href":"https:\/\/api.w.org\/{rel}","templated":true}]}}