{"id":3280,"date":"2020-08-14T11:01:12","date_gmt":"2020-08-14T09:01:12","guid":{"rendered":"https:\/\/www.umweltperspektiven.ch\/?p=3280"},"modified":"2022-02-09T11:06:48","modified_gmt":"2022-02-09T10:06:48","slug":"panasonic-schweiz-stellt-auf-klimaneutralen-versand-um","status":"publish","type":"post","link":"https:\/\/www.organisator.ch\/en\/sustainability\/2020-08-14\/panasonic-schweiz-stellt-auf-klimaneutralen-versand-um\/","title":{"rendered":"Panasonic Switzerland switches to climate-neutral shipping"},"content":{"rendered":"<figure id=\"attachment_3281\" aria-describedby=\"caption-attachment-3281\" style=\"width: 596px\" class=\"wp-caption alignnone\"><img loading=\"lazy\" decoding=\"async\" class=\"wp-image-3281\" src=\"\/\/www.umweltperspektiven.ch\/wp-content\/uploads\/2020\/08\/Panasonic-Klimaneutral-Versand-UP-Umwelt-Perspektiven.jpg\" alt=\"\" width=\"596\" height=\"426\" \/><figcaption id=\"caption-attachment-3281\" class=\"wp-caption-text\">For items sent by Swiss Post with the \"pro clima\" label, greenhouse gases are offset by investments in selected climate protection projects. (Image: Unsplash)<\/figcaption><\/figure>\n<p>Panasonic deals with complex supply chains on a daily basis: Every transport service pollutes the environment with CO2 emissions. This is because the infrastructure, processing and transport of letters, parcels and goods consume energy. With Swiss Post's \"pro clima\" shipping program, the CO2 emissions generated can be offset by paying a small surcharge. Panasonic pays Swiss Post a small surcharge and will have all deliveries sent with the \"pro clima\" label from August 2020. This means that not only letters, but also parcels and goods will travel climate-neutrally.<\/p>\n<p><strong>Selection of climate protection projects<\/strong><\/p>\n<p>All climate protection projects in which \"pro clima\" contributions are invested meet the highest standards. National projects meet the ISO 14064-2 guidelines, international projects comply with the Gold Standard. A monitoring committee consisting of WWF Switzerland, ETH Zurich, the Swiss Working Group of Youth Associations, oikos International and the Foundation for Consumer Protection supports Swiss Post in the pre-selection of projects that meet these standards. Using online voting, business customers of the \"pro clima\" mailing service and Swiss Post employees decide which international project should be supported.<\/p>\n<p><strong>Current climate protection projects<\/strong><\/p>\n<p>Storing farmyard manure such as slurry and dung is part of farming operations, but it also leads to the formation of methane, a highly potent greenhouse gas. Swiss Post therefore supports biogas plants on Swiss farms that generate heat and electricity from the greenhouse gas. Swiss Post is also supporting a climate protection project in Cambodia. For many Cambodians, gas and electricity are unfortunately still not a matter of course. Biogas plants in rural areas recycle water and livestock manure into biogas, which can be used as a clean fuel: Kitchens remain smoke-free, there is light in the dwellings, and the residents' respiratory systems are protected. The environment also benefits: The biogas plants supported by Swiss Post reduce CO2 emissions in Cambodia by more than 95,000 tons year after year.<\/p>\n<p><strong>Not the first and last climate-friendly project from Panasonic<\/strong><\/p>\n<p>Panasonic Switzerland is very concerned about the environment. The company is constantly working to optimize processes and make them more climate-friendly. This year, for example, the fleet in Rotkreuz was equipped with ten new plug-in hybrid vehicles. \"For us, sustainability is the central theme in all areas of the company. Thus, it was clear that we chose a product with the lowest possible emission values when renewing the fleet,\" says Philipp Maurer, Country Manager of Panasonic Switzerland. He adds, \"We expect to save around 10,000 liters of fuel per year with these measures and thus further reduce our CO2 emissions.\"<\/p>\n<p><em>For more information about the \"pro clima\" mailing service of Swiss Post, please see <a href=\"\/\/www.post.ch\/de\/briefe-versenden\/zusatzleistungenbriefe\/ klimaneutraler-versand\">here<\/a><\/em><\/p>\n<p>&nbsp;<\/p>","protected":false},"excerpt":{"rendered":"<p>Panasonic hat tagt\u00e4glich mit komplexen Lieferketten zu tun: Jede Transportdienstleistung belastet die Umwelt mit CO2-Emissionen. Denn die Infrastruktur, die Verarbeitung und der Transport von Briefen, Paketen und G\u00fctern verbrauchen Energie. Mit dem \u00abpro clima\u00bb-Versand der Schweizerischen Post k\u00f6nnen die entstandenen CO2-Emissionen \u00fcber einen geringen Zuschlag kompensiert werden. Panasonic bezahlt der Post einen kleinen Aufpreis und [&hellip;]<\/p>\n","protected":false},"author":5,"featured_media":9721,"comment_status":"closed","ping_status":"closed","sticky":false,"template":"","format":"standard","meta":{"_acf_changed":false,"_yoast_wpseo_focuskw":"Panasonic","_yoast_wpseo_metadesc":"Panasonic Schweiz st\u00e4rkt ihre Aktivit\u00e4ten im Bereich Nachhaltigkeit und stellt ab August 2020 auf klimaneutrale Distribution um.","articlekey":"","footnotes":""},"categories":[580],"tags":[300,1768,1938,1954,424],"class_list":["post-3280","post","type-post","status-publish","format-standard","has-post-thumbnail","hentry","category-sustainability","tag-klimaschutz","tag-nachhaltige-lieferketten","tag-post","tag-projekte","tag-schweiz"],"acf":[],"yoast_head":"<!-- This site is optimized with the Yoast SEO plugin v27.4 - https:\/\/yoast.com\/product\/yoast-seo-wordpress\/ -->\n<title>Panasonic Schweiz stellt auf klimaneutralen Versand um - Organisator<\/title>\n<meta name=\"description\" content=\"Panasonic Schweiz st\u00e4rkt ihre Aktivit\u00e4ten im Bereich Nachhaltigkeit und stellt ab August 2020 auf klimaneutrale Distribution um.\" \/>\n<meta name=\"robots\" content=\"index, follow, max-snippet:-1, max-image-preview:large, max-video-preview:-1\" \/>\n<link rel=\"canonical\" href=\"https:\/\/www.organisator.ch\/en\/sustainability\/2020-08-14\/panasonic-schweiz-stellt-auf-klimaneutralen-versand-um\/\" \/>\n<meta property=\"og:locale\" content=\"en_US\" \/>\n<meta property=\"og:type\" content=\"article\" \/>\n<meta property=\"og:title\" content=\"Panasonic Schweiz stellt auf klimaneutralen Versand um - Organisator\" \/>\n<meta property=\"og:description\" content=\"Panasonic Schweiz st\u00e4rkt ihre Aktivit\u00e4ten im Bereich Nachhaltigkeit und stellt ab August 2020 auf klimaneutrale Distribution um.\" \/>\n<meta property=\"og:url\" content=\"https:\/\/www.organisator.ch\/en\/sustainability\/2020-08-14\/panasonic-schweiz-stellt-auf-klimaneutralen-versand-um\/\" \/>\n<meta property=\"og:site_name\" content=\"Organisator\" \/>\n<meta property=\"article:publisher\" content=\"https:\/\/www.facebook.com\/OrganisatorFachmagazin\" \/>\n<meta property=\"article:published_time\" content=\"2020-08-14T09:01:12+00:00\" \/>\n<meta property=\"article:modified_time\" content=\"2022-02-09T10:06:48+00:00\" \/>\n<meta property=\"og:image\" content=\"https:\/\/www.organisator.ch\/wp-content\/uploads\/2020\/08\/Panasonic-Klimaneutral-Versand-UP-Umwelt-Perspektiven-scaled.jpg\" \/>\n\t<meta property=\"og:image:width\" content=\"2560\" \/>\n\t<meta property=\"og:image:height\" content=\"1830\" \/>\n\t<meta property=\"og:image:type\" content=\"image\/jpeg\" \/>\n<meta name=\"author\" content=\"michael.merz\" \/>\n<meta name=\"twitter:card\" content=\"summary_large_image\" \/>\n<script type=\"application\/ld+json\" class=\"yoast-schema-graph\">{\"@context\":\"https:\\\/\\\/schema.org\",\"@graph\":[{\"@type\":\"Article\",\"@id\":\"https:\\\/\\\/www.organisator.ch\\\/sustainability\\\/2020-08-14\\\/panasonic-schweiz-stellt-auf-klimaneutralen-versand-um\\\/#article\",\"isPartOf\":{\"@id\":\"https:\\\/\\\/www.organisator.ch\\\/sustainability\\\/2020-08-14\\\/panasonic-schweiz-stellt-auf-klimaneutralen-versand-um\\\/\"},\"author\":{\"name\":\"michael.merz\",\"@id\":\"https:\\\/\\\/www.organisator.ch\\\/#\\\/schema\\\/person\\\/134708ca9321c57b0362cceb7948ffbd\"},\"headline\":\"Panasonic Schweiz stellt auf klimaneutralen Versand um\",\"datePublished\":\"2020-08-14T09:01:12+00:00\",\"dateModified\":\"2022-02-09T10:06:48+00:00\",\"mainEntityOfPage\":{\"@id\":\"https:\\\/\\\/www.organisator.ch\\\/sustainability\\\/2020-08-14\\\/panasonic-schweiz-stellt-auf-klimaneutralen-versand-um\\\/\"},\"wordCount\":473,\"publisher\":{\"@id\":\"https:\\\/\\\/www.organisator.ch\\\/#organization\"},\"image\":{\"@id\":\"https:\\\/\\\/www.organisator.ch\\\/sustainability\\\/2020-08-14\\\/panasonic-schweiz-stellt-auf-klimaneutralen-versand-um\\\/#primaryimage\"},\"thumbnailUrl\":\"https:\\\/\\\/www.organisator.ch\\\/wp-content\\\/uploads\\\/2020\\\/08\\\/Panasonic-Klimaneutral-Versand-UP-Umwelt-Perspektiven-scaled.jpg\",\"keywords\":[\"Klimaschutz\",\"Nachhaltige Lieferketten\",\"Post\",\"Projekte\",\"Schweiz\"],\"articleSection\":[\"SUSTAINABILITY\"],\"inLanguage\":\"en-US\"},{\"@type\":\"WebPage\",\"@id\":\"https:\\\/\\\/www.organisator.ch\\\/sustainability\\\/2020-08-14\\\/panasonic-schweiz-stellt-auf-klimaneutralen-versand-um\\\/\",\"url\":\"https:\\\/\\\/www.organisator.ch\\\/sustainability\\\/2020-08-14\\\/panasonic-schweiz-stellt-auf-klimaneutralen-versand-um\\\/\",\"name\":\"Panasonic Schweiz stellt auf klimaneutralen Versand um - Organisator\",\"isPartOf\":{\"@id\":\"https:\\\/\\\/www.organisator.ch\\\/#website\"},\"primaryImageOfPage\":{\"@id\":\"https:\\\/\\\/www.organisator.ch\\\/sustainability\\\/2020-08-14\\\/panasonic-schweiz-stellt-auf-klimaneutralen-versand-um\\\/#primaryimage\"},\"image\":{\"@id\":\"https:\\\/\\\/www.organisator.ch\\\/sustainability\\\/2020-08-14\\\/panasonic-schweiz-stellt-auf-klimaneutralen-versand-um\\\/#primaryimage\"},\"thumbnailUrl\":\"https:\\\/\\\/www.organisator.ch\\\/wp-content\\\/uploads\\\/2020\\\/08\\\/Panasonic-Klimaneutral-Versand-UP-Umwelt-Perspektiven-scaled.jpg\",\"datePublished\":\"2020-08-14T09:01:12+00:00\",\"dateModified\":\"2022-02-09T10:06:48+00:00\",\"description\":\"Panasonic Schweiz st\u00e4rkt ihre Aktivit\u00e4ten im Bereich Nachhaltigkeit und stellt ab August 2020 auf klimaneutrale Distribution um.\",\"breadcrumb\":{\"@id\":\"https:\\\/\\\/www.organisator.ch\\\/sustainability\\\/2020-08-14\\\/panasonic-schweiz-stellt-auf-klimaneutralen-versand-um\\\/#breadcrumb\"},\"inLanguage\":\"en-US\",\"potentialAction\":[{\"@type\":\"ReadAction\",\"target\":[\"https:\\\/\\\/www.organisator.ch\\\/sustainability\\\/2020-08-14\\\/panasonic-schweiz-stellt-auf-klimaneutralen-versand-um\\\/\"]}]},{\"@type\":\"ImageObject\",\"inLanguage\":\"en-US\",\"@id\":\"https:\\\/\\\/www.organisator.ch\\\/sustainability\\\/2020-08-14\\\/panasonic-schweiz-stellt-auf-klimaneutralen-versand-um\\\/#primaryimage\",\"url\":\"https:\\\/\\\/www.organisator.ch\\\/wp-content\\\/uploads\\\/2020\\\/08\\\/Panasonic-Klimaneutral-Versand-UP-Umwelt-Perspektiven-scaled.jpg\",\"contentUrl\":\"https:\\\/\\\/www.organisator.ch\\\/wp-content\\\/uploads\\\/2020\\\/08\\\/Panasonic-Klimaneutral-Versand-UP-Umwelt-Perspektiven-scaled.jpg\",\"width\":2560,\"height\":1830,\"caption\":\"Bei Sendungen der Schweizerischen Post mit dem Label \u00abpro clima\u00bb werden die Treibhausgase durch Investitionen in ausgew\u00e4hlte Klimaschutzprojekte kompensiert.\"},{\"@type\":\"BreadcrumbList\",\"@id\":\"https:\\\/\\\/www.organisator.ch\\\/sustainability\\\/2020-08-14\\\/panasonic-schweiz-stellt-auf-klimaneutralen-versand-um\\\/#breadcrumb\",\"itemListElement\":[{\"@type\":\"ListItem\",\"position\":1,\"name\":\"Home\",\"item\":\"https:\\\/\\\/www.organisator.ch\\\/\"},{\"@type\":\"ListItem\",\"position\":2,\"name\":\"Panasonic Schweiz stellt auf klimaneutralen Versand um\"}]},{\"@type\":\"WebSite\",\"@id\":\"https:\\\/\\\/www.organisator.ch\\\/#website\",\"url\":\"https:\\\/\\\/www.organisator.ch\\\/\",\"name\":\"Organisator\",\"description\":\"Kompetent. Praxisnah. Der ORGANISATOR bereitet in 10 Ausgaben pro Jahr die wesentlichen Themen f\u00fcr F\u00fchrungskr\u00e4fte von KMU auf.\",\"publisher\":{\"@id\":\"https:\\\/\\\/www.organisator.ch\\\/#organization\"},\"potentialAction\":[{\"@type\":\"SearchAction\",\"target\":{\"@type\":\"EntryPoint\",\"urlTemplate\":\"https:\\\/\\\/www.organisator.ch\\\/?s={search_term_string}\"},\"query-input\":{\"@type\":\"PropertyValueSpecification\",\"valueRequired\":true,\"valueName\":\"search_term_string\"}}],\"inLanguage\":\"en-US\"},{\"@type\":\"Organization\",\"@id\":\"https:\\\/\\\/www.organisator.ch\\\/#organization\",\"name\":\"Organisator\",\"url\":\"https:\\\/\\\/www.organisator.ch\\\/\",\"logo\":{\"@type\":\"ImageObject\",\"inLanguage\":\"en-US\",\"@id\":\"https:\\\/\\\/www.organisator.ch\\\/#\\\/schema\\\/logo\\\/image\\\/\",\"url\":\"https:\\\/\\\/www.organisator.ch\\\/wp-content\\\/uploads\\\/2022\\\/01\\\/Logo_Organisator_Website.png\",\"contentUrl\":\"https:\\\/\\\/www.organisator.ch\\\/wp-content\\\/uploads\\\/2022\\\/01\\\/Logo_Organisator_Website.png\",\"width\":800,\"height\":77,\"caption\":\"Organisator\"},\"image\":{\"@id\":\"https:\\\/\\\/www.organisator.ch\\\/#\\\/schema\\\/logo\\\/image\\\/\"},\"sameAs\":[\"https:\\\/\\\/www.facebook.com\\\/OrganisatorFachmagazin\",\"https:\\\/\\\/www.linkedin.com\\\/showcase\\\/organisator-das-magazin-fr-kmu\",\"https:\\\/\\\/www.xing.com\\\/news\\\/pages\\\/organisator-ch-695\",\"https:\\\/\\\/www.youtube.com\\\/channel\\\/UCGP2Sq0iWaZwT3BdIAQFYpw\"]},{\"@type\":\"Person\",\"@id\":\"https:\\\/\\\/www.organisator.ch\\\/#\\\/schema\\\/person\\\/134708ca9321c57b0362cceb7948ffbd\",\"name\":\"michael.merz\",\"image\":{\"@type\":\"ImageObject\",\"inLanguage\":\"en-US\",\"@id\":\"https:\\\/\\\/secure.gravatar.com\\\/avatar\\\/?s=96&d=mm&r=g\",\"url\":\"https:\\\/\\\/secure.gravatar.com\\\/avatar\\\/?s=96&d=mm&r=g\",\"contentUrl\":\"https:\\\/\\\/secure.gravatar.com\\\/avatar\\\/?s=96&d=mm&r=g\",\"caption\":\"michael.merz\"},\"url\":\"https:\\\/\\\/www.organisator.ch\\\/en\\\/author\\\/michael-merz\\\/\"}]}<\/script>\n<!-- \/ Yoast SEO plugin. -->","yoast_head_json":{"title":"Panasonic Switzerland switches to climate-neutral shipping - Organizer","description":"Panasonic Switzerland is strengthening its sustainability activities and switching to climate-neutral distribution from August 2020.","robots":{"index":"index","follow":"follow","max-snippet":"max-snippet:-1","max-image-preview":"max-image-preview:large","max-video-preview":"max-video-preview:-1"},"canonical":"https:\/\/www.organisator.ch\/en\/sustainability\/2020-08-14\/panasonic-schweiz-stellt-auf-klimaneutralen-versand-um\/","og_locale":"en_US","og_type":"article","og_title":"Panasonic Schweiz stellt auf klimaneutralen Versand um - Organisator","og_description":"Panasonic Schweiz st\u00e4rkt ihre Aktivit\u00e4ten im Bereich Nachhaltigkeit und stellt ab August 2020 auf klimaneutrale Distribution um.","og_url":"https:\/\/www.organisator.ch\/en\/sustainability\/2020-08-14\/panasonic-schweiz-stellt-auf-klimaneutralen-versand-um\/","og_site_name":"Organisator","article_publisher":"https:\/\/www.facebook.com\/OrganisatorFachmagazin","article_published_time":"2020-08-14T09:01:12+00:00","article_modified_time":"2022-02-09T10:06:48+00:00","og_image":[{"width":2560,"height":1830,"url":"https:\/\/www.organisator.ch\/wp-content\/uploads\/2020\/08\/Panasonic-Klimaneutral-Versand-UP-Umwelt-Perspektiven-scaled.jpg","type":"image\/jpeg"}],"author":"michael.merz","twitter_card":"summary_large_image","schema":{"@context":"https:\/\/schema.org","@graph":[{"@type":"Article","@id":"https:\/\/www.organisator.ch\/sustainability\/2020-08-14\/panasonic-schweiz-stellt-auf-klimaneutralen-versand-um\/#article","isPartOf":{"@id":"https:\/\/www.organisator.ch\/sustainability\/2020-08-14\/panasonic-schweiz-stellt-auf-klimaneutralen-versand-um\/"},"author":{"name":"michael.merz","@id":"https:\/\/www.organisator.ch\/#\/schema\/person\/134708ca9321c57b0362cceb7948ffbd"},"headline":"Panasonic Schweiz stellt auf klimaneutralen Versand um","datePublished":"2020-08-14T09:01:12+00:00","dateModified":"2022-02-09T10:06:48+00:00","mainEntityOfPage":{"@id":"https:\/\/www.organisator.ch\/sustainability\/2020-08-14\/panasonic-schweiz-stellt-auf-klimaneutralen-versand-um\/"},"wordCount":473,"publisher":{"@id":"https:\/\/www.organisator.ch\/#organization"},"image":{"@id":"https:\/\/www.organisator.ch\/sustainability\/2020-08-14\/panasonic-schweiz-stellt-auf-klimaneutralen-versand-um\/#primaryimage"},"thumbnailUrl":"https:\/\/www.organisator.ch\/wp-content\/uploads\/2020\/08\/Panasonic-Klimaneutral-Versand-UP-Umwelt-Perspektiven-scaled.jpg","keywords":["Klimaschutz","Nachhaltige Lieferketten","Post","Projekte","Schweiz"],"articleSection":["SUSTAINABILITY"],"inLanguage":"en-US"},{"@type":"WebPage","@id":"https:\/\/www.organisator.ch\/sustainability\/2020-08-14\/panasonic-schweiz-stellt-auf-klimaneutralen-versand-um\/","url":"https:\/\/www.organisator.ch\/sustainability\/2020-08-14\/panasonic-schweiz-stellt-auf-klimaneutralen-versand-um\/","name":"Panasonic Switzerland switches to climate-neutral shipping - Organizer","isPartOf":{"@id":"https:\/\/www.organisator.ch\/#website"},"primaryImageOfPage":{"@id":"https:\/\/www.organisator.ch\/sustainability\/2020-08-14\/panasonic-schweiz-stellt-auf-klimaneutralen-versand-um\/#primaryimage"},"image":{"@id":"https:\/\/www.organisator.ch\/sustainability\/2020-08-14\/panasonic-schweiz-stellt-auf-klimaneutralen-versand-um\/#primaryimage"},"thumbnailUrl":"https:\/\/www.organisator.ch\/wp-content\/uploads\/2020\/08\/Panasonic-Klimaneutral-Versand-UP-Umwelt-Perspektiven-scaled.jpg","datePublished":"2020-08-14T09:01:12+00:00","dateModified":"2022-02-09T10:06:48+00:00","description":"Panasonic Switzerland is strengthening its sustainability activities and switching to climate-neutral distribution from August 2020.","breadcrumb":{"@id":"https:\/\/www.organisator.ch\/sustainability\/2020-08-14\/panasonic-schweiz-stellt-auf-klimaneutralen-versand-um\/#breadcrumb"},"inLanguage":"en-US","potentialAction":[{"@type":"ReadAction","target":["https:\/\/www.organisator.ch\/sustainability\/2020-08-14\/panasonic-schweiz-stellt-auf-klimaneutralen-versand-um\/"]}]},{"@type":"ImageObject","inLanguage":"en-US","@id":"https:\/\/www.organisator.ch\/sustainability\/2020-08-14\/panasonic-schweiz-stellt-auf-klimaneutralen-versand-um\/#primaryimage","url":"https:\/\/www.organisator.ch\/wp-content\/uploads\/2020\/08\/Panasonic-Klimaneutral-Versand-UP-Umwelt-Perspektiven-scaled.jpg","contentUrl":"https:\/\/www.organisator.ch\/wp-content\/uploads\/2020\/08\/Panasonic-Klimaneutral-Versand-UP-Umwelt-Perspektiven-scaled.jpg","width":2560,"height":1830,"caption":"Bei Sendungen der Schweizerischen Post mit dem Label \u00abpro clima\u00bb werden die Treibhausgase durch Investitionen in ausgew\u00e4hlte Klimaschutzprojekte kompensiert."},{"@type":"BreadcrumbList","@id":"https:\/\/www.organisator.ch\/sustainability\/2020-08-14\/panasonic-schweiz-stellt-auf-klimaneutralen-versand-um\/#breadcrumb","itemListElement":[{"@type":"ListItem","position":1,"name":"Home","item":"https:\/\/www.organisator.ch\/"},{"@type":"ListItem","position":2,"name":"Panasonic Schweiz stellt auf klimaneutralen Versand um"}]},{"@type":"WebSite","@id":"https:\/\/www.organisator.ch\/#website","url":"https:\/\/www.organisator.ch\/","name":"Organizer","description":"Competent. Practical. In 10 issues per year, ORGANISATOR presents the essential topics for managers of SMEs.","publisher":{"@id":"https:\/\/www.organisator.ch\/#organization"},"potentialAction":[{"@type":"SearchAction","target":{"@type":"EntryPoint","urlTemplate":"https:\/\/www.organisator.ch\/?s={search_term_string}"},"query-input":{"@type":"PropertyValueSpecification","valueRequired":true,"valueName":"search_term_string"}}],"inLanguage":"en-US"},{"@type":"Organization","@id":"https:\/\/www.organisator.ch\/#organization","name":"Organizer","url":"https:\/\/www.organisator.ch\/","logo":{"@type":"ImageObject","inLanguage":"en-US","@id":"https:\/\/www.organisator.ch\/#\/schema\/logo\/image\/","url":"https:\/\/www.organisator.ch\/wp-content\/uploads\/2022\/01\/Logo_Organisator_Website.png","contentUrl":"https:\/\/www.organisator.ch\/wp-content\/uploads\/2022\/01\/Logo_Organisator_Website.png","width":800,"height":77,"caption":"Organisator"},"image":{"@id":"https:\/\/www.organisator.ch\/#\/schema\/logo\/image\/"},"sameAs":["https:\/\/www.facebook.com\/OrganisatorFachmagazin","https:\/\/www.linkedin.com\/showcase\/organisator-das-magazin-fr-kmu","https:\/\/www.xing.com\/news\/pages\/organisator-ch-695","https:\/\/www.youtube.com\/channel\/UCGP2Sq0iWaZwT3BdIAQFYpw"]},{"@type":"Person","@id":"https:\/\/www.organisator.ch\/#\/schema\/person\/134708ca9321c57b0362cceb7948ffbd","name":"michael.merz","image":{"@type":"ImageObject","inLanguage":"en-US","@id":"https:\/\/secure.gravatar.com\/avatar\/?s=96&d=mm&r=g","url":"https:\/\/secure.gravatar.com\/avatar\/?s=96&d=mm&r=g","contentUrl":"https:\/\/secure.gravatar.com\/avatar\/?s=96&d=mm&r=g","caption":"michael.merz"},"url":"https:\/\/www.organisator.ch\/en\/author\/michael-merz\/"}]}},"_links":{"self":[{"href":"https:\/\/www.organisator.ch\/en\/wp-json\/wp\/v2\/posts\/3280","targetHints":{"allow":["GET"]}}],"collection":[{"href":"https:\/\/www.organisator.ch\/en\/wp-json\/wp\/v2\/posts"}],"about":[{"href":"https:\/\/www.organisator.ch\/en\/wp-json\/wp\/v2\/types\/post"}],"author":[{"embeddable":true,"href":"https:\/\/www.organisator.ch\/en\/wp-json\/wp\/v2\/users\/5"}],"replies":[{"embeddable":true,"href":"https:\/\/www.organisator.ch\/en\/wp-json\/wp\/v2\/comments?post=3280"}],"version-history":[{"count":1,"href":"https:\/\/www.organisator.ch\/en\/wp-json\/wp\/v2\/posts\/3280\/revisions"}],"predecessor-version":[{"id":10671,"href":"https:\/\/www.organisator.ch\/en\/wp-json\/wp\/v2\/posts\/3280\/revisions\/10671"}],"wp:featuredmedia":[{"embeddable":true,"href":"https:\/\/www.organisator.ch\/en\/wp-json\/wp\/v2\/media\/9721"}],"wp:attachment":[{"href":"https:\/\/www.organisator.ch\/en\/wp-json\/wp\/v2\/media?parent=3280"}],"wp:term":[{"taxonomy":"category","embeddable":true,"href":"https:\/\/www.organisator.ch\/en\/wp-json\/wp\/v2\/categories?post=3280"},{"taxonomy":"post_tag","embeddable":true,"href":"https:\/\/www.organisator.ch\/en\/wp-json\/wp\/v2\/tags?post=3280"}],"curies":[{"name":"wp","href":"https:\/\/api.w.org\/{rel}","templated":true}]}}