{"id":3281,"date":"2018-03-09T09:00:40","date_gmt":"2018-03-09T08:00:40","guid":{"rendered":"https:\/\/www.organisator.ch\/?p=3281"},"modified":"2018-03-09T09:00:40","modified_gmt":"2018-03-09T08:00:40","slug":"kunststoff-industrie-raeumt-am-prix-svc-ostschweiz-2018-ab","status":"publish","type":"post","link":"https:\/\/www.organisator.ch\/en\/management\/2018-03-09\/kunststoff-industrie-raeumt-am-prix-svc-ostschweiz-2018-ab\/","title":{"rendered":"Plastics industry sweeps the board at the Prix SVC Ostschweiz 2018"},"content":{"rendered":"<figure id=\"attachment_3283\" aria-describedby=\"caption-attachment-3283\" style=\"width: 640px\" class=\"wp-caption alignnone\"><img loading=\"lazy\" decoding=\"async\" class=\"size-full wp-image-3283\" src=\"https:\/\/www.organisator.ch\/wp-content\/uploads\/2018\/03\/Kunststoff-Industrie-raeumt-am-Prix-SVC-Ostschweiz-2018-ab-1_Organisator.jpg\" alt=\"\" width=\"640\" height=\"425\" srcset=\"https:\/\/www.organisator.ch\/wp-content\/uploads\/2018\/03\/Kunststoff-Industrie-raeumt-am-Prix-SVC-Ostschweiz-2018-ab-1_Organisator.jpg 640w, https:\/\/www.organisator.ch\/wp-content\/uploads\/2018\/03\/Kunststoff-Industrie-raeumt-am-Prix-SVC-Ostschweiz-2018-ab-1_Organisator-16x12.jpg 16w, https:\/\/www.organisator.ch\/wp-content\/uploads\/2018\/03\/Kunststoff-Industrie-raeumt-am-Prix-SVC-Ostschweiz-2018-ab-1_Organisator-264x175.jpg 264w, https:\/\/www.organisator.ch\/wp-content\/uploads\/2018\/03\/Kunststoff-Industrie-raeumt-am-Prix-SVC-Ostschweiz-2018-ab-1_Organisator-527x350.jpg 527w, https:\/\/www.organisator.ch\/wp-content\/uploads\/2018\/03\/Kunststoff-Industrie-raeumt-am-Prix-SVC-Ostschweiz-2018-ab-1_Organisator-300x199.jpg 300w\" sizes=\"auto, (max-width: 640px) 100vw, 640px\" \/><figcaption id=\"caption-attachment-3283\" class=\"wp-caption-text\">Winner of the Prix SVC Ostschweiz 2018: Romeo Corvaglia of Corvaglia Holding AG holds the trophy aloft, second-placed Reto Z\u00fcrcher (HB-Therm AG) congratulates. (Image: Thomas Berner)<\/figcaption><\/figure>\n<p>The tension among the approximately 1,000 guests in the Olma Hall was palpable as the representatives of the last two finalists stood on stage waiting for Andreas Gerber, President of the Swiss Venture Club (SVC), to open the envelope containing the name of the winner. Asked by moderator Marco Fritsche how he felt, Reto Z\u00fcrcher, board member and CEO of HB-Therm, said: \"It's wonderful that the first prize will certainly go to a company from the plastics industry.\" He had to admit defeat in the end to his fellow finalist Romeo Corvaglia, owner and CEO of the Corvaglia Group, which he stated with the words: \"It does make you feel a little funny that it just wasn't enough for us, but congratulations to the winner.\"<\/p>\n<h2>Caps for global corporations<\/h2>\n<p>And this winner is Corvaglia Holding AG. The company, based in Eschlikon (Thurgau), supplies well-known multinationals with closure solutions for PET bottles. \"From nothing, Romeo Corvaglia has built a company that has left our jury in awe. He and his team have succeeded in building a global company, with today 275 employees, 18 apprentices, with highly innovative products as well as production centers in Switzerland, the USA and Mexico,\" said jury president Professor Thomas Zellweger, Director of the Center for Family Business at the University of St.Gallen, in his laudation for the winner. The company covers the entire, fully integrated process chain, from closure design and development, mold making, closure production to application and technical support.<\/p>\n<h2>\"Made in Eastern Switzerland\"<\/h2>\n<p>The second-placed HB-Therm AG produces temperature control units for the injection molding process. The jury also considers this company to be a \"hidden champion\". The expert panel was particularly impressed by the \"extremely committed team\" and the \"uncompromising focus on innovation and quality\". It is particularly worth mentioning that the company produces exclusively at its site in St.Gallen and sees insourcing as a strategic cornerstone.<\/p>\n<p>The third-place winner is Namics AG, also based in St.Gallen. Namics is one of the leading full-service digital agencies for e-commerce, websites &amp; portals and digital communication. As a strategic partner in the digital transformation, the e-business specialist with around 500 employees offers strategic consulting, creative conception and technical implementation from a single source (<a href=\"https:\/\/www.organisator.ch\/wp-content\/uploads\/2018\/03\/2017_11_8-10.pdf\">see also our interview with CEO Bernd Schopp<\/a>).<\/p>\n<figure id=\"attachment_3284\" aria-describedby=\"caption-attachment-3284\" style=\"width: 640px\" class=\"wp-caption alignnone\"><img loading=\"lazy\" decoding=\"async\" class=\"size-full wp-image-3284\" src=\"https:\/\/www.organisator.ch\/wp-content\/uploads\/2018\/03\/Kunststoff-Industrie-raeumt-am-Prix-SVC-Ostschweiz-2018-ab-2_Organisator.jpg\" alt=\"\" width=\"640\" height=\"425\" srcset=\"https:\/\/www.organisator.ch\/wp-content\/uploads\/2018\/03\/Kunststoff-Industrie-raeumt-am-Prix-SVC-Ostschweiz-2018-ab-2_Organisator.jpg 640w, https:\/\/www.organisator.ch\/wp-content\/uploads\/2018\/03\/Kunststoff-Industrie-raeumt-am-Prix-SVC-Ostschweiz-2018-ab-2_Organisator-16x12.jpg 16w, https:\/\/www.organisator.ch\/wp-content\/uploads\/2018\/03\/Kunststoff-Industrie-raeumt-am-Prix-SVC-Ostschweiz-2018-ab-2_Organisator-264x175.jpg 264w, https:\/\/www.organisator.ch\/wp-content\/uploads\/2018\/03\/Kunststoff-Industrie-raeumt-am-Prix-SVC-Ostschweiz-2018-ab-2_Organisator-527x350.jpg 527w, https:\/\/www.organisator.ch\/wp-content\/uploads\/2018\/03\/Kunststoff-Industrie-raeumt-am-Prix-SVC-Ostschweiz-2018-ab-2_Organisator-300x199.jpg 300w\" sizes=\"auto, (max-width: 640px) 100vw, 640px\" \/><figcaption id=\"caption-attachment-3284\" class=\"wp-caption-text\">The winners of the Prix SVC Ostschweiz 2018 surrounded by jury members and prize donors. Standing from left to right: Heinrich Christen (Ernst &amp; Young, prize donor), Ruth Metzler-Arnold (jury member), Enrico Uffer (Uffer AG, 4th place), Andreas Schmidheini (Varioprint AG, jury member), Bernd Schopp (Namics AG, 3rd place). Place), Romeo Corvaglia (1st Place), Prof. Dr. Thomas Zellweger (Jury President), Roger Baumann (B\u00fcchi Labortechnik, 4th Place), Reto Z\u00fcrcher (HB-Therm AG, 2nd Place), Milo St\u00f6ssel (MS Direct Group, 4th Place). Seated from left to right: Andreas Gerber (President Swiss Venture Club), Christoph Zeller (Swiss Venture Club Regional Manager Eastern Switzerland). Photo: Thomas Berner<\/figcaption><\/figure>\n<h2>Evidence of the innovative strength of the Swiss economy<\/h2>\n<p>The other finalists and award winners of the evening are B\u00fcchi Labortechnik AG (Flawil), MS Direct Group AG (St.Gallen) and the timber construction company Uffer AG (Savognin). In a multi-stage process, the 13-member jury of experts nominated the six finalists from a list of around 150 companies. Companies from both Appenzell, Glarus, Graub\u00fcnden, St.Gallen and Thurgau were available for selection.<\/p>\n<p>All in all, the 2018 Prix SVC Ostschweiz awards once again showed that Swiss companies repeatedly manage to be among the world leaders in niches. All the companies honored in the various SVC regions are proof that Switzerland repeatedly occupies the top places in various innovation and competitiveness rankings, and not without good reason.<\/p>\n<p><em><a href=\"http:\/\/www.swiss-venture-club.ch\/\">www.swiss-venture-club.ch<\/a> <\/em><\/p>","protected":false},"excerpt":{"rendered":"<p>Die Spannung unter den rund 1000 G\u00e4sten in der Olma-Halle war greifbar, als die Vertreter der beiden letzten Finalisten auf der B\u00fchne standen und darauf warteten, bis Andreas Gerber, Pr\u00e4sident des Swiss Venture Club (SVC), den Umschlag mit dem Namen des Gewinners \u00f6ffnete. Von Moderator Marco Fritsche angesprochen, wie er sich f\u00fchle, meinte Reto Z\u00fcrcher, [&hellip;]<\/p>\n","protected":false},"author":4,"featured_media":3283,"comment_status":"open","ping_status":"open","sticky":false,"template":"","format":"standard","meta":{"_acf_changed":false,"_yoast_wpseo_focuskw":"Prix SVC Ostschweiz 2018","_yoast_wpseo_metadesc":"Am 8. M\u00e4rz fand in St.Gallen die Verleihung des Prix SVC Ostschweiz 2018 statt. Die beiden ersten Pl\u00e4tze belegen zwei Unternehmen aus der Kunststoff-Industrie: Zum Sieger gek\u00fcrt wurde die Corvaglia Holding aus Eschlikon, gefolgt von HB-Therm AG aus St.Gallen.","articlekey":"","footnotes":""},"categories":[28],"tags":[66,103,335,390,492],"class_list":["post-3281","post","type-post","status-publish","format-standard","has-post-thumbnail","hentry","category-management","tag-awards","tag-business-excellence","tag-management-und-unternehmensfuehrung","tag-prix-svc","tag-unternehmen"],"acf":[],"yoast_head":"<!-- This site is optimized with the Yoast SEO plugin v27.5 - https:\/\/yoast.com\/product\/yoast-seo-wordpress\/ -->\n<title>Kunststoff-Industrie r\u00e4umt am Prix SVC Ostschweiz 2018 ab - Organisator<\/title>\n<meta name=\"description\" content=\"Am 8. M\u00e4rz fand in St.Gallen die Verleihung des Prix SVC Ostschweiz 2018 statt. Die beiden ersten Pl\u00e4tze belegen zwei Unternehmen aus der Kunststoff-Industrie: Zum Sieger gek\u00fcrt wurde die Corvaglia Holding aus Eschlikon, gefolgt von HB-Therm AG aus St.Gallen.\" \/>\n<meta name=\"robots\" content=\"index, follow, max-snippet:-1, max-image-preview:large, max-video-preview:-1\" \/>\n<link rel=\"canonical\" href=\"https:\/\/www.organisator.ch\/en\/management\/2018-03-09\/kunststoff-industrie-raeumt-am-prix-svc-ostschweiz-2018-ab\/\" \/>\n<meta property=\"og:locale\" content=\"en_US\" \/>\n<meta property=\"og:type\" content=\"article\" \/>\n<meta property=\"og:title\" content=\"Kunststoff-Industrie r\u00e4umt am Prix SVC Ostschweiz 2018 ab - Organisator\" \/>\n<meta property=\"og:description\" content=\"Am 8. M\u00e4rz fand in St.Gallen die Verleihung des Prix #SVC Ostschweiz 2018 statt. Die beiden ersten Pl\u00e4tze belegen zwei Unternehmen aus der #Kunststoff-Industrie: Zum Sieger gek\u00fcrt wurde die #Corvaglia Holding aus Eschlikon, gefolgt von #HB-Therm AG aus St.Gallen.\" \/>\n<meta property=\"og:url\" content=\"https:\/\/www.organisator.ch\/en\/management\/2018-03-09\/kunststoff-industrie-raeumt-am-prix-svc-ostschweiz-2018-ab\/\" \/>\n<meta property=\"og:site_name\" content=\"Organisator\" \/>\n<meta property=\"article:publisher\" content=\"https:\/\/www.facebook.com\/OrganisatorFachmagazin\" \/>\n<meta property=\"article:published_time\" content=\"2018-03-09T08:00:40+00:00\" \/>\n<meta property=\"og:image\" content=\"https:\/\/www.organisator.ch\/wp-content\/uploads\/2018\/03\/Kunststoff-Industrie-raeumt-am-Prix-SVC-Ostschweiz-2018-ab-1_Organisator.jpg\" \/>\n\t<meta property=\"og:image:width\" content=\"640\" \/>\n\t<meta property=\"og:image:height\" content=\"425\" \/>\n\t<meta property=\"og:image:type\" content=\"image\/jpeg\" \/>\n<meta name=\"author\" content=\"thomas.berner\" \/>\n<meta name=\"twitter:card\" content=\"summary_large_image\" \/>\n<meta name=\"twitter:title\" content=\"#Kunststoff-Industrie r\u00e4umt am Prix #SVC Ostschweiz 2018 ab\" \/>\n<meta name=\"twitter:description\" content=\"Am 8. M\u00e4rz fand in St.Gallen die Verleihung des Prix #SVC Ostschweiz 2018 statt. Die beiden ersten Pl\u00e4tze belegen zwei Unternehmen aus der #Kunststoff-Industrie: Zum Sieger gek\u00fcrt wurde die #Corvaglia Holding aus Eschlikon, gefolgt von #HB-Therm AG aus St.Gallen.\" \/>\n<meta name=\"twitter:image\" content=\"https:\/\/www.organisator.ch\/wp-content\/uploads\/2018\/03\/Kunststoff-Industrie-r\u00e4umt-am-Prix-SVC-Ostschweiz-2018-ab-1_Organisator.jpg\" \/>\n<script type=\"application\/ld+json\" class=\"yoast-schema-graph\">{\"@context\":\"https:\\\/\\\/schema.org\",\"@graph\":[{\"@type\":\"Article\",\"@id\":\"https:\\\/\\\/www.organisator.ch\\\/management\\\/2018-03-09\\\/kunststoff-industrie-raeumt-am-prix-svc-ostschweiz-2018-ab\\\/#article\",\"isPartOf\":{\"@id\":\"https:\\\/\\\/www.organisator.ch\\\/management\\\/2018-03-09\\\/kunststoff-industrie-raeumt-am-prix-svc-ostschweiz-2018-ab\\\/\"},\"author\":{\"name\":\"thomas.berner\",\"@id\":\"https:\\\/\\\/www.organisator.ch\\\/#\\\/schema\\\/person\\\/6f650f90b2842cd4c0cc334b4e36f67e\"},\"headline\":\"Kunststoff-Industrie r\u00e4umt am Prix SVC Ostschweiz 2018 ab\",\"datePublished\":\"2018-03-09T08:00:40+00:00\",\"mainEntityOfPage\":{\"@id\":\"https:\\\/\\\/www.organisator.ch\\\/management\\\/2018-03-09\\\/kunststoff-industrie-raeumt-am-prix-svc-ostschweiz-2018-ab\\\/\"},\"wordCount\":636,\"commentCount\":0,\"publisher\":{\"@id\":\"https:\\\/\\\/www.organisator.ch\\\/#organization\"},\"image\":{\"@id\":\"https:\\\/\\\/www.organisator.ch\\\/management\\\/2018-03-09\\\/kunststoff-industrie-raeumt-am-prix-svc-ostschweiz-2018-ab\\\/#primaryimage\"},\"thumbnailUrl\":\"https:\\\/\\\/www.organisator.ch\\\/wp-content\\\/uploads\\\/2018\\\/03\\\/Kunststoff-Industrie-raeumt-am-Prix-SVC-Ostschweiz-2018-ab-1_Organisator.jpg\",\"keywords\":[\"Awards\",\"Business Excellence\",\"Management und Unternehmensf\u00fchrung\",\"Prix SVC\",\"Unternehmen\"],\"articleSection\":[\"MANAGEMENT\"],\"inLanguage\":\"en-US\"},{\"@type\":\"WebPage\",\"@id\":\"https:\\\/\\\/www.organisator.ch\\\/management\\\/2018-03-09\\\/kunststoff-industrie-raeumt-am-prix-svc-ostschweiz-2018-ab\\\/\",\"url\":\"https:\\\/\\\/www.organisator.ch\\\/management\\\/2018-03-09\\\/kunststoff-industrie-raeumt-am-prix-svc-ostschweiz-2018-ab\\\/\",\"name\":\"Kunststoff-Industrie r\u00e4umt am Prix SVC Ostschweiz 2018 ab - Organisator\",\"isPartOf\":{\"@id\":\"https:\\\/\\\/www.organisator.ch\\\/#website\"},\"primaryImageOfPage\":{\"@id\":\"https:\\\/\\\/www.organisator.ch\\\/management\\\/2018-03-09\\\/kunststoff-industrie-raeumt-am-prix-svc-ostschweiz-2018-ab\\\/#primaryimage\"},\"image\":{\"@id\":\"https:\\\/\\\/www.organisator.ch\\\/management\\\/2018-03-09\\\/kunststoff-industrie-raeumt-am-prix-svc-ostschweiz-2018-ab\\\/#primaryimage\"},\"thumbnailUrl\":\"https:\\\/\\\/www.organisator.ch\\\/wp-content\\\/uploads\\\/2018\\\/03\\\/Kunststoff-Industrie-raeumt-am-Prix-SVC-Ostschweiz-2018-ab-1_Organisator.jpg\",\"datePublished\":\"2018-03-09T08:00:40+00:00\",\"description\":\"Am 8. M\u00e4rz fand in St.Gallen die Verleihung des Prix SVC Ostschweiz 2018 statt. Die beiden ersten Pl\u00e4tze belegen zwei Unternehmen aus der Kunststoff-Industrie: Zum Sieger gek\u00fcrt wurde die Corvaglia Holding aus Eschlikon, gefolgt von HB-Therm AG aus St.Gallen.\",\"breadcrumb\":{\"@id\":\"https:\\\/\\\/www.organisator.ch\\\/management\\\/2018-03-09\\\/kunststoff-industrie-raeumt-am-prix-svc-ostschweiz-2018-ab\\\/#breadcrumb\"},\"inLanguage\":\"en-US\",\"potentialAction\":[{\"@type\":\"ReadAction\",\"target\":[\"https:\\\/\\\/www.organisator.ch\\\/management\\\/2018-03-09\\\/kunststoff-industrie-raeumt-am-prix-svc-ostschweiz-2018-ab\\\/\"]}]},{\"@type\":\"ImageObject\",\"inLanguage\":\"en-US\",\"@id\":\"https:\\\/\\\/www.organisator.ch\\\/management\\\/2018-03-09\\\/kunststoff-industrie-raeumt-am-prix-svc-ostschweiz-2018-ab\\\/#primaryimage\",\"url\":\"https:\\\/\\\/www.organisator.ch\\\/wp-content\\\/uploads\\\/2018\\\/03\\\/Kunststoff-Industrie-raeumt-am-Prix-SVC-Ostschweiz-2018-ab-1_Organisator.jpg\",\"contentUrl\":\"https:\\\/\\\/www.organisator.ch\\\/wp-content\\\/uploads\\\/2018\\\/03\\\/Kunststoff-Industrie-raeumt-am-Prix-SVC-Ostschweiz-2018-ab-1_Organisator.jpg\",\"width\":640,\"height\":425,\"caption\":\"Gewinner des Prix SVC Ostschweiz 2018: Romeo Corvaglia von der Corvaglia Holding AG stemmt die Troph\u00e4e in die H\u00f6he, der zweitplatzierte Reto Z\u00fcrcher (HB-Therm AG) gratuliert. (Bild: Thomas Berner)\"},{\"@type\":\"BreadcrumbList\",\"@id\":\"https:\\\/\\\/www.organisator.ch\\\/management\\\/2018-03-09\\\/kunststoff-industrie-raeumt-am-prix-svc-ostschweiz-2018-ab\\\/#breadcrumb\",\"itemListElement\":[{\"@type\":\"ListItem\",\"position\":1,\"name\":\"Home\",\"item\":\"https:\\\/\\\/www.organisator.ch\\\/\"},{\"@type\":\"ListItem\",\"position\":2,\"name\":\"Kunststoff-Industrie r\u00e4umt am Prix SVC Ostschweiz 2018 ab\"}]},{\"@type\":\"WebSite\",\"@id\":\"https:\\\/\\\/www.organisator.ch\\\/#website\",\"url\":\"https:\\\/\\\/www.organisator.ch\\\/\",\"name\":\"Organisator\",\"description\":\"Kompetent. Praxisnah. Der ORGANISATOR bereitet in 10 Ausgaben pro Jahr die wesentlichen Themen f\u00fcr F\u00fchrungskr\u00e4fte von KMU auf.\",\"publisher\":{\"@id\":\"https:\\\/\\\/www.organisator.ch\\\/#organization\"},\"potentialAction\":[{\"@type\":\"SearchAction\",\"target\":{\"@type\":\"EntryPoint\",\"urlTemplate\":\"https:\\\/\\\/www.organisator.ch\\\/?s={search_term_string}\"},\"query-input\":{\"@type\":\"PropertyValueSpecification\",\"valueRequired\":true,\"valueName\":\"search_term_string\"}}],\"inLanguage\":\"en-US\"},{\"@type\":\"Organization\",\"@id\":\"https:\\\/\\\/www.organisator.ch\\\/#organization\",\"name\":\"Organisator\",\"url\":\"https:\\\/\\\/www.organisator.ch\\\/\",\"logo\":{\"@type\":\"ImageObject\",\"inLanguage\":\"en-US\",\"@id\":\"https:\\\/\\\/www.organisator.ch\\\/#\\\/schema\\\/logo\\\/image\\\/\",\"url\":\"https:\\\/\\\/www.organisator.ch\\\/wp-content\\\/uploads\\\/2022\\\/01\\\/Logo_Organisator_Website.png\",\"contentUrl\":\"https:\\\/\\\/www.organisator.ch\\\/wp-content\\\/uploads\\\/2022\\\/01\\\/Logo_Organisator_Website.png\",\"width\":800,\"height\":77,\"caption\":\"Organisator\"},\"image\":{\"@id\":\"https:\\\/\\\/www.organisator.ch\\\/#\\\/schema\\\/logo\\\/image\\\/\"},\"sameAs\":[\"https:\\\/\\\/www.facebook.com\\\/OrganisatorFachmagazin\",\"https:\\\/\\\/www.linkedin.com\\\/showcase\\\/organisator-das-magazin-fr-kmu\",\"https:\\\/\\\/www.xing.com\\\/news\\\/pages\\\/organisator-ch-695\",\"https:\\\/\\\/www.youtube.com\\\/channel\\\/UCGP2Sq0iWaZwT3BdIAQFYpw\"]},{\"@type\":\"Person\",\"@id\":\"https:\\\/\\\/www.organisator.ch\\\/#\\\/schema\\\/person\\\/6f650f90b2842cd4c0cc334b4e36f67e\",\"name\":\"thomas.berner\",\"image\":{\"@type\":\"ImageObject\",\"inLanguage\":\"en-US\",\"@id\":\"https:\\\/\\\/secure.gravatar.com\\\/avatar\\\/ac5001d2a36cb6c6cd3e50789007ffca834b477b74a2144564522e944eabff61?s=96&d=mm&r=g\",\"url\":\"https:\\\/\\\/secure.gravatar.com\\\/avatar\\\/ac5001d2a36cb6c6cd3e50789007ffca834b477b74a2144564522e944eabff61?s=96&d=mm&r=g\",\"contentUrl\":\"https:\\\/\\\/secure.gravatar.com\\\/avatar\\\/ac5001d2a36cb6c6cd3e50789007ffca834b477b74a2144564522e944eabff61?s=96&d=mm&r=g\",\"caption\":\"thomas.berner\"},\"url\":\"https:\\\/\\\/www.organisator.ch\\\/en\\\/author\\\/thomas-berner\\\/\"}]}<\/script>\n<!-- \/ Yoast SEO plugin. -->","yoast_head_json":{"title":"Plastics industry sweeps the 2018 Prix SVC Ostschweiz - Organizer","description":"On March 8, the award ceremony for the Prix SVC Ostschweiz 2018 took place in St.Gallen. The first two places were taken by two companies from the plastics industry: Corvaglia Holding from Eschlikon was crowned the winner, followed by HB-Therm AG from St.Gallen.","robots":{"index":"index","follow":"follow","max-snippet":"max-snippet:-1","max-image-preview":"max-image-preview:large","max-video-preview":"max-video-preview:-1"},"canonical":"https:\/\/www.organisator.ch\/en\/management\/2018-03-09\/kunststoff-industrie-raeumt-am-prix-svc-ostschweiz-2018-ab\/","og_locale":"en_US","og_type":"article","og_title":"Kunststoff-Industrie r\u00e4umt am Prix SVC Ostschweiz 2018 ab - Organisator","og_description":"Am 8. M\u00e4rz fand in St.Gallen die Verleihung des Prix #SVC Ostschweiz 2018 statt. Die beiden ersten Pl\u00e4tze belegen zwei Unternehmen aus der #Kunststoff-Industrie: Zum Sieger gek\u00fcrt wurde die #Corvaglia Holding aus Eschlikon, gefolgt von #HB-Therm AG aus St.Gallen.","og_url":"https:\/\/www.organisator.ch\/en\/management\/2018-03-09\/kunststoff-industrie-raeumt-am-prix-svc-ostschweiz-2018-ab\/","og_site_name":"Organisator","article_publisher":"https:\/\/www.facebook.com\/OrganisatorFachmagazin","article_published_time":"2018-03-09T08:00:40+00:00","og_image":[{"width":640,"height":425,"url":"https:\/\/www.organisator.ch\/wp-content\/uploads\/2018\/03\/Kunststoff-Industrie-raeumt-am-Prix-SVC-Ostschweiz-2018-ab-1_Organisator.jpg","type":"image\/jpeg"}],"author":"thomas.berner","twitter_card":"summary_large_image","twitter_title":"#Kunststoff-Industrie r\u00e4umt am Prix #SVC Ostschweiz 2018 ab","twitter_description":"Am 8. M\u00e4rz fand in St.Gallen die Verleihung des Prix #SVC Ostschweiz 2018 statt. Die beiden ersten Pl\u00e4tze belegen zwei Unternehmen aus der #Kunststoff-Industrie: Zum Sieger gek\u00fcrt wurde die #Corvaglia Holding aus Eschlikon, gefolgt von #HB-Therm AG aus St.Gallen.","twitter_image":"https:\/\/www.organisator.ch\/wp-content\/uploads\/2018\/03\/Kunststoff-Industrie-r\u00e4umt-am-Prix-SVC-Ostschweiz-2018-ab-1_Organisator.jpg","schema":{"@context":"https:\/\/schema.org","@graph":[{"@type":"Article","@id":"https:\/\/www.organisator.ch\/management\/2018-03-09\/kunststoff-industrie-raeumt-am-prix-svc-ostschweiz-2018-ab\/#article","isPartOf":{"@id":"https:\/\/www.organisator.ch\/management\/2018-03-09\/kunststoff-industrie-raeumt-am-prix-svc-ostschweiz-2018-ab\/"},"author":{"name":"thomas.berner","@id":"https:\/\/www.organisator.ch\/#\/schema\/person\/6f650f90b2842cd4c0cc334b4e36f67e"},"headline":"Kunststoff-Industrie r\u00e4umt am Prix SVC Ostschweiz 2018 ab","datePublished":"2018-03-09T08:00:40+00:00","mainEntityOfPage":{"@id":"https:\/\/www.organisator.ch\/management\/2018-03-09\/kunststoff-industrie-raeumt-am-prix-svc-ostschweiz-2018-ab\/"},"wordCount":636,"commentCount":0,"publisher":{"@id":"https:\/\/www.organisator.ch\/#organization"},"image":{"@id":"https:\/\/www.organisator.ch\/management\/2018-03-09\/kunststoff-industrie-raeumt-am-prix-svc-ostschweiz-2018-ab\/#primaryimage"},"thumbnailUrl":"https:\/\/www.organisator.ch\/wp-content\/uploads\/2018\/03\/Kunststoff-Industrie-raeumt-am-Prix-SVC-Ostschweiz-2018-ab-1_Organisator.jpg","keywords":["Awards","Business Excellence","Management und Unternehmensf\u00fchrung","Prix SVC","Unternehmen"],"articleSection":["MANAGEMENT"],"inLanguage":"en-US"},{"@type":"WebPage","@id":"https:\/\/www.organisator.ch\/management\/2018-03-09\/kunststoff-industrie-raeumt-am-prix-svc-ostschweiz-2018-ab\/","url":"https:\/\/www.organisator.ch\/management\/2018-03-09\/kunststoff-industrie-raeumt-am-prix-svc-ostschweiz-2018-ab\/","name":"Plastics industry sweeps the 2018 Prix SVC Ostschweiz - Organizer","isPartOf":{"@id":"https:\/\/www.organisator.ch\/#website"},"primaryImageOfPage":{"@id":"https:\/\/www.organisator.ch\/management\/2018-03-09\/kunststoff-industrie-raeumt-am-prix-svc-ostschweiz-2018-ab\/#primaryimage"},"image":{"@id":"https:\/\/www.organisator.ch\/management\/2018-03-09\/kunststoff-industrie-raeumt-am-prix-svc-ostschweiz-2018-ab\/#primaryimage"},"thumbnailUrl":"https:\/\/www.organisator.ch\/wp-content\/uploads\/2018\/03\/Kunststoff-Industrie-raeumt-am-Prix-SVC-Ostschweiz-2018-ab-1_Organisator.jpg","datePublished":"2018-03-09T08:00:40+00:00","description":"On March 8, the award ceremony for the Prix SVC Ostschweiz 2018 took place in St.Gallen. The first two places were taken by two companies from the plastics industry: Corvaglia Holding from Eschlikon was crowned the winner, followed by HB-Therm AG from St.Gallen.","breadcrumb":{"@id":"https:\/\/www.organisator.ch\/management\/2018-03-09\/kunststoff-industrie-raeumt-am-prix-svc-ostschweiz-2018-ab\/#breadcrumb"},"inLanguage":"en-US","potentialAction":[{"@type":"ReadAction","target":["https:\/\/www.organisator.ch\/management\/2018-03-09\/kunststoff-industrie-raeumt-am-prix-svc-ostschweiz-2018-ab\/"]}]},{"@type":"ImageObject","inLanguage":"en-US","@id":"https:\/\/www.organisator.ch\/management\/2018-03-09\/kunststoff-industrie-raeumt-am-prix-svc-ostschweiz-2018-ab\/#primaryimage","url":"https:\/\/www.organisator.ch\/wp-content\/uploads\/2018\/03\/Kunststoff-Industrie-raeumt-am-Prix-SVC-Ostschweiz-2018-ab-1_Organisator.jpg","contentUrl":"https:\/\/www.organisator.ch\/wp-content\/uploads\/2018\/03\/Kunststoff-Industrie-raeumt-am-Prix-SVC-Ostschweiz-2018-ab-1_Organisator.jpg","width":640,"height":425,"caption":"Gewinner des Prix SVC Ostschweiz 2018: Romeo Corvaglia von der Corvaglia Holding AG stemmt die Troph\u00e4e in die H\u00f6he, der zweitplatzierte Reto Z\u00fcrcher (HB-Therm AG) gratuliert. (Bild: Thomas Berner)"},{"@type":"BreadcrumbList","@id":"https:\/\/www.organisator.ch\/management\/2018-03-09\/kunststoff-industrie-raeumt-am-prix-svc-ostschweiz-2018-ab\/#breadcrumb","itemListElement":[{"@type":"ListItem","position":1,"name":"Home","item":"https:\/\/www.organisator.ch\/"},{"@type":"ListItem","position":2,"name":"Kunststoff-Industrie r\u00e4umt am Prix SVC Ostschweiz 2018 ab"}]},{"@type":"WebSite","@id":"https:\/\/www.organisator.ch\/#website","url":"https:\/\/www.organisator.ch\/","name":"Organizer","description":"Competent. Practical. In 10 issues per year, ORGANISATOR presents the essential topics for managers of SMEs.","publisher":{"@id":"https:\/\/www.organisator.ch\/#organization"},"potentialAction":[{"@type":"SearchAction","target":{"@type":"EntryPoint","urlTemplate":"https:\/\/www.organisator.ch\/?s={search_term_string}"},"query-input":{"@type":"PropertyValueSpecification","valueRequired":true,"valueName":"search_term_string"}}],"inLanguage":"en-US"},{"@type":"Organization","@id":"https:\/\/www.organisator.ch\/#organization","name":"Organizer","url":"https:\/\/www.organisator.ch\/","logo":{"@type":"ImageObject","inLanguage":"en-US","@id":"https:\/\/www.organisator.ch\/#\/schema\/logo\/image\/","url":"https:\/\/www.organisator.ch\/wp-content\/uploads\/2022\/01\/Logo_Organisator_Website.png","contentUrl":"https:\/\/www.organisator.ch\/wp-content\/uploads\/2022\/01\/Logo_Organisator_Website.png","width":800,"height":77,"caption":"Organisator"},"image":{"@id":"https:\/\/www.organisator.ch\/#\/schema\/logo\/image\/"},"sameAs":["https:\/\/www.facebook.com\/OrganisatorFachmagazin","https:\/\/www.linkedin.com\/showcase\/organisator-das-magazin-fr-kmu","https:\/\/www.xing.com\/news\/pages\/organisator-ch-695","https:\/\/www.youtube.com\/channel\/UCGP2Sq0iWaZwT3BdIAQFYpw"]},{"@type":"Person","@id":"https:\/\/www.organisator.ch\/#\/schema\/person\/6f650f90b2842cd4c0cc334b4e36f67e","name":"thomas.berner","image":{"@type":"ImageObject","inLanguage":"en-US","@id":"https:\/\/secure.gravatar.com\/avatar\/ac5001d2a36cb6c6cd3e50789007ffca834b477b74a2144564522e944eabff61?s=96&d=mm&r=g","url":"https:\/\/secure.gravatar.com\/avatar\/ac5001d2a36cb6c6cd3e50789007ffca834b477b74a2144564522e944eabff61?s=96&d=mm&r=g","contentUrl":"https:\/\/secure.gravatar.com\/avatar\/ac5001d2a36cb6c6cd3e50789007ffca834b477b74a2144564522e944eabff61?s=96&d=mm&r=g","caption":"thomas.berner"},"url":"https:\/\/www.organisator.ch\/en\/author\/thomas-berner\/"}]}},"_links":{"self":[{"href":"https:\/\/www.organisator.ch\/en\/wp-json\/wp\/v2\/posts\/3281","targetHints":{"allow":["GET"]}}],"collection":[{"href":"https:\/\/www.organisator.ch\/en\/wp-json\/wp\/v2\/posts"}],"about":[{"href":"https:\/\/www.organisator.ch\/en\/wp-json\/wp\/v2\/types\/post"}],"author":[{"embeddable":true,"href":"https:\/\/www.organisator.ch\/en\/wp-json\/wp\/v2\/users\/4"}],"replies":[{"embeddable":true,"href":"https:\/\/www.organisator.ch\/en\/wp-json\/wp\/v2\/comments?post=3281"}],"version-history":[{"count":0,"href":"https:\/\/www.organisator.ch\/en\/wp-json\/wp\/v2\/posts\/3281\/revisions"}],"wp:featuredmedia":[{"embeddable":true,"href":"https:\/\/www.organisator.ch\/en\/wp-json\/wp\/v2\/media\/3283"}],"wp:attachment":[{"href":"https:\/\/www.organisator.ch\/en\/wp-json\/wp\/v2\/media?parent=3281"}],"wp:term":[{"taxonomy":"category","embeddable":true,"href":"https:\/\/www.organisator.ch\/en\/wp-json\/wp\/v2\/categories?post=3281"},{"taxonomy":"post_tag","embeddable":true,"href":"https:\/\/www.organisator.ch\/en\/wp-json\/wp\/v2\/tags?post=3281"}],"curies":[{"name":"wp","href":"https:\/\/api.w.org\/{rel}","templated":true}]}}