{"id":3288,"date":"2020-08-25T19:04:58","date_gmt":"2020-08-25T17:04:58","guid":{"rendered":"https:\/\/www.umweltperspektiven.ch\/?p=3288"},"modified":"2022-02-09T11:06:13","modified_gmt":"2022-02-09T10:06:13","slug":"arval-mobility-studie-schweiz-bei-mobilitaetsalternativen-fuehrend","status":"publish","type":"post","link":"https:\/\/www.organisator.ch\/en\/sustainability\/2020-08-25\/arval-mobility-studie-schweiz-bei-mobilitaetsalternativen-fuehrend\/","title":{"rendered":"Arval Mobility Study: Switzerland Leads the Way in Mobility Alternatives"},"content":{"rendered":"<p>&nbsp;<\/p>\n<figure id=\"attachment_3289\" aria-describedby=\"caption-attachment-3289\" style=\"width: 680px\" class=\"wp-caption alignnone\"><img loading=\"lazy\" decoding=\"async\" class=\"size-medium wp-image-3289\" src=\"\/\/www.umweltperspektiven.ch\/wp-content\/uploads\/2020\/08\/seat-salt-\u00aeremoeisner-7667-1024x683.jpg\" alt=\"\" width=\"680\" height=\"454\" \/><figcaption id=\"caption-attachment-3289\" class=\"wp-caption-text\">The telecom provider Salt is also on the move in Switzerland in a sustainable manner and relies on Seat models with CNG drive. (Source: Salt)<\/figcaption><\/figure>\n<p>The Arval Motility Observatory study reveals the environmental awareness of Swiss fleet managers.  It now shows that the environmental awareness of fleet managers has been increasing every year since 2002 (<a class=\"external\" href=\"\/\/www.arval.ch\/\" target=\"_blank\" rel=\"nofollow noopener\">Arval Mobility Observatory<\/a>).<\/p>\n<p><strong>Not all fleets are the same\u00a0<\/strong><\/p>\n<p>A company fleet in Switzerland comprises an average of 54 vehicles, compared with 107 in Europe. Two-thirds of Swiss companies want to implement at least one alternative drive technology in their fleet in the next three years. Positive for CNG: 12 percent of fleet managers have already integrated CNG vehicles in 2020, while 24 percent are still planning to do so.<\/p>\n<p>In fact, the Swiss are leading the way in Europe in terms of mobility alternatives. Large companies in particular are reducing their fleet sizes due to new mobility solutions, declining business and staff reductions. In addition, more and more Swiss companies are integrating green drive types into their fleets. The switch is mainly for reasons such as environmental protection, cost reduction and improvement of the corporate image.<\/p>\n<p>This also applies to smaller fleets: SMEs with 10 to 99 employees in Switzerland have an average of only five passenger cars, compared with 27 in Europe. Fleets in Switzerland are replaced every six years on average, compared with every five years in Europe. Swiss companies are also reducing the proportion of diesel vehicles more than the European average. In the last three years, the diesel share of fleet vehicles in Switzerland was 37 percent, compared with 49 percent in Europe.<\/p>\n<p><strong>Market not yet saturated\u00a0<\/strong><\/p>\n<p>The Swiss fleet market is saturated, but on the move. According to Arval (Schweiz) AG, the larger the company, the more likely it is that fleet management will be outsourced. Advice on vehicle fleets is also desired from the SME level onwards, especially with regard to cost optimization and new mobility solutions. The changeover to the WLTP test cycle has a greater impact on large companies and is mainly regulated by adjusting the energy mix in order to meet the stricter CO<sub>2<\/sub>-limits and sustainability targets.<\/p>\n<p>&nbsp;<\/p>","protected":false},"excerpt":{"rendered":"<p>&nbsp; Die Arval Motility Observatory Studie zeigt das Umweltbewusstsein der Schweizer Flottenverantwortlichen auf.\u00a0 Sie zeigt nun, dass das\u00a0Umweltbewusstsein der Flottenmanager seit 2002 j\u00e4hrlich steigt (Arval Mobility Observatory). Flotte ist nicht gleich Flotte\u00a0 Eine Firmenflotte umfasst in der Schweiz durchschnittlich 54, in Europa dagegen 107 Fahrzeuge. Zwei Drittel der Schweizer Unternehmen wollen in den n\u00e4chsten drei [&hellip;]<\/p>\n","protected":false},"author":5,"featured_media":3289,"comment_status":"closed","ping_status":"closed","sticky":false,"template":"","format":"standard","meta":{"_acf_changed":false,"_yoast_wpseo_focuskw":"Arval Mobility","_yoast_wpseo_metadesc":"Eine Studie von Arval Mobility Observatory zeigt, dass die Schweizer Flottenmanager vermehrt auf CNG-angetriebene Fahrzeuge einsetzen.","articlekey":"","footnotes":""},"categories":[580],"tags":[836,927,1032,1383,1929,460],"class_list":["post-3288","post","type-post","status-publish","format-standard","has-post-thumbnail","hentry","category-sustainability","tag-biogas-fahrzeuge","tag-cngng","tag-elektro-antrieben","tag-hybrid","tag-plug-in-hybrid","tag-studien"],"acf":[],"yoast_head":"<!-- This site is optimized with the Yoast SEO plugin v27.4 - https:\/\/yoast.com\/product\/yoast-seo-wordpress\/ -->\n<title>Arval Mobility Studie: Schweiz bei Mobilit\u00e4tsalternativen f\u00fchrend - Organisator<\/title>\n<meta name=\"description\" content=\"Eine Studie von Arval Mobility Observatory zeigt, dass die Schweizer Flottenmanager vermehrt auf CNG-angetriebene Fahrzeuge einsetzen.\" \/>\n<meta name=\"robots\" content=\"index, follow, max-snippet:-1, max-image-preview:large, max-video-preview:-1\" \/>\n<link rel=\"canonical\" href=\"https:\/\/www.organisator.ch\/en\/sustainability\/2020-08-25\/arval-mobility-studie-schweiz-bei-mobilitaetsalternativen-fuehrend\/\" \/>\n<meta property=\"og:locale\" content=\"en_US\" \/>\n<meta property=\"og:type\" content=\"article\" \/>\n<meta property=\"og:title\" content=\"Arval Mobility Studie: Schweiz bei Mobilit\u00e4tsalternativen f\u00fchrend - Organisator\" \/>\n<meta property=\"og:description\" content=\"Eine Studie von Arval Mobility Observatory zeigt, dass die Schweizer Flottenmanager vermehrt auf CNG-angetriebene Fahrzeuge einsetzen.\" \/>\n<meta property=\"og:url\" content=\"https:\/\/www.organisator.ch\/en\/sustainability\/2020-08-25\/arval-mobility-studie-schweiz-bei-mobilitaetsalternativen-fuehrend\/\" \/>\n<meta property=\"og:site_name\" content=\"Organisator\" \/>\n<meta property=\"article:publisher\" content=\"https:\/\/www.facebook.com\/OrganisatorFachmagazin\" \/>\n<meta property=\"article:published_time\" content=\"2020-08-25T17:04:58+00:00\" \/>\n<meta property=\"article:modified_time\" content=\"2022-02-09T10:06:13+00:00\" \/>\n<meta property=\"og:image\" content=\"https:\/\/www.organisator.ch\/wp-content\/uploads\/2020\/08\/seat-salt-\u00aeremoeisner-7667-1024x683-1.jpg\" \/>\n\t<meta property=\"og:image:width\" content=\"1024\" \/>\n\t<meta property=\"og:image:height\" content=\"683\" \/>\n\t<meta property=\"og:image:type\" content=\"image\/jpeg\" \/>\n<meta name=\"author\" content=\"michael.merz\" \/>\n<meta name=\"twitter:card\" content=\"summary_large_image\" \/>\n<script type=\"application\/ld+json\" class=\"yoast-schema-graph\">{\"@context\":\"https:\\\/\\\/schema.org\",\"@graph\":[{\"@type\":\"Article\",\"@id\":\"https:\\\/\\\/www.organisator.ch\\\/sustainability\\\/2020-08-25\\\/arval-mobility-studie-schweiz-bei-mobilitaetsalternativen-fuehrend\\\/#article\",\"isPartOf\":{\"@id\":\"https:\\\/\\\/www.organisator.ch\\\/sustainability\\\/2020-08-25\\\/arval-mobility-studie-schweiz-bei-mobilitaetsalternativen-fuehrend\\\/\"},\"author\":{\"name\":\"michael.merz\",\"@id\":\"https:\\\/\\\/www.organisator.ch\\\/#\\\/schema\\\/person\\\/134708ca9321c57b0362cceb7948ffbd\"},\"headline\":\"Arval Mobility Studie: Schweiz bei Mobilit\u00e4tsalternativen f\u00fchrend\",\"datePublished\":\"2020-08-25T17:04:58+00:00\",\"dateModified\":\"2022-02-09T10:06:13+00:00\",\"mainEntityOfPage\":{\"@id\":\"https:\\\/\\\/www.organisator.ch\\\/sustainability\\\/2020-08-25\\\/arval-mobility-studie-schweiz-bei-mobilitaetsalternativen-fuehrend\\\/\"},\"wordCount\":334,\"publisher\":{\"@id\":\"https:\\\/\\\/www.organisator.ch\\\/#organization\"},\"image\":{\"@id\":\"https:\\\/\\\/www.organisator.ch\\\/sustainability\\\/2020-08-25\\\/arval-mobility-studie-schweiz-bei-mobilitaetsalternativen-fuehrend\\\/#primaryimage\"},\"thumbnailUrl\":\"https:\\\/\\\/www.organisator.ch\\\/wp-content\\\/uploads\\\/2020\\\/08\\\/seat-salt-\u00aeremoeisner-7667-1024x683-1.jpg\",\"keywords\":[\"Biogas-Fahrzeuge\",\"CNGNG\",\"Elektro-Antrieben\",\"Hybrid\",\"Plug-in-Hybrid\",\"Studien\"],\"articleSection\":[\"SUSTAINABILITY\"],\"inLanguage\":\"en-US\"},{\"@type\":\"WebPage\",\"@id\":\"https:\\\/\\\/www.organisator.ch\\\/sustainability\\\/2020-08-25\\\/arval-mobility-studie-schweiz-bei-mobilitaetsalternativen-fuehrend\\\/\",\"url\":\"https:\\\/\\\/www.organisator.ch\\\/sustainability\\\/2020-08-25\\\/arval-mobility-studie-schweiz-bei-mobilitaetsalternativen-fuehrend\\\/\",\"name\":\"Arval Mobility Studie: Schweiz bei Mobilit\u00e4tsalternativen f\u00fchrend - Organisator\",\"isPartOf\":{\"@id\":\"https:\\\/\\\/www.organisator.ch\\\/#website\"},\"primaryImageOfPage\":{\"@id\":\"https:\\\/\\\/www.organisator.ch\\\/sustainability\\\/2020-08-25\\\/arval-mobility-studie-schweiz-bei-mobilitaetsalternativen-fuehrend\\\/#primaryimage\"},\"image\":{\"@id\":\"https:\\\/\\\/www.organisator.ch\\\/sustainability\\\/2020-08-25\\\/arval-mobility-studie-schweiz-bei-mobilitaetsalternativen-fuehrend\\\/#primaryimage\"},\"thumbnailUrl\":\"https:\\\/\\\/www.organisator.ch\\\/wp-content\\\/uploads\\\/2020\\\/08\\\/seat-salt-\u00aeremoeisner-7667-1024x683-1.jpg\",\"datePublished\":\"2020-08-25T17:04:58+00:00\",\"dateModified\":\"2022-02-09T10:06:13+00:00\",\"description\":\"Eine Studie von Arval Mobility Observatory zeigt, dass die Schweizer Flottenmanager vermehrt auf CNG-angetriebene Fahrzeuge einsetzen.\",\"breadcrumb\":{\"@id\":\"https:\\\/\\\/www.organisator.ch\\\/sustainability\\\/2020-08-25\\\/arval-mobility-studie-schweiz-bei-mobilitaetsalternativen-fuehrend\\\/#breadcrumb\"},\"inLanguage\":\"en-US\",\"potentialAction\":[{\"@type\":\"ReadAction\",\"target\":[\"https:\\\/\\\/www.organisator.ch\\\/sustainability\\\/2020-08-25\\\/arval-mobility-studie-schweiz-bei-mobilitaetsalternativen-fuehrend\\\/\"]}]},{\"@type\":\"ImageObject\",\"inLanguage\":\"en-US\",\"@id\":\"https:\\\/\\\/www.organisator.ch\\\/sustainability\\\/2020-08-25\\\/arval-mobility-studie-schweiz-bei-mobilitaetsalternativen-fuehrend\\\/#primaryimage\",\"url\":\"https:\\\/\\\/www.organisator.ch\\\/wp-content\\\/uploads\\\/2020\\\/08\\\/seat-salt-\u00aeremoeisner-7667-1024x683-1.jpg\",\"contentUrl\":\"https:\\\/\\\/www.organisator.ch\\\/wp-content\\\/uploads\\\/2020\\\/08\\\/seat-salt-\u00aeremoeisner-7667-1024x683-1.jpg\",\"width\":1024,\"height\":683,\"caption\":\"Auch der Telekomanbieter Salt ist in der Schweiz nachhaltig unterwegs und setzt auf Seat-Modelle mit CNG-Antrieb. (Quelle: Salt)\"},{\"@type\":\"BreadcrumbList\",\"@id\":\"https:\\\/\\\/www.organisator.ch\\\/sustainability\\\/2020-08-25\\\/arval-mobility-studie-schweiz-bei-mobilitaetsalternativen-fuehrend\\\/#breadcrumb\",\"itemListElement\":[{\"@type\":\"ListItem\",\"position\":1,\"name\":\"Home\",\"item\":\"https:\\\/\\\/www.organisator.ch\\\/\"},{\"@type\":\"ListItem\",\"position\":2,\"name\":\"Arval Mobility Studie: Schweiz bei Mobilit\u00e4tsalternativen f\u00fchrend\"}]},{\"@type\":\"WebSite\",\"@id\":\"https:\\\/\\\/www.organisator.ch\\\/#website\",\"url\":\"https:\\\/\\\/www.organisator.ch\\\/\",\"name\":\"Organisator\",\"description\":\"Kompetent. Praxisnah. Der ORGANISATOR bereitet in 10 Ausgaben pro Jahr die wesentlichen Themen f\u00fcr F\u00fchrungskr\u00e4fte von KMU auf.\",\"publisher\":{\"@id\":\"https:\\\/\\\/www.organisator.ch\\\/#organization\"},\"potentialAction\":[{\"@type\":\"SearchAction\",\"target\":{\"@type\":\"EntryPoint\",\"urlTemplate\":\"https:\\\/\\\/www.organisator.ch\\\/?s={search_term_string}\"},\"query-input\":{\"@type\":\"PropertyValueSpecification\",\"valueRequired\":true,\"valueName\":\"search_term_string\"}}],\"inLanguage\":\"en-US\"},{\"@type\":\"Organization\",\"@id\":\"https:\\\/\\\/www.organisator.ch\\\/#organization\",\"name\":\"Organisator\",\"url\":\"https:\\\/\\\/www.organisator.ch\\\/\",\"logo\":{\"@type\":\"ImageObject\",\"inLanguage\":\"en-US\",\"@id\":\"https:\\\/\\\/www.organisator.ch\\\/#\\\/schema\\\/logo\\\/image\\\/\",\"url\":\"https:\\\/\\\/www.organisator.ch\\\/wp-content\\\/uploads\\\/2022\\\/01\\\/Logo_Organisator_Website.png\",\"contentUrl\":\"https:\\\/\\\/www.organisator.ch\\\/wp-content\\\/uploads\\\/2022\\\/01\\\/Logo_Organisator_Website.png\",\"width\":800,\"height\":77,\"caption\":\"Organisator\"},\"image\":{\"@id\":\"https:\\\/\\\/www.organisator.ch\\\/#\\\/schema\\\/logo\\\/image\\\/\"},\"sameAs\":[\"https:\\\/\\\/www.facebook.com\\\/OrganisatorFachmagazin\",\"https:\\\/\\\/www.linkedin.com\\\/showcase\\\/organisator-das-magazin-fr-kmu\",\"https:\\\/\\\/www.xing.com\\\/news\\\/pages\\\/organisator-ch-695\",\"https:\\\/\\\/www.youtube.com\\\/channel\\\/UCGP2Sq0iWaZwT3BdIAQFYpw\"]},{\"@type\":\"Person\",\"@id\":\"https:\\\/\\\/www.organisator.ch\\\/#\\\/schema\\\/person\\\/134708ca9321c57b0362cceb7948ffbd\",\"name\":\"michael.merz\",\"image\":{\"@type\":\"ImageObject\",\"inLanguage\":\"en-US\",\"@id\":\"https:\\\/\\\/secure.gravatar.com\\\/avatar\\\/?s=96&d=mm&r=g\",\"url\":\"https:\\\/\\\/secure.gravatar.com\\\/avatar\\\/?s=96&d=mm&r=g\",\"contentUrl\":\"https:\\\/\\\/secure.gravatar.com\\\/avatar\\\/?s=96&d=mm&r=g\",\"caption\":\"michael.merz\"},\"url\":\"https:\\\/\\\/www.organisator.ch\\\/en\\\/author\\\/michael-merz\\\/\"}]}<\/script>\n<!-- \/ Yoast SEO plugin. -->","yoast_head_json":{"title":"Arval Mobility Study: Switzerland leads in mobility alternatives - Organizer","description":"A study by Arval Mobility Observatory shows that Swiss fleet managers are increasingly turning to CNG-powered vehicles.","robots":{"index":"index","follow":"follow","max-snippet":"max-snippet:-1","max-image-preview":"max-image-preview:large","max-video-preview":"max-video-preview:-1"},"canonical":"https:\/\/www.organisator.ch\/en\/sustainability\/2020-08-25\/arval-mobility-studie-schweiz-bei-mobilitaetsalternativen-fuehrend\/","og_locale":"en_US","og_type":"article","og_title":"Arval Mobility Studie: Schweiz bei Mobilit\u00e4tsalternativen f\u00fchrend - Organisator","og_description":"Eine Studie von Arval Mobility Observatory zeigt, dass die Schweizer Flottenmanager vermehrt auf CNG-angetriebene Fahrzeuge einsetzen.","og_url":"https:\/\/www.organisator.ch\/en\/sustainability\/2020-08-25\/arval-mobility-studie-schweiz-bei-mobilitaetsalternativen-fuehrend\/","og_site_name":"Organisator","article_publisher":"https:\/\/www.facebook.com\/OrganisatorFachmagazin","article_published_time":"2020-08-25T17:04:58+00:00","article_modified_time":"2022-02-09T10:06:13+00:00","og_image":[{"width":1024,"height":683,"url":"https:\/\/www.organisator.ch\/wp-content\/uploads\/2020\/08\/seat-salt-\u00aeremoeisner-7667-1024x683-1.jpg","type":"image\/jpeg"}],"author":"michael.merz","twitter_card":"summary_large_image","schema":{"@context":"https:\/\/schema.org","@graph":[{"@type":"Article","@id":"https:\/\/www.organisator.ch\/sustainability\/2020-08-25\/arval-mobility-studie-schweiz-bei-mobilitaetsalternativen-fuehrend\/#article","isPartOf":{"@id":"https:\/\/www.organisator.ch\/sustainability\/2020-08-25\/arval-mobility-studie-schweiz-bei-mobilitaetsalternativen-fuehrend\/"},"author":{"name":"michael.merz","@id":"https:\/\/www.organisator.ch\/#\/schema\/person\/134708ca9321c57b0362cceb7948ffbd"},"headline":"Arval Mobility Studie: Schweiz bei Mobilit\u00e4tsalternativen f\u00fchrend","datePublished":"2020-08-25T17:04:58+00:00","dateModified":"2022-02-09T10:06:13+00:00","mainEntityOfPage":{"@id":"https:\/\/www.organisator.ch\/sustainability\/2020-08-25\/arval-mobility-studie-schweiz-bei-mobilitaetsalternativen-fuehrend\/"},"wordCount":334,"publisher":{"@id":"https:\/\/www.organisator.ch\/#organization"},"image":{"@id":"https:\/\/www.organisator.ch\/sustainability\/2020-08-25\/arval-mobility-studie-schweiz-bei-mobilitaetsalternativen-fuehrend\/#primaryimage"},"thumbnailUrl":"https:\/\/www.organisator.ch\/wp-content\/uploads\/2020\/08\/seat-salt-\u00aeremoeisner-7667-1024x683-1.jpg","keywords":["Biogas-Fahrzeuge","CNGNG","Elektro-Antrieben","Hybrid","Plug-in-Hybrid","Studien"],"articleSection":["SUSTAINABILITY"],"inLanguage":"en-US"},{"@type":"WebPage","@id":"https:\/\/www.organisator.ch\/sustainability\/2020-08-25\/arval-mobility-studie-schweiz-bei-mobilitaetsalternativen-fuehrend\/","url":"https:\/\/www.organisator.ch\/sustainability\/2020-08-25\/arval-mobility-studie-schweiz-bei-mobilitaetsalternativen-fuehrend\/","name":"Arval Mobility Study: Switzerland leads in mobility alternatives - Organizer","isPartOf":{"@id":"https:\/\/www.organisator.ch\/#website"},"primaryImageOfPage":{"@id":"https:\/\/www.organisator.ch\/sustainability\/2020-08-25\/arval-mobility-studie-schweiz-bei-mobilitaetsalternativen-fuehrend\/#primaryimage"},"image":{"@id":"https:\/\/www.organisator.ch\/sustainability\/2020-08-25\/arval-mobility-studie-schweiz-bei-mobilitaetsalternativen-fuehrend\/#primaryimage"},"thumbnailUrl":"https:\/\/www.organisator.ch\/wp-content\/uploads\/2020\/08\/seat-salt-\u00aeremoeisner-7667-1024x683-1.jpg","datePublished":"2020-08-25T17:04:58+00:00","dateModified":"2022-02-09T10:06:13+00:00","description":"A study by Arval Mobility Observatory shows that Swiss fleet managers are increasingly turning to CNG-powered vehicles.","breadcrumb":{"@id":"https:\/\/www.organisator.ch\/sustainability\/2020-08-25\/arval-mobility-studie-schweiz-bei-mobilitaetsalternativen-fuehrend\/#breadcrumb"},"inLanguage":"en-US","potentialAction":[{"@type":"ReadAction","target":["https:\/\/www.organisator.ch\/sustainability\/2020-08-25\/arval-mobility-studie-schweiz-bei-mobilitaetsalternativen-fuehrend\/"]}]},{"@type":"ImageObject","inLanguage":"en-US","@id":"https:\/\/www.organisator.ch\/sustainability\/2020-08-25\/arval-mobility-studie-schweiz-bei-mobilitaetsalternativen-fuehrend\/#primaryimage","url":"https:\/\/www.organisator.ch\/wp-content\/uploads\/2020\/08\/seat-salt-\u00aeremoeisner-7667-1024x683-1.jpg","contentUrl":"https:\/\/www.organisator.ch\/wp-content\/uploads\/2020\/08\/seat-salt-\u00aeremoeisner-7667-1024x683-1.jpg","width":1024,"height":683,"caption":"Auch der Telekomanbieter Salt ist in der Schweiz nachhaltig unterwegs und setzt auf Seat-Modelle mit CNG-Antrieb. (Quelle: Salt)"},{"@type":"BreadcrumbList","@id":"https:\/\/www.organisator.ch\/sustainability\/2020-08-25\/arval-mobility-studie-schweiz-bei-mobilitaetsalternativen-fuehrend\/#breadcrumb","itemListElement":[{"@type":"ListItem","position":1,"name":"Home","item":"https:\/\/www.organisator.ch\/"},{"@type":"ListItem","position":2,"name":"Arval Mobility Studie: Schweiz bei Mobilit\u00e4tsalternativen f\u00fchrend"}]},{"@type":"WebSite","@id":"https:\/\/www.organisator.ch\/#website","url":"https:\/\/www.organisator.ch\/","name":"Organizer","description":"Competent. Practical. In 10 issues per year, ORGANISATOR presents the essential topics for managers of SMEs.","publisher":{"@id":"https:\/\/www.organisator.ch\/#organization"},"potentialAction":[{"@type":"SearchAction","target":{"@type":"EntryPoint","urlTemplate":"https:\/\/www.organisator.ch\/?s={search_term_string}"},"query-input":{"@type":"PropertyValueSpecification","valueRequired":true,"valueName":"search_term_string"}}],"inLanguage":"en-US"},{"@type":"Organization","@id":"https:\/\/www.organisator.ch\/#organization","name":"Organizer","url":"https:\/\/www.organisator.ch\/","logo":{"@type":"ImageObject","inLanguage":"en-US","@id":"https:\/\/www.organisator.ch\/#\/schema\/logo\/image\/","url":"https:\/\/www.organisator.ch\/wp-content\/uploads\/2022\/01\/Logo_Organisator_Website.png","contentUrl":"https:\/\/www.organisator.ch\/wp-content\/uploads\/2022\/01\/Logo_Organisator_Website.png","width":800,"height":77,"caption":"Organisator"},"image":{"@id":"https:\/\/www.organisator.ch\/#\/schema\/logo\/image\/"},"sameAs":["https:\/\/www.facebook.com\/OrganisatorFachmagazin","https:\/\/www.linkedin.com\/showcase\/organisator-das-magazin-fr-kmu","https:\/\/www.xing.com\/news\/pages\/organisator-ch-695","https:\/\/www.youtube.com\/channel\/UCGP2Sq0iWaZwT3BdIAQFYpw"]},{"@type":"Person","@id":"https:\/\/www.organisator.ch\/#\/schema\/person\/134708ca9321c57b0362cceb7948ffbd","name":"michael.merz","image":{"@type":"ImageObject","inLanguage":"en-US","@id":"https:\/\/secure.gravatar.com\/avatar\/?s=96&d=mm&r=g","url":"https:\/\/secure.gravatar.com\/avatar\/?s=96&d=mm&r=g","contentUrl":"https:\/\/secure.gravatar.com\/avatar\/?s=96&d=mm&r=g","caption":"michael.merz"},"url":"https:\/\/www.organisator.ch\/en\/author\/michael-merz\/"}]}},"_links":{"self":[{"href":"https:\/\/www.organisator.ch\/en\/wp-json\/wp\/v2\/posts\/3288","targetHints":{"allow":["GET"]}}],"collection":[{"href":"https:\/\/www.organisator.ch\/en\/wp-json\/wp\/v2\/posts"}],"about":[{"href":"https:\/\/www.organisator.ch\/en\/wp-json\/wp\/v2\/types\/post"}],"author":[{"embeddable":true,"href":"https:\/\/www.organisator.ch\/en\/wp-json\/wp\/v2\/users\/5"}],"replies":[{"embeddable":true,"href":"https:\/\/www.organisator.ch\/en\/wp-json\/wp\/v2\/comments?post=3288"}],"version-history":[{"count":1,"href":"https:\/\/www.organisator.ch\/en\/wp-json\/wp\/v2\/posts\/3288\/revisions"}],"predecessor-version":[{"id":10520,"href":"https:\/\/www.organisator.ch\/en\/wp-json\/wp\/v2\/posts\/3288\/revisions\/10520"}],"wp:featuredmedia":[{"embeddable":true,"href":"https:\/\/www.organisator.ch\/en\/wp-json\/wp\/v2\/media\/3289"}],"wp:attachment":[{"href":"https:\/\/www.organisator.ch\/en\/wp-json\/wp\/v2\/media?parent=3288"}],"wp:term":[{"taxonomy":"category","embeddable":true,"href":"https:\/\/www.organisator.ch\/en\/wp-json\/wp\/v2\/categories?post=3288"},{"taxonomy":"post_tag","embeddable":true,"href":"https:\/\/www.organisator.ch\/en\/wp-json\/wp\/v2\/tags?post=3288"}],"curies":[{"name":"wp","href":"https:\/\/api.w.org\/{rel}","templated":true}]}}