{"id":3290,"date":"2018-03-12T10:39:14","date_gmt":"2018-03-12T09:39:14","guid":{"rendered":"https:\/\/www.organisator.ch\/?p=3290"},"modified":"2018-03-12T10:39:14","modified_gmt":"2018-03-12T09:39:14","slug":"kampagne-vom-lehrling-zum-chef","status":"publish","type":"post","link":"https:\/\/www.organisator.ch\/en\/human-resources\/hrm\/2018-03-12\/kampagne-vom-lehrling-zum-chef\/","title":{"rendered":"From apprentice to boss\" campaign"},"content":{"rendered":"<figure id=\"attachment_3291\" aria-describedby=\"caption-attachment-3291\" style=\"width: 640px\" class=\"wp-caption alignnone\"><img loading=\"lazy\" decoding=\"async\" class=\"size-full wp-image-3291\" src=\"https:\/\/www.organisator.ch\/wp-content\/uploads\/2018\/03\/Kampagne-Vom-Lehrling-zum-Chef_Organisator.jpg\" alt=\"\" width=\"640\" height=\"427\" srcset=\"https:\/\/www.organisator.ch\/wp-content\/uploads\/2018\/03\/Kampagne-Vom-Lehrling-zum-Chef_Organisator.jpg 640w, https:\/\/www.organisator.ch\/wp-content\/uploads\/2018\/03\/Kampagne-Vom-Lehrling-zum-Chef_Organisator-16x12.jpg 16w, https:\/\/www.organisator.ch\/wp-content\/uploads\/2018\/03\/Kampagne-Vom-Lehrling-zum-Chef_Organisator-262x175.jpg 262w, https:\/\/www.organisator.ch\/wp-content\/uploads\/2018\/03\/Kampagne-Vom-Lehrling-zum-Chef_Organisator-525x350.jpg 525w, https:\/\/www.organisator.ch\/wp-content\/uploads\/2018\/03\/Kampagne-Vom-Lehrling-zum-Chef_Organisator-300x200.jpg 300w\" sizes=\"auto, (max-width: 640px) 100vw, 640px\" \/><figcaption id=\"caption-attachment-3291\" class=\"wp-caption-text\">The ambassadors of the FH Switzerland campaign: Markus Theiler, Urs Endress, Brigitte Breisacher, Stefan Schulthess, B\u00e9atrice Sidler, Kurt Bucher, Erich Ettlin. (Image: FH Switzerland)<\/figcaption><\/figure>\n<p>An apprenticeship is the start of a promising professional future. This is also demonstrated by the ambassadors of the \"From apprentice to boss\" campaign. The foundation of their career is the vocational apprenticeship. After graduating from a university of applied sciences, they are now working in a management position. The campaign was launched with the delegates' meeting of the umbrella association of UAS graduates on March 9, 2018. As part of its 15th anniversary, UAS Switzerland made part of the event open to all interested parties. Over 150 participants exchanged views with the ambassadors at the Lucerne Exhibition Center (including Brigitte Breisacher, Company Manager Alpnach Norm-Schrankelemente and Stefan Schulthess, Director Schifffahrtsgesellschaft des Vierwaldst\u00e4ttersees).<\/p>\n<h2><strong>UAS Switzerland as official education partner of SwissSkills<\/strong><\/h2>\n<p>From 12 to 16 September, various UAS ambassadors and UAS guides will also be involved in SwissSkills 2018. At the \"Treffpunkt Formation\", a meeting platform for teachers and career advisors, proven leaders with their own VET path will offer guided tours. They will report on their experiences and create a very personal, direct approach to the occupational profiles and the associated requirements on site. With all measures within the framework of the campaign \"From apprentice to boss\", FH Switzerland is committed to promoting the dual education pathway. The campaign is supported by the FH Switzerland Foundation.<\/p>\n<p><a href=\"http:\/\/www.fhschweiz.ch\"><em>www.fhschweiz.ch<\/em><\/a><\/p>\n<p><em><a href=\"http:\/\/www.swiss-skills2018.ch\/\">www.swiss-skills2018.ch<\/a><\/em><\/p>\n<p>&nbsp;<\/p>","protected":false},"excerpt":{"rendered":"<p>Die Berufslehre bildet den Start in eine vielversprechende berufliche Zukunft. Das zeigen auch die Botschafter der Kampagne \u00abVom Lehrling zum Chef\u00bb. Das Fundament ihres Werdegangs ist die Berufslehre. Nach einem Fachhochschul-Abschluss sind sie heute in einer F\u00fchrungsposition t\u00e4tig. Die Kampagne wurde mit der Delegiertenversammlung des Dachverbandes der Fachhochschul-Absolventinnen und -Absolventen am 9. M\u00e4rz 2018 lanciert. [&hellip;]<\/p>\n","protected":false},"author":4,"featured_media":3291,"comment_status":"open","ping_status":"open","sticky":false,"template":"","format":"standard","meta":{"_acf_changed":false,"_yoast_wpseo_focuskw":"Kampagne","_yoast_wpseo_metadesc":"Der Dachverband FH Schweiz lancierte an ihrer Delegiertenversammlung vom 9. M\u00e4rz in Luzern die Kampagne \u00abVom Lehrling zum Chef\u00bb. Die Attraktivit\u00e4t der Berufsbildung soll mit profilierten Botschaftern und mit Blick auf die SwissSkills 2018 gest\u00e4rkt werden.","articlekey":"","footnotes":""},"categories":[26],"tags":[62,75,192,508,531],"class_list":["post-3290","post","type-post","status-publish","format-standard","has-post-thumbnail","hentry","category-hrm","tag-aus-weiterbildung","tag-berufswahl","tag-fachhochschulen","tag-vermischtes","tag-wirtschaftspolitik"],"acf":[],"yoast_head":"<!-- This site is optimized with the Yoast SEO plugin v27.5 - https:\/\/yoast.com\/product\/yoast-seo-wordpress\/ -->\n<title>Kampagne \u00abVom Lehrling zum Chef\u00bb - Organisator<\/title>\n<meta name=\"description\" content=\"Der Dachverband FH Schweiz lancierte an ihrer Delegiertenversammlung vom 9. M\u00e4rz in Luzern die Kampagne \u00abVom Lehrling zum Chef\u00bb. Die Attraktivit\u00e4t der Berufsbildung soll mit profilierten Botschaftern und mit Blick auf die SwissSkills 2018 gest\u00e4rkt werden.\" \/>\n<meta name=\"robots\" content=\"index, follow, max-snippet:-1, max-image-preview:large, max-video-preview:-1\" \/>\n<link rel=\"canonical\" href=\"https:\/\/www.organisator.ch\/en\/human-resources\/hrm\/2018-03-12\/kampagne-vom-lehrling-zum-chef\/\" \/>\n<meta property=\"og:locale\" content=\"en_US\" \/>\n<meta property=\"og:type\" content=\"article\" \/>\n<meta property=\"og:title\" content=\"Kampagne \u00abVom Lehrling zum Chef\u00bb\" \/>\n<meta property=\"og:description\" content=\"Der Dachverband #FH Schweiz lancierte an ihrer Delegiertenversammlung vom 9. M\u00e4rz in Luzern die #Kampagne \u00abVom #Lehrling zum #Chef\u00bb. Die Attraktivit\u00e4t der Berufsbildung soll mit profilierten Botschaftern und mit Blick auf die #SwissSkills 2018 gest\u00e4rkt werden.\" \/>\n<meta property=\"og:url\" content=\"https:\/\/www.organisator.ch\/en\/human-resources\/hrm\/2018-03-12\/kampagne-vom-lehrling-zum-chef\/\" \/>\n<meta property=\"og:site_name\" content=\"Organisator\" \/>\n<meta property=\"article:publisher\" content=\"https:\/\/www.facebook.com\/OrganisatorFachmagazin\" \/>\n<meta property=\"article:published_time\" content=\"2018-03-12T09:39:14+00:00\" \/>\n<meta property=\"og:image\" content=\"https:\/\/www.organisator.ch\/wp-content\/uploads\/2018\/03\/Kampagne-Vom-Lehrling-zum-Chef_Organisator.jpg\" \/>\n\t<meta property=\"og:image:width\" content=\"640\" \/>\n\t<meta property=\"og:image:height\" content=\"427\" \/>\n\t<meta property=\"og:image:type\" content=\"image\/jpeg\" \/>\n<meta name=\"author\" content=\"thomas.berner\" \/>\n<meta name=\"twitter:card\" content=\"summary_large_image\" \/>\n<meta name=\"twitter:title\" content=\"#Kampagne \u00abVom #Lehrling zum #Chef\u00bb\" \/>\n<meta name=\"twitter:description\" content=\"Der Dachverband #FH Schweiz lancierte an ihrer Delegiertenversammlung vom 9. M\u00e4rz in Luzern die #Kampagne \u00abVom Lehrling zum Chef\u00bb. Die Attraktivit\u00e4t der Berufsbildung soll mit profilierten Botschaftern und mit Blick auf die #SwissSkills 2018 gest\u00e4rkt werden.\" \/>\n<meta name=\"twitter:image\" content=\"https:\/\/www.organisator.ch\/wp-content\/uploads\/2018\/03\/Kampagne-Vom-Lehrling-zum-Chef_Organisator.jpg\" \/>\n<script type=\"application\/ld+json\" class=\"yoast-schema-graph\">{\"@context\":\"https:\\\/\\\/schema.org\",\"@graph\":[{\"@type\":\"Article\",\"@id\":\"https:\\\/\\\/www.organisator.ch\\\/human-resources\\\/hrm\\\/2018-03-12\\\/kampagne-vom-lehrling-zum-chef\\\/#article\",\"isPartOf\":{\"@id\":\"https:\\\/\\\/www.organisator.ch\\\/human-resources\\\/hrm\\\/2018-03-12\\\/kampagne-vom-lehrling-zum-chef\\\/\"},\"author\":{\"name\":\"thomas.berner\",\"@id\":\"https:\\\/\\\/www.organisator.ch\\\/#\\\/schema\\\/person\\\/6f650f90b2842cd4c0cc334b4e36f67e\"},\"headline\":\"Kampagne \u00abVom Lehrling zum Chef\u00bb\",\"datePublished\":\"2018-03-12T09:39:14+00:00\",\"mainEntityOfPage\":{\"@id\":\"https:\\\/\\\/www.organisator.ch\\\/human-resources\\\/hrm\\\/2018-03-12\\\/kampagne-vom-lehrling-zum-chef\\\/\"},\"wordCount\":250,\"commentCount\":0,\"publisher\":{\"@id\":\"https:\\\/\\\/www.organisator.ch\\\/#organization\"},\"image\":{\"@id\":\"https:\\\/\\\/www.organisator.ch\\\/human-resources\\\/hrm\\\/2018-03-12\\\/kampagne-vom-lehrling-zum-chef\\\/#primaryimage\"},\"thumbnailUrl\":\"https:\\\/\\\/www.organisator.ch\\\/wp-content\\\/uploads\\\/2018\\\/03\\\/Kampagne-Vom-Lehrling-zum-Chef_Organisator.jpg\",\"keywords\":[\"Aus-\\\/Weiterbildung\",\"Berufswahl\",\"Fachhochschulen\",\"Vermischtes\",\"Wirtschaftspolitik\"],\"articleSection\":[\"HRM\"],\"inLanguage\":\"en-US\"},{\"@type\":\"WebPage\",\"@id\":\"https:\\\/\\\/www.organisator.ch\\\/human-resources\\\/hrm\\\/2018-03-12\\\/kampagne-vom-lehrling-zum-chef\\\/\",\"url\":\"https:\\\/\\\/www.organisator.ch\\\/human-resources\\\/hrm\\\/2018-03-12\\\/kampagne-vom-lehrling-zum-chef\\\/\",\"name\":\"Kampagne \u00abVom Lehrling zum Chef\u00bb - Organisator\",\"isPartOf\":{\"@id\":\"https:\\\/\\\/www.organisator.ch\\\/#website\"},\"primaryImageOfPage\":{\"@id\":\"https:\\\/\\\/www.organisator.ch\\\/human-resources\\\/hrm\\\/2018-03-12\\\/kampagne-vom-lehrling-zum-chef\\\/#primaryimage\"},\"image\":{\"@id\":\"https:\\\/\\\/www.organisator.ch\\\/human-resources\\\/hrm\\\/2018-03-12\\\/kampagne-vom-lehrling-zum-chef\\\/#primaryimage\"},\"thumbnailUrl\":\"https:\\\/\\\/www.organisator.ch\\\/wp-content\\\/uploads\\\/2018\\\/03\\\/Kampagne-Vom-Lehrling-zum-Chef_Organisator.jpg\",\"datePublished\":\"2018-03-12T09:39:14+00:00\",\"description\":\"Der Dachverband FH Schweiz lancierte an ihrer Delegiertenversammlung vom 9. M\u00e4rz in Luzern die Kampagne \u00abVom Lehrling zum Chef\u00bb. Die Attraktivit\u00e4t der Berufsbildung soll mit profilierten Botschaftern und mit Blick auf die SwissSkills 2018 gest\u00e4rkt werden.\",\"breadcrumb\":{\"@id\":\"https:\\\/\\\/www.organisator.ch\\\/human-resources\\\/hrm\\\/2018-03-12\\\/kampagne-vom-lehrling-zum-chef\\\/#breadcrumb\"},\"inLanguage\":\"en-US\",\"potentialAction\":[{\"@type\":\"ReadAction\",\"target\":[\"https:\\\/\\\/www.organisator.ch\\\/human-resources\\\/hrm\\\/2018-03-12\\\/kampagne-vom-lehrling-zum-chef\\\/\"]}]},{\"@type\":\"ImageObject\",\"inLanguage\":\"en-US\",\"@id\":\"https:\\\/\\\/www.organisator.ch\\\/human-resources\\\/hrm\\\/2018-03-12\\\/kampagne-vom-lehrling-zum-chef\\\/#primaryimage\",\"url\":\"https:\\\/\\\/www.organisator.ch\\\/wp-content\\\/uploads\\\/2018\\\/03\\\/Kampagne-Vom-Lehrling-zum-Chef_Organisator.jpg\",\"contentUrl\":\"https:\\\/\\\/www.organisator.ch\\\/wp-content\\\/uploads\\\/2018\\\/03\\\/Kampagne-Vom-Lehrling-zum-Chef_Organisator.jpg\",\"width\":640,\"height\":427,\"caption\":\"Die Botschafter der Kampagne von FH Schweiz: Markus Theiler, Urs Endress, Brigitte Breisacher, Stefan Schulthess, B\u00e9atrice Sidler, Kurt Bucher, Erich Ettlin. (Bild: FH Schweiz)\"},{\"@type\":\"BreadcrumbList\",\"@id\":\"https:\\\/\\\/www.organisator.ch\\\/human-resources\\\/hrm\\\/2018-03-12\\\/kampagne-vom-lehrling-zum-chef\\\/#breadcrumb\",\"itemListElement\":[{\"@type\":\"ListItem\",\"position\":1,\"name\":\"Home\",\"item\":\"https:\\\/\\\/www.organisator.ch\\\/\"},{\"@type\":\"ListItem\",\"position\":2,\"name\":\"Kampagne \u00abVom Lehrling zum Chef\u00bb\"}]},{\"@type\":\"WebSite\",\"@id\":\"https:\\\/\\\/www.organisator.ch\\\/#website\",\"url\":\"https:\\\/\\\/www.organisator.ch\\\/\",\"name\":\"Organisator\",\"description\":\"Kompetent. Praxisnah. Der ORGANISATOR bereitet in 10 Ausgaben pro Jahr die wesentlichen Themen f\u00fcr F\u00fchrungskr\u00e4fte von KMU auf.\",\"publisher\":{\"@id\":\"https:\\\/\\\/www.organisator.ch\\\/#organization\"},\"potentialAction\":[{\"@type\":\"SearchAction\",\"target\":{\"@type\":\"EntryPoint\",\"urlTemplate\":\"https:\\\/\\\/www.organisator.ch\\\/?s={search_term_string}\"},\"query-input\":{\"@type\":\"PropertyValueSpecification\",\"valueRequired\":true,\"valueName\":\"search_term_string\"}}],\"inLanguage\":\"en-US\"},{\"@type\":\"Organization\",\"@id\":\"https:\\\/\\\/www.organisator.ch\\\/#organization\",\"name\":\"Organisator\",\"url\":\"https:\\\/\\\/www.organisator.ch\\\/\",\"logo\":{\"@type\":\"ImageObject\",\"inLanguage\":\"en-US\",\"@id\":\"https:\\\/\\\/www.organisator.ch\\\/#\\\/schema\\\/logo\\\/image\\\/\",\"url\":\"https:\\\/\\\/www.organisator.ch\\\/wp-content\\\/uploads\\\/2022\\\/01\\\/Logo_Organisator_Website.png\",\"contentUrl\":\"https:\\\/\\\/www.organisator.ch\\\/wp-content\\\/uploads\\\/2022\\\/01\\\/Logo_Organisator_Website.png\",\"width\":800,\"height\":77,\"caption\":\"Organisator\"},\"image\":{\"@id\":\"https:\\\/\\\/www.organisator.ch\\\/#\\\/schema\\\/logo\\\/image\\\/\"},\"sameAs\":[\"https:\\\/\\\/www.facebook.com\\\/OrganisatorFachmagazin\",\"https:\\\/\\\/www.linkedin.com\\\/showcase\\\/organisator-das-magazin-fr-kmu\",\"https:\\\/\\\/www.xing.com\\\/news\\\/pages\\\/organisator-ch-695\",\"https:\\\/\\\/www.youtube.com\\\/channel\\\/UCGP2Sq0iWaZwT3BdIAQFYpw\"]},{\"@type\":\"Person\",\"@id\":\"https:\\\/\\\/www.organisator.ch\\\/#\\\/schema\\\/person\\\/6f650f90b2842cd4c0cc334b4e36f67e\",\"name\":\"thomas.berner\",\"image\":{\"@type\":\"ImageObject\",\"inLanguage\":\"en-US\",\"@id\":\"https:\\\/\\\/secure.gravatar.com\\\/avatar\\\/ac5001d2a36cb6c6cd3e50789007ffca834b477b74a2144564522e944eabff61?s=96&d=mm&r=g\",\"url\":\"https:\\\/\\\/secure.gravatar.com\\\/avatar\\\/ac5001d2a36cb6c6cd3e50789007ffca834b477b74a2144564522e944eabff61?s=96&d=mm&r=g\",\"contentUrl\":\"https:\\\/\\\/secure.gravatar.com\\\/avatar\\\/ac5001d2a36cb6c6cd3e50789007ffca834b477b74a2144564522e944eabff61?s=96&d=mm&r=g\",\"caption\":\"thomas.berner\"},\"url\":\"https:\\\/\\\/www.organisator.ch\\\/en\\\/author\\\/thomas-berner\\\/\"}]}<\/script>\n<!-- \/ Yoast SEO plugin. -->","yoast_head_json":{"title":"Campaign \"From apprentice to boss\" - organizer","description":"The umbrella organization FH Switzerland launched the campaign \"From apprentice to boss\" at its delegates' meeting in Lucerne on March 9. The aim is to strengthen the attractiveness of vocational education and training with high-profile ambassadors and with a view to SwissSkills 2018.","robots":{"index":"index","follow":"follow","max-snippet":"max-snippet:-1","max-image-preview":"max-image-preview:large","max-video-preview":"max-video-preview:-1"},"canonical":"https:\/\/www.organisator.ch\/en\/human-resources\/hrm\/2018-03-12\/kampagne-vom-lehrling-zum-chef\/","og_locale":"en_US","og_type":"article","og_title":"Kampagne \u00abVom Lehrling zum Chef\u00bb","og_description":"Der Dachverband #FH Schweiz lancierte an ihrer Delegiertenversammlung vom 9. M\u00e4rz in Luzern die #Kampagne \u00abVom #Lehrling zum #Chef\u00bb. Die Attraktivit\u00e4t der Berufsbildung soll mit profilierten Botschaftern und mit Blick auf die #SwissSkills 2018 gest\u00e4rkt werden.","og_url":"https:\/\/www.organisator.ch\/en\/human-resources\/hrm\/2018-03-12\/kampagne-vom-lehrling-zum-chef\/","og_site_name":"Organisator","article_publisher":"https:\/\/www.facebook.com\/OrganisatorFachmagazin","article_published_time":"2018-03-12T09:39:14+00:00","og_image":[{"width":640,"height":427,"url":"https:\/\/www.organisator.ch\/wp-content\/uploads\/2018\/03\/Kampagne-Vom-Lehrling-zum-Chef_Organisator.jpg","type":"image\/jpeg"}],"author":"thomas.berner","twitter_card":"summary_large_image","twitter_title":"#Kampagne \u00abVom #Lehrling zum #Chef\u00bb","twitter_description":"Der Dachverband #FH Schweiz lancierte an ihrer Delegiertenversammlung vom 9. M\u00e4rz in Luzern die #Kampagne \u00abVom Lehrling zum Chef\u00bb. Die Attraktivit\u00e4t der Berufsbildung soll mit profilierten Botschaftern und mit Blick auf die #SwissSkills 2018 gest\u00e4rkt werden.","twitter_image":"https:\/\/www.organisator.ch\/wp-content\/uploads\/2018\/03\/Kampagne-Vom-Lehrling-zum-Chef_Organisator.jpg","schema":{"@context":"https:\/\/schema.org","@graph":[{"@type":"Article","@id":"https:\/\/www.organisator.ch\/human-resources\/hrm\/2018-03-12\/kampagne-vom-lehrling-zum-chef\/#article","isPartOf":{"@id":"https:\/\/www.organisator.ch\/human-resources\/hrm\/2018-03-12\/kampagne-vom-lehrling-zum-chef\/"},"author":{"name":"thomas.berner","@id":"https:\/\/www.organisator.ch\/#\/schema\/person\/6f650f90b2842cd4c0cc334b4e36f67e"},"headline":"Kampagne \u00abVom Lehrling zum Chef\u00bb","datePublished":"2018-03-12T09:39:14+00:00","mainEntityOfPage":{"@id":"https:\/\/www.organisator.ch\/human-resources\/hrm\/2018-03-12\/kampagne-vom-lehrling-zum-chef\/"},"wordCount":250,"commentCount":0,"publisher":{"@id":"https:\/\/www.organisator.ch\/#organization"},"image":{"@id":"https:\/\/www.organisator.ch\/human-resources\/hrm\/2018-03-12\/kampagne-vom-lehrling-zum-chef\/#primaryimage"},"thumbnailUrl":"https:\/\/www.organisator.ch\/wp-content\/uploads\/2018\/03\/Kampagne-Vom-Lehrling-zum-Chef_Organisator.jpg","keywords":["Aus-\/Weiterbildung","Berufswahl","Fachhochschulen","Vermischtes","Wirtschaftspolitik"],"articleSection":["HRM"],"inLanguage":"en-US"},{"@type":"WebPage","@id":"https:\/\/www.organisator.ch\/human-resources\/hrm\/2018-03-12\/kampagne-vom-lehrling-zum-chef\/","url":"https:\/\/www.organisator.ch\/human-resources\/hrm\/2018-03-12\/kampagne-vom-lehrling-zum-chef\/","name":"Campaign \"From apprentice to boss\" - organizer","isPartOf":{"@id":"https:\/\/www.organisator.ch\/#website"},"primaryImageOfPage":{"@id":"https:\/\/www.organisator.ch\/human-resources\/hrm\/2018-03-12\/kampagne-vom-lehrling-zum-chef\/#primaryimage"},"image":{"@id":"https:\/\/www.organisator.ch\/human-resources\/hrm\/2018-03-12\/kampagne-vom-lehrling-zum-chef\/#primaryimage"},"thumbnailUrl":"https:\/\/www.organisator.ch\/wp-content\/uploads\/2018\/03\/Kampagne-Vom-Lehrling-zum-Chef_Organisator.jpg","datePublished":"2018-03-12T09:39:14+00:00","description":"The umbrella organization FH Switzerland launched the campaign \"From apprentice to boss\" at its delegates' meeting in Lucerne on March 9. The aim is to strengthen the attractiveness of vocational education and training with high-profile ambassadors and with a view to SwissSkills 2018.","breadcrumb":{"@id":"https:\/\/www.organisator.ch\/human-resources\/hrm\/2018-03-12\/kampagne-vom-lehrling-zum-chef\/#breadcrumb"},"inLanguage":"en-US","potentialAction":[{"@type":"ReadAction","target":["https:\/\/www.organisator.ch\/human-resources\/hrm\/2018-03-12\/kampagne-vom-lehrling-zum-chef\/"]}]},{"@type":"ImageObject","inLanguage":"en-US","@id":"https:\/\/www.organisator.ch\/human-resources\/hrm\/2018-03-12\/kampagne-vom-lehrling-zum-chef\/#primaryimage","url":"https:\/\/www.organisator.ch\/wp-content\/uploads\/2018\/03\/Kampagne-Vom-Lehrling-zum-Chef_Organisator.jpg","contentUrl":"https:\/\/www.organisator.ch\/wp-content\/uploads\/2018\/03\/Kampagne-Vom-Lehrling-zum-Chef_Organisator.jpg","width":640,"height":427,"caption":"Die Botschafter der Kampagne von FH Schweiz: Markus Theiler, Urs Endress, Brigitte Breisacher, Stefan Schulthess, B\u00e9atrice Sidler, Kurt Bucher, Erich Ettlin. (Bild: FH Schweiz)"},{"@type":"BreadcrumbList","@id":"https:\/\/www.organisator.ch\/human-resources\/hrm\/2018-03-12\/kampagne-vom-lehrling-zum-chef\/#breadcrumb","itemListElement":[{"@type":"ListItem","position":1,"name":"Home","item":"https:\/\/www.organisator.ch\/"},{"@type":"ListItem","position":2,"name":"Kampagne \u00abVom Lehrling zum Chef\u00bb"}]},{"@type":"WebSite","@id":"https:\/\/www.organisator.ch\/#website","url":"https:\/\/www.organisator.ch\/","name":"Organizer","description":"Competent. Practical. In 10 issues per year, ORGANISATOR presents the essential topics for managers of SMEs.","publisher":{"@id":"https:\/\/www.organisator.ch\/#organization"},"potentialAction":[{"@type":"SearchAction","target":{"@type":"EntryPoint","urlTemplate":"https:\/\/www.organisator.ch\/?s={search_term_string}"},"query-input":{"@type":"PropertyValueSpecification","valueRequired":true,"valueName":"search_term_string"}}],"inLanguage":"en-US"},{"@type":"Organization","@id":"https:\/\/www.organisator.ch\/#organization","name":"Organizer","url":"https:\/\/www.organisator.ch\/","logo":{"@type":"ImageObject","inLanguage":"en-US","@id":"https:\/\/www.organisator.ch\/#\/schema\/logo\/image\/","url":"https:\/\/www.organisator.ch\/wp-content\/uploads\/2022\/01\/Logo_Organisator_Website.png","contentUrl":"https:\/\/www.organisator.ch\/wp-content\/uploads\/2022\/01\/Logo_Organisator_Website.png","width":800,"height":77,"caption":"Organisator"},"image":{"@id":"https:\/\/www.organisator.ch\/#\/schema\/logo\/image\/"},"sameAs":["https:\/\/www.facebook.com\/OrganisatorFachmagazin","https:\/\/www.linkedin.com\/showcase\/organisator-das-magazin-fr-kmu","https:\/\/www.xing.com\/news\/pages\/organisator-ch-695","https:\/\/www.youtube.com\/channel\/UCGP2Sq0iWaZwT3BdIAQFYpw"]},{"@type":"Person","@id":"https:\/\/www.organisator.ch\/#\/schema\/person\/6f650f90b2842cd4c0cc334b4e36f67e","name":"thomas.berner","image":{"@type":"ImageObject","inLanguage":"en-US","@id":"https:\/\/secure.gravatar.com\/avatar\/ac5001d2a36cb6c6cd3e50789007ffca834b477b74a2144564522e944eabff61?s=96&d=mm&r=g","url":"https:\/\/secure.gravatar.com\/avatar\/ac5001d2a36cb6c6cd3e50789007ffca834b477b74a2144564522e944eabff61?s=96&d=mm&r=g","contentUrl":"https:\/\/secure.gravatar.com\/avatar\/ac5001d2a36cb6c6cd3e50789007ffca834b477b74a2144564522e944eabff61?s=96&d=mm&r=g","caption":"thomas.berner"},"url":"https:\/\/www.organisator.ch\/en\/author\/thomas-berner\/"}]}},"_links":{"self":[{"href":"https:\/\/www.organisator.ch\/en\/wp-json\/wp\/v2\/posts\/3290","targetHints":{"allow":["GET"]}}],"collection":[{"href":"https:\/\/www.organisator.ch\/en\/wp-json\/wp\/v2\/posts"}],"about":[{"href":"https:\/\/www.organisator.ch\/en\/wp-json\/wp\/v2\/types\/post"}],"author":[{"embeddable":true,"href":"https:\/\/www.organisator.ch\/en\/wp-json\/wp\/v2\/users\/4"}],"replies":[{"embeddable":true,"href":"https:\/\/www.organisator.ch\/en\/wp-json\/wp\/v2\/comments?post=3290"}],"version-history":[{"count":0,"href":"https:\/\/www.organisator.ch\/en\/wp-json\/wp\/v2\/posts\/3290\/revisions"}],"wp:featuredmedia":[{"embeddable":true,"href":"https:\/\/www.organisator.ch\/en\/wp-json\/wp\/v2\/media\/3291"}],"wp:attachment":[{"href":"https:\/\/www.organisator.ch\/en\/wp-json\/wp\/v2\/media?parent=3290"}],"wp:term":[{"taxonomy":"category","embeddable":true,"href":"https:\/\/www.organisator.ch\/en\/wp-json\/wp\/v2\/categories?post=3290"},{"taxonomy":"post_tag","embeddable":true,"href":"https:\/\/www.organisator.ch\/en\/wp-json\/wp\/v2\/tags?post=3290"}],"curies":[{"name":"wp","href":"https:\/\/api.w.org\/{rel}","templated":true}]}}