{"id":3293,"date":"2018-03-12T13:19:13","date_gmt":"2018-03-12T12:19:13","guid":{"rendered":"https:\/\/www.organisator.ch\/?p=3293"},"modified":"2018-03-12T13:19:13","modified_gmt":"2018-03-12T12:19:13","slug":"selfix-ag-verstaerkt-das-verkaufsteam","status":"publish","type":"post","link":"https:\/\/www.organisator.ch\/en\/management\/2018-03-12\/selfix-ag-verstaerkt-das-verkaufsteam\/","title":{"rendered":"Selfix AG strengthens the sales team"},"content":{"rendered":"<figure id=\"attachment_3294\" aria-describedby=\"caption-attachment-3294\" style=\"width: 640px\" class=\"wp-caption alignnone\"><img loading=\"lazy\" decoding=\"async\" class=\"size-full wp-image-3294\" src=\"https:\/\/www.organisator.ch\/wp-content\/uploads\/2018\/03\/Selfix-AG-verstaerkt-das-Verkaufsteam_Organisator.jpg\" alt=\"\" width=\"640\" height=\"417\" srcset=\"https:\/\/www.organisator.ch\/wp-content\/uploads\/2018\/03\/Selfix-AG-verstaerkt-das-Verkaufsteam_Organisator.jpg 640w, https:\/\/www.organisator.ch\/wp-content\/uploads\/2018\/03\/Selfix-AG-verstaerkt-das-Verkaufsteam_Organisator-16x10.jpg 16w, https:\/\/www.organisator.ch\/wp-content\/uploads\/2018\/03\/Selfix-AG-verstaerkt-das-Verkaufsteam_Organisator-269x175.jpg 269w, https:\/\/www.organisator.ch\/wp-content\/uploads\/2018\/03\/Selfix-AG-verstaerkt-das-Verkaufsteam_Organisator-537x350.jpg 537w, https:\/\/www.organisator.ch\/wp-content\/uploads\/2018\/03\/Selfix-AG-verstaerkt-das-Verkaufsteam_Organisator-300x195.jpg 300w\" sizes=\"auto, (max-width: 640px) 100vw, 640px\" \/><figcaption id=\"caption-attachment-3294\" class=\"wp-caption-text\">Jean-Claude Granges joins the sales team at Selfix AG. (Image: zVg)<\/figcaption><\/figure>\n<p>Jean-Claude Granges joins the team of the complete label supplier Selfix AG as a sales representative and will take over the sales region Western Switzerland as of 2019 in terms of a succession plan. In the meantime, Jean-Claude Granges is familiarizing himself with the company's headquarters in Otelfingen.<\/p>\n<p>Jean-Claude Granges, 49, worked for 15 years at the Swiss company Panoval Label SA in Martigny (VS), where he gained in-depth experience in the complex label sector. Panoval manufactures various self-adhesive laminates for resale to printers on an international scale. It was here that Jean-Claude Granges was able to build up his very good knowledge and relationships with customers at national and international level. Previously, Granges was a merchant in a fiduciary and real estate business in Fully (VS) before he was given the opportunity to start his professional career in the label sector in 1992.<\/p>\n<p>Now Granges is focusing his knowledge even more on the end application of labeling and is available to Selfix customers in Western Switzerland with his wealth of experience and know-how.<\/p>\n<p><a href=\"http:\/\/www.selfix.ch\"><em>www.selfix.ch<\/em><\/a><\/p>\n<p>&nbsp;<\/p>","protected":false},"excerpt":{"rendered":"<p>Jean-Claude Granges verst\u00e4rkt als Verkaufsmitarbeiter das Team des Etiketten-Komplettanbieters\u00a0Selfix AG und wird ab 2019 die Verkaufsregion Westschweiz im Sinne einer Nachfolgeregelung \u00fcbernehmen. In der Zwischenzeit arbeitet sich Jean-Claude Granges am Firmen-Hauptsitz in Otelfingen ein. Jean-Claude Granges, 49 Jahre alt, war w\u00e4hrend 15 Jahren bei der schweizerischen Firma Panoval Label SA in Martigny (VS) t\u00e4tig und [&hellip;]<\/p>\n","protected":false},"author":4,"featured_media":3294,"comment_status":"open","ping_status":"open","sticky":false,"template":"","format":"standard","meta":{"_acf_changed":false,"_yoast_wpseo_focuskw":"Selfix AG","_yoast_wpseo_metadesc":"Jean-Claude Granges verst\u00e4rkt als Verkaufsmitarbeiter das Team der Selfix AG, dem Schweizer Etiketten-Komplettanbieter. Er wird die Verkaufsregion Westschweiz \u00fcbernehmen.","articlekey":"","footnotes":""},"categories":[28],"tags":[381,393,492],"class_list":["post-3293","post","type-post","status-publish","format-standard","has-post-thumbnail","hentry","category-management","tag-personalia","tag-produkte","tag-unternehmen"],"acf":[],"yoast_head":"<!-- This site is optimized with the Yoast SEO plugin v27.5 - https:\/\/yoast.com\/product\/yoast-seo-wordpress\/ -->\n<title>Selfix AG verst\u00e4rkt das Verkaufsteam - Organisator<\/title>\n<meta name=\"description\" content=\"Jean-Claude Granges verst\u00e4rkt als Verkaufsmitarbeiter das Team der Selfix AG, dem Schweizer Etiketten-Komplettanbieter. Er wird die Verkaufsregion Westschweiz \u00fcbernehmen.\" \/>\n<meta name=\"robots\" content=\"index, follow, max-snippet:-1, max-image-preview:large, max-video-preview:-1\" \/>\n<link rel=\"canonical\" href=\"https:\/\/www.organisator.ch\/en\/management\/2018-03-12\/selfix-ag-verstaerkt-das-verkaufsteam\/\" \/>\n<meta property=\"og:locale\" content=\"en_US\" \/>\n<meta property=\"og:type\" content=\"article\" \/>\n<meta property=\"og:title\" content=\"Selfix AG verst\u00e4rkt das Verkaufsteam\" \/>\n<meta property=\"og:description\" content=\"Jean-Claude Granges verst\u00e4rkt als #Verkaufsmitarbeiter das Team der #Selfix AG, dem Schweizer #Etiketten-Komplettanbieter. Er wird die Verkaufsregion Westschweiz \u00fcbernehmen.\" \/>\n<meta property=\"og:url\" content=\"https:\/\/www.organisator.ch\/en\/management\/2018-03-12\/selfix-ag-verstaerkt-das-verkaufsteam\/\" \/>\n<meta property=\"og:site_name\" content=\"Organisator\" \/>\n<meta property=\"article:publisher\" content=\"https:\/\/www.facebook.com\/OrganisatorFachmagazin\" \/>\n<meta property=\"article:published_time\" content=\"2018-03-12T12:19:13+00:00\" \/>\n<meta property=\"og:image\" content=\"https:\/\/www.organisator.ch\/wp-content\/uploads\/2018\/03\/Selfix-AG-verstaerkt-das-Verkaufsteam_Organisator.jpg\" \/>\n\t<meta property=\"og:image:width\" content=\"640\" \/>\n\t<meta property=\"og:image:height\" content=\"417\" \/>\n\t<meta property=\"og:image:type\" content=\"image\/jpeg\" \/>\n<meta name=\"author\" content=\"thomas.berner\" \/>\n<meta name=\"twitter:card\" content=\"summary_large_image\" \/>\n<meta name=\"twitter:title\" content=\"#Selfix AG verst\u00e4rkt das Verkaufsteam\" \/>\n<meta name=\"twitter:description\" content=\"#Jean-Claude Granges verst\u00e4rkt als Verkaufsmitarbeiter das Team der #Selfix AG, dem Schweizer #Etiketten-Komplettanbieter. Er wird die Verkaufsregion #Westschweiz \u00fcbernehmen.\" \/>\n<meta name=\"twitter:image\" content=\"https:\/\/www.organisator.ch\/wp-content\/uploads\/2018\/03\/Selfix-AG-verst\u00e4rkt-das-Verkaufsteam_Organisator.jpg\" \/>\n<script type=\"application\/ld+json\" class=\"yoast-schema-graph\">{\"@context\":\"https:\\\/\\\/schema.org\",\"@graph\":[{\"@type\":\"Article\",\"@id\":\"https:\\\/\\\/www.organisator.ch\\\/management\\\/2018-03-12\\\/selfix-ag-verstaerkt-das-verkaufsteam\\\/#article\",\"isPartOf\":{\"@id\":\"https:\\\/\\\/www.organisator.ch\\\/management\\\/2018-03-12\\\/selfix-ag-verstaerkt-das-verkaufsteam\\\/\"},\"author\":{\"name\":\"thomas.berner\",\"@id\":\"https:\\\/\\\/www.organisator.ch\\\/#\\\/schema\\\/person\\\/6f650f90b2842cd4c0cc334b4e36f67e\"},\"headline\":\"Selfix AG verst\u00e4rkt das Verkaufsteam\",\"datePublished\":\"2018-03-12T12:19:13+00:00\",\"mainEntityOfPage\":{\"@id\":\"https:\\\/\\\/www.organisator.ch\\\/management\\\/2018-03-12\\\/selfix-ag-verstaerkt-das-verkaufsteam\\\/\"},\"wordCount\":179,\"commentCount\":0,\"publisher\":{\"@id\":\"https:\\\/\\\/www.organisator.ch\\\/#organization\"},\"image\":{\"@id\":\"https:\\\/\\\/www.organisator.ch\\\/management\\\/2018-03-12\\\/selfix-ag-verstaerkt-das-verkaufsteam\\\/#primaryimage\"},\"thumbnailUrl\":\"https:\\\/\\\/www.organisator.ch\\\/wp-content\\\/uploads\\\/2018\\\/03\\\/Selfix-AG-verstaerkt-das-Verkaufsteam_Organisator.jpg\",\"keywords\":[\"Personalia\",\"Produkte\",\"Unternehmen\"],\"articleSection\":[\"MANAGEMENT\"],\"inLanguage\":\"en-US\"},{\"@type\":\"WebPage\",\"@id\":\"https:\\\/\\\/www.organisator.ch\\\/management\\\/2018-03-12\\\/selfix-ag-verstaerkt-das-verkaufsteam\\\/\",\"url\":\"https:\\\/\\\/www.organisator.ch\\\/management\\\/2018-03-12\\\/selfix-ag-verstaerkt-das-verkaufsteam\\\/\",\"name\":\"Selfix AG verst\u00e4rkt das Verkaufsteam - Organisator\",\"isPartOf\":{\"@id\":\"https:\\\/\\\/www.organisator.ch\\\/#website\"},\"primaryImageOfPage\":{\"@id\":\"https:\\\/\\\/www.organisator.ch\\\/management\\\/2018-03-12\\\/selfix-ag-verstaerkt-das-verkaufsteam\\\/#primaryimage\"},\"image\":{\"@id\":\"https:\\\/\\\/www.organisator.ch\\\/management\\\/2018-03-12\\\/selfix-ag-verstaerkt-das-verkaufsteam\\\/#primaryimage\"},\"thumbnailUrl\":\"https:\\\/\\\/www.organisator.ch\\\/wp-content\\\/uploads\\\/2018\\\/03\\\/Selfix-AG-verstaerkt-das-Verkaufsteam_Organisator.jpg\",\"datePublished\":\"2018-03-12T12:19:13+00:00\",\"description\":\"Jean-Claude Granges verst\u00e4rkt als Verkaufsmitarbeiter das Team der Selfix AG, dem Schweizer Etiketten-Komplettanbieter. Er wird die Verkaufsregion Westschweiz \u00fcbernehmen.\",\"breadcrumb\":{\"@id\":\"https:\\\/\\\/www.organisator.ch\\\/management\\\/2018-03-12\\\/selfix-ag-verstaerkt-das-verkaufsteam\\\/#breadcrumb\"},\"inLanguage\":\"en-US\",\"potentialAction\":[{\"@type\":\"ReadAction\",\"target\":[\"https:\\\/\\\/www.organisator.ch\\\/management\\\/2018-03-12\\\/selfix-ag-verstaerkt-das-verkaufsteam\\\/\"]}]},{\"@type\":\"ImageObject\",\"inLanguage\":\"en-US\",\"@id\":\"https:\\\/\\\/www.organisator.ch\\\/management\\\/2018-03-12\\\/selfix-ag-verstaerkt-das-verkaufsteam\\\/#primaryimage\",\"url\":\"https:\\\/\\\/www.organisator.ch\\\/wp-content\\\/uploads\\\/2018\\\/03\\\/Selfix-AG-verstaerkt-das-Verkaufsteam_Organisator.jpg\",\"contentUrl\":\"https:\\\/\\\/www.organisator.ch\\\/wp-content\\\/uploads\\\/2018\\\/03\\\/Selfix-AG-verstaerkt-das-Verkaufsteam_Organisator.jpg\",\"width\":640,\"height\":417,\"caption\":\"Jean-Claude Granges verst\u00e4rkt das Verkaufsteam der Selfix AG. (Bild: zVg)\"},{\"@type\":\"BreadcrumbList\",\"@id\":\"https:\\\/\\\/www.organisator.ch\\\/management\\\/2018-03-12\\\/selfix-ag-verstaerkt-das-verkaufsteam\\\/#breadcrumb\",\"itemListElement\":[{\"@type\":\"ListItem\",\"position\":1,\"name\":\"Home\",\"item\":\"https:\\\/\\\/www.organisator.ch\\\/\"},{\"@type\":\"ListItem\",\"position\":2,\"name\":\"Selfix AG verst\u00e4rkt das Verkaufsteam\"}]},{\"@type\":\"WebSite\",\"@id\":\"https:\\\/\\\/www.organisator.ch\\\/#website\",\"url\":\"https:\\\/\\\/www.organisator.ch\\\/\",\"name\":\"Organisator\",\"description\":\"Kompetent. Praxisnah. Der ORGANISATOR bereitet in 10 Ausgaben pro Jahr die wesentlichen Themen f\u00fcr F\u00fchrungskr\u00e4fte von KMU auf.\",\"publisher\":{\"@id\":\"https:\\\/\\\/www.organisator.ch\\\/#organization\"},\"potentialAction\":[{\"@type\":\"SearchAction\",\"target\":{\"@type\":\"EntryPoint\",\"urlTemplate\":\"https:\\\/\\\/www.organisator.ch\\\/?s={search_term_string}\"},\"query-input\":{\"@type\":\"PropertyValueSpecification\",\"valueRequired\":true,\"valueName\":\"search_term_string\"}}],\"inLanguage\":\"en-US\"},{\"@type\":\"Organization\",\"@id\":\"https:\\\/\\\/www.organisator.ch\\\/#organization\",\"name\":\"Organisator\",\"url\":\"https:\\\/\\\/www.organisator.ch\\\/\",\"logo\":{\"@type\":\"ImageObject\",\"inLanguage\":\"en-US\",\"@id\":\"https:\\\/\\\/www.organisator.ch\\\/#\\\/schema\\\/logo\\\/image\\\/\",\"url\":\"https:\\\/\\\/www.organisator.ch\\\/wp-content\\\/uploads\\\/2022\\\/01\\\/Logo_Organisator_Website.png\",\"contentUrl\":\"https:\\\/\\\/www.organisator.ch\\\/wp-content\\\/uploads\\\/2022\\\/01\\\/Logo_Organisator_Website.png\",\"width\":800,\"height\":77,\"caption\":\"Organisator\"},\"image\":{\"@id\":\"https:\\\/\\\/www.organisator.ch\\\/#\\\/schema\\\/logo\\\/image\\\/\"},\"sameAs\":[\"https:\\\/\\\/www.facebook.com\\\/OrganisatorFachmagazin\",\"https:\\\/\\\/www.linkedin.com\\\/showcase\\\/organisator-das-magazin-fr-kmu\",\"https:\\\/\\\/www.xing.com\\\/news\\\/pages\\\/organisator-ch-695\",\"https:\\\/\\\/www.youtube.com\\\/channel\\\/UCGP2Sq0iWaZwT3BdIAQFYpw\"]},{\"@type\":\"Person\",\"@id\":\"https:\\\/\\\/www.organisator.ch\\\/#\\\/schema\\\/person\\\/6f650f90b2842cd4c0cc334b4e36f67e\",\"name\":\"thomas.berner\",\"image\":{\"@type\":\"ImageObject\",\"inLanguage\":\"en-US\",\"@id\":\"https:\\\/\\\/secure.gravatar.com\\\/avatar\\\/ac5001d2a36cb6c6cd3e50789007ffca834b477b74a2144564522e944eabff61?s=96&d=mm&r=g\",\"url\":\"https:\\\/\\\/secure.gravatar.com\\\/avatar\\\/ac5001d2a36cb6c6cd3e50789007ffca834b477b74a2144564522e944eabff61?s=96&d=mm&r=g\",\"contentUrl\":\"https:\\\/\\\/secure.gravatar.com\\\/avatar\\\/ac5001d2a36cb6c6cd3e50789007ffca834b477b74a2144564522e944eabff61?s=96&d=mm&r=g\",\"caption\":\"thomas.berner\"},\"url\":\"https:\\\/\\\/www.organisator.ch\\\/en\\\/author\\\/thomas-berner\\\/\"}]}<\/script>\n<!-- \/ Yoast SEO plugin. -->","yoast_head_json":{"title":"Selfix AG strengthens the sales team - organizer","description":"Jean-Claude Granges joins the team of Selfix AG, the Swiss full-service label supplier, as a sales representative. He will take over the sales region of Western Switzerland.","robots":{"index":"index","follow":"follow","max-snippet":"max-snippet:-1","max-image-preview":"max-image-preview:large","max-video-preview":"max-video-preview:-1"},"canonical":"https:\/\/www.organisator.ch\/en\/management\/2018-03-12\/selfix-ag-verstaerkt-das-verkaufsteam\/","og_locale":"en_US","og_type":"article","og_title":"Selfix AG verst\u00e4rkt das Verkaufsteam","og_description":"Jean-Claude Granges verst\u00e4rkt als #Verkaufsmitarbeiter das Team der #Selfix AG, dem Schweizer #Etiketten-Komplettanbieter. Er wird die Verkaufsregion Westschweiz \u00fcbernehmen.","og_url":"https:\/\/www.organisator.ch\/en\/management\/2018-03-12\/selfix-ag-verstaerkt-das-verkaufsteam\/","og_site_name":"Organisator","article_publisher":"https:\/\/www.facebook.com\/OrganisatorFachmagazin","article_published_time":"2018-03-12T12:19:13+00:00","og_image":[{"width":640,"height":417,"url":"https:\/\/www.organisator.ch\/wp-content\/uploads\/2018\/03\/Selfix-AG-verstaerkt-das-Verkaufsteam_Organisator.jpg","type":"image\/jpeg"}],"author":"thomas.berner","twitter_card":"summary_large_image","twitter_title":"#Selfix AG verst\u00e4rkt das Verkaufsteam","twitter_description":"#Jean-Claude Granges verst\u00e4rkt als Verkaufsmitarbeiter das Team der #Selfix AG, dem Schweizer #Etiketten-Komplettanbieter. Er wird die Verkaufsregion #Westschweiz \u00fcbernehmen.","twitter_image":"https:\/\/www.organisator.ch\/wp-content\/uploads\/2018\/03\/Selfix-AG-verst\u00e4rkt-das-Verkaufsteam_Organisator.jpg","schema":{"@context":"https:\/\/schema.org","@graph":[{"@type":"Article","@id":"https:\/\/www.organisator.ch\/management\/2018-03-12\/selfix-ag-verstaerkt-das-verkaufsteam\/#article","isPartOf":{"@id":"https:\/\/www.organisator.ch\/management\/2018-03-12\/selfix-ag-verstaerkt-das-verkaufsteam\/"},"author":{"name":"thomas.berner","@id":"https:\/\/www.organisator.ch\/#\/schema\/person\/6f650f90b2842cd4c0cc334b4e36f67e"},"headline":"Selfix AG verst\u00e4rkt das Verkaufsteam","datePublished":"2018-03-12T12:19:13+00:00","mainEntityOfPage":{"@id":"https:\/\/www.organisator.ch\/management\/2018-03-12\/selfix-ag-verstaerkt-das-verkaufsteam\/"},"wordCount":179,"commentCount":0,"publisher":{"@id":"https:\/\/www.organisator.ch\/#organization"},"image":{"@id":"https:\/\/www.organisator.ch\/management\/2018-03-12\/selfix-ag-verstaerkt-das-verkaufsteam\/#primaryimage"},"thumbnailUrl":"https:\/\/www.organisator.ch\/wp-content\/uploads\/2018\/03\/Selfix-AG-verstaerkt-das-Verkaufsteam_Organisator.jpg","keywords":["Personalia","Produkte","Unternehmen"],"articleSection":["MANAGEMENT"],"inLanguage":"en-US"},{"@type":"WebPage","@id":"https:\/\/www.organisator.ch\/management\/2018-03-12\/selfix-ag-verstaerkt-das-verkaufsteam\/","url":"https:\/\/www.organisator.ch\/management\/2018-03-12\/selfix-ag-verstaerkt-das-verkaufsteam\/","name":"Selfix AG strengthens the sales team - organizer","isPartOf":{"@id":"https:\/\/www.organisator.ch\/#website"},"primaryImageOfPage":{"@id":"https:\/\/www.organisator.ch\/management\/2018-03-12\/selfix-ag-verstaerkt-das-verkaufsteam\/#primaryimage"},"image":{"@id":"https:\/\/www.organisator.ch\/management\/2018-03-12\/selfix-ag-verstaerkt-das-verkaufsteam\/#primaryimage"},"thumbnailUrl":"https:\/\/www.organisator.ch\/wp-content\/uploads\/2018\/03\/Selfix-AG-verstaerkt-das-Verkaufsteam_Organisator.jpg","datePublished":"2018-03-12T12:19:13+00:00","description":"Jean-Claude Granges joins the team of Selfix AG, the Swiss full-service label supplier, as a sales representative. He will take over the sales region of Western Switzerland.","breadcrumb":{"@id":"https:\/\/www.organisator.ch\/management\/2018-03-12\/selfix-ag-verstaerkt-das-verkaufsteam\/#breadcrumb"},"inLanguage":"en-US","potentialAction":[{"@type":"ReadAction","target":["https:\/\/www.organisator.ch\/management\/2018-03-12\/selfix-ag-verstaerkt-das-verkaufsteam\/"]}]},{"@type":"ImageObject","inLanguage":"en-US","@id":"https:\/\/www.organisator.ch\/management\/2018-03-12\/selfix-ag-verstaerkt-das-verkaufsteam\/#primaryimage","url":"https:\/\/www.organisator.ch\/wp-content\/uploads\/2018\/03\/Selfix-AG-verstaerkt-das-Verkaufsteam_Organisator.jpg","contentUrl":"https:\/\/www.organisator.ch\/wp-content\/uploads\/2018\/03\/Selfix-AG-verstaerkt-das-Verkaufsteam_Organisator.jpg","width":640,"height":417,"caption":"Jean-Claude Granges verst\u00e4rkt das Verkaufsteam der Selfix AG. (Bild: zVg)"},{"@type":"BreadcrumbList","@id":"https:\/\/www.organisator.ch\/management\/2018-03-12\/selfix-ag-verstaerkt-das-verkaufsteam\/#breadcrumb","itemListElement":[{"@type":"ListItem","position":1,"name":"Home","item":"https:\/\/www.organisator.ch\/"},{"@type":"ListItem","position":2,"name":"Selfix AG verst\u00e4rkt das Verkaufsteam"}]},{"@type":"WebSite","@id":"https:\/\/www.organisator.ch\/#website","url":"https:\/\/www.organisator.ch\/","name":"Organizer","description":"Competent. Practical. In 10 issues per year, ORGANISATOR presents the essential topics for managers of SMEs.","publisher":{"@id":"https:\/\/www.organisator.ch\/#organization"},"potentialAction":[{"@type":"SearchAction","target":{"@type":"EntryPoint","urlTemplate":"https:\/\/www.organisator.ch\/?s={search_term_string}"},"query-input":{"@type":"PropertyValueSpecification","valueRequired":true,"valueName":"search_term_string"}}],"inLanguage":"en-US"},{"@type":"Organization","@id":"https:\/\/www.organisator.ch\/#organization","name":"Organizer","url":"https:\/\/www.organisator.ch\/","logo":{"@type":"ImageObject","inLanguage":"en-US","@id":"https:\/\/www.organisator.ch\/#\/schema\/logo\/image\/","url":"https:\/\/www.organisator.ch\/wp-content\/uploads\/2022\/01\/Logo_Organisator_Website.png","contentUrl":"https:\/\/www.organisator.ch\/wp-content\/uploads\/2022\/01\/Logo_Organisator_Website.png","width":800,"height":77,"caption":"Organisator"},"image":{"@id":"https:\/\/www.organisator.ch\/#\/schema\/logo\/image\/"},"sameAs":["https:\/\/www.facebook.com\/OrganisatorFachmagazin","https:\/\/www.linkedin.com\/showcase\/organisator-das-magazin-fr-kmu","https:\/\/www.xing.com\/news\/pages\/organisator-ch-695","https:\/\/www.youtube.com\/channel\/UCGP2Sq0iWaZwT3BdIAQFYpw"]},{"@type":"Person","@id":"https:\/\/www.organisator.ch\/#\/schema\/person\/6f650f90b2842cd4c0cc334b4e36f67e","name":"thomas.berner","image":{"@type":"ImageObject","inLanguage":"en-US","@id":"https:\/\/secure.gravatar.com\/avatar\/ac5001d2a36cb6c6cd3e50789007ffca834b477b74a2144564522e944eabff61?s=96&d=mm&r=g","url":"https:\/\/secure.gravatar.com\/avatar\/ac5001d2a36cb6c6cd3e50789007ffca834b477b74a2144564522e944eabff61?s=96&d=mm&r=g","contentUrl":"https:\/\/secure.gravatar.com\/avatar\/ac5001d2a36cb6c6cd3e50789007ffca834b477b74a2144564522e944eabff61?s=96&d=mm&r=g","caption":"thomas.berner"},"url":"https:\/\/www.organisator.ch\/en\/author\/thomas-berner\/"}]}},"_links":{"self":[{"href":"https:\/\/www.organisator.ch\/en\/wp-json\/wp\/v2\/posts\/3293","targetHints":{"allow":["GET"]}}],"collection":[{"href":"https:\/\/www.organisator.ch\/en\/wp-json\/wp\/v2\/posts"}],"about":[{"href":"https:\/\/www.organisator.ch\/en\/wp-json\/wp\/v2\/types\/post"}],"author":[{"embeddable":true,"href":"https:\/\/www.organisator.ch\/en\/wp-json\/wp\/v2\/users\/4"}],"replies":[{"embeddable":true,"href":"https:\/\/www.organisator.ch\/en\/wp-json\/wp\/v2\/comments?post=3293"}],"version-history":[{"count":0,"href":"https:\/\/www.organisator.ch\/en\/wp-json\/wp\/v2\/posts\/3293\/revisions"}],"wp:featuredmedia":[{"embeddable":true,"href":"https:\/\/www.organisator.ch\/en\/wp-json\/wp\/v2\/media\/3294"}],"wp:attachment":[{"href":"https:\/\/www.organisator.ch\/en\/wp-json\/wp\/v2\/media?parent=3293"}],"wp:term":[{"taxonomy":"category","embeddable":true,"href":"https:\/\/www.organisator.ch\/en\/wp-json\/wp\/v2\/categories?post=3293"},{"taxonomy":"post_tag","embeddable":true,"href":"https:\/\/www.organisator.ch\/en\/wp-json\/wp\/v2\/tags?post=3293"}],"curies":[{"name":"wp","href":"https:\/\/api.w.org\/{rel}","templated":true}]}}