{"id":3296,"date":"2018-03-14T08:04:45","date_gmt":"2018-03-14T07:04:45","guid":{"rendered":"https:\/\/www.organisator.ch\/?p=3296"},"modified":"2018-03-14T08:04:45","modified_gmt":"2018-03-14T07:04:45","slug":"young-carers-wenn-jugendliche-ihre-angehoerigen-pflegen-muessen","status":"publish","type":"post","link":"https:\/\/www.organisator.ch\/en\/human-resources\/fit_im_job\/2018-03-14\/young-carers-wenn-jugendliche-ihre-angehoerigen-pflegen-muessen\/","title":{"rendered":"Young Carers: When Young People Have to Care for Their Relatives"},"content":{"rendered":"<figure id=\"attachment_3297\" aria-describedby=\"caption-attachment-3297\" style=\"width: 480px\" class=\"wp-caption alignnone\"><img loading=\"lazy\" decoding=\"async\" class=\"size-full wp-image-3297\" src=\"https:\/\/www.organisator.ch\/wp-content\/uploads\/2018\/03\/Young-Carers-Wenn-Jugendliche-ihre-Angehoerige-pflegen-muessen_Organisator.jpg\" alt=\"\" width=\"480\" height=\"391\" srcset=\"https:\/\/www.organisator.ch\/wp-content\/uploads\/2018\/03\/Young-Carers-Wenn-Jugendliche-ihre-Angehoerige-pflegen-muessen_Organisator.jpg 480w, https:\/\/www.organisator.ch\/wp-content\/uploads\/2018\/03\/Young-Carers-Wenn-Jugendliche-ihre-Angehoerige-pflegen-muessen_Organisator-16x12.jpg 16w, https:\/\/www.organisator.ch\/wp-content\/uploads\/2018\/03\/Young-Carers-Wenn-Jugendliche-ihre-Angehoerige-pflegen-muessen_Organisator-215x175.jpg 215w, https:\/\/www.organisator.ch\/wp-content\/uploads\/2018\/03\/Young-Carers-Wenn-Jugendliche-ihre-Angehoerige-pflegen-muessen_Organisator-430x350.jpg 430w, https:\/\/www.organisator.ch\/wp-content\/uploads\/2018\/03\/Young-Carers-Wenn-Jugendliche-ihre-Angehoerige-pflegen-muessen_Organisator-300x244.jpg 300w\" sizes=\"auto, (max-width: 480px) 100vw, 480px\" \/><figcaption id=\"caption-attachment-3297\" class=\"wp-caption-text\">Young carers are the \"forgotten helpers\": young people who care for relatives at home in addition to their education. The number of unreported cases in Switzerland is high, as a recently published research study found out. (Image: Stephanie Hofschl\u00e4ger \/ pixelio.de)<\/figcaption><\/figure>\n<p>When parents, siblings or grandparents become physically or mentally ill or even die, childhood ceases to be carefree. Often, children and adolescents then shoulder tasks that adults normally have to take on: they worry and care for their relatives - and sometimes they even take on nursing tasks such as administering medication or setting infusions. In most cases, not even their teachers or instructors know what they do in addition to school and training.<\/p>\n<h2>Young Carers: Still Little-Known Area of Research<\/h2>\n<p>Caring children, adolescents and young adults - known in the jargon as \"young carers\" and \"young adult carers\" - have been the central research topic of Prof. Dr. Agnes Leu and her team since 2014. Agnes Leu heads the \"Young Carers\" research program at Careum Research, the research institute of Kalaidos University of Applied Sciences Health.<\/p>\n<p>Until now, there have been no precise figures on how many children and adolescents are affected in Switzerland. Other countries have a head start in research. In the UK, for example, research on children and young people who are carers has been going on for over 25 years. Two large national online surveys now provide reliable data for Switzerland for the first time. Thus, 3518 professionals from the education, health and social sectors provided information about what they know about \"young carers\" and how often they encounter children and young people with caring responsibilities in their professional context. The survey showed that professionals are still (too) little familiar with the phenomenon of \"young carers\". However, after the terminology was explained to them in more detail, 40 percent of respondents said they had encountered young people who fit this description in their day-to-day work.<\/p>\n<h2>Hardly noticeable: When trainees care for relatives at home<\/h2>\n<p>This is not surprising: \"Young Carers\" are inconspicuous in everyday life. They perceive their situation as normal and hardly ever seek help - often out of shame. Thus, they are often only noticed in everyday school life when, for example, they suffer from a lack of concentration or sleep or their school performance becomes weaker. In general, professionals would like to see more information and specialized training courses so that they can become aware of affected children and adolescents at an earlier stage and respond to them in a targeted manner.<\/p>\n<p>In another representative and nationwide online survey, children aged 10 to 15 were interviewed online at 230 schools. Previously, it was assumed that the proportion of children in Switzerland who were carers was around four to five percent. Now this figure has to be corrected upwards. Almost eight percent of children and young people are caring for or looking after relatives, with slightly more girls than boys.<\/p>\n<h2>Urgent measures required<\/h2>\n<p>These results are a first important step to draw attention to the situation of young carers in Switzerland. There is an urgent need for political and social measures to ensure that young carers are better supported at school, in training and at work in the future. Careum therefore intends to continue its commitment to this cause. In various national and international follow-up projects, further research is being conducted on this important topic, and possible solutions and assistance are being developed.<\/p>\n<p><em>Learn more at: <a href=\"http:\/\/www.careum.ch\/youngcarers\">www.careum.ch\/youngcarers<\/a><\/em><\/p>","protected":false},"excerpt":{"rendered":"<p>Wenn Eltern, Geschwister oder Grosseltern k\u00f6rperlich oder psychisch erkranken oder gar sterben, h\u00f6rt die Kindheit auf, unbeschwert zu sein. Oft schultern Kinder und Jugendliche dann Aufgaben, die normalerweise Erwachsene \u00fcbernehmen m\u00fcssen: Sie sorgen und k\u00fcmmern sich um ihre Angeh\u00f6rigen &#8211; und manchmal \u00fcbernehmen sie sogar Pflegeaufgaben wie Medikamente verabreichen oder Infusionen setzen. Meist wissen nicht [&hellip;]<\/p>\n","protected":false},"author":4,"featured_media":3297,"comment_status":"open","ping_status":"open","sticky":false,"template":"","format":"standard","meta":{"_acf_changed":false,"_yoast_wpseo_focuskw":"Young Carers","_yoast_wpseo_metadesc":"Erkranken Angeh\u00f6rige, \u00fcbernehmen oft auch Kinder und Jugendliche Pflege- und Betreuungsaufgaben. Ihre Rolle wird jedoch \u00f6ffentlich meist wenig wahrgenommen. Nun liegen f\u00fcr die Schweiz erstmals konkrete Zahlen vor.","articlekey":"","footnotes":""},"categories":[25],"tags":[62,77,254,508],"class_list":["post-3296","post","type-post","status-publish","format-standard","has-post-thumbnail","hentry","category-fit_im_job","tag-aus-weiterbildung","tag-betriebliches-gesundheitsmanagement","tag-hrm","tag-vermischtes"],"acf":[],"yoast_head":"<!-- This site is optimized with the Yoast SEO plugin v27.5 - https:\/\/yoast.com\/product\/yoast-seo-wordpress\/ -->\n<title>Young Carers: Wenn Jugendliche ihre Angeh\u00f6rigen pflegen m\u00fcssen - Organisator<\/title>\n<meta name=\"description\" content=\"Erkranken Angeh\u00f6rige, \u00fcbernehmen oft auch Kinder und Jugendliche Pflege- und Betreuungsaufgaben. Ihre Rolle wird jedoch \u00f6ffentlich meist wenig wahrgenommen. Nun liegen f\u00fcr die Schweiz erstmals konkrete Zahlen vor.\" \/>\n<meta name=\"robots\" content=\"index, follow, max-snippet:-1, max-image-preview:large, max-video-preview:-1\" \/>\n<link rel=\"canonical\" href=\"https:\/\/www.organisator.ch\/en\/human-resources\/fit_im_job\/2018-03-14\/young-carers-wenn-jugendliche-ihre-angehoerigen-pflegen-muessen\/\" \/>\n<meta property=\"og:locale\" content=\"en_US\" \/>\n<meta property=\"og:type\" content=\"article\" \/>\n<meta property=\"og:title\" content=\"Young Carers: Wenn Jugendliche ihre Angeh\u00f6rigen pflegen m\u00fcssen\" \/>\n<meta property=\"og:description\" content=\"Erkranken Angeh\u00f6rige, \u00fcbernehmen oft auch Kinder und Jugendliche Pflege- und Betreuungsaufgaben. Ihre Rolle wird jedoch \u00f6ffentlich meist wenig wahrgenommen. Nun liegen f\u00fcr die Schweiz erstmals konkrete Zahlen vor.\" \/>\n<meta property=\"og:url\" content=\"https:\/\/www.organisator.ch\/en\/human-resources\/fit_im_job\/2018-03-14\/young-carers-wenn-jugendliche-ihre-angehoerigen-pflegen-muessen\/\" \/>\n<meta property=\"og:site_name\" content=\"Organisator\" \/>\n<meta property=\"article:publisher\" content=\"https:\/\/www.facebook.com\/OrganisatorFachmagazin\" \/>\n<meta property=\"article:published_time\" content=\"2018-03-14T07:04:45+00:00\" \/>\n<meta property=\"og:image\" content=\"https:\/\/www.organisator.ch\/wp-content\/uploads\/2018\/03\/Young-Carers-Wenn-Jugendliche-ihre-Angehoerige-pflegen-muessen_Organisator.jpg\" \/>\n\t<meta property=\"og:image:width\" content=\"480\" \/>\n\t<meta property=\"og:image:height\" content=\"391\" \/>\n\t<meta property=\"og:image:type\" content=\"image\/jpeg\" \/>\n<meta name=\"author\" content=\"thomas.berner\" \/>\n<meta name=\"twitter:card\" content=\"summary_large_image\" \/>\n<meta name=\"twitter:title\" content=\"#YoungCarers: Wenn Jugendliche ihre #Angeh\u00f6rigen pflegen m\u00fcssen\" \/>\n<meta name=\"twitter:description\" content=\"Erkranken #Angeh\u00f6rige, \u00fcbernehmen oft auch Kinder und #Jugendliche Pflege- und #Betreuungsaufgaben. Ihre Rolle wird jedoch \u00f6ffentlich meist wenig wahrgenommen. Nun liegen f\u00fcr die Schweiz erstmals konkrete Zahlen vor.\" \/>\n<meta name=\"twitter:image\" content=\"https:\/\/www.organisator.ch\/wp-content\/uploads\/2018\/03\/Young-Carers-Wenn-Jugendliche-ihre-Angeh\u00f6rige-pflegen-m\u00fcssen_Organisator.jpg\" \/>\n<script type=\"application\/ld+json\" class=\"yoast-schema-graph\">{\"@context\":\"https:\\\/\\\/schema.org\",\"@graph\":[{\"@type\":\"Article\",\"@id\":\"https:\\\/\\\/www.organisator.ch\\\/human-resources\\\/fit_im_job\\\/2018-03-14\\\/young-carers-wenn-jugendliche-ihre-angehoerigen-pflegen-muessen\\\/#article\",\"isPartOf\":{\"@id\":\"https:\\\/\\\/www.organisator.ch\\\/human-resources\\\/fit_im_job\\\/2018-03-14\\\/young-carers-wenn-jugendliche-ihre-angehoerigen-pflegen-muessen\\\/\"},\"author\":{\"name\":\"thomas.berner\",\"@id\":\"https:\\\/\\\/www.organisator.ch\\\/#\\\/schema\\\/person\\\/6f650f90b2842cd4c0cc334b4e36f67e\"},\"headline\":\"Young Carers: Wenn Jugendliche ihre Angeh\u00f6rigen pflegen m\u00fcssen\",\"datePublished\":\"2018-03-14T07:04:45+00:00\",\"mainEntityOfPage\":{\"@id\":\"https:\\\/\\\/www.organisator.ch\\\/human-resources\\\/fit_im_job\\\/2018-03-14\\\/young-carers-wenn-jugendliche-ihre-angehoerigen-pflegen-muessen\\\/\"},\"wordCount\":551,\"commentCount\":0,\"publisher\":{\"@id\":\"https:\\\/\\\/www.organisator.ch\\\/#organization\"},\"image\":{\"@id\":\"https:\\\/\\\/www.organisator.ch\\\/human-resources\\\/fit_im_job\\\/2018-03-14\\\/young-carers-wenn-jugendliche-ihre-angehoerigen-pflegen-muessen\\\/#primaryimage\"},\"thumbnailUrl\":\"https:\\\/\\\/www.organisator.ch\\\/wp-content\\\/uploads\\\/2018\\\/03\\\/Young-Carers-Wenn-Jugendliche-ihre-Angehoerige-pflegen-muessen_Organisator.jpg\",\"keywords\":[\"Aus-\\\/Weiterbildung\",\"Betriebliches Gesundheitsmanagement\",\"HRM\",\"Vermischtes\"],\"articleSection\":[\"FIT IM JOB\"],\"inLanguage\":\"en-US\"},{\"@type\":\"WebPage\",\"@id\":\"https:\\\/\\\/www.organisator.ch\\\/human-resources\\\/fit_im_job\\\/2018-03-14\\\/young-carers-wenn-jugendliche-ihre-angehoerigen-pflegen-muessen\\\/\",\"url\":\"https:\\\/\\\/www.organisator.ch\\\/human-resources\\\/fit_im_job\\\/2018-03-14\\\/young-carers-wenn-jugendliche-ihre-angehoerigen-pflegen-muessen\\\/\",\"name\":\"Young Carers: Wenn Jugendliche ihre Angeh\u00f6rigen pflegen m\u00fcssen - Organisator\",\"isPartOf\":{\"@id\":\"https:\\\/\\\/www.organisator.ch\\\/#website\"},\"primaryImageOfPage\":{\"@id\":\"https:\\\/\\\/www.organisator.ch\\\/human-resources\\\/fit_im_job\\\/2018-03-14\\\/young-carers-wenn-jugendliche-ihre-angehoerigen-pflegen-muessen\\\/#primaryimage\"},\"image\":{\"@id\":\"https:\\\/\\\/www.organisator.ch\\\/human-resources\\\/fit_im_job\\\/2018-03-14\\\/young-carers-wenn-jugendliche-ihre-angehoerigen-pflegen-muessen\\\/#primaryimage\"},\"thumbnailUrl\":\"https:\\\/\\\/www.organisator.ch\\\/wp-content\\\/uploads\\\/2018\\\/03\\\/Young-Carers-Wenn-Jugendliche-ihre-Angehoerige-pflegen-muessen_Organisator.jpg\",\"datePublished\":\"2018-03-14T07:04:45+00:00\",\"description\":\"Erkranken Angeh\u00f6rige, \u00fcbernehmen oft auch Kinder und Jugendliche Pflege- und Betreuungsaufgaben. Ihre Rolle wird jedoch \u00f6ffentlich meist wenig wahrgenommen. Nun liegen f\u00fcr die Schweiz erstmals konkrete Zahlen vor.\",\"breadcrumb\":{\"@id\":\"https:\\\/\\\/www.organisator.ch\\\/human-resources\\\/fit_im_job\\\/2018-03-14\\\/young-carers-wenn-jugendliche-ihre-angehoerigen-pflegen-muessen\\\/#breadcrumb\"},\"inLanguage\":\"en-US\",\"potentialAction\":[{\"@type\":\"ReadAction\",\"target\":[\"https:\\\/\\\/www.organisator.ch\\\/human-resources\\\/fit_im_job\\\/2018-03-14\\\/young-carers-wenn-jugendliche-ihre-angehoerigen-pflegen-muessen\\\/\"]}]},{\"@type\":\"ImageObject\",\"inLanguage\":\"en-US\",\"@id\":\"https:\\\/\\\/www.organisator.ch\\\/human-resources\\\/fit_im_job\\\/2018-03-14\\\/young-carers-wenn-jugendliche-ihre-angehoerigen-pflegen-muessen\\\/#primaryimage\",\"url\":\"https:\\\/\\\/www.organisator.ch\\\/wp-content\\\/uploads\\\/2018\\\/03\\\/Young-Carers-Wenn-Jugendliche-ihre-Angehoerige-pflegen-muessen_Organisator.jpg\",\"contentUrl\":\"https:\\\/\\\/www.organisator.ch\\\/wp-content\\\/uploads\\\/2018\\\/03\\\/Young-Carers-Wenn-Jugendliche-ihre-Angehoerige-pflegen-muessen_Organisator.jpg\",\"width\":480,\"height\":391,\"caption\":\"Young Carers sind die \\\"vergessenen Helfer\\\": Jugendliche, die neben ihrer Ausbildung zu Hause Angeh\u00f6rige pflegen. Die Dunkelziffer in der Schweiz ist hoch, wie eine k\u00fcrzlich ver\u00f6ffentlichte Forschungsarbeit herausfand. (Bild: Stephanie Hofschl\u00e4ger \\\/ pixelio.de)\"},{\"@type\":\"BreadcrumbList\",\"@id\":\"https:\\\/\\\/www.organisator.ch\\\/human-resources\\\/fit_im_job\\\/2018-03-14\\\/young-carers-wenn-jugendliche-ihre-angehoerigen-pflegen-muessen\\\/#breadcrumb\",\"itemListElement\":[{\"@type\":\"ListItem\",\"position\":1,\"name\":\"Home\",\"item\":\"https:\\\/\\\/www.organisator.ch\\\/\"},{\"@type\":\"ListItem\",\"position\":2,\"name\":\"Young Carers: Wenn Jugendliche ihre Angeh\u00f6rigen pflegen m\u00fcssen\"}]},{\"@type\":\"WebSite\",\"@id\":\"https:\\\/\\\/www.organisator.ch\\\/#website\",\"url\":\"https:\\\/\\\/www.organisator.ch\\\/\",\"name\":\"Organisator\",\"description\":\"Kompetent. Praxisnah. Der ORGANISATOR bereitet in 10 Ausgaben pro Jahr die wesentlichen Themen f\u00fcr F\u00fchrungskr\u00e4fte von KMU auf.\",\"publisher\":{\"@id\":\"https:\\\/\\\/www.organisator.ch\\\/#organization\"},\"potentialAction\":[{\"@type\":\"SearchAction\",\"target\":{\"@type\":\"EntryPoint\",\"urlTemplate\":\"https:\\\/\\\/www.organisator.ch\\\/?s={search_term_string}\"},\"query-input\":{\"@type\":\"PropertyValueSpecification\",\"valueRequired\":true,\"valueName\":\"search_term_string\"}}],\"inLanguage\":\"en-US\"},{\"@type\":\"Organization\",\"@id\":\"https:\\\/\\\/www.organisator.ch\\\/#organization\",\"name\":\"Organisator\",\"url\":\"https:\\\/\\\/www.organisator.ch\\\/\",\"logo\":{\"@type\":\"ImageObject\",\"inLanguage\":\"en-US\",\"@id\":\"https:\\\/\\\/www.organisator.ch\\\/#\\\/schema\\\/logo\\\/image\\\/\",\"url\":\"https:\\\/\\\/www.organisator.ch\\\/wp-content\\\/uploads\\\/2022\\\/01\\\/Logo_Organisator_Website.png\",\"contentUrl\":\"https:\\\/\\\/www.organisator.ch\\\/wp-content\\\/uploads\\\/2022\\\/01\\\/Logo_Organisator_Website.png\",\"width\":800,\"height\":77,\"caption\":\"Organisator\"},\"image\":{\"@id\":\"https:\\\/\\\/www.organisator.ch\\\/#\\\/schema\\\/logo\\\/image\\\/\"},\"sameAs\":[\"https:\\\/\\\/www.facebook.com\\\/OrganisatorFachmagazin\",\"https:\\\/\\\/www.linkedin.com\\\/showcase\\\/organisator-das-magazin-fr-kmu\",\"https:\\\/\\\/www.xing.com\\\/news\\\/pages\\\/organisator-ch-695\",\"https:\\\/\\\/www.youtube.com\\\/channel\\\/UCGP2Sq0iWaZwT3BdIAQFYpw\"]},{\"@type\":\"Person\",\"@id\":\"https:\\\/\\\/www.organisator.ch\\\/#\\\/schema\\\/person\\\/6f650f90b2842cd4c0cc334b4e36f67e\",\"name\":\"thomas.berner\",\"image\":{\"@type\":\"ImageObject\",\"inLanguage\":\"en-US\",\"@id\":\"https:\\\/\\\/secure.gravatar.com\\\/avatar\\\/ac5001d2a36cb6c6cd3e50789007ffca834b477b74a2144564522e944eabff61?s=96&d=mm&r=g\",\"url\":\"https:\\\/\\\/secure.gravatar.com\\\/avatar\\\/ac5001d2a36cb6c6cd3e50789007ffca834b477b74a2144564522e944eabff61?s=96&d=mm&r=g\",\"contentUrl\":\"https:\\\/\\\/secure.gravatar.com\\\/avatar\\\/ac5001d2a36cb6c6cd3e50789007ffca834b477b74a2144564522e944eabff61?s=96&d=mm&r=g\",\"caption\":\"thomas.berner\"},\"url\":\"https:\\\/\\\/www.organisator.ch\\\/en\\\/author\\\/thomas-berner\\\/\"}]}<\/script>\n<!-- \/ Yoast SEO plugin. -->","yoast_head_json":{"title":"Young Carers: When young people have to care for their relatives - Organizer","description":"If relatives fall ill, children and young people often also take on care and support tasks. However, their role is usually little perceived by the public. Now, for the first time, concrete figures are available for Switzerland.","robots":{"index":"index","follow":"follow","max-snippet":"max-snippet:-1","max-image-preview":"max-image-preview:large","max-video-preview":"max-video-preview:-1"},"canonical":"https:\/\/www.organisator.ch\/en\/human-resources\/fit_im_job\/2018-03-14\/young-carers-wenn-jugendliche-ihre-angehoerigen-pflegen-muessen\/","og_locale":"en_US","og_type":"article","og_title":"Young Carers: Wenn Jugendliche ihre Angeh\u00f6rigen pflegen m\u00fcssen","og_description":"Erkranken Angeh\u00f6rige, \u00fcbernehmen oft auch Kinder und Jugendliche Pflege- und Betreuungsaufgaben. Ihre Rolle wird jedoch \u00f6ffentlich meist wenig wahrgenommen. Nun liegen f\u00fcr die Schweiz erstmals konkrete Zahlen vor.","og_url":"https:\/\/www.organisator.ch\/en\/human-resources\/fit_im_job\/2018-03-14\/young-carers-wenn-jugendliche-ihre-angehoerigen-pflegen-muessen\/","og_site_name":"Organisator","article_publisher":"https:\/\/www.facebook.com\/OrganisatorFachmagazin","article_published_time":"2018-03-14T07:04:45+00:00","og_image":[{"width":480,"height":391,"url":"https:\/\/www.organisator.ch\/wp-content\/uploads\/2018\/03\/Young-Carers-Wenn-Jugendliche-ihre-Angehoerige-pflegen-muessen_Organisator.jpg","type":"image\/jpeg"}],"author":"thomas.berner","twitter_card":"summary_large_image","twitter_title":"#YoungCarers: Wenn Jugendliche ihre #Angeh\u00f6rigen pflegen m\u00fcssen","twitter_description":"Erkranken #Angeh\u00f6rige, \u00fcbernehmen oft auch Kinder und #Jugendliche Pflege- und #Betreuungsaufgaben. Ihre Rolle wird jedoch \u00f6ffentlich meist wenig wahrgenommen. Nun liegen f\u00fcr die Schweiz erstmals konkrete Zahlen vor.","twitter_image":"https:\/\/www.organisator.ch\/wp-content\/uploads\/2018\/03\/Young-Carers-Wenn-Jugendliche-ihre-Angeh\u00f6rige-pflegen-m\u00fcssen_Organisator.jpg","schema":{"@context":"https:\/\/schema.org","@graph":[{"@type":"Article","@id":"https:\/\/www.organisator.ch\/human-resources\/fit_im_job\/2018-03-14\/young-carers-wenn-jugendliche-ihre-angehoerigen-pflegen-muessen\/#article","isPartOf":{"@id":"https:\/\/www.organisator.ch\/human-resources\/fit_im_job\/2018-03-14\/young-carers-wenn-jugendliche-ihre-angehoerigen-pflegen-muessen\/"},"author":{"name":"thomas.berner","@id":"https:\/\/www.organisator.ch\/#\/schema\/person\/6f650f90b2842cd4c0cc334b4e36f67e"},"headline":"Young Carers: Wenn Jugendliche ihre Angeh\u00f6rigen pflegen m\u00fcssen","datePublished":"2018-03-14T07:04:45+00:00","mainEntityOfPage":{"@id":"https:\/\/www.organisator.ch\/human-resources\/fit_im_job\/2018-03-14\/young-carers-wenn-jugendliche-ihre-angehoerigen-pflegen-muessen\/"},"wordCount":551,"commentCount":0,"publisher":{"@id":"https:\/\/www.organisator.ch\/#organization"},"image":{"@id":"https:\/\/www.organisator.ch\/human-resources\/fit_im_job\/2018-03-14\/young-carers-wenn-jugendliche-ihre-angehoerigen-pflegen-muessen\/#primaryimage"},"thumbnailUrl":"https:\/\/www.organisator.ch\/wp-content\/uploads\/2018\/03\/Young-Carers-Wenn-Jugendliche-ihre-Angehoerige-pflegen-muessen_Organisator.jpg","keywords":["Aus-\/Weiterbildung","Betriebliches Gesundheitsmanagement","HRM","Vermischtes"],"articleSection":["FIT IM JOB"],"inLanguage":"en-US"},{"@type":"WebPage","@id":"https:\/\/www.organisator.ch\/human-resources\/fit_im_job\/2018-03-14\/young-carers-wenn-jugendliche-ihre-angehoerigen-pflegen-muessen\/","url":"https:\/\/www.organisator.ch\/human-resources\/fit_im_job\/2018-03-14\/young-carers-wenn-jugendliche-ihre-angehoerigen-pflegen-muessen\/","name":"Young Carers: When young people have to care for their relatives - Organizer","isPartOf":{"@id":"https:\/\/www.organisator.ch\/#website"},"primaryImageOfPage":{"@id":"https:\/\/www.organisator.ch\/human-resources\/fit_im_job\/2018-03-14\/young-carers-wenn-jugendliche-ihre-angehoerigen-pflegen-muessen\/#primaryimage"},"image":{"@id":"https:\/\/www.organisator.ch\/human-resources\/fit_im_job\/2018-03-14\/young-carers-wenn-jugendliche-ihre-angehoerigen-pflegen-muessen\/#primaryimage"},"thumbnailUrl":"https:\/\/www.organisator.ch\/wp-content\/uploads\/2018\/03\/Young-Carers-Wenn-Jugendliche-ihre-Angehoerige-pflegen-muessen_Organisator.jpg","datePublished":"2018-03-14T07:04:45+00:00","description":"If relatives fall ill, children and young people often also take on care and support tasks. However, their role is usually little perceived by the public. Now, for the first time, concrete figures are available for Switzerland.","breadcrumb":{"@id":"https:\/\/www.organisator.ch\/human-resources\/fit_im_job\/2018-03-14\/young-carers-wenn-jugendliche-ihre-angehoerigen-pflegen-muessen\/#breadcrumb"},"inLanguage":"en-US","potentialAction":[{"@type":"ReadAction","target":["https:\/\/www.organisator.ch\/human-resources\/fit_im_job\/2018-03-14\/young-carers-wenn-jugendliche-ihre-angehoerigen-pflegen-muessen\/"]}]},{"@type":"ImageObject","inLanguage":"en-US","@id":"https:\/\/www.organisator.ch\/human-resources\/fit_im_job\/2018-03-14\/young-carers-wenn-jugendliche-ihre-angehoerigen-pflegen-muessen\/#primaryimage","url":"https:\/\/www.organisator.ch\/wp-content\/uploads\/2018\/03\/Young-Carers-Wenn-Jugendliche-ihre-Angehoerige-pflegen-muessen_Organisator.jpg","contentUrl":"https:\/\/www.organisator.ch\/wp-content\/uploads\/2018\/03\/Young-Carers-Wenn-Jugendliche-ihre-Angehoerige-pflegen-muessen_Organisator.jpg","width":480,"height":391,"caption":"Young Carers sind die \"vergessenen Helfer\": Jugendliche, die neben ihrer Ausbildung zu Hause Angeh\u00f6rige pflegen. Die Dunkelziffer in der Schweiz ist hoch, wie eine k\u00fcrzlich ver\u00f6ffentlichte Forschungsarbeit herausfand. (Bild: Stephanie Hofschl\u00e4ger \/ pixelio.de)"},{"@type":"BreadcrumbList","@id":"https:\/\/www.organisator.ch\/human-resources\/fit_im_job\/2018-03-14\/young-carers-wenn-jugendliche-ihre-angehoerigen-pflegen-muessen\/#breadcrumb","itemListElement":[{"@type":"ListItem","position":1,"name":"Home","item":"https:\/\/www.organisator.ch\/"},{"@type":"ListItem","position":2,"name":"Young Carers: Wenn Jugendliche ihre Angeh\u00f6rigen pflegen m\u00fcssen"}]},{"@type":"WebSite","@id":"https:\/\/www.organisator.ch\/#website","url":"https:\/\/www.organisator.ch\/","name":"Organizer","description":"Competent. Practical. In 10 issues per year, ORGANISATOR presents the essential topics for managers of SMEs.","publisher":{"@id":"https:\/\/www.organisator.ch\/#organization"},"potentialAction":[{"@type":"SearchAction","target":{"@type":"EntryPoint","urlTemplate":"https:\/\/www.organisator.ch\/?s={search_term_string}"},"query-input":{"@type":"PropertyValueSpecification","valueRequired":true,"valueName":"search_term_string"}}],"inLanguage":"en-US"},{"@type":"Organization","@id":"https:\/\/www.organisator.ch\/#organization","name":"Organizer","url":"https:\/\/www.organisator.ch\/","logo":{"@type":"ImageObject","inLanguage":"en-US","@id":"https:\/\/www.organisator.ch\/#\/schema\/logo\/image\/","url":"https:\/\/www.organisator.ch\/wp-content\/uploads\/2022\/01\/Logo_Organisator_Website.png","contentUrl":"https:\/\/www.organisator.ch\/wp-content\/uploads\/2022\/01\/Logo_Organisator_Website.png","width":800,"height":77,"caption":"Organisator"},"image":{"@id":"https:\/\/www.organisator.ch\/#\/schema\/logo\/image\/"},"sameAs":["https:\/\/www.facebook.com\/OrganisatorFachmagazin","https:\/\/www.linkedin.com\/showcase\/organisator-das-magazin-fr-kmu","https:\/\/www.xing.com\/news\/pages\/organisator-ch-695","https:\/\/www.youtube.com\/channel\/UCGP2Sq0iWaZwT3BdIAQFYpw"]},{"@type":"Person","@id":"https:\/\/www.organisator.ch\/#\/schema\/person\/6f650f90b2842cd4c0cc334b4e36f67e","name":"thomas.berner","image":{"@type":"ImageObject","inLanguage":"en-US","@id":"https:\/\/secure.gravatar.com\/avatar\/ac5001d2a36cb6c6cd3e50789007ffca834b477b74a2144564522e944eabff61?s=96&d=mm&r=g","url":"https:\/\/secure.gravatar.com\/avatar\/ac5001d2a36cb6c6cd3e50789007ffca834b477b74a2144564522e944eabff61?s=96&d=mm&r=g","contentUrl":"https:\/\/secure.gravatar.com\/avatar\/ac5001d2a36cb6c6cd3e50789007ffca834b477b74a2144564522e944eabff61?s=96&d=mm&r=g","caption":"thomas.berner"},"url":"https:\/\/www.organisator.ch\/en\/author\/thomas-berner\/"}]}},"_links":{"self":[{"href":"https:\/\/www.organisator.ch\/en\/wp-json\/wp\/v2\/posts\/3296","targetHints":{"allow":["GET"]}}],"collection":[{"href":"https:\/\/www.organisator.ch\/en\/wp-json\/wp\/v2\/posts"}],"about":[{"href":"https:\/\/www.organisator.ch\/en\/wp-json\/wp\/v2\/types\/post"}],"author":[{"embeddable":true,"href":"https:\/\/www.organisator.ch\/en\/wp-json\/wp\/v2\/users\/4"}],"replies":[{"embeddable":true,"href":"https:\/\/www.organisator.ch\/en\/wp-json\/wp\/v2\/comments?post=3296"}],"version-history":[{"count":0,"href":"https:\/\/www.organisator.ch\/en\/wp-json\/wp\/v2\/posts\/3296\/revisions"}],"wp:featuredmedia":[{"embeddable":true,"href":"https:\/\/www.organisator.ch\/en\/wp-json\/wp\/v2\/media\/3297"}],"wp:attachment":[{"href":"https:\/\/www.organisator.ch\/en\/wp-json\/wp\/v2\/media?parent=3296"}],"wp:term":[{"taxonomy":"category","embeddable":true,"href":"https:\/\/www.organisator.ch\/en\/wp-json\/wp\/v2\/categories?post=3296"},{"taxonomy":"post_tag","embeddable":true,"href":"https:\/\/www.organisator.ch\/en\/wp-json\/wp\/v2\/tags?post=3296"}],"curies":[{"name":"wp","href":"https:\/\/api.w.org\/{rel}","templated":true}]}}