{"id":3338,"date":"2018-03-22T20:48:33","date_gmt":"2018-03-22T19:48:33","guid":{"rendered":"https:\/\/www.organisator.ch\/?p=3338"},"modified":"2018-03-22T20:48:33","modified_gmt":"2018-03-22T19:48:33","slug":"der-schweizerische-arbeitsmarkt-aus-psychologischer-sicht","status":"publish","type":"post","link":"https:\/\/www.organisator.ch\/en\/human-resources\/hrm\/2018-03-22\/der-schweizerische-arbeitsmarkt-aus-psychologischer-sicht\/","title":{"rendered":"The Swiss Labor Market from a Psychological Perspective"},"content":{"rendered":"<figure id=\"attachment_3341\" aria-describedby=\"caption-attachment-3341\" style=\"width: 640px\" class=\"wp-caption alignnone\"><img loading=\"lazy\" decoding=\"async\" class=\"size-full wp-image-3341\" src=\"https:\/\/www.organisator.ch\/wp-content\/uploads\/2018\/03\/Der-schweizerische-Arbeitsmarkt-aus-psychologischer-Sicht-1_Organisator.jpg\" alt=\"\" width=\"640\" height=\"425\" srcset=\"https:\/\/www.organisator.ch\/wp-content\/uploads\/2018\/03\/Der-schweizerische-Arbeitsmarkt-aus-psychologischer-Sicht-1_Organisator.jpg 640w, https:\/\/www.organisator.ch\/wp-content\/uploads\/2018\/03\/Der-schweizerische-Arbeitsmarkt-aus-psychologischer-Sicht-1_Organisator-16x12.jpg 16w, https:\/\/www.organisator.ch\/wp-content\/uploads\/2018\/03\/Der-schweizerische-Arbeitsmarkt-aus-psychologischer-Sicht-1_Organisator-264x175.jpg 264w, https:\/\/www.organisator.ch\/wp-content\/uploads\/2018\/03\/Der-schweizerische-Arbeitsmarkt-aus-psychologischer-Sicht-1_Organisator-527x350.jpg 527w, https:\/\/www.organisator.ch\/wp-content\/uploads\/2018\/03\/Der-schweizerische-Arbeitsmarkt-aus-psychologischer-Sicht-1_Organisator-300x199.jpg 300w\" sizes=\"auto, (max-width: 640px) 100vw, 640px\" \/><figcaption id=\"caption-attachment-3341\" class=\"wp-caption-text\">She is the exception to the rule: In the Swiss labor market, women still tend to choose professions in the nurturing-caring or in the tidy-administrative fields. (Image: Fotolia.com)<\/figcaption><\/figure>\n<p>The majority of women work in caring and educational occupations, while men are predominantly employed in manual and technical occupations - this has hardly changed in the Swiss labor market over the past 23 years. There have been shifts, however, in the distribution of occupational types: Occupations with a craft-technical orientation still account for the largest share of the labor market, but the number of leading-selling occupations has risen sharply over the past two decades. This is shown by an examination of data from the Swiss Labor Force Survey of more than half a million professionals over a 23-year period. Using six occupational interest types, researchers led by Anja Ghetta and Andreas Hirschi of the Institute of Psychology at the University of Bern analyzed the development of the Swiss labor market from 1991 to 2014 from a psychological perspective. The results were published in the \"Swiss Journal of Psychology\".<\/p>\n<h2>Psychology of the Swiss Labor Market<\/h2>\n<p>Personal interest is one of the most important factors in choosing a career. In order to find a suitable occupation, it is important on the one hand to know one's own interests and on the other hand to know how these interests can be realized in the labor market. Labor markets are typically described based on industries or economic sectors. Within these industries and sectors, however, there are significant differences in the interests that can be realized in particular occupations. For example, cooks have very different occupational interests than do hotel clerks, even if they work in the same industry. Until now, little was known about how strongly certain occupational interest types are represented in the Swiss labor market and how they have developed in recent decades. Occupations of the \"manual-technical\" type are characterized by the fact that people in them like to work with objects and materials and use tools or operate machines. This includes occupations such as sound engineer, farmer or carpenter. The results show that between 1991 and 2014, the percentage of these occupations in the Swiss 2 labor market decreased. However, this type consistently represented the field of interest with the most employees; in 2014, 30% worked in a craft and technical occupation. Individuals in occupations of the \"investigating-researching\" type like to deal with ideas and want to use scientific methods and logical thinking to find out something new. Examples of occupations are scientist, detective or psychologist. Occupations of this type grew strongly in percentage over the last years, but at a low level (9% in 2014). In occupations of the \"artistic-creative\" type, individuals are typically interested in art, language, and abstract concepts and want to creatively create or design something. Typical occupations include singer, graphic designer, or writer. This occupational type remained at a very low level during the 23 years analyzed; in 2014, 3% worked in an artistic-creative occupation. People in occupations of the \"educating-caring\" type like to work with people whom they want to support, advise, care for or educate. This includes occupations such as teacher, nurse, or social worker. This type of occupation has grown significantly in recent years and currently represents 16% of the labor market.<\/p>\n<figure id=\"attachment_3340\" aria-describedby=\"caption-attachment-3340\" style=\"width: 640px\" class=\"wp-caption alignnone\"><img loading=\"lazy\" decoding=\"async\" class=\"size-full wp-image-3340\" src=\"https:\/\/www.organisator.ch\/wp-content\/uploads\/2018\/03\/Der-schweizerische-Arbeitsmarkt-aus-psychologischer-Sicht-2_Organisator.jpg\" alt=\"\" width=\"640\" height=\"293\" srcset=\"https:\/\/www.organisator.ch\/wp-content\/uploads\/2018\/03\/Der-schweizerische-Arbeitsmarkt-aus-psychologischer-Sicht-2_Organisator.jpg 640w, https:\/\/www.organisator.ch\/wp-content\/uploads\/2018\/03\/Der-schweizerische-Arbeitsmarkt-aus-psychologischer-Sicht-2_Organisator-16x7.jpg 16w, https:\/\/www.organisator.ch\/wp-content\/uploads\/2018\/03\/Der-schweizerische-Arbeitsmarkt-aus-psychologischer-Sicht-2_Organisator-375x172.jpg 375w, https:\/\/www.organisator.ch\/wp-content\/uploads\/2018\/03\/Der-schweizerische-Arbeitsmarkt-aus-psychologischer-Sicht-2_Organisator-300x137.jpg 300w\" sizes=\"auto, (max-width: 640px) 100vw, 640px\" \/><figcaption id=\"caption-attachment-3340\" class=\"wp-caption-text\">Proportion of women and men in professional fields of interest 2014 (Graphic: Uni Bern)<\/figcaption><\/figure>\n<h2>Employment opportunities of the future<\/h2>\n<p>The occupational type \"leading-selling\" reflects an interest in economic and entrepreneurial activities, as is the case in occupations such as advertising specialist, entrepreneur or salesperson. This field of interest has grown the most of all since 1991 and represents the second largest field in the Swiss labor market in 2014 with 25%. Occupations of the \"tidy-administrative\" type are, for example, archivist, secretary or lawyer. Persons in these occupations are interested in conscientious and structured work with data and facts. In percentage terms, this occupational field has shrunk slightly over the past 23 years to 18% in 2014. Overall, it was found that the Swiss labor market offers different opportunities for people with different interests. Individuals with craft and technical occupational interests continue to find a large labor market. However, the sharp increase in occupations of the educating-caring as well as leading-selling interest type points to important future employment opportunities for individuals with such interests. \"These results can play an important role in career choice and career counseling,\" says Andreas Hirschi.<\/p>\n<h2>Stable differences between men and women<\/h2>\n<p>Women and men are differently active in the various fields of interest, and these differences were surprisingly stable over the 23 years studied. In occupations with manual-technical interests, men have consistently been in the majority, whereas occupations with educational-caregiving interests have always been carried out by a large majority of women. The most balanced gender ratio is in occupations with managerial-sales interests, in which women have accounted for about half of the employees since 1991. Compared to men, women are less concentrated in one field of interest, but work in a broader range of occupations - every fourth to fifth woman works in an educational-caring, managerial-selling, order-managing, or manual-technical occupation. It is noteworthy that during the last 23 years, despite increasing equality in society, there have been no major fluctuations in the proportions of women and men in the six occupational types. \"The results suggest that the practice of occupations based on gender-typical occupational interests is extremely stable,\" says Anja Ghetta.<\/p>\n<p align=\"LEFT\"><em><strong>Publication details:<\/strong><\/em><\/p>\n<p align=\"LEFT\"><em>Ghetta, A., Hirschi, A., Herrmann, A., &amp; Rossier, J.: A Psychological Description of the Swiss Labor Market from 1991 to 2014: Occupational Interest Types, Gender, Salary, and Skill Level. Swiss Journal of Psychology. March 2018, 77, 83-94.<\/em><\/p>\n<p align=\"LEFT\"><em>Source: <a href=\"http:\/\/www.unibe.ch\">www.unibe.ch<\/a><\/em><\/p>","protected":false},"excerpt":{"rendered":"<p>Frauen arbeiten mehrheitlich in pflegend-erzieherischen Berufen, wohingegen M\u00e4nner \u00fcberwiegend in handwerklich-technischen Berufen t\u00e4tig sind \u2013 daran hat sich in den letzten 23 Jahren auf dem schweizerischen Arbeitsmarkt kaum etwas ge\u00e4ndert. Verschiebungen gab es hingegen bei der Verteilung der Berufstypen: Berufe mit handwerklich-technischer Ausrichtung machen zwar immer noch den gr\u00f6ssten Anteil am Arbeitsmarkt aus, aber die [&hellip;]<\/p>\n","protected":false},"author":4,"featured_media":3341,"comment_status":"open","ping_status":"open","sticky":false,"template":"","format":"standard","meta":{"_acf_changed":false,"_yoast_wpseo_focuskw":"Arbeitsmarkt","_yoast_wpseo_metadesc":"Berner Forschende des Instituts f\u00fcr Psychologie haben die Entwicklung des schweizerischen Arbeitsmarktes seit 1991 analysiert und stellen fest: Frauen und M\u00e4nner arbeiten seit \u00fcber zwanzig Jahren insbesondere in typisch \u00abweiblichen\u00bb, beziehungsweise \u00abm\u00e4nnlichen\u00bb Berufen.","articlekey":"","footnotes":""},"categories":[26],"tags":[45,47,75,459,533],"class_list":["post-3338","post","type-post","status-publish","format-standard","has-post-thumbnail","hentry","category-hrm","tag-arbeitsforschung","tag-arbeitsmarkt","tag-berufswahl","tag-studie","tag-wissenschaft"],"acf":[],"yoast_head":"<!-- This site is optimized with the Yoast SEO plugin v27.5 - https:\/\/yoast.com\/product\/yoast-seo-wordpress\/ -->\n<title>Der schweizerische Arbeitsmarkt aus psychologischer Sicht - Organisator<\/title>\n<meta name=\"description\" content=\"Berner Forschende des Instituts f\u00fcr Psychologie haben die Entwicklung des schweizerischen Arbeitsmarktes seit 1991 analysiert und stellen fest: Frauen und M\u00e4nner arbeiten seit \u00fcber zwanzig Jahren insbesondere in typisch \u00abweiblichen\u00bb, beziehungsweise \u00abm\u00e4nnlichen\u00bb Berufen.\" \/>\n<meta name=\"robots\" content=\"index, follow, max-snippet:-1, max-image-preview:large, max-video-preview:-1\" \/>\n<link rel=\"canonical\" href=\"https:\/\/www.organisator.ch\/en\/human-resources\/hrm\/2018-03-22\/der-schweizerische-arbeitsmarkt-aus-psychologischer-sicht\/\" \/>\n<meta property=\"og:locale\" content=\"en_US\" \/>\n<meta property=\"og:type\" content=\"article\" \/>\n<meta property=\"og:title\" content=\"Der schweizerische Arbeitsmarkt aus psychologischer Sicht\" \/>\n<meta property=\"og:description\" content=\"Berner Forschende des Instituts f\u00fcr #Psychologie haben die Entwicklung des schweizerischen Arbeitsmarktes seit 1991 analysiert und stellen fest: Frauen und M\u00e4nner arbeiten seit \u00fcber zwanzig Jahren insbesondere in typisch #\u00abweiblichen\u00bb, beziehungsweise #\u00abm\u00e4nnlichen\u00bb Berufen.\" \/>\n<meta property=\"og:url\" content=\"https:\/\/www.organisator.ch\/en\/human-resources\/hrm\/2018-03-22\/der-schweizerische-arbeitsmarkt-aus-psychologischer-sicht\/\" \/>\n<meta property=\"og:site_name\" content=\"Organisator\" \/>\n<meta property=\"article:publisher\" content=\"https:\/\/www.facebook.com\/OrganisatorFachmagazin\" \/>\n<meta property=\"article:published_time\" content=\"2018-03-22T19:48:33+00:00\" \/>\n<meta property=\"og:image\" content=\"https:\/\/www.organisator.ch\/wp-content\/uploads\/2018\/03\/Der-schweizerische-Arbeitsmarkt-aus-psychologischer-Sicht-1_Organisator.jpg\" \/>\n\t<meta property=\"og:image:width\" content=\"640\" \/>\n\t<meta property=\"og:image:height\" content=\"425\" \/>\n\t<meta property=\"og:image:type\" content=\"image\/jpeg\" \/>\n<meta name=\"author\" content=\"thomas.berner\" \/>\n<meta name=\"twitter:card\" content=\"summary_large_image\" \/>\n<meta name=\"twitter:title\" content=\"Der schweizerische #Arbeitsmarkt aus #psychologischer Sicht\" \/>\n<meta name=\"twitter:description\" content=\"Berner Forschende des Instituts f\u00fcr #Psychologie haben die Entwicklung des schweizerischen #Arbeitsmarktes seit 1991 analysiert und stellen fest: Frauen und M\u00e4nner arbeiten seit \u00fcber zwanzig Jahren insbesondere in typisch #\u00abweiblichen\u00bb, beziehungsweise #\u00abm\u00e4nnlichen\u00bb Berufen.\" \/>\n<meta name=\"twitter:image\" content=\"https:\/\/www.organisator.ch\/wp-content\/uploads\/2018\/03\/Der-schweizerische-Arbeitsmarkt-aus-psychologischer-Sicht-1_Organisator.jpg\" \/>\n<script type=\"application\/ld+json\" class=\"yoast-schema-graph\">{\"@context\":\"https:\\\/\\\/schema.org\",\"@graph\":[{\"@type\":\"Article\",\"@id\":\"https:\\\/\\\/www.organisator.ch\\\/human-resources\\\/hrm\\\/2018-03-22\\\/der-schweizerische-arbeitsmarkt-aus-psychologischer-sicht\\\/#article\",\"isPartOf\":{\"@id\":\"https:\\\/\\\/www.organisator.ch\\\/human-resources\\\/hrm\\\/2018-03-22\\\/der-schweizerische-arbeitsmarkt-aus-psychologischer-sicht\\\/\"},\"author\":{\"name\":\"thomas.berner\",\"@id\":\"https:\\\/\\\/www.organisator.ch\\\/#\\\/schema\\\/person\\\/6f650f90b2842cd4c0cc334b4e36f67e\"},\"headline\":\"Der schweizerische Arbeitsmarkt aus psychologischer Sicht\",\"datePublished\":\"2018-03-22T19:48:33+00:00\",\"mainEntityOfPage\":{\"@id\":\"https:\\\/\\\/www.organisator.ch\\\/human-resources\\\/hrm\\\/2018-03-22\\\/der-schweizerische-arbeitsmarkt-aus-psychologischer-sicht\\\/\"},\"wordCount\":889,\"commentCount\":0,\"publisher\":{\"@id\":\"https:\\\/\\\/www.organisator.ch\\\/#organization\"},\"image\":{\"@id\":\"https:\\\/\\\/www.organisator.ch\\\/human-resources\\\/hrm\\\/2018-03-22\\\/der-schweizerische-arbeitsmarkt-aus-psychologischer-sicht\\\/#primaryimage\"},\"thumbnailUrl\":\"https:\\\/\\\/www.organisator.ch\\\/wp-content\\\/uploads\\\/2018\\\/03\\\/Der-schweizerische-Arbeitsmarkt-aus-psychologischer-Sicht-1_Organisator.jpg\",\"keywords\":[\"Arbeitsforschung\",\"Arbeitsmarkt\",\"Berufswahl\",\"Studie\",\"Wissenschaft\"],\"articleSection\":[\"HRM\"],\"inLanguage\":\"en-US\"},{\"@type\":\"WebPage\",\"@id\":\"https:\\\/\\\/www.organisator.ch\\\/human-resources\\\/hrm\\\/2018-03-22\\\/der-schweizerische-arbeitsmarkt-aus-psychologischer-sicht\\\/\",\"url\":\"https:\\\/\\\/www.organisator.ch\\\/human-resources\\\/hrm\\\/2018-03-22\\\/der-schweizerische-arbeitsmarkt-aus-psychologischer-sicht\\\/\",\"name\":\"Der schweizerische Arbeitsmarkt aus psychologischer Sicht - Organisator\",\"isPartOf\":{\"@id\":\"https:\\\/\\\/www.organisator.ch\\\/#website\"},\"primaryImageOfPage\":{\"@id\":\"https:\\\/\\\/www.organisator.ch\\\/human-resources\\\/hrm\\\/2018-03-22\\\/der-schweizerische-arbeitsmarkt-aus-psychologischer-sicht\\\/#primaryimage\"},\"image\":{\"@id\":\"https:\\\/\\\/www.organisator.ch\\\/human-resources\\\/hrm\\\/2018-03-22\\\/der-schweizerische-arbeitsmarkt-aus-psychologischer-sicht\\\/#primaryimage\"},\"thumbnailUrl\":\"https:\\\/\\\/www.organisator.ch\\\/wp-content\\\/uploads\\\/2018\\\/03\\\/Der-schweizerische-Arbeitsmarkt-aus-psychologischer-Sicht-1_Organisator.jpg\",\"datePublished\":\"2018-03-22T19:48:33+00:00\",\"description\":\"Berner Forschende des Instituts f\u00fcr Psychologie haben die Entwicklung des schweizerischen Arbeitsmarktes seit 1991 analysiert und stellen fest: Frauen und M\u00e4nner arbeiten seit \u00fcber zwanzig Jahren insbesondere in typisch \u00abweiblichen\u00bb, beziehungsweise \u00abm\u00e4nnlichen\u00bb Berufen.\",\"breadcrumb\":{\"@id\":\"https:\\\/\\\/www.organisator.ch\\\/human-resources\\\/hrm\\\/2018-03-22\\\/der-schweizerische-arbeitsmarkt-aus-psychologischer-sicht\\\/#breadcrumb\"},\"inLanguage\":\"en-US\",\"potentialAction\":[{\"@type\":\"ReadAction\",\"target\":[\"https:\\\/\\\/www.organisator.ch\\\/human-resources\\\/hrm\\\/2018-03-22\\\/der-schweizerische-arbeitsmarkt-aus-psychologischer-sicht\\\/\"]}]},{\"@type\":\"ImageObject\",\"inLanguage\":\"en-US\",\"@id\":\"https:\\\/\\\/www.organisator.ch\\\/human-resources\\\/hrm\\\/2018-03-22\\\/der-schweizerische-arbeitsmarkt-aus-psychologischer-sicht\\\/#primaryimage\",\"url\":\"https:\\\/\\\/www.organisator.ch\\\/wp-content\\\/uploads\\\/2018\\\/03\\\/Der-schweizerische-Arbeitsmarkt-aus-psychologischer-Sicht-1_Organisator.jpg\",\"contentUrl\":\"https:\\\/\\\/www.organisator.ch\\\/wp-content\\\/uploads\\\/2018\\\/03\\\/Der-schweizerische-Arbeitsmarkt-aus-psychologischer-Sicht-1_Organisator.jpg\",\"width\":640,\"height\":425,\"caption\":\"Sie ist die Ausnahme von der Regel: Im schweizerischen Arbeitsmarkt w\u00e4hlen Frauen immer noch eher Berufe im erziehend-pflegenden oder im ordnend-verwaltenden Bereich. (Bild: Fotolia.com)\"},{\"@type\":\"BreadcrumbList\",\"@id\":\"https:\\\/\\\/www.organisator.ch\\\/human-resources\\\/hrm\\\/2018-03-22\\\/der-schweizerische-arbeitsmarkt-aus-psychologischer-sicht\\\/#breadcrumb\",\"itemListElement\":[{\"@type\":\"ListItem\",\"position\":1,\"name\":\"Home\",\"item\":\"https:\\\/\\\/www.organisator.ch\\\/\"},{\"@type\":\"ListItem\",\"position\":2,\"name\":\"Der schweizerische Arbeitsmarkt aus psychologischer Sicht\"}]},{\"@type\":\"WebSite\",\"@id\":\"https:\\\/\\\/www.organisator.ch\\\/#website\",\"url\":\"https:\\\/\\\/www.organisator.ch\\\/\",\"name\":\"Organisator\",\"description\":\"Kompetent. Praxisnah. Der ORGANISATOR bereitet in 10 Ausgaben pro Jahr die wesentlichen Themen f\u00fcr F\u00fchrungskr\u00e4fte von KMU auf.\",\"publisher\":{\"@id\":\"https:\\\/\\\/www.organisator.ch\\\/#organization\"},\"potentialAction\":[{\"@type\":\"SearchAction\",\"target\":{\"@type\":\"EntryPoint\",\"urlTemplate\":\"https:\\\/\\\/www.organisator.ch\\\/?s={search_term_string}\"},\"query-input\":{\"@type\":\"PropertyValueSpecification\",\"valueRequired\":true,\"valueName\":\"search_term_string\"}}],\"inLanguage\":\"en-US\"},{\"@type\":\"Organization\",\"@id\":\"https:\\\/\\\/www.organisator.ch\\\/#organization\",\"name\":\"Organisator\",\"url\":\"https:\\\/\\\/www.organisator.ch\\\/\",\"logo\":{\"@type\":\"ImageObject\",\"inLanguage\":\"en-US\",\"@id\":\"https:\\\/\\\/www.organisator.ch\\\/#\\\/schema\\\/logo\\\/image\\\/\",\"url\":\"https:\\\/\\\/www.organisator.ch\\\/wp-content\\\/uploads\\\/2022\\\/01\\\/Logo_Organisator_Website.png\",\"contentUrl\":\"https:\\\/\\\/www.organisator.ch\\\/wp-content\\\/uploads\\\/2022\\\/01\\\/Logo_Organisator_Website.png\",\"width\":800,\"height\":77,\"caption\":\"Organisator\"},\"image\":{\"@id\":\"https:\\\/\\\/www.organisator.ch\\\/#\\\/schema\\\/logo\\\/image\\\/\"},\"sameAs\":[\"https:\\\/\\\/www.facebook.com\\\/OrganisatorFachmagazin\",\"https:\\\/\\\/www.linkedin.com\\\/showcase\\\/organisator-das-magazin-fr-kmu\",\"https:\\\/\\\/www.xing.com\\\/news\\\/pages\\\/organisator-ch-695\",\"https:\\\/\\\/www.youtube.com\\\/channel\\\/UCGP2Sq0iWaZwT3BdIAQFYpw\"]},{\"@type\":\"Person\",\"@id\":\"https:\\\/\\\/www.organisator.ch\\\/#\\\/schema\\\/person\\\/6f650f90b2842cd4c0cc334b4e36f67e\",\"name\":\"thomas.berner\",\"image\":{\"@type\":\"ImageObject\",\"inLanguage\":\"en-US\",\"@id\":\"https:\\\/\\\/secure.gravatar.com\\\/avatar\\\/ac5001d2a36cb6c6cd3e50789007ffca834b477b74a2144564522e944eabff61?s=96&d=mm&r=g\",\"url\":\"https:\\\/\\\/secure.gravatar.com\\\/avatar\\\/ac5001d2a36cb6c6cd3e50789007ffca834b477b74a2144564522e944eabff61?s=96&d=mm&r=g\",\"contentUrl\":\"https:\\\/\\\/secure.gravatar.com\\\/avatar\\\/ac5001d2a36cb6c6cd3e50789007ffca834b477b74a2144564522e944eabff61?s=96&d=mm&r=g\",\"caption\":\"thomas.berner\"},\"url\":\"https:\\\/\\\/www.organisator.ch\\\/en\\\/author\\\/thomas-berner\\\/\"}]}<\/script>\n<!-- \/ Yoast SEO plugin. -->","yoast_head_json":{"title":"The Swiss labor market from a psychological point of view - Organizer","description":"Researchers at the Institute of Psychology in Bern have analyzed the development of the Swiss labor market since 1991 and found that for more than twenty years, women and men have been working in typically \"female\" and \"male\" occupations, respectively.","robots":{"index":"index","follow":"follow","max-snippet":"max-snippet:-1","max-image-preview":"max-image-preview:large","max-video-preview":"max-video-preview:-1"},"canonical":"https:\/\/www.organisator.ch\/en\/human-resources\/hrm\/2018-03-22\/der-schweizerische-arbeitsmarkt-aus-psychologischer-sicht\/","og_locale":"en_US","og_type":"article","og_title":"Der schweizerische Arbeitsmarkt aus psychologischer Sicht","og_description":"Berner Forschende des Instituts f\u00fcr #Psychologie haben die Entwicklung des schweizerischen Arbeitsmarktes seit 1991 analysiert und stellen fest: Frauen und M\u00e4nner arbeiten seit \u00fcber zwanzig Jahren insbesondere in typisch #\u00abweiblichen\u00bb, beziehungsweise #\u00abm\u00e4nnlichen\u00bb Berufen.","og_url":"https:\/\/www.organisator.ch\/en\/human-resources\/hrm\/2018-03-22\/der-schweizerische-arbeitsmarkt-aus-psychologischer-sicht\/","og_site_name":"Organisator","article_publisher":"https:\/\/www.facebook.com\/OrganisatorFachmagazin","article_published_time":"2018-03-22T19:48:33+00:00","og_image":[{"width":640,"height":425,"url":"https:\/\/www.organisator.ch\/wp-content\/uploads\/2018\/03\/Der-schweizerische-Arbeitsmarkt-aus-psychologischer-Sicht-1_Organisator.jpg","type":"image\/jpeg"}],"author":"thomas.berner","twitter_card":"summary_large_image","twitter_title":"Der schweizerische #Arbeitsmarkt aus #psychologischer Sicht","twitter_description":"Berner Forschende des Instituts f\u00fcr #Psychologie haben die Entwicklung des schweizerischen #Arbeitsmarktes seit 1991 analysiert und stellen fest: Frauen und M\u00e4nner arbeiten seit \u00fcber zwanzig Jahren insbesondere in typisch #\u00abweiblichen\u00bb, beziehungsweise #\u00abm\u00e4nnlichen\u00bb Berufen.","twitter_image":"https:\/\/www.organisator.ch\/wp-content\/uploads\/2018\/03\/Der-schweizerische-Arbeitsmarkt-aus-psychologischer-Sicht-1_Organisator.jpg","schema":{"@context":"https:\/\/schema.org","@graph":[{"@type":"Article","@id":"https:\/\/www.organisator.ch\/human-resources\/hrm\/2018-03-22\/der-schweizerische-arbeitsmarkt-aus-psychologischer-sicht\/#article","isPartOf":{"@id":"https:\/\/www.organisator.ch\/human-resources\/hrm\/2018-03-22\/der-schweizerische-arbeitsmarkt-aus-psychologischer-sicht\/"},"author":{"name":"thomas.berner","@id":"https:\/\/www.organisator.ch\/#\/schema\/person\/6f650f90b2842cd4c0cc334b4e36f67e"},"headline":"Der schweizerische Arbeitsmarkt aus psychologischer Sicht","datePublished":"2018-03-22T19:48:33+00:00","mainEntityOfPage":{"@id":"https:\/\/www.organisator.ch\/human-resources\/hrm\/2018-03-22\/der-schweizerische-arbeitsmarkt-aus-psychologischer-sicht\/"},"wordCount":889,"commentCount":0,"publisher":{"@id":"https:\/\/www.organisator.ch\/#organization"},"image":{"@id":"https:\/\/www.organisator.ch\/human-resources\/hrm\/2018-03-22\/der-schweizerische-arbeitsmarkt-aus-psychologischer-sicht\/#primaryimage"},"thumbnailUrl":"https:\/\/www.organisator.ch\/wp-content\/uploads\/2018\/03\/Der-schweizerische-Arbeitsmarkt-aus-psychologischer-Sicht-1_Organisator.jpg","keywords":["Arbeitsforschung","Arbeitsmarkt","Berufswahl","Studie","Wissenschaft"],"articleSection":["HRM"],"inLanguage":"en-US"},{"@type":"WebPage","@id":"https:\/\/www.organisator.ch\/human-resources\/hrm\/2018-03-22\/der-schweizerische-arbeitsmarkt-aus-psychologischer-sicht\/","url":"https:\/\/www.organisator.ch\/human-resources\/hrm\/2018-03-22\/der-schweizerische-arbeitsmarkt-aus-psychologischer-sicht\/","name":"The Swiss labor market from a psychological point of view - Organizer","isPartOf":{"@id":"https:\/\/www.organisator.ch\/#website"},"primaryImageOfPage":{"@id":"https:\/\/www.organisator.ch\/human-resources\/hrm\/2018-03-22\/der-schweizerische-arbeitsmarkt-aus-psychologischer-sicht\/#primaryimage"},"image":{"@id":"https:\/\/www.organisator.ch\/human-resources\/hrm\/2018-03-22\/der-schweizerische-arbeitsmarkt-aus-psychologischer-sicht\/#primaryimage"},"thumbnailUrl":"https:\/\/www.organisator.ch\/wp-content\/uploads\/2018\/03\/Der-schweizerische-Arbeitsmarkt-aus-psychologischer-Sicht-1_Organisator.jpg","datePublished":"2018-03-22T19:48:33+00:00","description":"Researchers at the Institute of Psychology in Bern have analyzed the development of the Swiss labor market since 1991 and found that for more than twenty years, women and men have been working in typically \"female\" and \"male\" occupations, respectively.","breadcrumb":{"@id":"https:\/\/www.organisator.ch\/human-resources\/hrm\/2018-03-22\/der-schweizerische-arbeitsmarkt-aus-psychologischer-sicht\/#breadcrumb"},"inLanguage":"en-US","potentialAction":[{"@type":"ReadAction","target":["https:\/\/www.organisator.ch\/human-resources\/hrm\/2018-03-22\/der-schweizerische-arbeitsmarkt-aus-psychologischer-sicht\/"]}]},{"@type":"ImageObject","inLanguage":"en-US","@id":"https:\/\/www.organisator.ch\/human-resources\/hrm\/2018-03-22\/der-schweizerische-arbeitsmarkt-aus-psychologischer-sicht\/#primaryimage","url":"https:\/\/www.organisator.ch\/wp-content\/uploads\/2018\/03\/Der-schweizerische-Arbeitsmarkt-aus-psychologischer-Sicht-1_Organisator.jpg","contentUrl":"https:\/\/www.organisator.ch\/wp-content\/uploads\/2018\/03\/Der-schweizerische-Arbeitsmarkt-aus-psychologischer-Sicht-1_Organisator.jpg","width":640,"height":425,"caption":"Sie ist die Ausnahme von der Regel: Im schweizerischen Arbeitsmarkt w\u00e4hlen Frauen immer noch eher Berufe im erziehend-pflegenden oder im ordnend-verwaltenden Bereich. (Bild: Fotolia.com)"},{"@type":"BreadcrumbList","@id":"https:\/\/www.organisator.ch\/human-resources\/hrm\/2018-03-22\/der-schweizerische-arbeitsmarkt-aus-psychologischer-sicht\/#breadcrumb","itemListElement":[{"@type":"ListItem","position":1,"name":"Home","item":"https:\/\/www.organisator.ch\/"},{"@type":"ListItem","position":2,"name":"Der schweizerische Arbeitsmarkt aus psychologischer Sicht"}]},{"@type":"WebSite","@id":"https:\/\/www.organisator.ch\/#website","url":"https:\/\/www.organisator.ch\/","name":"Organizer","description":"Competent. Practical. In 10 issues per year, ORGANISATOR presents the essential topics for managers of SMEs.","publisher":{"@id":"https:\/\/www.organisator.ch\/#organization"},"potentialAction":[{"@type":"SearchAction","target":{"@type":"EntryPoint","urlTemplate":"https:\/\/www.organisator.ch\/?s={search_term_string}"},"query-input":{"@type":"PropertyValueSpecification","valueRequired":true,"valueName":"search_term_string"}}],"inLanguage":"en-US"},{"@type":"Organization","@id":"https:\/\/www.organisator.ch\/#organization","name":"Organizer","url":"https:\/\/www.organisator.ch\/","logo":{"@type":"ImageObject","inLanguage":"en-US","@id":"https:\/\/www.organisator.ch\/#\/schema\/logo\/image\/","url":"https:\/\/www.organisator.ch\/wp-content\/uploads\/2022\/01\/Logo_Organisator_Website.png","contentUrl":"https:\/\/www.organisator.ch\/wp-content\/uploads\/2022\/01\/Logo_Organisator_Website.png","width":800,"height":77,"caption":"Organisator"},"image":{"@id":"https:\/\/www.organisator.ch\/#\/schema\/logo\/image\/"},"sameAs":["https:\/\/www.facebook.com\/OrganisatorFachmagazin","https:\/\/www.linkedin.com\/showcase\/organisator-das-magazin-fr-kmu","https:\/\/www.xing.com\/news\/pages\/organisator-ch-695","https:\/\/www.youtube.com\/channel\/UCGP2Sq0iWaZwT3BdIAQFYpw"]},{"@type":"Person","@id":"https:\/\/www.organisator.ch\/#\/schema\/person\/6f650f90b2842cd4c0cc334b4e36f67e","name":"thomas.berner","image":{"@type":"ImageObject","inLanguage":"en-US","@id":"https:\/\/secure.gravatar.com\/avatar\/ac5001d2a36cb6c6cd3e50789007ffca834b477b74a2144564522e944eabff61?s=96&d=mm&r=g","url":"https:\/\/secure.gravatar.com\/avatar\/ac5001d2a36cb6c6cd3e50789007ffca834b477b74a2144564522e944eabff61?s=96&d=mm&r=g","contentUrl":"https:\/\/secure.gravatar.com\/avatar\/ac5001d2a36cb6c6cd3e50789007ffca834b477b74a2144564522e944eabff61?s=96&d=mm&r=g","caption":"thomas.berner"},"url":"https:\/\/www.organisator.ch\/en\/author\/thomas-berner\/"}]}},"_links":{"self":[{"href":"https:\/\/www.organisator.ch\/en\/wp-json\/wp\/v2\/posts\/3338","targetHints":{"allow":["GET"]}}],"collection":[{"href":"https:\/\/www.organisator.ch\/en\/wp-json\/wp\/v2\/posts"}],"about":[{"href":"https:\/\/www.organisator.ch\/en\/wp-json\/wp\/v2\/types\/post"}],"author":[{"embeddable":true,"href":"https:\/\/www.organisator.ch\/en\/wp-json\/wp\/v2\/users\/4"}],"replies":[{"embeddable":true,"href":"https:\/\/www.organisator.ch\/en\/wp-json\/wp\/v2\/comments?post=3338"}],"version-history":[{"count":0,"href":"https:\/\/www.organisator.ch\/en\/wp-json\/wp\/v2\/posts\/3338\/revisions"}],"wp:featuredmedia":[{"embeddable":true,"href":"https:\/\/www.organisator.ch\/en\/wp-json\/wp\/v2\/media\/3341"}],"wp:attachment":[{"href":"https:\/\/www.organisator.ch\/en\/wp-json\/wp\/v2\/media?parent=3338"}],"wp:term":[{"taxonomy":"category","embeddable":true,"href":"https:\/\/www.organisator.ch\/en\/wp-json\/wp\/v2\/categories?post=3338"},{"taxonomy":"post_tag","embeddable":true,"href":"https:\/\/www.organisator.ch\/en\/wp-json\/wp\/v2\/tags?post=3338"}],"curies":[{"name":"wp","href":"https:\/\/api.w.org\/{rel}","templated":true}]}}